{"id":194115,"date":"2026-05-01T13:18:24","date_gmt":"2026-05-01T16:18:24","guid":{"rendered":"https:\/\/gysfm.com.ar\/inicio\/domingo-cavallo-redoblo-criticas-al-cepo-a-empresas-y-alerto-que-la-desinflacion-puede-empantanarse\/"},"modified":"2026-05-01T13:18:24","modified_gmt":"2026-05-01T16:18:24","slug":"domingo-cavallo-redoblo-criticas-al-cepo-a-empresas-y-alerto-que-la-desinflacion-puede-empantanarse","status":"publish","type":"post","link":"https:\/\/gysfm.com.ar\/inicio\/domingo-cavallo-redoblo-criticas-al-cepo-a-empresas-y-alerto-que-la-desinflacion-puede-empantanarse\/","title":{"rendered":"Domingo Cavallo redobl\u00f3 cr\u00edticas al cepo a empresas y alert\u00f3 que la desinflaci\u00f3n puede empantanarse"},"content":{"rendered":"<p> <br \/>\n<\/p>\n<div id=\"\">\n<p id=\"p-1777598911868-96450\" data-start=\"630\" data-end=\"916\">En un articulo titulado \u00abLa remoci\u00f3n total de los controles de cambio alentar\u00eda la inversi\u00f3n eficiente y aumentar\u00eda la productividad de la econom\u00eda\u00bb, el exfuncionario sostuvo que, en el contexto actual, donde la pol\u00edtica fiscal y monetaria no pueden estimular la demanda, \u201csolo se puede reactivar la econom\u00eda <strong>estimulando la producci\u00f3n de bienes y servicios<\/strong>\u201d, lo que implica \u201clograr que aumenten la inversi\u00f3n eficiente y la productividad\u201d.<\/p>\n<\/div>\n<div id=\"\">\n<p id=\"p-1777598911868-42666\" data-start=\"918\" data-end=\"1203\">En ese marco, afirm\u00f3 que \u201cla <strong data-start=\"947\" data-end=\"1033\">eliminaci\u00f3n completa de los controles de cambio y el libre movimiento de capitales<\/strong> es, probablemente, la pol\u00edtica de liberalizaci\u00f3n con mayor potencial\u201d, ya que permitir\u00eda impulsar la ca\u00edda del riesgo pa\u00eds y favorecer la reactivaci\u00f3n en el corto plazo.<\/p>\n<\/div>\n<div id=\"\">\n<p id=\"p-1777598911868-39187\" data-start=\"1205\" data-end=\"1404\">Adem\u00e1s, consider\u00f3 que una liberalizaci\u00f3n cambiaria potenciar\u00eda los beneficios de las reformas estructurales al facilitar la reasignaci\u00f3n de recursos hacia sectores con mayor capacidad de crecimiento.<\/p>\n<\/div>\n<div id=\"\">\n<h2 id=\"p-1777598911868-42360\">Advertencia por la desinflaci\u00f3n<\/h2>\n<p id=\"p-1777598911868-69326\" data-start=\"1443\" data-end=\"1688\">Cavallo alert\u00f3 que el equilibrio fiscal, por s\u00ed solo, no garantiza que la inflaci\u00f3n baje r\u00e1pidamente a un d\u00edgito y remarc\u00f3 que, sin mecanismos de desindexaci\u00f3n, los programas de estabilizaci\u00f3n \u201c<strong data-start=\"1637\" data-end=\"1686\">suelen empantanarse o, al menos, ralentizarse<\/strong>\u201d.<\/p>\n<\/div>\n<div id=\"\">\n<p id=\"p-1777598911868-73922\" data-start=\"1690\" data-end=\"1931\">En esa l\u00ednea, sostuvo que \u201clos \u00fanicos planes de estabilizaci\u00f3n que produjeron un descenso muy r\u00e1pido y sostenido de la inflaci\u00f3n incluyeron <strong data-start=\"1830\" data-end=\"1853\">reformas monetarias<\/strong>\u201d, y cuestion\u00f3 que esa discusi\u00f3n no est\u00e9 en el centro de la estrategia actual.<\/p>\n<p id=\"p-1777598911868-84052\" data-start=\"1933\" data-end=\"2146\">Por eso, insisti\u00f3 en que \u201c<strong data-start=\"1959\" data-end=\"2083\">si no se adoptan pronto medidas de reforma monetaria, es probable que el proceso de desinflaci\u00f3n no converja r\u00e1pidamente<\/strong>\u201d y que, en cambio, tienda a desacelerarse durante varios a\u00f1os.<\/p>\n<p id=\"p-1777648132704-92842\" data-start=\"1933\" data-end=\"2146\">\u00abEs con esta interpretaci\u00f3n de los problemas pol\u00edticos y sociales que acompa\u00f1an a la marcha econ\u00f3mica actual que insisto en la importancia de eliminar por completo los controles de cambio y permitir el libre movimiento de capitales\u00bb, sentenci\u00f3.<\/p>\n<h2 id=\"p-1777598911868-76820\">El foco en el cepo a empresas<\/h2>\n<p id=\"p-1777598911868-37535\" data-start=\"2183\" data-end=\"2386\">El exministro puso especial \u00e9nfasis en las restricciones cambiarias que a\u00fan afectan a las compa\u00f1\u00edas y plante\u00f3 que eliminarlas implica \u201csuprimir el cepo cambiario que a\u00fan afecta a las personas jur\u00eddicas\u201d.<\/p>\n<p id=\"p-1777598911868-32756\" data-start=\"2388\" data-end=\"2563\">En su propuesta, los exportadores no deber\u00edan estar obligados a vender sus divisas al Banco Central, y lo mismo deber\u00eda regir para quienes ingresen capitales para inversiones.<\/p>\n<p id=\"p-1777598911868-34964\" data-start=\"2565\" data-end=\"2713\">A su vez, sostuvo que el mercado cambiario deber\u00eda operar \u201cde forma totalmente libre\u201d, con un tipo de cambio determinado por la oferta y la demanda.<\/p>\n<p id=\"p-1777598911868-93308\" data-start=\"2753\" data-end=\"2912\">Entre los efectos positivos, <strong>Cavallo<\/strong> afirm\u00f3 que los exportadores podr\u00edan recibir el precio pleno por sus ventas en el exterior, sin las restricciones actuales.<\/p>\n<p id=\"p-1777598911868-85969\" data-start=\"2914\" data-end=\"3105\">Tambi\u00e9n se\u00f1al\u00f3 que el libre movimiento de capitales permitir\u00eda que \u201c<strong data-start=\"2982\" data-end=\"3013\">se desmorone el riesgo pa\u00eds<\/strong>\u201d, facilitando el acceso al financiamiento tanto para el Estado como para el sector privado.<\/p>\n<p id=\"p-1777598911868-11769\" data-start=\"3107\" data-end=\"3239\">Adem\u00e1s, consider\u00f3 que ayudar\u00eda a estabilizar el tipo de cambio al ubicarlo en un nivel que minimice las expectativas de devaluaci\u00f3n.<\/p>\n<p id=\"p-1777598911868-34252\" data-start=\"3241\" data-end=\"3492\" data-is-last-node=\"\" data-is-only-node=\"\">En ese sentido, advirti\u00f3 que el contexto actual de super\u00e1vit comercial representa una oportunidad para avanzar en esa direcci\u00f3n, aunque alert\u00f3 que, si se mantienen los controles, una futura salida podr\u00eda resultar \u201ctraum\u00e1tica\u201d y afectar el crecimiento.<\/p>\n<\/p><\/div>\n<p><script>\n!function(f,b,e,v,n,t,s)\n{if(f.fbq)return;n=f.fbq=function(){n.callMethod?\nn.callMethod.apply(n,arguments):n.queue.push(arguments)};\nif(!f._fbq)f._fbq=n;n.push=n;n.loaded=!0;n.version='2.0';\nn.queue=[];t=b.createElement(e);t.async=!0;\nt.src=v;s=b.getElementsByTagName(e)[0];\ns.parentNode.insertBefore(t,s)}(window,document,'script',\n'https:\/\/connect.facebook.net\/en_US\/fbevents.js');\nfbq('init', '2047048335588113');\nfbq('track', 'PageView');\n<\/script><br \/>\n<br \/><\/p>\n","protected":false},"excerpt":{"rendered":"<p>En un articulo titulado \u00abLa remoci\u00f3n total de los controles de cambio alentar\u00eda la inversi\u00f3n eficiente y aumentar\u00eda la productividad de la econom\u00eda\u00bb, el exfuncionario sostuvo que, en el contexto actual, donde la pol\u00edtica fiscal y monetaria no pueden estimular la demanda, \u201csolo se puede reactivar la econom\u00eda estimulando la producci\u00f3n de bienes y servicios\u201d, [&hellip;]<\/p>\n","protected":false},"author":1,"featured_media":194116,"comment_status":"closed","ping_status":"closed","sticky":false,"template":"","format":"standard","meta":{"footnotes":""},"categories":[28],"tags":[],"class_list":["post-194115","post","type-post","status-publish","format-standard","has-post-thumbnail","hentry","category-economia"],"yoast_head":"<!-- This site is optimized with the Yoast SEO plugin v24.4 - https:\/\/yoast.com\/wordpress\/plugins\/seo\/ -->\n<title>Domingo Cavallo redobl\u00f3 cr\u00edticas al cepo a empresas y alert\u00f3 que la desinflaci\u00f3n puede empantanarse - GYS NOTICIAS |<\/title>\n<meta name=\"robots\" content=\"index, follow, max-snippet:-1, max-image-preview:large, max-video-preview:-1\" \/>\n<link rel=\"canonical\" href=\"https:\/\/gysfm.com.ar\/inicio\/domingo-cavallo-redoblo-criticas-al-cepo-a-empresas-y-alerto-que-la-desinflacion-puede-empantanarse\/\" \/>\n<meta property=\"og:locale\" content=\"es_ES\" \/>\n<meta property=\"og:type\" content=\"article\" \/>\n<meta property=\"og:title\" content=\"Domingo Cavallo redobl\u00f3 cr\u00edticas al cepo a empresas y alert\u00f3 que la desinflaci\u00f3n puede empantanarse - GYS NOTICIAS |\" \/>\n<meta property=\"og:description\" content=\"En un articulo titulado \u00abLa remoci\u00f3n total de los controles de cambio alentar\u00eda la inversi\u00f3n eficiente y aumentar\u00eda la productividad de la econom\u00eda\u00bb, el exfuncionario sostuvo que, en el contexto actual, donde la pol\u00edtica fiscal y monetaria no pueden estimular la demanda, \u201csolo se puede reactivar la econom\u00eda estimulando la producci\u00f3n de bienes y servicios\u201d, [&hellip;]\" \/>\n<meta property=\"og:url\" content=\"https:\/\/gysfm.com.ar\/inicio\/domingo-cavallo-redoblo-criticas-al-cepo-a-empresas-y-alerto-que-la-desinflacion-puede-empantanarse\/\" \/>\n<meta property=\"og:site_name\" content=\"GYS NOTICIAS |\" \/>\n<meta property=\"article:published_time\" content=\"2026-05-01T16:18:24+00:00\" \/>\n<meta name=\"author\" content=\"admin\" \/>\n<meta name=\"twitter:card\" content=\"summary_large_image\" \/>\n<meta name=\"twitter:label1\" content=\"Escrito por\" \/>\n\t<meta name=\"twitter:data1\" content=\"admin\" \/>\n\t<meta name=\"twitter:label2\" content=\"Tiempo de lectura\" \/>\n\t<meta name=\"twitter:data2\" content=\"3 minutos\" \/>\n<script type=\"application\/ld+json\" class=\"yoast-schema-graph\">{\"@context\":\"https:\/\/schema.org\",\"@graph\":[{\"@type\":\"Article\",\"@id\":\"https:\/\/gysfm.com.ar\/inicio\/domingo-cavallo-redoblo-criticas-al-cepo-a-empresas-y-alerto-que-la-desinflacion-puede-empantanarse\/#article\",\"isPartOf\":{\"@id\":\"https:\/\/gysfm.com.ar\/inicio\/domingo-cavallo-redoblo-criticas-al-cepo-a-empresas-y-alerto-que-la-desinflacion-puede-empantanarse\/\"},\"author\":{\"name\":\"admin\",\"@id\":\"https:\/\/gysfm.com.ar\/inicio\/#\/schema\/person\/5bedd7ecd35cc35548d89effafa23696\"},\"headline\":\"Domingo Cavallo redobl\u00f3 cr\u00edticas al cepo a empresas y alert\u00f3 que la desinflaci\u00f3n puede empantanarse\",\"datePublished\":\"2026-05-01T16:18:24+00:00\",\"mainEntityOfPage\":{\"@id\":\"https:\/\/gysfm.com.ar\/inicio\/domingo-cavallo-redoblo-criticas-al-cepo-a-empresas-y-alerto-que-la-desinflacion-puede-empantanarse\/\"},\"wordCount\":566,\"publisher\":{\"@id\":\"https:\/\/gysfm.com.ar\/inicio\/#organization\"},\"image\":{\"@id\":\"https:\/\/gysfm.com.ar\/inicio\/domingo-cavallo-redoblo-criticas-al-cepo-a-empresas-y-alerto-que-la-desinflacion-puede-empantanarse\/#primaryimage\"},\"thumbnailUrl\":\"https:\/\/gysfm.com.ar\/inicio\/wp-content\/uploads\/2026\/05\/domingo-cavallo-ex-ministro-relaciones-exteriores-la-nacion-argentina.jpg\",\"articleSection\":[\"ECONOMIA\"],\"inLanguage\":\"es\"},{\"@type\":\"WebPage\",\"@id\":\"https:\/\/gysfm.com.ar\/inicio\/domingo-cavallo-redoblo-criticas-al-cepo-a-empresas-y-alerto-que-la-desinflacion-puede-empantanarse\/\",\"url\":\"https:\/\/gysfm.com.ar\/inicio\/domingo-cavallo-redoblo-criticas-al-cepo-a-empresas-y-alerto-que-la-desinflacion-puede-empantanarse\/\",\"name\":\"Domingo Cavallo redobl\u00f3 cr\u00edticas al cepo a empresas y alert\u00f3 que la desinflaci\u00f3n puede empantanarse - GYS NOTICIAS |\",\"isPartOf\":{\"@id\":\"https:\/\/gysfm.com.ar\/inicio\/#website\"},\"primaryImageOfPage\":{\"@id\":\"https:\/\/gysfm.com.ar\/inicio\/domingo-cavallo-redoblo-criticas-al-cepo-a-empresas-y-alerto-que-la-desinflacion-puede-empantanarse\/#primaryimage\"},\"image\":{\"@id\":\"https:\/\/gysfm.com.ar\/inicio\/domingo-cavallo-redoblo-criticas-al-cepo-a-empresas-y-alerto-que-la-desinflacion-puede-empantanarse\/#primaryimage\"},\"thumbnailUrl\":\"https:\/\/gysfm.com.ar\/inicio\/wp-content\/uploads\/2026\/05\/domingo-cavallo-ex-ministro-relaciones-exteriores-la-nacion-argentina.jpg\",\"datePublished\":\"2026-05-01T16:18:24+00:00\",\"breadcrumb\":{\"@id\":\"https:\/\/gysfm.com.ar\/inicio\/domingo-cavallo-redoblo-criticas-al-cepo-a-empresas-y-alerto-que-la-desinflacion-puede-empantanarse\/#breadcrumb\"},\"inLanguage\":\"es\",\"potentialAction\":[{\"@type\":\"ReadAction\",\"target\":[\"https:\/\/gysfm.com.ar\/inicio\/domingo-cavallo-redoblo-criticas-al-cepo-a-empresas-y-alerto-que-la-desinflacion-puede-empantanarse\/\"]}]},{\"@type\":\"ImageObject\",\"inLanguage\":\"es\",\"@id\":\"https:\/\/gysfm.com.ar\/inicio\/domingo-cavallo-redoblo-criticas-al-cepo-a-empresas-y-alerto-que-la-desinflacion-puede-empantanarse\/#primaryimage\",\"url\":\"https:\/\/gysfm.com.ar\/inicio\/wp-content\/uploads\/2026\/05\/domingo-cavallo-ex-ministro-relaciones-exteriores-la-nacion-argentina.jpg\",\"contentUrl\":\"https:\/\/gysfm.com.ar\/inicio\/wp-content\/uploads\/2026\/05\/domingo-cavallo-ex-ministro-relaciones-exteriores-la-nacion-argentina.jpg\",\"width\":1200,\"height\":675},{\"@type\":\"BreadcrumbList\",\"@id\":\"https:\/\/gysfm.com.ar\/inicio\/domingo-cavallo-redoblo-criticas-al-cepo-a-empresas-y-alerto-que-la-desinflacion-puede-empantanarse\/#breadcrumb\",\"itemListElement\":[{\"@type\":\"ListItem\",\"position\":1,\"name\":\"Portada\",\"item\":\"https:\/\/gysfm.com.ar\/inicio\/\"},{\"@type\":\"ListItem\",\"position\":2,\"name\":\"Domingo Cavallo redobl\u00f3 cr\u00edticas al cepo a empresas y alert\u00f3 que la desinflaci\u00f3n puede empantanarse\"}]},{\"@type\":\"WebSite\",\"@id\":\"https:\/\/gysfm.com.ar\/inicio\/#website\",\"url\":\"https:\/\/gysfm.com.ar\/inicio\/\",\"name\":\"GYS NOTICIAS |\",\"description\":\"DIARIO - RADIO ONLINE SAN JUAN ARGENTINA\",\"publisher\":{\"@id\":\"https:\/\/gysfm.com.ar\/inicio\/#organization\"},\"potentialAction\":[{\"@type\":\"SearchAction\",\"target\":{\"@type\":\"EntryPoint\",\"urlTemplate\":\"https:\/\/gysfm.com.ar\/inicio\/?s={search_term_string}\"},\"query-input\":{\"@type\":\"PropertyValueSpecification\",\"valueRequired\":true,\"valueName\":\"search_term_string\"}}],\"inLanguage\":\"es\"},{\"@type\":\"Organization\",\"@id\":\"https:\/\/gysfm.com.ar\/inicio\/#organization\",\"name\":\"GYS NOTICIAS |\",\"url\":\"https:\/\/gysfm.com.ar\/inicio\/\",\"logo\":{\"@type\":\"ImageObject\",\"inLanguage\":\"es\",\"@id\":\"https:\/\/gysfm.com.ar\/inicio\/#\/schema\/logo\/image\/\",\"url\":\"https:\/\/gysfm.com.ar\/inicio\/wp-content\/uploads\/2023\/07\/LOGOGYS-OK.png\",\"contentUrl\":\"https:\/\/gysfm.com.ar\/inicio\/wp-content\/uploads\/2023\/07\/LOGOGYS-OK.png\",\"width\":1170,\"height\":872,\"caption\":\"GYS NOTICIAS |\"},\"image\":{\"@id\":\"https:\/\/gysfm.com.ar\/inicio\/#\/schema\/logo\/image\/\"}},{\"@type\":\"Person\",\"@id\":\"https:\/\/gysfm.com.ar\/inicio\/#\/schema\/person\/5bedd7ecd35cc35548d89effafa23696\",\"name\":\"admin\",\"image\":{\"@type\":\"ImageObject\",\"inLanguage\":\"es\",\"@id\":\"https:\/\/gysfm.com.ar\/inicio\/#\/schema\/person\/image\/\",\"url\":\"https:\/\/secure.gravatar.com\/avatar\/c331d312b5243fb64d5ba28108a447b27c925295129a363082c9ea52c28d32c2?s=96&d=mm&r=g\",\"contentUrl\":\"https:\/\/secure.gravatar.com\/avatar\/c331d312b5243fb64d5ba28108a447b27c925295129a363082c9ea52c28d32c2?s=96&d=mm&r=g\",\"caption\":\"admin\"},\"sameAs\":[\"https:\/\/gysfm.com.ar\/inicio\"],\"url\":\"https:\/\/gysfm.com.ar\/inicio\/author\/admin\/\"}]}<\/script>\n<!-- \/ Yoast SEO plugin. -->","yoast_head_json":{"title":"Domingo Cavallo redobl\u00f3 cr\u00edticas al cepo a empresas y alert\u00f3 que la desinflaci\u00f3n puede empantanarse - GYS NOTICIAS |","robots":{"index":"index","follow":"follow","max-snippet":"max-snippet:-1","max-image-preview":"max-image-preview:large","max-video-preview":"max-video-preview:-1"},"canonical":"https:\/\/gysfm.com.ar\/inicio\/domingo-cavallo-redoblo-criticas-al-cepo-a-empresas-y-alerto-que-la-desinflacion-puede-empantanarse\/","og_locale":"es_ES","og_type":"article","og_title":"Domingo Cavallo redobl\u00f3 cr\u00edticas al cepo a empresas y alert\u00f3 que la desinflaci\u00f3n puede empantanarse - GYS NOTICIAS |","og_description":"En un articulo titulado \u00abLa remoci\u00f3n total de los controles de cambio alentar\u00eda la inversi\u00f3n eficiente y aumentar\u00eda la productividad de la econom\u00eda\u00bb, el exfuncionario sostuvo que, en el contexto actual, donde la pol\u00edtica fiscal y monetaria no pueden estimular la demanda, \u201csolo se puede reactivar la econom\u00eda estimulando la producci\u00f3n de bienes y servicios\u201d, [&hellip;]","og_url":"https:\/\/gysfm.com.ar\/inicio\/domingo-cavallo-redoblo-criticas-al-cepo-a-empresas-y-alerto-que-la-desinflacion-puede-empantanarse\/","og_site_name":"GYS NOTICIAS |","article_published_time":"2026-05-01T16:18:24+00:00","author":"admin","twitter_card":"summary_large_image","twitter_misc":{"Escrito por":"admin","Tiempo de lectura":"3 minutos"},"schema":{"@context":"https:\/\/schema.org","@graph":[{"@type":"Article","@id":"https:\/\/gysfm.com.ar\/inicio\/domingo-cavallo-redoblo-criticas-al-cepo-a-empresas-y-alerto-que-la-desinflacion-puede-empantanarse\/#article","isPartOf":{"@id":"https:\/\/gysfm.com.ar\/inicio\/domingo-cavallo-redoblo-criticas-al-cepo-a-empresas-y-alerto-que-la-desinflacion-puede-empantanarse\/"},"author":{"name":"admin","@id":"https:\/\/gysfm.com.ar\/inicio\/#\/schema\/person\/5bedd7ecd35cc35548d89effafa23696"},"headline":"Domingo Cavallo redobl\u00f3 cr\u00edticas al cepo a empresas y alert\u00f3 que la desinflaci\u00f3n puede empantanarse","datePublished":"2026-05-01T16:18:24+00:00","mainEntityOfPage":{"@id":"https:\/\/gysfm.com.ar\/inicio\/domingo-cavallo-redoblo-criticas-al-cepo-a-empresas-y-alerto-que-la-desinflacion-puede-empantanarse\/"},"wordCount":566,"publisher":{"@id":"https:\/\/gysfm.com.ar\/inicio\/#organization"},"image":{"@id":"https:\/\/gysfm.com.ar\/inicio\/domingo-cavallo-redoblo-criticas-al-cepo-a-empresas-y-alerto-que-la-desinflacion-puede-empantanarse\/#primaryimage"},"thumbnailUrl":"https:\/\/gysfm.com.ar\/inicio\/wp-content\/uploads\/2026\/05\/domingo-cavallo-ex-ministro-relaciones-exteriores-la-nacion-argentina.jpg","articleSection":["ECONOMIA"],"inLanguage":"es"},{"@type":"WebPage","@id":"https:\/\/gysfm.com.ar\/inicio\/domingo-cavallo-redoblo-criticas-al-cepo-a-empresas-y-alerto-que-la-desinflacion-puede-empantanarse\/","url":"https:\/\/gysfm.com.ar\/inicio\/domingo-cavallo-redoblo-criticas-al-cepo-a-empresas-y-alerto-que-la-desinflacion-puede-empantanarse\/","name":"Domingo Cavallo redobl\u00f3 cr\u00edticas al cepo a empresas y alert\u00f3 que la desinflaci\u00f3n puede empantanarse - GYS NOTICIAS |","isPartOf":{"@id":"https:\/\/gysfm.com.ar\/inicio\/#website"},"primaryImageOfPage":{"@id":"https:\/\/gysfm.com.ar\/inicio\/domingo-cavallo-redoblo-criticas-al-cepo-a-empresas-y-alerto-que-la-desinflacion-puede-empantanarse\/#primaryimage"},"image":{"@id":"https:\/\/gysfm.com.ar\/inicio\/domingo-cavallo-redoblo-criticas-al-cepo-a-empresas-y-alerto-que-la-desinflacion-puede-empantanarse\/#primaryimage"},"thumbnailUrl":"https:\/\/gysfm.com.ar\/inicio\/wp-content\/uploads\/2026\/05\/domingo-cavallo-ex-ministro-relaciones-exteriores-la-nacion-argentina.jpg","datePublished":"2026-05-01T16:18:24+00:00","breadcrumb":{"@id":"https:\/\/gysfm.com.ar\/inicio\/domingo-cavallo-redoblo-criticas-al-cepo-a-empresas-y-alerto-que-la-desinflacion-puede-empantanarse\/#breadcrumb"},"inLanguage":"es","potentialAction":[{"@type":"ReadAction","target":["https:\/\/gysfm.com.ar\/inicio\/domingo-cavallo-redoblo-criticas-al-cepo-a-empresas-y-alerto-que-la-desinflacion-puede-empantanarse\/"]}]},{"@type":"ImageObject","inLanguage":"es","@id":"https:\/\/gysfm.com.ar\/inicio\/domingo-cavallo-redoblo-criticas-al-cepo-a-empresas-y-alerto-que-la-desinflacion-puede-empantanarse\/#primaryimage","url":"https:\/\/gysfm.com.ar\/inicio\/wp-content\/uploads\/2026\/05\/domingo-cavallo-ex-ministro-relaciones-exteriores-la-nacion-argentina.jpg","contentUrl":"https:\/\/gysfm.com.ar\/inicio\/wp-content\/uploads\/2026\/05\/domingo-cavallo-ex-ministro-relaciones-exteriores-la-nacion-argentina.jpg","width":1200,"height":675},{"@type":"BreadcrumbList","@id":"https:\/\/gysfm.com.ar\/inicio\/domingo-cavallo-redoblo-criticas-al-cepo-a-empresas-y-alerto-que-la-desinflacion-puede-empantanarse\/#breadcrumb","itemListElement":[{"@type":"ListItem","position":1,"name":"Portada","item":"https:\/\/gysfm.com.ar\/inicio\/"},{"@type":"ListItem","position":2,"name":"Domingo Cavallo redobl\u00f3 cr\u00edticas al cepo a empresas y alert\u00f3 que la desinflaci\u00f3n puede empantanarse"}]},{"@type":"WebSite","@id":"https:\/\/gysfm.com.ar\/inicio\/#website","url":"https:\/\/gysfm.com.ar\/inicio\/","name":"GYS NOTICIAS |","description":"DIARIO - RADIO ONLINE SAN JUAN ARGENTINA","publisher":{"@id":"https:\/\/gysfm.com.ar\/inicio\/#organization"},"potentialAction":[{"@type":"SearchAction","target":{"@type":"EntryPoint","urlTemplate":"https:\/\/gysfm.com.ar\/inicio\/?s={search_term_string}"},"query-input":{"@type":"PropertyValueSpecification","valueRequired":true,"valueName":"search_term_string"}}],"inLanguage":"es"},{"@type":"Organization","@id":"https:\/\/gysfm.com.ar\/inicio\/#organization","name":"GYS NOTICIAS |","url":"https:\/\/gysfm.com.ar\/inicio\/","logo":{"@type":"ImageObject","inLanguage":"es","@id":"https:\/\/gysfm.com.ar\/inicio\/#\/schema\/logo\/image\/","url":"https:\/\/gysfm.com.ar\/inicio\/wp-content\/uploads\/2023\/07\/LOGOGYS-OK.png","contentUrl":"https:\/\/gysfm.com.ar\/inicio\/wp-content\/uploads\/2023\/07\/LOGOGYS-OK.png","width":1170,"height":872,"caption":"GYS NOTICIAS |"},"image":{"@id":"https:\/\/gysfm.com.ar\/inicio\/#\/schema\/logo\/image\/"}},{"@type":"Person","@id":"https:\/\/gysfm.com.ar\/inicio\/#\/schema\/person\/5bedd7ecd35cc35548d89effafa23696","name":"admin","image":{"@type":"ImageObject","inLanguage":"es","@id":"https:\/\/gysfm.com.ar\/inicio\/#\/schema\/person\/image\/","url":"https:\/\/secure.gravatar.com\/avatar\/c331d312b5243fb64d5ba28108a447b27c925295129a363082c9ea52c28d32c2?s=96&d=mm&r=g","contentUrl":"https:\/\/secure.gravatar.com\/avatar\/c331d312b5243fb64d5ba28108a447b27c925295129a363082c9ea52c28d32c2?s=96&d=mm&r=g","caption":"admin"},"sameAs":["https:\/\/gysfm.com.ar\/inicio"],"url":"https:\/\/gysfm.com.ar\/inicio\/author\/admin\/"}]}},"_links":{"self":[{"href":"https:\/\/gysfm.com.ar\/inicio\/wp-json\/wp\/v2\/posts\/194115","targetHints":{"allow":["GET"]}}],"collection":[{"href":"https:\/\/gysfm.com.ar\/inicio\/wp-json\/wp\/v2\/posts"}],"about":[{"href":"https:\/\/gysfm.com.ar\/inicio\/wp-json\/wp\/v2\/types\/post"}],"author":[{"embeddable":true,"href":"https:\/\/gysfm.com.ar\/inicio\/wp-json\/wp\/v2\/users\/1"}],"replies":[{"embeddable":true,"href":"https:\/\/gysfm.com.ar\/inicio\/wp-json\/wp\/v2\/comments?post=194115"}],"version-history":[{"count":0,"href":"https:\/\/gysfm.com.ar\/inicio\/wp-json\/wp\/v2\/posts\/194115\/revisions"}],"wp:featuredmedia":[{"embeddable":true,"href":"https:\/\/gysfm.com.ar\/inicio\/wp-json\/wp\/v2\/media\/194116"}],"wp:attachment":[{"href":"https:\/\/gysfm.com.ar\/inicio\/wp-json\/wp\/v2\/media?parent=194115"}],"wp:term":[{"taxonomy":"category","embeddable":true,"href":"https:\/\/gysfm.com.ar\/inicio\/wp-json\/wp\/v2\/categories?post=194115"},{"taxonomy":"post_tag","embeddable":true,"href":"https:\/\/gysfm.com.ar\/inicio\/wp-json\/wp\/v2\/tags?post=194115"}],"curies":[{"name":"wp","href":"https:\/\/api.w.org\/{rel}","templated":true}]}}