{"id":194107,"date":"2026-05-01T12:57:09","date_gmt":"2026-05-01T15:57:09","guid":{"rendered":"https:\/\/gysfm.com.ar\/inicio\/presentan-el-primer-trailer-de-la-nueva-resident-evil-con-austin-abrams\/"},"modified":"2026-05-01T12:57:09","modified_gmt":"2026-05-01T15:57:09","slug":"presentan-el-primer-trailer-de-la-nueva-resident-evil-con-austin-abrams","status":"publish","type":"post","link":"https:\/\/gysfm.com.ar\/inicio\/presentan-el-primer-trailer-de-la-nueva-resident-evil-con-austin-abrams\/","title":{"rendered":"Presentan el primer tr\u00e1iler de la nueva \u00abResident Evil\u00bb con Austin Abrams"},"content":{"rendered":"<p><\/p>\n<div id=\"article-content\">\n<p><strong>Sony <\/strong>lanz\u00f3 el primer tr\u00e1iler de su pel\u00edcula de<strong><em> \u00ab<a target=\"_blank\" href=\"https:\/\/es.wikipedia.org\/wiki\/Resident_Evil_(pel%C3%ADcula_de_2026)\">Resident Evil: Noche Cero<\/a>\u00ab<\/em><\/strong>, dirigida por Zach Cregger\u00a0con un enfoque centrado en el terror psicol\u00f3gico,\u00a0que se proyect\u00f3 en exclusiva para los asistentes a la CinemaCon a principios de este mes.\u00a0El adelanto resalta por su tensi\u00f3n y crudeza, alej\u00e1ndose de entregas anteriores.<\/p>\n<div style=\"text-align:center\">\n<figure class=\"image\" style=\"display:inline-block\"><img decoding=\"async\" style=\"max-width: 100%; width: 100%;\" alt=\"Resident Evil Noche Cero\" src=\"https:\/\/fotos.perfil.com\/\/2026\/04\/30\/900\/0\/resident-evil-noche-cero-2231370.jpg\" loading=\"lazy\"\/>&#13;<figcaption>Resident Evil Noche Cero<\/figcaption>&#13;<br \/>\n<\/figure>\n<\/div>\n<p>El <strong>tr\u00e1iler <\/strong>de la nueva adaptaci\u00f3n cinematogr\u00e1fica de la ic\u00f3nica franquicia de terror de Capcom,<strong>\u00a0<\/strong>muestra al protagonista, <strong>Austin Abrams<\/strong>, refugi\u00e1ndose en una vivienda aislada tras un desperfecto en su veh\u00edculo en medio de una atm\u00f3sfera terror\u00edfica.<\/p>\n<p><iframe loading=\"lazy\" title=\"RESIDENT EVIL \u2013 Official Teaser Trailer (4K)\" width=\"1170\" height=\"658\" src=\"https:\/\/www.youtube.com\/embed\/SJPu1spHqfk?wmode=transparent&amp;rel=0&amp;feature=oembed\" frameborder=\"0\" allow=\"accelerometer; autoplay; clipboard-write; encrypted-media; gyroscope; picture-in-picture; web-share\" referrerpolicy=\"strict-origin-when-cross-origin\" allowfullscreen><\/iframe><\/p>\n<p>El personaje de Abrams es <strong>Bryan<\/strong>, un mensajero m\u00e9dico que, sin saberlo, se ve envuelto en una carrera contrarreloj por la supervivencia cuando una noche fat\u00eddica y aterradora se convierte en un caos a su alrededor.<\/p>\n<p>La pel\u00edcula es la \u00faltima adaptaci\u00f3n cinematogr\u00e1fica de Resident Evil , la popular saga de videojuegos de terror de Capcom, que se ha convertido en una de las franquicias cinematogr\u00e1ficas basadas en videojuegos m\u00e1s taquilleras de la historia.<\/p>\n<p>El reparto tambi\u00e9n incluye a Zach Cherry, Kali Reis y Paul Walter Hauser. Entre los productores figuran Robert Kulzer, Cregger, Roy Lee, Miri Yoon, Carter Swan y Asad Qizilbash. Los productores ejecutivos son Oliver Berben, Victor Hadida, Richard Wright y Robert Bernacchi.<\/p>\n<div style=\"text-align:center\">\n<figure class=\"image\" style=\"display:inline-block\"><img decoding=\"async\" style=\"max-width: 100%; width: 100%;\" alt=\"Austin Abrams en Resident Evil Noche Cero\" src=\"https:\/\/fotos.perfil.com\/\/2026\/04\/30\/900\/0\/austin-abrams-en-resident-evil-noche-cero-2231401.jpg\" loading=\"lazy\"\/>&#13;<figcaption>Austin Abrams en Resident Evil Noche Cero<\/figcaption>&#13;<br \/>\n<\/figure>\n<\/div>\n<p>En su aparici\u00f3n en CinemaCon en Las Vegas, Cregger dijo que la pel\u00edcula es \u00abuna experiencia intensa y aterradora\u00bb y que esperaba que fuera \u00abfiel al esp\u00edritu de los juegos\u00bb. En comparaci\u00f3n con sus pel\u00edculas anteriores, afirm\u00f3 que su versi\u00f3n de Resident Evil no tendr\u00e1 \u00abacrobacias narrativas, saltos temporales ni cap\u00edtulos desorientadores\u00bb. En cambio, los espectadores estar\u00e1n \u00abatrapados junto a un protagonista en un viaje a pie a trav\u00e9s de un mundo empe\u00f1ado en destruirlos\u00bb.<\/p>\n<p>Lanzada en 1996, la franquicia de videojuegos <em>Resident Evil<\/em> se centra en el brote de un virus mortal vinculado a la misteriosa Corporaci\u00f3n Umbrella.\u00a0<strong>Milla Jovovich<\/strong> protagoniz\u00f3 la saga original de seis pel\u00edculas, estrenada en 2002, que recaud\u00f3 m\u00e1s de 1200 millones de d\u00f3lares en taquilla a nivel mundial. M\u00e1s recientemente, Sony regres\u00f3 al universo de Resident Evil con el reinicio de 2021, Welcome to Raccoon City, dirigido por Johannes Roberts.<\/p>\n<h2>\u00bfCu\u00e1ndo estrena Resident Evil Noche Cero?<\/h2>\n<p><strong><em>\u00abResident Evil: Noche Cero\u00bb<\/em><\/strong>,\u00a0de Columbia Pictures y Constantin Film, en asociaci\u00f3n con TriStar Pictures, <strong>llega a los cines el 18 de septiembre<\/strong>.\u00a0<\/p>\n<div style=\"text-align:center\">\n<figure class=\"image\" style=\"display:inline-block\"><img decoding=\"async\" style=\"max-width: 100%; width: 100%;\" alt=\"Austin Abrams en Resident Evil Noche Cero\" src=\"https:\/\/fotos.perfil.com\/\/2026\/04\/30\/900\/0\/austin-abrams-en-resident-evil-noche-cero-2231399.jpg\" loading=\"lazy\"\/>&#13;<figcaption>Austin Abrams en Resident Evil Noche Cero<\/figcaption>&#13;<br \/>\n<\/figure>\n<\/div>\n<p>\u00a0<\/p>\n<\/p><\/div>\n<p><script>\n\t(function(d, s, id) {\n\t\tvar js, fjs = d.getElementsByTagName(s)[0];\n\t\tif (d.getElementById(id)) return;\n\t\tjs = d.createElement(s);\n\t\tjs.id = id;\n\t\tjs.src=\"https:\/\/connect.facebook.net\/es_LA\/sdk.js#xfbml=1&version=v3.1\";\n\t\tfjs.parentNode.insertBefore(js, fjs);\n\t}(document, 'script', 'facebook-jssdk'));\n<\/script><\/p>\n","protected":false},"excerpt":{"rendered":"<p>Sony lanz\u00f3 el primer tr\u00e1iler de su pel\u00edcula de \u00abResident Evil: Noche Cero\u00ab, dirigida por Zach Cregger\u00a0con un enfoque centrado en el terror psicol\u00f3gico,\u00a0que se proyect\u00f3 en exclusiva para los asistentes a la CinemaCon a principios de este mes.\u00a0El adelanto resalta por su tensi\u00f3n y crudeza, alej\u00e1ndose de entregas anteriores. &#13;Resident Evil Noche Cero&#13; El [&hellip;]<\/p>\n","protected":false},"author":2,"featured_media":194108,"comment_status":"closed","ping_status":"closed","sticky":false,"template":"","format":"standard","meta":{"footnotes":""},"categories":[25],"tags":[],"class_list":["post-194107","post","type-post","status-publish","format-standard","has-post-thumbnail","hentry","category-nacionales"],"yoast_head":"<!-- This site is optimized with the Yoast SEO plugin v24.4 - https:\/\/yoast.com\/wordpress\/plugins\/seo\/ -->\n<title>Presentan el primer tr\u00e1iler de la nueva &quot;Resident Evil&quot; con Austin Abrams - GYS NOTICIAS |<\/title>\n<meta name=\"robots\" content=\"index, follow, max-snippet:-1, max-image-preview:large, max-video-preview:-1\" \/>\n<link rel=\"canonical\" href=\"https:\/\/gysfm.com.ar\/inicio\/presentan-el-primer-trailer-de-la-nueva-resident-evil-con-austin-abrams\/\" \/>\n<meta property=\"og:locale\" content=\"es_ES\" \/>\n<meta property=\"og:type\" content=\"article\" \/>\n<meta property=\"og:title\" content=\"Presentan el primer tr\u00e1iler de la nueva &quot;Resident Evil&quot; con Austin Abrams - GYS NOTICIAS |\" \/>\n<meta property=\"og:description\" content=\"Sony lanz\u00f3 el primer tr\u00e1iler de su pel\u00edcula de \u00abResident Evil: Noche Cero\u00ab, dirigida por Zach Cregger\u00a0con un enfoque centrado en el terror psicol\u00f3gico,\u00a0que se proyect\u00f3 en exclusiva para los asistentes a la CinemaCon a principios de este mes.\u00a0El adelanto resalta por su tensi\u00f3n y crudeza, alej\u00e1ndose de entregas anteriores. &#013;Resident Evil Noche Cero&#013; El [&hellip;]\" \/>\n<meta property=\"og:url\" content=\"https:\/\/gysfm.com.ar\/inicio\/presentan-el-primer-trailer-de-la-nueva-resident-evil-con-austin-abrams\/\" \/>\n<meta property=\"og:site_name\" content=\"GYS NOTICIAS |\" \/>\n<meta property=\"article:published_time\" content=\"2026-05-01T15:57:09+00:00\" \/>\n<meta property=\"og:image\" content=\"https:\/\/fotos.perfil.com\/\/2026\/04\/30\/900\/0\/resident-evil-noche-cero-2231370.jpg\" \/>\n<meta name=\"author\" content=\"Prensa G&amp;S FM\" \/>\n<meta name=\"twitter:card\" content=\"summary_large_image\" \/>\n<meta name=\"twitter:label1\" content=\"Escrito por\" \/>\n\t<meta name=\"twitter:data1\" content=\"Prensa G&amp;S FM\" \/>\n\t<meta name=\"twitter:label2\" content=\"Tiempo de lectura\" \/>\n\t<meta name=\"twitter:data2\" content=\"2 minutos\" \/>\n<script type=\"application\/ld+json\" class=\"yoast-schema-graph\">{\"@context\":\"https:\/\/schema.org\",\"@graph\":[{\"@type\":\"Article\",\"@id\":\"https:\/\/gysfm.com.ar\/inicio\/presentan-el-primer-trailer-de-la-nueva-resident-evil-con-austin-abrams\/#article\",\"isPartOf\":{\"@id\":\"https:\/\/gysfm.com.ar\/inicio\/presentan-el-primer-trailer-de-la-nueva-resident-evil-con-austin-abrams\/\"},\"author\":{\"name\":\"Prensa G&amp;S FM\",\"@id\":\"https:\/\/gysfm.com.ar\/inicio\/#\/schema\/person\/3abba7593ef2ad19e1be221d54383dc5\"},\"headline\":\"Presentan el primer tr\u00e1iler de la nueva \u00abResident Evil\u00bb con Austin Abrams\",\"datePublished\":\"2026-05-01T15:57:09+00:00\",\"mainEntityOfPage\":{\"@id\":\"https:\/\/gysfm.com.ar\/inicio\/presentan-el-primer-trailer-de-la-nueva-resident-evil-con-austin-abrams\/\"},\"wordCount\":454,\"publisher\":{\"@id\":\"https:\/\/gysfm.com.ar\/inicio\/#organization\"},\"image\":{\"@id\":\"https:\/\/gysfm.com.ar\/inicio\/presentan-el-primer-trailer-de-la-nueva-resident-evil-con-austin-abrams\/#primaryimage\"},\"thumbnailUrl\":\"https:\/\/gysfm.com.ar\/inicio\/wp-content\/uploads\/2026\/05\/austin-abrams-en-resident-evil-noche-cero-2231400.jpg\",\"articleSection\":[\"NACIONALES\"],\"inLanguage\":\"es\"},{\"@type\":\"WebPage\",\"@id\":\"https:\/\/gysfm.com.ar\/inicio\/presentan-el-primer-trailer-de-la-nueva-resident-evil-con-austin-abrams\/\",\"url\":\"https:\/\/gysfm.com.ar\/inicio\/presentan-el-primer-trailer-de-la-nueva-resident-evil-con-austin-abrams\/\",\"name\":\"Presentan el primer tr\u00e1iler de la nueva \\\"Resident Evil\\\" con Austin Abrams - GYS NOTICIAS |\",\"isPartOf\":{\"@id\":\"https:\/\/gysfm.com.ar\/inicio\/#website\"},\"primaryImageOfPage\":{\"@id\":\"https:\/\/gysfm.com.ar\/inicio\/presentan-el-primer-trailer-de-la-nueva-resident-evil-con-austin-abrams\/#primaryimage\"},\"image\":{\"@id\":\"https:\/\/gysfm.com.ar\/inicio\/presentan-el-primer-trailer-de-la-nueva-resident-evil-con-austin-abrams\/#primaryimage\"},\"thumbnailUrl\":\"https:\/\/gysfm.com.ar\/inicio\/wp-content\/uploads\/2026\/05\/austin-abrams-en-resident-evil-noche-cero-2231400.jpg\",\"datePublished\":\"2026-05-01T15:57:09+00:00\",\"breadcrumb\":{\"@id\":\"https:\/\/gysfm.com.ar\/inicio\/presentan-el-primer-trailer-de-la-nueva-resident-evil-con-austin-abrams\/#breadcrumb\"},\"inLanguage\":\"es\",\"potentialAction\":[{\"@type\":\"ReadAction\",\"target\":[\"https:\/\/gysfm.com.ar\/inicio\/presentan-el-primer-trailer-de-la-nueva-resident-evil-con-austin-abrams\/\"]}]},{\"@type\":\"ImageObject\",\"inLanguage\":\"es\",\"@id\":\"https:\/\/gysfm.com.ar\/inicio\/presentan-el-primer-trailer-de-la-nueva-resident-evil-con-austin-abrams\/#primaryimage\",\"url\":\"https:\/\/gysfm.com.ar\/inicio\/wp-content\/uploads\/2026\/05\/austin-abrams-en-resident-evil-noche-cero-2231400.jpg\",\"contentUrl\":\"https:\/\/gysfm.com.ar\/inicio\/wp-content\/uploads\/2026\/05\/austin-abrams-en-resident-evil-noche-cero-2231400.jpg\",\"width\":1140,\"height\":641},{\"@type\":\"BreadcrumbList\",\"@id\":\"https:\/\/gysfm.com.ar\/inicio\/presentan-el-primer-trailer-de-la-nueva-resident-evil-con-austin-abrams\/#breadcrumb\",\"itemListElement\":[{\"@type\":\"ListItem\",\"position\":1,\"name\":\"Portada\",\"item\":\"https:\/\/gysfm.com.ar\/inicio\/\"},{\"@type\":\"ListItem\",\"position\":2,\"name\":\"Presentan el primer tr\u00e1iler de la nueva \u00abResident Evil\u00bb con Austin Abrams\"}]},{\"@type\":\"WebSite\",\"@id\":\"https:\/\/gysfm.com.ar\/inicio\/#website\",\"url\":\"https:\/\/gysfm.com.ar\/inicio\/\",\"name\":\"GYS NOTICIAS |\",\"description\":\"DIARIO - RADIO ONLINE SAN JUAN ARGENTINA\",\"publisher\":{\"@id\":\"https:\/\/gysfm.com.ar\/inicio\/#organization\"},\"potentialAction\":[{\"@type\":\"SearchAction\",\"target\":{\"@type\":\"EntryPoint\",\"urlTemplate\":\"https:\/\/gysfm.com.ar\/inicio\/?s={search_term_string}\"},\"query-input\":{\"@type\":\"PropertyValueSpecification\",\"valueRequired\":true,\"valueName\":\"search_term_string\"}}],\"inLanguage\":\"es\"},{\"@type\":\"Organization\",\"@id\":\"https:\/\/gysfm.com.ar\/inicio\/#organization\",\"name\":\"GYS NOTICIAS |\",\"url\":\"https:\/\/gysfm.com.ar\/inicio\/\",\"logo\":{\"@type\":\"ImageObject\",\"inLanguage\":\"es\",\"@id\":\"https:\/\/gysfm.com.ar\/inicio\/#\/schema\/logo\/image\/\",\"url\":\"https:\/\/gysfm.com.ar\/inicio\/wp-content\/uploads\/2023\/07\/LOGOGYS-OK.png\",\"contentUrl\":\"https:\/\/gysfm.com.ar\/inicio\/wp-content\/uploads\/2023\/07\/LOGOGYS-OK.png\",\"width\":1170,\"height\":872,\"caption\":\"GYS NOTICIAS |\"},\"image\":{\"@id\":\"https:\/\/gysfm.com.ar\/inicio\/#\/schema\/logo\/image\/\"}},{\"@type\":\"Person\",\"@id\":\"https:\/\/gysfm.com.ar\/inicio\/#\/schema\/person\/3abba7593ef2ad19e1be221d54383dc5\",\"name\":\"Prensa G&amp;S FM\",\"image\":{\"@type\":\"ImageObject\",\"inLanguage\":\"es\",\"@id\":\"https:\/\/gysfm.com.ar\/inicio\/#\/schema\/person\/image\/\",\"url\":\"https:\/\/secure.gravatar.com\/avatar\/096ec78df02049ab018702bb4ccedf659377fa92a26540b5247612077a0dbd29?s=96&d=mm&r=g\",\"contentUrl\":\"https:\/\/secure.gravatar.com\/avatar\/096ec78df02049ab018702bb4ccedf659377fa92a26540b5247612077a0dbd29?s=96&d=mm&r=g\",\"caption\":\"Prensa G&amp;S FM\"},\"sameAs\":[\"https:\/\/gysfm.com.ar\/\"],\"url\":\"https:\/\/gysfm.com.ar\/inicio\/author\/lucasm\/\"}]}<\/script>\n<!-- \/ Yoast SEO plugin. -->","yoast_head_json":{"title":"Presentan el primer tr\u00e1iler de la nueva \"Resident Evil\" con Austin Abrams - GYS NOTICIAS |","robots":{"index":"index","follow":"follow","max-snippet":"max-snippet:-1","max-image-preview":"max-image-preview:large","max-video-preview":"max-video-preview:-1"},"canonical":"https:\/\/gysfm.com.ar\/inicio\/presentan-el-primer-trailer-de-la-nueva-resident-evil-con-austin-abrams\/","og_locale":"es_ES","og_type":"article","og_title":"Presentan el primer tr\u00e1iler de la nueva \"Resident Evil\" con Austin Abrams - GYS NOTICIAS |","og_description":"Sony lanz\u00f3 el primer tr\u00e1iler de su pel\u00edcula de \u00abResident Evil: Noche Cero\u00ab, dirigida por Zach Cregger\u00a0con un enfoque centrado en el terror psicol\u00f3gico,\u00a0que se proyect\u00f3 en exclusiva para los asistentes a la CinemaCon a principios de este mes.\u00a0El adelanto resalta por su tensi\u00f3n y crudeza, alej\u00e1ndose de entregas anteriores. &#13;Resident Evil Noche Cero&#13; El [&hellip;]","og_url":"https:\/\/gysfm.com.ar\/inicio\/presentan-el-primer-trailer-de-la-nueva-resident-evil-con-austin-abrams\/","og_site_name":"GYS NOTICIAS |","article_published_time":"2026-05-01T15:57:09+00:00","og_image":[{"url":"https:\/\/fotos.perfil.com\/\/2026\/04\/30\/900\/0\/resident-evil-noche-cero-2231370.jpg","type":"","width":"","height":""}],"author":"Prensa G&amp;S FM","twitter_card":"summary_large_image","twitter_misc":{"Escrito por":"Prensa G&amp;S FM","Tiempo de lectura":"2 minutos"},"schema":{"@context":"https:\/\/schema.org","@graph":[{"@type":"Article","@id":"https:\/\/gysfm.com.ar\/inicio\/presentan-el-primer-trailer-de-la-nueva-resident-evil-con-austin-abrams\/#article","isPartOf":{"@id":"https:\/\/gysfm.com.ar\/inicio\/presentan-el-primer-trailer-de-la-nueva-resident-evil-con-austin-abrams\/"},"author":{"name":"Prensa G&amp;S FM","@id":"https:\/\/gysfm.com.ar\/inicio\/#\/schema\/person\/3abba7593ef2ad19e1be221d54383dc5"},"headline":"Presentan el primer tr\u00e1iler de la nueva \u00abResident Evil\u00bb con Austin Abrams","datePublished":"2026-05-01T15:57:09+00:00","mainEntityOfPage":{"@id":"https:\/\/gysfm.com.ar\/inicio\/presentan-el-primer-trailer-de-la-nueva-resident-evil-con-austin-abrams\/"},"wordCount":454,"publisher":{"@id":"https:\/\/gysfm.com.ar\/inicio\/#organization"},"image":{"@id":"https:\/\/gysfm.com.ar\/inicio\/presentan-el-primer-trailer-de-la-nueva-resident-evil-con-austin-abrams\/#primaryimage"},"thumbnailUrl":"https:\/\/gysfm.com.ar\/inicio\/wp-content\/uploads\/2026\/05\/austin-abrams-en-resident-evil-noche-cero-2231400.jpg","articleSection":["NACIONALES"],"inLanguage":"es"},{"@type":"WebPage","@id":"https:\/\/gysfm.com.ar\/inicio\/presentan-el-primer-trailer-de-la-nueva-resident-evil-con-austin-abrams\/","url":"https:\/\/gysfm.com.ar\/inicio\/presentan-el-primer-trailer-de-la-nueva-resident-evil-con-austin-abrams\/","name":"Presentan el primer tr\u00e1iler de la nueva \"Resident Evil\" con Austin Abrams - GYS NOTICIAS |","isPartOf":{"@id":"https:\/\/gysfm.com.ar\/inicio\/#website"},"primaryImageOfPage":{"@id":"https:\/\/gysfm.com.ar\/inicio\/presentan-el-primer-trailer-de-la-nueva-resident-evil-con-austin-abrams\/#primaryimage"},"image":{"@id":"https:\/\/gysfm.com.ar\/inicio\/presentan-el-primer-trailer-de-la-nueva-resident-evil-con-austin-abrams\/#primaryimage"},"thumbnailUrl":"https:\/\/gysfm.com.ar\/inicio\/wp-content\/uploads\/2026\/05\/austin-abrams-en-resident-evil-noche-cero-2231400.jpg","datePublished":"2026-05-01T15:57:09+00:00","breadcrumb":{"@id":"https:\/\/gysfm.com.ar\/inicio\/presentan-el-primer-trailer-de-la-nueva-resident-evil-con-austin-abrams\/#breadcrumb"},"inLanguage":"es","potentialAction":[{"@type":"ReadAction","target":["https:\/\/gysfm.com.ar\/inicio\/presentan-el-primer-trailer-de-la-nueva-resident-evil-con-austin-abrams\/"]}]},{"@type":"ImageObject","inLanguage":"es","@id":"https:\/\/gysfm.com.ar\/inicio\/presentan-el-primer-trailer-de-la-nueva-resident-evil-con-austin-abrams\/#primaryimage","url":"https:\/\/gysfm.com.ar\/inicio\/wp-content\/uploads\/2026\/05\/austin-abrams-en-resident-evil-noche-cero-2231400.jpg","contentUrl":"https:\/\/gysfm.com.ar\/inicio\/wp-content\/uploads\/2026\/05\/austin-abrams-en-resident-evil-noche-cero-2231400.jpg","width":1140,"height":641},{"@type":"BreadcrumbList","@id":"https:\/\/gysfm.com.ar\/inicio\/presentan-el-primer-trailer-de-la-nueva-resident-evil-con-austin-abrams\/#breadcrumb","itemListElement":[{"@type":"ListItem","position":1,"name":"Portada","item":"https:\/\/gysfm.com.ar\/inicio\/"},{"@type":"ListItem","position":2,"name":"Presentan el primer tr\u00e1iler de la nueva \u00abResident Evil\u00bb con Austin Abrams"}]},{"@type":"WebSite","@id":"https:\/\/gysfm.com.ar\/inicio\/#website","url":"https:\/\/gysfm.com.ar\/inicio\/","name":"GYS NOTICIAS |","description":"DIARIO - RADIO ONLINE SAN JUAN ARGENTINA","publisher":{"@id":"https:\/\/gysfm.com.ar\/inicio\/#organization"},"potentialAction":[{"@type":"SearchAction","target":{"@type":"EntryPoint","urlTemplate":"https:\/\/gysfm.com.ar\/inicio\/?s={search_term_string}"},"query-input":{"@type":"PropertyValueSpecification","valueRequired":true,"valueName":"search_term_string"}}],"inLanguage":"es"},{"@type":"Organization","@id":"https:\/\/gysfm.com.ar\/inicio\/#organization","name":"GYS NOTICIAS |","url":"https:\/\/gysfm.com.ar\/inicio\/","logo":{"@type":"ImageObject","inLanguage":"es","@id":"https:\/\/gysfm.com.ar\/inicio\/#\/schema\/logo\/image\/","url":"https:\/\/gysfm.com.ar\/inicio\/wp-content\/uploads\/2023\/07\/LOGOGYS-OK.png","contentUrl":"https:\/\/gysfm.com.ar\/inicio\/wp-content\/uploads\/2023\/07\/LOGOGYS-OK.png","width":1170,"height":872,"caption":"GYS NOTICIAS |"},"image":{"@id":"https:\/\/gysfm.com.ar\/inicio\/#\/schema\/logo\/image\/"}},{"@type":"Person","@id":"https:\/\/gysfm.com.ar\/inicio\/#\/schema\/person\/3abba7593ef2ad19e1be221d54383dc5","name":"Prensa G&amp;S FM","image":{"@type":"ImageObject","inLanguage":"es","@id":"https:\/\/gysfm.com.ar\/inicio\/#\/schema\/person\/image\/","url":"https:\/\/secure.gravatar.com\/avatar\/096ec78df02049ab018702bb4ccedf659377fa92a26540b5247612077a0dbd29?s=96&d=mm&r=g","contentUrl":"https:\/\/secure.gravatar.com\/avatar\/096ec78df02049ab018702bb4ccedf659377fa92a26540b5247612077a0dbd29?s=96&d=mm&r=g","caption":"Prensa G&amp;S FM"},"sameAs":["https:\/\/gysfm.com.ar\/"],"url":"https:\/\/gysfm.com.ar\/inicio\/author\/lucasm\/"}]}},"_links":{"self":[{"href":"https:\/\/gysfm.com.ar\/inicio\/wp-json\/wp\/v2\/posts\/194107","targetHints":{"allow":["GET"]}}],"collection":[{"href":"https:\/\/gysfm.com.ar\/inicio\/wp-json\/wp\/v2\/posts"}],"about":[{"href":"https:\/\/gysfm.com.ar\/inicio\/wp-json\/wp\/v2\/types\/post"}],"author":[{"embeddable":true,"href":"https:\/\/gysfm.com.ar\/inicio\/wp-json\/wp\/v2\/users\/2"}],"replies":[{"embeddable":true,"href":"https:\/\/gysfm.com.ar\/inicio\/wp-json\/wp\/v2\/comments?post=194107"}],"version-history":[{"count":0,"href":"https:\/\/gysfm.com.ar\/inicio\/wp-json\/wp\/v2\/posts\/194107\/revisions"}],"wp:featuredmedia":[{"embeddable":true,"href":"https:\/\/gysfm.com.ar\/inicio\/wp-json\/wp\/v2\/media\/194108"}],"wp:attachment":[{"href":"https:\/\/gysfm.com.ar\/inicio\/wp-json\/wp\/v2\/media?parent=194107"}],"wp:term":[{"taxonomy":"category","embeddable":true,"href":"https:\/\/gysfm.com.ar\/inicio\/wp-json\/wp\/v2\/categories?post=194107"},{"taxonomy":"post_tag","embeddable":true,"href":"https:\/\/gysfm.com.ar\/inicio\/wp-json\/wp\/v2\/tags?post=194107"}],"curies":[{"name":"wp","href":"https:\/\/api.w.org\/{rel}","templated":true}]}}