{"id":194103,"date":"2026-05-01T12:16:20","date_gmt":"2026-05-01T15:16:20","guid":{"rendered":"https:\/\/gysfm.com.ar\/inicio\/uno-por-uno-cuales-son-los-aumentos-confirmados-en-mayo-para-todos-los-trabajadores\/"},"modified":"2026-05-01T12:16:20","modified_gmt":"2026-05-01T15:16:20","slug":"uno-por-uno-cuales-son-los-aumentos-confirmados-en-mayo-para-todos-los-trabajadores","status":"publish","type":"post","link":"https:\/\/gysfm.com.ar\/inicio\/uno-por-uno-cuales-son-los-aumentos-confirmados-en-mayo-para-todos-los-trabajadores\/","title":{"rendered":"uno por uno, cu\u00e1les son los aumentos confirmados en mayo para todos los trabajadores"},"content":{"rendered":"<p> <br \/>\n<\/p>\n<div id=\"\">\n<p id=\"p-1777578314070-88985\" data-start=\"1641\" data-end=\"1902\"> A su vez, un relevamiento de la Universidad de San Andr\u00e9s (UDESA) refleja el creciente malestar social: en abril, los bajos salarios se ubicaron entre las tres principales preocupaciones de la poblaci\u00f3n, una inquietud que se intensific\u00f3 desde diciembre de 2025.<\/p>\n<p id=\"p-1777578314070-25\" data-start=\"1904\" data-end=\"2148\" data-is-last-node=\"\" data-is-only-node=\"\">En este contexto, distintos sectores avanzaron con nuevos acuerdos salariales para el mes en curso. A continuaci\u00f3n, el detalle rubro por rubro.<\/p>\n<h2 id=\"p-1777578622441-73717\" data-start=\"1904\" data-end=\"2148\">Empleadas dom\u00e9sticas<\/h2>\n<p id=\"p-1777578626111-7231\" data-start=\"1904\" data-end=\"2148\" data-is-last-node=\"\" data-is-only-node=\"\">La Comisi\u00f3n de Trabajadoras de Casas Particulares acord\u00f3 un nuevo aumento salarial para este mes del 1,8%, mientras que resta para el pr\u00f3ximo un 1,6%. Adem\u00e1s, se resolvi\u00f3 incorporar a los salarios b\u00e1sicos el <strong data-start=\"1029\" data-end=\"1095\">50% de la suma no remunerativa correspondiente a marzo de 2026<\/strong> durante abril, mientras que el <strong data-start=\"1127\" data-end=\"1143\">50% restante<\/strong> ser\u00e1 incluido en julio. El monto de la suma no remunerativa, depende de las horas trabajadas y ser\u00e1 de $10.000 a $20.000, siendo uno de los aumentos salariales m\u00e1s bajos comparativamente a otros gremios.<\/p>\n<h2 id=\"p-1777557870139-5180\">Sanidad<\/h2>\n<p id=\"p-1777557870139-32805\" data-start=\"701\" data-end=\"900\">La Federaci\u00f3n de Asociaciones de Trabajadores de la Sanidad Argentina (FATSA) firm\u00f3 un nuevo acuerdo que establece una recomposici\u00f3n total del <strong data-start=\"844\" data-end=\"899\">9,4% sobre los b\u00e1sicos vigentes hasta marzo de 2026<\/strong>. El incremento alcanza a todos los trabajadores encuadrados en el Convenio Colectivo de Trabajo N\u00b0 42\/89. Para este mes, se aplica el \u00faltimo tramo del acuerdo, con un <strong data-start=\"1243\" data-end=\"1263\">aumento del 1,6%<\/strong>, al que se suma el pago de un <strong data-start=\"1294\" data-end=\"1313\">bono de $90.000<\/strong>.<\/p>\n<h2 id=\"p-1777557911862-7745\" data-start=\"1182\" data-end=\"1381\">Farmac\u00e9uticos y bioqu\u00edmicos<\/h2>\n<p id=\"p-1777557911862-34046\" data-start=\"1417\" data-end=\"1615\">El Sindicato Argentino de Farmac\u00e9uticos y Bioqu\u00edmicos (SAFYB) cerr\u00f3 una de las paritarias m\u00e1s altas del mercado, con salarios que se ubican entre los m\u00e1s elevados del pa\u00eds dentro del sector privado.<\/p>\n<p id=\"p-1777557911862-57123\" data-start=\"1617\" data-end=\"1637\">Seg\u00fan lo acordado:<\/p>\n<ul id=\"p-1777557911862-47210\" data-start=\"1638\" data-end=\"1807\">\n<li id=\"p-1777557911862-71993\" data-section-id=\"1rvvg78\" data-start=\"1638\" data-end=\"1689\">El <strong data-start=\"1643\" data-end=\"1687\">salario b\u00e1sico en abril es de $3.444.000<\/strong><\/li>\n<li id=\"p-1777557911862-75523\" data-section-id=\"1fpff52\" data-start=\"1690\" data-end=\"1747\">En mayo (a cobrar en junio) asciende a <strong data-start=\"1731\" data-end=\"1745\">$3.549.000<\/strong><\/li>\n<li id=\"p-1777557911862-6272\" data-section-id=\"1k9thrs\" data-start=\"1748\" data-end=\"1807\">En junio (a cobrar en julio) alcanza los <strong data-start=\"1791\" data-end=\"1805\">$3.624.000<\/strong><\/li>\n<\/ul>\n<p id=\"p-1777557911862-52753\" data-start=\"1809\" data-end=\"1963\">A estos valores se suman adicionales por Competencias, Gesti\u00f3n y Permanencia, que representan un incremento adicional del <strong data-start=\"1931\" data-end=\"1962\">30% sobre el salario b\u00e1sico<\/strong>. El acuerdo alcanza exclusivamente a trabajadores comprendidos en los convenios colectivos 691\/14, 707\/15, 794\/22 y 795\/22, incluyendo farmac\u00e9uticos y bioqu\u00edmicos que se desempe\u00f1an como directores en farmacias, droguer\u00edas y laboratorios.<\/p>\n<h2 id=\"p-1777557933797-54752\" data-start=\"1809\" data-end=\"1963\">Construcci\u00f3n<\/h2>\n<p id=\"p-1777557952105-41444\" data-start=\"1809\" data-end=\"1963\">El nuevo entendimiento ya homologado fija nuevos valores salariales para los trabajadores bajo los convenios colectivos 76\/75 y 577\/10.<\/p>\n<p id=\"p-1777557933797-68411\" data-start=\"2592\" data-end=\"2752\">Para este mes, los trabajadores perciben un <strong data-start=\"2633\" data-end=\"2680\">aumento del 1,9% sobre los b\u00e1sicos de marzo<\/strong>, mientras que en mayo se aplicar\u00e1 un <strong data-start=\"2718\" data-end=\"2751\">incremento adicional del 1,8%<\/strong>. Adem\u00e1s, el acuerdo contempla la <strong data-start=\"2786\" data-end=\"2856\">absorci\u00f3n de parte de las sumas no remunerativas al salario b\u00e1sico<\/strong>, lo que impacta en la base de c\u00e1lculo de futuros aumentos, adicionales y aguinaldo.<\/p>\n<h2 id=\"p-1777557973580-22134\" data-start=\"2592\" data-end=\"2752\">Bancarios<\/h2>\n<p id=\"p-1777557973580-7051\" data-start=\"2958\" data-end=\"3102\">El gremio La Bancaria acord\u00f3 un nuevo incremento en l\u00ednea con la inflaci\u00f3n de marzo, que fue del <strong data-start=\"3055\" data-end=\"3063\">3,4%<\/strong>, aplicable a todas las remuneraciones.<\/p>\n<p id=\"p-1777557973580-4960\" data-start=\"3303\" data-end=\"3426\">Con este ajuste, el sector acumula un incremento del <strong data-start=\"3356\" data-end=\"3395\">9,4% en el primer trimestre del a\u00f1o<\/strong> respecto de diciembre de 2025. Adem\u00e1s, se fij\u00f3 que el monto m\u00ednimo del <strong data-start=\"3468\" data-end=\"3510\">D\u00eda del Bancario ser\u00e1 de $2.014.092,28<\/strong>, cifra que se actualizar\u00e1 en funci\u00f3n de futuras revisiones salariales.<\/p>\n<h2 id=\"p-1777557996418-1740\" data-start=\"3303\" data-end=\"3426\">Estatales<\/h2>\n<p id=\"p-1777557996418-3207\" data-start=\"3599\" data-end=\"3678\">Los trabajadores estatales presentan acuerdos diferenciados seg\u00fan jurisdicci\u00f3n.<\/p>\n<ul id=\"p-1777558008082-58186\">\n<li id=\"p-1777557996418-95334\" data-start=\"3680\" data-end=\"3914\"><strong data-start=\"3680\" data-end=\"3710\">Provincia de Buenos Aires: <\/strong>Se acord\u00f3 un incremento del 2,5% para este mes, que completa un aumento total del 7,5% en el per\u00edodo. El acuerdo incluye una mesa de monitoreo en mayo y la reapertura de negociaciones en junio.<\/li>\n<li id=\"p-1777557996418-77381\" data-start=\"3916\" data-end=\"4057\"><strong data-start=\"3916\" data-end=\"3943\">Ciudad de Buenos Aires: <\/strong>Los empleados p\u00fablicos reciben un aumento del 4%, tomando como base los salarios de marzo 2026. Adem\u00e1s se mantiene bono de $60.000, adicionales aumentan 4% y el presentismo se eleva a $67.250.<\/li>\n<li id=\"p-1777558033015-50566\" data-start=\"3916\" data-end=\"4057\"><strong data-start=\"4185\" data-end=\"4210\">Estatales nacionales: <\/strong>El Gobierno fij\u00f3 aumentos escalonados mediante el Decreto 206\/2026: 1,7% este mes, y 1,5% adicional el pr\u00f3ximo.<\/li>\n<\/ul>\n<h2 id=\"p-1777558075286-14804\">Camioneros<\/h2>\n<p id=\"p-1777558075286-40890\" data-start=\"4461\" data-end=\"4618\">El gremio de Camioneros contin\u00faa aplicando el acuerdo paritario correspondiente al per\u00edodo marzo-agosto, que establece una recomposici\u00f3n total del <strong data-start=\"4608\" data-end=\"4617\">10,1%<\/strong>. Este incremento se distribuye en seis tramos mensuales. Para este mes, corresponde una suba del <strong data-start=\"4713\" data-end=\"4721\">1,8%<\/strong>.<\/p>\n<p id=\"p-1777558075286-805\" data-start=\"4724\" data-end=\"4920\">Un punto clave del acuerdo es que <strong data-start=\"4758\" data-end=\"4816\">$49.471 de ese aumento se incorporan al salario b\u00e1sico<\/strong>, lo que mejora la base de c\u00e1lculo para adicionales, futuras actualizaciones y negociaciones salariales.<\/p>\n<h2 id=\"p-1777558090495-52201\" data-start=\"4724\" data-end=\"4920\">Choferes de colectivos (UTA)<\/h2>\n<p id=\"p-1777558090495-57299\" data-start=\"4957\" data-end=\"5095\">En el caso de los choferes de colectivos del AMBA, el salario b\u00e1sico conformado en mayo de 2026 se ubica por encima de los <strong data-start=\"5080\" data-end=\"5094\">$1.545.278<\/strong>. Al sumar adicionales como antig\u00fcedad, vi\u00e1ticos y presentismo, el ingreso total mensual inicial se eleva a un rango de entre <strong data-start=\"5221\" data-end=\"5248\">$1.890.000 y $2.000.000<\/strong>.<\/p>\n<p id=\"p-1777558090495-36704\" data-start=\"5251\" data-end=\"5388\">Adem\u00e1s, el acuerdo incluye el pago de una <strong data-start=\"5293\" data-end=\"5334\">suma fija no remunerativa de $120.000<\/strong>, incorporada al esquema salarial vigente desde abril.<\/p>\n<h2 id=\"p-1777557071848-38962\">Alimentaci\u00f3n<\/h2>\n<p id=\"p-1777557071848-8565\" data-start=\"557\" data-end=\"846\">El gremio bajo el CCT 244\/94 acord\u00f3 un aumento del 9,67% desde abril que se cobra en mayo y una suma fija de $100.000. De esta manera, los corredores y vendedores exclusivos de la industria de la alimentaci\u00f3n pasan a cobrar un <strong data-start=\"765\" data-end=\"807\">sueldo b\u00e1sico de $689.565,30 mensuales<\/strong>.<\/p>\n<h2 id=\"p-1777557097565-21937\" data-start=\"557\" data-end=\"846\">Empleados de comercio<\/h2>\n<p id=\"p-1777557097565-1180\" data-start=\"876\" data-end=\"1139\">Los trabajadores mercantiles reciben un incremento del <strong data-start=\"931\" data-end=\"970\">2% en abril que se cobra este mes y 1,5% el mes siguiente<\/strong>, junto con un <strong data-start=\"985\" data-end=\"1020\">bono extraordinario de $120.000<\/strong>. Adem\u00e1s, se estableci\u00f3 una contribuci\u00f3n empresarial de $28.000 por trabajador.<\/p>\n<h2 id=\"p-1777557119201-63535\" data-start=\"876\" data-end=\"1139\">Trabajadores del seguro<\/h2>\n<p id=\"p-1777557119201-42955\" data-start=\"1171\" data-end=\"1415\">El sector percibe un aumento del <strong data-start=\"1204\" data-end=\"1221\">3,5% este mes<\/strong> alcanzando una suba acumulada del <strong data-start=\"1257\" data-end=\"1282\">12,5% desde diciembre<\/strong> sobre salarios de octubre 2025. Este incremento impacta tambi\u00e9n en el c\u00e1lculo del aguinaldo.<\/p>\n<h2 id=\"p-1777557141294-63810\" data-start=\"1171\" data-end=\"1415\">Hoteleros y gastron\u00f3micos<\/h2>\n<p id=\"p-1777557141294-3773\" data-start=\"1449\" data-end=\"1529\">En el marco del CCT 362\/03, los salarios muestran diferencias seg\u00fan categor\u00eda:<\/p>\n<ul id=\"p-1777557141294-59963\" data-start=\"1530\" data-end=\"1693\">\n<li id=\"p-1777557141294-74921\" data-section-id=\"1loau5b\" data-start=\"1530\" data-end=\"1612\"><strong data-start=\"1532\" data-end=\"1558\">Categor\u00eda 1 (inicial):<\/strong> pasa de $996.633 en abril a <strong data-start=\"1587\" data-end=\"1610\">$1.051.082 en junio<\/strong><\/li>\n<li id=\"p-1777557141294-599\" data-section-id=\"1ya8rm\" data-start=\"1613\" data-end=\"1693\"><strong data-start=\"1615\" data-end=\"1642\"> Categor\u00eda 7 (m\u00e1s alta):<\/strong> de $2.929.140 en abril a <strong data-start=\"1668\" data-end=\"1691\">$3.089.077 en junio<\/strong><\/li>\n<\/ul>\n<p id=\"p-1777557141294-47413\" data-start=\"1695\" data-end=\"1737\">A esto se suman montos no remunerativos:<\/p>\n<ul id=\"p-1777557141294-88651\" data-start=\"1738\" data-end=\"1872\">\n<li id=\"p-1777557141294-740\" data-section-id=\"1of0d4c\" data-start=\"1738\" data-end=\"1783\">Desde <strong data-start=\"1746\" data-end=\"1757\">$39.500<\/strong> en categor\u00edas iniciales<\/li>\n<li id=\"p-1777557141294-54177\" data-section-id=\"10d4oq1\" data-start=\"1784\" data-end=\"1872\">Hasta <strong data-start=\"1792\" data-end=\"1804\">$116.000<\/strong> en puestos de mayor categor\u00eda.<\/li>\n<\/ul>\n<h2 id=\"p-1777557247171-78510\">Comida r\u00e1pida<\/h2>\n<p id=\"p-1777557247171-99597\" data-start=\"1894\" data-end=\"1946\">El acuerdo establece sumas y aumentos escalonados: suma fija de entre $35.000 a $40.000, un aumento del 1,9% para este mes y un refuerzo adicional de entre $50.000 y $55.000 seg\u00fan categor\u00eda. El acuerdo alcanza a empleados de cadenas como McDonald\u2019s, Burger King y Mostaza, entre otras.<\/p>\n<ul id=\"p-1777557355846-61076\" data-start=\"2958\" data-end=\"3155\">\n<li id=\"p-1777557355846-21124\" data-section-id=\"thh1v\" data-start=\"2958\" data-end=\"3029\">Para marzo, una suma no remunerativa de entre <strong data-start=\"3006\" data-end=\"3027\">$35.000 y $40.000<\/strong><\/li>\n<li id=\"p-1777557355846-1815\" data-section-id=\"1w7kgyi\" data-start=\"3030\" data-end=\"3073\">Desde abril, un incremento del <strong data-start=\"3063\" data-end=\"3071\">1,9%<\/strong><\/li>\n<li id=\"p-1777557355846-2098\" data-section-id=\"f6v73p\" data-start=\"3074\" data-end=\"3155\">Adem\u00e1s, un refuerzo adicional de entre <strong data-start=\"3115\" data-end=\"3136\">$50.000 y $55.000<\/strong>, seg\u00fan categor\u00eda<\/li>\n<\/ul>\n<p id=\"p-1777557355846-69090\" data-start=\"3157\" data-end=\"3289\">El acuerdo alcanza a empleados de cadenas como McDonald\u2019s, Burger King y Mostaza, entre otras.<\/p>\n<h2 id=\"p-1777557355846-19376\" data-start=\"1171\" data-end=\"1415\">Trabajadores de entidades deportivas (UTEDYC)<\/h2>\n<p id=\"p-1777557355846-47861\" data-start=\"3343\" data-end=\"3432\">El acuerdo contempla un aumento del <strong data-start=\"3379\" data-end=\"3396\">3,5% en abril<\/strong>, que completa el esquema vigente. Con este ajuste, los haberes incorporan el \u00faltimo tramo del acuerdo, lo que lleva la mejora acumulada a cerca del <strong data-start=\"3548\" data-end=\"3582\">10% en el primer tramo del a\u00f1o<\/strong><span data-start=\"3548\" data-end=\"3582\">.<\/span><\/p>\n<h2 id=\"p-1777557375935-9303\" data-start=\"3343\" data-end=\"3432\"><span data-start=\"3548\" data-end=\"3582\"> Trabajadores rurales<\/span><\/h2>\n<p id=\"p-1777557375935-5448\" data-start=\"3711\" data-end=\"3813\">El gremio UATRE defini\u00f3 nuevas escalas salariales para el pe\u00f3n general, con aumentos en tres etapas: para este mes, el b\u00e1sico escala a $1.067.018, mientras que el pr\u00f3ximo mes se ubicar\u00e1 en $1.093.693. El salario ven\u00eda de $1.000.908,17 en febrero, lo que refleja una recomposici\u00f3n progresiva tras varios meses sin actualizaciones.<\/p>\n<h2 id=\"p-1777557422756-55448\">Carga y descarga<\/h2>\n<p id=\"p-1777557419229-25717\" data-start=\"4083\" data-end=\"4176\">En el marco del CCT 733\/1, los salarios para abril quedan definidos de la siguiente manera: para un <strong data-start=\"4179\" data-end=\"4204\">Operario categor\u00eda 1:<\/strong> $1.474.050 de b\u00e1sico + $75.940 no remunerativos. Para un <strong>operario categor\u00eda 4:<\/strong> $1.255.016 de b\u00e1sico + $64.656 no remunerativos. El acuerdo se encuentra pendiente de homologaci\u00f3n.<\/p>\n<div contenteditable=\"false\" class=\"embed_cont type_imagen\" id=\"8218304-Libre-637602198_wrap\">\n<p>image <span onclick=\"parent.parent.TinyMCETdcuerpo.preview_embed('8218304-Libre-637602198')\" class=\"embed_colapse less\" id=\"8218304-Libre-637602198_colapse\"\/>  <span onclick=\"parent.parent.TinyMCETdcuerpo.delete_embed('8218304-Libre-637602198')\" class=\"embed_delete less\" id=\"8218304-Libre-637602198_delete\"\/><\/p>\n<div id=\"8218304-Libre-637602198_content\" class=\"embed_content\"><img decoding=\"async\" src=\"https:\/\/media.ambito.com\/p\/ff9cb23e1b118358c8979f85b32d2762\/adjuntos\/239\/imagenes\/043\/338\/0043338703\/730x0\/smart\/image.png\" alt=\"\" title=\"\" width=\"730\" height=\"undefined\" id=\"8218304-Libre-637602198_embed\"\/><\/div><\/div>\n<h2 id=\"p-1777557449488-63296\" data-start=\"4083\" data-end=\"4176\">Qu\u00edmicos y petroqu\u00edmicos<\/h2>\n<p id=\"p-1777557449488-60165\" data-start=\"4455\" data-end=\"4578\">El convenio establece un <strong data-start=\"4480\" data-end=\"4512\">incremento del 9,5% en abril<\/strong>, junto con un esquema de actualizaci\u00f3n trimestral atado al IPC. Adem\u00e1s, se incorpora el pago de una <strong data-start=\"4616\" data-end=\"4664\">gratificaci\u00f3n extraordinaria no remunerativa<\/strong>, con mecanismos de ajuste seg\u00fan la evoluci\u00f3n de los precios.<\/p>\n<h2 id=\"p-1777557462578-16075\" data-start=\"4455\" data-end=\"4578\">Telef\u00f3nicos<\/h2>\n<p id=\"p-1777557462578-21928\" data-start=\"4783\" data-end=\"4878\">El acuerdo firmado por CONSITEL impacta en los salarios de abril, con los siguientes b\u00e1sicos:<\/p>\n<ul id=\"p-1777557462578-10778\" data-start=\"4879\" data-end=\"4949\">\n<li id=\"p-1777557462578-72036\" data-section-id=\"uwqqvt\" data-start=\"4879\" data-end=\"4913\"><strong data-start=\"4881\" data-end=\"4900\">Telefon\u00eda fija:<\/strong> $1.951.400<\/li>\n<li id=\"p-1777557462578-98356\" data-section-id=\"1oj46vl\" data-start=\"4914\" data-end=\"4949\"><strong data-start=\"4916\" data-end=\"4936\">Telefon\u00eda m\u00f3vil:<\/strong> $1.456.960<\/li>\n<\/ul>\n<p id=\"p-1777557462578-31829\" data-start=\"4951\" data-end=\"5079\">A estos valores se suman adicionales como presentismo, turnos especiales y capacitaci\u00f3n.<\/p>\n<div contenteditable=\"false\" class=\"embed_cont type_imagen\" id=\"8218305-Libre-479057566_wrap\">\n<p>image <span onclick=\"parent.parent.TinyMCETdcuerpo.preview_embed('8218305-Libre-479057566')\" class=\"embed_colapse less\" id=\"8218305-Libre-479057566_colapse\"\/>  <span onclick=\"parent.parent.TinyMCETdcuerpo.delete_embed('8218305-Libre-479057566')\" class=\"embed_delete less\" id=\"8218305-Libre-479057566_delete\"\/><\/p>\n<div id=\"8218305-Libre-479057566_content\" class=\"embed_content\"><img decoding=\"async\" src=\"https:\/\/media.ambito.com\/p\/0a1b00ce0f5328edc1b58dcddf166983\/adjuntos\/239\/imagenes\/043\/338\/0043338720\/730x0\/smart\/image.png\" alt=\"\" title=\"\" width=\"730\" height=\"undefined\" id=\"8218305-Libre-479057566_embed\"\/><\/div><\/div>\n<h2 id=\"p-1777558993743-65249\" data-start=\"4951\" data-end=\"5079\">Petroleros<\/h2>\n<p id=\"p-1777559147277-21921\" data-start=\"0\" data-end=\"195\">Los trabajadores petroleros de Vaca Muerta pasar\u00e1n a tener un <strong data-start=\"62\" data-end=\"94\">salario b\u00e1sico de $3.914.000<\/strong> tras el nuevo acuerdo paritario alcanzado entre los sindicatos del sector y las c\u00e1maras empresarias.<\/p>\n<p id=\"p-1777559147277-43184\" data-start=\"197\" data-end=\"545\">El incremento pactado es del <strong data-start=\"226\" data-end=\"234\">8,6%<\/strong>, con impacto directo en los haberes de abril, y tiene como objetivo compensar la inflaci\u00f3n acumulada durante el per\u00edodo 2025-2026. Sin embargo, el efecto real en el ingreso de bolsillo ser\u00e1 menor: el ajuste se traduce en una mejora efectiva del <strong data-start=\"480\" data-end=\"489\">7,68%<\/strong>, una vez aplicados los descuentos y aportes habituales.<\/p>\n<h2 id=\"p-1777557472453-45254\" data-start=\"4951\" data-end=\"5079\">Maestranza<\/h2>\n<p id=\"p-1777557472453-41091\" data-start=\"5098\" data-end=\"5205\">El sector recibe un incremento para este mes del <strong data-start=\"5133\" data-end=\"5150\">0,8% correspondiente a abril<\/strong>, que se suma al aumento del 3,35% otorgado en marzo. Con esta actualizaci\u00f3n, el salario de un oficial alcanza los <strong data-start=\"5268\" data-end=\"5290\">$990.934 mensuales<\/strong>.<\/p>\n<h2 id=\"p-1777557498401-17534\" data-start=\"5098\" data-end=\"5205\">Encargados de edificios<\/h2>\n<p id=\"p-1777557498402-7349\" data-start=\"5363\" data-end=\"5386\">El acuerdo contempla un incremento del 2%, con sumas fijas de $20.000 para cuarta categor\u00eda y de $10.000 para el resto. Con estos ajustes, el sueldo promedio de un encargado de cuarta categor\u00eda se ubica en torno a <strong data-start=\"5592\" data-end=\"5616\">$1.000.000 mensuales<\/strong>, sin contar adicionales como antig\u00fcedad.<\/p>\n<h2 id=\"p-1777557530199-54531\" data-start=\"5363\" data-end=\"5386\">SMATA- Mec\u00e1nicos<\/h2>\n<p id=\"p-1777557530199-58981\" data-start=\"5717\" data-end=\"5786\">El acuerdo vigente entre abril y junio fija las siguientes escalas: para la <strong data-start=\"5789\" data-end=\"5805\">Categor\u00eda 1:<\/strong> $1.630.085,67 y para la <strong data-start=\"5824\" data-end=\"5840\">Categor\u00eda 7:<\/strong> $2.674.651,68. Las categor\u00edas intermedias presentan incrementos graduales seg\u00fan la complejidad de las tareas.<\/p>\n<div contenteditable=\"false\" class=\"embed_cont type_imagen\" id=\"8218302-Libre-568352701_wrap\" style=\"opacity:1;height:auto;\">\n<p>image <span onclick=\"parent.parent.TinyMCETdcuerpo.preview_embed('8218302-Libre-568352701')\" class=\"embed_colapse less\" id=\"8218302-Libre-568352701_colapse\"\/>  <span onclick=\"parent.parent.TinyMCETdcuerpo.delete_embed('8218302-Libre-568352701')\" class=\"embed_delete less\" id=\"8218302-Libre-568352701_delete\"\/><\/p>\n<div id=\"8218302-Libre-568352701_content\" class=\"embed_content\"><img decoding=\"async\" src=\"https:\/\/media.ambito.com\/p\/a9b39495d86f9493fc49e3d3dccac838\/adjuntos\/239\/imagenes\/043\/338\/0043338701\/730x0\/smart\/image.png\" alt=\"\" title=\"\" width=\"730\" height=\"undefined\" id=\"8218302-Libre-568352701_embed\"\/><\/div><\/div><\/div>\n<p><script>\n!function(f,b,e,v,n,t,s)\n{if(f.fbq)return;n=f.fbq=function(){n.callMethod?\nn.callMethod.apply(n,arguments):n.queue.push(arguments)};\nif(!f._fbq)f._fbq=n;n.push=n;n.loaded=!0;n.version='2.0';\nn.queue=[];t=b.createElement(e);t.async=!0;\nt.src=v;s=b.getElementsByTagName(e)[0];\ns.parentNode.insertBefore(t,s)}(window,document,'script',\n'https:\/\/connect.facebook.net\/en_US\/fbevents.js');\nfbq('init', '2047048335588113');\nfbq('track', 'PageView');\n<\/script><br \/>\n<br \/><\/p>\n","protected":false},"excerpt":{"rendered":"<p>A su vez, un relevamiento de la Universidad de San Andr\u00e9s (UDESA) refleja el creciente malestar social: en abril, los bajos salarios se ubicaron entre las tres principales preocupaciones de la poblaci\u00f3n, una inquietud que se intensific\u00f3 desde diciembre de 2025. En este contexto, distintos sectores avanzaron con nuevos acuerdos salariales para el mes en [&hellip;]<\/p>\n","protected":false},"author":1,"featured_media":194104,"comment_status":"closed","ping_status":"closed","sticky":false,"template":"","format":"standard","meta":{"footnotes":""},"categories":[28],"tags":[],"class_list":["post-194103","post","type-post","status-publish","format-standard","has-post-thumbnail","hentry","category-economia"],"yoast_head":"<!-- This site is optimized with the Yoast SEO plugin v24.4 - https:\/\/yoast.com\/wordpress\/plugins\/seo\/ -->\n<title>uno por uno, cu\u00e1les son los aumentos confirmados en mayo para todos los trabajadores - GYS NOTICIAS |<\/title>\n<meta name=\"robots\" content=\"index, follow, max-snippet:-1, max-image-preview:large, max-video-preview:-1\" \/>\n<link rel=\"canonical\" href=\"https:\/\/gysfm.com.ar\/inicio\/uno-por-uno-cuales-son-los-aumentos-confirmados-en-mayo-para-todos-los-trabajadores\/\" \/>\n<meta property=\"og:locale\" content=\"es_ES\" \/>\n<meta property=\"og:type\" content=\"article\" \/>\n<meta property=\"og:title\" content=\"uno por uno, cu\u00e1les son los aumentos confirmados en mayo para todos los trabajadores - GYS NOTICIAS |\" \/>\n<meta property=\"og:description\" content=\"A su vez, un relevamiento de la Universidad de San Andr\u00e9s (UDESA) refleja el creciente malestar social: en abril, los bajos salarios se ubicaron entre las tres principales preocupaciones de la poblaci\u00f3n, una inquietud que se intensific\u00f3 desde diciembre de 2025. En este contexto, distintos sectores avanzaron con nuevos acuerdos salariales para el mes en [&hellip;]\" \/>\n<meta property=\"og:url\" content=\"https:\/\/gysfm.com.ar\/inicio\/uno-por-uno-cuales-son-los-aumentos-confirmados-en-mayo-para-todos-los-trabajadores\/\" \/>\n<meta property=\"og:site_name\" content=\"GYS NOTICIAS |\" \/>\n<meta property=\"article:published_time\" content=\"2026-05-01T15:16:20+00:00\" \/>\n<meta property=\"og:image\" content=\"https:\/\/media.ambito.com\/p\/ff9cb23e1b118358c8979f85b32d2762\/adjuntos\/239\/imagenes\/043\/338\/0043338703\/730x0\/smart\/image.png\" \/>\n<meta name=\"author\" content=\"admin\" \/>\n<meta name=\"twitter:card\" content=\"summary_large_image\" \/>\n<meta name=\"twitter:label1\" content=\"Escrito por\" \/>\n\t<meta name=\"twitter:data1\" content=\"admin\" \/>\n\t<meta name=\"twitter:label2\" content=\"Tiempo de lectura\" \/>\n\t<meta name=\"twitter:data2\" content=\"7 minutos\" \/>\n<script type=\"application\/ld+json\" class=\"yoast-schema-graph\">{\"@context\":\"https:\/\/schema.org\",\"@graph\":[{\"@type\":\"Article\",\"@id\":\"https:\/\/gysfm.com.ar\/inicio\/uno-por-uno-cuales-son-los-aumentos-confirmados-en-mayo-para-todos-los-trabajadores\/#article\",\"isPartOf\":{\"@id\":\"https:\/\/gysfm.com.ar\/inicio\/uno-por-uno-cuales-son-los-aumentos-confirmados-en-mayo-para-todos-los-trabajadores\/\"},\"author\":{\"name\":\"admin\",\"@id\":\"https:\/\/gysfm.com.ar\/inicio\/#\/schema\/person\/5bedd7ecd35cc35548d89effafa23696\"},\"headline\":\"uno por uno, cu\u00e1les son los aumentos confirmados en mayo para todos los trabajadores\",\"datePublished\":\"2026-05-01T15:16:20+00:00\",\"mainEntityOfPage\":{\"@id\":\"https:\/\/gysfm.com.ar\/inicio\/uno-por-uno-cuales-son-los-aumentos-confirmados-en-mayo-para-todos-los-trabajadores\/\"},\"wordCount\":1461,\"publisher\":{\"@id\":\"https:\/\/gysfm.com.ar\/inicio\/#organization\"},\"image\":{\"@id\":\"https:\/\/gysfm.com.ar\/inicio\/uno-por-uno-cuales-son-los-aumentos-confirmados-en-mayo-para-todos-los-trabajadores\/#primaryimage\"},\"thumbnailUrl\":\"https:\/\/gysfm.com.ar\/inicio\/wp-content\/uploads\/2026\/05\/pesos-billetes.webp.png\",\"articleSection\":[\"ECONOMIA\"],\"inLanguage\":\"es\"},{\"@type\":\"WebPage\",\"@id\":\"https:\/\/gysfm.com.ar\/inicio\/uno-por-uno-cuales-son-los-aumentos-confirmados-en-mayo-para-todos-los-trabajadores\/\",\"url\":\"https:\/\/gysfm.com.ar\/inicio\/uno-por-uno-cuales-son-los-aumentos-confirmados-en-mayo-para-todos-los-trabajadores\/\",\"name\":\"uno por uno, cu\u00e1les son los aumentos confirmados en mayo para todos los trabajadores - GYS NOTICIAS |\",\"isPartOf\":{\"@id\":\"https:\/\/gysfm.com.ar\/inicio\/#website\"},\"primaryImageOfPage\":{\"@id\":\"https:\/\/gysfm.com.ar\/inicio\/uno-por-uno-cuales-son-los-aumentos-confirmados-en-mayo-para-todos-los-trabajadores\/#primaryimage\"},\"image\":{\"@id\":\"https:\/\/gysfm.com.ar\/inicio\/uno-por-uno-cuales-son-los-aumentos-confirmados-en-mayo-para-todos-los-trabajadores\/#primaryimage\"},\"thumbnailUrl\":\"https:\/\/gysfm.com.ar\/inicio\/wp-content\/uploads\/2026\/05\/pesos-billetes.webp.png\",\"datePublished\":\"2026-05-01T15:16:20+00:00\",\"breadcrumb\":{\"@id\":\"https:\/\/gysfm.com.ar\/inicio\/uno-por-uno-cuales-son-los-aumentos-confirmados-en-mayo-para-todos-los-trabajadores\/#breadcrumb\"},\"inLanguage\":\"es\",\"potentialAction\":[{\"@type\":\"ReadAction\",\"target\":[\"https:\/\/gysfm.com.ar\/inicio\/uno-por-uno-cuales-son-los-aumentos-confirmados-en-mayo-para-todos-los-trabajadores\/\"]}]},{\"@type\":\"ImageObject\",\"inLanguage\":\"es\",\"@id\":\"https:\/\/gysfm.com.ar\/inicio\/uno-por-uno-cuales-son-los-aumentos-confirmados-en-mayo-para-todos-los-trabajadores\/#primaryimage\",\"url\":\"https:\/\/gysfm.com.ar\/inicio\/wp-content\/uploads\/2026\/05\/pesos-billetes.webp.png\",\"contentUrl\":\"https:\/\/gysfm.com.ar\/inicio\/wp-content\/uploads\/2026\/05\/pesos-billetes.webp.png\",\"width\":1200,\"height\":675},{\"@type\":\"BreadcrumbList\",\"@id\":\"https:\/\/gysfm.com.ar\/inicio\/uno-por-uno-cuales-son-los-aumentos-confirmados-en-mayo-para-todos-los-trabajadores\/#breadcrumb\",\"itemListElement\":[{\"@type\":\"ListItem\",\"position\":1,\"name\":\"Portada\",\"item\":\"https:\/\/gysfm.com.ar\/inicio\/\"},{\"@type\":\"ListItem\",\"position\":2,\"name\":\"uno por uno, cu\u00e1les son los aumentos confirmados en mayo para todos los trabajadores\"}]},{\"@type\":\"WebSite\",\"@id\":\"https:\/\/gysfm.com.ar\/inicio\/#website\",\"url\":\"https:\/\/gysfm.com.ar\/inicio\/\",\"name\":\"GYS NOTICIAS |\",\"description\":\"DIARIO - RADIO ONLINE SAN JUAN ARGENTINA\",\"publisher\":{\"@id\":\"https:\/\/gysfm.com.ar\/inicio\/#organization\"},\"potentialAction\":[{\"@type\":\"SearchAction\",\"target\":{\"@type\":\"EntryPoint\",\"urlTemplate\":\"https:\/\/gysfm.com.ar\/inicio\/?s={search_term_string}\"},\"query-input\":{\"@type\":\"PropertyValueSpecification\",\"valueRequired\":true,\"valueName\":\"search_term_string\"}}],\"inLanguage\":\"es\"},{\"@type\":\"Organization\",\"@id\":\"https:\/\/gysfm.com.ar\/inicio\/#organization\",\"name\":\"GYS NOTICIAS |\",\"url\":\"https:\/\/gysfm.com.ar\/inicio\/\",\"logo\":{\"@type\":\"ImageObject\",\"inLanguage\":\"es\",\"@id\":\"https:\/\/gysfm.com.ar\/inicio\/#\/schema\/logo\/image\/\",\"url\":\"https:\/\/gysfm.com.ar\/inicio\/wp-content\/uploads\/2023\/07\/LOGOGYS-OK.png\",\"contentUrl\":\"https:\/\/gysfm.com.ar\/inicio\/wp-content\/uploads\/2023\/07\/LOGOGYS-OK.png\",\"width\":1170,\"height\":872,\"caption\":\"GYS NOTICIAS |\"},\"image\":{\"@id\":\"https:\/\/gysfm.com.ar\/inicio\/#\/schema\/logo\/image\/\"}},{\"@type\":\"Person\",\"@id\":\"https:\/\/gysfm.com.ar\/inicio\/#\/schema\/person\/5bedd7ecd35cc35548d89effafa23696\",\"name\":\"admin\",\"image\":{\"@type\":\"ImageObject\",\"inLanguage\":\"es\",\"@id\":\"https:\/\/gysfm.com.ar\/inicio\/#\/schema\/person\/image\/\",\"url\":\"https:\/\/secure.gravatar.com\/avatar\/c331d312b5243fb64d5ba28108a447b27c925295129a363082c9ea52c28d32c2?s=96&d=mm&r=g\",\"contentUrl\":\"https:\/\/secure.gravatar.com\/avatar\/c331d312b5243fb64d5ba28108a447b27c925295129a363082c9ea52c28d32c2?s=96&d=mm&r=g\",\"caption\":\"admin\"},\"sameAs\":[\"https:\/\/gysfm.com.ar\/inicio\"],\"url\":\"https:\/\/gysfm.com.ar\/inicio\/author\/admin\/\"}]}<\/script>\n<!-- \/ Yoast SEO plugin. -->","yoast_head_json":{"title":"uno por uno, cu\u00e1les son los aumentos confirmados en mayo para todos los trabajadores - GYS NOTICIAS |","robots":{"index":"index","follow":"follow","max-snippet":"max-snippet:-1","max-image-preview":"max-image-preview:large","max-video-preview":"max-video-preview:-1"},"canonical":"https:\/\/gysfm.com.ar\/inicio\/uno-por-uno-cuales-son-los-aumentos-confirmados-en-mayo-para-todos-los-trabajadores\/","og_locale":"es_ES","og_type":"article","og_title":"uno por uno, cu\u00e1les son los aumentos confirmados en mayo para todos los trabajadores - GYS NOTICIAS |","og_description":"A su vez, un relevamiento de la Universidad de San Andr\u00e9s (UDESA) refleja el creciente malestar social: en abril, los bajos salarios se ubicaron entre las tres principales preocupaciones de la poblaci\u00f3n, una inquietud que se intensific\u00f3 desde diciembre de 2025. En este contexto, distintos sectores avanzaron con nuevos acuerdos salariales para el mes en [&hellip;]","og_url":"https:\/\/gysfm.com.ar\/inicio\/uno-por-uno-cuales-son-los-aumentos-confirmados-en-mayo-para-todos-los-trabajadores\/","og_site_name":"GYS NOTICIAS |","article_published_time":"2026-05-01T15:16:20+00:00","og_image":[{"url":"https:\/\/media.ambito.com\/p\/ff9cb23e1b118358c8979f85b32d2762\/adjuntos\/239\/imagenes\/043\/338\/0043338703\/730x0\/smart\/image.png","type":"","width":"","height":""}],"author":"admin","twitter_card":"summary_large_image","twitter_misc":{"Escrito por":"admin","Tiempo de lectura":"7 minutos"},"schema":{"@context":"https:\/\/schema.org","@graph":[{"@type":"Article","@id":"https:\/\/gysfm.com.ar\/inicio\/uno-por-uno-cuales-son-los-aumentos-confirmados-en-mayo-para-todos-los-trabajadores\/#article","isPartOf":{"@id":"https:\/\/gysfm.com.ar\/inicio\/uno-por-uno-cuales-son-los-aumentos-confirmados-en-mayo-para-todos-los-trabajadores\/"},"author":{"name":"admin","@id":"https:\/\/gysfm.com.ar\/inicio\/#\/schema\/person\/5bedd7ecd35cc35548d89effafa23696"},"headline":"uno por uno, cu\u00e1les son los aumentos confirmados en mayo para todos los trabajadores","datePublished":"2026-05-01T15:16:20+00:00","mainEntityOfPage":{"@id":"https:\/\/gysfm.com.ar\/inicio\/uno-por-uno-cuales-son-los-aumentos-confirmados-en-mayo-para-todos-los-trabajadores\/"},"wordCount":1461,"publisher":{"@id":"https:\/\/gysfm.com.ar\/inicio\/#organization"},"image":{"@id":"https:\/\/gysfm.com.ar\/inicio\/uno-por-uno-cuales-son-los-aumentos-confirmados-en-mayo-para-todos-los-trabajadores\/#primaryimage"},"thumbnailUrl":"https:\/\/gysfm.com.ar\/inicio\/wp-content\/uploads\/2026\/05\/pesos-billetes.webp.png","articleSection":["ECONOMIA"],"inLanguage":"es"},{"@type":"WebPage","@id":"https:\/\/gysfm.com.ar\/inicio\/uno-por-uno-cuales-son-los-aumentos-confirmados-en-mayo-para-todos-los-trabajadores\/","url":"https:\/\/gysfm.com.ar\/inicio\/uno-por-uno-cuales-son-los-aumentos-confirmados-en-mayo-para-todos-los-trabajadores\/","name":"uno por uno, cu\u00e1les son los aumentos confirmados en mayo para todos los trabajadores - GYS NOTICIAS |","isPartOf":{"@id":"https:\/\/gysfm.com.ar\/inicio\/#website"},"primaryImageOfPage":{"@id":"https:\/\/gysfm.com.ar\/inicio\/uno-por-uno-cuales-son-los-aumentos-confirmados-en-mayo-para-todos-los-trabajadores\/#primaryimage"},"image":{"@id":"https:\/\/gysfm.com.ar\/inicio\/uno-por-uno-cuales-son-los-aumentos-confirmados-en-mayo-para-todos-los-trabajadores\/#primaryimage"},"thumbnailUrl":"https:\/\/gysfm.com.ar\/inicio\/wp-content\/uploads\/2026\/05\/pesos-billetes.webp.png","datePublished":"2026-05-01T15:16:20+00:00","breadcrumb":{"@id":"https:\/\/gysfm.com.ar\/inicio\/uno-por-uno-cuales-son-los-aumentos-confirmados-en-mayo-para-todos-los-trabajadores\/#breadcrumb"},"inLanguage":"es","potentialAction":[{"@type":"ReadAction","target":["https:\/\/gysfm.com.ar\/inicio\/uno-por-uno-cuales-son-los-aumentos-confirmados-en-mayo-para-todos-los-trabajadores\/"]}]},{"@type":"ImageObject","inLanguage":"es","@id":"https:\/\/gysfm.com.ar\/inicio\/uno-por-uno-cuales-son-los-aumentos-confirmados-en-mayo-para-todos-los-trabajadores\/#primaryimage","url":"https:\/\/gysfm.com.ar\/inicio\/wp-content\/uploads\/2026\/05\/pesos-billetes.webp.png","contentUrl":"https:\/\/gysfm.com.ar\/inicio\/wp-content\/uploads\/2026\/05\/pesos-billetes.webp.png","width":1200,"height":675},{"@type":"BreadcrumbList","@id":"https:\/\/gysfm.com.ar\/inicio\/uno-por-uno-cuales-son-los-aumentos-confirmados-en-mayo-para-todos-los-trabajadores\/#breadcrumb","itemListElement":[{"@type":"ListItem","position":1,"name":"Portada","item":"https:\/\/gysfm.com.ar\/inicio\/"},{"@type":"ListItem","position":2,"name":"uno por uno, cu\u00e1les son los aumentos confirmados en mayo para todos los trabajadores"}]},{"@type":"WebSite","@id":"https:\/\/gysfm.com.ar\/inicio\/#website","url":"https:\/\/gysfm.com.ar\/inicio\/","name":"GYS NOTICIAS |","description":"DIARIO - RADIO ONLINE SAN JUAN ARGENTINA","publisher":{"@id":"https:\/\/gysfm.com.ar\/inicio\/#organization"},"potentialAction":[{"@type":"SearchAction","target":{"@type":"EntryPoint","urlTemplate":"https:\/\/gysfm.com.ar\/inicio\/?s={search_term_string}"},"query-input":{"@type":"PropertyValueSpecification","valueRequired":true,"valueName":"search_term_string"}}],"inLanguage":"es"},{"@type":"Organization","@id":"https:\/\/gysfm.com.ar\/inicio\/#organization","name":"GYS NOTICIAS |","url":"https:\/\/gysfm.com.ar\/inicio\/","logo":{"@type":"ImageObject","inLanguage":"es","@id":"https:\/\/gysfm.com.ar\/inicio\/#\/schema\/logo\/image\/","url":"https:\/\/gysfm.com.ar\/inicio\/wp-content\/uploads\/2023\/07\/LOGOGYS-OK.png","contentUrl":"https:\/\/gysfm.com.ar\/inicio\/wp-content\/uploads\/2023\/07\/LOGOGYS-OK.png","width":1170,"height":872,"caption":"GYS NOTICIAS |"},"image":{"@id":"https:\/\/gysfm.com.ar\/inicio\/#\/schema\/logo\/image\/"}},{"@type":"Person","@id":"https:\/\/gysfm.com.ar\/inicio\/#\/schema\/person\/5bedd7ecd35cc35548d89effafa23696","name":"admin","image":{"@type":"ImageObject","inLanguage":"es","@id":"https:\/\/gysfm.com.ar\/inicio\/#\/schema\/person\/image\/","url":"https:\/\/secure.gravatar.com\/avatar\/c331d312b5243fb64d5ba28108a447b27c925295129a363082c9ea52c28d32c2?s=96&d=mm&r=g","contentUrl":"https:\/\/secure.gravatar.com\/avatar\/c331d312b5243fb64d5ba28108a447b27c925295129a363082c9ea52c28d32c2?s=96&d=mm&r=g","caption":"admin"},"sameAs":["https:\/\/gysfm.com.ar\/inicio"],"url":"https:\/\/gysfm.com.ar\/inicio\/author\/admin\/"}]}},"_links":{"self":[{"href":"https:\/\/gysfm.com.ar\/inicio\/wp-json\/wp\/v2\/posts\/194103","targetHints":{"allow":["GET"]}}],"collection":[{"href":"https:\/\/gysfm.com.ar\/inicio\/wp-json\/wp\/v2\/posts"}],"about":[{"href":"https:\/\/gysfm.com.ar\/inicio\/wp-json\/wp\/v2\/types\/post"}],"author":[{"embeddable":true,"href":"https:\/\/gysfm.com.ar\/inicio\/wp-json\/wp\/v2\/users\/1"}],"replies":[{"embeddable":true,"href":"https:\/\/gysfm.com.ar\/inicio\/wp-json\/wp\/v2\/comments?post=194103"}],"version-history":[{"count":0,"href":"https:\/\/gysfm.com.ar\/inicio\/wp-json\/wp\/v2\/posts\/194103\/revisions"}],"wp:featuredmedia":[{"embeddable":true,"href":"https:\/\/gysfm.com.ar\/inicio\/wp-json\/wp\/v2\/media\/194104"}],"wp:attachment":[{"href":"https:\/\/gysfm.com.ar\/inicio\/wp-json\/wp\/v2\/media?parent=194103"}],"wp:term":[{"taxonomy":"category","embeddable":true,"href":"https:\/\/gysfm.com.ar\/inicio\/wp-json\/wp\/v2\/categories?post=194103"},{"taxonomy":"post_tag","embeddable":true,"href":"https:\/\/gysfm.com.ar\/inicio\/wp-json\/wp\/v2\/tags?post=194103"}],"curies":[{"name":"wp","href":"https:\/\/api.w.org\/{rel}","templated":true}]}}