{"id":194095,"date":"2026-05-01T11:55:26","date_gmt":"2026-05-01T14:55:26","guid":{"rendered":"https:\/\/gysfm.com.ar\/inicio\/left-winger-bregman-tops-popularity-poll-as-president-plummets\/"},"modified":"2026-05-01T11:55:26","modified_gmt":"2026-05-01T14:55:26","slug":"left-winger-bregman-tops-popularity-poll-as-president-plummets","status":"publish","type":"post","link":"https:\/\/gysfm.com.ar\/inicio\/left-winger-bregman-tops-popularity-poll-as-president-plummets\/","title":{"rendered":"Left-winger Bregman tops popularity poll as President plummets"},"content":{"rendered":"<p><\/p>\n<div id=\"news-body\" style=\"overflow-x: hidden;\">\n<p>Left-wing lawmaker Myriam Bregman is the political figure with the highest positive approval rating in Argentina, according to a new survey.<\/p>\n<p>Bregman, 54, emerged with 47 percent positive approval from the poll carried out by the Brazilian consultancy firm.\u00a0<\/p>\n<p>The Partido de los Trabajadores Socialistas lawmaker, who is part of the Frente de Izquierda y de los Trabajadores\u2013Unidad (FIT-U) coalition, was the only politicalian of the 15 national figures assessed to have a net positive rating. It stood at just one percent, however, giving her a negative reading of 46 percent.<\/p>\n<p>Trailing Bregman was Buenos Aires Province Governor Axel Kicillof in second with a 46 percent positive rating and former president Cristina Fern\u00e1ndez de Kirchner in third with 41 percent. Both had net negative readings, with Kicillof on minus three percent and his former boss on minus 12 percent.<\/p>\n<p>President Milei, whose approval ratings helped him top the monthly Atlas Intel poll until late 2025, scored 36 percent positive and 62 percent negative in this survey, placing him fifth, one place behind his party ally, La Libertad Avanza Senator Patricia Bullrich.<\/p>\n<p>The others tracked, in order of position, was Lower House Speaker Mart\u00edn Menem, former Peronist presidential candidate Sergio Massa, ex-president Mauricio Macri, presidential adviser Santiago Caputo and Buenos Aires City Mayor Jorge Macri.<\/p>\n<p>The lowest ranking politicians (worst to best) were ex-president Alberto Fern\u00e1ndez, former Buenos Aires City mayor Horacio Rodr\u00edguez Larreta, C\u00f3rdoba deputy Juan Schiaretti, Presidential Chief-of-Staff Karina Milei and Vice-President Victoria Villarruel.<\/p>\n<p>The poll also asked respondents for their opinion on the government\u2019s performance: 59.3 percent rated it \u201cpoor\/very poor,\u201d 30.6 percent said \u201cexcellent\/good\u201d and 10.1 percent chose \u201caverage.\u201d<\/p>\n<p>Those surveyed were asked about Javier Milei\u2019s performance as president: 63 percent disapproved, while 35.5 percent approved.<\/p>\n<p>Atlas Intel\u2019s reputation has been boosted in recent years after it was the only consultancy firm to predict Milei\u2019s victory in both the 2023 primaries and the run-off presidential election of the same year.<\/p>\n<p>The firm\u2019s survey was conducted between April 24 and 28 and consulted more than 4,800 respondents online.\u00a0<\/p>\n<p>&#13;<br \/>\n\u2013 TIMES\/NA<\/p>\n<p>\t\t\t\t\t\t\t\t<!-- e-planning v3 - Comienzo espacio _ articulo _ teads --><\/p>\n<p><noscript><a href=\"https:\/\/ads.us.e-planning.net\/ei\/3\/212f2\/articulo\/teads?it=i&amp;rnd=$RANDOM\" target=\"_blank\"><img loading=\"lazy\" decoding=\"async\" width=\"1\" height=\"1\" alt=\"e-planning ad\" src=\"https:\/\/ads.us.e-planning.net\/eb\/3\/212f2\/articulo\/teads?o=i&amp;rnd=$RANDOM\" border=\"0\"\/><\/a><\/noscript><br \/>\n<!-- e-planning v3 - Fin espacio _ articulo _ teads --><\/p><\/div>\n<p><script>(function(d, s, id) {\n\t\tvar js, fjs = d.getElementsByTagName(s)[0];\n\t\tif (d.getElementById(id)) return;\n\t\tjs = d.createElement(s); js.id = id;\n\t\tjs.src=\"https:\/\/connect.facebook.net\/es_LA\/sdk.js#xfbml=1&version=v3.1\";\n\t\tfjs.parentNode.insertBefore(js, fjs);\n\t}(document, 'script', 'facebook-jssdk'));<\/script><\/p>\n","protected":false},"excerpt":{"rendered":"<p>Left-wing lawmaker Myriam Bregman is the political figure with the highest positive approval rating in Argentina, according to a new survey. Bregman, 54, emerged with 47 percent positive approval from the poll carried out by the Brazilian consultancy firm.\u00a0 The Partido de los Trabajadores Socialistas lawmaker, who is part of the Frente de Izquierda y [&hellip;]<\/p>\n","protected":false},"author":2,"featured_media":194096,"comment_status":"closed","ping_status":"closed","sticky":false,"template":"","format":"standard","meta":{"footnotes":""},"categories":[25],"tags":[],"class_list":["post-194095","post","type-post","status-publish","format-standard","has-post-thumbnail","hentry","category-nacionales"],"yoast_head":"<!-- This site is optimized with the Yoast SEO plugin v24.4 - https:\/\/yoast.com\/wordpress\/plugins\/seo\/ -->\n<title>Left-winger Bregman tops popularity poll as President plummets - GYS NOTICIAS |<\/title>\n<meta name=\"robots\" content=\"index, follow, max-snippet:-1, max-image-preview:large, max-video-preview:-1\" \/>\n<link rel=\"canonical\" href=\"https:\/\/gysfm.com.ar\/inicio\/left-winger-bregman-tops-popularity-poll-as-president-plummets\/\" \/>\n<meta property=\"og:locale\" content=\"es_ES\" \/>\n<meta property=\"og:type\" content=\"article\" \/>\n<meta property=\"og:title\" content=\"Left-winger Bregman tops popularity poll as President plummets - GYS NOTICIAS |\" \/>\n<meta property=\"og:description\" content=\"Left-wing lawmaker Myriam Bregman is the political figure with the highest positive approval rating in Argentina, according to a new survey. Bregman, 54, emerged with 47 percent positive approval from the poll carried out by the Brazilian consultancy firm.\u00a0 The Partido de los Trabajadores Socialistas lawmaker, who is part of the Frente de Izquierda y [&hellip;]\" \/>\n<meta property=\"og:url\" content=\"https:\/\/gysfm.com.ar\/inicio\/left-winger-bregman-tops-popularity-poll-as-president-plummets\/\" \/>\n<meta property=\"og:site_name\" content=\"GYS NOTICIAS |\" \/>\n<meta property=\"article:published_time\" content=\"2026-05-01T14:55:26+00:00\" \/>\n<meta property=\"og:image\" content=\"https:\/\/ads.us.e-planning.net\/eb\/3\/212f2\/articulo\/teads?o=i&amp;rnd=$RANDOM\" \/>\n<meta name=\"author\" content=\"Prensa G&amp;S FM\" \/>\n<meta name=\"twitter:card\" content=\"summary_large_image\" \/>\n<meta name=\"twitter:label1\" content=\"Escrito por\" \/>\n\t<meta name=\"twitter:data1\" content=\"Prensa G&amp;S FM\" \/>\n\t<meta name=\"twitter:label2\" content=\"Tiempo de lectura\" \/>\n\t<meta name=\"twitter:data2\" content=\"2 minutos\" \/>\n<script type=\"application\/ld+json\" class=\"yoast-schema-graph\">{\"@context\":\"https:\/\/schema.org\",\"@graph\":[{\"@type\":\"Article\",\"@id\":\"https:\/\/gysfm.com.ar\/inicio\/left-winger-bregman-tops-popularity-poll-as-president-plummets\/#article\",\"isPartOf\":{\"@id\":\"https:\/\/gysfm.com.ar\/inicio\/left-winger-bregman-tops-popularity-poll-as-president-plummets\/\"},\"author\":{\"name\":\"Prensa G&amp;S FM\",\"@id\":\"https:\/\/gysfm.com.ar\/inicio\/#\/schema\/person\/3abba7593ef2ad19e1be221d54383dc5\"},\"headline\":\"Left-winger Bregman tops popularity poll as President plummets\",\"datePublished\":\"2026-05-01T14:55:26+00:00\",\"mainEntityOfPage\":{\"@id\":\"https:\/\/gysfm.com.ar\/inicio\/left-winger-bregman-tops-popularity-poll-as-president-plummets\/\"},\"wordCount\":344,\"publisher\":{\"@id\":\"https:\/\/gysfm.com.ar\/inicio\/#organization\"},\"image\":{\"@id\":\"https:\/\/gysfm.com.ar\/inicio\/left-winger-bregman-tops-popularity-poll-as-president-plummets\/#primaryimage\"},\"thumbnailUrl\":\"https:\/\/gysfm.com.ar\/inicio\/wp-content\/uploads\/2026\/05\/left-wing-lawmaker-myriam-bregman-2231282.jpg\",\"articleSection\":[\"NACIONALES\"],\"inLanguage\":\"es\"},{\"@type\":\"WebPage\",\"@id\":\"https:\/\/gysfm.com.ar\/inicio\/left-winger-bregman-tops-popularity-poll-as-president-plummets\/\",\"url\":\"https:\/\/gysfm.com.ar\/inicio\/left-winger-bregman-tops-popularity-poll-as-president-plummets\/\",\"name\":\"Left-winger Bregman tops popularity poll as President plummets - GYS NOTICIAS |\",\"isPartOf\":{\"@id\":\"https:\/\/gysfm.com.ar\/inicio\/#website\"},\"primaryImageOfPage\":{\"@id\":\"https:\/\/gysfm.com.ar\/inicio\/left-winger-bregman-tops-popularity-poll-as-president-plummets\/#primaryimage\"},\"image\":{\"@id\":\"https:\/\/gysfm.com.ar\/inicio\/left-winger-bregman-tops-popularity-poll-as-president-plummets\/#primaryimage\"},\"thumbnailUrl\":\"https:\/\/gysfm.com.ar\/inicio\/wp-content\/uploads\/2026\/05\/left-wing-lawmaker-myriam-bregman-2231282.jpg\",\"datePublished\":\"2026-05-01T14:55:26+00:00\",\"breadcrumb\":{\"@id\":\"https:\/\/gysfm.com.ar\/inicio\/left-winger-bregman-tops-popularity-poll-as-president-plummets\/#breadcrumb\"},\"inLanguage\":\"es\",\"potentialAction\":[{\"@type\":\"ReadAction\",\"target\":[\"https:\/\/gysfm.com.ar\/inicio\/left-winger-bregman-tops-popularity-poll-as-president-plummets\/\"]}]},{\"@type\":\"ImageObject\",\"inLanguage\":\"es\",\"@id\":\"https:\/\/gysfm.com.ar\/inicio\/left-winger-bregman-tops-popularity-poll-as-president-plummets\/#primaryimage\",\"url\":\"https:\/\/gysfm.com.ar\/inicio\/wp-content\/uploads\/2026\/05\/left-wing-lawmaker-myriam-bregman-2231282.jpg\",\"contentUrl\":\"https:\/\/gysfm.com.ar\/inicio\/wp-content\/uploads\/2026\/05\/left-wing-lawmaker-myriam-bregman-2231282.jpg\",\"width\":1140,\"height\":641},{\"@type\":\"BreadcrumbList\",\"@id\":\"https:\/\/gysfm.com.ar\/inicio\/left-winger-bregman-tops-popularity-poll-as-president-plummets\/#breadcrumb\",\"itemListElement\":[{\"@type\":\"ListItem\",\"position\":1,\"name\":\"Portada\",\"item\":\"https:\/\/gysfm.com.ar\/inicio\/\"},{\"@type\":\"ListItem\",\"position\":2,\"name\":\"Left-winger Bregman tops popularity poll as President plummets\"}]},{\"@type\":\"WebSite\",\"@id\":\"https:\/\/gysfm.com.ar\/inicio\/#website\",\"url\":\"https:\/\/gysfm.com.ar\/inicio\/\",\"name\":\"GYS NOTICIAS |\",\"description\":\"DIARIO - RADIO ONLINE SAN JUAN ARGENTINA\",\"publisher\":{\"@id\":\"https:\/\/gysfm.com.ar\/inicio\/#organization\"},\"potentialAction\":[{\"@type\":\"SearchAction\",\"target\":{\"@type\":\"EntryPoint\",\"urlTemplate\":\"https:\/\/gysfm.com.ar\/inicio\/?s={search_term_string}\"},\"query-input\":{\"@type\":\"PropertyValueSpecification\",\"valueRequired\":true,\"valueName\":\"search_term_string\"}}],\"inLanguage\":\"es\"},{\"@type\":\"Organization\",\"@id\":\"https:\/\/gysfm.com.ar\/inicio\/#organization\",\"name\":\"GYS NOTICIAS |\",\"url\":\"https:\/\/gysfm.com.ar\/inicio\/\",\"logo\":{\"@type\":\"ImageObject\",\"inLanguage\":\"es\",\"@id\":\"https:\/\/gysfm.com.ar\/inicio\/#\/schema\/logo\/image\/\",\"url\":\"https:\/\/gysfm.com.ar\/inicio\/wp-content\/uploads\/2023\/07\/LOGOGYS-OK.png\",\"contentUrl\":\"https:\/\/gysfm.com.ar\/inicio\/wp-content\/uploads\/2023\/07\/LOGOGYS-OK.png\",\"width\":1170,\"height\":872,\"caption\":\"GYS NOTICIAS |\"},\"image\":{\"@id\":\"https:\/\/gysfm.com.ar\/inicio\/#\/schema\/logo\/image\/\"}},{\"@type\":\"Person\",\"@id\":\"https:\/\/gysfm.com.ar\/inicio\/#\/schema\/person\/3abba7593ef2ad19e1be221d54383dc5\",\"name\":\"Prensa G&amp;S FM\",\"image\":{\"@type\":\"ImageObject\",\"inLanguage\":\"es\",\"@id\":\"https:\/\/gysfm.com.ar\/inicio\/#\/schema\/person\/image\/\",\"url\":\"https:\/\/secure.gravatar.com\/avatar\/096ec78df02049ab018702bb4ccedf659377fa92a26540b5247612077a0dbd29?s=96&d=mm&r=g\",\"contentUrl\":\"https:\/\/secure.gravatar.com\/avatar\/096ec78df02049ab018702bb4ccedf659377fa92a26540b5247612077a0dbd29?s=96&d=mm&r=g\",\"caption\":\"Prensa G&amp;S FM\"},\"sameAs\":[\"https:\/\/gysfm.com.ar\/\"],\"url\":\"https:\/\/gysfm.com.ar\/inicio\/author\/lucasm\/\"}]}<\/script>\n<!-- \/ Yoast SEO plugin. -->","yoast_head_json":{"title":"Left-winger Bregman tops popularity poll as President plummets - GYS NOTICIAS |","robots":{"index":"index","follow":"follow","max-snippet":"max-snippet:-1","max-image-preview":"max-image-preview:large","max-video-preview":"max-video-preview:-1"},"canonical":"https:\/\/gysfm.com.ar\/inicio\/left-winger-bregman-tops-popularity-poll-as-president-plummets\/","og_locale":"es_ES","og_type":"article","og_title":"Left-winger Bregman tops popularity poll as President plummets - GYS NOTICIAS |","og_description":"Left-wing lawmaker Myriam Bregman is the political figure with the highest positive approval rating in Argentina, according to a new survey. Bregman, 54, emerged with 47 percent positive approval from the poll carried out by the Brazilian consultancy firm.\u00a0 The Partido de los Trabajadores Socialistas lawmaker, who is part of the Frente de Izquierda y [&hellip;]","og_url":"https:\/\/gysfm.com.ar\/inicio\/left-winger-bregman-tops-popularity-poll-as-president-plummets\/","og_site_name":"GYS NOTICIAS |","article_published_time":"2026-05-01T14:55:26+00:00","og_image":[{"url":"https:\/\/ads.us.e-planning.net\/eb\/3\/212f2\/articulo\/teads?o=i&amp;rnd=$RANDOM","type":"","width":"","height":""}],"author":"Prensa G&amp;S FM","twitter_card":"summary_large_image","twitter_misc":{"Escrito por":"Prensa G&amp;S FM","Tiempo de lectura":"2 minutos"},"schema":{"@context":"https:\/\/schema.org","@graph":[{"@type":"Article","@id":"https:\/\/gysfm.com.ar\/inicio\/left-winger-bregman-tops-popularity-poll-as-president-plummets\/#article","isPartOf":{"@id":"https:\/\/gysfm.com.ar\/inicio\/left-winger-bregman-tops-popularity-poll-as-president-plummets\/"},"author":{"name":"Prensa G&amp;S FM","@id":"https:\/\/gysfm.com.ar\/inicio\/#\/schema\/person\/3abba7593ef2ad19e1be221d54383dc5"},"headline":"Left-winger Bregman tops popularity poll as President plummets","datePublished":"2026-05-01T14:55:26+00:00","mainEntityOfPage":{"@id":"https:\/\/gysfm.com.ar\/inicio\/left-winger-bregman-tops-popularity-poll-as-president-plummets\/"},"wordCount":344,"publisher":{"@id":"https:\/\/gysfm.com.ar\/inicio\/#organization"},"image":{"@id":"https:\/\/gysfm.com.ar\/inicio\/left-winger-bregman-tops-popularity-poll-as-president-plummets\/#primaryimage"},"thumbnailUrl":"https:\/\/gysfm.com.ar\/inicio\/wp-content\/uploads\/2026\/05\/left-wing-lawmaker-myriam-bregman-2231282.jpg","articleSection":["NACIONALES"],"inLanguage":"es"},{"@type":"WebPage","@id":"https:\/\/gysfm.com.ar\/inicio\/left-winger-bregman-tops-popularity-poll-as-president-plummets\/","url":"https:\/\/gysfm.com.ar\/inicio\/left-winger-bregman-tops-popularity-poll-as-president-plummets\/","name":"Left-winger Bregman tops popularity poll as President plummets - GYS NOTICIAS |","isPartOf":{"@id":"https:\/\/gysfm.com.ar\/inicio\/#website"},"primaryImageOfPage":{"@id":"https:\/\/gysfm.com.ar\/inicio\/left-winger-bregman-tops-popularity-poll-as-president-plummets\/#primaryimage"},"image":{"@id":"https:\/\/gysfm.com.ar\/inicio\/left-winger-bregman-tops-popularity-poll-as-president-plummets\/#primaryimage"},"thumbnailUrl":"https:\/\/gysfm.com.ar\/inicio\/wp-content\/uploads\/2026\/05\/left-wing-lawmaker-myriam-bregman-2231282.jpg","datePublished":"2026-05-01T14:55:26+00:00","breadcrumb":{"@id":"https:\/\/gysfm.com.ar\/inicio\/left-winger-bregman-tops-popularity-poll-as-president-plummets\/#breadcrumb"},"inLanguage":"es","potentialAction":[{"@type":"ReadAction","target":["https:\/\/gysfm.com.ar\/inicio\/left-winger-bregman-tops-popularity-poll-as-president-plummets\/"]}]},{"@type":"ImageObject","inLanguage":"es","@id":"https:\/\/gysfm.com.ar\/inicio\/left-winger-bregman-tops-popularity-poll-as-president-plummets\/#primaryimage","url":"https:\/\/gysfm.com.ar\/inicio\/wp-content\/uploads\/2026\/05\/left-wing-lawmaker-myriam-bregman-2231282.jpg","contentUrl":"https:\/\/gysfm.com.ar\/inicio\/wp-content\/uploads\/2026\/05\/left-wing-lawmaker-myriam-bregman-2231282.jpg","width":1140,"height":641},{"@type":"BreadcrumbList","@id":"https:\/\/gysfm.com.ar\/inicio\/left-winger-bregman-tops-popularity-poll-as-president-plummets\/#breadcrumb","itemListElement":[{"@type":"ListItem","position":1,"name":"Portada","item":"https:\/\/gysfm.com.ar\/inicio\/"},{"@type":"ListItem","position":2,"name":"Left-winger Bregman tops popularity poll as President plummets"}]},{"@type":"WebSite","@id":"https:\/\/gysfm.com.ar\/inicio\/#website","url":"https:\/\/gysfm.com.ar\/inicio\/","name":"GYS NOTICIAS |","description":"DIARIO - RADIO ONLINE SAN JUAN ARGENTINA","publisher":{"@id":"https:\/\/gysfm.com.ar\/inicio\/#organization"},"potentialAction":[{"@type":"SearchAction","target":{"@type":"EntryPoint","urlTemplate":"https:\/\/gysfm.com.ar\/inicio\/?s={search_term_string}"},"query-input":{"@type":"PropertyValueSpecification","valueRequired":true,"valueName":"search_term_string"}}],"inLanguage":"es"},{"@type":"Organization","@id":"https:\/\/gysfm.com.ar\/inicio\/#organization","name":"GYS NOTICIAS |","url":"https:\/\/gysfm.com.ar\/inicio\/","logo":{"@type":"ImageObject","inLanguage":"es","@id":"https:\/\/gysfm.com.ar\/inicio\/#\/schema\/logo\/image\/","url":"https:\/\/gysfm.com.ar\/inicio\/wp-content\/uploads\/2023\/07\/LOGOGYS-OK.png","contentUrl":"https:\/\/gysfm.com.ar\/inicio\/wp-content\/uploads\/2023\/07\/LOGOGYS-OK.png","width":1170,"height":872,"caption":"GYS NOTICIAS |"},"image":{"@id":"https:\/\/gysfm.com.ar\/inicio\/#\/schema\/logo\/image\/"}},{"@type":"Person","@id":"https:\/\/gysfm.com.ar\/inicio\/#\/schema\/person\/3abba7593ef2ad19e1be221d54383dc5","name":"Prensa G&amp;S FM","image":{"@type":"ImageObject","inLanguage":"es","@id":"https:\/\/gysfm.com.ar\/inicio\/#\/schema\/person\/image\/","url":"https:\/\/secure.gravatar.com\/avatar\/096ec78df02049ab018702bb4ccedf659377fa92a26540b5247612077a0dbd29?s=96&d=mm&r=g","contentUrl":"https:\/\/secure.gravatar.com\/avatar\/096ec78df02049ab018702bb4ccedf659377fa92a26540b5247612077a0dbd29?s=96&d=mm&r=g","caption":"Prensa G&amp;S FM"},"sameAs":["https:\/\/gysfm.com.ar\/"],"url":"https:\/\/gysfm.com.ar\/inicio\/author\/lucasm\/"}]}},"_links":{"self":[{"href":"https:\/\/gysfm.com.ar\/inicio\/wp-json\/wp\/v2\/posts\/194095","targetHints":{"allow":["GET"]}}],"collection":[{"href":"https:\/\/gysfm.com.ar\/inicio\/wp-json\/wp\/v2\/posts"}],"about":[{"href":"https:\/\/gysfm.com.ar\/inicio\/wp-json\/wp\/v2\/types\/post"}],"author":[{"embeddable":true,"href":"https:\/\/gysfm.com.ar\/inicio\/wp-json\/wp\/v2\/users\/2"}],"replies":[{"embeddable":true,"href":"https:\/\/gysfm.com.ar\/inicio\/wp-json\/wp\/v2\/comments?post=194095"}],"version-history":[{"count":0,"href":"https:\/\/gysfm.com.ar\/inicio\/wp-json\/wp\/v2\/posts\/194095\/revisions"}],"wp:featuredmedia":[{"embeddable":true,"href":"https:\/\/gysfm.com.ar\/inicio\/wp-json\/wp\/v2\/media\/194096"}],"wp:attachment":[{"href":"https:\/\/gysfm.com.ar\/inicio\/wp-json\/wp\/v2\/media?parent=194095"}],"wp:term":[{"taxonomy":"category","embeddable":true,"href":"https:\/\/gysfm.com.ar\/inicio\/wp-json\/wp\/v2\/categories?post=194095"},{"taxonomy":"post_tag","embeddable":true,"href":"https:\/\/gysfm.com.ar\/inicio\/wp-json\/wp\/v2\/tags?post=194095"}],"curies":[{"name":"wp","href":"https:\/\/api.w.org\/{rel}","templated":true}]}}