{"id":194086,"date":"2026-05-01T10:56:34","date_gmt":"2026-05-01T13:56:34","guid":{"rendered":"https:\/\/gysfm.com.ar\/inicio\/horror-en-espana-detuvieron-a-una-maestra-acusada-de-abusos-y-maltratos-a-18-ninos-en-un-jardin-de-infantes\/"},"modified":"2026-05-01T10:56:35","modified_gmt":"2026-05-01T13:56:35","slug":"horror-en-espana-detuvieron-a-una-maestra-acusada-de-abusos-y-maltratos-a-18-ninos-en-un-jardin-de-infantes","status":"publish","type":"post","link":"https:\/\/gysfm.com.ar\/inicio\/horror-en-espana-detuvieron-a-una-maestra-acusada-de-abusos-y-maltratos-a-18-ninos-en-un-jardin-de-infantes\/","title":{"rendered":"Horror en Espa\u00f1a: detuvieron a una maestra acusada de abusos y maltratos a 18 ni\u00f1os en un jard\u00edn de infantes"},"content":{"rendered":"<p> <br \/>\n<\/p>\n<div>\n<p class=\"com-paragraph  --capital --s\">La justicia espa\u00f1ola imput\u00f3 a una maestra en la ciudad de C\u00f3rdoba<strong> acusada de maltratar a 18 ni\u00f1os,<\/strong> de entre tres y cuatro a\u00f1os, que asisten a Educaci\u00f3n Infantil en un colegio p\u00fablico.<\/p>\n<p class=\"com-paragraph   --s\">Seg\u00fan confirmaron fuentes de la investigaci\u00f3n al diario<em> ABC<\/em>, la mujer fue <strong>detenida por la polic\u00eda el 12 de marzo y despu\u00e9s liberada con cargos<\/strong>, aunque apartada de sus funciones.<\/p>\n<p class=\"com-paragraph   --s\">El caso sali\u00f3 a la luz tras las denuncias presentadas por las familias de los alumnos en las que resaltaron los distintos episodios que hab\u00edan sido contados por los propios ni\u00f1os. Entre ellos, mencionaron situaciones de<strong> encierro en el ba\u00f1o, golpes en las manos, tirones de pelo y pellizcos en distintas partes del cuerpo<\/strong>. <\/p>\n<div class=\"content-media\">\n<section role=\"button\" class=\"mod-media   \">\n<figure role=\"button\" tabindex=\"0\" class=\"mod-figure \"><figcaption class=\"mod-figcaption\"><span class=\"com-text --caption --twoxs\">La docente fue apartada de sus funciones<\/span><span class=\"com-text --credit --twoxs\">Tasataur &#8211; Shutterstock<\/span><\/figcaption><\/figure>\n<\/section>\n<\/div>\n<p class=\"com-paragraph   --s\">Tambi\u00e9n se investigan <strong>presuntos tocamientos en partes \u00edntimas<\/strong>. Adem\u00e1s, se le atribuyeron otras conductas como que les quitaba la merienda a los ni\u00f1os o la comida de sus bandejas.<\/p>\n<p class=\"com-paragraph   --s\">Seg\u00fan estos testimonios de otros profesores del centro y alumnos la docente \u201cse dorm\u00eda en clase, hac\u00eda un uso abusivo del celular y delegaba sus clases. Adem\u00e1s, \u201chablaba muy alto a los ni\u00f1os y no ofrec\u00eda explicaciones adecuadas sobre las lecciones\u201d. <\/p>\n<p class=\"com-paragraph   --s\">La justicia del Tribunal de Instancia de lo Penal de C\u00f3rdoba impuso como medida cautelar <strong>la prohibici\u00f3n de comunicarse y aproximarse a los menores.<\/strong><\/p>\n<p class=\"com-paragraph   --s\">Una resoluci\u00f3n de la Direcci\u00f3n General del Profesorado y Gesti\u00f3n de Recursos Humanos de la Consejer\u00eda de Desarrollo Educativo y Formaci\u00f3n Profesional de la Junta de Andaluc\u00eda <strong>acord\u00f3 la suspensi\u00f3n provisional de funciones de esta maestra de Infantil,<\/strong> que no podr\u00e1 exceder los seis meses, aunque percibir\u00e1 las retribuciones b\u00e1sicas hasta que se dicte una resoluci\u00f3n judicial firme, seg\u00fan consign\u00f3 el medio citado.<\/p>\n<p class=\"com-paragraph   --s\">La Justicia y las autoridades educativas mantienen abiertas sus respectivas investigaciones en el fuero penal. El proceso se encuentra actualmente supeditado a la declaraci\u00f3n indagatoria de la docente imputada.<\/p>\n<p class=\"com-paragraph   --s\">A trav\u00e9s de una resoluci\u00f3n de la Direcci\u00f3n General del Profesorado, la Junta de Andaluc\u00eda dispuso la suspensi\u00f3n provisional de la docente de nivel inicial. La medida, que tendr\u00e1 un plazo m\u00e1ximo de seis meses, establece que percibir\u00e1 \u00fanicamente sus retribuciones b\u00e1sicas que se dicte una resoluci\u00f3n judicial firme, seg\u00fan consign\u00f3 el medio citado.<\/p>\n<section class=\"container-center-100 mb-40 border border-bottom border-thin border-neutral-light-700\">\n<hr\/>\n<\/section>\n<\/div>\n<p><script id=\"facebookpixel\" defer=\"\" type=\"text\/javascript\">\n        !function(f,b,e,v,n,t,s)\n        {if(f.fbq)return;n=f.fbq=function(){n.callMethod?\n        n.callMethod.apply(n,arguments):n.queue.push(arguments)};\n        if(!f._fbq)f._fbq=n;n.push=n;n.loaded=!0;n.version='2.0';\n        n.queue=[];t=b.createElement(e);t.async=!0;\n        t.src=v;s=b.getElementsByTagName(e)[0];\n        s.parentNode.insertBefore(t,s)}(window, document,'script',\n        'https:\/\/connect.facebook.net\/en_US\/fbevents.js');\n        fbq('init', '492459597522335');\n        fbq('track', 'PageView');\n    <\/script><br \/>\n<br \/><\/p>\n","protected":false},"excerpt":{"rendered":"<p>La justicia espa\u00f1ola imput\u00f3 a una maestra en la ciudad de C\u00f3rdoba acusada de maltratar a 18 ni\u00f1os, de entre tres y cuatro a\u00f1os, que asisten a Educaci\u00f3n Infantil en un colegio p\u00fablico. Seg\u00fan confirmaron fuentes de la investigaci\u00f3n al diario ABC, la mujer fue detenida por la polic\u00eda el 12 de marzo y despu\u00e9s [&hellip;]<\/p>\n","protected":false},"author":2,"featured_media":194087,"comment_status":"closed","ping_status":"closed","sticky":false,"template":"","format":"standard","meta":{"footnotes":""},"categories":[26],"tags":[],"class_list":["post-194086","post","type-post","status-publish","format-standard","has-post-thumbnail","hentry","category-internacionales"],"yoast_head":"<!-- This site is optimized with the Yoast SEO plugin v24.4 - https:\/\/yoast.com\/wordpress\/plugins\/seo\/ -->\n<title>Horror en Espa\u00f1a: detuvieron a una maestra acusada de abusos y maltratos a 18 ni\u00f1os en un jard\u00edn de infantes - GYS NOTICIAS |<\/title>\n<meta name=\"robots\" content=\"index, follow, max-snippet:-1, max-image-preview:large, max-video-preview:-1\" \/>\n<link rel=\"canonical\" href=\"https:\/\/gysfm.com.ar\/inicio\/horror-en-espana-detuvieron-a-una-maestra-acusada-de-abusos-y-maltratos-a-18-ninos-en-un-jardin-de-infantes\/\" \/>\n<meta property=\"og:locale\" content=\"es_ES\" \/>\n<meta property=\"og:type\" content=\"article\" \/>\n<meta property=\"og:title\" content=\"Horror en Espa\u00f1a: detuvieron a una maestra acusada de abusos y maltratos a 18 ni\u00f1os en un jard\u00edn de infantes - GYS NOTICIAS |\" \/>\n<meta property=\"og:description\" content=\"La justicia espa\u00f1ola imput\u00f3 a una maestra en la ciudad de C\u00f3rdoba acusada de maltratar a 18 ni\u00f1os, de entre tres y cuatro a\u00f1os, que asisten a Educaci\u00f3n Infantil en un colegio p\u00fablico. Seg\u00fan confirmaron fuentes de la investigaci\u00f3n al diario ABC, la mujer fue detenida por la polic\u00eda el 12 de marzo y despu\u00e9s [&hellip;]\" \/>\n<meta property=\"og:url\" content=\"https:\/\/gysfm.com.ar\/inicio\/horror-en-espana-detuvieron-a-una-maestra-acusada-de-abusos-y-maltratos-a-18-ninos-en-un-jardin-de-infantes\/\" \/>\n<meta property=\"og:site_name\" content=\"GYS NOTICIAS |\" \/>\n<meta property=\"article:published_time\" content=\"2026-05-01T13:56:34+00:00\" \/>\n<meta property=\"article:modified_time\" content=\"2026-05-01T13:56:35+00:00\" \/>\n<meta property=\"og:image\" content=\"https:\/\/gysfm.com.ar\/inicio\/wp-content\/uploads\/2026\/05\/ninos-ninas-ninos-jugando-ninas-jugando-jardin-de-TZMUCCS5MNCSNEFPSHYCXWNA44.jpg\" \/>\n\t<meta property=\"og:image:width\" content=\"1200\" \/>\n\t<meta property=\"og:image:height\" content=\"800\" \/>\n\t<meta property=\"og:image:type\" content=\"image\/jpeg\" \/>\n<meta name=\"author\" content=\"Prensa G&amp;S FM\" \/>\n<meta name=\"twitter:card\" content=\"summary_large_image\" \/>\n<meta name=\"twitter:label1\" content=\"Escrito por\" \/>\n\t<meta name=\"twitter:data1\" content=\"Prensa G&amp;S FM\" \/>\n\t<meta name=\"twitter:label2\" content=\"Tiempo de lectura\" \/>\n\t<meta name=\"twitter:data2\" content=\"2 minutos\" \/>\n<script type=\"application\/ld+json\" class=\"yoast-schema-graph\">{\"@context\":\"https:\/\/schema.org\",\"@graph\":[{\"@type\":\"Article\",\"@id\":\"https:\/\/gysfm.com.ar\/inicio\/horror-en-espana-detuvieron-a-una-maestra-acusada-de-abusos-y-maltratos-a-18-ninos-en-un-jardin-de-infantes\/#article\",\"isPartOf\":{\"@id\":\"https:\/\/gysfm.com.ar\/inicio\/horror-en-espana-detuvieron-a-una-maestra-acusada-de-abusos-y-maltratos-a-18-ninos-en-un-jardin-de-infantes\/\"},\"author\":{\"name\":\"Prensa G&amp;S FM\",\"@id\":\"https:\/\/gysfm.com.ar\/inicio\/#\/schema\/person\/3abba7593ef2ad19e1be221d54383dc5\"},\"headline\":\"Horror en Espa\u00f1a: detuvieron a una maestra acusada de abusos y maltratos a 18 ni\u00f1os en un jard\u00edn de infantes\",\"datePublished\":\"2026-05-01T13:56:34+00:00\",\"dateModified\":\"2026-05-01T13:56:35+00:00\",\"mainEntityOfPage\":{\"@id\":\"https:\/\/gysfm.com.ar\/inicio\/horror-en-espana-detuvieron-a-una-maestra-acusada-de-abusos-y-maltratos-a-18-ninos-en-un-jardin-de-infantes\/\"},\"wordCount\":433,\"publisher\":{\"@id\":\"https:\/\/gysfm.com.ar\/inicio\/#organization\"},\"image\":{\"@id\":\"https:\/\/gysfm.com.ar\/inicio\/horror-en-espana-detuvieron-a-una-maestra-acusada-de-abusos-y-maltratos-a-18-ninos-en-un-jardin-de-infantes\/#primaryimage\"},\"thumbnailUrl\":\"https:\/\/gysfm.com.ar\/inicio\/wp-content\/uploads\/2026\/05\/ninos-ninas-ninos-jugando-ninas-jugando-jardin-de-TZMUCCS5MNCSNEFPSHYCXWNA44.jpg\",\"articleSection\":[\"INTERNACIONALES\"],\"inLanguage\":\"es\"},{\"@type\":\"WebPage\",\"@id\":\"https:\/\/gysfm.com.ar\/inicio\/horror-en-espana-detuvieron-a-una-maestra-acusada-de-abusos-y-maltratos-a-18-ninos-en-un-jardin-de-infantes\/\",\"url\":\"https:\/\/gysfm.com.ar\/inicio\/horror-en-espana-detuvieron-a-una-maestra-acusada-de-abusos-y-maltratos-a-18-ninos-en-un-jardin-de-infantes\/\",\"name\":\"Horror en Espa\u00f1a: detuvieron a una maestra acusada de abusos y maltratos a 18 ni\u00f1os en un jard\u00edn de infantes - GYS NOTICIAS |\",\"isPartOf\":{\"@id\":\"https:\/\/gysfm.com.ar\/inicio\/#website\"},\"primaryImageOfPage\":{\"@id\":\"https:\/\/gysfm.com.ar\/inicio\/horror-en-espana-detuvieron-a-una-maestra-acusada-de-abusos-y-maltratos-a-18-ninos-en-un-jardin-de-infantes\/#primaryimage\"},\"image\":{\"@id\":\"https:\/\/gysfm.com.ar\/inicio\/horror-en-espana-detuvieron-a-una-maestra-acusada-de-abusos-y-maltratos-a-18-ninos-en-un-jardin-de-infantes\/#primaryimage\"},\"thumbnailUrl\":\"https:\/\/gysfm.com.ar\/inicio\/wp-content\/uploads\/2026\/05\/ninos-ninas-ninos-jugando-ninas-jugando-jardin-de-TZMUCCS5MNCSNEFPSHYCXWNA44.jpg\",\"datePublished\":\"2026-05-01T13:56:34+00:00\",\"dateModified\":\"2026-05-01T13:56:35+00:00\",\"breadcrumb\":{\"@id\":\"https:\/\/gysfm.com.ar\/inicio\/horror-en-espana-detuvieron-a-una-maestra-acusada-de-abusos-y-maltratos-a-18-ninos-en-un-jardin-de-infantes\/#breadcrumb\"},\"inLanguage\":\"es\",\"potentialAction\":[{\"@type\":\"ReadAction\",\"target\":[\"https:\/\/gysfm.com.ar\/inicio\/horror-en-espana-detuvieron-a-una-maestra-acusada-de-abusos-y-maltratos-a-18-ninos-en-un-jardin-de-infantes\/\"]}]},{\"@type\":\"ImageObject\",\"inLanguage\":\"es\",\"@id\":\"https:\/\/gysfm.com.ar\/inicio\/horror-en-espana-detuvieron-a-una-maestra-acusada-de-abusos-y-maltratos-a-18-ninos-en-un-jardin-de-infantes\/#primaryimage\",\"url\":\"https:\/\/gysfm.com.ar\/inicio\/wp-content\/uploads\/2026\/05\/ninos-ninas-ninos-jugando-ninas-jugando-jardin-de-TZMUCCS5MNCSNEFPSHYCXWNA44.jpg\",\"contentUrl\":\"https:\/\/gysfm.com.ar\/inicio\/wp-content\/uploads\/2026\/05\/ninos-ninas-ninos-jugando-ninas-jugando-jardin-de-TZMUCCS5MNCSNEFPSHYCXWNA44.jpg\",\"width\":1200,\"height\":800},{\"@type\":\"BreadcrumbList\",\"@id\":\"https:\/\/gysfm.com.ar\/inicio\/horror-en-espana-detuvieron-a-una-maestra-acusada-de-abusos-y-maltratos-a-18-ninos-en-un-jardin-de-infantes\/#breadcrumb\",\"itemListElement\":[{\"@type\":\"ListItem\",\"position\":1,\"name\":\"Portada\",\"item\":\"https:\/\/gysfm.com.ar\/inicio\/\"},{\"@type\":\"ListItem\",\"position\":2,\"name\":\"Horror en Espa\u00f1a: detuvieron a una maestra acusada de abusos y maltratos a 18 ni\u00f1os en un jard\u00edn de infantes\"}]},{\"@type\":\"WebSite\",\"@id\":\"https:\/\/gysfm.com.ar\/inicio\/#website\",\"url\":\"https:\/\/gysfm.com.ar\/inicio\/\",\"name\":\"GYS NOTICIAS |\",\"description\":\"DIARIO - RADIO ONLINE SAN JUAN ARGENTINA\",\"publisher\":{\"@id\":\"https:\/\/gysfm.com.ar\/inicio\/#organization\"},\"potentialAction\":[{\"@type\":\"SearchAction\",\"target\":{\"@type\":\"EntryPoint\",\"urlTemplate\":\"https:\/\/gysfm.com.ar\/inicio\/?s={search_term_string}\"},\"query-input\":{\"@type\":\"PropertyValueSpecification\",\"valueRequired\":true,\"valueName\":\"search_term_string\"}}],\"inLanguage\":\"es\"},{\"@type\":\"Organization\",\"@id\":\"https:\/\/gysfm.com.ar\/inicio\/#organization\",\"name\":\"GYS NOTICIAS |\",\"url\":\"https:\/\/gysfm.com.ar\/inicio\/\",\"logo\":{\"@type\":\"ImageObject\",\"inLanguage\":\"es\",\"@id\":\"https:\/\/gysfm.com.ar\/inicio\/#\/schema\/logo\/image\/\",\"url\":\"https:\/\/gysfm.com.ar\/inicio\/wp-content\/uploads\/2023\/07\/LOGOGYS-OK.png\",\"contentUrl\":\"https:\/\/gysfm.com.ar\/inicio\/wp-content\/uploads\/2023\/07\/LOGOGYS-OK.png\",\"width\":1170,\"height\":872,\"caption\":\"GYS NOTICIAS |\"},\"image\":{\"@id\":\"https:\/\/gysfm.com.ar\/inicio\/#\/schema\/logo\/image\/\"}},{\"@type\":\"Person\",\"@id\":\"https:\/\/gysfm.com.ar\/inicio\/#\/schema\/person\/3abba7593ef2ad19e1be221d54383dc5\",\"name\":\"Prensa G&amp;S FM\",\"image\":{\"@type\":\"ImageObject\",\"inLanguage\":\"es\",\"@id\":\"https:\/\/gysfm.com.ar\/inicio\/#\/schema\/person\/image\/\",\"url\":\"https:\/\/secure.gravatar.com\/avatar\/096ec78df02049ab018702bb4ccedf659377fa92a26540b5247612077a0dbd29?s=96&d=mm&r=g\",\"contentUrl\":\"https:\/\/secure.gravatar.com\/avatar\/096ec78df02049ab018702bb4ccedf659377fa92a26540b5247612077a0dbd29?s=96&d=mm&r=g\",\"caption\":\"Prensa G&amp;S FM\"},\"sameAs\":[\"https:\/\/gysfm.com.ar\/\"],\"url\":\"https:\/\/gysfm.com.ar\/inicio\/author\/lucasm\/\"}]}<\/script>\n<!-- \/ Yoast SEO plugin. -->","yoast_head_json":{"title":"Horror en Espa\u00f1a: detuvieron a una maestra acusada de abusos y maltratos a 18 ni\u00f1os en un jard\u00edn de infantes - GYS NOTICIAS |","robots":{"index":"index","follow":"follow","max-snippet":"max-snippet:-1","max-image-preview":"max-image-preview:large","max-video-preview":"max-video-preview:-1"},"canonical":"https:\/\/gysfm.com.ar\/inicio\/horror-en-espana-detuvieron-a-una-maestra-acusada-de-abusos-y-maltratos-a-18-ninos-en-un-jardin-de-infantes\/","og_locale":"es_ES","og_type":"article","og_title":"Horror en Espa\u00f1a: detuvieron a una maestra acusada de abusos y maltratos a 18 ni\u00f1os en un jard\u00edn de infantes - GYS NOTICIAS |","og_description":"La justicia espa\u00f1ola imput\u00f3 a una maestra en la ciudad de C\u00f3rdoba acusada de maltratar a 18 ni\u00f1os, de entre tres y cuatro a\u00f1os, que asisten a Educaci\u00f3n Infantil en un colegio p\u00fablico. Seg\u00fan confirmaron fuentes de la investigaci\u00f3n al diario ABC, la mujer fue detenida por la polic\u00eda el 12 de marzo y despu\u00e9s [&hellip;]","og_url":"https:\/\/gysfm.com.ar\/inicio\/horror-en-espana-detuvieron-a-una-maestra-acusada-de-abusos-y-maltratos-a-18-ninos-en-un-jardin-de-infantes\/","og_site_name":"GYS NOTICIAS |","article_published_time":"2026-05-01T13:56:34+00:00","article_modified_time":"2026-05-01T13:56:35+00:00","og_image":[{"width":1200,"height":800,"url":"https:\/\/gysfm.com.ar\/inicio\/wp-content\/uploads\/2026\/05\/ninos-ninas-ninos-jugando-ninas-jugando-jardin-de-TZMUCCS5MNCSNEFPSHYCXWNA44.jpg","type":"image\/jpeg"}],"author":"Prensa G&amp;S FM","twitter_card":"summary_large_image","twitter_misc":{"Escrito por":"Prensa G&amp;S FM","Tiempo de lectura":"2 minutos"},"schema":{"@context":"https:\/\/schema.org","@graph":[{"@type":"Article","@id":"https:\/\/gysfm.com.ar\/inicio\/horror-en-espana-detuvieron-a-una-maestra-acusada-de-abusos-y-maltratos-a-18-ninos-en-un-jardin-de-infantes\/#article","isPartOf":{"@id":"https:\/\/gysfm.com.ar\/inicio\/horror-en-espana-detuvieron-a-una-maestra-acusada-de-abusos-y-maltratos-a-18-ninos-en-un-jardin-de-infantes\/"},"author":{"name":"Prensa G&amp;S FM","@id":"https:\/\/gysfm.com.ar\/inicio\/#\/schema\/person\/3abba7593ef2ad19e1be221d54383dc5"},"headline":"Horror en Espa\u00f1a: detuvieron a una maestra acusada de abusos y maltratos a 18 ni\u00f1os en un jard\u00edn de infantes","datePublished":"2026-05-01T13:56:34+00:00","dateModified":"2026-05-01T13:56:35+00:00","mainEntityOfPage":{"@id":"https:\/\/gysfm.com.ar\/inicio\/horror-en-espana-detuvieron-a-una-maestra-acusada-de-abusos-y-maltratos-a-18-ninos-en-un-jardin-de-infantes\/"},"wordCount":433,"publisher":{"@id":"https:\/\/gysfm.com.ar\/inicio\/#organization"},"image":{"@id":"https:\/\/gysfm.com.ar\/inicio\/horror-en-espana-detuvieron-a-una-maestra-acusada-de-abusos-y-maltratos-a-18-ninos-en-un-jardin-de-infantes\/#primaryimage"},"thumbnailUrl":"https:\/\/gysfm.com.ar\/inicio\/wp-content\/uploads\/2026\/05\/ninos-ninas-ninos-jugando-ninas-jugando-jardin-de-TZMUCCS5MNCSNEFPSHYCXWNA44.jpg","articleSection":["INTERNACIONALES"],"inLanguage":"es"},{"@type":"WebPage","@id":"https:\/\/gysfm.com.ar\/inicio\/horror-en-espana-detuvieron-a-una-maestra-acusada-de-abusos-y-maltratos-a-18-ninos-en-un-jardin-de-infantes\/","url":"https:\/\/gysfm.com.ar\/inicio\/horror-en-espana-detuvieron-a-una-maestra-acusada-de-abusos-y-maltratos-a-18-ninos-en-un-jardin-de-infantes\/","name":"Horror en Espa\u00f1a: detuvieron a una maestra acusada de abusos y maltratos a 18 ni\u00f1os en un jard\u00edn de infantes - GYS NOTICIAS |","isPartOf":{"@id":"https:\/\/gysfm.com.ar\/inicio\/#website"},"primaryImageOfPage":{"@id":"https:\/\/gysfm.com.ar\/inicio\/horror-en-espana-detuvieron-a-una-maestra-acusada-de-abusos-y-maltratos-a-18-ninos-en-un-jardin-de-infantes\/#primaryimage"},"image":{"@id":"https:\/\/gysfm.com.ar\/inicio\/horror-en-espana-detuvieron-a-una-maestra-acusada-de-abusos-y-maltratos-a-18-ninos-en-un-jardin-de-infantes\/#primaryimage"},"thumbnailUrl":"https:\/\/gysfm.com.ar\/inicio\/wp-content\/uploads\/2026\/05\/ninos-ninas-ninos-jugando-ninas-jugando-jardin-de-TZMUCCS5MNCSNEFPSHYCXWNA44.jpg","datePublished":"2026-05-01T13:56:34+00:00","dateModified":"2026-05-01T13:56:35+00:00","breadcrumb":{"@id":"https:\/\/gysfm.com.ar\/inicio\/horror-en-espana-detuvieron-a-una-maestra-acusada-de-abusos-y-maltratos-a-18-ninos-en-un-jardin-de-infantes\/#breadcrumb"},"inLanguage":"es","potentialAction":[{"@type":"ReadAction","target":["https:\/\/gysfm.com.ar\/inicio\/horror-en-espana-detuvieron-a-una-maestra-acusada-de-abusos-y-maltratos-a-18-ninos-en-un-jardin-de-infantes\/"]}]},{"@type":"ImageObject","inLanguage":"es","@id":"https:\/\/gysfm.com.ar\/inicio\/horror-en-espana-detuvieron-a-una-maestra-acusada-de-abusos-y-maltratos-a-18-ninos-en-un-jardin-de-infantes\/#primaryimage","url":"https:\/\/gysfm.com.ar\/inicio\/wp-content\/uploads\/2026\/05\/ninos-ninas-ninos-jugando-ninas-jugando-jardin-de-TZMUCCS5MNCSNEFPSHYCXWNA44.jpg","contentUrl":"https:\/\/gysfm.com.ar\/inicio\/wp-content\/uploads\/2026\/05\/ninos-ninas-ninos-jugando-ninas-jugando-jardin-de-TZMUCCS5MNCSNEFPSHYCXWNA44.jpg","width":1200,"height":800},{"@type":"BreadcrumbList","@id":"https:\/\/gysfm.com.ar\/inicio\/horror-en-espana-detuvieron-a-una-maestra-acusada-de-abusos-y-maltratos-a-18-ninos-en-un-jardin-de-infantes\/#breadcrumb","itemListElement":[{"@type":"ListItem","position":1,"name":"Portada","item":"https:\/\/gysfm.com.ar\/inicio\/"},{"@type":"ListItem","position":2,"name":"Horror en Espa\u00f1a: detuvieron a una maestra acusada de abusos y maltratos a 18 ni\u00f1os en un jard\u00edn de infantes"}]},{"@type":"WebSite","@id":"https:\/\/gysfm.com.ar\/inicio\/#website","url":"https:\/\/gysfm.com.ar\/inicio\/","name":"GYS NOTICIAS |","description":"DIARIO - RADIO ONLINE SAN JUAN ARGENTINA","publisher":{"@id":"https:\/\/gysfm.com.ar\/inicio\/#organization"},"potentialAction":[{"@type":"SearchAction","target":{"@type":"EntryPoint","urlTemplate":"https:\/\/gysfm.com.ar\/inicio\/?s={search_term_string}"},"query-input":{"@type":"PropertyValueSpecification","valueRequired":true,"valueName":"search_term_string"}}],"inLanguage":"es"},{"@type":"Organization","@id":"https:\/\/gysfm.com.ar\/inicio\/#organization","name":"GYS NOTICIAS |","url":"https:\/\/gysfm.com.ar\/inicio\/","logo":{"@type":"ImageObject","inLanguage":"es","@id":"https:\/\/gysfm.com.ar\/inicio\/#\/schema\/logo\/image\/","url":"https:\/\/gysfm.com.ar\/inicio\/wp-content\/uploads\/2023\/07\/LOGOGYS-OK.png","contentUrl":"https:\/\/gysfm.com.ar\/inicio\/wp-content\/uploads\/2023\/07\/LOGOGYS-OK.png","width":1170,"height":872,"caption":"GYS NOTICIAS |"},"image":{"@id":"https:\/\/gysfm.com.ar\/inicio\/#\/schema\/logo\/image\/"}},{"@type":"Person","@id":"https:\/\/gysfm.com.ar\/inicio\/#\/schema\/person\/3abba7593ef2ad19e1be221d54383dc5","name":"Prensa G&amp;S FM","image":{"@type":"ImageObject","inLanguage":"es","@id":"https:\/\/gysfm.com.ar\/inicio\/#\/schema\/person\/image\/","url":"https:\/\/secure.gravatar.com\/avatar\/096ec78df02049ab018702bb4ccedf659377fa92a26540b5247612077a0dbd29?s=96&d=mm&r=g","contentUrl":"https:\/\/secure.gravatar.com\/avatar\/096ec78df02049ab018702bb4ccedf659377fa92a26540b5247612077a0dbd29?s=96&d=mm&r=g","caption":"Prensa G&amp;S FM"},"sameAs":["https:\/\/gysfm.com.ar\/"],"url":"https:\/\/gysfm.com.ar\/inicio\/author\/lucasm\/"}]}},"_links":{"self":[{"href":"https:\/\/gysfm.com.ar\/inicio\/wp-json\/wp\/v2\/posts\/194086","targetHints":{"allow":["GET"]}}],"collection":[{"href":"https:\/\/gysfm.com.ar\/inicio\/wp-json\/wp\/v2\/posts"}],"about":[{"href":"https:\/\/gysfm.com.ar\/inicio\/wp-json\/wp\/v2\/types\/post"}],"author":[{"embeddable":true,"href":"https:\/\/gysfm.com.ar\/inicio\/wp-json\/wp\/v2\/users\/2"}],"replies":[{"embeddable":true,"href":"https:\/\/gysfm.com.ar\/inicio\/wp-json\/wp\/v2\/comments?post=194086"}],"version-history":[{"count":1,"href":"https:\/\/gysfm.com.ar\/inicio\/wp-json\/wp\/v2\/posts\/194086\/revisions"}],"predecessor-version":[{"id":194088,"href":"https:\/\/gysfm.com.ar\/inicio\/wp-json\/wp\/v2\/posts\/194086\/revisions\/194088"}],"wp:featuredmedia":[{"embeddable":true,"href":"https:\/\/gysfm.com.ar\/inicio\/wp-json\/wp\/v2\/media\/194087"}],"wp:attachment":[{"href":"https:\/\/gysfm.com.ar\/inicio\/wp-json\/wp\/v2\/media?parent=194086"}],"wp:term":[{"taxonomy":"category","embeddable":true,"href":"https:\/\/gysfm.com.ar\/inicio\/wp-json\/wp\/v2\/categories?post=194086"},{"taxonomy":"post_tag","embeddable":true,"href":"https:\/\/gysfm.com.ar\/inicio\/wp-json\/wp\/v2\/tags?post=194086"}],"curies":[{"name":"wp","href":"https:\/\/api.w.org\/{rel}","templated":true}]}}