{"id":194084,"date":"2026-05-01T10:53:27","date_gmt":"2026-05-01T13:53:27","guid":{"rendered":"https:\/\/gysfm.com.ar\/inicio\/anses-calendario-de-pagos-y-aumentos-de-mayo-2026\/"},"modified":"2026-05-01T10:53:27","modified_gmt":"2026-05-01T13:53:27","slug":"anses-calendario-de-pagos-y-aumentos-de-mayo-2026","status":"publish","type":"post","link":"https:\/\/gysfm.com.ar\/inicio\/anses-calendario-de-pagos-y-aumentos-de-mayo-2026\/","title":{"rendered":"ANSES: calendario de pagos y aumentos de mayo 2026"},"content":{"rendered":"<p><\/p>\n<div id=\"article-content\">\n<p>La <a target=\"_blank\" href=\"https:\/\/www.perfil.com\/noticias\/amp\/reperfilar\/cayo-un-43-la-cantidad-de-nuevos-jubilados-del-anses.phtml\">Administraci\u00f3n Nacional de la Seguridad Social (<strong>ANSES<\/strong>) <\/a>fij\u00f3 el cronograma de pagos para las prestaciones del Sistema Integrado Previsional Argentino (<strong>SIPA<\/strong>) correspondientes a mayo de 2026, en donde los beneficiarios cobrar\u00e1n sus haberes con un <strong>aumento del 3,4%<\/strong> y <a target=\"_blank\" href=\"https:\/\/www.perfil.com\/noticias\/economia\/bono-congelado-el-gobierno-definio-el-tope-de-70-mil-para-jubilados-de-anses-en-mayo-2026.phtml\">un <strong>bono <\/strong>que se mantiene en <strong>$70.000<\/strong><\/a>. <\/p>\n<p>De no mediar cambios, los nuevos montos son<strong> Jubilaci\u00f3n m\u00ednima: $463.174,10 <\/strong>(con bono); <strong>Pensi\u00f3n Universal para el Adulto Mayor (PUAM): $384.539,28 <\/strong>(con bono); <strong>Pensi\u00f3n no Contributiva por Invalidez y Vejez: $345.221,87 <\/strong>(con bono); <strong>Pensi\u00f3n Madre de 7 hijos: $463.174,10 <\/strong>(con bono).<\/p>\n<p class=\"destacadoNota\"><a target=\"_blank\" href=\"https:\/\/www.perfil.com\/noticias\/economia\/bono-congelado-el-gobierno-definio-el-tope-de-70-mil-para-jubilados-de-anses-en-mayo-2026.phtml\">El Gobierno defini\u00f3 el tope de $70 mil para jubilados de ANSES en mayo de 2026<\/a><\/p>\n<p>Tras conocerse el dato de inflaci\u00f3n correspondiente a marzo de 2026 por parte del Instituto Nacional de Estad\u00edstica y Censos (INDEC), <a target=\"_blank\" href=\"https:\/\/www.perfil.com\/noticias\/economia\/libreta-auh-2026-anses-habilito-la-presentacion-digital-para-cobrar-el-retenido.phtml\">las jubilaciones y pensiones de ANSES<\/a><strong> aumentar\u00e1n 3,4%<\/strong> a partir del pr\u00f3ximo mes. Desde la entrada en vigencia de la nueva f\u00f3rmula de movilidad por el <strong>Decreto 274\/24<\/strong>, los aumentos para las jubilaciones, pensiones y asignaciones son mensuales y toman como referencia el \u00cdndice de Precios al Consumidor (IPC) de dos meses atr\u00e1s.<\/p>\n<p>El organismo previsional, que depende del Ministerio de Capital Humano, inform\u00f3 oficialmente las fechas de acreditaci\u00f3n para jubilados, pensionados y titulares de diversas asignaciones sociales. El esquema de pagos se divide seg\u00fan la terminaci\u00f3n del Documento Nacional de Identidad (DNI) para <strong>garantizar un flujo ordenado en las entidades bancarias<\/strong>. Los jubilados que perciben el haber m\u00ednimo iniciar\u00e1n su ciclo de cobros a partir de la segunda semana del mes, integrando el aumento decretado.<\/p>\n<p style=\"text-align:center\"><picture><source media=\"(max-width: 440px)\" srcset=\"https:\/\/fotos.perfil.com\/\/2026\/04\/22\/440\/0\/anses-22042026-2225676.jpg?webp\"\/><source media=\"(max-width: 1019px)\" srcset=\"https:\/\/fotos.perfil.com\/\/2026\/04\/22\/712\/0\/anses-22042026-2225676.jpg?webp\"\/><img decoding=\"async\" style=\"max-width: 100%; width: 100%;\" alt=\"Anses 22042026\" src=\"https:\/\/fotos.perfil.com\/\/2026\/04\/22\/900\/0\/anses-22042026-2225676.jpg?webp\" loading=\"lazy\"\/><\/picture><\/p>\n<h2><strong>Cu\u00e1ndo cobran los Jubilados y pensionados que no superen un haber m\u00ednimo<\/strong><\/h2>\n<p>DNI terminados en 0: 11 de mayo<\/p>\n<p>DNI terminados en 1: 12 de mayo<\/p>\n<p>DNI terminados en 2: 13 de mayo<\/p>\n<p>DNI terminados en 3: 14 de mayo<\/p>\n<p>DNI terminados en 4: 15 de mayo<\/p>\n<p>DNI terminados en 5: 18 de mayo<\/p>\n<p>DNI terminados en 6: 19 de mayo<\/p>\n<p>DNI terminados en 7: 20 de mayo<\/p>\n<p>DNI terminados en 8 y 9: 21 de mayo<\/p>\n<p class=\"destacadoNota\"><a target=\"_blank\" href=\"https:\/\/www.perfil.com\/noticias\/amp\/reperfilar\/cayo-un-43-la-cantidad-de-nuevos-jubilados-del-anses.phtml\">Cay\u00f3 un 43% la cantidad de nuevos jubilados del Anses<\/a><\/p>\n<h2><strong>Qu\u00e9 d\u00edas cobran los Jubilados y pensionado que superen un haber m\u00ednimo<\/strong><\/h2>\n<p>DNI terminados en 0 y 1: 22 de mayo<\/p>\n<p>DNI terminados en 2 y 3: 26 de mayo<\/p>\n<p>DNI terminados en 4 y 5: 27 de mayo<\/p>\n<p>DNI terminados en 6 y 7: 28 de mayo<\/p>\n<p>DNI terminados en 8 y 9: 29 de mayo<\/p>\n<p style=\"text-align:center\"><picture><source media=\"(max-width: 440px)\" srcset=\"https:\/\/fotos.perfil.com\/\/2025\/12\/12\/440\/0\/anses-2152289.jpg?webp\"\/><source media=\"(max-width: 1019px)\" srcset=\"https:\/\/fotos.perfil.com\/\/2025\/12\/12\/712\/0\/anses-2152289.jpg?webp\"\/><img decoding=\"async\" style=\"max-width: 100%; width: 100%;\" alt=\"ANSES\" src=\"https:\/\/fotos.perfil.com\/\/2025\/12\/12\/900\/0\/anses-2152289.jpg?webp\" loading=\"lazy\"\/><\/picture><\/p>\n<h2><strong>Que fecha cobran la Asignaci\u00f3n Universal por Hijo y Asignaci\u00f3n Familiar por Hijo<\/strong><\/h2>\n<p>DNI terminados en 0: 11 de mayo<\/p>\n<p>DNI terminados en 1: 12 de mayo<\/p>\n<p>DNI terminados en 2: 13 de mayo<\/p>\n<p>DNI terminados en 3: 14 de mayo<\/p>\n<p>DNI terminados en 4: 15 de mayo<\/p>\n<p>DNI terminados en 5: 18 de mayo<\/p>\n<p>DNI terminados en 6: 19 de mayo<\/p>\n<p>DNI terminados en 7: 20 de mayo<\/p>\n<p>DNI terminados en 8: 21 de mayo<\/p>\n<p>DNI terminados en 9: 22 de mayo<\/p>\n<p class=\"destacadoNota\"><a target=\"_blank\" href=\"https:\/\/www.perfil.com\/noticias\/economia\/aumento-de-jubilaciones-con-bono-anses-cuales-son-los-nuevos-montos-por-la-inflacion-de-34-en-marzo.phtml\">Aumentan jubilaciones con bono ANSES: cu\u00e1les son los nuevos montos por la inflaci\u00f3n de marzo<\/a><\/p>\n<h2><strong>Cu\u00e1ndo se cobra la Asignaci\u00f3n por Embarazo <\/strong><\/h2>\n<p>DNI terminados en 0: 11 de mayo<\/p>\n<p>DNI terminados en 1: 12 de mayo<\/p>\n<p>DNI terminados en 2: 13 de mayo<\/p>\n<p>DNI terminados en 3: 14 de mayo<\/p>\n<p>DNI terminados en 4: 15 de mayo<\/p>\n<p>DNI terminados en 5: 18 de mayo<\/p>\n<p>DNI terminados en 6: 19 de mayo<\/p>\n<p>DNI terminados en 7: 20 de mayo<\/p>\n<p>DNI terminados en 8: 21 de mayo<\/p>\n<p>DNI terminados en 9: 22 de mayo<\/p>\n<p style=\"text-align:center\"><picture><source media=\"(max-width: 440px)\" srcset=\"https:\/\/fotos.perfil.com\/\/2026\/04\/22\/440\/0\/anses-22042026-2225674.jpg?webp\"\/><source media=\"(max-width: 1019px)\" srcset=\"https:\/\/fotos.perfil.com\/\/2026\/04\/22\/712\/0\/anses-22042026-2225674.jpg?webp\"\/><img decoding=\"async\" style=\"max-width: 100%; width: 100%;\" alt=\"Anses 22042026\" src=\"https:\/\/fotos.perfil.com\/\/2026\/04\/22\/900\/0\/anses-22042026-2225674.jpg?webp\" loading=\"lazy\"\/><\/picture><\/p>\n<h2><strong>Qu\u00e9 d\u00eda se cobra la Asignaci\u00f3n por Prenatal <\/strong><\/h2>\n<p>DNI terminados en 0 y 1: 13 de mayo<\/p>\n<p>DNI terminados en 2 y 3: 14 de mayo<\/p>\n<p>DNI terminados en 4 y 5: 15 de mayo<\/p>\n<p>DNI terminados en 6 y 7: 18 de mayo<\/p>\n<p>DNI terminados en 8 y 9: 19 de mayo<\/p>\n<p class=\"destacadoNota\"><a target=\"_blank\" href=\"https:\/\/www.perfil.com\/noticias\/economia\/libreta-auh-2026-anses-habilito-la-presentacion-digital-para-cobrar-el-retenido.phtml\">Libreta AUH 2026: tr\u00e1mite habilitado en Mi ANSES<\/a><\/p>\n<h2><strong>En que fecha se cobra la Asignaci\u00f3n por Maternidad <\/strong><\/h2>\n<p>Todas las terminaciones de documento: 13 de mayo al 10 de junio<\/p>\n<h2><strong>En que periodo se cobra la Asignaciones Pago \u00danico (Matrimonio, Nacimiento, Adopci\u00f3n) <\/strong><\/h2>\n<p>Todas las terminaciones de documento: 12 de mayo al 10 de junio<\/p>\n<h2><strong>Qu\u00e9 d\u00edas se cobran las Pensiones No Contributivas <\/strong><\/h2>\n<p>DNI terminados en 0 y 1: 11 de mayo<\/p>\n<p>DNI terminados en 2 y 3: 12 de mayo<\/p>\n<p>DNI terminados en 4 y 5: 13 de mayo<\/p>\n<p>DNI terminados en 6 y 7: 14 de mayo<\/p>\n<p>DNI terminados en 8 y 9: 15 de mayo<\/p>\n<p style=\"text-align:center\"><picture><source media=\"(max-width: 440px)\" srcset=\"https:\/\/fotos.perfil.com\/\/2025\/10\/21\/440\/0\/anses-2122795.jpg?webp\"\/><source media=\"(max-width: 1019px)\" srcset=\"https:\/\/fotos.perfil.com\/\/2025\/10\/21\/712\/0\/anses-2122795.jpg?webp\"\/><img decoding=\"async\" style=\"max-width: 100%; width: 100%;\" alt=\"Anses \" src=\"https:\/\/fotos.perfil.com\/\/2025\/10\/21\/900\/0\/anses-2122795.jpg?webp\" loading=\"lazy\"\/><\/picture><\/p>\n<h2><strong>Cuando se cobran las Asignaciones Familiares de Pensiones No Contributivas <\/strong><\/h2>\n<p>Todas las terminaciones de documento: 11 de mayo al 10 de junio<\/p>\n<h2><strong>Qu\u00e9 fecha cobran las Prestaci\u00f3n por Desempleo <\/strong><\/h2>\n<p>DNI terminados en 0 y 1: 22 de mayo<\/p>\n<p>DNI terminados en 2 y 3: 26 de mayo<\/p>\n<p>DNI terminados en 4 y 5: 27 de mayo<\/p>\n<p>DNI terminados en 6 y 7: 28 de mayo<\/p>\n<p>DNI terminados en 8 y 9: 29 de mayo<\/p>\n<h2><strong>Bono congelado: el Gobierno defini\u00f3 el tope de $70 mil para mayo de 2026<\/strong><\/h2>\n<p>El Gobierno nacional oficializ\u00f3 <a target=\"_blank\" href=\"https:\/\/www.perfil.com\/noticias\/economia\/jubilados-en-abril-con-el-aumento-de-10718-en-la-minima-que-alcanzan-a-comprar-a40.phtml\">el esquema del bono previsional<\/a> para <strong>mayo de 2026<\/strong> <a target=\"_blank\" href=\"https:\/\/www.perfil.com\/noticias\/economia\/jubilados-el-haber-minimo-con-bono-perdio-5-contra-la-inflacion-en-el-ultimo-ano-segun-la-uca-a40.phtml\"><strong>congelando <\/strong>nuevamente el <strong>tope en $70.000<\/strong><\/a>, sin actualizaci\u00f3n en su monto, en una medida clave de la pol\u00edtica de ingresos que<a target=\"_blank\" href=\"https:\/\/www.perfil.com\/noticias\/amp\/reperfilar\/cayo-un-43-la-cantidad-de-nuevos-jubilados-del-anses.phtml\"> impacta en<strong> jubilados y pensionados<\/strong> <\/a>de todo el pa\u00eds.<\/p>\n<p class=\"destacadoNota\"><a target=\"_blank\" href=\"https:\/\/www.perfil.com\/noticias\/economia\/inflacion-alimentos-abril-llego-17-que-productos-subieron-mas-a40.phtml\">La inflaci\u00f3n de alimentos en abril lleg\u00f3 al 1,7%: qu\u00e9 productos subieron m\u00e1s<\/a><\/p>\n<p>La medida se public\u00f3 en el <strong>Bolet\u00edn Oficial<\/strong> del mi\u00e9rcoles 29 de abril del 2026, en el <a target=\"_blank\" href=\"https:\/\/www.boletinoficial.gob.ar\/detalleAviso\/primera\/341273\/20260429\"><strong>Decreto 292\/2026<\/strong><\/a>, con las firmas del presidente Javier Milei; el Jefe de Gabinete, Manuel Adorni; y la ministra de Capital Humano, <strong>Sandra Pettovello.<\/strong><\/p>\n<p>La decisi\u00f3n estableci\u00f3 el otorgamiento de un <strong>bono extraordinario previsional <\/strong>que se pagar\u00e1 durante el quinto mes del a\u00f1o, alcanzando a beneficiarios del sistema p\u00fablico administrado por la Administraci\u00f3n Nacional de la Seguridad Social. De esta manera, el monto m\u00e1ximo del refuerzo <strong>se mantiene en $70.000<\/strong>, sin modificaciones respecto de los valores que se vienen abonando en los meses previos.<\/p>\n<p><picture><source media=\"(max-width: 440px)\" srcset=\"https:\/\/fotos.perfil.com\/2026\/04\/11\/440\/0\/900\/0\/110426jubiladosadultomayorcedocg-2218680.jpg?webp\"\/><source media=\"(max-width: 1019px)\" srcset=\"https:\/\/fotos.perfil.com\/2026\/04\/11\/712\/0\/900\/0\/110426jubiladosadultomayorcedocg-2218680.jpg?webp\"\/><img decoding=\"async\" style=\"max-width: 100%; width: 100%;\" alt=\"110426_jubilados_adulto_mayor_cedoc_g\" src=\"https:\/\/fotos.perfil.com\/2026\/04\/11\/900\/0\/900\/0\/110426jubiladosadultomayorcedocg-2218680.jpg?webp\" loading=\"lazy\"\/><\/picture><\/p>\n<p>Por \u00faltimo, en el Decreto se detall\u00f3 que el bono extraordinario tendr\u00e1 car\u00e1cter <strong>\u201cno remunerativo y no ser\u00e1 susceptible de descuento<\/strong> alguno ni computable para ning\u00fan otro concepto\u201d.<\/p>\n<p>GZ \/lr<\/p>\n<\/p><\/div>\n<p><script>\n                !function(f,b,e,v,n,t,s)\n                {if(f.fbq)return;n=f.fbq=function(){n.callMethod?\n                    n.callMethod.apply(n,arguments):n.queue.push(arguments)};\n                    if(!f._fbq)f._fbq=n;n.push=n;n.loaded=!0;n.version='2.0';\n                    n.queue=[];t=b.createElement(e);t.async=!0;\n                    t.src=v;s=b.getElementsByTagName(e)[0];\n                    s.parentNode.insertBefore(t,s)}(window, document,'script',\n                    'https:\/\/connect.facebook.net\/en_US\/fbevents.js');\n                window.paywallConfig.facebook_pixel=\"1000228364089342\"\n            <\/script><\/p>\n","protected":false},"excerpt":{"rendered":"<p>La Administraci\u00f3n Nacional de la Seguridad Social (ANSES) fij\u00f3 el cronograma de pagos para las prestaciones del Sistema Integrado Previsional Argentino (SIPA) correspondientes a mayo de 2026, en donde los beneficiarios cobrar\u00e1n sus haberes con un aumento del 3,4% y un bono que se mantiene en $70.000. De no mediar cambios, los nuevos montos son [&hellip;]<\/p>\n","protected":false},"author":2,"featured_media":194085,"comment_status":"closed","ping_status":"closed","sticky":false,"template":"","format":"standard","meta":{"footnotes":""},"categories":[25],"tags":[],"class_list":["post-194084","post","type-post","status-publish","format-standard","has-post-thumbnail","hentry","category-nacionales"],"yoast_head":"<!-- This site is optimized with the Yoast SEO plugin v24.4 - https:\/\/yoast.com\/wordpress\/plugins\/seo\/ -->\n<title>ANSES: calendario de pagos y aumentos de mayo 2026 - GYS NOTICIAS |<\/title>\n<meta name=\"robots\" content=\"index, follow, max-snippet:-1, max-image-preview:large, max-video-preview:-1\" \/>\n<link rel=\"canonical\" href=\"https:\/\/gysfm.com.ar\/inicio\/anses-calendario-de-pagos-y-aumentos-de-mayo-2026\/\" \/>\n<meta property=\"og:locale\" content=\"es_ES\" \/>\n<meta property=\"og:type\" content=\"article\" \/>\n<meta property=\"og:title\" content=\"ANSES: calendario de pagos y aumentos de mayo 2026 - GYS NOTICIAS |\" \/>\n<meta property=\"og:description\" content=\"La Administraci\u00f3n Nacional de la Seguridad Social (ANSES) fij\u00f3 el cronograma de pagos para las prestaciones del Sistema Integrado Previsional Argentino (SIPA) correspondientes a mayo de 2026, en donde los beneficiarios cobrar\u00e1n sus haberes con un aumento del 3,4% y un bono que se mantiene en $70.000. De no mediar cambios, los nuevos montos son [&hellip;]\" \/>\n<meta property=\"og:url\" content=\"https:\/\/gysfm.com.ar\/inicio\/anses-calendario-de-pagos-y-aumentos-de-mayo-2026\/\" \/>\n<meta property=\"og:site_name\" content=\"GYS NOTICIAS |\" \/>\n<meta property=\"article:published_time\" content=\"2026-05-01T13:53:27+00:00\" \/>\n<meta property=\"og:image\" content=\"https:\/\/fotos.perfil.com\/\/2026\/04\/22\/900\/0\/anses-22042026-2225676.jpg?webp\" \/>\n<meta name=\"author\" content=\"Prensa G&amp;S FM\" \/>\n<meta name=\"twitter:card\" content=\"summary_large_image\" \/>\n<meta name=\"twitter:label1\" content=\"Escrito por\" \/>\n\t<meta name=\"twitter:data1\" content=\"Prensa G&amp;S FM\" \/>\n\t<meta name=\"twitter:label2\" content=\"Tiempo de lectura\" \/>\n\t<meta name=\"twitter:data2\" content=\"5 minutos\" \/>\n<script type=\"application\/ld+json\" class=\"yoast-schema-graph\">{\"@context\":\"https:\/\/schema.org\",\"@graph\":[{\"@type\":\"Article\",\"@id\":\"https:\/\/gysfm.com.ar\/inicio\/anses-calendario-de-pagos-y-aumentos-de-mayo-2026\/#article\",\"isPartOf\":{\"@id\":\"https:\/\/gysfm.com.ar\/inicio\/anses-calendario-de-pagos-y-aumentos-de-mayo-2026\/\"},\"author\":{\"name\":\"Prensa G&amp;S FM\",\"@id\":\"https:\/\/gysfm.com.ar\/inicio\/#\/schema\/person\/3abba7593ef2ad19e1be221d54383dc5\"},\"headline\":\"ANSES: calendario de pagos y aumentos de mayo 2026\",\"datePublished\":\"2026-05-01T13:53:27+00:00\",\"mainEntityOfPage\":{\"@id\":\"https:\/\/gysfm.com.ar\/inicio\/anses-calendario-de-pagos-y-aumentos-de-mayo-2026\/\"},\"wordCount\":911,\"publisher\":{\"@id\":\"https:\/\/gysfm.com.ar\/inicio\/#organization\"},\"image\":{\"@id\":\"https:\/\/gysfm.com.ar\/inicio\/anses-calendario-de-pagos-y-aumentos-de-mayo-2026\/#primaryimage\"},\"thumbnailUrl\":\"https:\/\/gysfm.com.ar\/inicio\/wp-content\/uploads\/2026\/05\/anses-09032026-2199064.jpg\",\"articleSection\":[\"NACIONALES\"],\"inLanguage\":\"es\"},{\"@type\":\"WebPage\",\"@id\":\"https:\/\/gysfm.com.ar\/inicio\/anses-calendario-de-pagos-y-aumentos-de-mayo-2026\/\",\"url\":\"https:\/\/gysfm.com.ar\/inicio\/anses-calendario-de-pagos-y-aumentos-de-mayo-2026\/\",\"name\":\"ANSES: calendario de pagos y aumentos de mayo 2026 - GYS NOTICIAS |\",\"isPartOf\":{\"@id\":\"https:\/\/gysfm.com.ar\/inicio\/#website\"},\"primaryImageOfPage\":{\"@id\":\"https:\/\/gysfm.com.ar\/inicio\/anses-calendario-de-pagos-y-aumentos-de-mayo-2026\/#primaryimage\"},\"image\":{\"@id\":\"https:\/\/gysfm.com.ar\/inicio\/anses-calendario-de-pagos-y-aumentos-de-mayo-2026\/#primaryimage\"},\"thumbnailUrl\":\"https:\/\/gysfm.com.ar\/inicio\/wp-content\/uploads\/2026\/05\/anses-09032026-2199064.jpg\",\"datePublished\":\"2026-05-01T13:53:27+00:00\",\"breadcrumb\":{\"@id\":\"https:\/\/gysfm.com.ar\/inicio\/anses-calendario-de-pagos-y-aumentos-de-mayo-2026\/#breadcrumb\"},\"inLanguage\":\"es\",\"potentialAction\":[{\"@type\":\"ReadAction\",\"target\":[\"https:\/\/gysfm.com.ar\/inicio\/anses-calendario-de-pagos-y-aumentos-de-mayo-2026\/\"]}]},{\"@type\":\"ImageObject\",\"inLanguage\":\"es\",\"@id\":\"https:\/\/gysfm.com.ar\/inicio\/anses-calendario-de-pagos-y-aumentos-de-mayo-2026\/#primaryimage\",\"url\":\"https:\/\/gysfm.com.ar\/inicio\/wp-content\/uploads\/2026\/05\/anses-09032026-2199064.jpg\",\"contentUrl\":\"https:\/\/gysfm.com.ar\/inicio\/wp-content\/uploads\/2026\/05\/anses-09032026-2199064.jpg\",\"width\":1140,\"height\":641},{\"@type\":\"BreadcrumbList\",\"@id\":\"https:\/\/gysfm.com.ar\/inicio\/anses-calendario-de-pagos-y-aumentos-de-mayo-2026\/#breadcrumb\",\"itemListElement\":[{\"@type\":\"ListItem\",\"position\":1,\"name\":\"Portada\",\"item\":\"https:\/\/gysfm.com.ar\/inicio\/\"},{\"@type\":\"ListItem\",\"position\":2,\"name\":\"ANSES: calendario de pagos y aumentos de mayo 2026\"}]},{\"@type\":\"WebSite\",\"@id\":\"https:\/\/gysfm.com.ar\/inicio\/#website\",\"url\":\"https:\/\/gysfm.com.ar\/inicio\/\",\"name\":\"GYS NOTICIAS |\",\"description\":\"DIARIO - RADIO ONLINE SAN JUAN ARGENTINA\",\"publisher\":{\"@id\":\"https:\/\/gysfm.com.ar\/inicio\/#organization\"},\"potentialAction\":[{\"@type\":\"SearchAction\",\"target\":{\"@type\":\"EntryPoint\",\"urlTemplate\":\"https:\/\/gysfm.com.ar\/inicio\/?s={search_term_string}\"},\"query-input\":{\"@type\":\"PropertyValueSpecification\",\"valueRequired\":true,\"valueName\":\"search_term_string\"}}],\"inLanguage\":\"es\"},{\"@type\":\"Organization\",\"@id\":\"https:\/\/gysfm.com.ar\/inicio\/#organization\",\"name\":\"GYS NOTICIAS |\",\"url\":\"https:\/\/gysfm.com.ar\/inicio\/\",\"logo\":{\"@type\":\"ImageObject\",\"inLanguage\":\"es\",\"@id\":\"https:\/\/gysfm.com.ar\/inicio\/#\/schema\/logo\/image\/\",\"url\":\"https:\/\/gysfm.com.ar\/inicio\/wp-content\/uploads\/2023\/07\/LOGOGYS-OK.png\",\"contentUrl\":\"https:\/\/gysfm.com.ar\/inicio\/wp-content\/uploads\/2023\/07\/LOGOGYS-OK.png\",\"width\":1170,\"height\":872,\"caption\":\"GYS NOTICIAS |\"},\"image\":{\"@id\":\"https:\/\/gysfm.com.ar\/inicio\/#\/schema\/logo\/image\/\"}},{\"@type\":\"Person\",\"@id\":\"https:\/\/gysfm.com.ar\/inicio\/#\/schema\/person\/3abba7593ef2ad19e1be221d54383dc5\",\"name\":\"Prensa G&amp;S FM\",\"image\":{\"@type\":\"ImageObject\",\"inLanguage\":\"es\",\"@id\":\"https:\/\/gysfm.com.ar\/inicio\/#\/schema\/person\/image\/\",\"url\":\"https:\/\/secure.gravatar.com\/avatar\/096ec78df02049ab018702bb4ccedf659377fa92a26540b5247612077a0dbd29?s=96&d=mm&r=g\",\"contentUrl\":\"https:\/\/secure.gravatar.com\/avatar\/096ec78df02049ab018702bb4ccedf659377fa92a26540b5247612077a0dbd29?s=96&d=mm&r=g\",\"caption\":\"Prensa G&amp;S FM\"},\"sameAs\":[\"https:\/\/gysfm.com.ar\/\"],\"url\":\"https:\/\/gysfm.com.ar\/inicio\/author\/lucasm\/\"}]}<\/script>\n<!-- \/ Yoast SEO plugin. -->","yoast_head_json":{"title":"ANSES: calendario de pagos y aumentos de mayo 2026 - GYS NOTICIAS |","robots":{"index":"index","follow":"follow","max-snippet":"max-snippet:-1","max-image-preview":"max-image-preview:large","max-video-preview":"max-video-preview:-1"},"canonical":"https:\/\/gysfm.com.ar\/inicio\/anses-calendario-de-pagos-y-aumentos-de-mayo-2026\/","og_locale":"es_ES","og_type":"article","og_title":"ANSES: calendario de pagos y aumentos de mayo 2026 - GYS NOTICIAS |","og_description":"La Administraci\u00f3n Nacional de la Seguridad Social (ANSES) fij\u00f3 el cronograma de pagos para las prestaciones del Sistema Integrado Previsional Argentino (SIPA) correspondientes a mayo de 2026, en donde los beneficiarios cobrar\u00e1n sus haberes con un aumento del 3,4% y un bono que se mantiene en $70.000. De no mediar cambios, los nuevos montos son [&hellip;]","og_url":"https:\/\/gysfm.com.ar\/inicio\/anses-calendario-de-pagos-y-aumentos-de-mayo-2026\/","og_site_name":"GYS NOTICIAS |","article_published_time":"2026-05-01T13:53:27+00:00","og_image":[{"url":"https:\/\/fotos.perfil.com\/\/2026\/04\/22\/900\/0\/anses-22042026-2225676.jpg?webp","type":"","width":"","height":""}],"author":"Prensa G&amp;S FM","twitter_card":"summary_large_image","twitter_misc":{"Escrito por":"Prensa G&amp;S FM","Tiempo de lectura":"5 minutos"},"schema":{"@context":"https:\/\/schema.org","@graph":[{"@type":"Article","@id":"https:\/\/gysfm.com.ar\/inicio\/anses-calendario-de-pagos-y-aumentos-de-mayo-2026\/#article","isPartOf":{"@id":"https:\/\/gysfm.com.ar\/inicio\/anses-calendario-de-pagos-y-aumentos-de-mayo-2026\/"},"author":{"name":"Prensa G&amp;S FM","@id":"https:\/\/gysfm.com.ar\/inicio\/#\/schema\/person\/3abba7593ef2ad19e1be221d54383dc5"},"headline":"ANSES: calendario de pagos y aumentos de mayo 2026","datePublished":"2026-05-01T13:53:27+00:00","mainEntityOfPage":{"@id":"https:\/\/gysfm.com.ar\/inicio\/anses-calendario-de-pagos-y-aumentos-de-mayo-2026\/"},"wordCount":911,"publisher":{"@id":"https:\/\/gysfm.com.ar\/inicio\/#organization"},"image":{"@id":"https:\/\/gysfm.com.ar\/inicio\/anses-calendario-de-pagos-y-aumentos-de-mayo-2026\/#primaryimage"},"thumbnailUrl":"https:\/\/gysfm.com.ar\/inicio\/wp-content\/uploads\/2026\/05\/anses-09032026-2199064.jpg","articleSection":["NACIONALES"],"inLanguage":"es"},{"@type":"WebPage","@id":"https:\/\/gysfm.com.ar\/inicio\/anses-calendario-de-pagos-y-aumentos-de-mayo-2026\/","url":"https:\/\/gysfm.com.ar\/inicio\/anses-calendario-de-pagos-y-aumentos-de-mayo-2026\/","name":"ANSES: calendario de pagos y aumentos de mayo 2026 - GYS NOTICIAS |","isPartOf":{"@id":"https:\/\/gysfm.com.ar\/inicio\/#website"},"primaryImageOfPage":{"@id":"https:\/\/gysfm.com.ar\/inicio\/anses-calendario-de-pagos-y-aumentos-de-mayo-2026\/#primaryimage"},"image":{"@id":"https:\/\/gysfm.com.ar\/inicio\/anses-calendario-de-pagos-y-aumentos-de-mayo-2026\/#primaryimage"},"thumbnailUrl":"https:\/\/gysfm.com.ar\/inicio\/wp-content\/uploads\/2026\/05\/anses-09032026-2199064.jpg","datePublished":"2026-05-01T13:53:27+00:00","breadcrumb":{"@id":"https:\/\/gysfm.com.ar\/inicio\/anses-calendario-de-pagos-y-aumentos-de-mayo-2026\/#breadcrumb"},"inLanguage":"es","potentialAction":[{"@type":"ReadAction","target":["https:\/\/gysfm.com.ar\/inicio\/anses-calendario-de-pagos-y-aumentos-de-mayo-2026\/"]}]},{"@type":"ImageObject","inLanguage":"es","@id":"https:\/\/gysfm.com.ar\/inicio\/anses-calendario-de-pagos-y-aumentos-de-mayo-2026\/#primaryimage","url":"https:\/\/gysfm.com.ar\/inicio\/wp-content\/uploads\/2026\/05\/anses-09032026-2199064.jpg","contentUrl":"https:\/\/gysfm.com.ar\/inicio\/wp-content\/uploads\/2026\/05\/anses-09032026-2199064.jpg","width":1140,"height":641},{"@type":"BreadcrumbList","@id":"https:\/\/gysfm.com.ar\/inicio\/anses-calendario-de-pagos-y-aumentos-de-mayo-2026\/#breadcrumb","itemListElement":[{"@type":"ListItem","position":1,"name":"Portada","item":"https:\/\/gysfm.com.ar\/inicio\/"},{"@type":"ListItem","position":2,"name":"ANSES: calendario de pagos y aumentos de mayo 2026"}]},{"@type":"WebSite","@id":"https:\/\/gysfm.com.ar\/inicio\/#website","url":"https:\/\/gysfm.com.ar\/inicio\/","name":"GYS NOTICIAS |","description":"DIARIO - RADIO ONLINE SAN JUAN ARGENTINA","publisher":{"@id":"https:\/\/gysfm.com.ar\/inicio\/#organization"},"potentialAction":[{"@type":"SearchAction","target":{"@type":"EntryPoint","urlTemplate":"https:\/\/gysfm.com.ar\/inicio\/?s={search_term_string}"},"query-input":{"@type":"PropertyValueSpecification","valueRequired":true,"valueName":"search_term_string"}}],"inLanguage":"es"},{"@type":"Organization","@id":"https:\/\/gysfm.com.ar\/inicio\/#organization","name":"GYS NOTICIAS |","url":"https:\/\/gysfm.com.ar\/inicio\/","logo":{"@type":"ImageObject","inLanguage":"es","@id":"https:\/\/gysfm.com.ar\/inicio\/#\/schema\/logo\/image\/","url":"https:\/\/gysfm.com.ar\/inicio\/wp-content\/uploads\/2023\/07\/LOGOGYS-OK.png","contentUrl":"https:\/\/gysfm.com.ar\/inicio\/wp-content\/uploads\/2023\/07\/LOGOGYS-OK.png","width":1170,"height":872,"caption":"GYS NOTICIAS |"},"image":{"@id":"https:\/\/gysfm.com.ar\/inicio\/#\/schema\/logo\/image\/"}},{"@type":"Person","@id":"https:\/\/gysfm.com.ar\/inicio\/#\/schema\/person\/3abba7593ef2ad19e1be221d54383dc5","name":"Prensa G&amp;S FM","image":{"@type":"ImageObject","inLanguage":"es","@id":"https:\/\/gysfm.com.ar\/inicio\/#\/schema\/person\/image\/","url":"https:\/\/secure.gravatar.com\/avatar\/096ec78df02049ab018702bb4ccedf659377fa92a26540b5247612077a0dbd29?s=96&d=mm&r=g","contentUrl":"https:\/\/secure.gravatar.com\/avatar\/096ec78df02049ab018702bb4ccedf659377fa92a26540b5247612077a0dbd29?s=96&d=mm&r=g","caption":"Prensa G&amp;S FM"},"sameAs":["https:\/\/gysfm.com.ar\/"],"url":"https:\/\/gysfm.com.ar\/inicio\/author\/lucasm\/"}]}},"_links":{"self":[{"href":"https:\/\/gysfm.com.ar\/inicio\/wp-json\/wp\/v2\/posts\/194084","targetHints":{"allow":["GET"]}}],"collection":[{"href":"https:\/\/gysfm.com.ar\/inicio\/wp-json\/wp\/v2\/posts"}],"about":[{"href":"https:\/\/gysfm.com.ar\/inicio\/wp-json\/wp\/v2\/types\/post"}],"author":[{"embeddable":true,"href":"https:\/\/gysfm.com.ar\/inicio\/wp-json\/wp\/v2\/users\/2"}],"replies":[{"embeddable":true,"href":"https:\/\/gysfm.com.ar\/inicio\/wp-json\/wp\/v2\/comments?post=194084"}],"version-history":[{"count":0,"href":"https:\/\/gysfm.com.ar\/inicio\/wp-json\/wp\/v2\/posts\/194084\/revisions"}],"wp:featuredmedia":[{"embeddable":true,"href":"https:\/\/gysfm.com.ar\/inicio\/wp-json\/wp\/v2\/media\/194085"}],"wp:attachment":[{"href":"https:\/\/gysfm.com.ar\/inicio\/wp-json\/wp\/v2\/media?parent=194084"}],"wp:term":[{"taxonomy":"category","embeddable":true,"href":"https:\/\/gysfm.com.ar\/inicio\/wp-json\/wp\/v2\/categories?post=194084"},{"taxonomy":"post_tag","embeddable":true,"href":"https:\/\/gysfm.com.ar\/inicio\/wp-json\/wp\/v2\/tags?post=194084"}],"curies":[{"name":"wp","href":"https:\/\/api.w.org\/{rel}","templated":true}]}}