{"id":194081,"date":"2026-05-01T10:14:20","date_gmt":"2026-05-01T13:14:20","guid":{"rendered":"https:\/\/gysfm.com.ar\/inicio\/f1-gp-de-miami-en-vivo-horarios-y-por-donde-ver-a-franco-colapinto-en-la-practica-y-la-clasificacion-sprint-ole\/"},"modified":"2026-05-01T10:14:20","modified_gmt":"2026-05-01T13:14:20","slug":"f1-gp-de-miami-en-vivo-horarios-y-por-donde-ver-a-franco-colapinto-en-la-practica-y-la-clasificacion-sprint-ole","status":"publish","type":"post","link":"https:\/\/gysfm.com.ar\/inicio\/f1-gp-de-miami-en-vivo-horarios-y-por-donde-ver-a-franco-colapinto-en-la-practica-y-la-clasificacion-sprint-ole\/","title":{"rendered":"F1 GP de Miami, EN VIVO: horarios y por d\u00f3nde ver a Franco Colapinto en la pr\u00e1ctica y la clasificaci\u00f3n sprint :: Ol\u00e9"},"content":{"rendered":"<p> <br \/>\n<\/p>\n<p><time class=\"createDate\" datetime=\"2026-05-01T09:20:06-03:00\">01\/05\/2026 09:20hs.<\/time><time class=\"modificatedDate\" datetime=\"2026-05-01T10:05:14-03:00\"> Actualizado al 01\/05\/2026 10:05hs.<\/time><\/p>\n<div id=\"storyBody\">\n<div class=\"sc-136cd478-0 ekTCfV\">\n<p>Pas\u00f3 m\u00e1s de un mes desde el GP de Jap\u00f3n, donde Kimi Antonelli se qued\u00f3 con un triunfo clave en la lucha por el Mundial. Luego, la <strong>F\u00f3rmula 1<\/strong> se vio obligada a tener un parate por la guerra en Medio Oriente. Ahora, la M\u00e1xima regresa a la acci\u00f3n en <strong>Miami<\/strong> con un Gran Premio que promete muchas emociones.<\/p>\n<\/div>\n<div class=\"sc-136cd478-0 ekTCfV\">\n<p><strong>Franco Colapinto<\/strong> llega a este fin de semana con un importante envi\u00f3n an\u00edmico luego de sumar sus primeros puntos en China y de realizar una importante exhibici\u00f3n junto a <strong>Alpine<\/strong> en Buenos Aires.<\/p>\n<\/div>\n<div class=\"sc-136cd478-0 ekTCfV\">\n<p>El <strong>GP de Miami<\/strong> ser\u00e1 un desaf\u00edo para el piloto argentino, ya que este contar\u00e1 con una carrera sprint y, por lo tanto, tendr\u00e1 un cronograma diferente: <strong>este viernes habr\u00e1 una sola pr\u00e1ctica libre y luego estar\u00e1 la cl\u00e1sificaci\u00f3n a la sprint<\/strong>.<\/p>\n<\/div>\n<p><h2><strong>Segu\u00ed el MINUTO a MINUTO del GP de Miami de la F1, con Franco Colapinto<\/strong><\/h2>\n<\/p>\n<article class=\"sc-c782b8e6-2 bdYBiq\"><time>01\/05\/2026, <span style=\"font-weight: bold;\">10:05<\/span><\/time><\/p>\n<div class=\"groupItems\" id=\"Post0\">\n<p><h2><strong>El cronograma completo del GP de Miami de la F1: d\u00edas y horarios<\/strong><\/h2>\n<\/p>\n<p><h3><strong>Viernes 1 de mayo<\/strong><\/h3>\n<\/p>\n<div class=\"sc-136cd478-0 ekTCfV\">\n<ul>\n<li>Pr\u00e1cticas libres: 13 a 14.30 horas<\/li>\n<li>Clasificaci\u00f3n sprint: 17.30 a 18.15 horas<\/li>\n<\/ul>\n<\/div>\n<p><h3><strong>S\u00e1bado 2 de mayo<\/strong><\/h3>\n<\/p>\n<div class=\"sc-136cd478-0 ekTCfV\">\n<ul>\n<li>Carrera Sprint: 13 a 14 horas<\/li>\n<li>Clasificaci\u00f3n: 17 a 18 horas<\/li>\n<\/ul>\n<\/div>\n<p><h3><strong>Domingo 3 de mayo<\/strong><\/h3>\n<\/p>\n<\/div>\n<\/article>\n<article class=\"sc-c782b8e6-2 bdYBiq\"><time>01\/05\/2026, <span style=\"font-weight: bold;\">09:45<\/span><\/time><\/p>\n<div class=\"groupItems\" id=\"Post1\">\n<p><h2><strong>\u00bfA qu\u00e9 hora hay Formula 1 hoy?<\/strong><\/h2>\n<\/p>\n<div class=\"sc-136cd478-0 ekTCfV\">\n<p>Este viernes, la acci\u00f3n en el Circuito Internacional de Miami, ubicado en el predio del Hard Rock Stadium, comienza a las <strong>13:00 horas<\/strong> con la <strong>Pr\u00e1ctica Libre 1<\/strong>. Luego, los pilotos volver\u00e1n a la acci\u00f3n para la <strong>Cl\u00e1sificaci\u00f3n para la Sprint<\/strong>, la cual se va a desarrollar de <strong>17.30 a 18.15 horas<\/strong>.<\/p>\n<\/div>\n<div class=\"sc-e7b891c4-0 ifHnQL image-embed\"><img alt=\"El Circuito Internacional de Miami, ubicado en el predio del Hard Rock Stadium (REUTERS).\" loading=\"lazy\" width=\"720\" height=\"100\" decoding=\"async\" data-nimg=\"1\" style=\"color:transparent\" src=\"https:\/\/www.ole.com.ar\/images\/2026\/05\/01\/zUcJrJQOo_720x0__1.jpg\"\/><span class=\"epigraphe\">El Circuito Internacional de Miami, ubicado en el predio del Hard Rock Stadium (REUTERS).<\/span><\/div>\n<\/div>\n<\/article>\n<article class=\"sc-c782b8e6-2 dLmQKQ\"><time>01\/05\/2026, <span style=\"font-weight: bold;\">09:19<\/span><\/time><\/p>\n<div class=\"groupItems\" id=\"Post2\">\n<p><h2><strong>\u00a1Hoy vuelve la F\u00f3rmula 1!<\/strong><\/h2>\n<\/p>\n<div class=\"sc-136cd478-0 ekTCfV\">\n<p>Este fin de semana, la <strong>F\u00f3rmula 1<\/strong> vuelve con todo a la acci\u00f3n. Luego de un parate obligado durante el mes de abril por la suspensi\u00f3n de los Grandes Premios de Bahr\u00e9in y Arabia Saudita, se va a estar desarrollando el <strong>GP de Miami<\/strong>. All\u00ed, el piloto argentino <strong>Franco Colapinto<\/strong> intentar\u00e1 volver a sumar puntos con <strong>Alpine<\/strong>.<\/p>\n<\/div>\n<div class=\"sc-e7b891c4-0 ifHnQL image-embed\"><img alt=\"Franco Colapinto en Miami (REUTERS).\" loading=\"lazy\" width=\"720\" height=\"100\" decoding=\"async\" data-nimg=\"1\" style=\"color:transparent\" src=\"https:\/\/www.ole.com.ar\/images\/2026\/04\/30\/Y3ili2OHa_720x0__1.jpg\"\/><span class=\"epigraphe\">Franco Colapinto en Miami (REUTERS).<\/span><\/div>\n<\/div>\n<\/article>\n<\/div>\n\n","protected":false},"excerpt":{"rendered":"<p>01\/05\/2026 09:20hs. Actualizado al 01\/05\/2026 10:05hs. Pas\u00f3 m\u00e1s de un mes desde el GP de Jap\u00f3n, donde Kimi Antonelli se qued\u00f3 con un triunfo clave en la lucha por el Mundial. Luego, la F\u00f3rmula 1 se vio obligada a tener un parate por la guerra en Medio Oriente. Ahora, la M\u00e1xima regresa a la acci\u00f3n [&hellip;]<\/p>\n","protected":false},"author":1,"featured_media":194082,"comment_status":"closed","ping_status":"closed","sticky":false,"template":"","format":"standard","meta":{"footnotes":""},"categories":[27],"tags":[],"class_list":["post-194081","post","type-post","status-publish","format-standard","has-post-thumbnail","hentry","category-deportes"],"yoast_head":"<!-- This site is optimized with the Yoast SEO plugin v24.4 - https:\/\/yoast.com\/wordpress\/plugins\/seo\/ -->\n<title>F1 GP de Miami, EN VIVO: horarios y por d\u00f3nde ver a Franco Colapinto en la pr\u00e1ctica y la clasificaci\u00f3n sprint :: Ol\u00e9 - GYS NOTICIAS |<\/title>\n<meta name=\"robots\" content=\"index, follow, max-snippet:-1, max-image-preview:large, max-video-preview:-1\" \/>\n<link rel=\"canonical\" href=\"https:\/\/gysfm.com.ar\/inicio\/f1-gp-de-miami-en-vivo-horarios-y-por-donde-ver-a-franco-colapinto-en-la-practica-y-la-clasificacion-sprint-ole\/\" \/>\n<meta property=\"og:locale\" content=\"es_ES\" \/>\n<meta property=\"og:type\" content=\"article\" \/>\n<meta property=\"og:title\" content=\"F1 GP de Miami, EN VIVO: horarios y por d\u00f3nde ver a Franco Colapinto en la pr\u00e1ctica y la clasificaci\u00f3n sprint :: Ol\u00e9 - GYS NOTICIAS |\" \/>\n<meta property=\"og:description\" content=\"01\/05\/2026 09:20hs. Actualizado al 01\/05\/2026 10:05hs. Pas\u00f3 m\u00e1s de un mes desde el GP de Jap\u00f3n, donde Kimi Antonelli se qued\u00f3 con un triunfo clave en la lucha por el Mundial. Luego, la F\u00f3rmula 1 se vio obligada a tener un parate por la guerra en Medio Oriente. Ahora, la M\u00e1xima regresa a la acci\u00f3n [&hellip;]\" \/>\n<meta property=\"og:url\" content=\"https:\/\/gysfm.com.ar\/inicio\/f1-gp-de-miami-en-vivo-horarios-y-por-donde-ver-a-franco-colapinto-en-la-practica-y-la-clasificacion-sprint-ole\/\" \/>\n<meta property=\"og:site_name\" content=\"GYS NOTICIAS |\" \/>\n<meta property=\"article:published_time\" content=\"2026-05-01T13:14:20+00:00\" \/>\n<meta property=\"og:image\" content=\"https:\/\/www.ole.com.ar\/images\/2026\/05\/01\/zUcJrJQOo_720x0__1.jpg\" \/>\n<meta name=\"author\" content=\"admin\" \/>\n<meta name=\"twitter:card\" content=\"summary_large_image\" \/>\n<meta name=\"twitter:label1\" content=\"Escrito por\" \/>\n\t<meta name=\"twitter:data1\" content=\"admin\" \/>\n\t<meta name=\"twitter:label2\" content=\"Tiempo de lectura\" \/>\n\t<meta name=\"twitter:data2\" content=\"2 minutos\" \/>\n<script type=\"application\/ld+json\" class=\"yoast-schema-graph\">{\"@context\":\"https:\/\/schema.org\",\"@graph\":[{\"@type\":\"Article\",\"@id\":\"https:\/\/gysfm.com.ar\/inicio\/f1-gp-de-miami-en-vivo-horarios-y-por-donde-ver-a-franco-colapinto-en-la-practica-y-la-clasificacion-sprint-ole\/#article\",\"isPartOf\":{\"@id\":\"https:\/\/gysfm.com.ar\/inicio\/f1-gp-de-miami-en-vivo-horarios-y-por-donde-ver-a-franco-colapinto-en-la-practica-y-la-clasificacion-sprint-ole\/\"},\"author\":{\"name\":\"admin\",\"@id\":\"https:\/\/gysfm.com.ar\/inicio\/#\/schema\/person\/5bedd7ecd35cc35548d89effafa23696\"},\"headline\":\"F1 GP de Miami, EN VIVO: horarios y por d\u00f3nde ver a Franco Colapinto en la pr\u00e1ctica y la clasificaci\u00f3n sprint :: Ol\u00e9\",\"datePublished\":\"2026-05-01T13:14:20+00:00\",\"mainEntityOfPage\":{\"@id\":\"https:\/\/gysfm.com.ar\/inicio\/f1-gp-de-miami-en-vivo-horarios-y-por-donde-ver-a-franco-colapinto-en-la-practica-y-la-clasificacion-sprint-ole\/\"},\"wordCount\":377,\"publisher\":{\"@id\":\"https:\/\/gysfm.com.ar\/inicio\/#organization\"},\"image\":{\"@id\":\"https:\/\/gysfm.com.ar\/inicio\/f1-gp-de-miami-en-vivo-horarios-y-por-donde-ver-a-franco-colapinto-en-la-practica-y-la-clasificacion-sprint-ole\/#primaryimage\"},\"thumbnailUrl\":\"https:\/\/gysfm.com.ar\/inicio\/wp-content\/uploads\/2026\/05\/fWUpO86Yk_2000x1500__1.jpg\",\"articleSection\":[\"DEPORTES\"],\"inLanguage\":\"es\"},{\"@type\":\"WebPage\",\"@id\":\"https:\/\/gysfm.com.ar\/inicio\/f1-gp-de-miami-en-vivo-horarios-y-por-donde-ver-a-franco-colapinto-en-la-practica-y-la-clasificacion-sprint-ole\/\",\"url\":\"https:\/\/gysfm.com.ar\/inicio\/f1-gp-de-miami-en-vivo-horarios-y-por-donde-ver-a-franco-colapinto-en-la-practica-y-la-clasificacion-sprint-ole\/\",\"name\":\"F1 GP de Miami, EN VIVO: horarios y por d\u00f3nde ver a Franco Colapinto en la pr\u00e1ctica y la clasificaci\u00f3n sprint :: Ol\u00e9 - GYS NOTICIAS |\",\"isPartOf\":{\"@id\":\"https:\/\/gysfm.com.ar\/inicio\/#website\"},\"primaryImageOfPage\":{\"@id\":\"https:\/\/gysfm.com.ar\/inicio\/f1-gp-de-miami-en-vivo-horarios-y-por-donde-ver-a-franco-colapinto-en-la-practica-y-la-clasificacion-sprint-ole\/#primaryimage\"},\"image\":{\"@id\":\"https:\/\/gysfm.com.ar\/inicio\/f1-gp-de-miami-en-vivo-horarios-y-por-donde-ver-a-franco-colapinto-en-la-practica-y-la-clasificacion-sprint-ole\/#primaryimage\"},\"thumbnailUrl\":\"https:\/\/gysfm.com.ar\/inicio\/wp-content\/uploads\/2026\/05\/fWUpO86Yk_2000x1500__1.jpg\",\"datePublished\":\"2026-05-01T13:14:20+00:00\",\"breadcrumb\":{\"@id\":\"https:\/\/gysfm.com.ar\/inicio\/f1-gp-de-miami-en-vivo-horarios-y-por-donde-ver-a-franco-colapinto-en-la-practica-y-la-clasificacion-sprint-ole\/#breadcrumb\"},\"inLanguage\":\"es\",\"potentialAction\":[{\"@type\":\"ReadAction\",\"target\":[\"https:\/\/gysfm.com.ar\/inicio\/f1-gp-de-miami-en-vivo-horarios-y-por-donde-ver-a-franco-colapinto-en-la-practica-y-la-clasificacion-sprint-ole\/\"]}]},{\"@type\":\"ImageObject\",\"inLanguage\":\"es\",\"@id\":\"https:\/\/gysfm.com.ar\/inicio\/f1-gp-de-miami-en-vivo-horarios-y-por-donde-ver-a-franco-colapinto-en-la-practica-y-la-clasificacion-sprint-ole\/#primaryimage\",\"url\":\"https:\/\/gysfm.com.ar\/inicio\/wp-content\/uploads\/2026\/05\/fWUpO86Yk_2000x1500__1.jpg\",\"contentUrl\":\"https:\/\/gysfm.com.ar\/inicio\/wp-content\/uploads\/2026\/05\/fWUpO86Yk_2000x1500__1.jpg\",\"width\":2000,\"height\":1500},{\"@type\":\"BreadcrumbList\",\"@id\":\"https:\/\/gysfm.com.ar\/inicio\/f1-gp-de-miami-en-vivo-horarios-y-por-donde-ver-a-franco-colapinto-en-la-practica-y-la-clasificacion-sprint-ole\/#breadcrumb\",\"itemListElement\":[{\"@type\":\"ListItem\",\"position\":1,\"name\":\"Portada\",\"item\":\"https:\/\/gysfm.com.ar\/inicio\/\"},{\"@type\":\"ListItem\",\"position\":2,\"name\":\"F1 GP de Miami, EN VIVO: horarios y por d\u00f3nde ver a Franco Colapinto en la pr\u00e1ctica y la clasificaci\u00f3n sprint :: Ol\u00e9\"}]},{\"@type\":\"WebSite\",\"@id\":\"https:\/\/gysfm.com.ar\/inicio\/#website\",\"url\":\"https:\/\/gysfm.com.ar\/inicio\/\",\"name\":\"GYS NOTICIAS |\",\"description\":\"DIARIO - RADIO ONLINE SAN JUAN ARGENTINA\",\"publisher\":{\"@id\":\"https:\/\/gysfm.com.ar\/inicio\/#organization\"},\"potentialAction\":[{\"@type\":\"SearchAction\",\"target\":{\"@type\":\"EntryPoint\",\"urlTemplate\":\"https:\/\/gysfm.com.ar\/inicio\/?s={search_term_string}\"},\"query-input\":{\"@type\":\"PropertyValueSpecification\",\"valueRequired\":true,\"valueName\":\"search_term_string\"}}],\"inLanguage\":\"es\"},{\"@type\":\"Organization\",\"@id\":\"https:\/\/gysfm.com.ar\/inicio\/#organization\",\"name\":\"GYS NOTICIAS |\",\"url\":\"https:\/\/gysfm.com.ar\/inicio\/\",\"logo\":{\"@type\":\"ImageObject\",\"inLanguage\":\"es\",\"@id\":\"https:\/\/gysfm.com.ar\/inicio\/#\/schema\/logo\/image\/\",\"url\":\"https:\/\/gysfm.com.ar\/inicio\/wp-content\/uploads\/2023\/07\/LOGOGYS-OK.png\",\"contentUrl\":\"https:\/\/gysfm.com.ar\/inicio\/wp-content\/uploads\/2023\/07\/LOGOGYS-OK.png\",\"width\":1170,\"height\":872,\"caption\":\"GYS NOTICIAS |\"},\"image\":{\"@id\":\"https:\/\/gysfm.com.ar\/inicio\/#\/schema\/logo\/image\/\"}},{\"@type\":\"Person\",\"@id\":\"https:\/\/gysfm.com.ar\/inicio\/#\/schema\/person\/5bedd7ecd35cc35548d89effafa23696\",\"name\":\"admin\",\"image\":{\"@type\":\"ImageObject\",\"inLanguage\":\"es\",\"@id\":\"https:\/\/gysfm.com.ar\/inicio\/#\/schema\/person\/image\/\",\"url\":\"https:\/\/secure.gravatar.com\/avatar\/c331d312b5243fb64d5ba28108a447b27c925295129a363082c9ea52c28d32c2?s=96&d=mm&r=g\",\"contentUrl\":\"https:\/\/secure.gravatar.com\/avatar\/c331d312b5243fb64d5ba28108a447b27c925295129a363082c9ea52c28d32c2?s=96&d=mm&r=g\",\"caption\":\"admin\"},\"sameAs\":[\"https:\/\/gysfm.com.ar\/inicio\"],\"url\":\"https:\/\/gysfm.com.ar\/inicio\/author\/admin\/\"}]}<\/script>\n<!-- \/ Yoast SEO plugin. -->","yoast_head_json":{"title":"F1 GP de Miami, EN VIVO: horarios y por d\u00f3nde ver a Franco Colapinto en la pr\u00e1ctica y la clasificaci\u00f3n sprint :: Ol\u00e9 - GYS NOTICIAS |","robots":{"index":"index","follow":"follow","max-snippet":"max-snippet:-1","max-image-preview":"max-image-preview:large","max-video-preview":"max-video-preview:-1"},"canonical":"https:\/\/gysfm.com.ar\/inicio\/f1-gp-de-miami-en-vivo-horarios-y-por-donde-ver-a-franco-colapinto-en-la-practica-y-la-clasificacion-sprint-ole\/","og_locale":"es_ES","og_type":"article","og_title":"F1 GP de Miami, EN VIVO: horarios y por d\u00f3nde ver a Franco Colapinto en la pr\u00e1ctica y la clasificaci\u00f3n sprint :: Ol\u00e9 - GYS NOTICIAS |","og_description":"01\/05\/2026 09:20hs. Actualizado al 01\/05\/2026 10:05hs. Pas\u00f3 m\u00e1s de un mes desde el GP de Jap\u00f3n, donde Kimi Antonelli se qued\u00f3 con un triunfo clave en la lucha por el Mundial. Luego, la F\u00f3rmula 1 se vio obligada a tener un parate por la guerra en Medio Oriente. Ahora, la M\u00e1xima regresa a la acci\u00f3n [&hellip;]","og_url":"https:\/\/gysfm.com.ar\/inicio\/f1-gp-de-miami-en-vivo-horarios-y-por-donde-ver-a-franco-colapinto-en-la-practica-y-la-clasificacion-sprint-ole\/","og_site_name":"GYS NOTICIAS |","article_published_time":"2026-05-01T13:14:20+00:00","og_image":[{"url":"https:\/\/www.ole.com.ar\/images\/2026\/05\/01\/zUcJrJQOo_720x0__1.jpg","type":"","width":"","height":""}],"author":"admin","twitter_card":"summary_large_image","twitter_misc":{"Escrito por":"admin","Tiempo de lectura":"2 minutos"},"schema":{"@context":"https:\/\/schema.org","@graph":[{"@type":"Article","@id":"https:\/\/gysfm.com.ar\/inicio\/f1-gp-de-miami-en-vivo-horarios-y-por-donde-ver-a-franco-colapinto-en-la-practica-y-la-clasificacion-sprint-ole\/#article","isPartOf":{"@id":"https:\/\/gysfm.com.ar\/inicio\/f1-gp-de-miami-en-vivo-horarios-y-por-donde-ver-a-franco-colapinto-en-la-practica-y-la-clasificacion-sprint-ole\/"},"author":{"name":"admin","@id":"https:\/\/gysfm.com.ar\/inicio\/#\/schema\/person\/5bedd7ecd35cc35548d89effafa23696"},"headline":"F1 GP de Miami, EN VIVO: horarios y por d\u00f3nde ver a Franco Colapinto en la pr\u00e1ctica y la clasificaci\u00f3n sprint :: Ol\u00e9","datePublished":"2026-05-01T13:14:20+00:00","mainEntityOfPage":{"@id":"https:\/\/gysfm.com.ar\/inicio\/f1-gp-de-miami-en-vivo-horarios-y-por-donde-ver-a-franco-colapinto-en-la-practica-y-la-clasificacion-sprint-ole\/"},"wordCount":377,"publisher":{"@id":"https:\/\/gysfm.com.ar\/inicio\/#organization"},"image":{"@id":"https:\/\/gysfm.com.ar\/inicio\/f1-gp-de-miami-en-vivo-horarios-y-por-donde-ver-a-franco-colapinto-en-la-practica-y-la-clasificacion-sprint-ole\/#primaryimage"},"thumbnailUrl":"https:\/\/gysfm.com.ar\/inicio\/wp-content\/uploads\/2026\/05\/fWUpO86Yk_2000x1500__1.jpg","articleSection":["DEPORTES"],"inLanguage":"es"},{"@type":"WebPage","@id":"https:\/\/gysfm.com.ar\/inicio\/f1-gp-de-miami-en-vivo-horarios-y-por-donde-ver-a-franco-colapinto-en-la-practica-y-la-clasificacion-sprint-ole\/","url":"https:\/\/gysfm.com.ar\/inicio\/f1-gp-de-miami-en-vivo-horarios-y-por-donde-ver-a-franco-colapinto-en-la-practica-y-la-clasificacion-sprint-ole\/","name":"F1 GP de Miami, EN VIVO: horarios y por d\u00f3nde ver a Franco Colapinto en la pr\u00e1ctica y la clasificaci\u00f3n sprint :: Ol\u00e9 - GYS NOTICIAS |","isPartOf":{"@id":"https:\/\/gysfm.com.ar\/inicio\/#website"},"primaryImageOfPage":{"@id":"https:\/\/gysfm.com.ar\/inicio\/f1-gp-de-miami-en-vivo-horarios-y-por-donde-ver-a-franco-colapinto-en-la-practica-y-la-clasificacion-sprint-ole\/#primaryimage"},"image":{"@id":"https:\/\/gysfm.com.ar\/inicio\/f1-gp-de-miami-en-vivo-horarios-y-por-donde-ver-a-franco-colapinto-en-la-practica-y-la-clasificacion-sprint-ole\/#primaryimage"},"thumbnailUrl":"https:\/\/gysfm.com.ar\/inicio\/wp-content\/uploads\/2026\/05\/fWUpO86Yk_2000x1500__1.jpg","datePublished":"2026-05-01T13:14:20+00:00","breadcrumb":{"@id":"https:\/\/gysfm.com.ar\/inicio\/f1-gp-de-miami-en-vivo-horarios-y-por-donde-ver-a-franco-colapinto-en-la-practica-y-la-clasificacion-sprint-ole\/#breadcrumb"},"inLanguage":"es","potentialAction":[{"@type":"ReadAction","target":["https:\/\/gysfm.com.ar\/inicio\/f1-gp-de-miami-en-vivo-horarios-y-por-donde-ver-a-franco-colapinto-en-la-practica-y-la-clasificacion-sprint-ole\/"]}]},{"@type":"ImageObject","inLanguage":"es","@id":"https:\/\/gysfm.com.ar\/inicio\/f1-gp-de-miami-en-vivo-horarios-y-por-donde-ver-a-franco-colapinto-en-la-practica-y-la-clasificacion-sprint-ole\/#primaryimage","url":"https:\/\/gysfm.com.ar\/inicio\/wp-content\/uploads\/2026\/05\/fWUpO86Yk_2000x1500__1.jpg","contentUrl":"https:\/\/gysfm.com.ar\/inicio\/wp-content\/uploads\/2026\/05\/fWUpO86Yk_2000x1500__1.jpg","width":2000,"height":1500},{"@type":"BreadcrumbList","@id":"https:\/\/gysfm.com.ar\/inicio\/f1-gp-de-miami-en-vivo-horarios-y-por-donde-ver-a-franco-colapinto-en-la-practica-y-la-clasificacion-sprint-ole\/#breadcrumb","itemListElement":[{"@type":"ListItem","position":1,"name":"Portada","item":"https:\/\/gysfm.com.ar\/inicio\/"},{"@type":"ListItem","position":2,"name":"F1 GP de Miami, EN VIVO: horarios y por d\u00f3nde ver a Franco Colapinto en la pr\u00e1ctica y la clasificaci\u00f3n sprint :: Ol\u00e9"}]},{"@type":"WebSite","@id":"https:\/\/gysfm.com.ar\/inicio\/#website","url":"https:\/\/gysfm.com.ar\/inicio\/","name":"GYS NOTICIAS |","description":"DIARIO - RADIO ONLINE SAN JUAN ARGENTINA","publisher":{"@id":"https:\/\/gysfm.com.ar\/inicio\/#organization"},"potentialAction":[{"@type":"SearchAction","target":{"@type":"EntryPoint","urlTemplate":"https:\/\/gysfm.com.ar\/inicio\/?s={search_term_string}"},"query-input":{"@type":"PropertyValueSpecification","valueRequired":true,"valueName":"search_term_string"}}],"inLanguage":"es"},{"@type":"Organization","@id":"https:\/\/gysfm.com.ar\/inicio\/#organization","name":"GYS NOTICIAS |","url":"https:\/\/gysfm.com.ar\/inicio\/","logo":{"@type":"ImageObject","inLanguage":"es","@id":"https:\/\/gysfm.com.ar\/inicio\/#\/schema\/logo\/image\/","url":"https:\/\/gysfm.com.ar\/inicio\/wp-content\/uploads\/2023\/07\/LOGOGYS-OK.png","contentUrl":"https:\/\/gysfm.com.ar\/inicio\/wp-content\/uploads\/2023\/07\/LOGOGYS-OK.png","width":1170,"height":872,"caption":"GYS NOTICIAS |"},"image":{"@id":"https:\/\/gysfm.com.ar\/inicio\/#\/schema\/logo\/image\/"}},{"@type":"Person","@id":"https:\/\/gysfm.com.ar\/inicio\/#\/schema\/person\/5bedd7ecd35cc35548d89effafa23696","name":"admin","image":{"@type":"ImageObject","inLanguage":"es","@id":"https:\/\/gysfm.com.ar\/inicio\/#\/schema\/person\/image\/","url":"https:\/\/secure.gravatar.com\/avatar\/c331d312b5243fb64d5ba28108a447b27c925295129a363082c9ea52c28d32c2?s=96&d=mm&r=g","contentUrl":"https:\/\/secure.gravatar.com\/avatar\/c331d312b5243fb64d5ba28108a447b27c925295129a363082c9ea52c28d32c2?s=96&d=mm&r=g","caption":"admin"},"sameAs":["https:\/\/gysfm.com.ar\/inicio"],"url":"https:\/\/gysfm.com.ar\/inicio\/author\/admin\/"}]}},"_links":{"self":[{"href":"https:\/\/gysfm.com.ar\/inicio\/wp-json\/wp\/v2\/posts\/194081","targetHints":{"allow":["GET"]}}],"collection":[{"href":"https:\/\/gysfm.com.ar\/inicio\/wp-json\/wp\/v2\/posts"}],"about":[{"href":"https:\/\/gysfm.com.ar\/inicio\/wp-json\/wp\/v2\/types\/post"}],"author":[{"embeddable":true,"href":"https:\/\/gysfm.com.ar\/inicio\/wp-json\/wp\/v2\/users\/1"}],"replies":[{"embeddable":true,"href":"https:\/\/gysfm.com.ar\/inicio\/wp-json\/wp\/v2\/comments?post=194081"}],"version-history":[{"count":0,"href":"https:\/\/gysfm.com.ar\/inicio\/wp-json\/wp\/v2\/posts\/194081\/revisions"}],"wp:featuredmedia":[{"embeddable":true,"href":"https:\/\/gysfm.com.ar\/inicio\/wp-json\/wp\/v2\/media\/194082"}],"wp:attachment":[{"href":"https:\/\/gysfm.com.ar\/inicio\/wp-json\/wp\/v2\/media?parent=194081"}],"wp:term":[{"taxonomy":"category","embeddable":true,"href":"https:\/\/gysfm.com.ar\/inicio\/wp-json\/wp\/v2\/categories?post=194081"},{"taxonomy":"post_tag","embeddable":true,"href":"https:\/\/gysfm.com.ar\/inicio\/wp-json\/wp\/v2\/tags?post=194081"}],"curies":[{"name":"wp","href":"https:\/\/api.w.org\/{rel}","templated":true}]}}