{"id":194079,"date":"2026-05-01T10:12:08","date_gmt":"2026-05-01T13:12:08","guid":{"rendered":"https:\/\/gysfm.com.ar\/inicio\/advierten-que-el-programa-del-gobierno-muto-hacia-la-inversa-del-punto-anker-que-implica\/"},"modified":"2026-05-01T10:12:08","modified_gmt":"2026-05-01T13:12:08","slug":"advierten-que-el-programa-del-gobierno-muto-hacia-la-inversa-del-punto-anker-que-implica","status":"publish","type":"post","link":"https:\/\/gysfm.com.ar\/inicio\/advierten-que-el-programa-del-gobierno-muto-hacia-la-inversa-del-punto-anker-que-implica\/","title":{"rendered":"Advierten que el programa del Gobierno mut\u00f3 hacia la inversa del punto Anker: qu\u00e9 implica"},"content":{"rendered":"<p> <br \/>\n<\/p>\n<div id=\"\">\n<p id=\"p-1777589706852-87635\" data-start=\"0\" data-end=\"341\">El famoso \u00ab<strong data-start=\"10\" data-end=\"25\">punto Anker\u00bb<\/strong> que era mencionado una y otra vez por los funcionarios que acompa\u00f1an al ministro de Econom\u00eda, Luis Caputo, al <strong data-start=\"162\" data-end=\"186\">inicio de la gesti\u00f3n<\/strong> qued\u00f3 muy lejos. Se refiere al <strong data-start=\"218\" data-end=\"340\">momento en el que, por el orden de las cuentas del fisco, el Estado demanda menos financiamiento que el sector privado<\/strong>.<\/p>\n<\/div>\n<div id=\"\">\n<p id=\"p-1777589706852-91228\" data-start=\"343\" data-end=\"551\">Ese punto qued\u00f3 fuera del discurso de los hombres del Palacio de Hacienda. Y es que ahora <strong data-start=\"433\" data-end=\"550\">lo financiero est\u00e1 tomando mayor importancia para la estabilidad y continuidad del programa que el aspecto fiscal<\/strong>.<\/p>\n<\/div>\n<div id=\"\">\n<p id=\"p-1777589706852-48265\" data-start=\"553\" data-end=\"838\">As\u00ed lo se\u00f1al\u00f3 Marina Dal Poggetto, la directora de EcoGo, durante una de las charlas que se ofrecieron en el marco de la ExpoEfi 2026 que tuvo lugar la semana pasada en el Centro de Convenciones de Buenos Aires.<\/p>\n<\/div>\n<div id=\"\">\n<p id=\"p-1777589706852-99463\" data-start=\"840\" data-end=\"1168\">All\u00ed explic\u00f3 que el programa econ\u00f3mico del gobierno <strong data-start=\"913\" data-end=\"981\">\u00abya no depende del programa fiscal sino del programa financiero\u00bb<\/strong>. En otras palabras, el <strong data-start=\"1005\" data-end=\"1025\">super\u00e1vit fiscal<\/strong>, si bien es necesario para la salud del modelo, <strong data-start=\"1074\" data-end=\"1117\">ya no ser\u00eda la piedra angular del mismo<\/strong>, que ahora depende de <strong data-start=\"1140\" data-end=\"1167\">conseguir rollear deuda<\/strong>.<\/p>\n<\/div>\n<div id=\"\">\n<p id=\"p-1777589706852-13167\" data-start=\"1170\" data-end=\"1296\">Al respecto, la economista precis\u00f3 que <strong data-start=\"1209\" data-end=\"1295\">\u00abla contracci\u00f3n de pesos por el programa financiero es la inversa del punto Anker\u00bb<\/strong>.<\/p>\n<\/div>\n<div id=\"\">\n<div contenteditable=\"false\" class=\"embed_cont type_freetext\" rel=\"freetext\" id=\"embed52_wrap\">\n<p>Embed <span onclick=\"parent.parent.TinyMCETdcuerpo.preview_embed('embed52')\" class=\"embed_colapse less\" id=\"embed52_colapse\"\/>  <span onclick=\"parent.parent.TinyMCETdcuerpo.delete_embed('embed52')\" class=\"embed_delete less\" id=\"embed52_delete\"\/><\/p>\n<div id=\"embed52_content\" class=\"embed_content\">\n<div id=\"embed52_embed\">\n<blockquote data-td-script-src=\"https:\/\/platform.twitter.com\/widgets.js\" class=\"twitter-tweet\">\n<p id=\"p-1777573450733-88643\" dir=\"ltr\" lang=\"es\"> Correcto Ari! Se lleg\u00f3 al \u201cpunto Anker\u201d finalmente. <br \/>Empez\u00f3 \u201coficialmente\u201d la escasez de pesos. Consecuencia de emisi\u00f3n cero vs aumento de la demanda de dinero y de cr\u00e9dito.<br \/>Por eso mantuvimos las reservas en el Central a tasa cero en lugar de recomprarle deuda. <br \/>A 9 meses del\u2026 <a href=\"https:\/\/t.co\/fIhe75ygjN\">https:\/\/t.co\/fIhe75ygjN<\/a><\/p>\n<p> \u2014 totocaputo (@LuisCaputoAR) <a href=\"https:\/\/twitter.com\/LuisCaputoAR\/status\/1839475408493760569?ref_src=twsrc%5Etfw\">September 27, 2024<\/a><\/p><\/blockquote>\n<\/div><\/div><\/div>\n<p id=\"p-1777590192508-44947\" data-start=\"1309\" data-end=\"1593\">\u00abEl Tesoro festejaba el punto Anker, la emisi\u00f3n y la liberaci\u00f3n de capacidad monetaria de los bancos. Mientras ten\u00eda controles de capital eso funcionaba. <strong data-start=\"1463\" data-end=\"1582\">Eso dej\u00f3 de funcionar por la volatilidad de tasas y ahora est\u00e1 jugando al rev\u00e9s. El Tesoro est\u00e1 retirando los pesos<\/strong>\u00ab, explic\u00f3.<\/p>\n<p id=\"p-1777590192508-76170\" data-start=\"1595\" data-end=\"1847\">Para la economista, en realidad el programa financiero <strong data-start=\"1650\" data-end=\"1696\">\u00abes la contracara de la compra de d\u00f3lares\u00bb<\/strong> que lleva adelante el Banco Central. Toda la emisi\u00f3n de dinero que se <strong data-start=\"1767\" data-end=\"1775\">hace<\/strong> por esa v\u00eda <strong data-start=\"1788\" data-end=\"1846\">la absorbe luego el Tesoro en licitaciones quincenales<\/strong>.<\/p>\n<p id=\"p-1777590192508-95445\" data-start=\"1849\" data-end=\"2121\">Desde hace cuatro meses, el nivel de <strong data-start=\"1886\" data-end=\"1938\">rollover de deuda en moneda local supera el 100%<\/strong>, lo que indica que, adem\u00e1s de retirar lo que vence, el Gobierno <strong data-start=\"2003\" data-end=\"2019\">se lleva m\u00e1s<\/strong>. La economista indic\u00f3 adem\u00e1s que el Banco Central <strong data-start=\"2070\" data-end=\"2120\">tambi\u00e9n se est\u00e1 retirando pesos mediante pases<\/strong>.<\/p>\n<p id=\"p-1777590430598-82431\" data-start=\"2123\" data-end=\"2253\">En ese sentido, consider\u00f3 que el programa <strong data-start=\"2165\" data-end=\"2252\">\u00abpuede funcionar\u00bb en la medida en que pueda seguir estirando plazos de vencimientos<\/strong>. \u00abPor ahora, lo que se est\u00e1 viendo es que la <strong data-start=\"2299\" data-end=\"2355\">deuda en d\u00f3lares se financia en el mercado dom\u00e9stico<\/strong>, no estamos yendo afuera, y la <strong data-start=\"2387\" data-end=\"2455\">deuda en pesos todav\u00eda est\u00e1 empezando a estirar los vencimientos<\/strong>\u00ab, a\u00f1adi\u00f3.<\/p>\n<div contenteditable=\"false\" class=\"embed_cont type_imagen\" id=\"8217341-Libre-413528842_wrap\" style=\"opacity:1;height:auto;\">\n<p> Marina Dal Poggetto 2 Fuchila <span onclick=\"parent.parent.TinyMCETdcuerpo.preview_embed('8217341-Libre-413528842')\" class=\"embed_colapse less\" id=\"8217341-Libre-413528842_colapse\"> <\/span> <span onclick=\"parent.parent.TinyMCETdcuerpo.delete_embed('8217341-Libre-413528842')\" class=\"embed_delete less\" id=\"8217341-Libre-413528842_delete\"\/><\/p>\n<div id=\"8217341-Libre-413528842_content\" class=\"embed_content\"><img decoding=\"async\" src=\"https:\/\/media.ambito.com\/p\/b7d5661d33943c9adb972e775172f301\/adjuntos\/239\/imagenes\/043\/333\/0043333397\/730x0\/593x204:613x224\/marina-dal-poggetto-2-fuchila.jpg\" alt=\"Marina dal Poggetto.\" title=\"Marina dal Poggetto.\" width=\"730\" height=\"undefined\" id=\"8217341-Libre-413528842_embed\"\/><\/div><\/div>\n<p id=\"p-1777590192508-4867\" data-start=\"2467\" data-end=\"2665\">Dijo que el Gobierno <strong data-start=\"2488\" data-end=\"2664\">\u00abva encontr\u00e1ndole la vuelta para poder manejar la deuda de pesos y la deuda en d\u00f3lares, y no cabe duda de que va a manejar la deuda en d\u00f3lares hasta el final de la gesti\u00f3n\u00bb<\/strong>.<\/p>\n<p id=\"p-1777590192508-55466\" data-start=\"2667\" data-end=\"2986\">El problema, seg\u00fan se\u00f1al\u00f3, es la <strong data-start=\"2700\" data-end=\"2761\">incertidumbre pol\u00edtica y la inflaci\u00f3n todav\u00eda persistente<\/strong>. En ese sentido, consider\u00f3 que, dado ese escenario, <strong data-start=\"2814\" data-end=\"2911\">no se podr\u00eda repetir el ciclo de cr\u00e9dito que facilit\u00f3 la recuperaci\u00f3n de la actividad en 2024<\/strong>, tras el ajuste inicial. <strong data-start=\"2937\" data-end=\"2985\">Va a subir el cr\u00e9dito, pero no habr\u00e1 un boom<\/strong>.<\/p>\n<h2 id=\"p-1777590192508-24398\" data-start=\"2988\" data-end=\"3058\"><strong data-start=\"2988\" data-end=\"3058\">Alvarez Agis: \u00abLa pol\u00edtica monetaria va a estar menos contractiva\u00bb<\/strong><\/h2>\n<p id=\"p-1777590192508-47533\" data-start=\"3060\" data-end=\"3341\">Emmanuel \u00c1lvarez Agis, exviceministro de Econom\u00eda y director de la consultora PXQ, afirm\u00f3, en tanto, que <strong data-start=\"3215\" data-end=\"3340\">\u00absi se mira la situaci\u00f3n respecto de lo que pasaba hace tres meses, la pol\u00edtica monetaria se ha vuelto menos contractiva\u00bb<\/strong>. Y tambi\u00e9n se\u00f1al\u00f3 que <strong data-start=\"3364\" data-end=\"3439\">\u00abmirando hacia adelante, la pol\u00edtica fiscal va a ser menos contractiva\u00bb<\/strong>.<\/p>\n<p id=\"p-1777590192508-12877\" data-start=\"3442\" data-end=\"3642\" data-is-last-node=\"\" data-is-only-node=\"\">De hecho, considera que, de alguna manera, el Gobierno <strong data-start=\"3497\" data-end=\"3519\">mostr\u00f3 pragmatismo<\/strong> y, aunque en el discurso diga otra cosa, en los hechos <strong data-start=\"3575\" data-end=\"3641\">est\u00e1 dando se\u00f1ales de que le preocupa la ca\u00edda de la actividad<\/strong>.<\/p>\n<\/p><\/div>\n<p><script>\n!function(f,b,e,v,n,t,s)\n{if(f.fbq)return;n=f.fbq=function(){n.callMethod?\nn.callMethod.apply(n,arguments):n.queue.push(arguments)};\nif(!f._fbq)f._fbq=n;n.push=n;n.loaded=!0;n.version='2.0';\nn.queue=[];t=b.createElement(e);t.async=!0;\nt.src=v;s=b.getElementsByTagName(e)[0];\ns.parentNode.insertBefore(t,s)}(window,document,'script',\n'https:\/\/connect.facebook.net\/en_US\/fbevents.js');\nfbq('init', '2047048335588113');\nfbq('track', 'PageView');\n<\/script><br \/>\n<br \/><\/p>\n","protected":false},"excerpt":{"rendered":"<p>El famoso \u00abpunto Anker\u00bb que era mencionado una y otra vez por los funcionarios que acompa\u00f1an al ministro de Econom\u00eda, Luis Caputo, al inicio de la gesti\u00f3n qued\u00f3 muy lejos. Se refiere al momento en el que, por el orden de las cuentas del fisco, el Estado demanda menos financiamiento que el sector privado. Ese [&hellip;]<\/p>\n","protected":false},"author":1,"featured_media":194080,"comment_status":"closed","ping_status":"closed","sticky":false,"template":"","format":"standard","meta":{"footnotes":""},"categories":[28],"tags":[],"class_list":["post-194079","post","type-post","status-publish","format-standard","has-post-thumbnail","hentry","category-economia"],"yoast_head":"<!-- This site is optimized with the Yoast SEO plugin v24.4 - https:\/\/yoast.com\/wordpress\/plugins\/seo\/ -->\n<title>Advierten que el programa del Gobierno mut\u00f3 hacia la inversa del punto Anker: qu\u00e9 implica - GYS NOTICIAS |<\/title>\n<meta name=\"robots\" content=\"index, follow, max-snippet:-1, max-image-preview:large, max-video-preview:-1\" \/>\n<link rel=\"canonical\" href=\"https:\/\/gysfm.com.ar\/inicio\/advierten-que-el-programa-del-gobierno-muto-hacia-la-inversa-del-punto-anker-que-implica\/\" \/>\n<meta property=\"og:locale\" content=\"es_ES\" \/>\n<meta property=\"og:type\" content=\"article\" \/>\n<meta property=\"og:title\" content=\"Advierten que el programa del Gobierno mut\u00f3 hacia la inversa del punto Anker: qu\u00e9 implica - GYS NOTICIAS |\" \/>\n<meta property=\"og:description\" content=\"El famoso \u00abpunto Anker\u00bb que era mencionado una y otra vez por los funcionarios que acompa\u00f1an al ministro de Econom\u00eda, Luis Caputo, al inicio de la gesti\u00f3n qued\u00f3 muy lejos. Se refiere al momento en el que, por el orden de las cuentas del fisco, el Estado demanda menos financiamiento que el sector privado. Ese [&hellip;]\" \/>\n<meta property=\"og:url\" content=\"https:\/\/gysfm.com.ar\/inicio\/advierten-que-el-programa-del-gobierno-muto-hacia-la-inversa-del-punto-anker-que-implica\/\" \/>\n<meta property=\"og:site_name\" content=\"GYS NOTICIAS |\" \/>\n<meta property=\"article:published_time\" content=\"2026-05-01T13:12:08+00:00\" \/>\n<meta property=\"og:image\" content=\"https:\/\/media.ambito.com\/p\/b7d5661d33943c9adb972e775172f301\/adjuntos\/239\/imagenes\/043\/333\/0043333397\/730x0\/593x204:613x224\/marina-dal-poggetto-2-fuchila.jpg\" \/>\n<meta name=\"author\" content=\"admin\" \/>\n<meta name=\"twitter:card\" content=\"summary_large_image\" \/>\n<meta name=\"twitter:label1\" content=\"Escrito por\" \/>\n\t<meta name=\"twitter:data1\" content=\"admin\" \/>\n\t<meta name=\"twitter:label2\" content=\"Tiempo de lectura\" \/>\n\t<meta name=\"twitter:data2\" content=\"3 minutos\" \/>\n<script type=\"application\/ld+json\" class=\"yoast-schema-graph\">{\"@context\":\"https:\/\/schema.org\",\"@graph\":[{\"@type\":\"Article\",\"@id\":\"https:\/\/gysfm.com.ar\/inicio\/advierten-que-el-programa-del-gobierno-muto-hacia-la-inversa-del-punto-anker-que-implica\/#article\",\"isPartOf\":{\"@id\":\"https:\/\/gysfm.com.ar\/inicio\/advierten-que-el-programa-del-gobierno-muto-hacia-la-inversa-del-punto-anker-que-implica\/\"},\"author\":{\"name\":\"admin\",\"@id\":\"https:\/\/gysfm.com.ar\/inicio\/#\/schema\/person\/5bedd7ecd35cc35548d89effafa23696\"},\"headline\":\"Advierten que el programa del Gobierno mut\u00f3 hacia la inversa del punto Anker: qu\u00e9 implica\",\"datePublished\":\"2026-05-01T13:12:08+00:00\",\"mainEntityOfPage\":{\"@id\":\"https:\/\/gysfm.com.ar\/inicio\/advierten-que-el-programa-del-gobierno-muto-hacia-la-inversa-del-punto-anker-que-implica\/\"},\"wordCount\":692,\"publisher\":{\"@id\":\"https:\/\/gysfm.com.ar\/inicio\/#organization\"},\"image\":{\"@id\":\"https:\/\/gysfm.com.ar\/inicio\/advierten-que-el-programa-del-gobierno-muto-hacia-la-inversa-del-punto-anker-que-implica\/#primaryimage\"},\"thumbnailUrl\":\"https:\/\/gysfm.com.ar\/inicio\/wp-content\/uploads\/2026\/05\/luis-caputo-fuchila-6.jpg\",\"articleSection\":[\"ECONOMIA\"],\"inLanguage\":\"es\"},{\"@type\":\"WebPage\",\"@id\":\"https:\/\/gysfm.com.ar\/inicio\/advierten-que-el-programa-del-gobierno-muto-hacia-la-inversa-del-punto-anker-que-implica\/\",\"url\":\"https:\/\/gysfm.com.ar\/inicio\/advierten-que-el-programa-del-gobierno-muto-hacia-la-inversa-del-punto-anker-que-implica\/\",\"name\":\"Advierten que el programa del Gobierno mut\u00f3 hacia la inversa del punto Anker: qu\u00e9 implica - GYS NOTICIAS |\",\"isPartOf\":{\"@id\":\"https:\/\/gysfm.com.ar\/inicio\/#website\"},\"primaryImageOfPage\":{\"@id\":\"https:\/\/gysfm.com.ar\/inicio\/advierten-que-el-programa-del-gobierno-muto-hacia-la-inversa-del-punto-anker-que-implica\/#primaryimage\"},\"image\":{\"@id\":\"https:\/\/gysfm.com.ar\/inicio\/advierten-que-el-programa-del-gobierno-muto-hacia-la-inversa-del-punto-anker-que-implica\/#primaryimage\"},\"thumbnailUrl\":\"https:\/\/gysfm.com.ar\/inicio\/wp-content\/uploads\/2026\/05\/luis-caputo-fuchila-6.jpg\",\"datePublished\":\"2026-05-01T13:12:08+00:00\",\"breadcrumb\":{\"@id\":\"https:\/\/gysfm.com.ar\/inicio\/advierten-que-el-programa-del-gobierno-muto-hacia-la-inversa-del-punto-anker-que-implica\/#breadcrumb\"},\"inLanguage\":\"es\",\"potentialAction\":[{\"@type\":\"ReadAction\",\"target\":[\"https:\/\/gysfm.com.ar\/inicio\/advierten-que-el-programa-del-gobierno-muto-hacia-la-inversa-del-punto-anker-que-implica\/\"]}]},{\"@type\":\"ImageObject\",\"inLanguage\":\"es\",\"@id\":\"https:\/\/gysfm.com.ar\/inicio\/advierten-que-el-programa-del-gobierno-muto-hacia-la-inversa-del-punto-anker-que-implica\/#primaryimage\",\"url\":\"https:\/\/gysfm.com.ar\/inicio\/wp-content\/uploads\/2026\/05\/luis-caputo-fuchila-6.jpg\",\"contentUrl\":\"https:\/\/gysfm.com.ar\/inicio\/wp-content\/uploads\/2026\/05\/luis-caputo-fuchila-6.jpg\",\"width\":1200,\"height\":675},{\"@type\":\"BreadcrumbList\",\"@id\":\"https:\/\/gysfm.com.ar\/inicio\/advierten-que-el-programa-del-gobierno-muto-hacia-la-inversa-del-punto-anker-que-implica\/#breadcrumb\",\"itemListElement\":[{\"@type\":\"ListItem\",\"position\":1,\"name\":\"Portada\",\"item\":\"https:\/\/gysfm.com.ar\/inicio\/\"},{\"@type\":\"ListItem\",\"position\":2,\"name\":\"Advierten que el programa del Gobierno mut\u00f3 hacia la inversa del punto Anker: qu\u00e9 implica\"}]},{\"@type\":\"WebSite\",\"@id\":\"https:\/\/gysfm.com.ar\/inicio\/#website\",\"url\":\"https:\/\/gysfm.com.ar\/inicio\/\",\"name\":\"GYS NOTICIAS |\",\"description\":\"DIARIO - RADIO ONLINE SAN JUAN ARGENTINA\",\"publisher\":{\"@id\":\"https:\/\/gysfm.com.ar\/inicio\/#organization\"},\"potentialAction\":[{\"@type\":\"SearchAction\",\"target\":{\"@type\":\"EntryPoint\",\"urlTemplate\":\"https:\/\/gysfm.com.ar\/inicio\/?s={search_term_string}\"},\"query-input\":{\"@type\":\"PropertyValueSpecification\",\"valueRequired\":true,\"valueName\":\"search_term_string\"}}],\"inLanguage\":\"es\"},{\"@type\":\"Organization\",\"@id\":\"https:\/\/gysfm.com.ar\/inicio\/#organization\",\"name\":\"GYS NOTICIAS |\",\"url\":\"https:\/\/gysfm.com.ar\/inicio\/\",\"logo\":{\"@type\":\"ImageObject\",\"inLanguage\":\"es\",\"@id\":\"https:\/\/gysfm.com.ar\/inicio\/#\/schema\/logo\/image\/\",\"url\":\"https:\/\/gysfm.com.ar\/inicio\/wp-content\/uploads\/2023\/07\/LOGOGYS-OK.png\",\"contentUrl\":\"https:\/\/gysfm.com.ar\/inicio\/wp-content\/uploads\/2023\/07\/LOGOGYS-OK.png\",\"width\":1170,\"height\":872,\"caption\":\"GYS NOTICIAS |\"},\"image\":{\"@id\":\"https:\/\/gysfm.com.ar\/inicio\/#\/schema\/logo\/image\/\"}},{\"@type\":\"Person\",\"@id\":\"https:\/\/gysfm.com.ar\/inicio\/#\/schema\/person\/5bedd7ecd35cc35548d89effafa23696\",\"name\":\"admin\",\"image\":{\"@type\":\"ImageObject\",\"inLanguage\":\"es\",\"@id\":\"https:\/\/gysfm.com.ar\/inicio\/#\/schema\/person\/image\/\",\"url\":\"https:\/\/secure.gravatar.com\/avatar\/c331d312b5243fb64d5ba28108a447b27c925295129a363082c9ea52c28d32c2?s=96&d=mm&r=g\",\"contentUrl\":\"https:\/\/secure.gravatar.com\/avatar\/c331d312b5243fb64d5ba28108a447b27c925295129a363082c9ea52c28d32c2?s=96&d=mm&r=g\",\"caption\":\"admin\"},\"sameAs\":[\"https:\/\/gysfm.com.ar\/inicio\"],\"url\":\"https:\/\/gysfm.com.ar\/inicio\/author\/admin\/\"}]}<\/script>\n<!-- \/ Yoast SEO plugin. -->","yoast_head_json":{"title":"Advierten que el programa del Gobierno mut\u00f3 hacia la inversa del punto Anker: qu\u00e9 implica - GYS NOTICIAS |","robots":{"index":"index","follow":"follow","max-snippet":"max-snippet:-1","max-image-preview":"max-image-preview:large","max-video-preview":"max-video-preview:-1"},"canonical":"https:\/\/gysfm.com.ar\/inicio\/advierten-que-el-programa-del-gobierno-muto-hacia-la-inversa-del-punto-anker-que-implica\/","og_locale":"es_ES","og_type":"article","og_title":"Advierten que el programa del Gobierno mut\u00f3 hacia la inversa del punto Anker: qu\u00e9 implica - GYS NOTICIAS |","og_description":"El famoso \u00abpunto Anker\u00bb que era mencionado una y otra vez por los funcionarios que acompa\u00f1an al ministro de Econom\u00eda, Luis Caputo, al inicio de la gesti\u00f3n qued\u00f3 muy lejos. Se refiere al momento en el que, por el orden de las cuentas del fisco, el Estado demanda menos financiamiento que el sector privado. Ese [&hellip;]","og_url":"https:\/\/gysfm.com.ar\/inicio\/advierten-que-el-programa-del-gobierno-muto-hacia-la-inversa-del-punto-anker-que-implica\/","og_site_name":"GYS NOTICIAS |","article_published_time":"2026-05-01T13:12:08+00:00","og_image":[{"url":"https:\/\/media.ambito.com\/p\/b7d5661d33943c9adb972e775172f301\/adjuntos\/239\/imagenes\/043\/333\/0043333397\/730x0\/593x204:613x224\/marina-dal-poggetto-2-fuchila.jpg","type":"","width":"","height":""}],"author":"admin","twitter_card":"summary_large_image","twitter_misc":{"Escrito por":"admin","Tiempo de lectura":"3 minutos"},"schema":{"@context":"https:\/\/schema.org","@graph":[{"@type":"Article","@id":"https:\/\/gysfm.com.ar\/inicio\/advierten-que-el-programa-del-gobierno-muto-hacia-la-inversa-del-punto-anker-que-implica\/#article","isPartOf":{"@id":"https:\/\/gysfm.com.ar\/inicio\/advierten-que-el-programa-del-gobierno-muto-hacia-la-inversa-del-punto-anker-que-implica\/"},"author":{"name":"admin","@id":"https:\/\/gysfm.com.ar\/inicio\/#\/schema\/person\/5bedd7ecd35cc35548d89effafa23696"},"headline":"Advierten que el programa del Gobierno mut\u00f3 hacia la inversa del punto Anker: qu\u00e9 implica","datePublished":"2026-05-01T13:12:08+00:00","mainEntityOfPage":{"@id":"https:\/\/gysfm.com.ar\/inicio\/advierten-que-el-programa-del-gobierno-muto-hacia-la-inversa-del-punto-anker-que-implica\/"},"wordCount":692,"publisher":{"@id":"https:\/\/gysfm.com.ar\/inicio\/#organization"},"image":{"@id":"https:\/\/gysfm.com.ar\/inicio\/advierten-que-el-programa-del-gobierno-muto-hacia-la-inversa-del-punto-anker-que-implica\/#primaryimage"},"thumbnailUrl":"https:\/\/gysfm.com.ar\/inicio\/wp-content\/uploads\/2026\/05\/luis-caputo-fuchila-6.jpg","articleSection":["ECONOMIA"],"inLanguage":"es"},{"@type":"WebPage","@id":"https:\/\/gysfm.com.ar\/inicio\/advierten-que-el-programa-del-gobierno-muto-hacia-la-inversa-del-punto-anker-que-implica\/","url":"https:\/\/gysfm.com.ar\/inicio\/advierten-que-el-programa-del-gobierno-muto-hacia-la-inversa-del-punto-anker-que-implica\/","name":"Advierten que el programa del Gobierno mut\u00f3 hacia la inversa del punto Anker: qu\u00e9 implica - GYS NOTICIAS |","isPartOf":{"@id":"https:\/\/gysfm.com.ar\/inicio\/#website"},"primaryImageOfPage":{"@id":"https:\/\/gysfm.com.ar\/inicio\/advierten-que-el-programa-del-gobierno-muto-hacia-la-inversa-del-punto-anker-que-implica\/#primaryimage"},"image":{"@id":"https:\/\/gysfm.com.ar\/inicio\/advierten-que-el-programa-del-gobierno-muto-hacia-la-inversa-del-punto-anker-que-implica\/#primaryimage"},"thumbnailUrl":"https:\/\/gysfm.com.ar\/inicio\/wp-content\/uploads\/2026\/05\/luis-caputo-fuchila-6.jpg","datePublished":"2026-05-01T13:12:08+00:00","breadcrumb":{"@id":"https:\/\/gysfm.com.ar\/inicio\/advierten-que-el-programa-del-gobierno-muto-hacia-la-inversa-del-punto-anker-que-implica\/#breadcrumb"},"inLanguage":"es","potentialAction":[{"@type":"ReadAction","target":["https:\/\/gysfm.com.ar\/inicio\/advierten-que-el-programa-del-gobierno-muto-hacia-la-inversa-del-punto-anker-que-implica\/"]}]},{"@type":"ImageObject","inLanguage":"es","@id":"https:\/\/gysfm.com.ar\/inicio\/advierten-que-el-programa-del-gobierno-muto-hacia-la-inversa-del-punto-anker-que-implica\/#primaryimage","url":"https:\/\/gysfm.com.ar\/inicio\/wp-content\/uploads\/2026\/05\/luis-caputo-fuchila-6.jpg","contentUrl":"https:\/\/gysfm.com.ar\/inicio\/wp-content\/uploads\/2026\/05\/luis-caputo-fuchila-6.jpg","width":1200,"height":675},{"@type":"BreadcrumbList","@id":"https:\/\/gysfm.com.ar\/inicio\/advierten-que-el-programa-del-gobierno-muto-hacia-la-inversa-del-punto-anker-que-implica\/#breadcrumb","itemListElement":[{"@type":"ListItem","position":1,"name":"Portada","item":"https:\/\/gysfm.com.ar\/inicio\/"},{"@type":"ListItem","position":2,"name":"Advierten que el programa del Gobierno mut\u00f3 hacia la inversa del punto Anker: qu\u00e9 implica"}]},{"@type":"WebSite","@id":"https:\/\/gysfm.com.ar\/inicio\/#website","url":"https:\/\/gysfm.com.ar\/inicio\/","name":"GYS NOTICIAS |","description":"DIARIO - RADIO ONLINE SAN JUAN ARGENTINA","publisher":{"@id":"https:\/\/gysfm.com.ar\/inicio\/#organization"},"potentialAction":[{"@type":"SearchAction","target":{"@type":"EntryPoint","urlTemplate":"https:\/\/gysfm.com.ar\/inicio\/?s={search_term_string}"},"query-input":{"@type":"PropertyValueSpecification","valueRequired":true,"valueName":"search_term_string"}}],"inLanguage":"es"},{"@type":"Organization","@id":"https:\/\/gysfm.com.ar\/inicio\/#organization","name":"GYS NOTICIAS |","url":"https:\/\/gysfm.com.ar\/inicio\/","logo":{"@type":"ImageObject","inLanguage":"es","@id":"https:\/\/gysfm.com.ar\/inicio\/#\/schema\/logo\/image\/","url":"https:\/\/gysfm.com.ar\/inicio\/wp-content\/uploads\/2023\/07\/LOGOGYS-OK.png","contentUrl":"https:\/\/gysfm.com.ar\/inicio\/wp-content\/uploads\/2023\/07\/LOGOGYS-OK.png","width":1170,"height":872,"caption":"GYS NOTICIAS |"},"image":{"@id":"https:\/\/gysfm.com.ar\/inicio\/#\/schema\/logo\/image\/"}},{"@type":"Person","@id":"https:\/\/gysfm.com.ar\/inicio\/#\/schema\/person\/5bedd7ecd35cc35548d89effafa23696","name":"admin","image":{"@type":"ImageObject","inLanguage":"es","@id":"https:\/\/gysfm.com.ar\/inicio\/#\/schema\/person\/image\/","url":"https:\/\/secure.gravatar.com\/avatar\/c331d312b5243fb64d5ba28108a447b27c925295129a363082c9ea52c28d32c2?s=96&d=mm&r=g","contentUrl":"https:\/\/secure.gravatar.com\/avatar\/c331d312b5243fb64d5ba28108a447b27c925295129a363082c9ea52c28d32c2?s=96&d=mm&r=g","caption":"admin"},"sameAs":["https:\/\/gysfm.com.ar\/inicio"],"url":"https:\/\/gysfm.com.ar\/inicio\/author\/admin\/"}]}},"_links":{"self":[{"href":"https:\/\/gysfm.com.ar\/inicio\/wp-json\/wp\/v2\/posts\/194079","targetHints":{"allow":["GET"]}}],"collection":[{"href":"https:\/\/gysfm.com.ar\/inicio\/wp-json\/wp\/v2\/posts"}],"about":[{"href":"https:\/\/gysfm.com.ar\/inicio\/wp-json\/wp\/v2\/types\/post"}],"author":[{"embeddable":true,"href":"https:\/\/gysfm.com.ar\/inicio\/wp-json\/wp\/v2\/users\/1"}],"replies":[{"embeddable":true,"href":"https:\/\/gysfm.com.ar\/inicio\/wp-json\/wp\/v2\/comments?post=194079"}],"version-history":[{"count":0,"href":"https:\/\/gysfm.com.ar\/inicio\/wp-json\/wp\/v2\/posts\/194079\/revisions"}],"wp:featuredmedia":[{"embeddable":true,"href":"https:\/\/gysfm.com.ar\/inicio\/wp-json\/wp\/v2\/media\/194080"}],"wp:attachment":[{"href":"https:\/\/gysfm.com.ar\/inicio\/wp-json\/wp\/v2\/media?parent=194079"}],"wp:term":[{"taxonomy":"category","embeddable":true,"href":"https:\/\/gysfm.com.ar\/inicio\/wp-json\/wp\/v2\/categories?post=194079"},{"taxonomy":"post_tag","embeddable":true,"href":"https:\/\/gysfm.com.ar\/inicio\/wp-json\/wp\/v2\/tags?post=194079"}],"curies":[{"name":"wp","href":"https:\/\/api.w.org\/{rel}","templated":true}]}}