{"id":194074,"date":"2026-05-01T09:50:12","date_gmt":"2026-05-01T12:50:12","guid":{"rendered":"https:\/\/gysfm.com.ar\/inicio\/fuerte-caida-en-la-imagen-de-milei-la-desaprobacion-trepo-al-63-en-abril\/"},"modified":"2026-05-01T09:50:12","modified_gmt":"2026-05-01T12:50:12","slug":"fuerte-caida-en-la-imagen-de-milei-la-desaprobacion-trepo-al-63-en-abril","status":"publish","type":"post","link":"https:\/\/gysfm.com.ar\/inicio\/fuerte-caida-en-la-imagen-de-milei-la-desaprobacion-trepo-al-63-en-abril\/","title":{"rendered":"Fuerte ca\u00edda en la imagen de Milei: la desaprobaci\u00f3n trep\u00f3 al 63% en abril"},"content":{"rendered":"<p><\/p>\n<div id=\"article-content\">\n<p>El escenario pol\u00edtico para la administraci\u00f3n de <a target=\"_blank\" href=\"https:\/\/www.perfil.com\/noticias\/politica\/tranquilidad-en-la-libertad-avanza-los-libertarios-estan-conformes-con-la-performance-de-manuel-adorni.phtml\"><strong>La Libertad Avanza<\/strong><\/a> present\u00f3 un marcado deterioro durante el cuarto mes del a\u00f1o. Seg\u00fan el \u00faltimo reporte de <em>Latam Pulse<\/em>, una iniciativa conjunta de AtlasIntel y Bloomberg, la desaprobaci\u00f3n del desempe\u00f1o del presidente <a target=\"_blank\" href=\"https:\/\/www.perfil.com\/noticias\/politica\/milei-se-molesto-por-una-pregunta-sobre-la-inflacion-no-es-el-lugar-no-es-el-momento.phtml\"><strong>Javier Milei<\/strong><\/a> subi\u00f3 hasta el <strong>63%<\/strong>, mientras Myriam Bregman y <a target=\"_blank\" href=\"https:\/\/www.perfil.com\/noticias\/modo-fontevecchia\/las-nuevas-canciones-de-axel-kicillof-resumidas-en-cinco-axiomas-modof.phtml\"><strong>Axel Kicillof<\/strong><\/a> lideran el listado de pol\u00edticos argentinos con mejor imagen.<\/p>\n<p>Los datos, recolectados entre el 24 y el 28 de abril de 2026, ubican la <strong>aprobaci\u00f3n presidencial<\/strong> en apenas un <strong>35,5%<\/strong>, consolidando una tendencia negativa que se acentu\u00f3 en el \u00faltimo bimestre.<\/p>\n<p style=\"text-align:center\"><picture><source media=\"(max-width: 440px)\" srcset=\"https:\/\/fotos.perfil.com\/\/2026\/04\/30\/440\/0\/latam-pulse-argentina-abril-20260429-2230751.jpg?webp\"\/><source media=\"(max-width: 1019px)\" srcset=\"https:\/\/fotos.perfil.com\/\/2026\/04\/30\/712\/0\/latam-pulse-argentina-abril-20260429-2230751.jpg?webp\"\/><img decoding=\"async\" style=\"max-width: 100%; width: 100%;\" alt=\"LATAM PULSE ARGENTINA ABRIL 20260429\" src=\"https:\/\/fotos.perfil.com\/\/2026\/04\/30\/900\/0\/latam-pulse-argentina-abril-20260429-2230751.jpg?webp\" loading=\"lazy\"\/><\/picture><\/p>\n<div class=\"subscription\">\n<p>\n        Esto no les gusta a los autoritarios\n    <\/p>\n<div class=\"subscription__container\">\n<div class=\"subscription__text-wrapper\">\n<p>\n                El ejercicio del periodismo profesional y cr\u00edtico es un pilar fundamental de la democracia. Por eso molesta a quienes creen ser los due\u00f1os de la verdad.\n            <\/p>\n<\/p><\/div><\/div>\n<\/div>\n<p>El informe se realiz\u00f3 sobre una muestra de <strong>4.844 encuestados <\/strong>mediante reclutamiento digital aleatorio (Atlas RDR), con un margen de error de +\/- 1 punto porcentual y un nivel de confianza del 95%.<\/p>\n<h2><strong>Radiograf\u00eda de la desaprobaci\u00f3n y sesgo demogr\u00e1fico<\/strong><\/h2>\n<p>El informe destaca que el mandatario conserva su <strong>mayor base de apoyo en los sectores de ingresos m\u00e1s altos<\/strong>; en aquellos que perciben m\u00e1s de $3.000.000, la aprobaci\u00f3n llega al 47,8%, contrastando dr\u00e1sticamente con el 16% de apoyo que cosecha en los hogares con ingresos inferiores a los $630.000.<\/p>\n<h2><strong>Evaluaci\u00f3n de gesti\u00f3n y debilidad institucional<\/strong><\/h2>\n<p>Al consultar espec\u00edficamente por la gesti\u00f3n del Gobierno nacional, los resultados mantienen la sinton\u00eda cr\u00edtica. Un <strong>59,3%<\/strong> de los encuestados calific\u00f3 el <strong>desempe\u00f1o del Ejecutivo como \u00abmalo o muy malo\u00bb<\/strong>, frente a un 30,6% que lo consider\u00f3 \u00abexcelente o bueno\u00bb.<\/p>\n<p style=\"text-align:center\"><picture><source media=\"(max-width: 440px)\" srcset=\"https:\/\/fotos.perfil.com\/\/2026\/04\/30\/440\/0\/latam-pulse-argentina-abril-20260429-2230752.jpg?webp\"\/><source media=\"(max-width: 1019px)\" srcset=\"https:\/\/fotos.perfil.com\/\/2026\/04\/30\/712\/0\/latam-pulse-argentina-abril-20260429-2230752.jpg?webp\"\/><img decoding=\"async\" style=\"max-width: 100%; width: 100%;\" alt=\"LATAM PULSE ARGENTINA ABRIL 20260429\" src=\"https:\/\/fotos.perfil.com\/\/2026\/04\/30\/900\/0\/latam-pulse-argentina-abril-20260429-2230752.jpg?webp\" loading=\"lazy\"\/><\/picture><\/p>\n<h2><strong>Polarizaci\u00f3n y fractura del voto anterior<\/strong><\/h2>\n<p>La segmentaci\u00f3n por comportamiento electoral previo revela que <strong>Milei retiene el apoyo de dos tercios de quienes lo votaron<\/strong> en el balotaje de 2023, con un 67,3% de aprobaci\u00f3n en ese grupo.<\/p>\n<p class=\"destacadoNota\"><a target=\"_blank\" href=\"https:\/\/www.perfil.com\/noticias\/politica\/encuesta-el-39-responsabiliza-a-milei-de-los-actuales-problemas-economicos-del-pais-y-el-riesgo-kuka-bajo-al-33.phtml\">Encuesta: el 39% culpa a Milei por los problemas econ\u00f3micos y supera al \u00abriesgo kuka\u00bb, que baj\u00f3 a 33%<\/a><\/p>\n<p>Sin embargo, un<strong> 29,8% de sus propios votantes<\/strong> de segunda vuelta manifest\u00f3 ahora <strong>desaprobar su gesti\u00f3n<\/strong>. En la Ciudad Aut\u00f3noma de Buenos Aires, el rechazo alcanz\u00f3 e<strong>l 63,7%<\/strong>, una cifra similar al promedio nacional, mientras que en la regi\u00f3n del Norte Grande el \u00edndice de desaprobaci\u00f3n trep\u00f3 al 70,6%.<\/p>\n<h2><strong>Situaci\u00f3n econ\u00f3mica y expectativas a futuro<\/strong><\/h2>\n<p>El<strong> 58%<\/strong> de los encuestados consideran que la <strong>situaci\u00f3n econ\u00f3mica de su familia<\/strong> en la actualidad es <strong>mala<\/strong>, y un 68% piensa que lo mismo sucede a nivel nacional. Ese n\u00famero negativo trepa hasta el 74% en referencia al mercado laboral.<\/p>\n<p style=\"text-align:center\"><picture><source media=\"(max-width: 440px)\" srcset=\"https:\/\/fotos.perfil.com\/\/2026\/04\/30\/440\/0\/latam-pulse-argentina-abril-20260429-2230753.jpg?webp\"\/><source media=\"(max-width: 1019px)\" srcset=\"https:\/\/fotos.perfil.com\/\/2026\/04\/30\/712\/0\/latam-pulse-argentina-abril-20260429-2230753.jpg?webp\"\/><img decoding=\"async\" style=\"max-width: 100%; width: 100%;\" alt=\"LATAM PULSE ARGENTINA ABRIL 20260429\" src=\"https:\/\/fotos.perfil.com\/\/2026\/04\/30\/900\/0\/latam-pulse-argentina-abril-20260429-2230753.jpg?webp\" loading=\"lazy\"\/><\/picture><\/p>\n<p>De aqu\u00ed a medio a\u00f1o, el<strong> 56% <\/strong>de los entrevistados piensa que la<strong> situaci\u00f3n econ\u00f3mica de nuestro pa\u00eds empeorar\u00e1;<\/strong> y un 49% cree que su econom\u00eda familiar tambi\u00e9n sufrir\u00e1 graves problemas.<\/p>\n<h2><strong>Los principales problemas de Argentina<\/strong><\/h2>\n<p>La <strong>corrupci\u00f3n <\/strong>(50,3%), el <strong>desempleo <\/strong>(38,5%) junto a los <strong>altos precios y la inflaci\u00f3n<\/strong> (35.9%) encabezan el listado de preocupaciones de los argentinos, seg\u00fan la encuesta.<\/p>\n<p>Luego vienen \u00edtems como la situaci\u00f3n econ\u00f3mica (32,6%), la impunidad del sistema judicial (29,0%), la inseguridad (17,9%) y la educaci\u00f3n (14,9%).<\/p>\n<p style=\"text-align:center\"><picture><source media=\"(max-width: 440px)\" srcset=\"https:\/\/fotos.perfil.com\/\/2026\/04\/30\/440\/0\/latam-pulse-argentina-abril-20260429-2230755.jpg?webp\"\/><source media=\"(max-width: 1019px)\" srcset=\"https:\/\/fotos.perfil.com\/\/2026\/04\/30\/712\/0\/latam-pulse-argentina-abril-20260429-2230755.jpg?webp\"\/><img decoding=\"async\" style=\"max-width: 100%; width: 100%;\" alt=\"LATAM PULSE ARGENTINA ABRIL 20260429\" src=\"https:\/\/fotos.perfil.com\/\/2026\/04\/30\/900\/0\/latam-pulse-argentina-abril-20260429-2230755.jpg?webp\" loading=\"lazy\"\/><\/picture><\/p>\n<h2><strong>Imagen de los principales referentes pol\u00edticos de Argentina<\/strong><\/h2>\n<p><strong>Myriam Bregman<\/strong> encabeza el listado de pol\u00edticos argentinos con mejor imagen positiva (47%), seguida po<strong>r Axel Kicillof <\/strong>(46%), <strong>Cristina Kirchner<\/strong> (41%) y <strong>Patricia Bullrich<\/strong> (37%). <strong>Milei<\/strong>, que sol\u00eda encabezar estos listados, qued\u00f3 en el <strong>quinto lugar<\/strong>, con un 36% positivo y un 62% de imagen negativa.<\/p>\n<p><strong>Sergio Massa<\/strong> contin\u00faa con una baja imagen positiva (28%) frente a una alta imagen negativa (60%); y lo mismo le ocurre a <strong>Mauricio Macri <\/strong>(26% imagen positiva, 66% negativa); <strong>Santiago Caputo<\/strong> (24% positiva, 66% negativa); y<strong> Jorge Macri <\/strong>(23% positiva, 63% negativa).<\/p>\n<p>Dos de las figuras m\u00e1s fuertes del oficialismo tambi\u00e9n sufren de una imagen negativa: la vicepresidenta <strong>Victoria Villarruel <\/strong>tiene 18% de percepci\u00f3n positiva frente a un<strong> 67% negativa<\/strong>; y<strong> Karina Milei <\/strong>tiene un 16% de percepci\u00f3n positiva frente a un <strong>75% negativa<\/strong>.<\/p>\n<p style=\"text-align:center\"><picture><source media=\"(max-width: 440px)\" srcset=\"https:\/\/fotos.perfil.com\/\/2026\/04\/30\/440\/0\/latam-pulse-argentina-abril-20260429-2230756.jpg?webp\"\/><source media=\"(max-width: 1019px)\" srcset=\"https:\/\/fotos.perfil.com\/\/2026\/04\/30\/712\/0\/latam-pulse-argentina-abril-20260429-2230756.jpg?webp\"\/><img decoding=\"async\" style=\"max-width: 100%; width: 100%;\" alt=\"LATAM PULSE ARGENTINA ABRIL 20260429\" src=\"https:\/\/fotos.perfil.com\/\/2026\/04\/30\/900\/0\/latam-pulse-argentina-abril-20260429-2230756.jpg?webp\" loading=\"lazy\"\/><\/picture><\/p>\n<h2><strong>Trabajo formal e informal en Argentina<\/strong><\/h2>\n<p>Seg\u00fan la encuesta, el <strong>37,8% <\/strong>de los encuestados tiene un<strong> trabajo formal<\/strong>, frente a un<strong> 28,6%<\/strong> que se desempe\u00f1an en el mercado <strong>informal<\/strong>.<\/p>\n<p>Por otra parte, el <strong>50,1%<\/strong> de los entrevistados reconoci\u00f3 que <strong>tiene m\u00e1s de un trabajo<\/strong>. De ese porcentaje, el 61% explic\u00f3 que lo hace para llegar a fin de mes y el 14% para \u201ccompensar ingresos que perdieron su valor\u201d.<\/p>\n<p class=\"destacadoNota\"><a target=\"_blank\" href=\"https:\/\/www.perfil.com\/noticias\/politica\/encuesta-javier-milei-tiene-572-de-imagen-negativa-pero-lidera-la-intencion-de-voto-con-294.phtml\">Encuesta: Javier Milei tiene 57,2% de imagen negativa pero lidera la intenci\u00f3n de voto con 29,4%<\/a><\/p>\n<p>Los encuestados adem\u00e1s remarcaron que, frente al aumento de los precios, debieron aplicar diferentes estrategias, incluyendo ajustar su consumo (58,4%), tomar deuda (32,8%) e incluso recibir ayuda de su familia (6,4%).<\/p>\n<p style=\"text-align:center\"><picture><source media=\"(max-width: 440px)\" srcset=\"https:\/\/fotos.perfil.com\/\/2026\/04\/30\/440\/0\/latam-pulse-argentina-abril-20260429-2230758.jpg?webp\"\/><source media=\"(max-width: 1019px)\" srcset=\"https:\/\/fotos.perfil.com\/\/2026\/04\/30\/712\/0\/latam-pulse-argentina-abril-20260429-2230758.jpg?webp\"\/><img decoding=\"async\" style=\"max-width: 100%; width: 100%;\" alt=\"LATAM PULSE ARGENTINA ABRIL 20260429\" src=\"https:\/\/fotos.perfil.com\/\/2026\/04\/30\/900\/0\/latam-pulse-argentina-abril-20260429-2230758.jpg?webp\" loading=\"lazy\"\/><\/picture><\/p>\n<h2><strong>Puntos claves de la encuesta<\/strong><\/h2>\n<p><strong>&#8211; Aprobaci\u00f3n Presidencial:<\/strong> El 35,5% de los argentinos aprueba la gesti\u00f3n de Javier Milei, mientras que el 63% la desaprueba.<\/p>\n<p><strong>&#8211; Evaluaci\u00f3n del Gobierno:<\/strong> El 59,3% califica la gesti\u00f3n actual como \u00abmala o muy mala\u00bb y solo el 30,6% la ve como \u00abexcelente o buena\u00bb.<\/p>\n<p><strong>&#8211; Brecha de G\u00e9nero:<\/strong> Existe un fuerte rechazo femenino (72,9%) frente a una mirada m\u00e1s moderada en los hombres (52,3% de desaprobaci\u00f3n).<\/p>\n<p><strong>&#8211; Impacto por Ingresos:<\/strong> El apoyo al presidente cae a medida que disminuyen los ingresos, alcanzando su m\u00ednimo (17,2%) en los sectores m\u00e1s vulnerables.<\/p>\n<p><strong>&#8211; Riesgo Pol\u00edtico:<\/strong> El 55% de la poblaci\u00f3n identifica la falta de mayor\u00eda en el Congreso como un riesgo probable para los pr\u00f3ximos seis meses.<\/p>\n<p style=\"text-align:center\"><picture><source media=\"(max-width: 440px)\" srcset=\"https:\/\/fotos.perfil.com\/\/2026\/04\/30\/440\/0\/latam-pulse-argentina-abril-20260429-2230750.jpg?webp\"\/><source media=\"(max-width: 1019px)\" srcset=\"https:\/\/fotos.perfil.com\/\/2026\/04\/30\/712\/0\/latam-pulse-argentina-abril-20260429-2230750.jpg?webp\"\/><img decoding=\"async\" style=\"max-width: 100%; width: 100%;\" alt=\"LATAM PULSE ARGENTINA ABRIL 20260429\" src=\"https:\/\/fotos.perfil.com\/\/2026\/04\/30\/900\/0\/latam-pulse-argentina-abril-20260429-2230750.jpg?webp\" loading=\"lazy\"\/><\/picture><\/p>\n<h2>La situaci\u00f3n de Argentina con respecto a sus vecinos<\/h2>\n<p>ATLASINTEL Y BLOOMBERG realizaron en abril una segunda encuesta para analizar la situaci\u00f3n pol\u00edtica y econ\u00f3mica de Argentina, Brasil, Chile, Colombia, Per\u00fa, M\u00e9xico y Venezuela.<\/p>\n<p>Seg\u00fan la encuesta, <strong>Javier Milei tiene el m\u00e1s alto porcentaje de desaprobaci\u00f3n de gesti\u00f3n<\/strong> (59%), seguido por Gustavo Petro, de Colombia, con un  52%; y Lula da Silva, de Brasil, con el 51%.<\/p>\n<p>Por otra parte, el mandatario de La Libertad Avanza ocupa el<strong> 5to lugar en aprobaci\u00f3n presidencial<\/strong>, con el 36%, superado por sus colegas de Colombia (40%), Brasil (47%), M\u00e9xico (51%) y Chile (53%).<\/p>\n<p style=\"text-align:center\"><picture><source media=\"(max-width: 440px)\" srcset=\"https:\/\/fotos.perfil.com\/\/2026\/04\/30\/440\/0\/latam-pulse-argentina-abril-20260429-2230786.jpg?webp\"\/><source media=\"(max-width: 1019px)\" srcset=\"https:\/\/fotos.perfil.com\/\/2026\/04\/30\/712\/0\/latam-pulse-argentina-abril-20260429-2230786.jpg?webp\"\/><img decoding=\"async\" style=\"max-width: 100%; width: 100%;\" alt=\"LATAM PULSE ARGENTINA ABRIL 20260429\" src=\"https:\/\/fotos.perfil.com\/\/2026\/04\/30\/900\/0\/latam-pulse-argentina-abril-20260429-2230786.jpg?webp\" loading=\"lazy\"\/><\/picture><\/p>\n<p>Sin embargo, cuando se trata de <strong>riesgo pol\u00edtico, Argentina qued\u00f3 en el 5 lugar<\/strong>, con un 48%, por debajo de Per\u00fa (60%), Chile (58%), M\u00e9xico (52%) y Colombia (50%).<\/p>\n<p style=\"text-align:center\"><picture><source media=\"(max-width: 440px)\" srcset=\"https:\/\/fotos.perfil.com\/\/2026\/04\/30\/440\/0\/latam-pulse-argentina-abril-20260429-2230787.jpg?webp\"\/><source media=\"(max-width: 1019px)\" srcset=\"https:\/\/fotos.perfil.com\/\/2026\/04\/30\/712\/0\/latam-pulse-argentina-abril-20260429-2230787.jpg?webp\"\/><img decoding=\"async\" style=\"max-width: 100%; width: 100%;\" alt=\"LATAM PULSE ARGENTINA ABRIL 20260429\" src=\"https:\/\/fotos.perfil.com\/\/2026\/04\/30\/900\/0\/latam-pulse-argentina-abril-20260429-2230787.jpg?webp\" loading=\"lazy\"\/><\/picture><\/p>\n<p>Finalmente, seg\u00fan la encuesta,<strong> la actual inflaci\u00f3n de Argentina es del 31,7% y se espera que baje a 9,9%<\/strong>, muy por encima del resto de Latinoam\u00e9rica. La siguen M\u00e9xico, con una inflaci\u00f3n actual de 6,6% y una esperada de 5,7%; y Per\u00fa, con una inflaci\u00f3n actual de 6,5% y una esperada de 5,1%.<\/p>\n<p><em>HM\/DCQ\/ff<\/em><\/p>\n<\/p><\/div>\n<p><script>\n                !function(f,b,e,v,n,t,s)\n                {if(f.fbq)return;n=f.fbq=function(){n.callMethod?\n                    n.callMethod.apply(n,arguments):n.queue.push(arguments)};\n                    if(!f._fbq)f._fbq=n;n.push=n;n.loaded=!0;n.version='2.0';\n                    n.queue=[];t=b.createElement(e);t.async=!0;\n                    t.src=v;s=b.getElementsByTagName(e)[0];\n                    s.parentNode.insertBefore(t,s)}(window, document,'script',\n                    'https:\/\/connect.facebook.net\/en_US\/fbevents.js');\n                window.paywallConfig.facebook_pixel=\"1000228364089342\"\n            <\/script><\/p>\n","protected":false},"excerpt":{"rendered":"<p>El escenario pol\u00edtico para la administraci\u00f3n de La Libertad Avanza present\u00f3 un marcado deterioro durante el cuarto mes del a\u00f1o. Seg\u00fan el \u00faltimo reporte de Latam Pulse, una iniciativa conjunta de AtlasIntel y Bloomberg, la desaprobaci\u00f3n del desempe\u00f1o del presidente Javier Milei subi\u00f3 hasta el 63%, mientras Myriam Bregman y Axel Kicillof lideran el listado [&hellip;]<\/p>\n","protected":false},"author":2,"featured_media":194075,"comment_status":"closed","ping_status":"closed","sticky":false,"template":"","format":"standard","meta":{"footnotes":""},"categories":[25],"tags":[],"class_list":["post-194074","post","type-post","status-publish","format-standard","has-post-thumbnail","hentry","category-nacionales"],"yoast_head":"<!-- This site is optimized with the Yoast SEO plugin v24.4 - https:\/\/yoast.com\/wordpress\/plugins\/seo\/ -->\n<title>Fuerte ca\u00edda en la imagen de Milei: la desaprobaci\u00f3n trep\u00f3 al 63% en abril - GYS NOTICIAS |<\/title>\n<meta name=\"robots\" content=\"index, follow, max-snippet:-1, max-image-preview:large, max-video-preview:-1\" \/>\n<link rel=\"canonical\" href=\"https:\/\/gysfm.com.ar\/inicio\/fuerte-caida-en-la-imagen-de-milei-la-desaprobacion-trepo-al-63-en-abril\/\" \/>\n<meta property=\"og:locale\" content=\"es_ES\" \/>\n<meta property=\"og:type\" content=\"article\" \/>\n<meta property=\"og:title\" content=\"Fuerte ca\u00edda en la imagen de Milei: la desaprobaci\u00f3n trep\u00f3 al 63% en abril - GYS NOTICIAS |\" \/>\n<meta property=\"og:description\" content=\"El escenario pol\u00edtico para la administraci\u00f3n de La Libertad Avanza present\u00f3 un marcado deterioro durante el cuarto mes del a\u00f1o. Seg\u00fan el \u00faltimo reporte de Latam Pulse, una iniciativa conjunta de AtlasIntel y Bloomberg, la desaprobaci\u00f3n del desempe\u00f1o del presidente Javier Milei subi\u00f3 hasta el 63%, mientras Myriam Bregman y Axel Kicillof lideran el listado [&hellip;]\" \/>\n<meta property=\"og:url\" content=\"https:\/\/gysfm.com.ar\/inicio\/fuerte-caida-en-la-imagen-de-milei-la-desaprobacion-trepo-al-63-en-abril\/\" \/>\n<meta property=\"og:site_name\" content=\"GYS NOTICIAS |\" \/>\n<meta property=\"article:published_time\" content=\"2026-05-01T12:50:12+00:00\" \/>\n<meta property=\"og:image\" content=\"https:\/\/fotos.perfil.com\/\/2026\/04\/30\/900\/0\/latam-pulse-argentina-abril-20260429-2230751.jpg?webp\" \/>\n<meta name=\"author\" content=\"Prensa G&amp;S FM\" \/>\n<meta name=\"twitter:card\" content=\"summary_large_image\" \/>\n<meta name=\"twitter:label1\" content=\"Escrito por\" \/>\n\t<meta name=\"twitter:data1\" content=\"Prensa G&amp;S FM\" \/>\n\t<meta name=\"twitter:label2\" content=\"Tiempo de lectura\" \/>\n\t<meta name=\"twitter:data2\" content=\"5 minutos\" \/>\n<script type=\"application\/ld+json\" class=\"yoast-schema-graph\">{\"@context\":\"https:\/\/schema.org\",\"@graph\":[{\"@type\":\"Article\",\"@id\":\"https:\/\/gysfm.com.ar\/inicio\/fuerte-caida-en-la-imagen-de-milei-la-desaprobacion-trepo-al-63-en-abril\/#article\",\"isPartOf\":{\"@id\":\"https:\/\/gysfm.com.ar\/inicio\/fuerte-caida-en-la-imagen-de-milei-la-desaprobacion-trepo-al-63-en-abril\/\"},\"author\":{\"name\":\"Prensa G&amp;S FM\",\"@id\":\"https:\/\/gysfm.com.ar\/inicio\/#\/schema\/person\/3abba7593ef2ad19e1be221d54383dc5\"},\"headline\":\"Fuerte ca\u00edda en la imagen de Milei: la desaprobaci\u00f3n trep\u00f3 al 63% en abril\",\"datePublished\":\"2026-05-01T12:50:12+00:00\",\"mainEntityOfPage\":{\"@id\":\"https:\/\/gysfm.com.ar\/inicio\/fuerte-caida-en-la-imagen-de-milei-la-desaprobacion-trepo-al-63-en-abril\/\"},\"wordCount\":1077,\"publisher\":{\"@id\":\"https:\/\/gysfm.com.ar\/inicio\/#organization\"},\"image\":{\"@id\":\"https:\/\/gysfm.com.ar\/inicio\/fuerte-caida-en-la-imagen-de-milei-la-desaprobacion-trepo-al-63-en-abril\/#primaryimage\"},\"thumbnailUrl\":\"https:\/\/gysfm.com.ar\/inicio\/wp-content\/uploads\/2026\/05\/congreso-javier-milei-diputados-29042026-2230085.jpg\",\"articleSection\":[\"NACIONALES\"],\"inLanguage\":\"es\"},{\"@type\":\"WebPage\",\"@id\":\"https:\/\/gysfm.com.ar\/inicio\/fuerte-caida-en-la-imagen-de-milei-la-desaprobacion-trepo-al-63-en-abril\/\",\"url\":\"https:\/\/gysfm.com.ar\/inicio\/fuerte-caida-en-la-imagen-de-milei-la-desaprobacion-trepo-al-63-en-abril\/\",\"name\":\"Fuerte ca\u00edda en la imagen de Milei: la desaprobaci\u00f3n trep\u00f3 al 63% en abril - GYS NOTICIAS |\",\"isPartOf\":{\"@id\":\"https:\/\/gysfm.com.ar\/inicio\/#website\"},\"primaryImageOfPage\":{\"@id\":\"https:\/\/gysfm.com.ar\/inicio\/fuerte-caida-en-la-imagen-de-milei-la-desaprobacion-trepo-al-63-en-abril\/#primaryimage\"},\"image\":{\"@id\":\"https:\/\/gysfm.com.ar\/inicio\/fuerte-caida-en-la-imagen-de-milei-la-desaprobacion-trepo-al-63-en-abril\/#primaryimage\"},\"thumbnailUrl\":\"https:\/\/gysfm.com.ar\/inicio\/wp-content\/uploads\/2026\/05\/congreso-javier-milei-diputados-29042026-2230085.jpg\",\"datePublished\":\"2026-05-01T12:50:12+00:00\",\"breadcrumb\":{\"@id\":\"https:\/\/gysfm.com.ar\/inicio\/fuerte-caida-en-la-imagen-de-milei-la-desaprobacion-trepo-al-63-en-abril\/#breadcrumb\"},\"inLanguage\":\"es\",\"potentialAction\":[{\"@type\":\"ReadAction\",\"target\":[\"https:\/\/gysfm.com.ar\/inicio\/fuerte-caida-en-la-imagen-de-milei-la-desaprobacion-trepo-al-63-en-abril\/\"]}]},{\"@type\":\"ImageObject\",\"inLanguage\":\"es\",\"@id\":\"https:\/\/gysfm.com.ar\/inicio\/fuerte-caida-en-la-imagen-de-milei-la-desaprobacion-trepo-al-63-en-abril\/#primaryimage\",\"url\":\"https:\/\/gysfm.com.ar\/inicio\/wp-content\/uploads\/2026\/05\/congreso-javier-milei-diputados-29042026-2230085.jpg\",\"contentUrl\":\"https:\/\/gysfm.com.ar\/inicio\/wp-content\/uploads\/2026\/05\/congreso-javier-milei-diputados-29042026-2230085.jpg\",\"width\":1140,\"height\":641},{\"@type\":\"BreadcrumbList\",\"@id\":\"https:\/\/gysfm.com.ar\/inicio\/fuerte-caida-en-la-imagen-de-milei-la-desaprobacion-trepo-al-63-en-abril\/#breadcrumb\",\"itemListElement\":[{\"@type\":\"ListItem\",\"position\":1,\"name\":\"Portada\",\"item\":\"https:\/\/gysfm.com.ar\/inicio\/\"},{\"@type\":\"ListItem\",\"position\":2,\"name\":\"Fuerte ca\u00edda en la imagen de Milei: la desaprobaci\u00f3n trep\u00f3 al 63% en abril\"}]},{\"@type\":\"WebSite\",\"@id\":\"https:\/\/gysfm.com.ar\/inicio\/#website\",\"url\":\"https:\/\/gysfm.com.ar\/inicio\/\",\"name\":\"GYS NOTICIAS |\",\"description\":\"DIARIO - RADIO ONLINE SAN JUAN ARGENTINA\",\"publisher\":{\"@id\":\"https:\/\/gysfm.com.ar\/inicio\/#organization\"},\"potentialAction\":[{\"@type\":\"SearchAction\",\"target\":{\"@type\":\"EntryPoint\",\"urlTemplate\":\"https:\/\/gysfm.com.ar\/inicio\/?s={search_term_string}\"},\"query-input\":{\"@type\":\"PropertyValueSpecification\",\"valueRequired\":true,\"valueName\":\"search_term_string\"}}],\"inLanguage\":\"es\"},{\"@type\":\"Organization\",\"@id\":\"https:\/\/gysfm.com.ar\/inicio\/#organization\",\"name\":\"GYS NOTICIAS |\",\"url\":\"https:\/\/gysfm.com.ar\/inicio\/\",\"logo\":{\"@type\":\"ImageObject\",\"inLanguage\":\"es\",\"@id\":\"https:\/\/gysfm.com.ar\/inicio\/#\/schema\/logo\/image\/\",\"url\":\"https:\/\/gysfm.com.ar\/inicio\/wp-content\/uploads\/2023\/07\/LOGOGYS-OK.png\",\"contentUrl\":\"https:\/\/gysfm.com.ar\/inicio\/wp-content\/uploads\/2023\/07\/LOGOGYS-OK.png\",\"width\":1170,\"height\":872,\"caption\":\"GYS NOTICIAS |\"},\"image\":{\"@id\":\"https:\/\/gysfm.com.ar\/inicio\/#\/schema\/logo\/image\/\"}},{\"@type\":\"Person\",\"@id\":\"https:\/\/gysfm.com.ar\/inicio\/#\/schema\/person\/3abba7593ef2ad19e1be221d54383dc5\",\"name\":\"Prensa G&amp;S FM\",\"image\":{\"@type\":\"ImageObject\",\"inLanguage\":\"es\",\"@id\":\"https:\/\/gysfm.com.ar\/inicio\/#\/schema\/person\/image\/\",\"url\":\"https:\/\/secure.gravatar.com\/avatar\/096ec78df02049ab018702bb4ccedf659377fa92a26540b5247612077a0dbd29?s=96&d=mm&r=g\",\"contentUrl\":\"https:\/\/secure.gravatar.com\/avatar\/096ec78df02049ab018702bb4ccedf659377fa92a26540b5247612077a0dbd29?s=96&d=mm&r=g\",\"caption\":\"Prensa G&amp;S FM\"},\"sameAs\":[\"https:\/\/gysfm.com.ar\/\"],\"url\":\"https:\/\/gysfm.com.ar\/inicio\/author\/lucasm\/\"}]}<\/script>\n<!-- \/ Yoast SEO plugin. -->","yoast_head_json":{"title":"Fuerte ca\u00edda en la imagen de Milei: la desaprobaci\u00f3n trep\u00f3 al 63% en abril - GYS NOTICIAS |","robots":{"index":"index","follow":"follow","max-snippet":"max-snippet:-1","max-image-preview":"max-image-preview:large","max-video-preview":"max-video-preview:-1"},"canonical":"https:\/\/gysfm.com.ar\/inicio\/fuerte-caida-en-la-imagen-de-milei-la-desaprobacion-trepo-al-63-en-abril\/","og_locale":"es_ES","og_type":"article","og_title":"Fuerte ca\u00edda en la imagen de Milei: la desaprobaci\u00f3n trep\u00f3 al 63% en abril - GYS NOTICIAS |","og_description":"El escenario pol\u00edtico para la administraci\u00f3n de La Libertad Avanza present\u00f3 un marcado deterioro durante el cuarto mes del a\u00f1o. Seg\u00fan el \u00faltimo reporte de Latam Pulse, una iniciativa conjunta de AtlasIntel y Bloomberg, la desaprobaci\u00f3n del desempe\u00f1o del presidente Javier Milei subi\u00f3 hasta el 63%, mientras Myriam Bregman y Axel Kicillof lideran el listado [&hellip;]","og_url":"https:\/\/gysfm.com.ar\/inicio\/fuerte-caida-en-la-imagen-de-milei-la-desaprobacion-trepo-al-63-en-abril\/","og_site_name":"GYS NOTICIAS |","article_published_time":"2026-05-01T12:50:12+00:00","og_image":[{"url":"https:\/\/fotos.perfil.com\/\/2026\/04\/30\/900\/0\/latam-pulse-argentina-abril-20260429-2230751.jpg?webp","type":"","width":"","height":""}],"author":"Prensa G&amp;S FM","twitter_card":"summary_large_image","twitter_misc":{"Escrito por":"Prensa G&amp;S FM","Tiempo de lectura":"5 minutos"},"schema":{"@context":"https:\/\/schema.org","@graph":[{"@type":"Article","@id":"https:\/\/gysfm.com.ar\/inicio\/fuerte-caida-en-la-imagen-de-milei-la-desaprobacion-trepo-al-63-en-abril\/#article","isPartOf":{"@id":"https:\/\/gysfm.com.ar\/inicio\/fuerte-caida-en-la-imagen-de-milei-la-desaprobacion-trepo-al-63-en-abril\/"},"author":{"name":"Prensa G&amp;S FM","@id":"https:\/\/gysfm.com.ar\/inicio\/#\/schema\/person\/3abba7593ef2ad19e1be221d54383dc5"},"headline":"Fuerte ca\u00edda en la imagen de Milei: la desaprobaci\u00f3n trep\u00f3 al 63% en abril","datePublished":"2026-05-01T12:50:12+00:00","mainEntityOfPage":{"@id":"https:\/\/gysfm.com.ar\/inicio\/fuerte-caida-en-la-imagen-de-milei-la-desaprobacion-trepo-al-63-en-abril\/"},"wordCount":1077,"publisher":{"@id":"https:\/\/gysfm.com.ar\/inicio\/#organization"},"image":{"@id":"https:\/\/gysfm.com.ar\/inicio\/fuerte-caida-en-la-imagen-de-milei-la-desaprobacion-trepo-al-63-en-abril\/#primaryimage"},"thumbnailUrl":"https:\/\/gysfm.com.ar\/inicio\/wp-content\/uploads\/2026\/05\/congreso-javier-milei-diputados-29042026-2230085.jpg","articleSection":["NACIONALES"],"inLanguage":"es"},{"@type":"WebPage","@id":"https:\/\/gysfm.com.ar\/inicio\/fuerte-caida-en-la-imagen-de-milei-la-desaprobacion-trepo-al-63-en-abril\/","url":"https:\/\/gysfm.com.ar\/inicio\/fuerte-caida-en-la-imagen-de-milei-la-desaprobacion-trepo-al-63-en-abril\/","name":"Fuerte ca\u00edda en la imagen de Milei: la desaprobaci\u00f3n trep\u00f3 al 63% en abril - GYS NOTICIAS |","isPartOf":{"@id":"https:\/\/gysfm.com.ar\/inicio\/#website"},"primaryImageOfPage":{"@id":"https:\/\/gysfm.com.ar\/inicio\/fuerte-caida-en-la-imagen-de-milei-la-desaprobacion-trepo-al-63-en-abril\/#primaryimage"},"image":{"@id":"https:\/\/gysfm.com.ar\/inicio\/fuerte-caida-en-la-imagen-de-milei-la-desaprobacion-trepo-al-63-en-abril\/#primaryimage"},"thumbnailUrl":"https:\/\/gysfm.com.ar\/inicio\/wp-content\/uploads\/2026\/05\/congreso-javier-milei-diputados-29042026-2230085.jpg","datePublished":"2026-05-01T12:50:12+00:00","breadcrumb":{"@id":"https:\/\/gysfm.com.ar\/inicio\/fuerte-caida-en-la-imagen-de-milei-la-desaprobacion-trepo-al-63-en-abril\/#breadcrumb"},"inLanguage":"es","potentialAction":[{"@type":"ReadAction","target":["https:\/\/gysfm.com.ar\/inicio\/fuerte-caida-en-la-imagen-de-milei-la-desaprobacion-trepo-al-63-en-abril\/"]}]},{"@type":"ImageObject","inLanguage":"es","@id":"https:\/\/gysfm.com.ar\/inicio\/fuerte-caida-en-la-imagen-de-milei-la-desaprobacion-trepo-al-63-en-abril\/#primaryimage","url":"https:\/\/gysfm.com.ar\/inicio\/wp-content\/uploads\/2026\/05\/congreso-javier-milei-diputados-29042026-2230085.jpg","contentUrl":"https:\/\/gysfm.com.ar\/inicio\/wp-content\/uploads\/2026\/05\/congreso-javier-milei-diputados-29042026-2230085.jpg","width":1140,"height":641},{"@type":"BreadcrumbList","@id":"https:\/\/gysfm.com.ar\/inicio\/fuerte-caida-en-la-imagen-de-milei-la-desaprobacion-trepo-al-63-en-abril\/#breadcrumb","itemListElement":[{"@type":"ListItem","position":1,"name":"Portada","item":"https:\/\/gysfm.com.ar\/inicio\/"},{"@type":"ListItem","position":2,"name":"Fuerte ca\u00edda en la imagen de Milei: la desaprobaci\u00f3n trep\u00f3 al 63% en abril"}]},{"@type":"WebSite","@id":"https:\/\/gysfm.com.ar\/inicio\/#website","url":"https:\/\/gysfm.com.ar\/inicio\/","name":"GYS NOTICIAS |","description":"DIARIO - RADIO ONLINE SAN JUAN ARGENTINA","publisher":{"@id":"https:\/\/gysfm.com.ar\/inicio\/#organization"},"potentialAction":[{"@type":"SearchAction","target":{"@type":"EntryPoint","urlTemplate":"https:\/\/gysfm.com.ar\/inicio\/?s={search_term_string}"},"query-input":{"@type":"PropertyValueSpecification","valueRequired":true,"valueName":"search_term_string"}}],"inLanguage":"es"},{"@type":"Organization","@id":"https:\/\/gysfm.com.ar\/inicio\/#organization","name":"GYS NOTICIAS |","url":"https:\/\/gysfm.com.ar\/inicio\/","logo":{"@type":"ImageObject","inLanguage":"es","@id":"https:\/\/gysfm.com.ar\/inicio\/#\/schema\/logo\/image\/","url":"https:\/\/gysfm.com.ar\/inicio\/wp-content\/uploads\/2023\/07\/LOGOGYS-OK.png","contentUrl":"https:\/\/gysfm.com.ar\/inicio\/wp-content\/uploads\/2023\/07\/LOGOGYS-OK.png","width":1170,"height":872,"caption":"GYS NOTICIAS |"},"image":{"@id":"https:\/\/gysfm.com.ar\/inicio\/#\/schema\/logo\/image\/"}},{"@type":"Person","@id":"https:\/\/gysfm.com.ar\/inicio\/#\/schema\/person\/3abba7593ef2ad19e1be221d54383dc5","name":"Prensa G&amp;S FM","image":{"@type":"ImageObject","inLanguage":"es","@id":"https:\/\/gysfm.com.ar\/inicio\/#\/schema\/person\/image\/","url":"https:\/\/secure.gravatar.com\/avatar\/096ec78df02049ab018702bb4ccedf659377fa92a26540b5247612077a0dbd29?s=96&d=mm&r=g","contentUrl":"https:\/\/secure.gravatar.com\/avatar\/096ec78df02049ab018702bb4ccedf659377fa92a26540b5247612077a0dbd29?s=96&d=mm&r=g","caption":"Prensa G&amp;S FM"},"sameAs":["https:\/\/gysfm.com.ar\/"],"url":"https:\/\/gysfm.com.ar\/inicio\/author\/lucasm\/"}]}},"_links":{"self":[{"href":"https:\/\/gysfm.com.ar\/inicio\/wp-json\/wp\/v2\/posts\/194074","targetHints":{"allow":["GET"]}}],"collection":[{"href":"https:\/\/gysfm.com.ar\/inicio\/wp-json\/wp\/v2\/posts"}],"about":[{"href":"https:\/\/gysfm.com.ar\/inicio\/wp-json\/wp\/v2\/types\/post"}],"author":[{"embeddable":true,"href":"https:\/\/gysfm.com.ar\/inicio\/wp-json\/wp\/v2\/users\/2"}],"replies":[{"embeddable":true,"href":"https:\/\/gysfm.com.ar\/inicio\/wp-json\/wp\/v2\/comments?post=194074"}],"version-history":[{"count":0,"href":"https:\/\/gysfm.com.ar\/inicio\/wp-json\/wp\/v2\/posts\/194074\/revisions"}],"wp:featuredmedia":[{"embeddable":true,"href":"https:\/\/gysfm.com.ar\/inicio\/wp-json\/wp\/v2\/media\/194075"}],"wp:attachment":[{"href":"https:\/\/gysfm.com.ar\/inicio\/wp-json\/wp\/v2\/media?parent=194074"}],"wp:term":[{"taxonomy":"category","embeddable":true,"href":"https:\/\/gysfm.com.ar\/inicio\/wp-json\/wp\/v2\/categories?post=194074"},{"taxonomy":"post_tag","embeddable":true,"href":"https:\/\/gysfm.com.ar\/inicio\/wp-json\/wp\/v2\/tags?post=194074"}],"curies":[{"name":"wp","href":"https:\/\/api.w.org\/{rel}","templated":true}]}}