{"id":194068,"date":"2026-05-01T08:54:05","date_gmt":"2026-05-01T11:54:05","guid":{"rendered":"https:\/\/gysfm.com.ar\/inicio\/el-enfrentamiento-de-trump-con-merz-demuestra-lo-dificil-que-es-mantener-la-amistad-con-el-presidente-de-ee-uu\/"},"modified":"2026-05-01T08:54:06","modified_gmt":"2026-05-01T11:54:06","slug":"el-enfrentamiento-de-trump-con-merz-demuestra-lo-dificil-que-es-mantener-la-amistad-con-el-presidente-de-ee-uu","status":"publish","type":"post","link":"https:\/\/gysfm.com.ar\/inicio\/el-enfrentamiento-de-trump-con-merz-demuestra-lo-dificil-que-es-mantener-la-amistad-con-el-presidente-de-ee-uu\/","title":{"rendered":"El enfrentamiento de Trump con Merz demuestra lo dif\u00edcil que es mantener la amistad con el presidente de EE.UU."},"content":{"rendered":"<p> <br \/>\n<\/p>\n<div>\n<p class=\"com-paragraph  --capital --s\">BERL\u00cdN.\u2013 Las <strong>consecuencias de la guerra<\/strong> del <a href=\"https:\/\/www.lanacion.com.ar\/el-mundo\/trump-evalua-potentes-ataques-militares-contra-teheran-para-presionar-en-la-negociacion-nid30042026\/\" target=\"_self\" title=\"https:\/\/www.lanacion.com.ar\/el-mundo\/trump-evalua-potentes-ataques-militares-contra-teheran-para-presionar-en-la-negociacion-nid30042026\/\" class=\"com-link break-word\" data-mrf-recirculation=\"n_link_parrafo\">presidente <strong>Donald Trump contra Ir\u00e1n<\/strong><\/a><strong> dificultaron que los l\u00edderes extranjeros sigan sus estrategias tradicionales para congraciarse con \u00e9l<\/strong>. Cada vez m\u00e1s, se ven obligados a elegir entre complacer al presidente o a sus propios votantes, y no est\u00e1n optando por el mandatario estadounidense.<\/p>\n<p class=\"com-paragraph   --s\">El ejemplo m\u00e1s reciente es <strong>Friedrich Merz<\/strong>, el canciller de Alemania, quien <a href=\"https:\/\/www.lanacion.com.ar\/el-mundo\/trump-arremete-contra-merz-y-profundiza-la-grieta-con-europa-por-la-crisis-con-iran-nid28042026\/\" target=\"_self\" title=\"https:\/\/www.lanacion.com.ar\/el-mundo\/trump-arremete-contra-merz-y-profundiza-la-grieta-con-europa-por-la-crisis-con-iran-nid28042026\/\" class=\"com-link break-word\" data-mrf-recirculation=\"n_link_parrafo\"><strong>provoc\u00f3 la ira de Trump<\/strong><\/a><strong> al decir en voz alta lo que realmente piensa sobre las deficiencias estrat\u00e9gicas <\/strong>del plan de <a href=\"https:\/\/www.lanacion.com.ar\/el-mundo\/guerra-de-estados-unidos-e-israel-contra-iran-en-vivo-tension-en-medio-oriente-hoy-jueves-30-de-nid30042026\/\" target=\"_self\" title=\"https:\/\/www.lanacion.com.ar\/el-mundo\/guerra-de-estados-unidos-e-israel-contra-iran-en-vivo-tension-en-medio-oriente-hoy-jueves-30-de-nid30042026\/\" class=\"com-link break-word\" data-mrf-recirculation=\"n_link_parrafo\">guerra estadounidense.<\/a><\/p>\n<p class=\"com-paragraph   --s\">En casi un a\u00f1o en el cargo, <strong>Merz invirti\u00f3 mucho en cultivar una amistad con Trump<\/strong>. Visit\u00f3 la Casa Blanca repetidamente, incluso en los primeros d\u00edas tras el inicio de la guerra con Ir\u00e1n. Halaga al mandatario estadounidense ante las c\u00e1maras y le env\u00eda mensajes de texto con frecuencia. <strong>Hizo pr\u00e1cticamente todo lo que el presidente le pidi\u00f3 con respecto a Ir\u00e1n<\/strong>, incluyendo permitir que<strong> Estados Unidos utilice plenamente las bases militares en Alemania <\/strong>para lanzar ataques y <strong>desplegar dragaminas para patrullar el estrecho de Ormuz<\/strong> una vez que la guerra termine formalmente.<\/p>\n<p class=\"com-paragraph   --s\">Pero la<strong> guerra ha golpeado duramente la econom\u00eda alemana y le ha costado caro pol\u00edticamente a Merz<\/strong>. Los conductores y fabricantes locales se han visto afectados por el <strong>aumento vertiginoso de los precios del combustible<\/strong> provocado por el bloqueo del estrecho. El <strong>gobierno ha recortado dr\u00e1sticamente sus previsiones de crecimiento econ\u00f3mico <\/strong>para este a\u00f1o.<\/p>\n<p class=\"com-paragraph   --s\">Desde que comenz\u00f3 la guerra, el partido de Merz, la <strong>Democracia Cristiana<\/strong> de centroderecha, <strong>ha ca\u00eddo del primer puesto en las encuestas nacionales<\/strong> y ahora se encuentra a <strong>pocos puntos porcentuales del partido de extrema derecha Alternativa para Alemania <\/strong>(AfD).<\/p>\n<div class=\"content-media\">\n<section role=\"button\" class=\"mod-media   \">\n<figure role=\"button\" tabindex=\"0\" class=\"mod-figure \"><figcaption class=\"mod-figcaption\"><span class=\"com-text --caption --twoxs\">La guerra en Ir\u00e1n tuvo coletazos econ\u00f3micos en Alemania y despert\u00f3 la preocupaci\u00f3n del canciller Friedrich Merz<\/span><span class=\"com-text --credit --twoxs\">Michael Kappeler &#8211; dpa<\/span><\/figcaption><\/figure>\n<\/section>\n<\/div>\n<p class=\"com-paragraph   --s\">Esas presiones parecieron abrumar al canciller esta semana. Merz, quien tiene tendencia a improvisar en discursos menos formales, dijo a un grupo de estudiantes alemanes que el <strong>gobierno iran\u00ed hab\u00eda \u201chumillado\u201d a toda la naci\u00f3n estadounidense <\/strong>con su lentitud para negociar el fin de la guerra.<\/p>\n<p class=\"com-paragraph   --s\"><strong>\u201cEs evidente que los estadounidenses no tienen estrategia\u201d<\/strong>, declar\u00f3 Merz el lunes en una asamblea de un instituto de secundaria en el oeste de Alemania.<strong> \u201cY el problema de estos conflictos es que no solo hay que entrar, sino tambi\u00e9n salir. Lo vimos de forma muy dolorosa en Afganist\u00e1n <\/strong>durante 20 a\u00f1os. Lo vimos <strong>en Irak.<\/strong> As\u00ed que esta situaci\u00f3n, como ya he dicho, est\u00e1, <strong>como m\u00ednimo, mal concebida<\/strong>, y por el momento <strong>no veo qu\u00e9 estrategia de salida est\u00e1n eligiendo los estadounidenses<\/strong>\u201c, apunt\u00f3. <\/p>\n<div class=\"content-media\">\n<section role=\"button\" class=\"mod-media   \">\n<figure role=\"button\" tabindex=\"0\" class=\"mod-figure \"><figcaption class=\"mod-figcaption\"><span class=\"com-text --caption --twoxs\">Trump atac\u00f3 a Merz en Truth Social<\/span><\/figcaption><\/figure>\n<\/section>\n<\/div>\n<p class=\"com-paragraph   --s\">El se\u00f1or Trump, conocido por atacar a sus aliados cuando lo critican p\u00fablicamente, no tard\u00f3 en responder. <strong>Acus\u00f3 al canciller<\/strong>, quien afirm\u00f3 repetidamente que jam\u00e1s se le permitir\u00e1 a Ir\u00e1n construir un arma nuclear, <strong>de apoyar las ambiciones nucleares de Teher\u00e1n<\/strong>.<\/p>\n<p class=\"com-paragraph   --s\"><strong>\u201cEl canciller de Alemania, Friedrich Merz, cree que est\u00e1 bien que Ir\u00e1n tenga un arma nuclear.<\/strong> \u00a1No sabe de lo que habla!\u201c, escribi\u00f3 Trump en una publicaci\u00f3n en redes sociales. <\/p>\n<p class=\"com-paragraph   --s\">Y para colmo, agreg\u00f3: <strong>\u201d\u00a1No me extra\u00f1a que a Alemania le vaya tan mal, tanto econ\u00f3micamente como en otros aspectos!\u201c<\/strong>.<\/p>\n<p class=\"com-paragraph   --s\">Esta ma\u00f1ana, el presidente norteamericano volvi\u00f3 a arremeter contra el alem\u00e1n y sostuvo que deber\u00eda <strong>concentrarse \u201cen poner fin a la guerra entre Rusia y Ucrania, donde ha sido totalmente ineficaz\u201d<\/strong>, y en resolver los problemas internos de su pa\u00eds, en particular en materia de<strong> inmigraci\u00f3n y energ\u00eda<\/strong>. En ese sentido, <strong>critic\u00f3 lo que consider\u00f3 una intromisi\u00f3n en la pol\u00edtica exterior estadounidense<\/strong> y defendi\u00f3 su estrategia frente a Ir\u00e1n al afirmar que apunta a \u201celiminar la amenaza nuclear iran\u00ed\u201d y \u201chacer del mundo, incluida Alemania, un lugar m\u00e1s seguro\u201d.<\/p>\n<div class=\"content-media\">\n<section role=\"button\" class=\"mod-media   \">\n<figure role=\"button\" tabindex=\"0\" class=\"mod-figure \"><figcaption class=\"mod-figcaption\"><span class=\"com-text --caption --twoxs\">Trump volvi\u00f3 a atacar a Merz<\/span><\/figcaption><\/figure>\n<\/section>\n<\/div>\n<p class=\"com-paragraph   --s\">El intercambio provoc\u00f3 un <strong>peque\u00f1o revuelo medi\u00e1tico en Alemania<\/strong>, y los periodistas pol\u00edticos se preguntaron <strong>si Merz hab\u00eda dilapidado la buena voluntad que tanto le hab\u00eda costado ganarse con el presidente.<\/strong><\/p>\n<p class=\"com-paragraph   --s\">Tambi\u00e9n puso de manifiesto <strong>hasta qu\u00e9 punto se ha agotado la paciencia de Europa ante una guerra que sus l\u00edderes no eligieron <\/strong>y sobre la que no fueron consultados.<\/p>\n<p class=\"com-paragraph   --s\">Pr\u00e1cticamente todos los l\u00edderes europeos importantes, en alg\u00fan momento desde que comenz\u00f3 la guerra, han tomado medidas para criticarla, o a Trump, o a ambos.<\/p>\n<div class=\"content-media\">\n<section role=\"button\" class=\"mod-media   \">\n<figure role=\"button\" tabindex=\"0\" class=\"mod-figure \"><figcaption class=\"mod-figcaption\"><span class=\"com-text --caption --twoxs\">Trump volvi\u00f3 a atacar a Merz<\/span><\/figcaption><\/figure>\n<\/section>\n<\/div>\n<p class=\"com-paragraph   --s\">El<strong> primer ministro brit\u00e1nico, Keir Starmer, declar\u00f3 este mes estar harto de Trump<\/strong>, quej\u00e1ndose de que la<strong> guerra hab\u00eda disparado los precios de la energ\u00eda para la poblaci\u00f3n brit\u00e1nica<\/strong>. <\/p>\n<p class=\"com-paragraph   --s\">Tambi\u00e9n ha tenido discrepancias con Trump sobre las <strong>restricciones al uso estadounidense de bases brit\u00e1nicas para la guerra<\/strong>.<\/p>\n<p class=\"com-paragraph   --s\">La primera ministra italiana,<strong> Giorgia Meloni, irrit\u00f3 al presidente al inmiscuirse en su disputa verbal con el papa Le\u00f3n XIV sobre la guerra<\/strong>. Meloni, considerada durante mucho tiempo una aliada clave de Trump en Europa, se puso del lado del Papa. Seg\u00fan los analistas, se dio cuenta de que su relaci\u00f3n con Trump se hab\u00eda convertido en un lastre en Italia, donde el presidente es muy impopular.<\/p>\n<p class=\"com-paragraph   --s\"><strong>Ning\u00fan l\u00edder europeo sac\u00f3 m\u00e1s provecho pol\u00edtico de su enfrentamiento con Trump por Ir\u00e1n que el mandatario espa\u00f1ol, Pedro S\u00e1nchez.<\/strong> Su <strong>temprana y firme oposici\u00f3n a la guerra<\/strong>, incluyendo su negativa a permitir el uso estadounidense de bases espa\u00f1olas, enfureci\u00f3 al presidente, pero <strong>impuls\u00f3 la menguante popularidad de S\u00e1nchez en Espa\u00f1a<\/strong>.<\/p>\n<div class=\"content-media\">\n<section role=\"button\" class=\"mod-media   \">\n<figure role=\"button\" tabindex=\"0\" class=\"mod-figure \"><figcaption class=\"mod-figcaption\"><span class=\"com-text --caption --twoxs\">S\u00e1nchez se pronunci\u00f3 desde un principio, firme contra la guerra en Ir\u00e1n<\/span><span class=\"com-text --credit --twoxs\">JIM WATSON &#8211; AFP<\/span><\/figcaption><\/figure>\n<\/section>\n<\/div>\n<p class=\"com-paragraph   --s\">Hasta esta semana, <strong>Merz hab\u00eda ofrecido cr\u00edticas mesuradas a la guerra<\/strong>, pero aun as\u00ed hab\u00eda cosechado elogios de los estadounidenses. Parec\u00eda gozar del favor del presidente. A principios de marzo, en el Despacho Oval, permaneci\u00f3 en silencio mientras Trump criticaba a Starmer y a S\u00e1nchez.<\/p>\n<p class=\"com-paragraph   --s\">Sin embargo, en privado, los<strong> funcionarios alemanes se mostraron esc\u00e9pticos ante el plan de guerra de Trump desde el principio<\/strong>, incluso cuando anunci\u00f3 un alto el fuego con Ir\u00e1n. Merz y su gabinete se prepararon para las consecuencias econ\u00f3micas a largo plazo y aprobaron algunas medidas de alivio temporales para los conductores afectados por los altos precios de la gasolina.<\/p>\n<p class=\"com-paragraph   --s\">Aun as\u00ed, el ministro de Hacienda est\u00e1 lejos de romper con Trump, aunque cada vez est\u00e1 m\u00e1s dispuesto a criticarlo.<\/p>\n<p class=\"com-paragraph   --s\"><strong>\u201cDesde mi punto de vista, la relaci\u00f3n personal entre el presidente estadounidense y yo sigue siendo buena\u201d<\/strong>, declar\u00f3 Merz a los periodistas el mi\u00e9rcoles.<\/p>\n<section class=\"container-center-100 mb-40 border border-bottom border-thin border-neutral-light-700\">\n<hr\/>\n<\/section>\n<\/div>\n<p><script id=\"facebookpixel\" defer=\"\" type=\"text\/javascript\">\n        !function(f,b,e,v,n,t,s)\n        {if(f.fbq)return;n=f.fbq=function(){n.callMethod?\n        n.callMethod.apply(n,arguments):n.queue.push(arguments)};\n        if(!f._fbq)f._fbq=n;n.push=n;n.loaded=!0;n.version='2.0';\n        n.queue=[];t=b.createElement(e);t.async=!0;\n        t.src=v;s=b.getElementsByTagName(e)[0];\n        s.parentNode.insertBefore(t,s)}(window, document,'script',\n        'https:\/\/connect.facebook.net\/en_US\/fbevents.js');\n        fbq('init', '492459597522335');\n        fbq('track', 'PageView');\n    <\/script><br \/>\n<br \/><\/p>\n","protected":false},"excerpt":{"rendered":"<p>BERL\u00cdN.\u2013 Las consecuencias de la guerra del presidente Donald Trump contra Ir\u00e1n dificultaron que los l\u00edderes extranjeros sigan sus estrategias tradicionales para congraciarse con \u00e9l. Cada vez m\u00e1s, se ven obligados a elegir entre complacer al presidente o a sus propios votantes, y no est\u00e1n optando por el mandatario estadounidense. El ejemplo m\u00e1s reciente es [&hellip;]<\/p>\n","protected":false},"author":2,"featured_media":194069,"comment_status":"closed","ping_status":"closed","sticky":false,"template":"","format":"standard","meta":{"footnotes":""},"categories":[26],"tags":[],"class_list":["post-194068","post","type-post","status-publish","format-standard","has-post-thumbnail","hentry","category-internacionales"],"yoast_head":"<!-- This site is optimized with the Yoast SEO plugin v24.4 - https:\/\/yoast.com\/wordpress\/plugins\/seo\/ -->\n<title>El enfrentamiento de Trump con Merz demuestra lo dif\u00edcil que es mantener la amistad con el presidente de EE.UU. - GYS NOTICIAS |<\/title>\n<meta name=\"robots\" content=\"index, follow, max-snippet:-1, max-image-preview:large, max-video-preview:-1\" \/>\n<link rel=\"canonical\" href=\"https:\/\/gysfm.com.ar\/inicio\/el-enfrentamiento-de-trump-con-merz-demuestra-lo-dificil-que-es-mantener-la-amistad-con-el-presidente-de-ee-uu\/\" \/>\n<meta property=\"og:locale\" content=\"es_ES\" \/>\n<meta property=\"og:type\" content=\"article\" \/>\n<meta property=\"og:title\" content=\"El enfrentamiento de Trump con Merz demuestra lo dif\u00edcil que es mantener la amistad con el presidente de EE.UU. - GYS NOTICIAS |\" \/>\n<meta property=\"og:description\" content=\"BERL\u00cdN.\u2013 Las consecuencias de la guerra del presidente Donald Trump contra Ir\u00e1n dificultaron que los l\u00edderes extranjeros sigan sus estrategias tradicionales para congraciarse con \u00e9l. Cada vez m\u00e1s, se ven obligados a elegir entre complacer al presidente o a sus propios votantes, y no est\u00e1n optando por el mandatario estadounidense. El ejemplo m\u00e1s reciente es [&hellip;]\" \/>\n<meta property=\"og:url\" content=\"https:\/\/gysfm.com.ar\/inicio\/el-enfrentamiento-de-trump-con-merz-demuestra-lo-dificil-que-es-mantener-la-amistad-con-el-presidente-de-ee-uu\/\" \/>\n<meta property=\"og:site_name\" content=\"GYS NOTICIAS |\" \/>\n<meta property=\"article:published_time\" content=\"2026-05-01T11:54:05+00:00\" \/>\n<meta property=\"article:modified_time\" content=\"2026-05-01T11:54:06+00:00\" \/>\n<meta property=\"og:image\" content=\"https:\/\/gysfm.com.ar\/inicio\/wp-content\/uploads\/2026\/05\/el-presidente-estadounidense-recolecta-BYBMYSCDOVGWBJUQQSL2EPGCLE.JPG\" \/>\n\t<meta property=\"og:image:width\" content=\"1200\" \/>\n\t<meta property=\"og:image:height\" content=\"800\" \/>\n\t<meta property=\"og:image:type\" content=\"image\/jpeg\" \/>\n<meta name=\"author\" content=\"Prensa G&amp;S FM\" \/>\n<meta name=\"twitter:card\" content=\"summary_large_image\" \/>\n<meta name=\"twitter:label1\" content=\"Escrito por\" \/>\n\t<meta name=\"twitter:data1\" content=\"Prensa G&amp;S FM\" \/>\n\t<meta name=\"twitter:label2\" content=\"Tiempo de lectura\" \/>\n\t<meta name=\"twitter:data2\" content=\"6 minutos\" \/>\n<script type=\"application\/ld+json\" class=\"yoast-schema-graph\">{\"@context\":\"https:\/\/schema.org\",\"@graph\":[{\"@type\":\"Article\",\"@id\":\"https:\/\/gysfm.com.ar\/inicio\/el-enfrentamiento-de-trump-con-merz-demuestra-lo-dificil-que-es-mantener-la-amistad-con-el-presidente-de-ee-uu\/#article\",\"isPartOf\":{\"@id\":\"https:\/\/gysfm.com.ar\/inicio\/el-enfrentamiento-de-trump-con-merz-demuestra-lo-dificil-que-es-mantener-la-amistad-con-el-presidente-de-ee-uu\/\"},\"author\":{\"name\":\"Prensa G&amp;S FM\",\"@id\":\"https:\/\/gysfm.com.ar\/inicio\/#\/schema\/person\/3abba7593ef2ad19e1be221d54383dc5\"},\"headline\":\"El enfrentamiento de Trump con Merz demuestra lo dif\u00edcil que es mantener la amistad con el presidente de EE.UU.\",\"datePublished\":\"2026-05-01T11:54:05+00:00\",\"dateModified\":\"2026-05-01T11:54:06+00:00\",\"mainEntityOfPage\":{\"@id\":\"https:\/\/gysfm.com.ar\/inicio\/el-enfrentamiento-de-trump-con-merz-demuestra-lo-dificil-que-es-mantener-la-amistad-con-el-presidente-de-ee-uu\/\"},\"wordCount\":1155,\"publisher\":{\"@id\":\"https:\/\/gysfm.com.ar\/inicio\/#organization\"},\"image\":{\"@id\":\"https:\/\/gysfm.com.ar\/inicio\/el-enfrentamiento-de-trump-con-merz-demuestra-lo-dificil-que-es-mantener-la-amistad-con-el-presidente-de-ee-uu\/#primaryimage\"},\"thumbnailUrl\":\"https:\/\/gysfm.com.ar\/inicio\/wp-content\/uploads\/2026\/05\/el-presidente-estadounidense-recolecta-BYBMYSCDOVGWBJUQQSL2EPGCLE.JPG\",\"articleSection\":[\"INTERNACIONALES\"],\"inLanguage\":\"es\"},{\"@type\":\"WebPage\",\"@id\":\"https:\/\/gysfm.com.ar\/inicio\/el-enfrentamiento-de-trump-con-merz-demuestra-lo-dificil-que-es-mantener-la-amistad-con-el-presidente-de-ee-uu\/\",\"url\":\"https:\/\/gysfm.com.ar\/inicio\/el-enfrentamiento-de-trump-con-merz-demuestra-lo-dificil-que-es-mantener-la-amistad-con-el-presidente-de-ee-uu\/\",\"name\":\"El enfrentamiento de Trump con Merz demuestra lo dif\u00edcil que es mantener la amistad con el presidente de EE.UU. - GYS NOTICIAS |\",\"isPartOf\":{\"@id\":\"https:\/\/gysfm.com.ar\/inicio\/#website\"},\"primaryImageOfPage\":{\"@id\":\"https:\/\/gysfm.com.ar\/inicio\/el-enfrentamiento-de-trump-con-merz-demuestra-lo-dificil-que-es-mantener-la-amistad-con-el-presidente-de-ee-uu\/#primaryimage\"},\"image\":{\"@id\":\"https:\/\/gysfm.com.ar\/inicio\/el-enfrentamiento-de-trump-con-merz-demuestra-lo-dificil-que-es-mantener-la-amistad-con-el-presidente-de-ee-uu\/#primaryimage\"},\"thumbnailUrl\":\"https:\/\/gysfm.com.ar\/inicio\/wp-content\/uploads\/2026\/05\/el-presidente-estadounidense-recolecta-BYBMYSCDOVGWBJUQQSL2EPGCLE.JPG\",\"datePublished\":\"2026-05-01T11:54:05+00:00\",\"dateModified\":\"2026-05-01T11:54:06+00:00\",\"breadcrumb\":{\"@id\":\"https:\/\/gysfm.com.ar\/inicio\/el-enfrentamiento-de-trump-con-merz-demuestra-lo-dificil-que-es-mantener-la-amistad-con-el-presidente-de-ee-uu\/#breadcrumb\"},\"inLanguage\":\"es\",\"potentialAction\":[{\"@type\":\"ReadAction\",\"target\":[\"https:\/\/gysfm.com.ar\/inicio\/el-enfrentamiento-de-trump-con-merz-demuestra-lo-dificil-que-es-mantener-la-amistad-con-el-presidente-de-ee-uu\/\"]}]},{\"@type\":\"ImageObject\",\"inLanguage\":\"es\",\"@id\":\"https:\/\/gysfm.com.ar\/inicio\/el-enfrentamiento-de-trump-con-merz-demuestra-lo-dificil-que-es-mantener-la-amistad-con-el-presidente-de-ee-uu\/#primaryimage\",\"url\":\"https:\/\/gysfm.com.ar\/inicio\/wp-content\/uploads\/2026\/05\/el-presidente-estadounidense-recolecta-BYBMYSCDOVGWBJUQQSL2EPGCLE.JPG\",\"contentUrl\":\"https:\/\/gysfm.com.ar\/inicio\/wp-content\/uploads\/2026\/05\/el-presidente-estadounidense-recolecta-BYBMYSCDOVGWBJUQQSL2EPGCLE.JPG\",\"width\":1200,\"height\":800},{\"@type\":\"BreadcrumbList\",\"@id\":\"https:\/\/gysfm.com.ar\/inicio\/el-enfrentamiento-de-trump-con-merz-demuestra-lo-dificil-que-es-mantener-la-amistad-con-el-presidente-de-ee-uu\/#breadcrumb\",\"itemListElement\":[{\"@type\":\"ListItem\",\"position\":1,\"name\":\"Portada\",\"item\":\"https:\/\/gysfm.com.ar\/inicio\/\"},{\"@type\":\"ListItem\",\"position\":2,\"name\":\"El enfrentamiento de Trump con Merz demuestra lo dif\u00edcil que es mantener la amistad con el presidente de EE.UU.\"}]},{\"@type\":\"WebSite\",\"@id\":\"https:\/\/gysfm.com.ar\/inicio\/#website\",\"url\":\"https:\/\/gysfm.com.ar\/inicio\/\",\"name\":\"GYS NOTICIAS |\",\"description\":\"DIARIO - RADIO ONLINE SAN JUAN ARGENTINA\",\"publisher\":{\"@id\":\"https:\/\/gysfm.com.ar\/inicio\/#organization\"},\"potentialAction\":[{\"@type\":\"SearchAction\",\"target\":{\"@type\":\"EntryPoint\",\"urlTemplate\":\"https:\/\/gysfm.com.ar\/inicio\/?s={search_term_string}\"},\"query-input\":{\"@type\":\"PropertyValueSpecification\",\"valueRequired\":true,\"valueName\":\"search_term_string\"}}],\"inLanguage\":\"es\"},{\"@type\":\"Organization\",\"@id\":\"https:\/\/gysfm.com.ar\/inicio\/#organization\",\"name\":\"GYS NOTICIAS |\",\"url\":\"https:\/\/gysfm.com.ar\/inicio\/\",\"logo\":{\"@type\":\"ImageObject\",\"inLanguage\":\"es\",\"@id\":\"https:\/\/gysfm.com.ar\/inicio\/#\/schema\/logo\/image\/\",\"url\":\"https:\/\/gysfm.com.ar\/inicio\/wp-content\/uploads\/2023\/07\/LOGOGYS-OK.png\",\"contentUrl\":\"https:\/\/gysfm.com.ar\/inicio\/wp-content\/uploads\/2023\/07\/LOGOGYS-OK.png\",\"width\":1170,\"height\":872,\"caption\":\"GYS NOTICIAS |\"},\"image\":{\"@id\":\"https:\/\/gysfm.com.ar\/inicio\/#\/schema\/logo\/image\/\"}},{\"@type\":\"Person\",\"@id\":\"https:\/\/gysfm.com.ar\/inicio\/#\/schema\/person\/3abba7593ef2ad19e1be221d54383dc5\",\"name\":\"Prensa G&amp;S FM\",\"image\":{\"@type\":\"ImageObject\",\"inLanguage\":\"es\",\"@id\":\"https:\/\/gysfm.com.ar\/inicio\/#\/schema\/person\/image\/\",\"url\":\"https:\/\/secure.gravatar.com\/avatar\/096ec78df02049ab018702bb4ccedf659377fa92a26540b5247612077a0dbd29?s=96&d=mm&r=g\",\"contentUrl\":\"https:\/\/secure.gravatar.com\/avatar\/096ec78df02049ab018702bb4ccedf659377fa92a26540b5247612077a0dbd29?s=96&d=mm&r=g\",\"caption\":\"Prensa G&amp;S FM\"},\"sameAs\":[\"https:\/\/gysfm.com.ar\/\"],\"url\":\"https:\/\/gysfm.com.ar\/inicio\/author\/lucasm\/\"}]}<\/script>\n<!-- \/ Yoast SEO plugin. -->","yoast_head_json":{"title":"El enfrentamiento de Trump con Merz demuestra lo dif\u00edcil que es mantener la amistad con el presidente de EE.UU. - GYS NOTICIAS |","robots":{"index":"index","follow":"follow","max-snippet":"max-snippet:-1","max-image-preview":"max-image-preview:large","max-video-preview":"max-video-preview:-1"},"canonical":"https:\/\/gysfm.com.ar\/inicio\/el-enfrentamiento-de-trump-con-merz-demuestra-lo-dificil-que-es-mantener-la-amistad-con-el-presidente-de-ee-uu\/","og_locale":"es_ES","og_type":"article","og_title":"El enfrentamiento de Trump con Merz demuestra lo dif\u00edcil que es mantener la amistad con el presidente de EE.UU. - GYS NOTICIAS |","og_description":"BERL\u00cdN.\u2013 Las consecuencias de la guerra del presidente Donald Trump contra Ir\u00e1n dificultaron que los l\u00edderes extranjeros sigan sus estrategias tradicionales para congraciarse con \u00e9l. Cada vez m\u00e1s, se ven obligados a elegir entre complacer al presidente o a sus propios votantes, y no est\u00e1n optando por el mandatario estadounidense. El ejemplo m\u00e1s reciente es [&hellip;]","og_url":"https:\/\/gysfm.com.ar\/inicio\/el-enfrentamiento-de-trump-con-merz-demuestra-lo-dificil-que-es-mantener-la-amistad-con-el-presidente-de-ee-uu\/","og_site_name":"GYS NOTICIAS |","article_published_time":"2026-05-01T11:54:05+00:00","article_modified_time":"2026-05-01T11:54:06+00:00","og_image":[{"width":1200,"height":800,"url":"https:\/\/gysfm.com.ar\/inicio\/wp-content\/uploads\/2026\/05\/el-presidente-estadounidense-recolecta-BYBMYSCDOVGWBJUQQSL2EPGCLE.JPG","type":"image\/jpeg"}],"author":"Prensa G&amp;S FM","twitter_card":"summary_large_image","twitter_misc":{"Escrito por":"Prensa G&amp;S FM","Tiempo de lectura":"6 minutos"},"schema":{"@context":"https:\/\/schema.org","@graph":[{"@type":"Article","@id":"https:\/\/gysfm.com.ar\/inicio\/el-enfrentamiento-de-trump-con-merz-demuestra-lo-dificil-que-es-mantener-la-amistad-con-el-presidente-de-ee-uu\/#article","isPartOf":{"@id":"https:\/\/gysfm.com.ar\/inicio\/el-enfrentamiento-de-trump-con-merz-demuestra-lo-dificil-que-es-mantener-la-amistad-con-el-presidente-de-ee-uu\/"},"author":{"name":"Prensa G&amp;S FM","@id":"https:\/\/gysfm.com.ar\/inicio\/#\/schema\/person\/3abba7593ef2ad19e1be221d54383dc5"},"headline":"El enfrentamiento de Trump con Merz demuestra lo dif\u00edcil que es mantener la amistad con el presidente de EE.UU.","datePublished":"2026-05-01T11:54:05+00:00","dateModified":"2026-05-01T11:54:06+00:00","mainEntityOfPage":{"@id":"https:\/\/gysfm.com.ar\/inicio\/el-enfrentamiento-de-trump-con-merz-demuestra-lo-dificil-que-es-mantener-la-amistad-con-el-presidente-de-ee-uu\/"},"wordCount":1155,"publisher":{"@id":"https:\/\/gysfm.com.ar\/inicio\/#organization"},"image":{"@id":"https:\/\/gysfm.com.ar\/inicio\/el-enfrentamiento-de-trump-con-merz-demuestra-lo-dificil-que-es-mantener-la-amistad-con-el-presidente-de-ee-uu\/#primaryimage"},"thumbnailUrl":"https:\/\/gysfm.com.ar\/inicio\/wp-content\/uploads\/2026\/05\/el-presidente-estadounidense-recolecta-BYBMYSCDOVGWBJUQQSL2EPGCLE.JPG","articleSection":["INTERNACIONALES"],"inLanguage":"es"},{"@type":"WebPage","@id":"https:\/\/gysfm.com.ar\/inicio\/el-enfrentamiento-de-trump-con-merz-demuestra-lo-dificil-que-es-mantener-la-amistad-con-el-presidente-de-ee-uu\/","url":"https:\/\/gysfm.com.ar\/inicio\/el-enfrentamiento-de-trump-con-merz-demuestra-lo-dificil-que-es-mantener-la-amistad-con-el-presidente-de-ee-uu\/","name":"El enfrentamiento de Trump con Merz demuestra lo dif\u00edcil que es mantener la amistad con el presidente de EE.UU. - GYS NOTICIAS |","isPartOf":{"@id":"https:\/\/gysfm.com.ar\/inicio\/#website"},"primaryImageOfPage":{"@id":"https:\/\/gysfm.com.ar\/inicio\/el-enfrentamiento-de-trump-con-merz-demuestra-lo-dificil-que-es-mantener-la-amistad-con-el-presidente-de-ee-uu\/#primaryimage"},"image":{"@id":"https:\/\/gysfm.com.ar\/inicio\/el-enfrentamiento-de-trump-con-merz-demuestra-lo-dificil-que-es-mantener-la-amistad-con-el-presidente-de-ee-uu\/#primaryimage"},"thumbnailUrl":"https:\/\/gysfm.com.ar\/inicio\/wp-content\/uploads\/2026\/05\/el-presidente-estadounidense-recolecta-BYBMYSCDOVGWBJUQQSL2EPGCLE.JPG","datePublished":"2026-05-01T11:54:05+00:00","dateModified":"2026-05-01T11:54:06+00:00","breadcrumb":{"@id":"https:\/\/gysfm.com.ar\/inicio\/el-enfrentamiento-de-trump-con-merz-demuestra-lo-dificil-que-es-mantener-la-amistad-con-el-presidente-de-ee-uu\/#breadcrumb"},"inLanguage":"es","potentialAction":[{"@type":"ReadAction","target":["https:\/\/gysfm.com.ar\/inicio\/el-enfrentamiento-de-trump-con-merz-demuestra-lo-dificil-que-es-mantener-la-amistad-con-el-presidente-de-ee-uu\/"]}]},{"@type":"ImageObject","inLanguage":"es","@id":"https:\/\/gysfm.com.ar\/inicio\/el-enfrentamiento-de-trump-con-merz-demuestra-lo-dificil-que-es-mantener-la-amistad-con-el-presidente-de-ee-uu\/#primaryimage","url":"https:\/\/gysfm.com.ar\/inicio\/wp-content\/uploads\/2026\/05\/el-presidente-estadounidense-recolecta-BYBMYSCDOVGWBJUQQSL2EPGCLE.JPG","contentUrl":"https:\/\/gysfm.com.ar\/inicio\/wp-content\/uploads\/2026\/05\/el-presidente-estadounidense-recolecta-BYBMYSCDOVGWBJUQQSL2EPGCLE.JPG","width":1200,"height":800},{"@type":"BreadcrumbList","@id":"https:\/\/gysfm.com.ar\/inicio\/el-enfrentamiento-de-trump-con-merz-demuestra-lo-dificil-que-es-mantener-la-amistad-con-el-presidente-de-ee-uu\/#breadcrumb","itemListElement":[{"@type":"ListItem","position":1,"name":"Portada","item":"https:\/\/gysfm.com.ar\/inicio\/"},{"@type":"ListItem","position":2,"name":"El enfrentamiento de Trump con Merz demuestra lo dif\u00edcil que es mantener la amistad con el presidente de EE.UU."}]},{"@type":"WebSite","@id":"https:\/\/gysfm.com.ar\/inicio\/#website","url":"https:\/\/gysfm.com.ar\/inicio\/","name":"GYS NOTICIAS |","description":"DIARIO - RADIO ONLINE SAN JUAN ARGENTINA","publisher":{"@id":"https:\/\/gysfm.com.ar\/inicio\/#organization"},"potentialAction":[{"@type":"SearchAction","target":{"@type":"EntryPoint","urlTemplate":"https:\/\/gysfm.com.ar\/inicio\/?s={search_term_string}"},"query-input":{"@type":"PropertyValueSpecification","valueRequired":true,"valueName":"search_term_string"}}],"inLanguage":"es"},{"@type":"Organization","@id":"https:\/\/gysfm.com.ar\/inicio\/#organization","name":"GYS NOTICIAS |","url":"https:\/\/gysfm.com.ar\/inicio\/","logo":{"@type":"ImageObject","inLanguage":"es","@id":"https:\/\/gysfm.com.ar\/inicio\/#\/schema\/logo\/image\/","url":"https:\/\/gysfm.com.ar\/inicio\/wp-content\/uploads\/2023\/07\/LOGOGYS-OK.png","contentUrl":"https:\/\/gysfm.com.ar\/inicio\/wp-content\/uploads\/2023\/07\/LOGOGYS-OK.png","width":1170,"height":872,"caption":"GYS NOTICIAS |"},"image":{"@id":"https:\/\/gysfm.com.ar\/inicio\/#\/schema\/logo\/image\/"}},{"@type":"Person","@id":"https:\/\/gysfm.com.ar\/inicio\/#\/schema\/person\/3abba7593ef2ad19e1be221d54383dc5","name":"Prensa G&amp;S FM","image":{"@type":"ImageObject","inLanguage":"es","@id":"https:\/\/gysfm.com.ar\/inicio\/#\/schema\/person\/image\/","url":"https:\/\/secure.gravatar.com\/avatar\/096ec78df02049ab018702bb4ccedf659377fa92a26540b5247612077a0dbd29?s=96&d=mm&r=g","contentUrl":"https:\/\/secure.gravatar.com\/avatar\/096ec78df02049ab018702bb4ccedf659377fa92a26540b5247612077a0dbd29?s=96&d=mm&r=g","caption":"Prensa G&amp;S FM"},"sameAs":["https:\/\/gysfm.com.ar\/"],"url":"https:\/\/gysfm.com.ar\/inicio\/author\/lucasm\/"}]}},"_links":{"self":[{"href":"https:\/\/gysfm.com.ar\/inicio\/wp-json\/wp\/v2\/posts\/194068","targetHints":{"allow":["GET"]}}],"collection":[{"href":"https:\/\/gysfm.com.ar\/inicio\/wp-json\/wp\/v2\/posts"}],"about":[{"href":"https:\/\/gysfm.com.ar\/inicio\/wp-json\/wp\/v2\/types\/post"}],"author":[{"embeddable":true,"href":"https:\/\/gysfm.com.ar\/inicio\/wp-json\/wp\/v2\/users\/2"}],"replies":[{"embeddable":true,"href":"https:\/\/gysfm.com.ar\/inicio\/wp-json\/wp\/v2\/comments?post=194068"}],"version-history":[{"count":1,"href":"https:\/\/gysfm.com.ar\/inicio\/wp-json\/wp\/v2\/posts\/194068\/revisions"}],"predecessor-version":[{"id":194070,"href":"https:\/\/gysfm.com.ar\/inicio\/wp-json\/wp\/v2\/posts\/194068\/revisions\/194070"}],"wp:featuredmedia":[{"embeddable":true,"href":"https:\/\/gysfm.com.ar\/inicio\/wp-json\/wp\/v2\/media\/194069"}],"wp:attachment":[{"href":"https:\/\/gysfm.com.ar\/inicio\/wp-json\/wp\/v2\/media?parent=194068"}],"wp:term":[{"taxonomy":"category","embeddable":true,"href":"https:\/\/gysfm.com.ar\/inicio\/wp-json\/wp\/v2\/categories?post=194068"},{"taxonomy":"post_tag","embeddable":true,"href":"https:\/\/gysfm.com.ar\/inicio\/wp-json\/wp\/v2\/tags?post=194068"}],"curies":[{"name":"wp","href":"https:\/\/api.w.org\/{rel}","templated":true}]}}