{"id":194066,"date":"2026-05-01T08:48:10","date_gmt":"2026-05-01T11:48:10","guid":{"rendered":"https:\/\/gysfm.com.ar\/inicio\/vivir-en-las-redes-la-obsesion-de-javier-milei\/"},"modified":"2026-05-01T08:48:10","modified_gmt":"2026-05-01T11:48:10","slug":"vivir-en-las-redes-la-obsesion-de-javier-milei","status":"publish","type":"post","link":"https:\/\/gysfm.com.ar\/inicio\/vivir-en-las-redes-la-obsesion-de-javier-milei\/","title":{"rendered":"Vivir en las redes: la obsesi\u00f3n de Javier Milei"},"content":{"rendered":"<p><\/p>\n<div id=\"news-body\" style=\"overflow-x: hidden;\">\n<p>En noviembre de 2025, <strong>Javier Milei<\/strong> pas\u00f3 <strong>2 horas y 19 minutos por d\u00eda en \u201cX\u201d<\/strong>, como demuestra un trabajo realizado por el sitio \u201cmilei.nulo.lol\u201d. Si se le sumara <strong>Instagram<\/strong>, la otra red que maneja personalmente el Presidente y de la que es un usuario muy activo \u2014ha tenido jornadas en las que comparte m\u00e1s de <strong>50 historias<\/strong>\u2014, una estimaci\u00f3n t\u00edmida dir\u00eda que al menos habr\u00eda que sumar otra hora m\u00e1s.<\/p>\n<p>Pero el punto es que, desde el ante\u00faltimo mes del a\u00f1o pasado, la <strong>cantidad de minutos del mandatario en \u201cX\u201d<\/strong> no para de aumentar. Para febrero era de <strong>2 horas y 20 minutos<\/strong>, en marzo de <strong>2 horas y 31 minutos<\/strong> y en lo que va de abril lleva un promedio de <strong>2 horas y 48 minutos<\/strong>, llegando incluso a pasar <strong>4 horas y 5 minutos en un d\u00eda<\/strong>, como fue el caso del 2 de ese mes. Es algo parecido a una <strong>adicci\u00f3n<\/strong>.<\/p>\n<p>Y si todas las <strong>dependencias t\u00f3xicas<\/strong> son por definici\u00f3n nocivas, en el caso del libertario y las redes vienen con un problema adicional: en este terreno, donde se pari\u00f3 gran parte del fen\u00f3meno, el <strong>oficialismo viene perdiendo terreno y presencia<\/strong> a ritmo acelerado, entre <strong>esc\u00e1ndalos de corrupci\u00f3n<\/strong>, la <strong>malaria econ\u00f3mica<\/strong> y una <strong>interna sin final<\/strong>. La obsesi\u00f3n del Presidente ni siquiera funciona en su propia arena. El <strong>troll est\u00e1 desnudo<\/strong>. <strong>Milei<\/strong>, y tambi\u00e9n <strong>Santiago Caputo<\/strong>, bien podr\u00edan argumentar que las largas horas que le dedica el libertario a la pantalla de su celular no son simplemente un esparcimiento.<\/p>\n<p><img decoding=\"async\" style=\"max-width: 100%; width: 100%;\" alt=\"Milei en redes\" src=\"https:\/\/fotos.perfil.com\/\/2026\/04\/30\/900\/0\/milei-en-redes-2230943.jpg\"\/><\/p>\n<p>Por un lado, es imposible separar al <strong>fen\u00f3meno libertario del mundo virtual<\/strong>. Si bien la plataforma f\u00edsica desde la cual Milei se hizo conocido fue un panel de televisi\u00f3n, la autopista por la que aceler\u00f3 a toda velocidad hasta el coraz\u00f3n de sus seguidores m\u00e1s fieles \u2014que luego ser\u00edan sus votantes\u2014 fueron las <strong>redes sociales<\/strong>. Los j\u00f3venes que lo empezaron a seguir en el <strong>2018 y 2019<\/strong> no lo ve\u00edan tanto en vivo en <strong>\u201cAnimales Sueltos\u201d<\/strong> o en <strong>\u201cIntratables\u201d<\/strong>: lo consum\u00edan a trav\u00e9s de los clips que llegaban por <strong>Whatsapp, TikTok, Twitter o Instagram<\/strong>. No es para nada exagerado afirmar que Milei fue el <strong>primer producto pol\u00edtico genuino de las redes<\/strong>, el primer exponente del <strong>nuevo paradigma pol\u00edtico<\/strong>, en el que el <strong>algoritmo pesa igual \u2014o m\u00e1s\u2014 que la calle<\/strong>: desde los celulares lleg\u00f3 a las urnas, y no al rev\u00e9s. No es casualidad que su primera candidatura, a diputado en <strong>2021<\/strong>, fuera anunciada en una <strong>transmisi\u00f3n en vivo de Instagram<\/strong>.<\/p>\n<p>Para el arranque de <strong>2023<\/strong>, el a\u00f1o en que se convirti\u00f3 en Presidente, era el <strong>pol\u00edtico argentino con m\u00e1s seguidores en Instagram<\/strong> (por arriba de <strong>Cristina Kirchner<\/strong> y <strong>Mauricio Macri<\/strong>) y ni uno solo de los videos que sub\u00eda <strong>I\u00f1aki Guti\u00e9rrez<\/strong> a su cuenta de <strong>TikTok<\/strong> bajaba del <strong>mill\u00f3n de reproducciones<\/strong>. Incluso m\u00e1s: muchos de los que luego ocuparon posiciones clave en el Gobierno se conocieron gracias a las redes, como gran parte de la c\u00fapula de <strong>\u201clas fuerzas del cielo\u201d<\/strong>.<\/p>\n<p>Entonces, dir\u00edan <strong>Milei<\/strong>, <strong>Caputo<\/strong> o <strong>\u201cEl Gordo Dan\u201d<\/strong>, las redes sociales son la <strong>columna vertebral del fen\u00f3meno<\/strong>. Gracias a ellas llegaron a lugares que de otra manera no hubieran podido, construyeron <strong>sentido y pertenencia<\/strong> sin abrir una unidad b\u00e1sica en cada barrio. Y no solo eso: desde que es Presidente, el libertario las utiliza como una forma de <strong>gobernar<\/strong>. Sea para <strong>insultar a periodistas u opositores<\/strong>, para <strong>expulsar funcionarios<\/strong>, o para <strong>anunciar medidas<\/strong>, gran parte de la <strong>agenda pol\u00edtica<\/strong> se construye desde sus cuentas personales.<\/p>\n<p><img decoding=\"async\" style=\"max-width: 100%; width: 100%;\" alt=\"Milei en redes\" src=\"https:\/\/fotos.perfil.com\/\/2026\/04\/30\/900\/0\/milei-en-redes-2230947.jpg\"\/><\/p>\n<p>El tono de todos los posteos presidenciales es siempre <strong>extremo, violento y soez<\/strong>, siguiendo la regla de oro de <strong>Donald Trump<\/strong>: <em>\u201cNunca hay que ser aburrido\u201d<\/em>. Esa ret\u00f3rica ultra es replicada por sus seguidores, llevando el <strong>di\u00e1logo democr\u00e1tico al l\u00edmite<\/strong>. Como dice <strong>Giuliano da Empoli<\/strong>: estos son los <strong>\u201cingenieros del caos\u201d<\/strong>, que reinventan la propaganda adaptada a las redes sociales, donde el objetivo es el <strong>\u201ccompromiso\u201d<\/strong>, es decir, la <strong>adhesi\u00f3n inmediata<\/strong>. Sin embargo, para <strong>Milei<\/strong> y el Gobierno, las redes dejaron de ser territorio propio. Hoy son un <strong>frente problem\u00e1tico<\/strong>.<\/p>\n<p><strong>Rebeli\u00f3n en la granja<\/strong><\/p>\n<p>Comentarios como los de <strong>@bernardoelmago<\/strong>, <strong>@matilara14<\/strong>, <strong>@vonpaulus<\/strong> o <strong>@patri_schwarz<\/strong> reflejan una tendencia clara: la <strong>mayor\u00eda de las respuestas en \u201cX\u201d son cr\u00edticas<\/strong>. No es percepci\u00f3n: seg\u00fan la consultora <strong>Monitor Digital<\/strong>, la presencia de Milei en redes est\u00e1 en su <strong>piso hist\u00f3rico<\/strong>. Pas\u00f3 de <strong>3,1 millones de acciones en diciembre de 2023<\/strong> a <strong>400 mil en marzo<\/strong>, una ca\u00edda del <strong>87%<\/strong>. Parafraseando a <strong>Ra\u00fal Alfons\u00edn<\/strong>, que hablaba del <strong>\u201cdespoder\u201d<\/strong>, ac\u00e1 el fen\u00f3meno es claro: <strong>tuitear m\u00e1s y pesar menos<\/strong>.<\/p>\n<p><img decoding=\"async\" style=\"max-width: 100%; width: 100%;\" alt=\"Milei en redes\" src=\"https:\/\/fotos.perfil.com\/\/2026\/04\/30\/900\/0\/milei-en-redes-2230951.jpg\"\/><\/p>\n<p>El mismo informe se\u00f1ala un aumento fuerte de la <strong>negatividad<\/strong>: la <strong>Casa Rosada<\/strong> acumul\u00f3 <strong>540 mil menciones con 93% negativas<\/strong>, mientras que <strong>Milei<\/strong> tuvo <strong>830 mil menciones con 89% negativas<\/strong>. Incluso perdi\u00f3 el liderazgo en \u201cX\u201d frente a una sorpresa: <strong>Myriam Bregman<\/strong>. La consultora <strong>Ad Hoc<\/strong> confirma la tendencia: temas como la <strong>inflaci\u00f3n<\/strong> y el <strong>esc\u00e1ndalo de Adorni<\/strong> generaron una conversaci\u00f3n digital mayoritariamente negativa. <strong>Siete de cada diez menciones fueron cr\u00edticas<\/strong>.<\/p>\n<p><strong>Un vicio m\u00e1s<\/strong><\/p>\n<p>El propio <strong>Sean Parker<\/strong>, ex presidente de <strong>Facebook<\/strong>, lo explic\u00f3: las redes generan un <strong>bucle de dopamina<\/strong> basado en la validaci\u00f3n social. <strong>Mark Zuckerberg<\/strong> y otros creadores lo sab\u00edan. Y lo hicieron igual. La pregunta es inevitable: \u00bfhasta d\u00f3nde afecta esto a <strong>Milei<\/strong>? Los datos muestran un Presidente cada vez m\u00e1s <strong>aislado<\/strong>: menos entrevistas, m\u00e1s viajes y menos contacto personal. Seg\u00fan registros, en noviembre recibi\u00f3 solo <strong>29 personas<\/strong> en <strong>Olivos<\/strong>, y en la \u00faltima semana de diciembre, <strong>a nadie<\/strong>.<\/p>\n<p>La ciencia tambi\u00e9n aporta: seg\u00fan la <strong>Sociedad Espa\u00f1ola de Neurolog\u00eda<\/strong>, m\u00e1s de <strong>2 horas diarias en redes<\/strong> aumenta el riesgo de <strong>ansiedad, deterioro cognitivo y problemas de sue\u00f1o<\/strong>. La <strong>Universidad de Oregon<\/strong> agrega que m\u00e1s de <strong>22 accesos diarios<\/strong> duplican la probabilidad de <strong>sentirse solo<\/strong>. Y la <strong>Journal of Affective Disorders<\/strong> vincula el uso problem\u00e1tico con <strong>depresi\u00f3n y ansiedad<\/strong>. Est\u00e1 claro que las redes no explican por s\u00ed solas a <strong>Milei<\/strong>. Pero s\u00ed pueden ser un <strong>acelerador<\/strong>. El celular, como dicen sus seguidores, puede ser un <strong>arma<\/strong>. En este caso, parece estar <strong>volvi\u00e9ndose contra \u00e9l<\/strong>.<\/p>\n<p>\u00a0<\/p>\n<div class=\" d-none \">\n<h3>Galer\u00eda de im\u00e1genes<\/h3>\n<div id=\"gallery-thumbnails\" class=\"bottom-gallery\">\n\t\t\t\t\t\t\t\t\t\t\t\t\t\t\t\t\t\t<a href=\"https:\/\/fotos.perfil.com\/2026\/03\/27\/javier-milei-2210697.jpg\" title=\"Javier Milei | Foto:CEDOC\"><br \/>\n\t\t\t\t\t\t\t\t\t\t<img decoding=\"async\" src=\"https:\/\/fotos.perfil.com\/2026\/03\/27\/cropped\/250\/250\/center\/javier-milei-2210697.jpg\" alt=\"Javier Milei | Foto:CEDOC\"\/><br \/>\n\t\t\t\t\t\t\t\t\t<\/a>\n\t\t\t\t\t\t\t\t\t\t\t\t\t\t\t\t\t<\/div><\/div>\n<p>\t\t\t\t\t\t\t<!-- e-planning v3 - Comienzo espacio _ articulo _ teads --><\/p>\n<p><noscript><a href=\"https:\/\/ads.us.e-planning.net\/ei\/3\/2a6bb\/articulo\/teads?it=i&amp;rnd=$RANDOM\" target=\"_blank\"><img loading=\"lazy\" decoding=\"async\" width=\"1\" height=\"1\" alt=\"e-planning ad\" src=\"https:\/\/ads.us.e-planning.net\/eb\/3\/2a6bb\/articulo\/teads?o=i&amp;rnd=$RANDOM\" border=\"0\"\/><\/a><\/noscript><br \/>\n<!-- e-planning v3 - Fin espacio _ articulo _ teads --><\/p>\n<p><h4>En esta Nota<\/h4>\n<\/p><\/div>\n<p><script>\n\t(function(d, s, id) {\n\t\tvar js, fjs = d.getElementsByTagName(s)[0];\n\t\tif (d.getElementById(id)) return;\n\t\tjs = d.createElement(s); js.id = id;\n\t\tjs.src=\"https:\/\/connect.facebook.net\/es_LA\/sdk.js#xfbml=1&version=v3.2\";\n\t\tfjs.parentNode.insertBefore(js, fjs);\n\t}(document, 'script', 'facebook-jssdk'));\n<\/script><\/p>\n","protected":false},"excerpt":{"rendered":"<p>En noviembre de 2025, Javier Milei pas\u00f3 2 horas y 19 minutos por d\u00eda en \u201cX\u201d, como demuestra un trabajo realizado por el sitio \u201cmilei.nulo.lol\u201d. Si se le sumara Instagram, la otra red que maneja personalmente el Presidente y de la que es un usuario muy activo \u2014ha tenido jornadas en las que comparte m\u00e1s [&hellip;]<\/p>\n","protected":false},"author":2,"featured_media":194067,"comment_status":"closed","ping_status":"closed","sticky":false,"template":"","format":"standard","meta":{"footnotes":""},"categories":[25],"tags":[],"class_list":["post-194066","post","type-post","status-publish","format-standard","has-post-thumbnail","hentry","category-nacionales"],"yoast_head":"<!-- This site is optimized with the Yoast SEO plugin v24.4 - https:\/\/yoast.com\/wordpress\/plugins\/seo\/ -->\n<title>Vivir en las redes: la obsesi\u00f3n de Javier Milei - GYS NOTICIAS |<\/title>\n<meta name=\"robots\" content=\"index, follow, max-snippet:-1, max-image-preview:large, max-video-preview:-1\" \/>\n<link rel=\"canonical\" href=\"https:\/\/gysfm.com.ar\/inicio\/vivir-en-las-redes-la-obsesion-de-javier-milei\/\" \/>\n<meta property=\"og:locale\" content=\"es_ES\" \/>\n<meta property=\"og:type\" content=\"article\" \/>\n<meta property=\"og:title\" content=\"Vivir en las redes: la obsesi\u00f3n de Javier Milei - GYS NOTICIAS |\" \/>\n<meta property=\"og:description\" content=\"En noviembre de 2025, Javier Milei pas\u00f3 2 horas y 19 minutos por d\u00eda en \u201cX\u201d, como demuestra un trabajo realizado por el sitio \u201cmilei.nulo.lol\u201d. Si se le sumara Instagram, la otra red que maneja personalmente el Presidente y de la que es un usuario muy activo \u2014ha tenido jornadas en las que comparte m\u00e1s [&hellip;]\" \/>\n<meta property=\"og:url\" content=\"https:\/\/gysfm.com.ar\/inicio\/vivir-en-las-redes-la-obsesion-de-javier-milei\/\" \/>\n<meta property=\"og:site_name\" content=\"GYS NOTICIAS |\" \/>\n<meta property=\"article:published_time\" content=\"2026-05-01T11:48:10+00:00\" \/>\n<meta property=\"og:image\" content=\"https:\/\/fotos.perfil.com\/\/2026\/04\/30\/900\/0\/milei-en-redes-2230943.jpg\" \/>\n<meta name=\"author\" content=\"Prensa G&amp;S FM\" \/>\n<meta name=\"twitter:card\" content=\"summary_large_image\" \/>\n<meta name=\"twitter:label1\" content=\"Escrito por\" \/>\n\t<meta name=\"twitter:data1\" content=\"Prensa G&amp;S FM\" \/>\n\t<meta name=\"twitter:label2\" content=\"Tiempo de lectura\" \/>\n\t<meta name=\"twitter:data2\" content=\"5 minutos\" \/>\n<script type=\"application\/ld+json\" class=\"yoast-schema-graph\">{\"@context\":\"https:\/\/schema.org\",\"@graph\":[{\"@type\":\"Article\",\"@id\":\"https:\/\/gysfm.com.ar\/inicio\/vivir-en-las-redes-la-obsesion-de-javier-milei\/#article\",\"isPartOf\":{\"@id\":\"https:\/\/gysfm.com.ar\/inicio\/vivir-en-las-redes-la-obsesion-de-javier-milei\/\"},\"author\":{\"name\":\"Prensa G&amp;S FM\",\"@id\":\"https:\/\/gysfm.com.ar\/inicio\/#\/schema\/person\/3abba7593ef2ad19e1be221d54383dc5\"},\"headline\":\"Vivir en las redes: la obsesi\u00f3n de Javier Milei\",\"datePublished\":\"2026-05-01T11:48:10+00:00\",\"mainEntityOfPage\":{\"@id\":\"https:\/\/gysfm.com.ar\/inicio\/vivir-en-las-redes-la-obsesion-de-javier-milei\/\"},\"wordCount\":1080,\"publisher\":{\"@id\":\"https:\/\/gysfm.com.ar\/inicio\/#organization\"},\"image\":{\"@id\":\"https:\/\/gysfm.com.ar\/inicio\/vivir-en-las-redes-la-obsesion-de-javier-milei\/#primaryimage\"},\"thumbnailUrl\":\"https:\/\/gysfm.com.ar\/inicio\/wp-content\/uploads\/2026\/05\/javier-milei-2210697.jpg\",\"articleSection\":[\"NACIONALES\"],\"inLanguage\":\"es\"},{\"@type\":\"WebPage\",\"@id\":\"https:\/\/gysfm.com.ar\/inicio\/vivir-en-las-redes-la-obsesion-de-javier-milei\/\",\"url\":\"https:\/\/gysfm.com.ar\/inicio\/vivir-en-las-redes-la-obsesion-de-javier-milei\/\",\"name\":\"Vivir en las redes: la obsesi\u00f3n de Javier Milei - GYS NOTICIAS |\",\"isPartOf\":{\"@id\":\"https:\/\/gysfm.com.ar\/inicio\/#website\"},\"primaryImageOfPage\":{\"@id\":\"https:\/\/gysfm.com.ar\/inicio\/vivir-en-las-redes-la-obsesion-de-javier-milei\/#primaryimage\"},\"image\":{\"@id\":\"https:\/\/gysfm.com.ar\/inicio\/vivir-en-las-redes-la-obsesion-de-javier-milei\/#primaryimage\"},\"thumbnailUrl\":\"https:\/\/gysfm.com.ar\/inicio\/wp-content\/uploads\/2026\/05\/javier-milei-2210697.jpg\",\"datePublished\":\"2026-05-01T11:48:10+00:00\",\"breadcrumb\":{\"@id\":\"https:\/\/gysfm.com.ar\/inicio\/vivir-en-las-redes-la-obsesion-de-javier-milei\/#breadcrumb\"},\"inLanguage\":\"es\",\"potentialAction\":[{\"@type\":\"ReadAction\",\"target\":[\"https:\/\/gysfm.com.ar\/inicio\/vivir-en-las-redes-la-obsesion-de-javier-milei\/\"]}]},{\"@type\":\"ImageObject\",\"inLanguage\":\"es\",\"@id\":\"https:\/\/gysfm.com.ar\/inicio\/vivir-en-las-redes-la-obsesion-de-javier-milei\/#primaryimage\",\"url\":\"https:\/\/gysfm.com.ar\/inicio\/wp-content\/uploads\/2026\/05\/javier-milei-2210697.jpg\",\"contentUrl\":\"https:\/\/gysfm.com.ar\/inicio\/wp-content\/uploads\/2026\/05\/javier-milei-2210697.jpg\",\"width\":1280,\"height\":720},{\"@type\":\"BreadcrumbList\",\"@id\":\"https:\/\/gysfm.com.ar\/inicio\/vivir-en-las-redes-la-obsesion-de-javier-milei\/#breadcrumb\",\"itemListElement\":[{\"@type\":\"ListItem\",\"position\":1,\"name\":\"Portada\",\"item\":\"https:\/\/gysfm.com.ar\/inicio\/\"},{\"@type\":\"ListItem\",\"position\":2,\"name\":\"Vivir en las redes: la obsesi\u00f3n de Javier Milei\"}]},{\"@type\":\"WebSite\",\"@id\":\"https:\/\/gysfm.com.ar\/inicio\/#website\",\"url\":\"https:\/\/gysfm.com.ar\/inicio\/\",\"name\":\"GYS NOTICIAS |\",\"description\":\"DIARIO - RADIO ONLINE SAN JUAN ARGENTINA\",\"publisher\":{\"@id\":\"https:\/\/gysfm.com.ar\/inicio\/#organization\"},\"potentialAction\":[{\"@type\":\"SearchAction\",\"target\":{\"@type\":\"EntryPoint\",\"urlTemplate\":\"https:\/\/gysfm.com.ar\/inicio\/?s={search_term_string}\"},\"query-input\":{\"@type\":\"PropertyValueSpecification\",\"valueRequired\":true,\"valueName\":\"search_term_string\"}}],\"inLanguage\":\"es\"},{\"@type\":\"Organization\",\"@id\":\"https:\/\/gysfm.com.ar\/inicio\/#organization\",\"name\":\"GYS NOTICIAS |\",\"url\":\"https:\/\/gysfm.com.ar\/inicio\/\",\"logo\":{\"@type\":\"ImageObject\",\"inLanguage\":\"es\",\"@id\":\"https:\/\/gysfm.com.ar\/inicio\/#\/schema\/logo\/image\/\",\"url\":\"https:\/\/gysfm.com.ar\/inicio\/wp-content\/uploads\/2023\/07\/LOGOGYS-OK.png\",\"contentUrl\":\"https:\/\/gysfm.com.ar\/inicio\/wp-content\/uploads\/2023\/07\/LOGOGYS-OK.png\",\"width\":1170,\"height\":872,\"caption\":\"GYS NOTICIAS |\"},\"image\":{\"@id\":\"https:\/\/gysfm.com.ar\/inicio\/#\/schema\/logo\/image\/\"}},{\"@type\":\"Person\",\"@id\":\"https:\/\/gysfm.com.ar\/inicio\/#\/schema\/person\/3abba7593ef2ad19e1be221d54383dc5\",\"name\":\"Prensa G&amp;S FM\",\"image\":{\"@type\":\"ImageObject\",\"inLanguage\":\"es\",\"@id\":\"https:\/\/gysfm.com.ar\/inicio\/#\/schema\/person\/image\/\",\"url\":\"https:\/\/secure.gravatar.com\/avatar\/096ec78df02049ab018702bb4ccedf659377fa92a26540b5247612077a0dbd29?s=96&d=mm&r=g\",\"contentUrl\":\"https:\/\/secure.gravatar.com\/avatar\/096ec78df02049ab018702bb4ccedf659377fa92a26540b5247612077a0dbd29?s=96&d=mm&r=g\",\"caption\":\"Prensa G&amp;S FM\"},\"sameAs\":[\"https:\/\/gysfm.com.ar\/\"],\"url\":\"https:\/\/gysfm.com.ar\/inicio\/author\/lucasm\/\"}]}<\/script>\n<!-- \/ Yoast SEO plugin. -->","yoast_head_json":{"title":"Vivir en las redes: la obsesi\u00f3n de Javier Milei - GYS NOTICIAS |","robots":{"index":"index","follow":"follow","max-snippet":"max-snippet:-1","max-image-preview":"max-image-preview:large","max-video-preview":"max-video-preview:-1"},"canonical":"https:\/\/gysfm.com.ar\/inicio\/vivir-en-las-redes-la-obsesion-de-javier-milei\/","og_locale":"es_ES","og_type":"article","og_title":"Vivir en las redes: la obsesi\u00f3n de Javier Milei - GYS NOTICIAS |","og_description":"En noviembre de 2025, Javier Milei pas\u00f3 2 horas y 19 minutos por d\u00eda en \u201cX\u201d, como demuestra un trabajo realizado por el sitio \u201cmilei.nulo.lol\u201d. Si se le sumara Instagram, la otra red que maneja personalmente el Presidente y de la que es un usuario muy activo \u2014ha tenido jornadas en las que comparte m\u00e1s [&hellip;]","og_url":"https:\/\/gysfm.com.ar\/inicio\/vivir-en-las-redes-la-obsesion-de-javier-milei\/","og_site_name":"GYS NOTICIAS |","article_published_time":"2026-05-01T11:48:10+00:00","og_image":[{"url":"https:\/\/fotos.perfil.com\/\/2026\/04\/30\/900\/0\/milei-en-redes-2230943.jpg","type":"","width":"","height":""}],"author":"Prensa G&amp;S FM","twitter_card":"summary_large_image","twitter_misc":{"Escrito por":"Prensa G&amp;S FM","Tiempo de lectura":"5 minutos"},"schema":{"@context":"https:\/\/schema.org","@graph":[{"@type":"Article","@id":"https:\/\/gysfm.com.ar\/inicio\/vivir-en-las-redes-la-obsesion-de-javier-milei\/#article","isPartOf":{"@id":"https:\/\/gysfm.com.ar\/inicio\/vivir-en-las-redes-la-obsesion-de-javier-milei\/"},"author":{"name":"Prensa G&amp;S FM","@id":"https:\/\/gysfm.com.ar\/inicio\/#\/schema\/person\/3abba7593ef2ad19e1be221d54383dc5"},"headline":"Vivir en las redes: la obsesi\u00f3n de Javier Milei","datePublished":"2026-05-01T11:48:10+00:00","mainEntityOfPage":{"@id":"https:\/\/gysfm.com.ar\/inicio\/vivir-en-las-redes-la-obsesion-de-javier-milei\/"},"wordCount":1080,"publisher":{"@id":"https:\/\/gysfm.com.ar\/inicio\/#organization"},"image":{"@id":"https:\/\/gysfm.com.ar\/inicio\/vivir-en-las-redes-la-obsesion-de-javier-milei\/#primaryimage"},"thumbnailUrl":"https:\/\/gysfm.com.ar\/inicio\/wp-content\/uploads\/2026\/05\/javier-milei-2210697.jpg","articleSection":["NACIONALES"],"inLanguage":"es"},{"@type":"WebPage","@id":"https:\/\/gysfm.com.ar\/inicio\/vivir-en-las-redes-la-obsesion-de-javier-milei\/","url":"https:\/\/gysfm.com.ar\/inicio\/vivir-en-las-redes-la-obsesion-de-javier-milei\/","name":"Vivir en las redes: la obsesi\u00f3n de Javier Milei - GYS NOTICIAS |","isPartOf":{"@id":"https:\/\/gysfm.com.ar\/inicio\/#website"},"primaryImageOfPage":{"@id":"https:\/\/gysfm.com.ar\/inicio\/vivir-en-las-redes-la-obsesion-de-javier-milei\/#primaryimage"},"image":{"@id":"https:\/\/gysfm.com.ar\/inicio\/vivir-en-las-redes-la-obsesion-de-javier-milei\/#primaryimage"},"thumbnailUrl":"https:\/\/gysfm.com.ar\/inicio\/wp-content\/uploads\/2026\/05\/javier-milei-2210697.jpg","datePublished":"2026-05-01T11:48:10+00:00","breadcrumb":{"@id":"https:\/\/gysfm.com.ar\/inicio\/vivir-en-las-redes-la-obsesion-de-javier-milei\/#breadcrumb"},"inLanguage":"es","potentialAction":[{"@type":"ReadAction","target":["https:\/\/gysfm.com.ar\/inicio\/vivir-en-las-redes-la-obsesion-de-javier-milei\/"]}]},{"@type":"ImageObject","inLanguage":"es","@id":"https:\/\/gysfm.com.ar\/inicio\/vivir-en-las-redes-la-obsesion-de-javier-milei\/#primaryimage","url":"https:\/\/gysfm.com.ar\/inicio\/wp-content\/uploads\/2026\/05\/javier-milei-2210697.jpg","contentUrl":"https:\/\/gysfm.com.ar\/inicio\/wp-content\/uploads\/2026\/05\/javier-milei-2210697.jpg","width":1280,"height":720},{"@type":"BreadcrumbList","@id":"https:\/\/gysfm.com.ar\/inicio\/vivir-en-las-redes-la-obsesion-de-javier-milei\/#breadcrumb","itemListElement":[{"@type":"ListItem","position":1,"name":"Portada","item":"https:\/\/gysfm.com.ar\/inicio\/"},{"@type":"ListItem","position":2,"name":"Vivir en las redes: la obsesi\u00f3n de Javier Milei"}]},{"@type":"WebSite","@id":"https:\/\/gysfm.com.ar\/inicio\/#website","url":"https:\/\/gysfm.com.ar\/inicio\/","name":"GYS NOTICIAS |","description":"DIARIO - RADIO ONLINE SAN JUAN ARGENTINA","publisher":{"@id":"https:\/\/gysfm.com.ar\/inicio\/#organization"},"potentialAction":[{"@type":"SearchAction","target":{"@type":"EntryPoint","urlTemplate":"https:\/\/gysfm.com.ar\/inicio\/?s={search_term_string}"},"query-input":{"@type":"PropertyValueSpecification","valueRequired":true,"valueName":"search_term_string"}}],"inLanguage":"es"},{"@type":"Organization","@id":"https:\/\/gysfm.com.ar\/inicio\/#organization","name":"GYS NOTICIAS |","url":"https:\/\/gysfm.com.ar\/inicio\/","logo":{"@type":"ImageObject","inLanguage":"es","@id":"https:\/\/gysfm.com.ar\/inicio\/#\/schema\/logo\/image\/","url":"https:\/\/gysfm.com.ar\/inicio\/wp-content\/uploads\/2023\/07\/LOGOGYS-OK.png","contentUrl":"https:\/\/gysfm.com.ar\/inicio\/wp-content\/uploads\/2023\/07\/LOGOGYS-OK.png","width":1170,"height":872,"caption":"GYS NOTICIAS |"},"image":{"@id":"https:\/\/gysfm.com.ar\/inicio\/#\/schema\/logo\/image\/"}},{"@type":"Person","@id":"https:\/\/gysfm.com.ar\/inicio\/#\/schema\/person\/3abba7593ef2ad19e1be221d54383dc5","name":"Prensa G&amp;S FM","image":{"@type":"ImageObject","inLanguage":"es","@id":"https:\/\/gysfm.com.ar\/inicio\/#\/schema\/person\/image\/","url":"https:\/\/secure.gravatar.com\/avatar\/096ec78df02049ab018702bb4ccedf659377fa92a26540b5247612077a0dbd29?s=96&d=mm&r=g","contentUrl":"https:\/\/secure.gravatar.com\/avatar\/096ec78df02049ab018702bb4ccedf659377fa92a26540b5247612077a0dbd29?s=96&d=mm&r=g","caption":"Prensa G&amp;S FM"},"sameAs":["https:\/\/gysfm.com.ar\/"],"url":"https:\/\/gysfm.com.ar\/inicio\/author\/lucasm\/"}]}},"_links":{"self":[{"href":"https:\/\/gysfm.com.ar\/inicio\/wp-json\/wp\/v2\/posts\/194066","targetHints":{"allow":["GET"]}}],"collection":[{"href":"https:\/\/gysfm.com.ar\/inicio\/wp-json\/wp\/v2\/posts"}],"about":[{"href":"https:\/\/gysfm.com.ar\/inicio\/wp-json\/wp\/v2\/types\/post"}],"author":[{"embeddable":true,"href":"https:\/\/gysfm.com.ar\/inicio\/wp-json\/wp\/v2\/users\/2"}],"replies":[{"embeddable":true,"href":"https:\/\/gysfm.com.ar\/inicio\/wp-json\/wp\/v2\/comments?post=194066"}],"version-history":[{"count":0,"href":"https:\/\/gysfm.com.ar\/inicio\/wp-json\/wp\/v2\/posts\/194066\/revisions"}],"wp:featuredmedia":[{"embeddable":true,"href":"https:\/\/gysfm.com.ar\/inicio\/wp-json\/wp\/v2\/media\/194067"}],"wp:attachment":[{"href":"https:\/\/gysfm.com.ar\/inicio\/wp-json\/wp\/v2\/media?parent=194066"}],"wp:term":[{"taxonomy":"category","embeddable":true,"href":"https:\/\/gysfm.com.ar\/inicio\/wp-json\/wp\/v2\/categories?post=194066"},{"taxonomy":"post_tag","embeddable":true,"href":"https:\/\/gysfm.com.ar\/inicio\/wp-json\/wp\/v2\/tags?post=194066"}],"curies":[{"name":"wp","href":"https:\/\/api.w.org\/{rel}","templated":true}]}}