{"id":194064,"date":"2026-05-01T08:17:24","date_gmt":"2026-05-01T11:17:24","guid":{"rendered":"https:\/\/gysfm.com.ar\/inicio\/el-smn-levanto-el-paro-y-lo-reemplazo-por-protestas\/"},"modified":"2026-05-01T08:17:24","modified_gmt":"2026-05-01T11:17:24","slug":"el-smn-levanto-el-paro-y-lo-reemplazo-por-protestas","status":"publish","type":"post","link":"https:\/\/gysfm.com.ar\/inicio\/el-smn-levanto-el-paro-y-lo-reemplazo-por-protestas\/","title":{"rendered":"El SMN levant\u00f3 el paro y lo reemplaz\u00f3 por protestas"},"content":{"rendered":"<p><\/p>\n<div id=\"article-content\">\n<p>El conflicto en <strong><a target=\"_blank\" href=\"https:\/\/www.perfil.com\/noticias\/cordoba\/correo-argentino-despidio-a-casi-100-trabajadores-en-cordoba-y-una-denuncia-por-traslado-clandestino-de-paquetes.phtml\">el Servicio Meteorol\u00f3gico Nacional (SMN)<\/a> <\/strong>sum\u00f3 este jueves un nuevo cap\u00edtulo, luego de que <strong><a target=\"_blank\" href=\"https:\/\/www.perfil.com\/noticias\/cordoba\/correo-argentino-despidio-a-casi-100-trabajadores-en-cordoba-y-una-denuncia-por-traslado-clandestino-de-paquetes.phtml\">la Asociaci\u00f3n Trabajadores del Estado (ATE)<\/a> <\/strong>resolviera suspender el paro previsto y reemplazarlo por una jornada de protestas con asambleas. La decisi\u00f3n desactiv\u00f3 el impacto que la medida iba a tener en los aeropuertos, por lo que<strong> los vuelos operan con normalidad.<\/strong><\/p>\n<p class=\"destacadoNota\"><a target=\"_blank\" href=\"https:\/\/www.perfil.com\/noticias\/cordoba\/dia-del-trabajador-como-sera-el-esquema-de-servicios-en-cordoba-para-el-1-de-mayo.phtml\">D\u00eda del Trabajador: este 1 de mayo no habr\u00e1 transporte urbano en C\u00f3rdoba<\/a><\/p>\n<p>El gremio estatal hab\u00eda anunciado una huelga en rechazo a los recortes de personal impulsados por <strong>el Gobierno nacional<\/strong>, lo que generaba preocupaci\u00f3n en el sector aerocomercial por la importancia de los datos meteorol\u00f3gicos en la seguridad de los vuelos.<\/p>\n<div class=\"subscription\">\n<p>\n        Esto no les gusta a los autoritarios\n    <\/p>\n<div class=\"subscription__container\">\n<div class=\"subscription__text-wrapper\">\n<p>\n                El ejercicio del periodismo profesional y cr\u00edtico es un pilar fundamental de la democracia. Por eso molesta a quienes creen ser los due\u00f1os de la verdad.\n            <\/p>\n<\/p><\/div><\/div>\n<\/div>\n<h2><strong>Servicio Meteorol\u00f3gico: por qu\u00e9 se levant\u00f3 el paro y se reemplaz\u00f3 por protestas<\/strong><\/h2>\n<p>La medida de fuerza fue reformulada tras un pedido interno de trabajadores del organismo, especialmente del cuerpo de meteor\u00f3logos, que plante\u00f3 evitar la interrupci\u00f3n total del servicio. Tambi\u00e9n influy\u00f3 el temor a nuevas desvinculaciones en un contexto de creciente incertidumbre laboral.<\/p>\n<p>En lugar del paro, la jornada incluye asambleas, ruidazos y reclamos para exigir respuestas a las autoridades.<\/p>\n<h2><strong>Despidos en el Servicio Meteorol\u00f3gico Nacional: cu\u00e1ntos trabajadores fueron afectados<\/strong><\/h2>\n<p>El conflicto se origin\u00f3 a partir del despido de unos<strong> 140 trabajadores del SMN<\/strong>, organismo que depende del Ministerio de Defensa. Las cesant\u00edas se enmarcan en el plan de ajuste y reestructuraci\u00f3n del<strong> Estado impulsado por el Gobierno<\/strong>.<\/p>\n<p>Desde ATE advirtieron que podr\u00edan producirse m\u00e1s despidos en los pr\u00f3ximos d\u00edas. En su mayor\u00eda, los afectados eran monotributistas, por lo que no cuentan con indemnizaci\u00f3n.<\/p>\n<p style=\"text-align:center\"><picture><source media=\"(max-width: 440px)\" srcset=\"https:\/\/fotos.perfil.com\/\/2026\/04\/15\/440\/0\/servicio-meteorologico-nacional-20260415-2221376.jpg?webp\"\/><source media=\"(max-width: 1019px)\" srcset=\"https:\/\/fotos.perfil.com\/\/2026\/04\/15\/712\/0\/servicio-meteorologico-nacional-20260415-2221376.jpg?webp\"\/><img decoding=\"async\" style=\"max-width: 100%; width: 100%;\" alt=\"Servicio Meteorol\u00f3gico Nacional 20260415\" src=\"https:\/\/fotos.perfil.com\/\/2026\/04\/15\/900\/0\/servicio-meteorologico-nacional-20260415-2221376.jpg?webp\" loading=\"lazy\"\/><\/picture><\/p>\n<p>El SMN cumple un rol clave en la provisi\u00f3n de datos clim\u00e1ticos para la aviaci\u00f3n comercial. Sin esta informaci\u00f3n, las operaciones a\u00e9reas pueden verse comprometidas.<\/p>\n<p>D\u00edas atr\u00e1s, un<strong> \u201capag\u00f3n meteorol\u00f3gico\u201d<\/strong> gener\u00f3 restricciones en aeropuertos, lo que reforz\u00f3 la advertencia de los trabajadores: sin datos meteorol\u00f3gicos, no hay vuelos. En este contexto, la suspensi\u00f3n del paro evit\u00f3 nuevas complicaciones y permiti\u00f3 mantener la normalidad en los servicios.<\/p>\n<h2><strong>Recortes y modernizaci\u00f3n: qu\u00e9 dice el Gobierno sobre el Servicio Meteorol\u00f3gico<\/strong><\/h2>\n<p>El ministro de Desregulaci\u00f3n, Federico Sturzenegger, defendi\u00f3 los recortes al sostener que el organismo tiene una estructura sobredimensionada frente a los avances tecnol\u00f3gicos.<\/p>\n<p class=\"destacadoNota\"><a target=\"_blank\" href=\"https:\/\/www.perfil.com\/noticias\/sociedad\/marcha-de-la-cgt-a-plaza-de-mayo-cortes-columnas-y-operativo-de-seguridad-en-el-centro-porteno.phtml\">D\u00eda del Trabajador: a qu\u00e9 hora es la marcha de la CGT y qu\u00e9 calles estar\u00e1n cortadas en CABA<\/a><\/p>\n<p>Seg\u00fan explic\u00f3, muchas estaciones meteorol\u00f3gicas funcionan con sistemas antiguos y requieren recolecci\u00f3n manual de datos, lo que \u2014a su entender\u2014 deber\u00eda ser reemplazado por tecnolog\u00eda automatizada m\u00e1s eficiente.<\/p>\n<h2><strong>Respuesta de ATE: denuncian vaciamiento del Servicio Meteorol\u00f3gico<\/strong><\/h2>\n<p>Desde<strong> la Asociaci\u00f3n Trabajadores del Estado<\/strong> rechazaron los argumentos oficiales y denunciaron un proceso de vaciamiento. El secretario general, Rodolfo Aguiar, asegur\u00f3 que los datos difundidos por el Gobierno son incorrectos.<\/p>\n<p>El gremio advirti\u00f3 que los recortes afectan servicios esenciales como las alertas tempranas, la navegaci\u00f3n mar\u00edtima y la actividad agropecuaria, adem\u00e1s de poner en riesgo la seguridad operacional.<\/p>\n<h2><strong>Conflicto en el SMN: qu\u00e9 puede pasar en los pr\u00f3ximos d\u00edas<\/strong><\/h2>\n<p>Aunque el paro fue levantado, el conflicto sigue abierto. Los trabajadores reclaman la reincorporaci\u00f3n de los despedidos y la apertura de una mesa de di\u00e1logo.<\/p>\n<p>Desde ATE no descartan nuevas medidas de fuerza si no hay respuestas oficiales, lo que mantiene en alerta a un organismo clave para el funcionamiento de m\u00faltiples actividades en el pa\u00eds.<\/p>\n<p>LV\/ff<\/p>\n<\/p><\/div>\n<p><script>\n                !function(f,b,e,v,n,t,s)\n                {if(f.fbq)return;n=f.fbq=function(){n.callMethod?\n                    n.callMethod.apply(n,arguments):n.queue.push(arguments)};\n                    if(!f._fbq)f._fbq=n;n.push=n;n.loaded=!0;n.version='2.0';\n                    n.queue=[];t=b.createElement(e);t.async=!0;\n                    t.src=v;s=b.getElementsByTagName(e)[0];\n                    s.parentNode.insertBefore(t,s)}(window, document,'script',\n                    'https:\/\/connect.facebook.net\/en_US\/fbevents.js');\n                window.paywallConfig.facebook_pixel=\"1000228364089342\"\n            <\/script><\/p>\n","protected":false},"excerpt":{"rendered":"<p>El conflicto en el Servicio Meteorol\u00f3gico Nacional (SMN) sum\u00f3 este jueves un nuevo cap\u00edtulo, luego de que la Asociaci\u00f3n Trabajadores del Estado (ATE) resolviera suspender el paro previsto y reemplazarlo por una jornada de protestas con asambleas. La decisi\u00f3n desactiv\u00f3 el impacto que la medida iba a tener en los aeropuertos, por lo que los [&hellip;]<\/p>\n","protected":false},"author":2,"featured_media":194065,"comment_status":"closed","ping_status":"closed","sticky":false,"template":"","format":"standard","meta":{"footnotes":""},"categories":[25],"tags":[],"class_list":["post-194064","post","type-post","status-publish","format-standard","has-post-thumbnail","hentry","category-nacionales"],"yoast_head":"<!-- This site is optimized with the Yoast SEO plugin v24.4 - https:\/\/yoast.com\/wordpress\/plugins\/seo\/ -->\n<title>El SMN levant\u00f3 el paro y lo reemplaz\u00f3 por protestas - GYS NOTICIAS |<\/title>\n<meta name=\"robots\" content=\"index, follow, max-snippet:-1, max-image-preview:large, max-video-preview:-1\" \/>\n<link rel=\"canonical\" href=\"https:\/\/gysfm.com.ar\/inicio\/el-smn-levanto-el-paro-y-lo-reemplazo-por-protestas\/\" \/>\n<meta property=\"og:locale\" content=\"es_ES\" \/>\n<meta property=\"og:type\" content=\"article\" \/>\n<meta property=\"og:title\" content=\"El SMN levant\u00f3 el paro y lo reemplaz\u00f3 por protestas - GYS NOTICIAS |\" \/>\n<meta property=\"og:description\" content=\"El conflicto en el Servicio Meteorol\u00f3gico Nacional (SMN) sum\u00f3 este jueves un nuevo cap\u00edtulo, luego de que la Asociaci\u00f3n Trabajadores del Estado (ATE) resolviera suspender el paro previsto y reemplazarlo por una jornada de protestas con asambleas. La decisi\u00f3n desactiv\u00f3 el impacto que la medida iba a tener en los aeropuertos, por lo que los [&hellip;]\" \/>\n<meta property=\"og:url\" content=\"https:\/\/gysfm.com.ar\/inicio\/el-smn-levanto-el-paro-y-lo-reemplazo-por-protestas\/\" \/>\n<meta property=\"og:site_name\" content=\"GYS NOTICIAS |\" \/>\n<meta property=\"article:published_time\" content=\"2026-05-01T11:17:24+00:00\" \/>\n<meta property=\"og:image\" content=\"https:\/\/fotos.perfil.com\/\/2026\/04\/15\/900\/0\/servicio-meteorologico-nacional-20260415-2221376.jpg?webp\" \/>\n<meta name=\"author\" content=\"Prensa G&amp;S FM\" \/>\n<meta name=\"twitter:card\" content=\"summary_large_image\" \/>\n<meta name=\"twitter:label1\" content=\"Escrito por\" \/>\n\t<meta name=\"twitter:data1\" content=\"Prensa G&amp;S FM\" \/>\n\t<meta name=\"twitter:label2\" content=\"Tiempo de lectura\" \/>\n\t<meta name=\"twitter:data2\" content=\"3 minutos\" \/>\n<script type=\"application\/ld+json\" class=\"yoast-schema-graph\">{\"@context\":\"https:\/\/schema.org\",\"@graph\":[{\"@type\":\"Article\",\"@id\":\"https:\/\/gysfm.com.ar\/inicio\/el-smn-levanto-el-paro-y-lo-reemplazo-por-protestas\/#article\",\"isPartOf\":{\"@id\":\"https:\/\/gysfm.com.ar\/inicio\/el-smn-levanto-el-paro-y-lo-reemplazo-por-protestas\/\"},\"author\":{\"name\":\"Prensa G&amp;S FM\",\"@id\":\"https:\/\/gysfm.com.ar\/inicio\/#\/schema\/person\/3abba7593ef2ad19e1be221d54383dc5\"},\"headline\":\"El SMN levant\u00f3 el paro y lo reemplaz\u00f3 por protestas\",\"datePublished\":\"2026-05-01T11:17:24+00:00\",\"mainEntityOfPage\":{\"@id\":\"https:\/\/gysfm.com.ar\/inicio\/el-smn-levanto-el-paro-y-lo-reemplazo-por-protestas\/\"},\"wordCount\":640,\"publisher\":{\"@id\":\"https:\/\/gysfm.com.ar\/inicio\/#organization\"},\"image\":{\"@id\":\"https:\/\/gysfm.com.ar\/inicio\/el-smn-levanto-el-paro-y-lo-reemplazo-por-protestas\/#primaryimage\"},\"thumbnailUrl\":\"https:\/\/gysfm.com.ar\/inicio\/wp-content\/uploads\/2026\/05\/servicio-meteorologico-nacional-20260415-2221377.jpg\",\"articleSection\":[\"NACIONALES\"],\"inLanguage\":\"es\"},{\"@type\":\"WebPage\",\"@id\":\"https:\/\/gysfm.com.ar\/inicio\/el-smn-levanto-el-paro-y-lo-reemplazo-por-protestas\/\",\"url\":\"https:\/\/gysfm.com.ar\/inicio\/el-smn-levanto-el-paro-y-lo-reemplazo-por-protestas\/\",\"name\":\"El SMN levant\u00f3 el paro y lo reemplaz\u00f3 por protestas - GYS NOTICIAS |\",\"isPartOf\":{\"@id\":\"https:\/\/gysfm.com.ar\/inicio\/#website\"},\"primaryImageOfPage\":{\"@id\":\"https:\/\/gysfm.com.ar\/inicio\/el-smn-levanto-el-paro-y-lo-reemplazo-por-protestas\/#primaryimage\"},\"image\":{\"@id\":\"https:\/\/gysfm.com.ar\/inicio\/el-smn-levanto-el-paro-y-lo-reemplazo-por-protestas\/#primaryimage\"},\"thumbnailUrl\":\"https:\/\/gysfm.com.ar\/inicio\/wp-content\/uploads\/2026\/05\/servicio-meteorologico-nacional-20260415-2221377.jpg\",\"datePublished\":\"2026-05-01T11:17:24+00:00\",\"breadcrumb\":{\"@id\":\"https:\/\/gysfm.com.ar\/inicio\/el-smn-levanto-el-paro-y-lo-reemplazo-por-protestas\/#breadcrumb\"},\"inLanguage\":\"es\",\"potentialAction\":[{\"@type\":\"ReadAction\",\"target\":[\"https:\/\/gysfm.com.ar\/inicio\/el-smn-levanto-el-paro-y-lo-reemplazo-por-protestas\/\"]}]},{\"@type\":\"ImageObject\",\"inLanguage\":\"es\",\"@id\":\"https:\/\/gysfm.com.ar\/inicio\/el-smn-levanto-el-paro-y-lo-reemplazo-por-protestas\/#primaryimage\",\"url\":\"https:\/\/gysfm.com.ar\/inicio\/wp-content\/uploads\/2026\/05\/servicio-meteorologico-nacional-20260415-2221377.jpg\",\"contentUrl\":\"https:\/\/gysfm.com.ar\/inicio\/wp-content\/uploads\/2026\/05\/servicio-meteorologico-nacional-20260415-2221377.jpg\",\"width\":1140,\"height\":641},{\"@type\":\"BreadcrumbList\",\"@id\":\"https:\/\/gysfm.com.ar\/inicio\/el-smn-levanto-el-paro-y-lo-reemplazo-por-protestas\/#breadcrumb\",\"itemListElement\":[{\"@type\":\"ListItem\",\"position\":1,\"name\":\"Portada\",\"item\":\"https:\/\/gysfm.com.ar\/inicio\/\"},{\"@type\":\"ListItem\",\"position\":2,\"name\":\"El SMN levant\u00f3 el paro y lo reemplaz\u00f3 por protestas\"}]},{\"@type\":\"WebSite\",\"@id\":\"https:\/\/gysfm.com.ar\/inicio\/#website\",\"url\":\"https:\/\/gysfm.com.ar\/inicio\/\",\"name\":\"GYS NOTICIAS |\",\"description\":\"DIARIO - RADIO ONLINE SAN JUAN ARGENTINA\",\"publisher\":{\"@id\":\"https:\/\/gysfm.com.ar\/inicio\/#organization\"},\"potentialAction\":[{\"@type\":\"SearchAction\",\"target\":{\"@type\":\"EntryPoint\",\"urlTemplate\":\"https:\/\/gysfm.com.ar\/inicio\/?s={search_term_string}\"},\"query-input\":{\"@type\":\"PropertyValueSpecification\",\"valueRequired\":true,\"valueName\":\"search_term_string\"}}],\"inLanguage\":\"es\"},{\"@type\":\"Organization\",\"@id\":\"https:\/\/gysfm.com.ar\/inicio\/#organization\",\"name\":\"GYS NOTICIAS |\",\"url\":\"https:\/\/gysfm.com.ar\/inicio\/\",\"logo\":{\"@type\":\"ImageObject\",\"inLanguage\":\"es\",\"@id\":\"https:\/\/gysfm.com.ar\/inicio\/#\/schema\/logo\/image\/\",\"url\":\"https:\/\/gysfm.com.ar\/inicio\/wp-content\/uploads\/2023\/07\/LOGOGYS-OK.png\",\"contentUrl\":\"https:\/\/gysfm.com.ar\/inicio\/wp-content\/uploads\/2023\/07\/LOGOGYS-OK.png\",\"width\":1170,\"height\":872,\"caption\":\"GYS NOTICIAS |\"},\"image\":{\"@id\":\"https:\/\/gysfm.com.ar\/inicio\/#\/schema\/logo\/image\/\"}},{\"@type\":\"Person\",\"@id\":\"https:\/\/gysfm.com.ar\/inicio\/#\/schema\/person\/3abba7593ef2ad19e1be221d54383dc5\",\"name\":\"Prensa G&amp;S FM\",\"image\":{\"@type\":\"ImageObject\",\"inLanguage\":\"es\",\"@id\":\"https:\/\/gysfm.com.ar\/inicio\/#\/schema\/person\/image\/\",\"url\":\"https:\/\/secure.gravatar.com\/avatar\/096ec78df02049ab018702bb4ccedf659377fa92a26540b5247612077a0dbd29?s=96&d=mm&r=g\",\"contentUrl\":\"https:\/\/secure.gravatar.com\/avatar\/096ec78df02049ab018702bb4ccedf659377fa92a26540b5247612077a0dbd29?s=96&d=mm&r=g\",\"caption\":\"Prensa G&amp;S FM\"},\"sameAs\":[\"https:\/\/gysfm.com.ar\/\"],\"url\":\"https:\/\/gysfm.com.ar\/inicio\/author\/lucasm\/\"}]}<\/script>\n<!-- \/ Yoast SEO plugin. -->","yoast_head_json":{"title":"El SMN levant\u00f3 el paro y lo reemplaz\u00f3 por protestas - GYS NOTICIAS |","robots":{"index":"index","follow":"follow","max-snippet":"max-snippet:-1","max-image-preview":"max-image-preview:large","max-video-preview":"max-video-preview:-1"},"canonical":"https:\/\/gysfm.com.ar\/inicio\/el-smn-levanto-el-paro-y-lo-reemplazo-por-protestas\/","og_locale":"es_ES","og_type":"article","og_title":"El SMN levant\u00f3 el paro y lo reemplaz\u00f3 por protestas - GYS NOTICIAS |","og_description":"El conflicto en el Servicio Meteorol\u00f3gico Nacional (SMN) sum\u00f3 este jueves un nuevo cap\u00edtulo, luego de que la Asociaci\u00f3n Trabajadores del Estado (ATE) resolviera suspender el paro previsto y reemplazarlo por una jornada de protestas con asambleas. La decisi\u00f3n desactiv\u00f3 el impacto que la medida iba a tener en los aeropuertos, por lo que los [&hellip;]","og_url":"https:\/\/gysfm.com.ar\/inicio\/el-smn-levanto-el-paro-y-lo-reemplazo-por-protestas\/","og_site_name":"GYS NOTICIAS |","article_published_time":"2026-05-01T11:17:24+00:00","og_image":[{"url":"https:\/\/fotos.perfil.com\/\/2026\/04\/15\/900\/0\/servicio-meteorologico-nacional-20260415-2221376.jpg?webp","type":"","width":"","height":""}],"author":"Prensa G&amp;S FM","twitter_card":"summary_large_image","twitter_misc":{"Escrito por":"Prensa G&amp;S FM","Tiempo de lectura":"3 minutos"},"schema":{"@context":"https:\/\/schema.org","@graph":[{"@type":"Article","@id":"https:\/\/gysfm.com.ar\/inicio\/el-smn-levanto-el-paro-y-lo-reemplazo-por-protestas\/#article","isPartOf":{"@id":"https:\/\/gysfm.com.ar\/inicio\/el-smn-levanto-el-paro-y-lo-reemplazo-por-protestas\/"},"author":{"name":"Prensa G&amp;S FM","@id":"https:\/\/gysfm.com.ar\/inicio\/#\/schema\/person\/3abba7593ef2ad19e1be221d54383dc5"},"headline":"El SMN levant\u00f3 el paro y lo reemplaz\u00f3 por protestas","datePublished":"2026-05-01T11:17:24+00:00","mainEntityOfPage":{"@id":"https:\/\/gysfm.com.ar\/inicio\/el-smn-levanto-el-paro-y-lo-reemplazo-por-protestas\/"},"wordCount":640,"publisher":{"@id":"https:\/\/gysfm.com.ar\/inicio\/#organization"},"image":{"@id":"https:\/\/gysfm.com.ar\/inicio\/el-smn-levanto-el-paro-y-lo-reemplazo-por-protestas\/#primaryimage"},"thumbnailUrl":"https:\/\/gysfm.com.ar\/inicio\/wp-content\/uploads\/2026\/05\/servicio-meteorologico-nacional-20260415-2221377.jpg","articleSection":["NACIONALES"],"inLanguage":"es"},{"@type":"WebPage","@id":"https:\/\/gysfm.com.ar\/inicio\/el-smn-levanto-el-paro-y-lo-reemplazo-por-protestas\/","url":"https:\/\/gysfm.com.ar\/inicio\/el-smn-levanto-el-paro-y-lo-reemplazo-por-protestas\/","name":"El SMN levant\u00f3 el paro y lo reemplaz\u00f3 por protestas - GYS NOTICIAS |","isPartOf":{"@id":"https:\/\/gysfm.com.ar\/inicio\/#website"},"primaryImageOfPage":{"@id":"https:\/\/gysfm.com.ar\/inicio\/el-smn-levanto-el-paro-y-lo-reemplazo-por-protestas\/#primaryimage"},"image":{"@id":"https:\/\/gysfm.com.ar\/inicio\/el-smn-levanto-el-paro-y-lo-reemplazo-por-protestas\/#primaryimage"},"thumbnailUrl":"https:\/\/gysfm.com.ar\/inicio\/wp-content\/uploads\/2026\/05\/servicio-meteorologico-nacional-20260415-2221377.jpg","datePublished":"2026-05-01T11:17:24+00:00","breadcrumb":{"@id":"https:\/\/gysfm.com.ar\/inicio\/el-smn-levanto-el-paro-y-lo-reemplazo-por-protestas\/#breadcrumb"},"inLanguage":"es","potentialAction":[{"@type":"ReadAction","target":["https:\/\/gysfm.com.ar\/inicio\/el-smn-levanto-el-paro-y-lo-reemplazo-por-protestas\/"]}]},{"@type":"ImageObject","inLanguage":"es","@id":"https:\/\/gysfm.com.ar\/inicio\/el-smn-levanto-el-paro-y-lo-reemplazo-por-protestas\/#primaryimage","url":"https:\/\/gysfm.com.ar\/inicio\/wp-content\/uploads\/2026\/05\/servicio-meteorologico-nacional-20260415-2221377.jpg","contentUrl":"https:\/\/gysfm.com.ar\/inicio\/wp-content\/uploads\/2026\/05\/servicio-meteorologico-nacional-20260415-2221377.jpg","width":1140,"height":641},{"@type":"BreadcrumbList","@id":"https:\/\/gysfm.com.ar\/inicio\/el-smn-levanto-el-paro-y-lo-reemplazo-por-protestas\/#breadcrumb","itemListElement":[{"@type":"ListItem","position":1,"name":"Portada","item":"https:\/\/gysfm.com.ar\/inicio\/"},{"@type":"ListItem","position":2,"name":"El SMN levant\u00f3 el paro y lo reemplaz\u00f3 por protestas"}]},{"@type":"WebSite","@id":"https:\/\/gysfm.com.ar\/inicio\/#website","url":"https:\/\/gysfm.com.ar\/inicio\/","name":"GYS NOTICIAS |","description":"DIARIO - RADIO ONLINE SAN JUAN ARGENTINA","publisher":{"@id":"https:\/\/gysfm.com.ar\/inicio\/#organization"},"potentialAction":[{"@type":"SearchAction","target":{"@type":"EntryPoint","urlTemplate":"https:\/\/gysfm.com.ar\/inicio\/?s={search_term_string}"},"query-input":{"@type":"PropertyValueSpecification","valueRequired":true,"valueName":"search_term_string"}}],"inLanguage":"es"},{"@type":"Organization","@id":"https:\/\/gysfm.com.ar\/inicio\/#organization","name":"GYS NOTICIAS |","url":"https:\/\/gysfm.com.ar\/inicio\/","logo":{"@type":"ImageObject","inLanguage":"es","@id":"https:\/\/gysfm.com.ar\/inicio\/#\/schema\/logo\/image\/","url":"https:\/\/gysfm.com.ar\/inicio\/wp-content\/uploads\/2023\/07\/LOGOGYS-OK.png","contentUrl":"https:\/\/gysfm.com.ar\/inicio\/wp-content\/uploads\/2023\/07\/LOGOGYS-OK.png","width":1170,"height":872,"caption":"GYS NOTICIAS |"},"image":{"@id":"https:\/\/gysfm.com.ar\/inicio\/#\/schema\/logo\/image\/"}},{"@type":"Person","@id":"https:\/\/gysfm.com.ar\/inicio\/#\/schema\/person\/3abba7593ef2ad19e1be221d54383dc5","name":"Prensa G&amp;S FM","image":{"@type":"ImageObject","inLanguage":"es","@id":"https:\/\/gysfm.com.ar\/inicio\/#\/schema\/person\/image\/","url":"https:\/\/secure.gravatar.com\/avatar\/096ec78df02049ab018702bb4ccedf659377fa92a26540b5247612077a0dbd29?s=96&d=mm&r=g","contentUrl":"https:\/\/secure.gravatar.com\/avatar\/096ec78df02049ab018702bb4ccedf659377fa92a26540b5247612077a0dbd29?s=96&d=mm&r=g","caption":"Prensa G&amp;S FM"},"sameAs":["https:\/\/gysfm.com.ar\/"],"url":"https:\/\/gysfm.com.ar\/inicio\/author\/lucasm\/"}]}},"_links":{"self":[{"href":"https:\/\/gysfm.com.ar\/inicio\/wp-json\/wp\/v2\/posts\/194064","targetHints":{"allow":["GET"]}}],"collection":[{"href":"https:\/\/gysfm.com.ar\/inicio\/wp-json\/wp\/v2\/posts"}],"about":[{"href":"https:\/\/gysfm.com.ar\/inicio\/wp-json\/wp\/v2\/types\/post"}],"author":[{"embeddable":true,"href":"https:\/\/gysfm.com.ar\/inicio\/wp-json\/wp\/v2\/users\/2"}],"replies":[{"embeddable":true,"href":"https:\/\/gysfm.com.ar\/inicio\/wp-json\/wp\/v2\/comments?post=194064"}],"version-history":[{"count":0,"href":"https:\/\/gysfm.com.ar\/inicio\/wp-json\/wp\/v2\/posts\/194064\/revisions"}],"wp:featuredmedia":[{"embeddable":true,"href":"https:\/\/gysfm.com.ar\/inicio\/wp-json\/wp\/v2\/media\/194065"}],"wp:attachment":[{"href":"https:\/\/gysfm.com.ar\/inicio\/wp-json\/wp\/v2\/media?parent=194064"}],"wp:term":[{"taxonomy":"category","embeddable":true,"href":"https:\/\/gysfm.com.ar\/inicio\/wp-json\/wp\/v2\/categories?post=194064"},{"taxonomy":"post_tag","embeddable":true,"href":"https:\/\/gysfm.com.ar\/inicio\/wp-json\/wp\/v2\/tags?post=194064"}],"curies":[{"name":"wp","href":"https:\/\/api.w.org\/{rel}","templated":true}]}}