{"id":194059,"date":"2026-05-01T07:46:38","date_gmt":"2026-05-01T10:46:38","guid":{"rendered":"https:\/\/gysfm.com.ar\/inicio\/el-equipo-de-antropologia-forense-inicia-trabajos-de-excavacion-en-la-perla\/"},"modified":"2026-05-01T07:46:38","modified_gmt":"2026-05-01T10:46:38","slug":"el-equipo-de-antropologia-forense-inicia-trabajos-de-excavacion-en-la-perla","status":"publish","type":"post","link":"https:\/\/gysfm.com.ar\/inicio\/el-equipo-de-antropologia-forense-inicia-trabajos-de-excavacion-en-la-perla\/","title":{"rendered":"El Equipo de Antropolog\u00eda Forense inicia trabajos de excavaci\u00f3n en La Perla"},"content":{"rendered":"<p><\/p>\n<div id=\"article-content\">\n<p>El <a target=\"_blank\" href=\"https:\/\/www.perfil.com\/noticias\/canal-e\/en-qr-el-director-del-eaaf-confirmo-el-hallazgo-en-la-perla-las-coincidencias-geneticas-superan-el-99-de-probabilidad-de-identidad.phtml\"><strong>Equipo Argentino de Antropolog\u00eda Forense<\/strong><\/a> (EAAF) inicia la \u00abCampa\u00f1a 2026 &#8211; La Perla\u00bb, en el predio en el que funcion\u00f3 el Centro Clandestino de Detenci\u00f3n en la provincia de C\u00f3rdoba. El organismo inform\u00f3 que las tareas en terreno, orientadas a continuar la <strong>b\u00fasqueda de v\u00edctimas de desaparici\u00f3n forzada,<\/strong> fueron ordenadas por el Juzgado Federal 3, a cargo del juez <strong>Hugo Vaca Narvaja.<\/strong><\/p>\n<p>El viernes 24 comenzaron las tareas previas en el sitio: arreglos en el camino de ingreso y el desmalezamiento de la zona a excavar, supervisadas por el <a target=\"_blank\" href=\"https:\/\/www.perfil.com\/noticias\/canal-e\/en-qr-el-director-del-eaaf-confirmo-el-hallazgo-en-la-perla-las-coincidencias-geneticas-superan-el-99-de-probabilidad-de-identidad.phtml\">EAAF.<\/a> El pr\u00f3ximo lunes 4 de mayo comenzar\u00e1n los <strong>trabajos de excavaci\u00f3n y prospecci\u00f3n arqueol\u00f3gica<\/strong> en la zona denominada Loma del Torito, dentro de la Reserva Natural Militar de la Calera.<\/p>\n<p class=\"destacadoNota\"><a target=\"_blank\" href=\"https:\/\/www.perfil.com\/noticias\/canal-e\/en-qr-el-director-del-eaaf-confirmo-el-hallazgo-en-la-perla-las-coincidencias-geneticas-superan-el-99-de-probabilidad-de-identidad.phtml\">En \u201cQR!\u201d, el director del EAAF confirm\u00f3 el hallazgo en La Perla: \u201cLas coincidencias gen\u00e9ticas superan el 99% de probabilidad de identidad\u201d<\/a><\/p>\n<div class=\"subscription\">\n<p>\n        Esto no les gusta a los autoritarios\n    <\/p>\n<div class=\"subscription__container\">\n<div class=\"subscription__text-wrapper\">\n<p>\n                El ejercicio del periodismo profesional y cr\u00edtico es un pilar fundamental de la democracia. Por eso molesta a quienes creen ser los due\u00f1os de la verdad.\n            <\/p>\n<\/p><\/div><\/div>\n<\/div>\n<p>El EAAF inform\u00f3 que el \u00e1rea a prospectar tiene 3 hect\u00e1reas y se encuentra adyacente a la zona trabajada entre septiembre y noviembre de 2025, donde se recuperaron un gran n\u00famero de restos \u00f3seos humanos dispersos y desarticulados. A partir del an\u00e1lisis antropol\u00f3gico de todos los elementos recuperados, y del cotejo de ADN de un primer conjunto de elementos \u00f3seos enviados al Laboratorio de Gen\u00e9tica Forense del EAAF con los perfiles gen\u00e9ticos aportados por los familiares de personas desaparecidas,<strong> ya se identificaron doce personas.<\/strong><\/p>\n<p class=\"destacadoNota\"><a target=\"_blank\" href=\"https:\/\/www.perfil.com\/noticias\/policia\/identificacion-historica-en-cordoba-recuperaron-los-restos-de-12-victimas-del-centro-clandestino-la-perla-a35.phtml\">Identificaci\u00f3n hist\u00f3rica en C\u00f3rdoba: recuperaron los restos de 12 v\u00edctimas del centro clandestino La Perla<\/a><\/p>\n<p>Se trata de Ramiro Sergio Bustillo, Jos\u00e9 Nicol\u00e1s Brizuela, Ra\u00fal Oscar Ceballos Cant\u00f3n, Adriana Mar\u00eda Carranza o Cecilia Mar\u00eda Carranza, Carlos Alberto D\u00b4Ambra, Alejandro Jorge Monjeau, Mario Alberto N\u00edvoli, Elsa M\u00f3nica O\u00b4Kelly Pardo, Oscar Omar Reyes, Eduardo Jorge Valverde y Sergio Julio Tissera. En el caso de las Carranza, eran mellizas que fueron secuestradas el 5 de mayo de 1976. El EAAF <strong>pudo determinar con certeza que el elemento \u00f3seo analizado pertenece a una de ellas<\/strong>, pero no a qui\u00e9n, debido a su parentesco.<\/p>\n<p>En la conferencia de prensa que se hizo en marzo para anunciar el hallazgo, el juez Vaca Narvaja inform\u00f3 que una de las familias de los identificados pidi\u00f3 que su nombre no sea difundido.<\/p>\n<p class=\"destacadoNota\"><a target=\"_blank\" href=\"https:\/\/www.perfil.com\/noticias\/politica\/el-equipo-de-antropologia-forense-confirmo-el-hallazgo-de-restos-humanos-en-el-ex-centro-clandestino-la-perla.phtml\">El equipo de Antropolog\u00eda Forense confirm\u00f3 el hallazgo de restos humanos en dos zonas del ex centro clandestino La Perla<\/a><\/p>\n<p>Las tareas que comienzan formalmente este lunes se realizan en cooperaci\u00f3n del Servicio de Antropolog\u00eda Forense del Poder Judicial de C\u00f3rdoba y de la Universidad Nacional de C\u00f3rdoba. El gobierno provincial y el municipal aportan apoyo log\u00edstico y la provisi\u00f3n de recursos.<\/p>\n<p>Los trabajos en el campo se extender\u00e1n hasta fines de septiembre. El financiamiento est\u00e1 garantizado por los aportes del Consejo de la Magistratura.<\/p>\n<p>BK\/ff<\/p>\n<\/p><\/div>\n<p><script>\n                !function(f,b,e,v,n,t,s)\n                {if(f.fbq)return;n=f.fbq=function(){n.callMethod?\n                    n.callMethod.apply(n,arguments):n.queue.push(arguments)};\n                    if(!f._fbq)f._fbq=n;n.push=n;n.loaded=!0;n.version='2.0';\n                    n.queue=[];t=b.createElement(e);t.async=!0;\n                    t.src=v;s=b.getElementsByTagName(e)[0];\n                    s.parentNode.insertBefore(t,s)}(window, document,'script',\n                    'https:\/\/connect.facebook.net\/en_US\/fbevents.js');\n                window.paywallConfig.facebook_pixel=\"1000228364089342\"\n            <\/script><\/p>\n","protected":false},"excerpt":{"rendered":"<p>El Equipo Argentino de Antropolog\u00eda Forense (EAAF) inicia la \u00abCampa\u00f1a 2026 &#8211; La Perla\u00bb, en el predio en el que funcion\u00f3 el Centro Clandestino de Detenci\u00f3n en la provincia de C\u00f3rdoba. El organismo inform\u00f3 que las tareas en terreno, orientadas a continuar la b\u00fasqueda de v\u00edctimas de desaparici\u00f3n forzada, fueron ordenadas por el Juzgado Federal [&hellip;]<\/p>\n","protected":false},"author":2,"featured_media":194060,"comment_status":"closed","ping_status":"closed","sticky":false,"template":"","format":"standard","meta":{"footnotes":""},"categories":[25],"tags":[],"class_list":["post-194059","post","type-post","status-publish","format-standard","has-post-thumbnail","hentry","category-nacionales"],"yoast_head":"<!-- This site is optimized with the Yoast SEO plugin v24.4 - https:\/\/yoast.com\/wordpress\/plugins\/seo\/ -->\n<title>El Equipo de Antropolog\u00eda Forense inicia trabajos de excavaci\u00f3n en La Perla - GYS NOTICIAS |<\/title>\n<meta name=\"robots\" content=\"index, follow, max-snippet:-1, max-image-preview:large, max-video-preview:-1\" \/>\n<link rel=\"canonical\" href=\"https:\/\/gysfm.com.ar\/inicio\/el-equipo-de-antropologia-forense-inicia-trabajos-de-excavacion-en-la-perla\/\" \/>\n<meta property=\"og:locale\" content=\"es_ES\" \/>\n<meta property=\"og:type\" content=\"article\" \/>\n<meta property=\"og:title\" content=\"El Equipo de Antropolog\u00eda Forense inicia trabajos de excavaci\u00f3n en La Perla - GYS NOTICIAS |\" \/>\n<meta property=\"og:description\" content=\"El Equipo Argentino de Antropolog\u00eda Forense (EAAF) inicia la \u00abCampa\u00f1a 2026 &#8211; La Perla\u00bb, en el predio en el que funcion\u00f3 el Centro Clandestino de Detenci\u00f3n en la provincia de C\u00f3rdoba. El organismo inform\u00f3 que las tareas en terreno, orientadas a continuar la b\u00fasqueda de v\u00edctimas de desaparici\u00f3n forzada, fueron ordenadas por el Juzgado Federal [&hellip;]\" \/>\n<meta property=\"og:url\" content=\"https:\/\/gysfm.com.ar\/inicio\/el-equipo-de-antropologia-forense-inicia-trabajos-de-excavacion-en-la-perla\/\" \/>\n<meta property=\"og:site_name\" content=\"GYS NOTICIAS |\" \/>\n<meta property=\"article:published_time\" content=\"2026-05-01T10:46:38+00:00\" \/>\n<meta name=\"author\" content=\"Prensa G&amp;S FM\" \/>\n<meta name=\"twitter:card\" content=\"summary_large_image\" \/>\n<meta name=\"twitter:label1\" content=\"Escrito por\" \/>\n\t<meta name=\"twitter:data1\" content=\"Prensa G&amp;S FM\" \/>\n\t<meta name=\"twitter:label2\" content=\"Tiempo de lectura\" \/>\n\t<meta name=\"twitter:data2\" content=\"3 minutos\" \/>\n<script type=\"application\/ld+json\" class=\"yoast-schema-graph\">{\"@context\":\"https:\/\/schema.org\",\"@graph\":[{\"@type\":\"Article\",\"@id\":\"https:\/\/gysfm.com.ar\/inicio\/el-equipo-de-antropologia-forense-inicia-trabajos-de-excavacion-en-la-perla\/#article\",\"isPartOf\":{\"@id\":\"https:\/\/gysfm.com.ar\/inicio\/el-equipo-de-antropologia-forense-inicia-trabajos-de-excavacion-en-la-perla\/\"},\"author\":{\"name\":\"Prensa G&amp;S FM\",\"@id\":\"https:\/\/gysfm.com.ar\/inicio\/#\/schema\/person\/3abba7593ef2ad19e1be221d54383dc5\"},\"headline\":\"El Equipo de Antropolog\u00eda Forense inicia trabajos de excavaci\u00f3n en La Perla\",\"datePublished\":\"2026-05-01T10:46:38+00:00\",\"mainEntityOfPage\":{\"@id\":\"https:\/\/gysfm.com.ar\/inicio\/el-equipo-de-antropologia-forense-inicia-trabajos-de-excavacion-en-la-perla\/\"},\"wordCount\":527,\"publisher\":{\"@id\":\"https:\/\/gysfm.com.ar\/inicio\/#organization\"},\"image\":{\"@id\":\"https:\/\/gysfm.com.ar\/inicio\/el-equipo-de-antropologia-forense-inicia-trabajos-de-excavacion-en-la-perla\/#primaryimage\"},\"thumbnailUrl\":\"https:\/\/gysfm.com.ar\/inicio\/wp-content\/uploads\/2026\/05\/trabajos-de-desmalezamiento-en-la-perla-30042026-2231173.jpg\",\"articleSection\":[\"NACIONALES\"],\"inLanguage\":\"es\"},{\"@type\":\"WebPage\",\"@id\":\"https:\/\/gysfm.com.ar\/inicio\/el-equipo-de-antropologia-forense-inicia-trabajos-de-excavacion-en-la-perla\/\",\"url\":\"https:\/\/gysfm.com.ar\/inicio\/el-equipo-de-antropologia-forense-inicia-trabajos-de-excavacion-en-la-perla\/\",\"name\":\"El Equipo de Antropolog\u00eda Forense inicia trabajos de excavaci\u00f3n en La Perla - GYS NOTICIAS |\",\"isPartOf\":{\"@id\":\"https:\/\/gysfm.com.ar\/inicio\/#website\"},\"primaryImageOfPage\":{\"@id\":\"https:\/\/gysfm.com.ar\/inicio\/el-equipo-de-antropologia-forense-inicia-trabajos-de-excavacion-en-la-perla\/#primaryimage\"},\"image\":{\"@id\":\"https:\/\/gysfm.com.ar\/inicio\/el-equipo-de-antropologia-forense-inicia-trabajos-de-excavacion-en-la-perla\/#primaryimage\"},\"thumbnailUrl\":\"https:\/\/gysfm.com.ar\/inicio\/wp-content\/uploads\/2026\/05\/trabajos-de-desmalezamiento-en-la-perla-30042026-2231173.jpg\",\"datePublished\":\"2026-05-01T10:46:38+00:00\",\"breadcrumb\":{\"@id\":\"https:\/\/gysfm.com.ar\/inicio\/el-equipo-de-antropologia-forense-inicia-trabajos-de-excavacion-en-la-perla\/#breadcrumb\"},\"inLanguage\":\"es\",\"potentialAction\":[{\"@type\":\"ReadAction\",\"target\":[\"https:\/\/gysfm.com.ar\/inicio\/el-equipo-de-antropologia-forense-inicia-trabajos-de-excavacion-en-la-perla\/\"]}]},{\"@type\":\"ImageObject\",\"inLanguage\":\"es\",\"@id\":\"https:\/\/gysfm.com.ar\/inicio\/el-equipo-de-antropologia-forense-inicia-trabajos-de-excavacion-en-la-perla\/#primaryimage\",\"url\":\"https:\/\/gysfm.com.ar\/inicio\/wp-content\/uploads\/2026\/05\/trabajos-de-desmalezamiento-en-la-perla-30042026-2231173.jpg\",\"contentUrl\":\"https:\/\/gysfm.com.ar\/inicio\/wp-content\/uploads\/2026\/05\/trabajos-de-desmalezamiento-en-la-perla-30042026-2231173.jpg\",\"width\":1140,\"height\":641},{\"@type\":\"BreadcrumbList\",\"@id\":\"https:\/\/gysfm.com.ar\/inicio\/el-equipo-de-antropologia-forense-inicia-trabajos-de-excavacion-en-la-perla\/#breadcrumb\",\"itemListElement\":[{\"@type\":\"ListItem\",\"position\":1,\"name\":\"Portada\",\"item\":\"https:\/\/gysfm.com.ar\/inicio\/\"},{\"@type\":\"ListItem\",\"position\":2,\"name\":\"El Equipo de Antropolog\u00eda Forense inicia trabajos de excavaci\u00f3n en La Perla\"}]},{\"@type\":\"WebSite\",\"@id\":\"https:\/\/gysfm.com.ar\/inicio\/#website\",\"url\":\"https:\/\/gysfm.com.ar\/inicio\/\",\"name\":\"GYS NOTICIAS |\",\"description\":\"DIARIO - RADIO ONLINE SAN JUAN ARGENTINA\",\"publisher\":{\"@id\":\"https:\/\/gysfm.com.ar\/inicio\/#organization\"},\"potentialAction\":[{\"@type\":\"SearchAction\",\"target\":{\"@type\":\"EntryPoint\",\"urlTemplate\":\"https:\/\/gysfm.com.ar\/inicio\/?s={search_term_string}\"},\"query-input\":{\"@type\":\"PropertyValueSpecification\",\"valueRequired\":true,\"valueName\":\"search_term_string\"}}],\"inLanguage\":\"es\"},{\"@type\":\"Organization\",\"@id\":\"https:\/\/gysfm.com.ar\/inicio\/#organization\",\"name\":\"GYS NOTICIAS |\",\"url\":\"https:\/\/gysfm.com.ar\/inicio\/\",\"logo\":{\"@type\":\"ImageObject\",\"inLanguage\":\"es\",\"@id\":\"https:\/\/gysfm.com.ar\/inicio\/#\/schema\/logo\/image\/\",\"url\":\"https:\/\/gysfm.com.ar\/inicio\/wp-content\/uploads\/2023\/07\/LOGOGYS-OK.png\",\"contentUrl\":\"https:\/\/gysfm.com.ar\/inicio\/wp-content\/uploads\/2023\/07\/LOGOGYS-OK.png\",\"width\":1170,\"height\":872,\"caption\":\"GYS NOTICIAS |\"},\"image\":{\"@id\":\"https:\/\/gysfm.com.ar\/inicio\/#\/schema\/logo\/image\/\"}},{\"@type\":\"Person\",\"@id\":\"https:\/\/gysfm.com.ar\/inicio\/#\/schema\/person\/3abba7593ef2ad19e1be221d54383dc5\",\"name\":\"Prensa G&amp;S FM\",\"image\":{\"@type\":\"ImageObject\",\"inLanguage\":\"es\",\"@id\":\"https:\/\/gysfm.com.ar\/inicio\/#\/schema\/person\/image\/\",\"url\":\"https:\/\/secure.gravatar.com\/avatar\/096ec78df02049ab018702bb4ccedf659377fa92a26540b5247612077a0dbd29?s=96&d=mm&r=g\",\"contentUrl\":\"https:\/\/secure.gravatar.com\/avatar\/096ec78df02049ab018702bb4ccedf659377fa92a26540b5247612077a0dbd29?s=96&d=mm&r=g\",\"caption\":\"Prensa G&amp;S FM\"},\"sameAs\":[\"https:\/\/gysfm.com.ar\/\"],\"url\":\"https:\/\/gysfm.com.ar\/inicio\/author\/lucasm\/\"}]}<\/script>\n<!-- \/ Yoast SEO plugin. -->","yoast_head_json":{"title":"El Equipo de Antropolog\u00eda Forense inicia trabajos de excavaci\u00f3n en La Perla - GYS NOTICIAS |","robots":{"index":"index","follow":"follow","max-snippet":"max-snippet:-1","max-image-preview":"max-image-preview:large","max-video-preview":"max-video-preview:-1"},"canonical":"https:\/\/gysfm.com.ar\/inicio\/el-equipo-de-antropologia-forense-inicia-trabajos-de-excavacion-en-la-perla\/","og_locale":"es_ES","og_type":"article","og_title":"El Equipo de Antropolog\u00eda Forense inicia trabajos de excavaci\u00f3n en La Perla - GYS NOTICIAS |","og_description":"El Equipo Argentino de Antropolog\u00eda Forense (EAAF) inicia la \u00abCampa\u00f1a 2026 &#8211; La Perla\u00bb, en el predio en el que funcion\u00f3 el Centro Clandestino de Detenci\u00f3n en la provincia de C\u00f3rdoba. El organismo inform\u00f3 que las tareas en terreno, orientadas a continuar la b\u00fasqueda de v\u00edctimas de desaparici\u00f3n forzada, fueron ordenadas por el Juzgado Federal [&hellip;]","og_url":"https:\/\/gysfm.com.ar\/inicio\/el-equipo-de-antropologia-forense-inicia-trabajos-de-excavacion-en-la-perla\/","og_site_name":"GYS NOTICIAS |","article_published_time":"2026-05-01T10:46:38+00:00","author":"Prensa G&amp;S FM","twitter_card":"summary_large_image","twitter_misc":{"Escrito por":"Prensa G&amp;S FM","Tiempo de lectura":"3 minutos"},"schema":{"@context":"https:\/\/schema.org","@graph":[{"@type":"Article","@id":"https:\/\/gysfm.com.ar\/inicio\/el-equipo-de-antropologia-forense-inicia-trabajos-de-excavacion-en-la-perla\/#article","isPartOf":{"@id":"https:\/\/gysfm.com.ar\/inicio\/el-equipo-de-antropologia-forense-inicia-trabajos-de-excavacion-en-la-perla\/"},"author":{"name":"Prensa G&amp;S FM","@id":"https:\/\/gysfm.com.ar\/inicio\/#\/schema\/person\/3abba7593ef2ad19e1be221d54383dc5"},"headline":"El Equipo de Antropolog\u00eda Forense inicia trabajos de excavaci\u00f3n en La Perla","datePublished":"2026-05-01T10:46:38+00:00","mainEntityOfPage":{"@id":"https:\/\/gysfm.com.ar\/inicio\/el-equipo-de-antropologia-forense-inicia-trabajos-de-excavacion-en-la-perla\/"},"wordCount":527,"publisher":{"@id":"https:\/\/gysfm.com.ar\/inicio\/#organization"},"image":{"@id":"https:\/\/gysfm.com.ar\/inicio\/el-equipo-de-antropologia-forense-inicia-trabajos-de-excavacion-en-la-perla\/#primaryimage"},"thumbnailUrl":"https:\/\/gysfm.com.ar\/inicio\/wp-content\/uploads\/2026\/05\/trabajos-de-desmalezamiento-en-la-perla-30042026-2231173.jpg","articleSection":["NACIONALES"],"inLanguage":"es"},{"@type":"WebPage","@id":"https:\/\/gysfm.com.ar\/inicio\/el-equipo-de-antropologia-forense-inicia-trabajos-de-excavacion-en-la-perla\/","url":"https:\/\/gysfm.com.ar\/inicio\/el-equipo-de-antropologia-forense-inicia-trabajos-de-excavacion-en-la-perla\/","name":"El Equipo de Antropolog\u00eda Forense inicia trabajos de excavaci\u00f3n en La Perla - GYS NOTICIAS |","isPartOf":{"@id":"https:\/\/gysfm.com.ar\/inicio\/#website"},"primaryImageOfPage":{"@id":"https:\/\/gysfm.com.ar\/inicio\/el-equipo-de-antropologia-forense-inicia-trabajos-de-excavacion-en-la-perla\/#primaryimage"},"image":{"@id":"https:\/\/gysfm.com.ar\/inicio\/el-equipo-de-antropologia-forense-inicia-trabajos-de-excavacion-en-la-perla\/#primaryimage"},"thumbnailUrl":"https:\/\/gysfm.com.ar\/inicio\/wp-content\/uploads\/2026\/05\/trabajos-de-desmalezamiento-en-la-perla-30042026-2231173.jpg","datePublished":"2026-05-01T10:46:38+00:00","breadcrumb":{"@id":"https:\/\/gysfm.com.ar\/inicio\/el-equipo-de-antropologia-forense-inicia-trabajos-de-excavacion-en-la-perla\/#breadcrumb"},"inLanguage":"es","potentialAction":[{"@type":"ReadAction","target":["https:\/\/gysfm.com.ar\/inicio\/el-equipo-de-antropologia-forense-inicia-trabajos-de-excavacion-en-la-perla\/"]}]},{"@type":"ImageObject","inLanguage":"es","@id":"https:\/\/gysfm.com.ar\/inicio\/el-equipo-de-antropologia-forense-inicia-trabajos-de-excavacion-en-la-perla\/#primaryimage","url":"https:\/\/gysfm.com.ar\/inicio\/wp-content\/uploads\/2026\/05\/trabajos-de-desmalezamiento-en-la-perla-30042026-2231173.jpg","contentUrl":"https:\/\/gysfm.com.ar\/inicio\/wp-content\/uploads\/2026\/05\/trabajos-de-desmalezamiento-en-la-perla-30042026-2231173.jpg","width":1140,"height":641},{"@type":"BreadcrumbList","@id":"https:\/\/gysfm.com.ar\/inicio\/el-equipo-de-antropologia-forense-inicia-trabajos-de-excavacion-en-la-perla\/#breadcrumb","itemListElement":[{"@type":"ListItem","position":1,"name":"Portada","item":"https:\/\/gysfm.com.ar\/inicio\/"},{"@type":"ListItem","position":2,"name":"El Equipo de Antropolog\u00eda Forense inicia trabajos de excavaci\u00f3n en La Perla"}]},{"@type":"WebSite","@id":"https:\/\/gysfm.com.ar\/inicio\/#website","url":"https:\/\/gysfm.com.ar\/inicio\/","name":"GYS NOTICIAS |","description":"DIARIO - RADIO ONLINE SAN JUAN ARGENTINA","publisher":{"@id":"https:\/\/gysfm.com.ar\/inicio\/#organization"},"potentialAction":[{"@type":"SearchAction","target":{"@type":"EntryPoint","urlTemplate":"https:\/\/gysfm.com.ar\/inicio\/?s={search_term_string}"},"query-input":{"@type":"PropertyValueSpecification","valueRequired":true,"valueName":"search_term_string"}}],"inLanguage":"es"},{"@type":"Organization","@id":"https:\/\/gysfm.com.ar\/inicio\/#organization","name":"GYS NOTICIAS |","url":"https:\/\/gysfm.com.ar\/inicio\/","logo":{"@type":"ImageObject","inLanguage":"es","@id":"https:\/\/gysfm.com.ar\/inicio\/#\/schema\/logo\/image\/","url":"https:\/\/gysfm.com.ar\/inicio\/wp-content\/uploads\/2023\/07\/LOGOGYS-OK.png","contentUrl":"https:\/\/gysfm.com.ar\/inicio\/wp-content\/uploads\/2023\/07\/LOGOGYS-OK.png","width":1170,"height":872,"caption":"GYS NOTICIAS |"},"image":{"@id":"https:\/\/gysfm.com.ar\/inicio\/#\/schema\/logo\/image\/"}},{"@type":"Person","@id":"https:\/\/gysfm.com.ar\/inicio\/#\/schema\/person\/3abba7593ef2ad19e1be221d54383dc5","name":"Prensa G&amp;S FM","image":{"@type":"ImageObject","inLanguage":"es","@id":"https:\/\/gysfm.com.ar\/inicio\/#\/schema\/person\/image\/","url":"https:\/\/secure.gravatar.com\/avatar\/096ec78df02049ab018702bb4ccedf659377fa92a26540b5247612077a0dbd29?s=96&d=mm&r=g","contentUrl":"https:\/\/secure.gravatar.com\/avatar\/096ec78df02049ab018702bb4ccedf659377fa92a26540b5247612077a0dbd29?s=96&d=mm&r=g","caption":"Prensa G&amp;S FM"},"sameAs":["https:\/\/gysfm.com.ar\/"],"url":"https:\/\/gysfm.com.ar\/inicio\/author\/lucasm\/"}]}},"_links":{"self":[{"href":"https:\/\/gysfm.com.ar\/inicio\/wp-json\/wp\/v2\/posts\/194059","targetHints":{"allow":["GET"]}}],"collection":[{"href":"https:\/\/gysfm.com.ar\/inicio\/wp-json\/wp\/v2\/posts"}],"about":[{"href":"https:\/\/gysfm.com.ar\/inicio\/wp-json\/wp\/v2\/types\/post"}],"author":[{"embeddable":true,"href":"https:\/\/gysfm.com.ar\/inicio\/wp-json\/wp\/v2\/users\/2"}],"replies":[{"embeddable":true,"href":"https:\/\/gysfm.com.ar\/inicio\/wp-json\/wp\/v2\/comments?post=194059"}],"version-history":[{"count":0,"href":"https:\/\/gysfm.com.ar\/inicio\/wp-json\/wp\/v2\/posts\/194059\/revisions"}],"wp:featuredmedia":[{"embeddable":true,"href":"https:\/\/gysfm.com.ar\/inicio\/wp-json\/wp\/v2\/media\/194060"}],"wp:attachment":[{"href":"https:\/\/gysfm.com.ar\/inicio\/wp-json\/wp\/v2\/media?parent=194059"}],"wp:term":[{"taxonomy":"category","embeddable":true,"href":"https:\/\/gysfm.com.ar\/inicio\/wp-json\/wp\/v2\/categories?post=194059"},{"taxonomy":"post_tag","embeddable":true,"href":"https:\/\/gysfm.com.ar\/inicio\/wp-json\/wp\/v2\/tags?post=194059"}],"curies":[{"name":"wp","href":"https:\/\/api.w.org\/{rel}","templated":true}]}}