{"id":194051,"date":"2026-05-01T06:43:07","date_gmt":"2026-05-01T09:43:07","guid":{"rendered":"https:\/\/gysfm.com.ar\/inicio\/milei-visita-el-portaaviones-uss-nimitz-en-el-mar-argentino\/"},"modified":"2026-05-01T06:43:07","modified_gmt":"2026-05-01T09:43:07","slug":"milei-visita-el-portaaviones-uss-nimitz-en-el-mar-argentino","status":"publish","type":"post","link":"https:\/\/gysfm.com.ar\/inicio\/milei-visita-el-portaaviones-uss-nimitz-en-el-mar-argentino\/","title":{"rendered":"Milei visita el portaaviones USS Nimitz en el Mar Argentino"},"content":{"rendered":"<p><\/p>\n<div id=\"article-content\">\n<p>El <a target=\"_blank\" href=\"https:\/\/www.perfil.com\/noticias\/economia\/la-confianza-en-el-gobierno-de-javier-milei-se-desplomo-12-y-cayo-por-quinto-mes-consecutivo-a40.phtml\"><strong>presidente <\/strong><\/a><strong><a target=\"_blank\" href=\"https:\/\/www.perfil.com\/noticias\/politica\/fuerte-caida-en-la-imagen-de-milei-la-desaprobacion-trepo-al-63-en-abril.phtml\">Javier Mile<\/a><\/strong><a target=\"_blank\" href=\"https:\/\/www.perfil.com\/noticias\/economia\/la-confianza-en-el-gobierno-de-javier-milei-se-desplomo-12-y-cayo-por-quinto-mes-consecutivo-a40.phtml\"><strong>i<\/strong><\/a> desembarc\u00f3 esta tarde en la cubierta del portaaviones de <strong>propulsi\u00f3n nuclear USS Nimitz de la Armada de los Estados Unidos<\/strong>, que navega por aguas del Mar Argentino cerca de las costas de <strong>Mar del Plata<\/strong>. La visita oficial se produjo en el marco del <strong>operativo conjunto Passex 2026<\/strong>, una serie de maniobras t\u00e1cticas conjuntas entre las fuerzas de ambos pa\u00edses. <\/p>\n<p>La presencia del mandatario argentino en la cubierta de la emblem\u00e1tica nave se dio en el marco de una agenda orientada a fortalecer v\u00ednculos bilaterales en materia de defensa y cooperaci\u00f3n estrat\u00e9gica. En su llegada al nav\u00edo norteamericano se mostr\u00f3 acompa\u00f1ado por la secretaria general de la Presidencia, Karina Milei y el ministro de Relaciones Exteriores, Pablo Quirno. <\/p>\n<p>Durante la recorrida, Milei fue recibido por autoridades de la Armada norteamericana, quienes le brindaron detalles sobre el funcionamiento operativo del buque, su capacidad log\u00edstica y su rol en misiones internacionales. <\/p>\n<div class=\"subscription\">\n<p>\n        Esto no les gusta a los autoritarios\n    <\/p>\n<div class=\"subscription__container\">\n<div class=\"subscription__text-wrapper\">\n<p>\n                El ejercicio del periodismo profesional y cr\u00edtico es un pilar fundamental de la democracia. Por eso molesta a quienes creen ser los due\u00f1os de la verdad.\n            <\/p>\n<\/p><\/div><\/div>\n<\/div>\n<div style=\"text-align:center\">\n<figure class=\"image\" style=\"display:inline-block\"><picture><source media=\"(max-width: 440px)\" srcset=\"https:\/\/fotos.perfil.com\/\/2026\/04\/30\/440\/0\/milei-en-el-portaaviones-nuclear-uss-nimitz-30042026-2231500.jpg?webp\"\/><source media=\"(max-width: 1019px)\" srcset=\"https:\/\/fotos.perfil.com\/\/2026\/04\/30\/712\/0\/milei-en-el-portaaviones-nuclear-uss-nimitz-30042026-2231500.jpg?webp\"\/><img decoding=\"async\" style=\"max-width: 100%; width: 100%;\" alt=\"Milei en el Portaaviones nuclear USS Nimitz 30042026\" src=\"https:\/\/fotos.perfil.com\/\/2026\/04\/30\/900\/0\/milei-en-el-portaaviones-nuclear-uss-nimitz-30042026-2231500.jpg?webp\" loading=\"lazy\"\/><\/picture><figcaption><em>Llegaron en un Grumman C-2 Greyhound desde Aeroparque para participar en ejercicios navales Passex 2026 y Southern Seas<\/em><\/figcaption><\/figure>\n<\/p><\/div>\n<div style=\"text-align:center\">\n<figure class=\"image\" style=\"display:inline-block\"><picture><source media=\"(max-width: 440px)\" srcset=\"https:\/\/fotos.perfil.com\/\/2026\/04\/30\/440\/0\/milei-en-el-portaaviones-nuclear-uss-nimitz-30042026-2231529.jpg?webp\"\/><source media=\"(max-width: 1019px)\" srcset=\"https:\/\/fotos.perfil.com\/\/2026\/04\/30\/712\/0\/milei-en-el-portaaviones-nuclear-uss-nimitz-30042026-2231529.jpg?webp\"\/><img decoding=\"async\" style=\"max-width: 100%; width: 100%;\" alt=\"Milei en el Portaaviones nuclear USS Nimitz 30042026\" src=\"https:\/\/fotos.perfil.com\/\/2026\/04\/30\/900\/0\/milei-en-el-portaaviones-nuclear-uss-nimitz-30042026-2231529.jpg?webp\" loading=\"lazy\"\/><\/picture><figcaption><em>Javier Milei visit\u00f3 hoy el portaaviones USS Nimitz en el Mar Argentino, acompa\u00f1ado por una comitiva oficial clave<\/em><\/figcaption><\/figure>\n<\/p><\/div>\n<p>El buque de Estados Unidos es uno de los m\u00e1s grandes del mundo, ingres\u00f3 a la Zona Econ\u00f3mica Exclusiva argentina tras completar su paso por el Estrecho de Magallanes el domingo 26 de abril. <strong>Las naves argentinas ARA \u00abLa Argentina\u00bb, ARA \u00abSarand\u00ed\u00bb y ARA \u00abRosales\u00bb se suman a la formaci\u00f3n estadounidense<\/strong> para realizar pr\u00e1cticas de defensa y comunicaciones en com\u00fan, en lo que se conoce desde los a\u00f1os 90 como<strong> \u00abejercicios Gringo-Gaucho\u00bb<\/strong>. El despliegue de estos barcos, autorizado mediante el Decreto 264\/2026, forma parte de la misi\u00f3n <strong>\u00abSouthern Seas 2026\u00bb<\/strong> del Comando Sur (SOUTHCOM) de los Estados Unidos.<\/p>\n<div style=\"text-align:center\">\n<figure class=\"image\" style=\"display:inline-block\"><picture><source media=\"(max-width: 440px)\" srcset=\"https:\/\/fotos.perfil.com\/\/2026\/04\/30\/440\/0\/milei-participo-de-ejercicios-navales-combinados-a-bordo-del-portaaviones-uss-nimitz-de-los-estados-unidos-2231543.jpg?webp\"\/><source media=\"(max-width: 1019px)\" srcset=\"https:\/\/fotos.perfil.com\/\/2026\/04\/30\/712\/0\/milei-participo-de-ejercicios-navales-combinados-a-bordo-del-portaaviones-uss-nimitz-de-los-estados-unidos-2231543.jpg?webp\"\/><img decoding=\"async\" style=\"max-width: 100%; width: 100%;\" alt=\"Milei particip\u00f3 de ejercicios navales combinados a bordo del portaaviones USS Nimitz de los Estados Unidos\" src=\"https:\/\/fotos.perfil.com\/\/2026\/04\/30\/900\/0\/milei-participo-de-ejercicios-navales-combinados-a-bordo-del-portaaviones-uss-nimitz-de-los-estados-unidos-2231543.jpg?webp\" loading=\"lazy\"\/><\/picture><figcaption><em>El mandatario estamp\u00f3 su firma en una bandera argentina durante su estad\u00eda en el portaaviones nuclear USS Nimitz<\/em><\/figcaption><\/figure>\n<\/p><\/div>\n<p>El Presidente despeg\u00f3 a las 10 desde Aeroparque en un avi\u00f3n Grumman C-2 Greyhound, dise\u00f1ado para el transporte de personal hacia portaaviones, junto a la secretaria general de la Presidencia, <strong>Karina Milei<\/strong>, el ministro de Defensa, <strong>Carlos Presti,<\/strong> y el canciller <strong>Pablo Quirno<\/strong>. Fue gracias a una invitaci\u00f3n del embajador de Estados Unidos, <strong>Peter Lamelas<\/strong>.<\/p>\n<h2>Cooperaci\u00f3n naval entre la Armada Argentina y la Armada de Guerra de Estados Unidos<\/h2>\n<p>El <strong>operativo conjunto Passex 2026<\/strong> se consolid\u00f3 como una de las principales demostraciones de cooperaci\u00f3n naval entre la <strong>Armada Argentina<\/strong> y la <strong>Armada de Estados Unidos<\/strong>, con ejercicios realizados en aguas del Atl\u00e1ntico Sur. Este tipo de maniobras, conocidas como \u201cPASSEX\u201d (Passing Exercise), se llevan a cabo cuando unidades de distintas marinas coinciden en una misma zona y aprovechan la oportunidad para entrenar en conjunto.<\/p>\n<p>Durante el desarrollo del<strong> Passex 2026<\/strong>, las fuerzas participantes ejecutaron pr\u00e1cticas de comunicaci\u00f3n t\u00e1ctica, maniobras de navegaci\u00f3n coordinada y simulacros de respuesta ante distintos escenarios operativos, con el objetivo de mejorar la interoperabilidad entre ambas armadas. Estas acciones permiten fortalecer la capacidad de trabajo conjunto en situaciones reales, como operaciones de seguridad mar\u00edtima o asistencia ante emergencias.<\/p>\n<h2>Un \u00abEstado Mayor Multinacional\u00bb integra a marinos argentinos y estadounidenses<\/h2>\n<p>El portaaviones USS Nimitz funciona como sede de un <strong>Estado Mayor Multinacional<\/strong> bajo el mando superior del contraalmirante <strong>Carlos Sardiello<\/strong>, comandante de las Fuerzas Navales del Comando Sur y de la Cuarta Flota de los Estados Unidos. Los capitanes de corbeta argentinos <strong>Julio Escudero<\/strong> y <strong>Romina Banegas<\/strong>, y el suboficial primero <strong>Jorge Ortiz<\/strong> se integran como oficiales de enlace y planificaci\u00f3n en el dise\u00f1o de las t\u00e1cticas de defensa, las comunicaciones y los protocolos de seguridad. <\/p>\n<p>El <strong>USS Nimitz<\/strong> navega acompa\u00f1ado por el destructor <strong>USS Gridley<\/strong> (DDG-101). Las unidades argentinas que se integraron de manera escalonada son los destructores ARA La Argentina (que se sum\u00f3 el martes 28 de abril a la altura de Trelew, con dos helic\u00f3pteros Sea King de la Segunda Escuadrilla Aeronaval de Helic\u00f3pteros) y ARA Sarand\u00ed (incorporado el mi\u00e9rcoles 29 frente a Necochea), adem\u00e1s de las corbetas ARA Robinson y ARA Rosales, y los patrulleros oce\u00e1nicos ARA Piedrabuena y ARA Contraalmirante Cordero. Todas partieron desde la <strong>Base Naval Puerto Belgrano<\/strong>.<\/p>\n<p>Durante las maniobras se realizaron <strong>pr\u00e1cticas de maniobras en formaci\u00f3n<\/strong>, evoluciones t\u00e1cticas, ejercicios de comunicaciones, vuelos de exploraci\u00f3n con aeronaves P-3C Orion, simulaciones de defensa antia\u00e9rea con ataques de cazas F-18, un ejercicio de Visita, Registro y Captura (VBSS) entre el ARA Contraalmirante Cordero y el USS Gridley, y un <strong>Photoex <\/strong>(ejercicio fotogr\u00e1fico). Frente a Mar del Plata, las unidades de superficie navegaron en columna.<\/p>\n<div style=\"text-align:center\">\n<figure class=\"image\" style=\"display:inline-block\"><picture><source media=\"(max-width: 440px)\" srcset=\"https:\/\/fotos.perfil.com\/\/2026\/04\/28\/440\/0\/porta-aviones-uss-nimitz-28042026-2229264.jpg?webp\"\/><source media=\"(max-width: 1019px)\" srcset=\"https:\/\/fotos.perfil.com\/\/2026\/04\/28\/712\/0\/porta-aviones-uss-nimitz-28042026-2229264.jpg?webp\"\/><img decoding=\"async\" style=\"max-width: 100%; width: 100%;\" alt=\"Porta Aviones USS Nimitz 28042026\" src=\"https:\/\/fotos.perfil.com\/\/2026\/04\/28\/900\/0\/porta-aviones-uss-nimitz-28042026-2229264.jpg?webp\" loading=\"lazy\"\/><\/picture><figcaption><em>Alberga hasta 90 aeronaves, como cazas F\/A-18 Super Hornet y helic\u00f3pteros, con una tripulaci\u00f3n de cerca de 6.000 personas<\/em><\/figcaption><\/figure>\n<\/p><\/div>\n<h2>Los planes de una base naval conjunta de cara a la Ant\u00e1rtida<\/h2>\n<p>Esta actividad se enmarca en un fortalecimiento de la cooperaci\u00f3n en defensa entre ambos pa\u00edses durante la gesti\u00f3n de Milei. En 2024 se realiz\u00f3 una edici\u00f3n anterior de los Southern Seas con la visita del portaaviones USS George Washington. Un punto relevante fue la visita de la entonces jefa del Comando Sur, general <strong>Laura Richardson<\/strong>, a <strong>Ushuaia <\/strong>en abril de 2024. Durante esa gira, Milei se traslad\u00f3 especialmente a la ciudad fueguina para reunirse con ella y avanzar en el proyecto de la Base Naval Integrada de Ushuaia, pensada como centro log\u00edstico para proyecci\u00f3n ant\u00e1rtica. <\/p>\n<p>A fines de 2025, mediante un decreto, el presidente autoriz\u00f3 el ingreso de fuerzas militares de <strong>Estados Unidos<\/strong> a la base naval de Tierra del Fuego para realizar actividades entre el 20 de octubre y el 15 de noviembre.<strong> <\/strong>Durante el a\u00f1o, se avanz\u00f3 en los planes para que Estados Unidos financie parte de la construcci\u00f3n de una <strong>Base Naval Integrada<\/strong> en Ushuaia, proyect\u00e1ndola como una \u00abpuerta de entrada\u00bb conjunta a la <strong>Ant\u00e1rtida<\/strong>.<\/p>\n<p>MB\/LT\/PM\/ff<\/p>\n<\/p><\/div>\n<p><script>\n                !function(f,b,e,v,n,t,s)\n                {if(f.fbq)return;n=f.fbq=function(){n.callMethod?\n                    n.callMethod.apply(n,arguments):n.queue.push(arguments)};\n                    if(!f._fbq)f._fbq=n;n.push=n;n.loaded=!0;n.version='2.0';\n                    n.queue=[];t=b.createElement(e);t.async=!0;\n                    t.src=v;s=b.getElementsByTagName(e)[0];\n                    s.parentNode.insertBefore(t,s)}(window, document,'script',\n                    'https:\/\/connect.facebook.net\/en_US\/fbevents.js');\n                window.paywallConfig.facebook_pixel=\"1000228364089342\"\n            <\/script><\/p>\n","protected":false},"excerpt":{"rendered":"<p>El presidente Javier Milei desembarc\u00f3 esta tarde en la cubierta del portaaviones de propulsi\u00f3n nuclear USS Nimitz de la Armada de los Estados Unidos, que navega por aguas del Mar Argentino cerca de las costas de Mar del Plata. La visita oficial se produjo en el marco del operativo conjunto Passex 2026, una serie de [&hellip;]<\/p>\n","protected":false},"author":2,"featured_media":194052,"comment_status":"closed","ping_status":"closed","sticky":false,"template":"","format":"standard","meta":{"footnotes":""},"categories":[25],"tags":[],"class_list":["post-194051","post","type-post","status-publish","format-standard","has-post-thumbnail","hentry","category-nacionales"],"yoast_head":"<!-- This site is optimized with the Yoast SEO plugin v24.4 - https:\/\/yoast.com\/wordpress\/plugins\/seo\/ -->\n<title>Milei visita el portaaviones USS Nimitz en el Mar Argentino - GYS NOTICIAS |<\/title>\n<meta name=\"robots\" content=\"index, follow, max-snippet:-1, max-image-preview:large, max-video-preview:-1\" \/>\n<link rel=\"canonical\" href=\"https:\/\/gysfm.com.ar\/inicio\/milei-visita-el-portaaviones-uss-nimitz-en-el-mar-argentino\/\" \/>\n<meta property=\"og:locale\" content=\"es_ES\" \/>\n<meta property=\"og:type\" content=\"article\" \/>\n<meta property=\"og:title\" content=\"Milei visita el portaaviones USS Nimitz en el Mar Argentino - GYS NOTICIAS |\" \/>\n<meta property=\"og:description\" content=\"El presidente Javier Milei desembarc\u00f3 esta tarde en la cubierta del portaaviones de propulsi\u00f3n nuclear USS Nimitz de la Armada de los Estados Unidos, que navega por aguas del Mar Argentino cerca de las costas de Mar del Plata. La visita oficial se produjo en el marco del operativo conjunto Passex 2026, una serie de [&hellip;]\" \/>\n<meta property=\"og:url\" content=\"https:\/\/gysfm.com.ar\/inicio\/milei-visita-el-portaaviones-uss-nimitz-en-el-mar-argentino\/\" \/>\n<meta property=\"og:site_name\" content=\"GYS NOTICIAS |\" \/>\n<meta property=\"article:published_time\" content=\"2026-05-01T09:43:07+00:00\" \/>\n<meta property=\"og:image\" content=\"https:\/\/fotos.perfil.com\/\/2026\/04\/30\/900\/0\/milei-en-el-portaaviones-nuclear-uss-nimitz-30042026-2231500.jpg?webp\" \/>\n<meta name=\"author\" content=\"Prensa G&amp;S FM\" \/>\n<meta name=\"twitter:card\" content=\"summary_large_image\" \/>\n<meta name=\"twitter:label1\" content=\"Escrito por\" \/>\n\t<meta name=\"twitter:data1\" content=\"Prensa G&amp;S FM\" \/>\n\t<meta name=\"twitter:label2\" content=\"Tiempo de lectura\" \/>\n\t<meta name=\"twitter:data2\" content=\"5 minutos\" \/>\n<script type=\"application\/ld+json\" class=\"yoast-schema-graph\">{\"@context\":\"https:\/\/schema.org\",\"@graph\":[{\"@type\":\"Article\",\"@id\":\"https:\/\/gysfm.com.ar\/inicio\/milei-visita-el-portaaviones-uss-nimitz-en-el-mar-argentino\/#article\",\"isPartOf\":{\"@id\":\"https:\/\/gysfm.com.ar\/inicio\/milei-visita-el-portaaviones-uss-nimitz-en-el-mar-argentino\/\"},\"author\":{\"name\":\"Prensa G&amp;S FM\",\"@id\":\"https:\/\/gysfm.com.ar\/inicio\/#\/schema\/person\/3abba7593ef2ad19e1be221d54383dc5\"},\"headline\":\"Milei visita el portaaviones USS Nimitz en el Mar Argentino\",\"datePublished\":\"2026-05-01T09:43:07+00:00\",\"mainEntityOfPage\":{\"@id\":\"https:\/\/gysfm.com.ar\/inicio\/milei-visita-el-portaaviones-uss-nimitz-en-el-mar-argentino\/\"},\"wordCount\":1027,\"publisher\":{\"@id\":\"https:\/\/gysfm.com.ar\/inicio\/#organization\"},\"image\":{\"@id\":\"https:\/\/gysfm.com.ar\/inicio\/milei-visita-el-portaaviones-uss-nimitz-en-el-mar-argentino\/#primaryimage\"},\"thumbnailUrl\":\"https:\/\/gysfm.com.ar\/inicio\/wp-content\/uploads\/2026\/05\/milei-en-el-portaaviones-nuclear-uss-nimitz-30042026-2231531.jpg\",\"articleSection\":[\"NACIONALES\"],\"inLanguage\":\"es\"},{\"@type\":\"WebPage\",\"@id\":\"https:\/\/gysfm.com.ar\/inicio\/milei-visita-el-portaaviones-uss-nimitz-en-el-mar-argentino\/\",\"url\":\"https:\/\/gysfm.com.ar\/inicio\/milei-visita-el-portaaviones-uss-nimitz-en-el-mar-argentino\/\",\"name\":\"Milei visita el portaaviones USS Nimitz en el Mar Argentino - GYS NOTICIAS |\",\"isPartOf\":{\"@id\":\"https:\/\/gysfm.com.ar\/inicio\/#website\"},\"primaryImageOfPage\":{\"@id\":\"https:\/\/gysfm.com.ar\/inicio\/milei-visita-el-portaaviones-uss-nimitz-en-el-mar-argentino\/#primaryimage\"},\"image\":{\"@id\":\"https:\/\/gysfm.com.ar\/inicio\/milei-visita-el-portaaviones-uss-nimitz-en-el-mar-argentino\/#primaryimage\"},\"thumbnailUrl\":\"https:\/\/gysfm.com.ar\/inicio\/wp-content\/uploads\/2026\/05\/milei-en-el-portaaviones-nuclear-uss-nimitz-30042026-2231531.jpg\",\"datePublished\":\"2026-05-01T09:43:07+00:00\",\"breadcrumb\":{\"@id\":\"https:\/\/gysfm.com.ar\/inicio\/milei-visita-el-portaaviones-uss-nimitz-en-el-mar-argentino\/#breadcrumb\"},\"inLanguage\":\"es\",\"potentialAction\":[{\"@type\":\"ReadAction\",\"target\":[\"https:\/\/gysfm.com.ar\/inicio\/milei-visita-el-portaaviones-uss-nimitz-en-el-mar-argentino\/\"]}]},{\"@type\":\"ImageObject\",\"inLanguage\":\"es\",\"@id\":\"https:\/\/gysfm.com.ar\/inicio\/milei-visita-el-portaaviones-uss-nimitz-en-el-mar-argentino\/#primaryimage\",\"url\":\"https:\/\/gysfm.com.ar\/inicio\/wp-content\/uploads\/2026\/05\/milei-en-el-portaaviones-nuclear-uss-nimitz-30042026-2231531.jpg\",\"contentUrl\":\"https:\/\/gysfm.com.ar\/inicio\/wp-content\/uploads\/2026\/05\/milei-en-el-portaaviones-nuclear-uss-nimitz-30042026-2231531.jpg\",\"width\":1140,\"height\":641},{\"@type\":\"BreadcrumbList\",\"@id\":\"https:\/\/gysfm.com.ar\/inicio\/milei-visita-el-portaaviones-uss-nimitz-en-el-mar-argentino\/#breadcrumb\",\"itemListElement\":[{\"@type\":\"ListItem\",\"position\":1,\"name\":\"Portada\",\"item\":\"https:\/\/gysfm.com.ar\/inicio\/\"},{\"@type\":\"ListItem\",\"position\":2,\"name\":\"Milei visita el portaaviones USS Nimitz en el Mar Argentino\"}]},{\"@type\":\"WebSite\",\"@id\":\"https:\/\/gysfm.com.ar\/inicio\/#website\",\"url\":\"https:\/\/gysfm.com.ar\/inicio\/\",\"name\":\"GYS NOTICIAS |\",\"description\":\"DIARIO - RADIO ONLINE SAN JUAN ARGENTINA\",\"publisher\":{\"@id\":\"https:\/\/gysfm.com.ar\/inicio\/#organization\"},\"potentialAction\":[{\"@type\":\"SearchAction\",\"target\":{\"@type\":\"EntryPoint\",\"urlTemplate\":\"https:\/\/gysfm.com.ar\/inicio\/?s={search_term_string}\"},\"query-input\":{\"@type\":\"PropertyValueSpecification\",\"valueRequired\":true,\"valueName\":\"search_term_string\"}}],\"inLanguage\":\"es\"},{\"@type\":\"Organization\",\"@id\":\"https:\/\/gysfm.com.ar\/inicio\/#organization\",\"name\":\"GYS NOTICIAS |\",\"url\":\"https:\/\/gysfm.com.ar\/inicio\/\",\"logo\":{\"@type\":\"ImageObject\",\"inLanguage\":\"es\",\"@id\":\"https:\/\/gysfm.com.ar\/inicio\/#\/schema\/logo\/image\/\",\"url\":\"https:\/\/gysfm.com.ar\/inicio\/wp-content\/uploads\/2023\/07\/LOGOGYS-OK.png\",\"contentUrl\":\"https:\/\/gysfm.com.ar\/inicio\/wp-content\/uploads\/2023\/07\/LOGOGYS-OK.png\",\"width\":1170,\"height\":872,\"caption\":\"GYS NOTICIAS |\"},\"image\":{\"@id\":\"https:\/\/gysfm.com.ar\/inicio\/#\/schema\/logo\/image\/\"}},{\"@type\":\"Person\",\"@id\":\"https:\/\/gysfm.com.ar\/inicio\/#\/schema\/person\/3abba7593ef2ad19e1be221d54383dc5\",\"name\":\"Prensa G&amp;S FM\",\"image\":{\"@type\":\"ImageObject\",\"inLanguage\":\"es\",\"@id\":\"https:\/\/gysfm.com.ar\/inicio\/#\/schema\/person\/image\/\",\"url\":\"https:\/\/secure.gravatar.com\/avatar\/096ec78df02049ab018702bb4ccedf659377fa92a26540b5247612077a0dbd29?s=96&d=mm&r=g\",\"contentUrl\":\"https:\/\/secure.gravatar.com\/avatar\/096ec78df02049ab018702bb4ccedf659377fa92a26540b5247612077a0dbd29?s=96&d=mm&r=g\",\"caption\":\"Prensa G&amp;S FM\"},\"sameAs\":[\"https:\/\/gysfm.com.ar\/\"],\"url\":\"https:\/\/gysfm.com.ar\/inicio\/author\/lucasm\/\"}]}<\/script>\n<!-- \/ Yoast SEO plugin. -->","yoast_head_json":{"title":"Milei visita el portaaviones USS Nimitz en el Mar Argentino - GYS NOTICIAS |","robots":{"index":"index","follow":"follow","max-snippet":"max-snippet:-1","max-image-preview":"max-image-preview:large","max-video-preview":"max-video-preview:-1"},"canonical":"https:\/\/gysfm.com.ar\/inicio\/milei-visita-el-portaaviones-uss-nimitz-en-el-mar-argentino\/","og_locale":"es_ES","og_type":"article","og_title":"Milei visita el portaaviones USS Nimitz en el Mar Argentino - GYS NOTICIAS |","og_description":"El presidente Javier Milei desembarc\u00f3 esta tarde en la cubierta del portaaviones de propulsi\u00f3n nuclear USS Nimitz de la Armada de los Estados Unidos, que navega por aguas del Mar Argentino cerca de las costas de Mar del Plata. La visita oficial se produjo en el marco del operativo conjunto Passex 2026, una serie de [&hellip;]","og_url":"https:\/\/gysfm.com.ar\/inicio\/milei-visita-el-portaaviones-uss-nimitz-en-el-mar-argentino\/","og_site_name":"GYS NOTICIAS |","article_published_time":"2026-05-01T09:43:07+00:00","og_image":[{"url":"https:\/\/fotos.perfil.com\/\/2026\/04\/30\/900\/0\/milei-en-el-portaaviones-nuclear-uss-nimitz-30042026-2231500.jpg?webp","type":"","width":"","height":""}],"author":"Prensa G&amp;S FM","twitter_card":"summary_large_image","twitter_misc":{"Escrito por":"Prensa G&amp;S FM","Tiempo de lectura":"5 minutos"},"schema":{"@context":"https:\/\/schema.org","@graph":[{"@type":"Article","@id":"https:\/\/gysfm.com.ar\/inicio\/milei-visita-el-portaaviones-uss-nimitz-en-el-mar-argentino\/#article","isPartOf":{"@id":"https:\/\/gysfm.com.ar\/inicio\/milei-visita-el-portaaviones-uss-nimitz-en-el-mar-argentino\/"},"author":{"name":"Prensa G&amp;S FM","@id":"https:\/\/gysfm.com.ar\/inicio\/#\/schema\/person\/3abba7593ef2ad19e1be221d54383dc5"},"headline":"Milei visita el portaaviones USS Nimitz en el Mar Argentino","datePublished":"2026-05-01T09:43:07+00:00","mainEntityOfPage":{"@id":"https:\/\/gysfm.com.ar\/inicio\/milei-visita-el-portaaviones-uss-nimitz-en-el-mar-argentino\/"},"wordCount":1027,"publisher":{"@id":"https:\/\/gysfm.com.ar\/inicio\/#organization"},"image":{"@id":"https:\/\/gysfm.com.ar\/inicio\/milei-visita-el-portaaviones-uss-nimitz-en-el-mar-argentino\/#primaryimage"},"thumbnailUrl":"https:\/\/gysfm.com.ar\/inicio\/wp-content\/uploads\/2026\/05\/milei-en-el-portaaviones-nuclear-uss-nimitz-30042026-2231531.jpg","articleSection":["NACIONALES"],"inLanguage":"es"},{"@type":"WebPage","@id":"https:\/\/gysfm.com.ar\/inicio\/milei-visita-el-portaaviones-uss-nimitz-en-el-mar-argentino\/","url":"https:\/\/gysfm.com.ar\/inicio\/milei-visita-el-portaaviones-uss-nimitz-en-el-mar-argentino\/","name":"Milei visita el portaaviones USS Nimitz en el Mar Argentino - GYS NOTICIAS |","isPartOf":{"@id":"https:\/\/gysfm.com.ar\/inicio\/#website"},"primaryImageOfPage":{"@id":"https:\/\/gysfm.com.ar\/inicio\/milei-visita-el-portaaviones-uss-nimitz-en-el-mar-argentino\/#primaryimage"},"image":{"@id":"https:\/\/gysfm.com.ar\/inicio\/milei-visita-el-portaaviones-uss-nimitz-en-el-mar-argentino\/#primaryimage"},"thumbnailUrl":"https:\/\/gysfm.com.ar\/inicio\/wp-content\/uploads\/2026\/05\/milei-en-el-portaaviones-nuclear-uss-nimitz-30042026-2231531.jpg","datePublished":"2026-05-01T09:43:07+00:00","breadcrumb":{"@id":"https:\/\/gysfm.com.ar\/inicio\/milei-visita-el-portaaviones-uss-nimitz-en-el-mar-argentino\/#breadcrumb"},"inLanguage":"es","potentialAction":[{"@type":"ReadAction","target":["https:\/\/gysfm.com.ar\/inicio\/milei-visita-el-portaaviones-uss-nimitz-en-el-mar-argentino\/"]}]},{"@type":"ImageObject","inLanguage":"es","@id":"https:\/\/gysfm.com.ar\/inicio\/milei-visita-el-portaaviones-uss-nimitz-en-el-mar-argentino\/#primaryimage","url":"https:\/\/gysfm.com.ar\/inicio\/wp-content\/uploads\/2026\/05\/milei-en-el-portaaviones-nuclear-uss-nimitz-30042026-2231531.jpg","contentUrl":"https:\/\/gysfm.com.ar\/inicio\/wp-content\/uploads\/2026\/05\/milei-en-el-portaaviones-nuclear-uss-nimitz-30042026-2231531.jpg","width":1140,"height":641},{"@type":"BreadcrumbList","@id":"https:\/\/gysfm.com.ar\/inicio\/milei-visita-el-portaaviones-uss-nimitz-en-el-mar-argentino\/#breadcrumb","itemListElement":[{"@type":"ListItem","position":1,"name":"Portada","item":"https:\/\/gysfm.com.ar\/inicio\/"},{"@type":"ListItem","position":2,"name":"Milei visita el portaaviones USS Nimitz en el Mar Argentino"}]},{"@type":"WebSite","@id":"https:\/\/gysfm.com.ar\/inicio\/#website","url":"https:\/\/gysfm.com.ar\/inicio\/","name":"GYS NOTICIAS |","description":"DIARIO - RADIO ONLINE SAN JUAN ARGENTINA","publisher":{"@id":"https:\/\/gysfm.com.ar\/inicio\/#organization"},"potentialAction":[{"@type":"SearchAction","target":{"@type":"EntryPoint","urlTemplate":"https:\/\/gysfm.com.ar\/inicio\/?s={search_term_string}"},"query-input":{"@type":"PropertyValueSpecification","valueRequired":true,"valueName":"search_term_string"}}],"inLanguage":"es"},{"@type":"Organization","@id":"https:\/\/gysfm.com.ar\/inicio\/#organization","name":"GYS NOTICIAS |","url":"https:\/\/gysfm.com.ar\/inicio\/","logo":{"@type":"ImageObject","inLanguage":"es","@id":"https:\/\/gysfm.com.ar\/inicio\/#\/schema\/logo\/image\/","url":"https:\/\/gysfm.com.ar\/inicio\/wp-content\/uploads\/2023\/07\/LOGOGYS-OK.png","contentUrl":"https:\/\/gysfm.com.ar\/inicio\/wp-content\/uploads\/2023\/07\/LOGOGYS-OK.png","width":1170,"height":872,"caption":"GYS NOTICIAS |"},"image":{"@id":"https:\/\/gysfm.com.ar\/inicio\/#\/schema\/logo\/image\/"}},{"@type":"Person","@id":"https:\/\/gysfm.com.ar\/inicio\/#\/schema\/person\/3abba7593ef2ad19e1be221d54383dc5","name":"Prensa G&amp;S FM","image":{"@type":"ImageObject","inLanguage":"es","@id":"https:\/\/gysfm.com.ar\/inicio\/#\/schema\/person\/image\/","url":"https:\/\/secure.gravatar.com\/avatar\/096ec78df02049ab018702bb4ccedf659377fa92a26540b5247612077a0dbd29?s=96&d=mm&r=g","contentUrl":"https:\/\/secure.gravatar.com\/avatar\/096ec78df02049ab018702bb4ccedf659377fa92a26540b5247612077a0dbd29?s=96&d=mm&r=g","caption":"Prensa G&amp;S FM"},"sameAs":["https:\/\/gysfm.com.ar\/"],"url":"https:\/\/gysfm.com.ar\/inicio\/author\/lucasm\/"}]}},"_links":{"self":[{"href":"https:\/\/gysfm.com.ar\/inicio\/wp-json\/wp\/v2\/posts\/194051","targetHints":{"allow":["GET"]}}],"collection":[{"href":"https:\/\/gysfm.com.ar\/inicio\/wp-json\/wp\/v2\/posts"}],"about":[{"href":"https:\/\/gysfm.com.ar\/inicio\/wp-json\/wp\/v2\/types\/post"}],"author":[{"embeddable":true,"href":"https:\/\/gysfm.com.ar\/inicio\/wp-json\/wp\/v2\/users\/2"}],"replies":[{"embeddable":true,"href":"https:\/\/gysfm.com.ar\/inicio\/wp-json\/wp\/v2\/comments?post=194051"}],"version-history":[{"count":0,"href":"https:\/\/gysfm.com.ar\/inicio\/wp-json\/wp\/v2\/posts\/194051\/revisions"}],"wp:featuredmedia":[{"embeddable":true,"href":"https:\/\/gysfm.com.ar\/inicio\/wp-json\/wp\/v2\/media\/194052"}],"wp:attachment":[{"href":"https:\/\/gysfm.com.ar\/inicio\/wp-json\/wp\/v2\/media?parent=194051"}],"wp:term":[{"taxonomy":"category","embeddable":true,"href":"https:\/\/gysfm.com.ar\/inicio\/wp-json\/wp\/v2\/categories?post=194051"},{"taxonomy":"post_tag","embeddable":true,"href":"https:\/\/gysfm.com.ar\/inicio\/wp-json\/wp\/v2\/tags?post=194051"}],"curies":[{"name":"wp","href":"https:\/\/api.w.org\/{rel}","templated":true}]}}