{"id":194049,"date":"2026-05-01T06:11:58","date_gmt":"2026-05-01T09:11:58","guid":{"rendered":"https:\/\/gysfm.com.ar\/inicio\/caso-adorni-cositorto-finalmente-fue-un-perejil\/"},"modified":"2026-05-01T06:11:58","modified_gmt":"2026-05-01T09:11:58","slug":"caso-adorni-cositorto-finalmente-fue-un-perejil","status":"publish","type":"post","link":"https:\/\/gysfm.com.ar\/inicio\/caso-adorni-cositorto-finalmente-fue-un-perejil\/","title":{"rendered":"Caso Adorni: Cositorto finalmente fue un perejil"},"content":{"rendered":"<p><\/p>\n<div id=\"article-content\">\n<p><strong><a target=\"_blank\" href=\"https:\/\/Generaci\u00f3n Zoe: la causa contra Leonardo Cositorto fue asignada al Tribunal Oral Federal 2 de C\u00f3rdoba\">Leonardo Cositorto <\/a><\/strong>termin\u00f3 donde corresponde:<strong> detenido, procesado y enfrentando condenas por estafa<\/strong>. Un caso pedag\u00f3gico: prometi\u00f3 ganancias imposibles, arm\u00f3 una estructura, enga\u00f1\u00f3 a miles, huy\u00f3\u2026 y lo pescaron. El sistema, con demoras, funcion\u00f3. Pero mientras el estafador \u201ccl\u00e1sico\u201d termina preso, en la pol\u00edtica argentina el recorrido parece inverso: cuanto m\u00e1s grande el esc\u00e1ndalo, menor la consecuencia. Y eso ya no es percepci\u00f3n: es la suma de casos que vemos a diario.<\/p>\n<p>El jefe de gabinete <a target=\"_blank\" href=\"https:\/\/Manuel Adorni en el Congreso: los memes que dej\u00f3 su exposici\u00f3n y la reacci\u00f3n en redes\"><strong>Manuel Adorni <\/strong><\/a>se convirti\u00f3 en una pieza central del engranaje pol\u00edtico. No es solo un portavoz: es el vocero de<strong> Karina Milei <\/strong>y del gobierno de<strong> Javier Milei<\/strong>; un paraguas indispensable. Despu\u00e9s de semanas agitadas, con cuestionamientos sobre viajes, estilo de vida y propiedades, volvi\u00f3 a escena con la misma l\u00f3gica de siempre: <strong>negar, relativizar y, si es posible, ironizar<\/strong>. No explica: se corre y administra el desgaste. Y cuando el desgaste pasa, <strong>el tema desaparece.<\/strong><\/p>\n<p><strong>Milei<\/strong> necesita de <strong>Adorni<\/strong>. No solo como comunicador, sino como traductor pol\u00edtico. Es uno de sus \u00abmuchachos\u00bb. Pero en ese intento empieza a parecerse demasiado a lo que criticaba: una narrativa que complica lo simple, que explica en dif\u00edcil lo que la gente vive en sencillo. Un lenguaje t\u00e9cnico, sobre liberalismo, keynesianismo, macroeconom\u00eda o incluso menciones a Milton Friedman, que termina enredado, casi acad\u00e9mico, para<strong> justificar una crisis diaria que en la calle es brutalmente concreta.<\/strong><\/p>\n<div class=\"subscription\">\n<p>\n        Esto no les gusta a los autoritarios\n    <\/p>\n<div class=\"subscription__container\">\n<div class=\"subscription__text-wrapper\">\n<p>\n                El ejercicio del periodismo profesional y cr\u00edtico es un pilar fundamental de la democracia. Por eso molesta a quienes creen ser los due\u00f1os de la verdad.\n            <\/p>\n<\/p><\/div><\/div>\n<\/div>\n<p class=\"destacadoNota\"><a target=\"_blank\" href=\"https:\/\/www.perfil.com\/noticias\/politica\/segui-en-vivo-el-interrogatorio-a-manuel-adorni-el-congreso.phtml\">Adorni resisti\u00f3 la embestida opositora, descart\u00f3 renunciar y prometi\u00f3 \u00aberradicar\u00bb al kirchnerismo<\/a><\/p>\n<p>En La Matanza y en tantos otros rincones del pa\u00eds, la realidad no se teoriza se padece. Hay familias pagando alimentos con tarjetas, financiando la comida b\u00e1sica , convirtiendo la supervivencia en cuotas. Esa es la verdadera macroeconom\u00eda: la del carrito del supermercado\u2026 o la de los 250 gramos de carne que puede comprar un jubilado. Al mismo tiempo, la Justicia vuelve a enviar se\u00f1ales contradictorias. <a target=\"_blank\" href=\"https:\/\/La C\u00e1mara de Casaci\u00f3n anul\u00f3 el procesamiento de Alberto Fern\u00e1ndez en la causa Seguros\">El fallo que benefici\u00f3 a<strong> Alberto Fern\u00e1ndez<\/strong> <\/a>en la causa de los seguros, con votos de <strong>Mariano Borinsky<\/strong> y <strong>Javier Carbajo<\/strong>, y la disidencia de <strong>Gustavo Hornos<\/strong>, no solo genera dudas jur\u00eddicas, sino que refuerza una sensaci\u00f3n de<strong> \u201cimpunidad selectiva\u201d<\/strong>.<\/p>\n<p>No es un hecho aislado. Es parte de una secuencia donde el poder pol\u00edtico, incluso despu\u00e9s de haber sido procesado por negociaciones incompatibles, encuentra resquicios para salir a flote. El sistema, claramente, no es igual para todos. Cristina Fern\u00e1ndez de Kirchner vuelve a cobrar su jubilaci\u00f3n de privilegio; que causas de enorme impacto p\u00fablico avanzan con lentitud o se diluyen; que nombres como el <a target=\"_blank\" href=\"https:\/\/ANDIS, Diego Spagnuolo se neg\u00f3 a declarar en la causa por corrupci\u00f3n\">ex titular de ANDIS,<strong> Diego Spagnuolo<\/strong><\/a>, siguen sin definiciones concretas; y que esc\u00e1ndalos como el \u201ccaso Libra\u201d parecen dise\u00f1ados para perderse en el tiempo, sin imputados ni responsables, la comparaci\u00f3n con Cositorto deja de ser exagerada y pasa a ser directamente tragic\u00f3mica.<\/p>\n<p class=\"destacadoNota\"><a target=\"_blank\" href=\"https:\/\/www.perfil.com\/noticias\/economia\/suben-las-expectativas-de-inflacion-los-hogares-esperan-34-para-los-proximos-12-meses-a40.phtml\">Suben las expectativas de inflaci\u00f3n: los hogares esperan 34% para los pr\u00f3ximos 12 meses<\/a><\/p>\n<p>Ni hablar de episodios recientes donde el gobierno de Milei tuvo que apagar r\u00e1pidamente un foco de incendio con el secretario de Coordinaci\u00f3n de <a target=\"_blank\" href=\"https:\/\/El Gobierno oficializ\u00f3 la salida de Carlos Frugoni de Infraestructura y su reemplazo por Fernando Herrmann\">Infraestructura del Ministerio de Econom\u00eda, <strong>Carlos Frugoni<\/strong><\/a>, despedido tras conocerse la existencia de <strong>siete departamentos no declarados y dos sociedades en Estados Unidos<\/strong>, resuelto con un escueto \u201cme equivoqu\u00e9\u201d. El problema no es que un estafador termine preso. El problema es que el resto no. <\/p>\n<p>En derecho penal hay algo b\u00e1sico: la asociaci\u00f3n il\u00edcita ya es delito por s\u00ed misma. Organizarse para delinquir es punible incluso antes de que el da\u00f1o se concrete. Si adem\u00e1s se ejecuta la estafa, el delito se duplica. No discutimos la norma, es b\u00e1sicamente su aplicaci\u00f3n. El propio Gobierno empieza a depender de este mecanismo, en esa dependencia<strong> comienza a parecerse a aquella \u201ccasta\u201d que criticaba.<\/strong><\/p>\n<p>Explicar en dif\u00edcil lo que la gente vive en simple. Traducir la crisis en t\u00e9rminos t\u00e9cnicos mientras en la calle se la mide en otra moneda. La pol\u00edtica, finalmente, no se valida en la macroeconom\u00eda. Se valida en el bolsillo. Milei empieza a perder credibilidad. No porque la macro no importe, sino porque la percepci\u00f3n manda. La sociedad siente que le pidieron sacrificio\u2026 mientras ve que el poder sigue haciendo negocios.<\/p>\n<p><strong>\u201cNosotros la pasamos mal, ellos la pasan mejor\u201d, s<\/strong>e escucha en los focus Cuando la sociedad percibe que hay dos varas, una para el ciudadano com\u00fan y otra para el poder, lo que se rompe no es solo la confianza: se rompe el incentivo a cumplir la ley. El castigo depende del tama\u00f1o del poder y no del tama\u00f1o del delito, la ley deja de ser un l\u00edmite y pasa a ser una sugerencia. Y cuando la ley se vuelve una sugerencia, el sistema entero empieza a vaciarse por dentro.<\/p>\n<\/p><\/div>\n<p><script>\n                !function(f,b,e,v,n,t,s)\n                {if(f.fbq)return;n=f.fbq=function(){n.callMethod?\n                    n.callMethod.apply(n,arguments):n.queue.push(arguments)};\n                    if(!f._fbq)f._fbq=n;n.push=n;n.loaded=!0;n.version='2.0';\n                    n.queue=[];t=b.createElement(e);t.async=!0;\n                    t.src=v;s=b.getElementsByTagName(e)[0];\n                    s.parentNode.insertBefore(t,s)}(window, document,'script',\n                    'https:\/\/connect.facebook.net\/en_US\/fbevents.js');\n                window.paywallConfig.facebook_pixel=\"1000228364089342\"\n            <\/script><\/p>\n","protected":false},"excerpt":{"rendered":"<p>Leonardo Cositorto termin\u00f3 donde corresponde: detenido, procesado y enfrentando condenas por estafa. Un caso pedag\u00f3gico: prometi\u00f3 ganancias imposibles, arm\u00f3 una estructura, enga\u00f1\u00f3 a miles, huy\u00f3\u2026 y lo pescaron. El sistema, con demoras, funcion\u00f3. Pero mientras el estafador \u201ccl\u00e1sico\u201d termina preso, en la pol\u00edtica argentina el recorrido parece inverso: cuanto m\u00e1s grande el esc\u00e1ndalo, menor la [&hellip;]<\/p>\n","protected":false},"author":2,"featured_media":194050,"comment_status":"closed","ping_status":"closed","sticky":false,"template":"","format":"standard","meta":{"footnotes":""},"categories":[25],"tags":[],"class_list":["post-194049","post","type-post","status-publish","format-standard","has-post-thumbnail","hentry","category-nacionales"],"yoast_head":"<!-- This site is optimized with the Yoast SEO plugin v24.4 - https:\/\/yoast.com\/wordpress\/plugins\/seo\/ -->\n<title>Caso Adorni: Cositorto finalmente fue un perejil - GYS NOTICIAS |<\/title>\n<meta name=\"robots\" content=\"index, follow, max-snippet:-1, max-image-preview:large, max-video-preview:-1\" \/>\n<link rel=\"canonical\" href=\"https:\/\/gysfm.com.ar\/inicio\/caso-adorni-cositorto-finalmente-fue-un-perejil\/\" \/>\n<meta property=\"og:locale\" content=\"es_ES\" \/>\n<meta property=\"og:type\" content=\"article\" \/>\n<meta property=\"og:title\" content=\"Caso Adorni: Cositorto finalmente fue un perejil - GYS NOTICIAS |\" \/>\n<meta property=\"og:description\" content=\"Leonardo Cositorto termin\u00f3 donde corresponde: detenido, procesado y enfrentando condenas por estafa. Un caso pedag\u00f3gico: prometi\u00f3 ganancias imposibles, arm\u00f3 una estructura, enga\u00f1\u00f3 a miles, huy\u00f3\u2026 y lo pescaron. El sistema, con demoras, funcion\u00f3. Pero mientras el estafador \u201ccl\u00e1sico\u201d termina preso, en la pol\u00edtica argentina el recorrido parece inverso: cuanto m\u00e1s grande el esc\u00e1ndalo, menor la [&hellip;]\" \/>\n<meta property=\"og:url\" content=\"https:\/\/gysfm.com.ar\/inicio\/caso-adorni-cositorto-finalmente-fue-un-perejil\/\" \/>\n<meta property=\"og:site_name\" content=\"GYS NOTICIAS |\" \/>\n<meta property=\"article:published_time\" content=\"2026-05-01T09:11:58+00:00\" \/>\n<meta name=\"author\" content=\"Prensa G&amp;S FM\" \/>\n<meta name=\"twitter:card\" content=\"summary_large_image\" \/>\n<meta name=\"twitter:label1\" content=\"Escrito por\" \/>\n\t<meta name=\"twitter:data1\" content=\"Prensa G&amp;S FM\" \/>\n\t<meta name=\"twitter:label2\" content=\"Tiempo de lectura\" \/>\n\t<meta name=\"twitter:data2\" content=\"4 minutos\" \/>\n<script type=\"application\/ld+json\" class=\"yoast-schema-graph\">{\"@context\":\"https:\/\/schema.org\",\"@graph\":[{\"@type\":\"Article\",\"@id\":\"https:\/\/gysfm.com.ar\/inicio\/caso-adorni-cositorto-finalmente-fue-un-perejil\/#article\",\"isPartOf\":{\"@id\":\"https:\/\/gysfm.com.ar\/inicio\/caso-adorni-cositorto-finalmente-fue-un-perejil\/\"},\"author\":{\"name\":\"Prensa G&amp;S FM\",\"@id\":\"https:\/\/gysfm.com.ar\/inicio\/#\/schema\/person\/3abba7593ef2ad19e1be221d54383dc5\"},\"headline\":\"Caso Adorni: Cositorto finalmente fue un perejil\",\"datePublished\":\"2026-05-01T09:11:58+00:00\",\"mainEntityOfPage\":{\"@id\":\"https:\/\/gysfm.com.ar\/inicio\/caso-adorni-cositorto-finalmente-fue-un-perejil\/\"},\"wordCount\":851,\"publisher\":{\"@id\":\"https:\/\/gysfm.com.ar\/inicio\/#organization\"},\"image\":{\"@id\":\"https:\/\/gysfm.com.ar\/inicio\/caso-adorni-cositorto-finalmente-fue-un-perejil\/#primaryimage\"},\"thumbnailUrl\":\"https:\/\/gysfm.com.ar\/inicio\/wp-content\/uploads\/2026\/05\/adorni-30042026-2231672.jpg\",\"articleSection\":[\"NACIONALES\"],\"inLanguage\":\"es\"},{\"@type\":\"WebPage\",\"@id\":\"https:\/\/gysfm.com.ar\/inicio\/caso-adorni-cositorto-finalmente-fue-un-perejil\/\",\"url\":\"https:\/\/gysfm.com.ar\/inicio\/caso-adorni-cositorto-finalmente-fue-un-perejil\/\",\"name\":\"Caso Adorni: Cositorto finalmente fue un perejil - GYS NOTICIAS |\",\"isPartOf\":{\"@id\":\"https:\/\/gysfm.com.ar\/inicio\/#website\"},\"primaryImageOfPage\":{\"@id\":\"https:\/\/gysfm.com.ar\/inicio\/caso-adorni-cositorto-finalmente-fue-un-perejil\/#primaryimage\"},\"image\":{\"@id\":\"https:\/\/gysfm.com.ar\/inicio\/caso-adorni-cositorto-finalmente-fue-un-perejil\/#primaryimage\"},\"thumbnailUrl\":\"https:\/\/gysfm.com.ar\/inicio\/wp-content\/uploads\/2026\/05\/adorni-30042026-2231672.jpg\",\"datePublished\":\"2026-05-01T09:11:58+00:00\",\"breadcrumb\":{\"@id\":\"https:\/\/gysfm.com.ar\/inicio\/caso-adorni-cositorto-finalmente-fue-un-perejil\/#breadcrumb\"},\"inLanguage\":\"es\",\"potentialAction\":[{\"@type\":\"ReadAction\",\"target\":[\"https:\/\/gysfm.com.ar\/inicio\/caso-adorni-cositorto-finalmente-fue-un-perejil\/\"]}]},{\"@type\":\"ImageObject\",\"inLanguage\":\"es\",\"@id\":\"https:\/\/gysfm.com.ar\/inicio\/caso-adorni-cositorto-finalmente-fue-un-perejil\/#primaryimage\",\"url\":\"https:\/\/gysfm.com.ar\/inicio\/wp-content\/uploads\/2026\/05\/adorni-30042026-2231672.jpg\",\"contentUrl\":\"https:\/\/gysfm.com.ar\/inicio\/wp-content\/uploads\/2026\/05\/adorni-30042026-2231672.jpg\",\"width\":1140,\"height\":641},{\"@type\":\"BreadcrumbList\",\"@id\":\"https:\/\/gysfm.com.ar\/inicio\/caso-adorni-cositorto-finalmente-fue-un-perejil\/#breadcrumb\",\"itemListElement\":[{\"@type\":\"ListItem\",\"position\":1,\"name\":\"Portada\",\"item\":\"https:\/\/gysfm.com.ar\/inicio\/\"},{\"@type\":\"ListItem\",\"position\":2,\"name\":\"Caso Adorni: Cositorto finalmente fue un perejil\"}]},{\"@type\":\"WebSite\",\"@id\":\"https:\/\/gysfm.com.ar\/inicio\/#website\",\"url\":\"https:\/\/gysfm.com.ar\/inicio\/\",\"name\":\"GYS NOTICIAS |\",\"description\":\"DIARIO - RADIO ONLINE SAN JUAN ARGENTINA\",\"publisher\":{\"@id\":\"https:\/\/gysfm.com.ar\/inicio\/#organization\"},\"potentialAction\":[{\"@type\":\"SearchAction\",\"target\":{\"@type\":\"EntryPoint\",\"urlTemplate\":\"https:\/\/gysfm.com.ar\/inicio\/?s={search_term_string}\"},\"query-input\":{\"@type\":\"PropertyValueSpecification\",\"valueRequired\":true,\"valueName\":\"search_term_string\"}}],\"inLanguage\":\"es\"},{\"@type\":\"Organization\",\"@id\":\"https:\/\/gysfm.com.ar\/inicio\/#organization\",\"name\":\"GYS NOTICIAS |\",\"url\":\"https:\/\/gysfm.com.ar\/inicio\/\",\"logo\":{\"@type\":\"ImageObject\",\"inLanguage\":\"es\",\"@id\":\"https:\/\/gysfm.com.ar\/inicio\/#\/schema\/logo\/image\/\",\"url\":\"https:\/\/gysfm.com.ar\/inicio\/wp-content\/uploads\/2023\/07\/LOGOGYS-OK.png\",\"contentUrl\":\"https:\/\/gysfm.com.ar\/inicio\/wp-content\/uploads\/2023\/07\/LOGOGYS-OK.png\",\"width\":1170,\"height\":872,\"caption\":\"GYS NOTICIAS |\"},\"image\":{\"@id\":\"https:\/\/gysfm.com.ar\/inicio\/#\/schema\/logo\/image\/\"}},{\"@type\":\"Person\",\"@id\":\"https:\/\/gysfm.com.ar\/inicio\/#\/schema\/person\/3abba7593ef2ad19e1be221d54383dc5\",\"name\":\"Prensa G&amp;S FM\",\"image\":{\"@type\":\"ImageObject\",\"inLanguage\":\"es\",\"@id\":\"https:\/\/gysfm.com.ar\/inicio\/#\/schema\/person\/image\/\",\"url\":\"https:\/\/secure.gravatar.com\/avatar\/096ec78df02049ab018702bb4ccedf659377fa92a26540b5247612077a0dbd29?s=96&d=mm&r=g\",\"contentUrl\":\"https:\/\/secure.gravatar.com\/avatar\/096ec78df02049ab018702bb4ccedf659377fa92a26540b5247612077a0dbd29?s=96&d=mm&r=g\",\"caption\":\"Prensa G&amp;S FM\"},\"sameAs\":[\"https:\/\/gysfm.com.ar\/\"],\"url\":\"https:\/\/gysfm.com.ar\/inicio\/author\/lucasm\/\"}]}<\/script>\n<!-- \/ Yoast SEO plugin. -->","yoast_head_json":{"title":"Caso Adorni: Cositorto finalmente fue un perejil - GYS NOTICIAS |","robots":{"index":"index","follow":"follow","max-snippet":"max-snippet:-1","max-image-preview":"max-image-preview:large","max-video-preview":"max-video-preview:-1"},"canonical":"https:\/\/gysfm.com.ar\/inicio\/caso-adorni-cositorto-finalmente-fue-un-perejil\/","og_locale":"es_ES","og_type":"article","og_title":"Caso Adorni: Cositorto finalmente fue un perejil - GYS NOTICIAS |","og_description":"Leonardo Cositorto termin\u00f3 donde corresponde: detenido, procesado y enfrentando condenas por estafa. Un caso pedag\u00f3gico: prometi\u00f3 ganancias imposibles, arm\u00f3 una estructura, enga\u00f1\u00f3 a miles, huy\u00f3\u2026 y lo pescaron. El sistema, con demoras, funcion\u00f3. Pero mientras el estafador \u201ccl\u00e1sico\u201d termina preso, en la pol\u00edtica argentina el recorrido parece inverso: cuanto m\u00e1s grande el esc\u00e1ndalo, menor la [&hellip;]","og_url":"https:\/\/gysfm.com.ar\/inicio\/caso-adorni-cositorto-finalmente-fue-un-perejil\/","og_site_name":"GYS NOTICIAS |","article_published_time":"2026-05-01T09:11:58+00:00","author":"Prensa G&amp;S FM","twitter_card":"summary_large_image","twitter_misc":{"Escrito por":"Prensa G&amp;S FM","Tiempo de lectura":"4 minutos"},"schema":{"@context":"https:\/\/schema.org","@graph":[{"@type":"Article","@id":"https:\/\/gysfm.com.ar\/inicio\/caso-adorni-cositorto-finalmente-fue-un-perejil\/#article","isPartOf":{"@id":"https:\/\/gysfm.com.ar\/inicio\/caso-adorni-cositorto-finalmente-fue-un-perejil\/"},"author":{"name":"Prensa G&amp;S FM","@id":"https:\/\/gysfm.com.ar\/inicio\/#\/schema\/person\/3abba7593ef2ad19e1be221d54383dc5"},"headline":"Caso Adorni: Cositorto finalmente fue un perejil","datePublished":"2026-05-01T09:11:58+00:00","mainEntityOfPage":{"@id":"https:\/\/gysfm.com.ar\/inicio\/caso-adorni-cositorto-finalmente-fue-un-perejil\/"},"wordCount":851,"publisher":{"@id":"https:\/\/gysfm.com.ar\/inicio\/#organization"},"image":{"@id":"https:\/\/gysfm.com.ar\/inicio\/caso-adorni-cositorto-finalmente-fue-un-perejil\/#primaryimage"},"thumbnailUrl":"https:\/\/gysfm.com.ar\/inicio\/wp-content\/uploads\/2026\/05\/adorni-30042026-2231672.jpg","articleSection":["NACIONALES"],"inLanguage":"es"},{"@type":"WebPage","@id":"https:\/\/gysfm.com.ar\/inicio\/caso-adorni-cositorto-finalmente-fue-un-perejil\/","url":"https:\/\/gysfm.com.ar\/inicio\/caso-adorni-cositorto-finalmente-fue-un-perejil\/","name":"Caso Adorni: Cositorto finalmente fue un perejil - GYS NOTICIAS |","isPartOf":{"@id":"https:\/\/gysfm.com.ar\/inicio\/#website"},"primaryImageOfPage":{"@id":"https:\/\/gysfm.com.ar\/inicio\/caso-adorni-cositorto-finalmente-fue-un-perejil\/#primaryimage"},"image":{"@id":"https:\/\/gysfm.com.ar\/inicio\/caso-adorni-cositorto-finalmente-fue-un-perejil\/#primaryimage"},"thumbnailUrl":"https:\/\/gysfm.com.ar\/inicio\/wp-content\/uploads\/2026\/05\/adorni-30042026-2231672.jpg","datePublished":"2026-05-01T09:11:58+00:00","breadcrumb":{"@id":"https:\/\/gysfm.com.ar\/inicio\/caso-adorni-cositorto-finalmente-fue-un-perejil\/#breadcrumb"},"inLanguage":"es","potentialAction":[{"@type":"ReadAction","target":["https:\/\/gysfm.com.ar\/inicio\/caso-adorni-cositorto-finalmente-fue-un-perejil\/"]}]},{"@type":"ImageObject","inLanguage":"es","@id":"https:\/\/gysfm.com.ar\/inicio\/caso-adorni-cositorto-finalmente-fue-un-perejil\/#primaryimage","url":"https:\/\/gysfm.com.ar\/inicio\/wp-content\/uploads\/2026\/05\/adorni-30042026-2231672.jpg","contentUrl":"https:\/\/gysfm.com.ar\/inicio\/wp-content\/uploads\/2026\/05\/adorni-30042026-2231672.jpg","width":1140,"height":641},{"@type":"BreadcrumbList","@id":"https:\/\/gysfm.com.ar\/inicio\/caso-adorni-cositorto-finalmente-fue-un-perejil\/#breadcrumb","itemListElement":[{"@type":"ListItem","position":1,"name":"Portada","item":"https:\/\/gysfm.com.ar\/inicio\/"},{"@type":"ListItem","position":2,"name":"Caso Adorni: Cositorto finalmente fue un perejil"}]},{"@type":"WebSite","@id":"https:\/\/gysfm.com.ar\/inicio\/#website","url":"https:\/\/gysfm.com.ar\/inicio\/","name":"GYS NOTICIAS |","description":"DIARIO - RADIO ONLINE SAN JUAN ARGENTINA","publisher":{"@id":"https:\/\/gysfm.com.ar\/inicio\/#organization"},"potentialAction":[{"@type":"SearchAction","target":{"@type":"EntryPoint","urlTemplate":"https:\/\/gysfm.com.ar\/inicio\/?s={search_term_string}"},"query-input":{"@type":"PropertyValueSpecification","valueRequired":true,"valueName":"search_term_string"}}],"inLanguage":"es"},{"@type":"Organization","@id":"https:\/\/gysfm.com.ar\/inicio\/#organization","name":"GYS NOTICIAS |","url":"https:\/\/gysfm.com.ar\/inicio\/","logo":{"@type":"ImageObject","inLanguage":"es","@id":"https:\/\/gysfm.com.ar\/inicio\/#\/schema\/logo\/image\/","url":"https:\/\/gysfm.com.ar\/inicio\/wp-content\/uploads\/2023\/07\/LOGOGYS-OK.png","contentUrl":"https:\/\/gysfm.com.ar\/inicio\/wp-content\/uploads\/2023\/07\/LOGOGYS-OK.png","width":1170,"height":872,"caption":"GYS NOTICIAS |"},"image":{"@id":"https:\/\/gysfm.com.ar\/inicio\/#\/schema\/logo\/image\/"}},{"@type":"Person","@id":"https:\/\/gysfm.com.ar\/inicio\/#\/schema\/person\/3abba7593ef2ad19e1be221d54383dc5","name":"Prensa G&amp;S FM","image":{"@type":"ImageObject","inLanguage":"es","@id":"https:\/\/gysfm.com.ar\/inicio\/#\/schema\/person\/image\/","url":"https:\/\/secure.gravatar.com\/avatar\/096ec78df02049ab018702bb4ccedf659377fa92a26540b5247612077a0dbd29?s=96&d=mm&r=g","contentUrl":"https:\/\/secure.gravatar.com\/avatar\/096ec78df02049ab018702bb4ccedf659377fa92a26540b5247612077a0dbd29?s=96&d=mm&r=g","caption":"Prensa G&amp;S FM"},"sameAs":["https:\/\/gysfm.com.ar\/"],"url":"https:\/\/gysfm.com.ar\/inicio\/author\/lucasm\/"}]}},"_links":{"self":[{"href":"https:\/\/gysfm.com.ar\/inicio\/wp-json\/wp\/v2\/posts\/194049","targetHints":{"allow":["GET"]}}],"collection":[{"href":"https:\/\/gysfm.com.ar\/inicio\/wp-json\/wp\/v2\/posts"}],"about":[{"href":"https:\/\/gysfm.com.ar\/inicio\/wp-json\/wp\/v2\/types\/post"}],"author":[{"embeddable":true,"href":"https:\/\/gysfm.com.ar\/inicio\/wp-json\/wp\/v2\/users\/2"}],"replies":[{"embeddable":true,"href":"https:\/\/gysfm.com.ar\/inicio\/wp-json\/wp\/v2\/comments?post=194049"}],"version-history":[{"count":0,"href":"https:\/\/gysfm.com.ar\/inicio\/wp-json\/wp\/v2\/posts\/194049\/revisions"}],"wp:featuredmedia":[{"embeddable":true,"href":"https:\/\/gysfm.com.ar\/inicio\/wp-json\/wp\/v2\/media\/194050"}],"wp:attachment":[{"href":"https:\/\/gysfm.com.ar\/inicio\/wp-json\/wp\/v2\/media?parent=194049"}],"wp:term":[{"taxonomy":"category","embeddable":true,"href":"https:\/\/gysfm.com.ar\/inicio\/wp-json\/wp\/v2\/categories?post=194049"},{"taxonomy":"post_tag","embeddable":true,"href":"https:\/\/gysfm.com.ar\/inicio\/wp-json\/wp\/v2\/tags?post=194049"}],"curies":[{"name":"wp","href":"https:\/\/api.w.org\/{rel}","templated":true}]}}