{"id":194042,"date":"2026-05-01T05:41:07","date_gmt":"2026-05-01T08:41:07","guid":{"rendered":"https:\/\/gysfm.com.ar\/inicio\/jose-eduardo-figueroa-fue-condenado-a-prision-perpetua-por-el-femicidio-de-su-esposa\/"},"modified":"2026-05-01T05:41:07","modified_gmt":"2026-05-01T08:41:07","slug":"jose-eduardo-figueroa-fue-condenado-a-prision-perpetua-por-el-femicidio-de-su-esposa","status":"publish","type":"post","link":"https:\/\/gysfm.com.ar\/inicio\/jose-eduardo-figueroa-fue-condenado-a-prision-perpetua-por-el-femicidio-de-su-esposa\/","title":{"rendered":"Jos\u00e9 Eduardo Figueroa fue condenado a prisi\u00f3n perpetua por el femicidio de su esposa"},"content":{"rendered":"<p><\/p>\n<div id=\"article-content\">\n<p><strong>Jos\u00e9 Eduardo Figueroa<\/strong> fue condenado a <strong>prisi\u00f3n perpetua<\/strong> por la Justicia de <strong>Salta<\/strong> por el <strong>femicidio de su esposa, <\/strong><a target=\"_blank\" href=\"https:\/\/www.perfil.com\/noticias\/policia\/que-revelo-autopsia-femicidio-mercedes-kvedaras-conmueve-salta.phtml\">Mercedes Kvedaras<\/a>. El hecho ocurri\u00f3 en <strong>agosto de 2023<\/strong> en un <strong>country de la provincia<\/strong>.<\/p>\n<p>El tribunal calific\u00f3 el homicidio como <strong>doblemente agravado<\/strong>, por el <strong>v\u00ednculo de pareja<\/strong> que sosten\u00edan y por <strong>violencia de g\u00e9nero<\/strong>.<\/p>\n<p style=\"text-align:center\"><picture><source media=\"(max-width: 440px)\" srcset=\"https:\/\/fotos.perfil.com\/\/2026\/04\/30\/440\/0\/condenaron-a-prision-perpetua-a-jose-eduardo-figueroa-30042026-2231632.jpg?webp\"\/><source media=\"(max-width: 1019px)\" srcset=\"https:\/\/fotos.perfil.com\/\/2026\/04\/30\/712\/0\/condenaron-a-prision-perpetua-a-jose-eduardo-figueroa-30042026-2231632.jpg?webp\"\/><img decoding=\"async\" style=\"max-width: 100%; width: 100%;\" alt=\"Condenaron a prisi\u00f3n perpetua a Jos\u00e9 Eduardo Figueroa 30042026\" src=\"https:\/\/fotos.perfil.com\/\/2026\/04\/30\/900\/0\/condenaron-a-prision-perpetua-a-jose-eduardo-figueroa-30042026-2231632.jpg?webp\" loading=\"lazy\"\/><\/picture><\/p>\n<div class=\"subscription\">\n<p>\n        Esto no les gusta a los autoritarios\n    <\/p>\n<div class=\"subscription__container\">\n<div class=\"subscription__text-wrapper\">\n<p>\n                El ejercicio del periodismo profesional y cr\u00edtico es un pilar fundamental de la democracia. Por eso molesta a quienes creen ser los due\u00f1os de la verdad.\n            <\/p>\n<\/p><\/div><\/div>\n<\/div>\n<p>Antes de escuchar el veredicto, Figueroa pidi\u00f3 dar unas \u00faltimas palabras y pidi\u00f3 perd\u00f3n a la familia de la v\u00edctima, a los suyos y a sus hijos, \u201cpor el dolor que les hizo vivir\u201d. D\u00edas antes tambi\u00e9n hab\u00eda pedido permiso para dar un mensaje, en el que dijo, \u201cles fall\u00e9, <strong>les fall\u00e9 como padre.<\/strong> Les promet\u00ed que iba a ser un padre y les fall\u00e9. Todos los d\u00edas rezo por ellos. Les pido perd\u00f3n. Son mis hijitos\u201d.<\/p>\n<p class=\"destacadoNota\"><a target=\"_blank\" href=\"https:\/\/www.perfil.com\/noticias\/sociedad\/femicidios-en-argentina-68-victimas-fatales-en-el-primer-trimestre-de-2026.phtml\">Femicidios en Argentina: 68 v\u00edctimas en el primer trimestre de 2026<\/a><\/p>\n<p>Los jueces <strong>Cecilia Flores Toranzos, Eduardo S\u00e1ngari y Leonardo Feans<\/strong> arribaron al fallo por unanimidad y lo declararon <strong>autor material y penalmente responsable<\/strong> del delito. Adem\u00e1s, se orden\u00f3 su inscripci\u00f3n al <strong>Banco de Datos Gen\u00e9ticos<\/strong>, para tener registro ante otras posibles denuncias, si las hubiera.<\/p>\n<p>Al escuchar la resoluci\u00f3n, la familia de Kvedaras celebr\u00f3, aliviada de que la condena fuera la esperada.<\/p>\n<h2>El caso y el juicio<\/h2>\n<p><strong>Mercedes Kvedaras<\/strong> fue asesinada por su marido, <a target=\"_blank\" href=\"https:\/\/www.perfil.com\/noticias\/policia\/brutal-femicidio-en-salta-mato-a-su-mujer-e-intento-suicidarse.phtml\">Jos\u00e9 Eduardo Figueroa<\/a>, el <strong>4 de agosto de 2023<\/strong>. Ambos fueron hallados en un auto, ella sin vida y \u00e9l inconsciente y con cortes en el cuerpo.<\/p>\n<p>Figueroa fue el <strong>primer y \u00fanico imputado<\/strong> desde el inicio, la investigaci\u00f3n descart\u00f3 desde el comienzo otras hip\u00f3tesis y se centr\u00f3 en el <strong>v\u00ednculo de pareja<\/strong>. Por ello lograron definir que el crimen se produjo en un <strong>contexto de violencia de g\u00e9nero sostenida<\/strong>.<\/p>\n<p style=\"text-align:center\"><picture><source media=\"(max-width: 440px)\" srcset=\"https:\/\/fotos.perfil.com\/\/2026\/04\/30\/440\/0\/condenaron-a-prision-perpetua-a-jose-eduardo-figueroa-30042026-2231631.jpg?webp\"\/><source media=\"(max-width: 1019px)\" srcset=\"https:\/\/fotos.perfil.com\/\/2026\/04\/30\/712\/0\/condenaron-a-prision-perpetua-a-jose-eduardo-figueroa-30042026-2231631.jpg?webp\"\/><img decoding=\"async\" style=\"max-width: 100%; width: 100%;\" alt=\"Condenaron a prisi\u00f3n perpetua a Jos\u00e9 Eduardo Figueroa 30042026\" src=\"https:\/\/fotos.perfil.com\/\/2026\/04\/30\/900\/0\/condenaron-a-prision-perpetua-a-jose-eduardo-figueroa-30042026-2231631.jpg?webp\" loading=\"lazy\"\/><\/picture><\/p>\n<p>Asimismo, testigos del entorno confirmaron que ella sufr\u00eda <strong>violencia psicol\u00f3gica<\/strong> y que ten\u00eda intenciones de separarse, pero \u00e9l no lo aceptaba.<\/p>\n<p>Seg\u00fan revelaron las autopsias, <strong>Mercedes<\/strong>, de <strong>37 a\u00f1os<\/strong> y madre de <strong>tres hijos<\/strong>, muri\u00f3 por <strong>asfixia provocada por estrangulamiento, sofocaci\u00f3n y compresi\u00f3n tor\u00e1cica<\/strong>. Mostraba <strong>signos de defensa<\/strong> ante una acci\u00f3n sostenida por varios minutos.<\/p>\n<p class=\"destacadoNota\"><a target=\"_blank\" href=\"https:\/\/www.perfil.com\/noticias\/policia\/triple-crimen-de-florencio-varela-senor-j-quedo-sin-procesamiento-y-cambia-la-situacion-para-dos-acusados-a41.phtml\">Triple crimen de Florencio Varela: \u00abSe\u00f1or J\u00bb qued\u00f3 sin procesamiento y cambi\u00f3 la situaci\u00f3n para dos acusados<\/a><\/p>\n<p>El juicio se desarroll\u00f3 durante <strong>abril de 2026<\/strong> y en el declararon familiares, empleados de la casa y especialistas. Con ello se logr\u00f3 reconstruir la vida cotidiana de la pareja y testificar episodios de <strong>control y agresiones<\/strong>.<\/p>\n<p>Durante los alegatos, la fiscal de la <strong>Unidad de Femicidios<\/strong>, <strong>Mar\u00eda Luj\u00e1n Sodero Calvet<\/strong>, sostuvo que el acusado mat\u00f3 a su esposa cuando ella quiso terminar la relaci\u00f3n.<\/p>\n<p style=\"text-align:center\"><picture><source media=\"(max-width: 440px)\" srcset=\"https:\/\/fotos.perfil.com\/\/2026\/04\/30\/440\/0\/condenaron-a-prision-perpetua-a-jose-eduardo-figueroa-30042026-2231629.jpg?webp\"\/><source media=\"(max-width: 1019px)\" srcset=\"https:\/\/fotos.perfil.com\/\/2026\/04\/30\/712\/0\/condenaron-a-prision-perpetua-a-jose-eduardo-figueroa-30042026-2231629.jpg?webp\"\/><img decoding=\"async\" style=\"max-width: 100%; width: 100%;\" alt=\"Condenaron a prisi\u00f3n perpetua a Jos\u00e9 Eduardo Figueroa 30042026\" src=\"https:\/\/fotos.perfil.com\/\/2026\/04\/30\/900\/0\/condenaron-a-prision-perpetua-a-jose-eduardo-figueroa-30042026-2231629.jpg?webp\" loading=\"lazy\"\/><\/picture><\/p>\n<p>La defensa intent\u00f3 desacreditar la hip\u00f3tesis de <strong>violencia de g\u00e9nero<\/strong> y plante\u00f3, en cambio, que el hecho sucedi\u00f3 en un episodio de \u201c<strong>emoci\u00f3n violenta<\/strong>\u201d.<\/p>\n<p>El juicio tambi\u00e9n estuvo marcado por una <strong>fuerte controversia t\u00e9cnica<\/strong>. Durante el proceso, la fiscal\u00eda y la querella objetaron distintos <strong>informes periciales de la defensa<\/strong> y llegaron incluso a solicitar que se investigue a algunos especialistas por <strong>presunto falso testimonio<\/strong>.<\/p>\n<p>Tras la etapa de alegatos y las \u00faltimas palabras del acusado, el tribunal qued\u00f3 en condiciones de dictar sentencia y este mediod\u00eda lo conden\u00f3 a <strong>prisi\u00f3n perpetua<\/strong>.<\/p>\n<p>RG \/ EM<\/p>\n<\/p><\/div>\n<p><script>\n                !function(f,b,e,v,n,t,s)\n                {if(f.fbq)return;n=f.fbq=function(){n.callMethod?\n                    n.callMethod.apply(n,arguments):n.queue.push(arguments)};\n                    if(!f._fbq)f._fbq=n;n.push=n;n.loaded=!0;n.version='2.0';\n                    n.queue=[];t=b.createElement(e);t.async=!0;\n                    t.src=v;s=b.getElementsByTagName(e)[0];\n                    s.parentNode.insertBefore(t,s)}(window, document,'script',\n                    'https:\/\/connect.facebook.net\/en_US\/fbevents.js');\n                window.paywallConfig.facebook_pixel=\"1000228364089342\"\n            <\/script><\/p>\n","protected":false},"excerpt":{"rendered":"<p>Jos\u00e9 Eduardo Figueroa fue condenado a prisi\u00f3n perpetua por la Justicia de Salta por el femicidio de su esposa, Mercedes Kvedaras. El hecho ocurri\u00f3 en agosto de 2023 en un country de la provincia. El tribunal calific\u00f3 el homicidio como doblemente agravado, por el v\u00ednculo de pareja que sosten\u00edan y por violencia de g\u00e9nero. Esto [&hellip;]<\/p>\n","protected":false},"author":2,"featured_media":194043,"comment_status":"closed","ping_status":"closed","sticky":false,"template":"","format":"standard","meta":{"footnotes":""},"categories":[25],"tags":[],"class_list":["post-194042","post","type-post","status-publish","format-standard","has-post-thumbnail","hentry","category-nacionales"],"yoast_head":"<!-- This site is optimized with the Yoast SEO plugin v24.4 - https:\/\/yoast.com\/wordpress\/plugins\/seo\/ -->\n<title>Jos\u00e9 Eduardo Figueroa fue condenado a prisi\u00f3n perpetua por el femicidio de su esposa - GYS NOTICIAS |<\/title>\n<meta name=\"robots\" content=\"index, follow, max-snippet:-1, max-image-preview:large, max-video-preview:-1\" \/>\n<link rel=\"canonical\" href=\"https:\/\/gysfm.com.ar\/inicio\/jose-eduardo-figueroa-fue-condenado-a-prision-perpetua-por-el-femicidio-de-su-esposa\/\" \/>\n<meta property=\"og:locale\" content=\"es_ES\" \/>\n<meta property=\"og:type\" content=\"article\" \/>\n<meta property=\"og:title\" content=\"Jos\u00e9 Eduardo Figueroa fue condenado a prisi\u00f3n perpetua por el femicidio de su esposa - GYS NOTICIAS |\" \/>\n<meta property=\"og:description\" content=\"Jos\u00e9 Eduardo Figueroa fue condenado a prisi\u00f3n perpetua por la Justicia de Salta por el femicidio de su esposa, Mercedes Kvedaras. El hecho ocurri\u00f3 en agosto de 2023 en un country de la provincia. El tribunal calific\u00f3 el homicidio como doblemente agravado, por el v\u00ednculo de pareja que sosten\u00edan y por violencia de g\u00e9nero. Esto [&hellip;]\" \/>\n<meta property=\"og:url\" content=\"https:\/\/gysfm.com.ar\/inicio\/jose-eduardo-figueroa-fue-condenado-a-prision-perpetua-por-el-femicidio-de-su-esposa\/\" \/>\n<meta property=\"og:site_name\" content=\"GYS NOTICIAS |\" \/>\n<meta property=\"article:published_time\" content=\"2026-05-01T08:41:07+00:00\" \/>\n<meta property=\"og:image\" content=\"https:\/\/fotos.perfil.com\/\/2026\/04\/30\/900\/0\/condenaron-a-prision-perpetua-a-jose-eduardo-figueroa-30042026-2231632.jpg?webp\" \/>\n<meta name=\"author\" content=\"Prensa G&amp;S FM\" \/>\n<meta name=\"twitter:card\" content=\"summary_large_image\" \/>\n<meta name=\"twitter:label1\" content=\"Escrito por\" \/>\n\t<meta name=\"twitter:data1\" content=\"Prensa G&amp;S FM\" \/>\n\t<meta name=\"twitter:label2\" content=\"Tiempo de lectura\" \/>\n\t<meta name=\"twitter:data2\" content=\"3 minutos\" \/>\n<script type=\"application\/ld+json\" class=\"yoast-schema-graph\">{\"@context\":\"https:\/\/schema.org\",\"@graph\":[{\"@type\":\"Article\",\"@id\":\"https:\/\/gysfm.com.ar\/inicio\/jose-eduardo-figueroa-fue-condenado-a-prision-perpetua-por-el-femicidio-de-su-esposa\/#article\",\"isPartOf\":{\"@id\":\"https:\/\/gysfm.com.ar\/inicio\/jose-eduardo-figueroa-fue-condenado-a-prision-perpetua-por-el-femicidio-de-su-esposa\/\"},\"author\":{\"name\":\"Prensa G&amp;S FM\",\"@id\":\"https:\/\/gysfm.com.ar\/inicio\/#\/schema\/person\/3abba7593ef2ad19e1be221d54383dc5\"},\"headline\":\"Jos\u00e9 Eduardo Figueroa fue condenado a prisi\u00f3n perpetua por el femicidio de su esposa\",\"datePublished\":\"2026-05-01T08:41:07+00:00\",\"mainEntityOfPage\":{\"@id\":\"https:\/\/gysfm.com.ar\/inicio\/jose-eduardo-figueroa-fue-condenado-a-prision-perpetua-por-el-femicidio-de-su-esposa\/\"},\"wordCount\":602,\"publisher\":{\"@id\":\"https:\/\/gysfm.com.ar\/inicio\/#organization\"},\"image\":{\"@id\":\"https:\/\/gysfm.com.ar\/inicio\/jose-eduardo-figueroa-fue-condenado-a-prision-perpetua-por-el-femicidio-de-su-esposa\/#primaryimage\"},\"thumbnailUrl\":\"https:\/\/gysfm.com.ar\/inicio\/wp-content\/uploads\/2026\/05\/condenaron-a-prision-perpetua-a-jose-eduardo-figueroa-30042026-2231630.jpg\",\"articleSection\":[\"NACIONALES\"],\"inLanguage\":\"es\"},{\"@type\":\"WebPage\",\"@id\":\"https:\/\/gysfm.com.ar\/inicio\/jose-eduardo-figueroa-fue-condenado-a-prision-perpetua-por-el-femicidio-de-su-esposa\/\",\"url\":\"https:\/\/gysfm.com.ar\/inicio\/jose-eduardo-figueroa-fue-condenado-a-prision-perpetua-por-el-femicidio-de-su-esposa\/\",\"name\":\"Jos\u00e9 Eduardo Figueroa fue condenado a prisi\u00f3n perpetua por el femicidio de su esposa - GYS NOTICIAS |\",\"isPartOf\":{\"@id\":\"https:\/\/gysfm.com.ar\/inicio\/#website\"},\"primaryImageOfPage\":{\"@id\":\"https:\/\/gysfm.com.ar\/inicio\/jose-eduardo-figueroa-fue-condenado-a-prision-perpetua-por-el-femicidio-de-su-esposa\/#primaryimage\"},\"image\":{\"@id\":\"https:\/\/gysfm.com.ar\/inicio\/jose-eduardo-figueroa-fue-condenado-a-prision-perpetua-por-el-femicidio-de-su-esposa\/#primaryimage\"},\"thumbnailUrl\":\"https:\/\/gysfm.com.ar\/inicio\/wp-content\/uploads\/2026\/05\/condenaron-a-prision-perpetua-a-jose-eduardo-figueroa-30042026-2231630.jpg\",\"datePublished\":\"2026-05-01T08:41:07+00:00\",\"breadcrumb\":{\"@id\":\"https:\/\/gysfm.com.ar\/inicio\/jose-eduardo-figueroa-fue-condenado-a-prision-perpetua-por-el-femicidio-de-su-esposa\/#breadcrumb\"},\"inLanguage\":\"es\",\"potentialAction\":[{\"@type\":\"ReadAction\",\"target\":[\"https:\/\/gysfm.com.ar\/inicio\/jose-eduardo-figueroa-fue-condenado-a-prision-perpetua-por-el-femicidio-de-su-esposa\/\"]}]},{\"@type\":\"ImageObject\",\"inLanguage\":\"es\",\"@id\":\"https:\/\/gysfm.com.ar\/inicio\/jose-eduardo-figueroa-fue-condenado-a-prision-perpetua-por-el-femicidio-de-su-esposa\/#primaryimage\",\"url\":\"https:\/\/gysfm.com.ar\/inicio\/wp-content\/uploads\/2026\/05\/condenaron-a-prision-perpetua-a-jose-eduardo-figueroa-30042026-2231630.jpg\",\"contentUrl\":\"https:\/\/gysfm.com.ar\/inicio\/wp-content\/uploads\/2026\/05\/condenaron-a-prision-perpetua-a-jose-eduardo-figueroa-30042026-2231630.jpg\",\"width\":1140,\"height\":641},{\"@type\":\"BreadcrumbList\",\"@id\":\"https:\/\/gysfm.com.ar\/inicio\/jose-eduardo-figueroa-fue-condenado-a-prision-perpetua-por-el-femicidio-de-su-esposa\/#breadcrumb\",\"itemListElement\":[{\"@type\":\"ListItem\",\"position\":1,\"name\":\"Portada\",\"item\":\"https:\/\/gysfm.com.ar\/inicio\/\"},{\"@type\":\"ListItem\",\"position\":2,\"name\":\"Jos\u00e9 Eduardo Figueroa fue condenado a prisi\u00f3n perpetua por el femicidio de su esposa\"}]},{\"@type\":\"WebSite\",\"@id\":\"https:\/\/gysfm.com.ar\/inicio\/#website\",\"url\":\"https:\/\/gysfm.com.ar\/inicio\/\",\"name\":\"GYS NOTICIAS |\",\"description\":\"DIARIO - RADIO ONLINE SAN JUAN ARGENTINA\",\"publisher\":{\"@id\":\"https:\/\/gysfm.com.ar\/inicio\/#organization\"},\"potentialAction\":[{\"@type\":\"SearchAction\",\"target\":{\"@type\":\"EntryPoint\",\"urlTemplate\":\"https:\/\/gysfm.com.ar\/inicio\/?s={search_term_string}\"},\"query-input\":{\"@type\":\"PropertyValueSpecification\",\"valueRequired\":true,\"valueName\":\"search_term_string\"}}],\"inLanguage\":\"es\"},{\"@type\":\"Organization\",\"@id\":\"https:\/\/gysfm.com.ar\/inicio\/#organization\",\"name\":\"GYS NOTICIAS |\",\"url\":\"https:\/\/gysfm.com.ar\/inicio\/\",\"logo\":{\"@type\":\"ImageObject\",\"inLanguage\":\"es\",\"@id\":\"https:\/\/gysfm.com.ar\/inicio\/#\/schema\/logo\/image\/\",\"url\":\"https:\/\/gysfm.com.ar\/inicio\/wp-content\/uploads\/2023\/07\/LOGOGYS-OK.png\",\"contentUrl\":\"https:\/\/gysfm.com.ar\/inicio\/wp-content\/uploads\/2023\/07\/LOGOGYS-OK.png\",\"width\":1170,\"height\":872,\"caption\":\"GYS NOTICIAS |\"},\"image\":{\"@id\":\"https:\/\/gysfm.com.ar\/inicio\/#\/schema\/logo\/image\/\"}},{\"@type\":\"Person\",\"@id\":\"https:\/\/gysfm.com.ar\/inicio\/#\/schema\/person\/3abba7593ef2ad19e1be221d54383dc5\",\"name\":\"Prensa G&amp;S FM\",\"image\":{\"@type\":\"ImageObject\",\"inLanguage\":\"es\",\"@id\":\"https:\/\/gysfm.com.ar\/inicio\/#\/schema\/person\/image\/\",\"url\":\"https:\/\/secure.gravatar.com\/avatar\/096ec78df02049ab018702bb4ccedf659377fa92a26540b5247612077a0dbd29?s=96&d=mm&r=g\",\"contentUrl\":\"https:\/\/secure.gravatar.com\/avatar\/096ec78df02049ab018702bb4ccedf659377fa92a26540b5247612077a0dbd29?s=96&d=mm&r=g\",\"caption\":\"Prensa G&amp;S FM\"},\"sameAs\":[\"https:\/\/gysfm.com.ar\/\"],\"url\":\"https:\/\/gysfm.com.ar\/inicio\/author\/lucasm\/\"}]}<\/script>\n<!-- \/ Yoast SEO plugin. -->","yoast_head_json":{"title":"Jos\u00e9 Eduardo Figueroa fue condenado a prisi\u00f3n perpetua por el femicidio de su esposa - GYS NOTICIAS |","robots":{"index":"index","follow":"follow","max-snippet":"max-snippet:-1","max-image-preview":"max-image-preview:large","max-video-preview":"max-video-preview:-1"},"canonical":"https:\/\/gysfm.com.ar\/inicio\/jose-eduardo-figueroa-fue-condenado-a-prision-perpetua-por-el-femicidio-de-su-esposa\/","og_locale":"es_ES","og_type":"article","og_title":"Jos\u00e9 Eduardo Figueroa fue condenado a prisi\u00f3n perpetua por el femicidio de su esposa - GYS NOTICIAS |","og_description":"Jos\u00e9 Eduardo Figueroa fue condenado a prisi\u00f3n perpetua por la Justicia de Salta por el femicidio de su esposa, Mercedes Kvedaras. El hecho ocurri\u00f3 en agosto de 2023 en un country de la provincia. El tribunal calific\u00f3 el homicidio como doblemente agravado, por el v\u00ednculo de pareja que sosten\u00edan y por violencia de g\u00e9nero. Esto [&hellip;]","og_url":"https:\/\/gysfm.com.ar\/inicio\/jose-eduardo-figueroa-fue-condenado-a-prision-perpetua-por-el-femicidio-de-su-esposa\/","og_site_name":"GYS NOTICIAS |","article_published_time":"2026-05-01T08:41:07+00:00","og_image":[{"url":"https:\/\/fotos.perfil.com\/\/2026\/04\/30\/900\/0\/condenaron-a-prision-perpetua-a-jose-eduardo-figueroa-30042026-2231632.jpg?webp","type":"","width":"","height":""}],"author":"Prensa G&amp;S FM","twitter_card":"summary_large_image","twitter_misc":{"Escrito por":"Prensa G&amp;S FM","Tiempo de lectura":"3 minutos"},"schema":{"@context":"https:\/\/schema.org","@graph":[{"@type":"Article","@id":"https:\/\/gysfm.com.ar\/inicio\/jose-eduardo-figueroa-fue-condenado-a-prision-perpetua-por-el-femicidio-de-su-esposa\/#article","isPartOf":{"@id":"https:\/\/gysfm.com.ar\/inicio\/jose-eduardo-figueroa-fue-condenado-a-prision-perpetua-por-el-femicidio-de-su-esposa\/"},"author":{"name":"Prensa G&amp;S FM","@id":"https:\/\/gysfm.com.ar\/inicio\/#\/schema\/person\/3abba7593ef2ad19e1be221d54383dc5"},"headline":"Jos\u00e9 Eduardo Figueroa fue condenado a prisi\u00f3n perpetua por el femicidio de su esposa","datePublished":"2026-05-01T08:41:07+00:00","mainEntityOfPage":{"@id":"https:\/\/gysfm.com.ar\/inicio\/jose-eduardo-figueroa-fue-condenado-a-prision-perpetua-por-el-femicidio-de-su-esposa\/"},"wordCount":602,"publisher":{"@id":"https:\/\/gysfm.com.ar\/inicio\/#organization"},"image":{"@id":"https:\/\/gysfm.com.ar\/inicio\/jose-eduardo-figueroa-fue-condenado-a-prision-perpetua-por-el-femicidio-de-su-esposa\/#primaryimage"},"thumbnailUrl":"https:\/\/gysfm.com.ar\/inicio\/wp-content\/uploads\/2026\/05\/condenaron-a-prision-perpetua-a-jose-eduardo-figueroa-30042026-2231630.jpg","articleSection":["NACIONALES"],"inLanguage":"es"},{"@type":"WebPage","@id":"https:\/\/gysfm.com.ar\/inicio\/jose-eduardo-figueroa-fue-condenado-a-prision-perpetua-por-el-femicidio-de-su-esposa\/","url":"https:\/\/gysfm.com.ar\/inicio\/jose-eduardo-figueroa-fue-condenado-a-prision-perpetua-por-el-femicidio-de-su-esposa\/","name":"Jos\u00e9 Eduardo Figueroa fue condenado a prisi\u00f3n perpetua por el femicidio de su esposa - GYS NOTICIAS |","isPartOf":{"@id":"https:\/\/gysfm.com.ar\/inicio\/#website"},"primaryImageOfPage":{"@id":"https:\/\/gysfm.com.ar\/inicio\/jose-eduardo-figueroa-fue-condenado-a-prision-perpetua-por-el-femicidio-de-su-esposa\/#primaryimage"},"image":{"@id":"https:\/\/gysfm.com.ar\/inicio\/jose-eduardo-figueroa-fue-condenado-a-prision-perpetua-por-el-femicidio-de-su-esposa\/#primaryimage"},"thumbnailUrl":"https:\/\/gysfm.com.ar\/inicio\/wp-content\/uploads\/2026\/05\/condenaron-a-prision-perpetua-a-jose-eduardo-figueroa-30042026-2231630.jpg","datePublished":"2026-05-01T08:41:07+00:00","breadcrumb":{"@id":"https:\/\/gysfm.com.ar\/inicio\/jose-eduardo-figueroa-fue-condenado-a-prision-perpetua-por-el-femicidio-de-su-esposa\/#breadcrumb"},"inLanguage":"es","potentialAction":[{"@type":"ReadAction","target":["https:\/\/gysfm.com.ar\/inicio\/jose-eduardo-figueroa-fue-condenado-a-prision-perpetua-por-el-femicidio-de-su-esposa\/"]}]},{"@type":"ImageObject","inLanguage":"es","@id":"https:\/\/gysfm.com.ar\/inicio\/jose-eduardo-figueroa-fue-condenado-a-prision-perpetua-por-el-femicidio-de-su-esposa\/#primaryimage","url":"https:\/\/gysfm.com.ar\/inicio\/wp-content\/uploads\/2026\/05\/condenaron-a-prision-perpetua-a-jose-eduardo-figueroa-30042026-2231630.jpg","contentUrl":"https:\/\/gysfm.com.ar\/inicio\/wp-content\/uploads\/2026\/05\/condenaron-a-prision-perpetua-a-jose-eduardo-figueroa-30042026-2231630.jpg","width":1140,"height":641},{"@type":"BreadcrumbList","@id":"https:\/\/gysfm.com.ar\/inicio\/jose-eduardo-figueroa-fue-condenado-a-prision-perpetua-por-el-femicidio-de-su-esposa\/#breadcrumb","itemListElement":[{"@type":"ListItem","position":1,"name":"Portada","item":"https:\/\/gysfm.com.ar\/inicio\/"},{"@type":"ListItem","position":2,"name":"Jos\u00e9 Eduardo Figueroa fue condenado a prisi\u00f3n perpetua por el femicidio de su esposa"}]},{"@type":"WebSite","@id":"https:\/\/gysfm.com.ar\/inicio\/#website","url":"https:\/\/gysfm.com.ar\/inicio\/","name":"GYS NOTICIAS |","description":"DIARIO - RADIO ONLINE SAN JUAN ARGENTINA","publisher":{"@id":"https:\/\/gysfm.com.ar\/inicio\/#organization"},"potentialAction":[{"@type":"SearchAction","target":{"@type":"EntryPoint","urlTemplate":"https:\/\/gysfm.com.ar\/inicio\/?s={search_term_string}"},"query-input":{"@type":"PropertyValueSpecification","valueRequired":true,"valueName":"search_term_string"}}],"inLanguage":"es"},{"@type":"Organization","@id":"https:\/\/gysfm.com.ar\/inicio\/#organization","name":"GYS NOTICIAS |","url":"https:\/\/gysfm.com.ar\/inicio\/","logo":{"@type":"ImageObject","inLanguage":"es","@id":"https:\/\/gysfm.com.ar\/inicio\/#\/schema\/logo\/image\/","url":"https:\/\/gysfm.com.ar\/inicio\/wp-content\/uploads\/2023\/07\/LOGOGYS-OK.png","contentUrl":"https:\/\/gysfm.com.ar\/inicio\/wp-content\/uploads\/2023\/07\/LOGOGYS-OK.png","width":1170,"height":872,"caption":"GYS NOTICIAS |"},"image":{"@id":"https:\/\/gysfm.com.ar\/inicio\/#\/schema\/logo\/image\/"}},{"@type":"Person","@id":"https:\/\/gysfm.com.ar\/inicio\/#\/schema\/person\/3abba7593ef2ad19e1be221d54383dc5","name":"Prensa G&amp;S FM","image":{"@type":"ImageObject","inLanguage":"es","@id":"https:\/\/gysfm.com.ar\/inicio\/#\/schema\/person\/image\/","url":"https:\/\/secure.gravatar.com\/avatar\/096ec78df02049ab018702bb4ccedf659377fa92a26540b5247612077a0dbd29?s=96&d=mm&r=g","contentUrl":"https:\/\/secure.gravatar.com\/avatar\/096ec78df02049ab018702bb4ccedf659377fa92a26540b5247612077a0dbd29?s=96&d=mm&r=g","caption":"Prensa G&amp;S FM"},"sameAs":["https:\/\/gysfm.com.ar\/"],"url":"https:\/\/gysfm.com.ar\/inicio\/author\/lucasm\/"}]}},"_links":{"self":[{"href":"https:\/\/gysfm.com.ar\/inicio\/wp-json\/wp\/v2\/posts\/194042","targetHints":{"allow":["GET"]}}],"collection":[{"href":"https:\/\/gysfm.com.ar\/inicio\/wp-json\/wp\/v2\/posts"}],"about":[{"href":"https:\/\/gysfm.com.ar\/inicio\/wp-json\/wp\/v2\/types\/post"}],"author":[{"embeddable":true,"href":"https:\/\/gysfm.com.ar\/inicio\/wp-json\/wp\/v2\/users\/2"}],"replies":[{"embeddable":true,"href":"https:\/\/gysfm.com.ar\/inicio\/wp-json\/wp\/v2\/comments?post=194042"}],"version-history":[{"count":0,"href":"https:\/\/gysfm.com.ar\/inicio\/wp-json\/wp\/v2\/posts\/194042\/revisions"}],"wp:featuredmedia":[{"embeddable":true,"href":"https:\/\/gysfm.com.ar\/inicio\/wp-json\/wp\/v2\/media\/194043"}],"wp:attachment":[{"href":"https:\/\/gysfm.com.ar\/inicio\/wp-json\/wp\/v2\/media?parent=194042"}],"wp:term":[{"taxonomy":"category","embeddable":true,"href":"https:\/\/gysfm.com.ar\/inicio\/wp-json\/wp\/v2\/categories?post=194042"},{"taxonomy":"post_tag","embeddable":true,"href":"https:\/\/gysfm.com.ar\/inicio\/wp-json\/wp\/v2\/tags?post=194042"}],"curies":[{"name":"wp","href":"https:\/\/api.w.org\/{rel}","templated":true}]}}