{"id":194040,"date":"2026-05-01T05:10:12","date_gmt":"2026-05-01T08:10:12","guid":{"rendered":"https:\/\/gysfm.com.ar\/inicio\/el-consejo-de-la-magistratura-aprobo-15-ternas-para-cargos-clave-en-la-justicia-y-define-el-plenario\/"},"modified":"2026-05-01T05:10:12","modified_gmt":"2026-05-01T08:10:12","slug":"el-consejo-de-la-magistratura-aprobo-15-ternas-para-cargos-clave-en-la-justicia-y-define-el-plenario","status":"publish","type":"post","link":"https:\/\/gysfm.com.ar\/inicio\/el-consejo-de-la-magistratura-aprobo-15-ternas-para-cargos-clave-en-la-justicia-y-define-el-plenario\/","title":{"rendered":"El Consejo de la Magistratura aprob\u00f3 15 ternas para cargos clave en la Justicia y define el Plenario"},"content":{"rendered":"<p><\/p>\n<div id=\"article-content\">\n<p>La Comisi\u00f3n de Selecci\u00f3n del <a target=\"_blank\" href=\"https:\/\/www.perfil.com\/noticias\/cordoba\/el-consejo-de-la-magistratura-de-cordoba-abre-concurso-para-cubrir-el-juzgado-electoral.phtml\"><strong>Consejo de la Magistratura<\/strong><\/a> aprob\u00f3 este jueves <strong>15 ternas correspondientes a seis concursos judiciales <\/strong>y elev\u00f3 los dict\u00e1menes al Plenario, que deber\u00e1 tratarlos en las pr\u00f3ximas semanas. Se trata de un paso clave en el proceso de <strong>designaci\u00f3n de jueces<\/strong> para distintos fueros y jurisdicciones del pa\u00eds.<\/p>\n<p>Uno de los puntos m\u00e1s relevantes de la jornada fue la definici\u00f3n de ternas para cubrir <strong>dos cargos de camaristas en la C\u00e1mara Nacional de Apelaciones en lo Criminal y Correccional Federal de la Capital<\/strong>, con sede en Comodoro Py. En ese caso se presentaron tres propuestas, pero fue la impulsada por el consejero Barroetave\u00f1a la que obtuvo mayor respaldo, con siete votos, por encima de las alternativas promovidas por Siley y Maques.<\/p>\n<p class=\"destacadoNota\"><a target=\"_blank\" href=\"https:\/\/www.perfil.com\/noticias\/modo-fontevecchia\/consejo-de-la-magistratura-como-es-el-nuevo-proyecto-para-designar-a-los-jueces-modof.phtml\">Consejo de la Magistratura: c\u00f3mo es el nuevo proyecto para designar a los jueces<\/a><\/p>\n<div class=\"subscription\">\n<p>\n        Esto no les gusta a los autoritarios\n    <\/p>\n<div class=\"subscription__container\">\n<div class=\"subscription__text-wrapper\">\n<p>\n                El ejercicio del periodismo profesional y cr\u00edtico es un pilar fundamental de la democracia. Por eso molesta a quienes creen ser los due\u00f1os de la verdad.\n            <\/p>\n<\/p><\/div><\/div>\n<\/div>\n<p>A partir de esa votaci\u00f3n se conformaron dos ternas. La primera qued\u00f3 integrada por<strong> Fernando Luis Povi\u00f1a, Agustina In\u00e9s Rodr\u00edguez y Pablo Yadarola<\/strong>, mientras que la segunda incluy\u00f3 a <strong>Julio C\u00e9sar Di Giorgio, Cecilia Patricia Incardona y Pablo Daniel Bertuzzi<\/strong>. Adem\u00e1s, se defini\u00f3 una lista complementaria con otros postulantes que podr\u00edan ser considerados en caso de futuras vacantes.<\/p>\n<h2>Otros cargos en juego<\/h2>\n<p>Durante la reuni\u00f3n tambi\u00e9n se aprobaron ternas para otros puestos estrat\u00e9gicos dentro del sistema judicial. Entre ellos se encuentra<strong> un cargo de juez en el Juzgado Nacional en lo Penal Econ\u00f3mico N\u00b0 10, otro en el Juzgado Federal de Primera Instancia N\u00b0 1 de Corrientes con competencia electoral, y un puesto en el Juzgado Federal de La Plata<\/strong>.<\/p>\n<p>En paralelo, la Comisi\u00f3n avanz\u00f3 con la <strong>aprobaci\u00f3n de informes de impugnaciones vinculados a distintos concursos<\/strong>. Estos incluyen cargos en los Tribunales Orales en lo Criminal Federal de Salta, vacantes en la C\u00e1mara Nacional de Apelaciones en lo Contencioso Administrativo Federal, puestos en la C\u00e1mara Nacional de Apelaciones en lo Civil y Comercial Federal y un cargo en la C\u00e1mara Federal de Apelaciones de Posadas.<\/p>\n<p class=\"destacadoNota\"><a target=\"_blank\" href=\"https:\/\/www.perfil.com\/noticias\/judiciales\/el-consejo-de-la-magistratura-desestimo-la-denuncia-contra-capuchetti-y-acorralo-a-dos-jueces-por-corrupcion-y-maltrato.phtml\">El Consejo de la Magistratura desestim\u00f3 la denuncia contra Capuchetti y acorral\u00f3 a dos jueces por corrupci\u00f3n y maltrato<\/a><\/p>\n<p>Sin embargo, no todos los temas previstos fueron resueltos. Los consejeros De la Torre y Grau solicitaron <strong>postergar el tratamiento de algunos informes de impugnaciones<\/strong>, entre ellos los correspondientes a cargos en la C\u00e1mara Federal de Apelaciones de Rosario y al Concurso N\u00b0 521 para el Juzgado Federal de Primera Instancia N\u00b0 1 de Santa Fe. En la misma l\u00ednea, De la Torre pidi\u00f3 diferir el an\u00e1lisis de presentaciones vinculadas al Concurso N\u00b0 520, que abarca cargos en los Tribunales Orales en lo Penal Econ\u00f3mico de la Capital.<\/p>\n<p>LB \/ EM<\/p>\n<\/p><\/div>\n<p><script>\n                !function(f,b,e,v,n,t,s)\n                {if(f.fbq)return;n=f.fbq=function(){n.callMethod?\n                    n.callMethod.apply(n,arguments):n.queue.push(arguments)};\n                    if(!f._fbq)f._fbq=n;n.push=n;n.loaded=!0;n.version='2.0';\n                    n.queue=[];t=b.createElement(e);t.async=!0;\n                    t.src=v;s=b.getElementsByTagName(e)[0];\n                    s.parentNode.insertBefore(t,s)}(window, document,'script',\n                    'https:\/\/connect.facebook.net\/en_US\/fbevents.js');\n                window.paywallConfig.facebook_pixel=\"1000228364089342\"\n            <\/script><\/p>\n","protected":false},"excerpt":{"rendered":"<p>La Comisi\u00f3n de Selecci\u00f3n del Consejo de la Magistratura aprob\u00f3 este jueves 15 ternas correspondientes a seis concursos judiciales y elev\u00f3 los dict\u00e1menes al Plenario, que deber\u00e1 tratarlos en las pr\u00f3ximas semanas. Se trata de un paso clave en el proceso de designaci\u00f3n de jueces para distintos fueros y jurisdicciones del pa\u00eds. Uno de los [&hellip;]<\/p>\n","protected":false},"author":2,"featured_media":194041,"comment_status":"closed","ping_status":"closed","sticky":false,"template":"","format":"standard","meta":{"footnotes":""},"categories":[25],"tags":[],"class_list":["post-194040","post","type-post","status-publish","format-standard","has-post-thumbnail","hentry","category-nacionales"],"yoast_head":"<!-- This site is optimized with the Yoast SEO plugin v24.4 - https:\/\/yoast.com\/wordpress\/plugins\/seo\/ -->\n<title>El Consejo de la Magistratura aprob\u00f3 15 ternas para cargos clave en la Justicia y define el Plenario - GYS NOTICIAS |<\/title>\n<meta name=\"robots\" content=\"index, follow, max-snippet:-1, max-image-preview:large, max-video-preview:-1\" \/>\n<link rel=\"canonical\" href=\"https:\/\/gysfm.com.ar\/inicio\/el-consejo-de-la-magistratura-aprobo-15-ternas-para-cargos-clave-en-la-justicia-y-define-el-plenario\/\" \/>\n<meta property=\"og:locale\" content=\"es_ES\" \/>\n<meta property=\"og:type\" content=\"article\" \/>\n<meta property=\"og:title\" content=\"El Consejo de la Magistratura aprob\u00f3 15 ternas para cargos clave en la Justicia y define el Plenario - GYS NOTICIAS |\" \/>\n<meta property=\"og:description\" content=\"La Comisi\u00f3n de Selecci\u00f3n del Consejo de la Magistratura aprob\u00f3 este jueves 15 ternas correspondientes a seis concursos judiciales y elev\u00f3 los dict\u00e1menes al Plenario, que deber\u00e1 tratarlos en las pr\u00f3ximas semanas. Se trata de un paso clave en el proceso de designaci\u00f3n de jueces para distintos fueros y jurisdicciones del pa\u00eds. Uno de los [&hellip;]\" \/>\n<meta property=\"og:url\" content=\"https:\/\/gysfm.com.ar\/inicio\/el-consejo-de-la-magistratura-aprobo-15-ternas-para-cargos-clave-en-la-justicia-y-define-el-plenario\/\" \/>\n<meta property=\"og:site_name\" content=\"GYS NOTICIAS |\" \/>\n<meta property=\"article:published_time\" content=\"2026-05-01T08:10:12+00:00\" \/>\n<meta name=\"author\" content=\"Prensa G&amp;S FM\" \/>\n<meta name=\"twitter:card\" content=\"summary_large_image\" \/>\n<meta name=\"twitter:label1\" content=\"Escrito por\" \/>\n\t<meta name=\"twitter:data1\" content=\"Prensa G&amp;S FM\" \/>\n\t<meta name=\"twitter:label2\" content=\"Tiempo de lectura\" \/>\n\t<meta name=\"twitter:data2\" content=\"2 minutos\" \/>\n<script type=\"application\/ld+json\" class=\"yoast-schema-graph\">{\"@context\":\"https:\/\/schema.org\",\"@graph\":[{\"@type\":\"Article\",\"@id\":\"https:\/\/gysfm.com.ar\/inicio\/el-consejo-de-la-magistratura-aprobo-15-ternas-para-cargos-clave-en-la-justicia-y-define-el-plenario\/#article\",\"isPartOf\":{\"@id\":\"https:\/\/gysfm.com.ar\/inicio\/el-consejo-de-la-magistratura-aprobo-15-ternas-para-cargos-clave-en-la-justicia-y-define-el-plenario\/\"},\"author\":{\"name\":\"Prensa G&amp;S FM\",\"@id\":\"https:\/\/gysfm.com.ar\/inicio\/#\/schema\/person\/3abba7593ef2ad19e1be221d54383dc5\"},\"headline\":\"El Consejo de la Magistratura aprob\u00f3 15 ternas para cargos clave en la Justicia y define el Plenario\",\"datePublished\":\"2026-05-01T08:10:12+00:00\",\"mainEntityOfPage\":{\"@id\":\"https:\/\/gysfm.com.ar\/inicio\/el-consejo-de-la-magistratura-aprobo-15-ternas-para-cargos-clave-en-la-justicia-y-define-el-plenario\/\"},\"wordCount\":511,\"publisher\":{\"@id\":\"https:\/\/gysfm.com.ar\/inicio\/#organization\"},\"image\":{\"@id\":\"https:\/\/gysfm.com.ar\/inicio\/el-consejo-de-la-magistratura-aprobo-15-ternas-para-cargos-clave-en-la-justicia-y-define-el-plenario\/#primaryimage\"},\"thumbnailUrl\":\"https:\/\/gysfm.com.ar\/inicio\/wp-content\/uploads\/2026\/05\/consejo-de-la-magistratura-1881714.jpg\",\"articleSection\":[\"NACIONALES\"],\"inLanguage\":\"es\"},{\"@type\":\"WebPage\",\"@id\":\"https:\/\/gysfm.com.ar\/inicio\/el-consejo-de-la-magistratura-aprobo-15-ternas-para-cargos-clave-en-la-justicia-y-define-el-plenario\/\",\"url\":\"https:\/\/gysfm.com.ar\/inicio\/el-consejo-de-la-magistratura-aprobo-15-ternas-para-cargos-clave-en-la-justicia-y-define-el-plenario\/\",\"name\":\"El Consejo de la Magistratura aprob\u00f3 15 ternas para cargos clave en la Justicia y define el Plenario - GYS NOTICIAS |\",\"isPartOf\":{\"@id\":\"https:\/\/gysfm.com.ar\/inicio\/#website\"},\"primaryImageOfPage\":{\"@id\":\"https:\/\/gysfm.com.ar\/inicio\/el-consejo-de-la-magistratura-aprobo-15-ternas-para-cargos-clave-en-la-justicia-y-define-el-plenario\/#primaryimage\"},\"image\":{\"@id\":\"https:\/\/gysfm.com.ar\/inicio\/el-consejo-de-la-magistratura-aprobo-15-ternas-para-cargos-clave-en-la-justicia-y-define-el-plenario\/#primaryimage\"},\"thumbnailUrl\":\"https:\/\/gysfm.com.ar\/inicio\/wp-content\/uploads\/2026\/05\/consejo-de-la-magistratura-1881714.jpg\",\"datePublished\":\"2026-05-01T08:10:12+00:00\",\"breadcrumb\":{\"@id\":\"https:\/\/gysfm.com.ar\/inicio\/el-consejo-de-la-magistratura-aprobo-15-ternas-para-cargos-clave-en-la-justicia-y-define-el-plenario\/#breadcrumb\"},\"inLanguage\":\"es\",\"potentialAction\":[{\"@type\":\"ReadAction\",\"target\":[\"https:\/\/gysfm.com.ar\/inicio\/el-consejo-de-la-magistratura-aprobo-15-ternas-para-cargos-clave-en-la-justicia-y-define-el-plenario\/\"]}]},{\"@type\":\"ImageObject\",\"inLanguage\":\"es\",\"@id\":\"https:\/\/gysfm.com.ar\/inicio\/el-consejo-de-la-magistratura-aprobo-15-ternas-para-cargos-clave-en-la-justicia-y-define-el-plenario\/#primaryimage\",\"url\":\"https:\/\/gysfm.com.ar\/inicio\/wp-content\/uploads\/2026\/05\/consejo-de-la-magistratura-1881714.jpg\",\"contentUrl\":\"https:\/\/gysfm.com.ar\/inicio\/wp-content\/uploads\/2026\/05\/consejo-de-la-magistratura-1881714.jpg\",\"width\":1140,\"height\":641},{\"@type\":\"BreadcrumbList\",\"@id\":\"https:\/\/gysfm.com.ar\/inicio\/el-consejo-de-la-magistratura-aprobo-15-ternas-para-cargos-clave-en-la-justicia-y-define-el-plenario\/#breadcrumb\",\"itemListElement\":[{\"@type\":\"ListItem\",\"position\":1,\"name\":\"Portada\",\"item\":\"https:\/\/gysfm.com.ar\/inicio\/\"},{\"@type\":\"ListItem\",\"position\":2,\"name\":\"El Consejo de la Magistratura aprob\u00f3 15 ternas para cargos clave en la Justicia y define el Plenario\"}]},{\"@type\":\"WebSite\",\"@id\":\"https:\/\/gysfm.com.ar\/inicio\/#website\",\"url\":\"https:\/\/gysfm.com.ar\/inicio\/\",\"name\":\"GYS NOTICIAS |\",\"description\":\"DIARIO - RADIO ONLINE SAN JUAN ARGENTINA\",\"publisher\":{\"@id\":\"https:\/\/gysfm.com.ar\/inicio\/#organization\"},\"potentialAction\":[{\"@type\":\"SearchAction\",\"target\":{\"@type\":\"EntryPoint\",\"urlTemplate\":\"https:\/\/gysfm.com.ar\/inicio\/?s={search_term_string}\"},\"query-input\":{\"@type\":\"PropertyValueSpecification\",\"valueRequired\":true,\"valueName\":\"search_term_string\"}}],\"inLanguage\":\"es\"},{\"@type\":\"Organization\",\"@id\":\"https:\/\/gysfm.com.ar\/inicio\/#organization\",\"name\":\"GYS NOTICIAS |\",\"url\":\"https:\/\/gysfm.com.ar\/inicio\/\",\"logo\":{\"@type\":\"ImageObject\",\"inLanguage\":\"es\",\"@id\":\"https:\/\/gysfm.com.ar\/inicio\/#\/schema\/logo\/image\/\",\"url\":\"https:\/\/gysfm.com.ar\/inicio\/wp-content\/uploads\/2023\/07\/LOGOGYS-OK.png\",\"contentUrl\":\"https:\/\/gysfm.com.ar\/inicio\/wp-content\/uploads\/2023\/07\/LOGOGYS-OK.png\",\"width\":1170,\"height\":872,\"caption\":\"GYS NOTICIAS |\"},\"image\":{\"@id\":\"https:\/\/gysfm.com.ar\/inicio\/#\/schema\/logo\/image\/\"}},{\"@type\":\"Person\",\"@id\":\"https:\/\/gysfm.com.ar\/inicio\/#\/schema\/person\/3abba7593ef2ad19e1be221d54383dc5\",\"name\":\"Prensa G&amp;S FM\",\"image\":{\"@type\":\"ImageObject\",\"inLanguage\":\"es\",\"@id\":\"https:\/\/gysfm.com.ar\/inicio\/#\/schema\/person\/image\/\",\"url\":\"https:\/\/secure.gravatar.com\/avatar\/096ec78df02049ab018702bb4ccedf659377fa92a26540b5247612077a0dbd29?s=96&d=mm&r=g\",\"contentUrl\":\"https:\/\/secure.gravatar.com\/avatar\/096ec78df02049ab018702bb4ccedf659377fa92a26540b5247612077a0dbd29?s=96&d=mm&r=g\",\"caption\":\"Prensa G&amp;S FM\"},\"sameAs\":[\"https:\/\/gysfm.com.ar\/\"],\"url\":\"https:\/\/gysfm.com.ar\/inicio\/author\/lucasm\/\"}]}<\/script>\n<!-- \/ Yoast SEO plugin. -->","yoast_head_json":{"title":"El Consejo de la Magistratura aprob\u00f3 15 ternas para cargos clave en la Justicia y define el Plenario - GYS NOTICIAS |","robots":{"index":"index","follow":"follow","max-snippet":"max-snippet:-1","max-image-preview":"max-image-preview:large","max-video-preview":"max-video-preview:-1"},"canonical":"https:\/\/gysfm.com.ar\/inicio\/el-consejo-de-la-magistratura-aprobo-15-ternas-para-cargos-clave-en-la-justicia-y-define-el-plenario\/","og_locale":"es_ES","og_type":"article","og_title":"El Consejo de la Magistratura aprob\u00f3 15 ternas para cargos clave en la Justicia y define el Plenario - GYS NOTICIAS |","og_description":"La Comisi\u00f3n de Selecci\u00f3n del Consejo de la Magistratura aprob\u00f3 este jueves 15 ternas correspondientes a seis concursos judiciales y elev\u00f3 los dict\u00e1menes al Plenario, que deber\u00e1 tratarlos en las pr\u00f3ximas semanas. Se trata de un paso clave en el proceso de designaci\u00f3n de jueces para distintos fueros y jurisdicciones del pa\u00eds. Uno de los [&hellip;]","og_url":"https:\/\/gysfm.com.ar\/inicio\/el-consejo-de-la-magistratura-aprobo-15-ternas-para-cargos-clave-en-la-justicia-y-define-el-plenario\/","og_site_name":"GYS NOTICIAS |","article_published_time":"2026-05-01T08:10:12+00:00","author":"Prensa G&amp;S FM","twitter_card":"summary_large_image","twitter_misc":{"Escrito por":"Prensa G&amp;S FM","Tiempo de lectura":"2 minutos"},"schema":{"@context":"https:\/\/schema.org","@graph":[{"@type":"Article","@id":"https:\/\/gysfm.com.ar\/inicio\/el-consejo-de-la-magistratura-aprobo-15-ternas-para-cargos-clave-en-la-justicia-y-define-el-plenario\/#article","isPartOf":{"@id":"https:\/\/gysfm.com.ar\/inicio\/el-consejo-de-la-magistratura-aprobo-15-ternas-para-cargos-clave-en-la-justicia-y-define-el-plenario\/"},"author":{"name":"Prensa G&amp;S FM","@id":"https:\/\/gysfm.com.ar\/inicio\/#\/schema\/person\/3abba7593ef2ad19e1be221d54383dc5"},"headline":"El Consejo de la Magistratura aprob\u00f3 15 ternas para cargos clave en la Justicia y define el Plenario","datePublished":"2026-05-01T08:10:12+00:00","mainEntityOfPage":{"@id":"https:\/\/gysfm.com.ar\/inicio\/el-consejo-de-la-magistratura-aprobo-15-ternas-para-cargos-clave-en-la-justicia-y-define-el-plenario\/"},"wordCount":511,"publisher":{"@id":"https:\/\/gysfm.com.ar\/inicio\/#organization"},"image":{"@id":"https:\/\/gysfm.com.ar\/inicio\/el-consejo-de-la-magistratura-aprobo-15-ternas-para-cargos-clave-en-la-justicia-y-define-el-plenario\/#primaryimage"},"thumbnailUrl":"https:\/\/gysfm.com.ar\/inicio\/wp-content\/uploads\/2026\/05\/consejo-de-la-magistratura-1881714.jpg","articleSection":["NACIONALES"],"inLanguage":"es"},{"@type":"WebPage","@id":"https:\/\/gysfm.com.ar\/inicio\/el-consejo-de-la-magistratura-aprobo-15-ternas-para-cargos-clave-en-la-justicia-y-define-el-plenario\/","url":"https:\/\/gysfm.com.ar\/inicio\/el-consejo-de-la-magistratura-aprobo-15-ternas-para-cargos-clave-en-la-justicia-y-define-el-plenario\/","name":"El Consejo de la Magistratura aprob\u00f3 15 ternas para cargos clave en la Justicia y define el Plenario - GYS NOTICIAS |","isPartOf":{"@id":"https:\/\/gysfm.com.ar\/inicio\/#website"},"primaryImageOfPage":{"@id":"https:\/\/gysfm.com.ar\/inicio\/el-consejo-de-la-magistratura-aprobo-15-ternas-para-cargos-clave-en-la-justicia-y-define-el-plenario\/#primaryimage"},"image":{"@id":"https:\/\/gysfm.com.ar\/inicio\/el-consejo-de-la-magistratura-aprobo-15-ternas-para-cargos-clave-en-la-justicia-y-define-el-plenario\/#primaryimage"},"thumbnailUrl":"https:\/\/gysfm.com.ar\/inicio\/wp-content\/uploads\/2026\/05\/consejo-de-la-magistratura-1881714.jpg","datePublished":"2026-05-01T08:10:12+00:00","breadcrumb":{"@id":"https:\/\/gysfm.com.ar\/inicio\/el-consejo-de-la-magistratura-aprobo-15-ternas-para-cargos-clave-en-la-justicia-y-define-el-plenario\/#breadcrumb"},"inLanguage":"es","potentialAction":[{"@type":"ReadAction","target":["https:\/\/gysfm.com.ar\/inicio\/el-consejo-de-la-magistratura-aprobo-15-ternas-para-cargos-clave-en-la-justicia-y-define-el-plenario\/"]}]},{"@type":"ImageObject","inLanguage":"es","@id":"https:\/\/gysfm.com.ar\/inicio\/el-consejo-de-la-magistratura-aprobo-15-ternas-para-cargos-clave-en-la-justicia-y-define-el-plenario\/#primaryimage","url":"https:\/\/gysfm.com.ar\/inicio\/wp-content\/uploads\/2026\/05\/consejo-de-la-magistratura-1881714.jpg","contentUrl":"https:\/\/gysfm.com.ar\/inicio\/wp-content\/uploads\/2026\/05\/consejo-de-la-magistratura-1881714.jpg","width":1140,"height":641},{"@type":"BreadcrumbList","@id":"https:\/\/gysfm.com.ar\/inicio\/el-consejo-de-la-magistratura-aprobo-15-ternas-para-cargos-clave-en-la-justicia-y-define-el-plenario\/#breadcrumb","itemListElement":[{"@type":"ListItem","position":1,"name":"Portada","item":"https:\/\/gysfm.com.ar\/inicio\/"},{"@type":"ListItem","position":2,"name":"El Consejo de la Magistratura aprob\u00f3 15 ternas para cargos clave en la Justicia y define el Plenario"}]},{"@type":"WebSite","@id":"https:\/\/gysfm.com.ar\/inicio\/#website","url":"https:\/\/gysfm.com.ar\/inicio\/","name":"GYS NOTICIAS |","description":"DIARIO - RADIO ONLINE SAN JUAN ARGENTINA","publisher":{"@id":"https:\/\/gysfm.com.ar\/inicio\/#organization"},"potentialAction":[{"@type":"SearchAction","target":{"@type":"EntryPoint","urlTemplate":"https:\/\/gysfm.com.ar\/inicio\/?s={search_term_string}"},"query-input":{"@type":"PropertyValueSpecification","valueRequired":true,"valueName":"search_term_string"}}],"inLanguage":"es"},{"@type":"Organization","@id":"https:\/\/gysfm.com.ar\/inicio\/#organization","name":"GYS NOTICIAS |","url":"https:\/\/gysfm.com.ar\/inicio\/","logo":{"@type":"ImageObject","inLanguage":"es","@id":"https:\/\/gysfm.com.ar\/inicio\/#\/schema\/logo\/image\/","url":"https:\/\/gysfm.com.ar\/inicio\/wp-content\/uploads\/2023\/07\/LOGOGYS-OK.png","contentUrl":"https:\/\/gysfm.com.ar\/inicio\/wp-content\/uploads\/2023\/07\/LOGOGYS-OK.png","width":1170,"height":872,"caption":"GYS NOTICIAS |"},"image":{"@id":"https:\/\/gysfm.com.ar\/inicio\/#\/schema\/logo\/image\/"}},{"@type":"Person","@id":"https:\/\/gysfm.com.ar\/inicio\/#\/schema\/person\/3abba7593ef2ad19e1be221d54383dc5","name":"Prensa G&amp;S FM","image":{"@type":"ImageObject","inLanguage":"es","@id":"https:\/\/gysfm.com.ar\/inicio\/#\/schema\/person\/image\/","url":"https:\/\/secure.gravatar.com\/avatar\/096ec78df02049ab018702bb4ccedf659377fa92a26540b5247612077a0dbd29?s=96&d=mm&r=g","contentUrl":"https:\/\/secure.gravatar.com\/avatar\/096ec78df02049ab018702bb4ccedf659377fa92a26540b5247612077a0dbd29?s=96&d=mm&r=g","caption":"Prensa G&amp;S FM"},"sameAs":["https:\/\/gysfm.com.ar\/"],"url":"https:\/\/gysfm.com.ar\/inicio\/author\/lucasm\/"}]}},"_links":{"self":[{"href":"https:\/\/gysfm.com.ar\/inicio\/wp-json\/wp\/v2\/posts\/194040","targetHints":{"allow":["GET"]}}],"collection":[{"href":"https:\/\/gysfm.com.ar\/inicio\/wp-json\/wp\/v2\/posts"}],"about":[{"href":"https:\/\/gysfm.com.ar\/inicio\/wp-json\/wp\/v2\/types\/post"}],"author":[{"embeddable":true,"href":"https:\/\/gysfm.com.ar\/inicio\/wp-json\/wp\/v2\/users\/2"}],"replies":[{"embeddable":true,"href":"https:\/\/gysfm.com.ar\/inicio\/wp-json\/wp\/v2\/comments?post=194040"}],"version-history":[{"count":0,"href":"https:\/\/gysfm.com.ar\/inicio\/wp-json\/wp\/v2\/posts\/194040\/revisions"}],"wp:featuredmedia":[{"embeddable":true,"href":"https:\/\/gysfm.com.ar\/inicio\/wp-json\/wp\/v2\/media\/194041"}],"wp:attachment":[{"href":"https:\/\/gysfm.com.ar\/inicio\/wp-json\/wp\/v2\/media?parent=194040"}],"wp:term":[{"taxonomy":"category","embeddable":true,"href":"https:\/\/gysfm.com.ar\/inicio\/wp-json\/wp\/v2\/categories?post=194040"},{"taxonomy":"post_tag","embeddable":true,"href":"https:\/\/gysfm.com.ar\/inicio\/wp-json\/wp\/v2\/tags?post=194040"}],"curies":[{"name":"wp","href":"https:\/\/api.w.org\/{rel}","templated":true}]}}