{"id":194033,"date":"2026-05-01T04:33:10","date_gmt":"2026-05-01T07:33:10","guid":{"rendered":"https:\/\/gysfm.com.ar\/inicio\/nuevo-video-muestra-como-entro-cole-allen-a-la-cena-de-corresponsales-donde-intento-atacar-a-donald-trump\/"},"modified":"2026-05-01T04:33:10","modified_gmt":"2026-05-01T07:33:10","slug":"nuevo-video-muestra-como-entro-cole-allen-a-la-cena-de-corresponsales-donde-intento-atacar-a-donald-trump","status":"publish","type":"post","link":"https:\/\/gysfm.com.ar\/inicio\/nuevo-video-muestra-como-entro-cole-allen-a-la-cena-de-corresponsales-donde-intento-atacar-a-donald-trump\/","title":{"rendered":"Nuevo video muestra c\u00f3mo entr\u00f3 Cole Allen a la cena de corresponsales donde intent\u00f3 atacar a Donald Trump"},"content":{"rendered":"<p><\/p>\n<div id=\"article-content\">\n<p>La fiscal <strong>Jeanine Piro<\/strong> comparti\u00f3 en su cuenta oficial de X un<strong> nuevo video<\/strong> donde puede verse a <a target=\"_blank\" href=\"https:\/\/www.perfil.com\/noticias\/bloomberg\/bc-sospechoso-del-ataque-en-cena-de-corresponsales-acumulo-armas-durante-anos.phtml\"><strong>Cole Allen<\/strong><\/a>, el acusado de tratar de asesinar al presidente de Estados Unidos,<strong> <a target=\"_blank\" href=\"https:\/\/www.perfil.com\/noticias\/internacional\/el-atacante-de-la-gala-de-medios-fue-imputado-por-intento-de-asesinato-de-donald-trump.phtml\">Donald Trump<\/a><\/strong>, durante la Cena de Corresponsales de la Casa Blanca el pasado s\u00e1bado,<strong> cuando dispara contra un miembro del Servicio Secreto<\/strong> antes de que los agentes consiguieran reducirlo y esposarlo.<\/p>\n<p><iframe id=\"vrudo\" class=\"vrudo\" src=\"https:\/\/rudo.video\/vod\/bWsEeM?volume=0\" width=\"100%\" height=\"100%\" allowscriptaccess=\"always\" allowfullscreen=\"true\" webkitallowfullscreen=\"true\" frameborder=\"0\" scrolling=\"no\" allow=\"autoplay; fullscreen\" loading=\"lazy\" title=\"Contenido embebido\"><\/iframe><\/p>\n<p>Acompa\u00f1ando el video, la fiscal escribi\u00f3: \u201cHoy, estamos publicando el video ya proporcionado al Tribunal de Distrito de EE.UU. que <strong>muestra a Cole Allen disparar a un oficial del Servicio Secreto<\/strong> de EE.UU. durante su intento de asesinar al Presidente en la Cena de Corresponsales de la Casa Blanca\u00bb. Y agrega: \u00ab<strong>No hay evidencia de que el tiroteo fuera el resultado de fuego amig<\/strong>o\u00bb.<\/p>\n<p class=\"destacadoNota\"><a target=\"_blank\" href=\"https:\/\/www.perfil.com\/noticias\/internacional\/quien-es-el-sospechoso-de-atacar-la-cena-que-encabezaba-el-presidente-trump-con-su-esposa.phtml\">\u00abMaestro del Mes\u00bb: Qui\u00e9n es el universitario que dispar\u00f3 en la gala con Trump en Washington<\/a><\/p>\n<div class=\"subscription\">\n<p>\n        Esto no les gusta a los autoritarios\n    <\/p>\n<div class=\"subscription__container\">\n<div class=\"subscription__text-wrapper\">\n<p>\n                El ejercicio del periodismo profesional y cr\u00edtico es un pilar fundamental de la democracia. Por eso molesta a quienes creen ser los due\u00f1os de la verdad.\n            <\/p>\n<\/p><\/div><\/div>\n<\/div>\n<p>La fiscal agreg\u00f3 que \u00abel video tambi\u00e9n muestra a Allen explorando el \u00e1rea en el Hotel Hilton el d\u00eda antes del ataque\u00bb, supuestamente para organizar el <a target=\"_blank\" href=\"https:\/\/www.perfil.com\/noticias\/opinion\/el-atentado-contra-donald-trump-y-una-degradacion-mas-de-debate-publico.phtml\"><strong>atentado<\/strong><\/a>. Y cerr\u00f3 diciendo: \u00abMi oficina junto con el FBI continuar\u00e1 esta extensa investigaci\u00f3n para llevar a Cole Allen ante la justicia\u00bb.<\/p>\n<div style=\"text-align:center\">\n<figure class=\"image\" style=\"display:inline-block\"><picture><source media=\"(max-width: 440px)\" srcset=\"https:\/\/fotos.perfil.com\/\/2026\/04\/26\/440\/0\/cole-tomas-allen-26042026-2227784.jpg?webp\"\/><source media=\"(max-width: 1019px)\" srcset=\"https:\/\/fotos.perfil.com\/\/2026\/04\/26\/712\/0\/cole-tomas-allen-26042026-2227784.jpg?webp\"\/><img decoding=\"async\" style=\"max-width: 100%; width: 100%;\" alt=\"Cole Tomas Allen 26042026\" src=\"https:\/\/fotos.perfil.com\/\/2026\/04\/26\/900\/0\/cole-tomas-allen-26042026-2227784.jpg?webp\" loading=\"lazy\"\/><\/picture><figcaption>Cole Allen<\/figcaption><\/figure>\n<\/p><\/div>\n<h2>Las acusaciones contra Cole Allen <\/h2>\n<p>Cole Allen, un<strong> maestro de 31 a\u00f1os<\/strong> residente en el estado de California, fue procesado este lunes 27 de abril en un tribunal por el cargo de intentar asesinar al presidente Donald Trump y dos delitos relacionados con armas de fuego.<\/p>\n<p>El acusado puede ser <strong>condenado a cadena perpetua<\/strong> si es declarado culpable de tratar de quitarle la vida al mandatario republicano durante la cena de corresponsales de la Casa Blanca que se realiz\u00f3 el s\u00e1bado 25 de abril en Washington. <strong>Allen no se declar\u00f3 culpable ni inocente <\/strong>durante la audiencia en una corte federal en la capital de Estados Unidos.<\/p>\n<div style=\"text-align:center\">\n<figure class=\"image\" style=\"display:inline-block\"><picture><source media=\"(max-width: 440px)\" srcset=\"https:\/\/fotos.perfil.com\/\/2026\/04\/26\/440\/0\/cole-tomas-allen-elegido-maestro-del-mes-2227706.jpg?webp\"\/><source media=\"(max-width: 1019px)\" srcset=\"https:\/\/fotos.perfil.com\/\/2026\/04\/26\/712\/0\/cole-tomas-allen-elegido-maestro-del-mes-2227706.jpg?webp\"\/><img decoding=\"async\" style=\"max-width: 100%; width: 100%;\" alt=\"Cole Tomas Allen elegido maestro del mes\" src=\"https:\/\/fotos.perfil.com\/\/2026\/04\/26\/900\/0\/cole-tomas-allen-elegido-maestro-del-mes-2227706.jpg?webp\" loading=\"lazy\"\/><\/picture><figcaption>Cole Allen cuando fue elegido maestro del mes por su desempe\u00f1o profesional<\/figcaption><\/figure>\n<\/p><\/div>\n<p>Seg\u00fan la fiscal\u00eda, el maestro llevaba <strong>tres cuchillos, una pistola semiautom\u00e1tica y una escopeta recortada<\/strong> cuando trat\u00f3 de vulnerar la seguridad del hotel Hilton, donde se realizaba la cena presidencial. Las im\u00e1genes de las c\u00e1maras de vigilancia lo muestran intentando correr a toda velocidad m\u00e1s all\u00e1 de un control de seguridad, un piso arriba de la sala donde se realizaba la gala.<\/p>\n<p class=\"destacadoNota\"><a target=\"_blank\" href=\"https:\/\/www.perfil.com\/noticias\/internacional\/donald-trump-atacante-rapido-fichado-por-nfl.phtml\">Donald Trump dijo que su atacante fue tan r\u00e1pido que \u00abdeber\u00eda ser fichado por la NFL\u00bb<\/a><\/p>\n<p>Tras tirotearse con los agentes de seguridad, <strong>Allen fue reducido.<\/strong> Poco despu\u00e9s, Trump public\u00f3 fotos del hombre esposado con las manos a la espalda, sobre la alfombra del hotel, boca abajo y sin camisa.<\/p>\n<div style=\"text-align:center\">\n<figure class=\"image\" style=\"display:inline-block\"><picture><source media=\"(max-width: 440px)\" srcset=\"https:\/\/fotos.perfil.com\/\/2026\/04\/26\/440\/0\/cole-tomas-allen-26042026-2227783.jpg?webp\"\/><source media=\"(max-width: 1019px)\" srcset=\"https:\/\/fotos.perfil.com\/\/2026\/04\/26\/712\/0\/cole-tomas-allen-26042026-2227783.jpg?webp\"\/><img decoding=\"async\" style=\"max-width: 100%; width: 100%;\" alt=\"Cole Tomas Allen 26042026\" src=\"https:\/\/fotos.perfil.com\/\/2026\/04\/26\/900\/0\/cole-tomas-allen-26042026-2227783.jpg?webp\" loading=\"lazy\"\/><\/picture><figcaption>Cole Allen tras ser detenido<\/figcaption><\/figure>\n<\/p><\/div>\n<p>La Casa Blanca acus\u00f3 el lunes al \u201c<strong>culto al odio de la izquierda<\/strong>\u201d por el tiroteo. Por su parte, medios norteamericanos hallaron antiguas publicaciones de Allen en redes sociales donde criticaba duramente las pol\u00edticas de Trump.<\/p>\n<p><em>HM<\/em><\/p>\n<\/p><\/div>\n<p><script>\n                !function(f,b,e,v,n,t,s)\n                {if(f.fbq)return;n=f.fbq=function(){n.callMethod?\n                    n.callMethod.apply(n,arguments):n.queue.push(arguments)};\n                    if(!f._fbq)f._fbq=n;n.push=n;n.loaded=!0;n.version='2.0';\n                    n.queue=[];t=b.createElement(e);t.async=!0;\n                    t.src=v;s=b.getElementsByTagName(e)[0];\n                    s.parentNode.insertBefore(t,s)}(window, document,'script',\n                    'https:\/\/connect.facebook.net\/en_US\/fbevents.js');\n                window.paywallConfig.facebook_pixel=\"1000228364089342\"\n            <\/script><\/p>\n","protected":false},"excerpt":{"rendered":"<p>La fiscal Jeanine Piro comparti\u00f3 en su cuenta oficial de X un nuevo video donde puede verse a Cole Allen, el acusado de tratar de asesinar al presidente de Estados Unidos, Donald Trump, durante la Cena de Corresponsales de la Casa Blanca el pasado s\u00e1bado, cuando dispara contra un miembro del Servicio Secreto antes de [&hellip;]<\/p>\n","protected":false},"author":2,"featured_media":194034,"comment_status":"closed","ping_status":"closed","sticky":false,"template":"","format":"standard","meta":{"footnotes":""},"categories":[25],"tags":[],"class_list":["post-194033","post","type-post","status-publish","format-standard","has-post-thumbnail","hentry","category-nacionales"],"yoast_head":"<!-- This site is optimized with the Yoast SEO plugin v24.4 - https:\/\/yoast.com\/wordpress\/plugins\/seo\/ -->\n<title>Nuevo video muestra c\u00f3mo entr\u00f3 Cole Allen a la cena de corresponsales donde intent\u00f3 atacar a Donald Trump - GYS NOTICIAS |<\/title>\n<meta name=\"robots\" content=\"index, follow, max-snippet:-1, max-image-preview:large, max-video-preview:-1\" \/>\n<link rel=\"canonical\" href=\"https:\/\/gysfm.com.ar\/inicio\/nuevo-video-muestra-como-entro-cole-allen-a-la-cena-de-corresponsales-donde-intento-atacar-a-donald-trump\/\" \/>\n<meta property=\"og:locale\" content=\"es_ES\" \/>\n<meta property=\"og:type\" content=\"article\" \/>\n<meta property=\"og:title\" content=\"Nuevo video muestra c\u00f3mo entr\u00f3 Cole Allen a la cena de corresponsales donde intent\u00f3 atacar a Donald Trump - GYS NOTICIAS |\" \/>\n<meta property=\"og:description\" content=\"La fiscal Jeanine Piro comparti\u00f3 en su cuenta oficial de X un nuevo video donde puede verse a Cole Allen, el acusado de tratar de asesinar al presidente de Estados Unidos, Donald Trump, durante la Cena de Corresponsales de la Casa Blanca el pasado s\u00e1bado, cuando dispara contra un miembro del Servicio Secreto antes de [&hellip;]\" \/>\n<meta property=\"og:url\" content=\"https:\/\/gysfm.com.ar\/inicio\/nuevo-video-muestra-como-entro-cole-allen-a-la-cena-de-corresponsales-donde-intento-atacar-a-donald-trump\/\" \/>\n<meta property=\"og:site_name\" content=\"GYS NOTICIAS |\" \/>\n<meta property=\"article:published_time\" content=\"2026-05-01T07:33:10+00:00\" \/>\n<meta property=\"og:image\" content=\"https:\/\/fotos.perfil.com\/\/2026\/04\/26\/900\/0\/cole-tomas-allen-26042026-2227784.jpg?webp\" \/>\n<meta name=\"author\" content=\"Prensa G&amp;S FM\" \/>\n<meta name=\"twitter:card\" content=\"summary_large_image\" \/>\n<meta name=\"twitter:label1\" content=\"Escrito por\" \/>\n\t<meta name=\"twitter:data1\" content=\"Prensa G&amp;S FM\" \/>\n\t<meta name=\"twitter:label2\" content=\"Tiempo de lectura\" \/>\n\t<meta name=\"twitter:data2\" content=\"3 minutos\" \/>\n<script type=\"application\/ld+json\" class=\"yoast-schema-graph\">{\"@context\":\"https:\/\/schema.org\",\"@graph\":[{\"@type\":\"Article\",\"@id\":\"https:\/\/gysfm.com.ar\/inicio\/nuevo-video-muestra-como-entro-cole-allen-a-la-cena-de-corresponsales-donde-intento-atacar-a-donald-trump\/#article\",\"isPartOf\":{\"@id\":\"https:\/\/gysfm.com.ar\/inicio\/nuevo-video-muestra-como-entro-cole-allen-a-la-cena-de-corresponsales-donde-intento-atacar-a-donald-trump\/\"},\"author\":{\"name\":\"Prensa G&amp;S FM\",\"@id\":\"https:\/\/gysfm.com.ar\/inicio\/#\/schema\/person\/3abba7593ef2ad19e1be221d54383dc5\"},\"headline\":\"Nuevo video muestra c\u00f3mo entr\u00f3 Cole Allen a la cena de corresponsales donde intent\u00f3 atacar a Donald Trump\",\"datePublished\":\"2026-05-01T07:33:10+00:00\",\"mainEntityOfPage\":{\"@id\":\"https:\/\/gysfm.com.ar\/inicio\/nuevo-video-muestra-como-entro-cole-allen-a-la-cena-de-corresponsales-donde-intento-atacar-a-donald-trump\/\"},\"wordCount\":536,\"publisher\":{\"@id\":\"https:\/\/gysfm.com.ar\/inicio\/#organization\"},\"image\":{\"@id\":\"https:\/\/gysfm.com.ar\/inicio\/nuevo-video-muestra-como-entro-cole-allen-a-la-cena-de-corresponsales-donde-intento-atacar-a-donald-trump\/#primaryimage\"},\"thumbnailUrl\":\"https:\/\/gysfm.com.ar\/inicio\/wp-content\/uploads\/2026\/05\/intento-de-atentado-a-donald-trump-30042026-2231734.jpg\",\"articleSection\":[\"NACIONALES\"],\"inLanguage\":\"es\"},{\"@type\":\"WebPage\",\"@id\":\"https:\/\/gysfm.com.ar\/inicio\/nuevo-video-muestra-como-entro-cole-allen-a-la-cena-de-corresponsales-donde-intento-atacar-a-donald-trump\/\",\"url\":\"https:\/\/gysfm.com.ar\/inicio\/nuevo-video-muestra-como-entro-cole-allen-a-la-cena-de-corresponsales-donde-intento-atacar-a-donald-trump\/\",\"name\":\"Nuevo video muestra c\u00f3mo entr\u00f3 Cole Allen a la cena de corresponsales donde intent\u00f3 atacar a Donald Trump - GYS NOTICIAS |\",\"isPartOf\":{\"@id\":\"https:\/\/gysfm.com.ar\/inicio\/#website\"},\"primaryImageOfPage\":{\"@id\":\"https:\/\/gysfm.com.ar\/inicio\/nuevo-video-muestra-como-entro-cole-allen-a-la-cena-de-corresponsales-donde-intento-atacar-a-donald-trump\/#primaryimage\"},\"image\":{\"@id\":\"https:\/\/gysfm.com.ar\/inicio\/nuevo-video-muestra-como-entro-cole-allen-a-la-cena-de-corresponsales-donde-intento-atacar-a-donald-trump\/#primaryimage\"},\"thumbnailUrl\":\"https:\/\/gysfm.com.ar\/inicio\/wp-content\/uploads\/2026\/05\/intento-de-atentado-a-donald-trump-30042026-2231734.jpg\",\"datePublished\":\"2026-05-01T07:33:10+00:00\",\"breadcrumb\":{\"@id\":\"https:\/\/gysfm.com.ar\/inicio\/nuevo-video-muestra-como-entro-cole-allen-a-la-cena-de-corresponsales-donde-intento-atacar-a-donald-trump\/#breadcrumb\"},\"inLanguage\":\"es\",\"potentialAction\":[{\"@type\":\"ReadAction\",\"target\":[\"https:\/\/gysfm.com.ar\/inicio\/nuevo-video-muestra-como-entro-cole-allen-a-la-cena-de-corresponsales-donde-intento-atacar-a-donald-trump\/\"]}]},{\"@type\":\"ImageObject\",\"inLanguage\":\"es\",\"@id\":\"https:\/\/gysfm.com.ar\/inicio\/nuevo-video-muestra-como-entro-cole-allen-a-la-cena-de-corresponsales-donde-intento-atacar-a-donald-trump\/#primaryimage\",\"url\":\"https:\/\/gysfm.com.ar\/inicio\/wp-content\/uploads\/2026\/05\/intento-de-atentado-a-donald-trump-30042026-2231734.jpg\",\"contentUrl\":\"https:\/\/gysfm.com.ar\/inicio\/wp-content\/uploads\/2026\/05\/intento-de-atentado-a-donald-trump-30042026-2231734.jpg\",\"width\":1140,\"height\":641},{\"@type\":\"BreadcrumbList\",\"@id\":\"https:\/\/gysfm.com.ar\/inicio\/nuevo-video-muestra-como-entro-cole-allen-a-la-cena-de-corresponsales-donde-intento-atacar-a-donald-trump\/#breadcrumb\",\"itemListElement\":[{\"@type\":\"ListItem\",\"position\":1,\"name\":\"Portada\",\"item\":\"https:\/\/gysfm.com.ar\/inicio\/\"},{\"@type\":\"ListItem\",\"position\":2,\"name\":\"Nuevo video muestra c\u00f3mo entr\u00f3 Cole Allen a la cena de corresponsales donde intent\u00f3 atacar a Donald Trump\"}]},{\"@type\":\"WebSite\",\"@id\":\"https:\/\/gysfm.com.ar\/inicio\/#website\",\"url\":\"https:\/\/gysfm.com.ar\/inicio\/\",\"name\":\"GYS NOTICIAS |\",\"description\":\"DIARIO - RADIO ONLINE SAN JUAN ARGENTINA\",\"publisher\":{\"@id\":\"https:\/\/gysfm.com.ar\/inicio\/#organization\"},\"potentialAction\":[{\"@type\":\"SearchAction\",\"target\":{\"@type\":\"EntryPoint\",\"urlTemplate\":\"https:\/\/gysfm.com.ar\/inicio\/?s={search_term_string}\"},\"query-input\":{\"@type\":\"PropertyValueSpecification\",\"valueRequired\":true,\"valueName\":\"search_term_string\"}}],\"inLanguage\":\"es\"},{\"@type\":\"Organization\",\"@id\":\"https:\/\/gysfm.com.ar\/inicio\/#organization\",\"name\":\"GYS NOTICIAS |\",\"url\":\"https:\/\/gysfm.com.ar\/inicio\/\",\"logo\":{\"@type\":\"ImageObject\",\"inLanguage\":\"es\",\"@id\":\"https:\/\/gysfm.com.ar\/inicio\/#\/schema\/logo\/image\/\",\"url\":\"https:\/\/gysfm.com.ar\/inicio\/wp-content\/uploads\/2023\/07\/LOGOGYS-OK.png\",\"contentUrl\":\"https:\/\/gysfm.com.ar\/inicio\/wp-content\/uploads\/2023\/07\/LOGOGYS-OK.png\",\"width\":1170,\"height\":872,\"caption\":\"GYS NOTICIAS |\"},\"image\":{\"@id\":\"https:\/\/gysfm.com.ar\/inicio\/#\/schema\/logo\/image\/\"}},{\"@type\":\"Person\",\"@id\":\"https:\/\/gysfm.com.ar\/inicio\/#\/schema\/person\/3abba7593ef2ad19e1be221d54383dc5\",\"name\":\"Prensa G&amp;S FM\",\"image\":{\"@type\":\"ImageObject\",\"inLanguage\":\"es\",\"@id\":\"https:\/\/gysfm.com.ar\/inicio\/#\/schema\/person\/image\/\",\"url\":\"https:\/\/secure.gravatar.com\/avatar\/096ec78df02049ab018702bb4ccedf659377fa92a26540b5247612077a0dbd29?s=96&d=mm&r=g\",\"contentUrl\":\"https:\/\/secure.gravatar.com\/avatar\/096ec78df02049ab018702bb4ccedf659377fa92a26540b5247612077a0dbd29?s=96&d=mm&r=g\",\"caption\":\"Prensa G&amp;S FM\"},\"sameAs\":[\"https:\/\/gysfm.com.ar\/\"],\"url\":\"https:\/\/gysfm.com.ar\/inicio\/author\/lucasm\/\"}]}<\/script>\n<!-- \/ Yoast SEO plugin. -->","yoast_head_json":{"title":"Nuevo video muestra c\u00f3mo entr\u00f3 Cole Allen a la cena de corresponsales donde intent\u00f3 atacar a Donald Trump - GYS NOTICIAS |","robots":{"index":"index","follow":"follow","max-snippet":"max-snippet:-1","max-image-preview":"max-image-preview:large","max-video-preview":"max-video-preview:-1"},"canonical":"https:\/\/gysfm.com.ar\/inicio\/nuevo-video-muestra-como-entro-cole-allen-a-la-cena-de-corresponsales-donde-intento-atacar-a-donald-trump\/","og_locale":"es_ES","og_type":"article","og_title":"Nuevo video muestra c\u00f3mo entr\u00f3 Cole Allen a la cena de corresponsales donde intent\u00f3 atacar a Donald Trump - GYS NOTICIAS |","og_description":"La fiscal Jeanine Piro comparti\u00f3 en su cuenta oficial de X un nuevo video donde puede verse a Cole Allen, el acusado de tratar de asesinar al presidente de Estados Unidos, Donald Trump, durante la Cena de Corresponsales de la Casa Blanca el pasado s\u00e1bado, cuando dispara contra un miembro del Servicio Secreto antes de [&hellip;]","og_url":"https:\/\/gysfm.com.ar\/inicio\/nuevo-video-muestra-como-entro-cole-allen-a-la-cena-de-corresponsales-donde-intento-atacar-a-donald-trump\/","og_site_name":"GYS NOTICIAS |","article_published_time":"2026-05-01T07:33:10+00:00","og_image":[{"url":"https:\/\/fotos.perfil.com\/\/2026\/04\/26\/900\/0\/cole-tomas-allen-26042026-2227784.jpg?webp","type":"","width":"","height":""}],"author":"Prensa G&amp;S FM","twitter_card":"summary_large_image","twitter_misc":{"Escrito por":"Prensa G&amp;S FM","Tiempo de lectura":"3 minutos"},"schema":{"@context":"https:\/\/schema.org","@graph":[{"@type":"Article","@id":"https:\/\/gysfm.com.ar\/inicio\/nuevo-video-muestra-como-entro-cole-allen-a-la-cena-de-corresponsales-donde-intento-atacar-a-donald-trump\/#article","isPartOf":{"@id":"https:\/\/gysfm.com.ar\/inicio\/nuevo-video-muestra-como-entro-cole-allen-a-la-cena-de-corresponsales-donde-intento-atacar-a-donald-trump\/"},"author":{"name":"Prensa G&amp;S FM","@id":"https:\/\/gysfm.com.ar\/inicio\/#\/schema\/person\/3abba7593ef2ad19e1be221d54383dc5"},"headline":"Nuevo video muestra c\u00f3mo entr\u00f3 Cole Allen a la cena de corresponsales donde intent\u00f3 atacar a Donald Trump","datePublished":"2026-05-01T07:33:10+00:00","mainEntityOfPage":{"@id":"https:\/\/gysfm.com.ar\/inicio\/nuevo-video-muestra-como-entro-cole-allen-a-la-cena-de-corresponsales-donde-intento-atacar-a-donald-trump\/"},"wordCount":536,"publisher":{"@id":"https:\/\/gysfm.com.ar\/inicio\/#organization"},"image":{"@id":"https:\/\/gysfm.com.ar\/inicio\/nuevo-video-muestra-como-entro-cole-allen-a-la-cena-de-corresponsales-donde-intento-atacar-a-donald-trump\/#primaryimage"},"thumbnailUrl":"https:\/\/gysfm.com.ar\/inicio\/wp-content\/uploads\/2026\/05\/intento-de-atentado-a-donald-trump-30042026-2231734.jpg","articleSection":["NACIONALES"],"inLanguage":"es"},{"@type":"WebPage","@id":"https:\/\/gysfm.com.ar\/inicio\/nuevo-video-muestra-como-entro-cole-allen-a-la-cena-de-corresponsales-donde-intento-atacar-a-donald-trump\/","url":"https:\/\/gysfm.com.ar\/inicio\/nuevo-video-muestra-como-entro-cole-allen-a-la-cena-de-corresponsales-donde-intento-atacar-a-donald-trump\/","name":"Nuevo video muestra c\u00f3mo entr\u00f3 Cole Allen a la cena de corresponsales donde intent\u00f3 atacar a Donald Trump - GYS NOTICIAS |","isPartOf":{"@id":"https:\/\/gysfm.com.ar\/inicio\/#website"},"primaryImageOfPage":{"@id":"https:\/\/gysfm.com.ar\/inicio\/nuevo-video-muestra-como-entro-cole-allen-a-la-cena-de-corresponsales-donde-intento-atacar-a-donald-trump\/#primaryimage"},"image":{"@id":"https:\/\/gysfm.com.ar\/inicio\/nuevo-video-muestra-como-entro-cole-allen-a-la-cena-de-corresponsales-donde-intento-atacar-a-donald-trump\/#primaryimage"},"thumbnailUrl":"https:\/\/gysfm.com.ar\/inicio\/wp-content\/uploads\/2026\/05\/intento-de-atentado-a-donald-trump-30042026-2231734.jpg","datePublished":"2026-05-01T07:33:10+00:00","breadcrumb":{"@id":"https:\/\/gysfm.com.ar\/inicio\/nuevo-video-muestra-como-entro-cole-allen-a-la-cena-de-corresponsales-donde-intento-atacar-a-donald-trump\/#breadcrumb"},"inLanguage":"es","potentialAction":[{"@type":"ReadAction","target":["https:\/\/gysfm.com.ar\/inicio\/nuevo-video-muestra-como-entro-cole-allen-a-la-cena-de-corresponsales-donde-intento-atacar-a-donald-trump\/"]}]},{"@type":"ImageObject","inLanguage":"es","@id":"https:\/\/gysfm.com.ar\/inicio\/nuevo-video-muestra-como-entro-cole-allen-a-la-cena-de-corresponsales-donde-intento-atacar-a-donald-trump\/#primaryimage","url":"https:\/\/gysfm.com.ar\/inicio\/wp-content\/uploads\/2026\/05\/intento-de-atentado-a-donald-trump-30042026-2231734.jpg","contentUrl":"https:\/\/gysfm.com.ar\/inicio\/wp-content\/uploads\/2026\/05\/intento-de-atentado-a-donald-trump-30042026-2231734.jpg","width":1140,"height":641},{"@type":"BreadcrumbList","@id":"https:\/\/gysfm.com.ar\/inicio\/nuevo-video-muestra-como-entro-cole-allen-a-la-cena-de-corresponsales-donde-intento-atacar-a-donald-trump\/#breadcrumb","itemListElement":[{"@type":"ListItem","position":1,"name":"Portada","item":"https:\/\/gysfm.com.ar\/inicio\/"},{"@type":"ListItem","position":2,"name":"Nuevo video muestra c\u00f3mo entr\u00f3 Cole Allen a la cena de corresponsales donde intent\u00f3 atacar a Donald Trump"}]},{"@type":"WebSite","@id":"https:\/\/gysfm.com.ar\/inicio\/#website","url":"https:\/\/gysfm.com.ar\/inicio\/","name":"GYS NOTICIAS |","description":"DIARIO - RADIO ONLINE SAN JUAN ARGENTINA","publisher":{"@id":"https:\/\/gysfm.com.ar\/inicio\/#organization"},"potentialAction":[{"@type":"SearchAction","target":{"@type":"EntryPoint","urlTemplate":"https:\/\/gysfm.com.ar\/inicio\/?s={search_term_string}"},"query-input":{"@type":"PropertyValueSpecification","valueRequired":true,"valueName":"search_term_string"}}],"inLanguage":"es"},{"@type":"Organization","@id":"https:\/\/gysfm.com.ar\/inicio\/#organization","name":"GYS NOTICIAS |","url":"https:\/\/gysfm.com.ar\/inicio\/","logo":{"@type":"ImageObject","inLanguage":"es","@id":"https:\/\/gysfm.com.ar\/inicio\/#\/schema\/logo\/image\/","url":"https:\/\/gysfm.com.ar\/inicio\/wp-content\/uploads\/2023\/07\/LOGOGYS-OK.png","contentUrl":"https:\/\/gysfm.com.ar\/inicio\/wp-content\/uploads\/2023\/07\/LOGOGYS-OK.png","width":1170,"height":872,"caption":"GYS NOTICIAS |"},"image":{"@id":"https:\/\/gysfm.com.ar\/inicio\/#\/schema\/logo\/image\/"}},{"@type":"Person","@id":"https:\/\/gysfm.com.ar\/inicio\/#\/schema\/person\/3abba7593ef2ad19e1be221d54383dc5","name":"Prensa G&amp;S FM","image":{"@type":"ImageObject","inLanguage":"es","@id":"https:\/\/gysfm.com.ar\/inicio\/#\/schema\/person\/image\/","url":"https:\/\/secure.gravatar.com\/avatar\/096ec78df02049ab018702bb4ccedf659377fa92a26540b5247612077a0dbd29?s=96&d=mm&r=g","contentUrl":"https:\/\/secure.gravatar.com\/avatar\/096ec78df02049ab018702bb4ccedf659377fa92a26540b5247612077a0dbd29?s=96&d=mm&r=g","caption":"Prensa G&amp;S FM"},"sameAs":["https:\/\/gysfm.com.ar\/"],"url":"https:\/\/gysfm.com.ar\/inicio\/author\/lucasm\/"}]}},"_links":{"self":[{"href":"https:\/\/gysfm.com.ar\/inicio\/wp-json\/wp\/v2\/posts\/194033","targetHints":{"allow":["GET"]}}],"collection":[{"href":"https:\/\/gysfm.com.ar\/inicio\/wp-json\/wp\/v2\/posts"}],"about":[{"href":"https:\/\/gysfm.com.ar\/inicio\/wp-json\/wp\/v2\/types\/post"}],"author":[{"embeddable":true,"href":"https:\/\/gysfm.com.ar\/inicio\/wp-json\/wp\/v2\/users\/2"}],"replies":[{"embeddable":true,"href":"https:\/\/gysfm.com.ar\/inicio\/wp-json\/wp\/v2\/comments?post=194033"}],"version-history":[{"count":0,"href":"https:\/\/gysfm.com.ar\/inicio\/wp-json\/wp\/v2\/posts\/194033\/revisions"}],"wp:featuredmedia":[{"embeddable":true,"href":"https:\/\/gysfm.com.ar\/inicio\/wp-json\/wp\/v2\/media\/194034"}],"wp:attachment":[{"href":"https:\/\/gysfm.com.ar\/inicio\/wp-json\/wp\/v2\/media?parent=194033"}],"wp:term":[{"taxonomy":"category","embeddable":true,"href":"https:\/\/gysfm.com.ar\/inicio\/wp-json\/wp\/v2\/categories?post=194033"},{"taxonomy":"post_tag","embeddable":true,"href":"https:\/\/gysfm.com.ar\/inicio\/wp-json\/wp\/v2\/tags?post=194033"}],"curies":[{"name":"wp","href":"https:\/\/api.w.org\/{rel}","templated":true}]}}