{"id":194031,"date":"2026-05-01T04:02:06","date_gmt":"2026-05-01T07:02:06","guid":{"rendered":"https:\/\/gysfm.com.ar\/inicio\/en-el-sector-textil-se-pierden-1-400-puestos-de-trabajo-por-mes-segun-fita\/"},"modified":"2026-05-01T04:02:06","modified_gmt":"2026-05-01T07:02:06","slug":"en-el-sector-textil-se-pierden-1-400-puestos-de-trabajo-por-mes-segun-fita","status":"publish","type":"post","link":"https:\/\/gysfm.com.ar\/inicio\/en-el-sector-textil-se-pierden-1-400-puestos-de-trabajo-por-mes-segun-fita\/","title":{"rendered":"En el sector textil se pierden 1.400 puestos de trabajo por mes, seg\u00fan FITA"},"content":{"rendered":"<p><\/p>\n<div id=\"article-content\">\n<p><strong>La <a target=\"_blank\" href=\"https:\/\/www.perfil.com\/noticias\/economia\/la-industria-textil-se-desploma-y-toca-su-peor-nivel-en-una-decada-la-capacidad-instalada-llego-apenas-al-24-a40.phtml\">actividad textil<\/a> registr\u00f3 en febrero una ca\u00edda interanual de 33,2%<\/strong>, muy por debajo del retroceso de 8,7% de la industria en general, seg\u00fan el \u00faltimo informe de la <a target=\"_blank\" href=\"https:\/\/www.fita.com.ar\/\"><strong>Federaci\u00f3n de Industrias Textiles Argentinas (FITA)<\/strong><\/a>. El dato no solo refleja la profundidad de la crisis que atraviesa el sector, golpeado por la ca\u00edda del consumo interno y el avance de las importaciones, sino que tambi\u00e9n destaca que este fue el peor febrero del que se tiene registro.<\/p>\n<p class=\"destacadoNota\"><a target=\"_blank\" href=\"https:\/\/www.perfil.com\/noticias\/economia\/la-industria-textil-en-caida-libre-registro-una-contraccion-interanual-del-33-en-febrero-a40.phtml\">La industria textil en crisis: cay\u00f3 33% interanual en febrero<\/a><\/p>\n<p>El informe muestra que en el acumulado del bimestre se observa la misma brecha<strong>: la actividad textil se contrajo 29,4%, mucho m\u00e1s que la industria en general, que lo hizo un 6%.<\/strong><\/p>\n<p style=\"text-align:center\"><picture><source media=\"(max-width: 440px)\" srcset=\"https:\/\/fotos.perfil.com\/\/2026\/04\/30\/440\/0\/federacion-de-industrias-textiles-argentinas-fita-30042026-2231584.jpg?webp\"\/><source media=\"(max-width: 1019px)\" srcset=\"https:\/\/fotos.perfil.com\/\/2026\/04\/30\/712\/0\/federacion-de-industrias-textiles-argentinas-fita-30042026-2231584.jpg?webp\"\/><img decoding=\"async\" style=\"max-width: 100%; width: 100%;\" alt=\"Federaci\u00f3n de Industrias Textiles Argentinas FITA 30042026\" src=\"https:\/\/fotos.perfil.com\/\/2026\/04\/30\/900\/0\/federacion-de-industrias-textiles-argentinas-fita-30042026-2231584.jpg?webp\" loading=\"lazy\"\/><\/picture><\/p>\n<p>Respecto a la ca\u00edda del \u00cdndice de Producci\u00f3n Industrial textil (IPI), se explica principalmente por la contracci\u00f3n de <strong>\u201cTejidos y acabados textiles\u201d (-47 % interanual y -41,4 % bimestral). <\/strong>El resto de las actividades \u2014 aunque en menos cuant\u00eda \u2014, tambi\u00e9n incidieron negativamente, con excepci\u00f3n de \u201cPreparaci\u00f3n de fibras\u201d, que creci\u00f3 m\u00e1s del 20 % en ambos per\u00edodos.<\/p>\n<p>El deterioro de la industria textil tambi\u00e9n se evidencia en el nivel de utilizaci\u00f3n de la<strong> capacidad instalada, que se ubic\u00f3 en apenas 40%<\/strong>, unos 6,5 puntos porcentuales menos que en el mismo mes del a\u00f1o anterior y muy por debajo del promedio industrial, que alcanza el 54,6%.<\/p>\n<p style=\"text-align:center\"><picture><source media=\"(max-width: 440px)\" srcset=\"https:\/\/fotos.perfil.com\/\/2026\/04\/30\/440\/0\/federacion-de-industrias-textiles-argentinas-fita-30042026-2231586.jpg?webp\"\/><source media=\"(max-width: 1019px)\" srcset=\"https:\/\/fotos.perfil.com\/\/2026\/04\/30\/712\/0\/federacion-de-industrias-textiles-argentinas-fita-30042026-2231586.jpg?webp\"\/><img decoding=\"async\" style=\"max-width: 100%; width: 100%;\" alt=\"Federaci\u00f3n de Industrias Textiles Argentinas FITA 30042026\" src=\"https:\/\/fotos.perfil.com\/\/2026\/04\/30\/900\/0\/federacion-de-industrias-textiles-argentinas-fita-30042026-2231586.jpg?webp\" loading=\"lazy\"\/><\/picture><\/p>\n<p>En paralelo, el impacto sobre el empleo sigue siendo significativo. Desde fines de 2025, <strong>los sectores de textil, confecci\u00f3n, cuero y calzado perdieron en promedio 1.400 puestos de trabajo por mes. <\/strong>La cifra eleva a m\u00e1s de 21.000 los empleos destruidos desde fines de 2023. Solo en enero de este a\u00f1o se contabilizaron 12.000 puestos menos en comparaci\u00f3n con el mismo mes de 2025.<\/p>\n<h2><strong>Menos inversi\u00f3n y aumento de las importaciones <\/strong><\/h2>\n<p>La ca\u00edda de la actividad tambi\u00e9n se tradujo en una menor inversi\u00f3n: <strong>El sector textil realiz\u00f3 compras de maquinaria importada por US$ 22 millones, un 21% menos que el a\u00f1o anterior <\/strong>pero un 32% m\u00e1s que 2024, en un contexto de alta capacidad ociosa y retracci\u00f3n del consumo. A esto se suma un incremento de las importaciones: En el mes, las<strong> importaciones de toda la cadena textil<\/strong> totalizaron 31.036 toneladas por US$ 157 millones, lo que representa una<strong> suba interanual de 3% en volumen y de 27% en valor.<\/strong><\/p>\n<p>En el acumulado anual,<strong> las importaciones alcanzaron 80.975 toneladas por US$ 40 millones<\/strong>, 16% menos en cantidad y 4% m\u00e1s en valor, respecto a 2025.<\/p>\n<p>Desde FITA destacan que <strong>\u00abel ingreso de prendas creci\u00f3 en t\u00e9rminos mensuales y acumulados por arriba de 70%<\/strong>, tanto en cantidad como en valor. Las confecciones tambi\u00e9n lo hicieron pero por arriba de 25%\u00bb.<\/p>\n<p style=\"text-align:center\"><picture><source media=\"(max-width: 440px)\" srcset=\"https:\/\/fotos.perfil.com\/\/2024\/11\/27\/440\/0\/sector-textil-1919616.jpg?webp\"\/><source media=\"(max-width: 1019px)\" srcset=\"https:\/\/fotos.perfil.com\/\/2024\/11\/27\/712\/0\/sector-textil-1919616.jpg?webp\"\/><img decoding=\"async\" style=\"max-width: 100%; width: 100%;\" alt=\"sector textil\" src=\"https:\/\/fotos.perfil.com\/\/2024\/11\/27\/900\/0\/sector-textil-1919616.jpg?webp\" loading=\"lazy\"\/><\/picture><\/p>\n<h2><strong>Mayores exportaciones<\/strong><\/h2>\n<p>Sin embargo, no todos los indicadores son negativos. En medio de este escenario adverso, <strong>el sector logr\u00f3 impulsar sus exportaciones de productos textiles que sumaron 1.514 toneladas (+143%) y US$ 5 millones (85%) en el primer trimestre de 2026.<\/strong> En el acumulado anual, alcanzaron 4.342 toneladas (+240%) y US$ 117 millones (+102 %).<\/p>\n<p>Seg\u00fan el informe, este desempe\u00f1o responde a un proceso de reconversi\u00f3n productiva iniciado a\u00f1os atr\u00e1s, que hoy permite una mayor inserci\u00f3n internacional y<strong> ayuda a sostener parte de la actividad frente a la debilidad del mercado interno.<\/strong><\/p>\n<p><strong>\u201cLos datos muestran una industria que opera muy por debajo de su potencial, con capacidad ociosa, menor inversi\u00f3n y p\u00e9rdida de empleo.<\/strong> Al mismo tiempo, el aumento de las exportaciones muestra que el sector tiene competitividad y capacidad para insertarse en mercados externos. Pero ese esfuerzo por s\u00ed solo no alcanza para revertir la situaci\u00f3n actual: se necesitan condiciones de competencia justas y medidas que permitan nivelar la cancha para recuperar la actividad y el empleo\u201d, advirti\u00f3 <strong>Celina Pena, gerenta general de FITA.<\/strong><\/p>\n<p>FN<\/p>\n<\/p><\/div>\n<p><script>\n                !function(f,b,e,v,n,t,s)\n                {if(f.fbq)return;n=f.fbq=function(){n.callMethod?\n                    n.callMethod.apply(n,arguments):n.queue.push(arguments)};\n                    if(!f._fbq)f._fbq=n;n.push=n;n.loaded=!0;n.version='2.0';\n                    n.queue=[];t=b.createElement(e);t.async=!0;\n                    t.src=v;s=b.getElementsByTagName(e)[0];\n                    s.parentNode.insertBefore(t,s)}(window, document,'script',\n                    'https:\/\/connect.facebook.net\/en_US\/fbevents.js');\n                window.paywallConfig.facebook_pixel=\"1000228364089342\"\n            <\/script><\/p>\n","protected":false},"excerpt":{"rendered":"<p>La actividad textil registr\u00f3 en febrero una ca\u00edda interanual de 33,2%, muy por debajo del retroceso de 8,7% de la industria en general, seg\u00fan el \u00faltimo informe de la Federaci\u00f3n de Industrias Textiles Argentinas (FITA). El dato no solo refleja la profundidad de la crisis que atraviesa el sector, golpeado por la ca\u00edda del consumo [&hellip;]<\/p>\n","protected":false},"author":2,"featured_media":194032,"comment_status":"closed","ping_status":"closed","sticky":false,"template":"","format":"standard","meta":{"footnotes":""},"categories":[25],"tags":[],"class_list":["post-194031","post","type-post","status-publish","format-standard","has-post-thumbnail","hentry","category-nacionales"],"yoast_head":"<!-- This site is optimized with the Yoast SEO plugin v24.4 - https:\/\/yoast.com\/wordpress\/plugins\/seo\/ -->\n<title>En el sector textil se pierden 1.400 puestos de trabajo por mes, seg\u00fan FITA - GYS NOTICIAS |<\/title>\n<meta name=\"robots\" content=\"index, follow, max-snippet:-1, max-image-preview:large, max-video-preview:-1\" \/>\n<link rel=\"canonical\" href=\"https:\/\/gysfm.com.ar\/inicio\/en-el-sector-textil-se-pierden-1-400-puestos-de-trabajo-por-mes-segun-fita\/\" \/>\n<meta property=\"og:locale\" content=\"es_ES\" \/>\n<meta property=\"og:type\" content=\"article\" \/>\n<meta property=\"og:title\" content=\"En el sector textil se pierden 1.400 puestos de trabajo por mes, seg\u00fan FITA - GYS NOTICIAS |\" \/>\n<meta property=\"og:description\" content=\"La actividad textil registr\u00f3 en febrero una ca\u00edda interanual de 33,2%, muy por debajo del retroceso de 8,7% de la industria en general, seg\u00fan el \u00faltimo informe de la Federaci\u00f3n de Industrias Textiles Argentinas (FITA). El dato no solo refleja la profundidad de la crisis que atraviesa el sector, golpeado por la ca\u00edda del consumo [&hellip;]\" \/>\n<meta property=\"og:url\" content=\"https:\/\/gysfm.com.ar\/inicio\/en-el-sector-textil-se-pierden-1-400-puestos-de-trabajo-por-mes-segun-fita\/\" \/>\n<meta property=\"og:site_name\" content=\"GYS NOTICIAS |\" \/>\n<meta property=\"article:published_time\" content=\"2026-05-01T07:02:06+00:00\" \/>\n<meta property=\"og:image\" content=\"https:\/\/fotos.perfil.com\/\/2026\/04\/30\/900\/0\/federacion-de-industrias-textiles-argentinas-fita-30042026-2231584.jpg?webp\" \/>\n<meta name=\"author\" content=\"Prensa G&amp;S FM\" \/>\n<meta name=\"twitter:card\" content=\"summary_large_image\" \/>\n<meta name=\"twitter:label1\" content=\"Escrito por\" \/>\n\t<meta name=\"twitter:data1\" content=\"Prensa G&amp;S FM\" \/>\n\t<meta name=\"twitter:label2\" content=\"Tiempo de lectura\" \/>\n\t<meta name=\"twitter:data2\" content=\"3 minutos\" \/>\n<script type=\"application\/ld+json\" class=\"yoast-schema-graph\">{\"@context\":\"https:\/\/schema.org\",\"@graph\":[{\"@type\":\"Article\",\"@id\":\"https:\/\/gysfm.com.ar\/inicio\/en-el-sector-textil-se-pierden-1-400-puestos-de-trabajo-por-mes-segun-fita\/#article\",\"isPartOf\":{\"@id\":\"https:\/\/gysfm.com.ar\/inicio\/en-el-sector-textil-se-pierden-1-400-puestos-de-trabajo-por-mes-segun-fita\/\"},\"author\":{\"name\":\"Prensa G&amp;S FM\",\"@id\":\"https:\/\/gysfm.com.ar\/inicio\/#\/schema\/person\/3abba7593ef2ad19e1be221d54383dc5\"},\"headline\":\"En el sector textil se pierden 1.400 puestos de trabajo por mes, seg\u00fan FITA\",\"datePublished\":\"2026-05-01T07:02:06+00:00\",\"mainEntityOfPage\":{\"@id\":\"https:\/\/gysfm.com.ar\/inicio\/en-el-sector-textil-se-pierden-1-400-puestos-de-trabajo-por-mes-segun-fita\/\"},\"wordCount\":630,\"publisher\":{\"@id\":\"https:\/\/gysfm.com.ar\/inicio\/#organization\"},\"image\":{\"@id\":\"https:\/\/gysfm.com.ar\/inicio\/en-el-sector-textil-se-pierden-1-400-puestos-de-trabajo-por-mes-segun-fita\/#primaryimage\"},\"thumbnailUrl\":\"https:\/\/gysfm.com.ar\/inicio\/wp-content\/uploads\/2026\/05\/talleres-textiles20250320-1988475.jpg\",\"articleSection\":[\"NACIONALES\"],\"inLanguage\":\"es\"},{\"@type\":\"WebPage\",\"@id\":\"https:\/\/gysfm.com.ar\/inicio\/en-el-sector-textil-se-pierden-1-400-puestos-de-trabajo-por-mes-segun-fita\/\",\"url\":\"https:\/\/gysfm.com.ar\/inicio\/en-el-sector-textil-se-pierden-1-400-puestos-de-trabajo-por-mes-segun-fita\/\",\"name\":\"En el sector textil se pierden 1.400 puestos de trabajo por mes, seg\u00fan FITA - GYS NOTICIAS |\",\"isPartOf\":{\"@id\":\"https:\/\/gysfm.com.ar\/inicio\/#website\"},\"primaryImageOfPage\":{\"@id\":\"https:\/\/gysfm.com.ar\/inicio\/en-el-sector-textil-se-pierden-1-400-puestos-de-trabajo-por-mes-segun-fita\/#primaryimage\"},\"image\":{\"@id\":\"https:\/\/gysfm.com.ar\/inicio\/en-el-sector-textil-se-pierden-1-400-puestos-de-trabajo-por-mes-segun-fita\/#primaryimage\"},\"thumbnailUrl\":\"https:\/\/gysfm.com.ar\/inicio\/wp-content\/uploads\/2026\/05\/talleres-textiles20250320-1988475.jpg\",\"datePublished\":\"2026-05-01T07:02:06+00:00\",\"breadcrumb\":{\"@id\":\"https:\/\/gysfm.com.ar\/inicio\/en-el-sector-textil-se-pierden-1-400-puestos-de-trabajo-por-mes-segun-fita\/#breadcrumb\"},\"inLanguage\":\"es\",\"potentialAction\":[{\"@type\":\"ReadAction\",\"target\":[\"https:\/\/gysfm.com.ar\/inicio\/en-el-sector-textil-se-pierden-1-400-puestos-de-trabajo-por-mes-segun-fita\/\"]}]},{\"@type\":\"ImageObject\",\"inLanguage\":\"es\",\"@id\":\"https:\/\/gysfm.com.ar\/inicio\/en-el-sector-textil-se-pierden-1-400-puestos-de-trabajo-por-mes-segun-fita\/#primaryimage\",\"url\":\"https:\/\/gysfm.com.ar\/inicio\/wp-content\/uploads\/2026\/05\/talleres-textiles20250320-1988475.jpg\",\"contentUrl\":\"https:\/\/gysfm.com.ar\/inicio\/wp-content\/uploads\/2026\/05\/talleres-textiles20250320-1988475.jpg\",\"width\":1140,\"height\":641},{\"@type\":\"BreadcrumbList\",\"@id\":\"https:\/\/gysfm.com.ar\/inicio\/en-el-sector-textil-se-pierden-1-400-puestos-de-trabajo-por-mes-segun-fita\/#breadcrumb\",\"itemListElement\":[{\"@type\":\"ListItem\",\"position\":1,\"name\":\"Portada\",\"item\":\"https:\/\/gysfm.com.ar\/inicio\/\"},{\"@type\":\"ListItem\",\"position\":2,\"name\":\"En el sector textil se pierden 1.400 puestos de trabajo por mes, seg\u00fan FITA\"}]},{\"@type\":\"WebSite\",\"@id\":\"https:\/\/gysfm.com.ar\/inicio\/#website\",\"url\":\"https:\/\/gysfm.com.ar\/inicio\/\",\"name\":\"GYS NOTICIAS |\",\"description\":\"DIARIO - RADIO ONLINE SAN JUAN ARGENTINA\",\"publisher\":{\"@id\":\"https:\/\/gysfm.com.ar\/inicio\/#organization\"},\"potentialAction\":[{\"@type\":\"SearchAction\",\"target\":{\"@type\":\"EntryPoint\",\"urlTemplate\":\"https:\/\/gysfm.com.ar\/inicio\/?s={search_term_string}\"},\"query-input\":{\"@type\":\"PropertyValueSpecification\",\"valueRequired\":true,\"valueName\":\"search_term_string\"}}],\"inLanguage\":\"es\"},{\"@type\":\"Organization\",\"@id\":\"https:\/\/gysfm.com.ar\/inicio\/#organization\",\"name\":\"GYS NOTICIAS |\",\"url\":\"https:\/\/gysfm.com.ar\/inicio\/\",\"logo\":{\"@type\":\"ImageObject\",\"inLanguage\":\"es\",\"@id\":\"https:\/\/gysfm.com.ar\/inicio\/#\/schema\/logo\/image\/\",\"url\":\"https:\/\/gysfm.com.ar\/inicio\/wp-content\/uploads\/2023\/07\/LOGOGYS-OK.png\",\"contentUrl\":\"https:\/\/gysfm.com.ar\/inicio\/wp-content\/uploads\/2023\/07\/LOGOGYS-OK.png\",\"width\":1170,\"height\":872,\"caption\":\"GYS NOTICIAS |\"},\"image\":{\"@id\":\"https:\/\/gysfm.com.ar\/inicio\/#\/schema\/logo\/image\/\"}},{\"@type\":\"Person\",\"@id\":\"https:\/\/gysfm.com.ar\/inicio\/#\/schema\/person\/3abba7593ef2ad19e1be221d54383dc5\",\"name\":\"Prensa G&amp;S FM\",\"image\":{\"@type\":\"ImageObject\",\"inLanguage\":\"es\",\"@id\":\"https:\/\/gysfm.com.ar\/inicio\/#\/schema\/person\/image\/\",\"url\":\"https:\/\/secure.gravatar.com\/avatar\/096ec78df02049ab018702bb4ccedf659377fa92a26540b5247612077a0dbd29?s=96&d=mm&r=g\",\"contentUrl\":\"https:\/\/secure.gravatar.com\/avatar\/096ec78df02049ab018702bb4ccedf659377fa92a26540b5247612077a0dbd29?s=96&d=mm&r=g\",\"caption\":\"Prensa G&amp;S FM\"},\"sameAs\":[\"https:\/\/gysfm.com.ar\/\"],\"url\":\"https:\/\/gysfm.com.ar\/inicio\/author\/lucasm\/\"}]}<\/script>\n<!-- \/ Yoast SEO plugin. -->","yoast_head_json":{"title":"En el sector textil se pierden 1.400 puestos de trabajo por mes, seg\u00fan FITA - GYS NOTICIAS |","robots":{"index":"index","follow":"follow","max-snippet":"max-snippet:-1","max-image-preview":"max-image-preview:large","max-video-preview":"max-video-preview:-1"},"canonical":"https:\/\/gysfm.com.ar\/inicio\/en-el-sector-textil-se-pierden-1-400-puestos-de-trabajo-por-mes-segun-fita\/","og_locale":"es_ES","og_type":"article","og_title":"En el sector textil se pierden 1.400 puestos de trabajo por mes, seg\u00fan FITA - GYS NOTICIAS |","og_description":"La actividad textil registr\u00f3 en febrero una ca\u00edda interanual de 33,2%, muy por debajo del retroceso de 8,7% de la industria en general, seg\u00fan el \u00faltimo informe de la Federaci\u00f3n de Industrias Textiles Argentinas (FITA). El dato no solo refleja la profundidad de la crisis que atraviesa el sector, golpeado por la ca\u00edda del consumo [&hellip;]","og_url":"https:\/\/gysfm.com.ar\/inicio\/en-el-sector-textil-se-pierden-1-400-puestos-de-trabajo-por-mes-segun-fita\/","og_site_name":"GYS NOTICIAS |","article_published_time":"2026-05-01T07:02:06+00:00","og_image":[{"url":"https:\/\/fotos.perfil.com\/\/2026\/04\/30\/900\/0\/federacion-de-industrias-textiles-argentinas-fita-30042026-2231584.jpg?webp","type":"","width":"","height":""}],"author":"Prensa G&amp;S FM","twitter_card":"summary_large_image","twitter_misc":{"Escrito por":"Prensa G&amp;S FM","Tiempo de lectura":"3 minutos"},"schema":{"@context":"https:\/\/schema.org","@graph":[{"@type":"Article","@id":"https:\/\/gysfm.com.ar\/inicio\/en-el-sector-textil-se-pierden-1-400-puestos-de-trabajo-por-mes-segun-fita\/#article","isPartOf":{"@id":"https:\/\/gysfm.com.ar\/inicio\/en-el-sector-textil-se-pierden-1-400-puestos-de-trabajo-por-mes-segun-fita\/"},"author":{"name":"Prensa G&amp;S FM","@id":"https:\/\/gysfm.com.ar\/inicio\/#\/schema\/person\/3abba7593ef2ad19e1be221d54383dc5"},"headline":"En el sector textil se pierden 1.400 puestos de trabajo por mes, seg\u00fan FITA","datePublished":"2026-05-01T07:02:06+00:00","mainEntityOfPage":{"@id":"https:\/\/gysfm.com.ar\/inicio\/en-el-sector-textil-se-pierden-1-400-puestos-de-trabajo-por-mes-segun-fita\/"},"wordCount":630,"publisher":{"@id":"https:\/\/gysfm.com.ar\/inicio\/#organization"},"image":{"@id":"https:\/\/gysfm.com.ar\/inicio\/en-el-sector-textil-se-pierden-1-400-puestos-de-trabajo-por-mes-segun-fita\/#primaryimage"},"thumbnailUrl":"https:\/\/gysfm.com.ar\/inicio\/wp-content\/uploads\/2026\/05\/talleres-textiles20250320-1988475.jpg","articleSection":["NACIONALES"],"inLanguage":"es"},{"@type":"WebPage","@id":"https:\/\/gysfm.com.ar\/inicio\/en-el-sector-textil-se-pierden-1-400-puestos-de-trabajo-por-mes-segun-fita\/","url":"https:\/\/gysfm.com.ar\/inicio\/en-el-sector-textil-se-pierden-1-400-puestos-de-trabajo-por-mes-segun-fita\/","name":"En el sector textil se pierden 1.400 puestos de trabajo por mes, seg\u00fan FITA - GYS NOTICIAS |","isPartOf":{"@id":"https:\/\/gysfm.com.ar\/inicio\/#website"},"primaryImageOfPage":{"@id":"https:\/\/gysfm.com.ar\/inicio\/en-el-sector-textil-se-pierden-1-400-puestos-de-trabajo-por-mes-segun-fita\/#primaryimage"},"image":{"@id":"https:\/\/gysfm.com.ar\/inicio\/en-el-sector-textil-se-pierden-1-400-puestos-de-trabajo-por-mes-segun-fita\/#primaryimage"},"thumbnailUrl":"https:\/\/gysfm.com.ar\/inicio\/wp-content\/uploads\/2026\/05\/talleres-textiles20250320-1988475.jpg","datePublished":"2026-05-01T07:02:06+00:00","breadcrumb":{"@id":"https:\/\/gysfm.com.ar\/inicio\/en-el-sector-textil-se-pierden-1-400-puestos-de-trabajo-por-mes-segun-fita\/#breadcrumb"},"inLanguage":"es","potentialAction":[{"@type":"ReadAction","target":["https:\/\/gysfm.com.ar\/inicio\/en-el-sector-textil-se-pierden-1-400-puestos-de-trabajo-por-mes-segun-fita\/"]}]},{"@type":"ImageObject","inLanguage":"es","@id":"https:\/\/gysfm.com.ar\/inicio\/en-el-sector-textil-se-pierden-1-400-puestos-de-trabajo-por-mes-segun-fita\/#primaryimage","url":"https:\/\/gysfm.com.ar\/inicio\/wp-content\/uploads\/2026\/05\/talleres-textiles20250320-1988475.jpg","contentUrl":"https:\/\/gysfm.com.ar\/inicio\/wp-content\/uploads\/2026\/05\/talleres-textiles20250320-1988475.jpg","width":1140,"height":641},{"@type":"BreadcrumbList","@id":"https:\/\/gysfm.com.ar\/inicio\/en-el-sector-textil-se-pierden-1-400-puestos-de-trabajo-por-mes-segun-fita\/#breadcrumb","itemListElement":[{"@type":"ListItem","position":1,"name":"Portada","item":"https:\/\/gysfm.com.ar\/inicio\/"},{"@type":"ListItem","position":2,"name":"En el sector textil se pierden 1.400 puestos de trabajo por mes, seg\u00fan FITA"}]},{"@type":"WebSite","@id":"https:\/\/gysfm.com.ar\/inicio\/#website","url":"https:\/\/gysfm.com.ar\/inicio\/","name":"GYS NOTICIAS |","description":"DIARIO - RADIO ONLINE SAN JUAN ARGENTINA","publisher":{"@id":"https:\/\/gysfm.com.ar\/inicio\/#organization"},"potentialAction":[{"@type":"SearchAction","target":{"@type":"EntryPoint","urlTemplate":"https:\/\/gysfm.com.ar\/inicio\/?s={search_term_string}"},"query-input":{"@type":"PropertyValueSpecification","valueRequired":true,"valueName":"search_term_string"}}],"inLanguage":"es"},{"@type":"Organization","@id":"https:\/\/gysfm.com.ar\/inicio\/#organization","name":"GYS NOTICIAS |","url":"https:\/\/gysfm.com.ar\/inicio\/","logo":{"@type":"ImageObject","inLanguage":"es","@id":"https:\/\/gysfm.com.ar\/inicio\/#\/schema\/logo\/image\/","url":"https:\/\/gysfm.com.ar\/inicio\/wp-content\/uploads\/2023\/07\/LOGOGYS-OK.png","contentUrl":"https:\/\/gysfm.com.ar\/inicio\/wp-content\/uploads\/2023\/07\/LOGOGYS-OK.png","width":1170,"height":872,"caption":"GYS NOTICIAS |"},"image":{"@id":"https:\/\/gysfm.com.ar\/inicio\/#\/schema\/logo\/image\/"}},{"@type":"Person","@id":"https:\/\/gysfm.com.ar\/inicio\/#\/schema\/person\/3abba7593ef2ad19e1be221d54383dc5","name":"Prensa G&amp;S FM","image":{"@type":"ImageObject","inLanguage":"es","@id":"https:\/\/gysfm.com.ar\/inicio\/#\/schema\/person\/image\/","url":"https:\/\/secure.gravatar.com\/avatar\/096ec78df02049ab018702bb4ccedf659377fa92a26540b5247612077a0dbd29?s=96&d=mm&r=g","contentUrl":"https:\/\/secure.gravatar.com\/avatar\/096ec78df02049ab018702bb4ccedf659377fa92a26540b5247612077a0dbd29?s=96&d=mm&r=g","caption":"Prensa G&amp;S FM"},"sameAs":["https:\/\/gysfm.com.ar\/"],"url":"https:\/\/gysfm.com.ar\/inicio\/author\/lucasm\/"}]}},"_links":{"self":[{"href":"https:\/\/gysfm.com.ar\/inicio\/wp-json\/wp\/v2\/posts\/194031","targetHints":{"allow":["GET"]}}],"collection":[{"href":"https:\/\/gysfm.com.ar\/inicio\/wp-json\/wp\/v2\/posts"}],"about":[{"href":"https:\/\/gysfm.com.ar\/inicio\/wp-json\/wp\/v2\/types\/post"}],"author":[{"embeddable":true,"href":"https:\/\/gysfm.com.ar\/inicio\/wp-json\/wp\/v2\/users\/2"}],"replies":[{"embeddable":true,"href":"https:\/\/gysfm.com.ar\/inicio\/wp-json\/wp\/v2\/comments?post=194031"}],"version-history":[{"count":0,"href":"https:\/\/gysfm.com.ar\/inicio\/wp-json\/wp\/v2\/posts\/194031\/revisions"}],"wp:featuredmedia":[{"embeddable":true,"href":"https:\/\/gysfm.com.ar\/inicio\/wp-json\/wp\/v2\/media\/194032"}],"wp:attachment":[{"href":"https:\/\/gysfm.com.ar\/inicio\/wp-json\/wp\/v2\/media?parent=194031"}],"wp:term":[{"taxonomy":"category","embeddable":true,"href":"https:\/\/gysfm.com.ar\/inicio\/wp-json\/wp\/v2\/categories?post=194031"},{"taxonomy":"post_tag","embeddable":true,"href":"https:\/\/gysfm.com.ar\/inicio\/wp-json\/wp\/v2\/tags?post=194031"}],"curies":[{"name":"wp","href":"https:\/\/api.w.org\/{rel}","templated":true}]}}