{"id":194007,"date":"2026-05-01T00:25:20","date_gmt":"2026-05-01T03:25:20","guid":{"rendered":"https:\/\/gysfm.com.ar\/inicio\/top-court-overturns-alberto-fernandezs-indictment-in-insurance-case\/"},"modified":"2026-05-01T00:25:20","modified_gmt":"2026-05-01T03:25:20","slug":"top-court-overturns-alberto-fernandezs-indictment-in-insurance-case","status":"publish","type":"post","link":"https:\/\/gysfm.com.ar\/inicio\/top-court-overturns-alberto-fernandezs-indictment-in-insurance-case\/","title":{"rendered":"Top court overturns Alberto Fern\u00e1ndez\u2019s indictment in insurance case"},"content":{"rendered":"<p><\/p>\n<div id=\"news-body\" style=\"overflow-x: hidden;\">\n<p>A\u00a0court has annulled the indictment of former president Alberto Fern\u00e1ndez in a case involving alleged corruption in the awarding of insurance policies taken out by government departments during his single term in office from 2019 to 2023.<\/p>\n<p>The Federal Court of Criminal Cassation, the country\u2019s highest criminal court after the Supreme Court, overturned a ruling issued by an appeals court in November 2025 on procedural grounds.<\/p>\n<p>The ruling was issued by Chamber IV of the court, with judges Mariano Borinsky and Javier Carbajo in the majority and Gustavo Hornos dissenting.\u00a0<\/p>\n<p>The court also ordered the lower appeals court to issue a new ruling.<\/p>\n<p>The judges based their ruling on the fact that the appeals chamber upheld Fern\u00e1ndez\u2019s indictment despite the prosecutor at that stage having requested the case\u2019s dismissal for lack of merit, arguing there was insufficient evidence.\u00a0<\/p>\n<p>Fern\u00e1ndez\u2019s defence had similarly argued that his right to due process had been violated, including the failure to hear key witnesses proposed by his legal team. This means there was no adequate evidentiary basis to proceed with criminal charges.<\/p>\n<p>The Federal Cassation Court also lifted two measures imposed on Fern\u00e1ndez \u2013 an asset freeze of more than 14.6 billion pesos, equivalent to around US$10.3 million at the official exchange rate, and a travel ban.<\/p>\n<p>However, this is not the end of the veteran Peronist\u2019s legal woes. The 67-year-old former president is awaiting trial over alleged gender-based violence against his former partner, journalist Fabiola Y\u00e1\u00f1ez.<\/p>\n<p>In the insurance case, Fern\u00e1ndez had been under investigation for the offence of engaging in business transactions incompatible with the exercise of public office, within an investigation into an alleged scheme to steer state insurance contracts towards certain intermediaries.<\/p>\n<p>The case centres on alleged insurance contracts for various state agencies and departments arranged through intermediaries who charged commissions, despite the policies being available through direct contracting.\u00a0<\/p>\n<p>The case involves policies taken out with Naci\u00f3n Seguros SA, the insurance arm of state-owned Banco Naci\u00f3n, which Fern\u00e1ndez selected to cover government departments against various types of risk. According to the accusation, commissions paid to intermediaries in contracts between public bodies and Naci\u00f3n Seguros totalled around 3.36 billion pesos. Prosecutors allege that H\u00e9ctor Mart\u00ednez Sosa, a broker and personal friend of the former president, accounted for nearly 60 percent of those commissions.<\/p>\n<p>Under a decree signed by Fern\u00e1ndez himself, state insurance coverage was provided by the insurer of the state-owned Banco Naci\u00f3n.<\/p>\n<p>Alongside Fern\u00e1ndez, Mart\u00ednez Sosa and wife Mar\u00eda Cantero,\u00a0 the ex-president\u2019s\u00a0 former private secretary, were also indicted, among others. The crimes under investigation in the case include money-laundering, graft and fraudulent administration aggravated by malfeasance.<\/p>\n<p>Following Wednesday\u2019s ruling, the case remains open. The situation of the other defendants could be reviewed and, according to local media, Fern\u00e1ndez could even be re-indicted.<\/p>\n<p>The corruption allegations emerged when a court ordered an examination of Cantero\u2019s phone while investigating assault claims lodged by Y\u00e1\u00f1ez.<\/p>\n<p>Y\u00e1\u00f1ez filed a complaint accusing Fern\u00e1ndez of having beaten her during their relationship, which ended after the veteran Peronist left office.<\/p>\n<p>The ex-president\u00a0 faces a separate trial on charges of domestic abuse. Fern\u00e1ndez has always denied any violence.<\/p>\n<p>\u00a0<\/p>\n<p>\u2013 TIMES\/AFP\/PERFIL<\/p>\n<section class=\"row noticias-relacionadas\">\n<p><h6>related news<\/h6>\n<\/p>\n<\/section>\n<p>\t\t\t\t\t\t\t\t<!-- e-planning v3 - Comienzo espacio _ articulo _ teads --><\/p>\n<p><noscript><a href=\"https:\/\/ads.us.e-planning.net\/ei\/3\/212f2\/articulo\/teads?it=i&amp;rnd=$RANDOM\" target=\"_blank\"><img loading=\"lazy\" decoding=\"async\" width=\"1\" height=\"1\" alt=\"e-planning ad\" src=\"https:\/\/ads.us.e-planning.net\/eb\/3\/212f2\/articulo\/teads?o=i&amp;rnd=$RANDOM\" border=\"0\"\/><\/a><\/noscript><br \/>\n<!-- e-planning v3 - Fin espacio _ articulo _ teads --><\/p><\/div>\n<p><script>(function(d, s, id) {\n\t\tvar js, fjs = d.getElementsByTagName(s)[0];\n\t\tif (d.getElementById(id)) return;\n\t\tjs = d.createElement(s); js.id = id;\n\t\tjs.src=\"https:\/\/connect.facebook.net\/es_LA\/sdk.js#xfbml=1&version=v3.1\";\n\t\tfjs.parentNode.insertBefore(js, fjs);\n\t}(document, 'script', 'facebook-jssdk'));<\/script><\/p>\n","protected":false},"excerpt":{"rendered":"<p>A\u00a0court has annulled the indictment of former president Alberto Fern\u00e1ndez in a case involving alleged corruption in the awarding of insurance policies taken out by government departments during his single term in office from 2019 to 2023. The Federal Court of Criminal Cassation, the country\u2019s highest criminal court after the Supreme Court, overturned a ruling [&hellip;]<\/p>\n","protected":false},"author":2,"featured_media":194008,"comment_status":"closed","ping_status":"closed","sticky":false,"template":"","format":"standard","meta":{"footnotes":""},"categories":[25],"tags":[],"class_list":["post-194007","post","type-post","status-publish","format-standard","has-post-thumbnail","hentry","category-nacionales"],"yoast_head":"<!-- This site is optimized with the Yoast SEO plugin v24.4 - https:\/\/yoast.com\/wordpress\/plugins\/seo\/ -->\n<title>Top court overturns Alberto Fern\u00e1ndez\u2019s indictment in insurance case - GYS NOTICIAS |<\/title>\n<meta name=\"robots\" content=\"index, follow, max-snippet:-1, max-image-preview:large, max-video-preview:-1\" \/>\n<link rel=\"canonical\" href=\"https:\/\/gysfm.com.ar\/inicio\/top-court-overturns-alberto-fernandezs-indictment-in-insurance-case\/\" \/>\n<meta property=\"og:locale\" content=\"es_ES\" \/>\n<meta property=\"og:type\" content=\"article\" \/>\n<meta property=\"og:title\" content=\"Top court overturns Alberto Fern\u00e1ndez\u2019s indictment in insurance case - GYS NOTICIAS |\" \/>\n<meta property=\"og:description\" content=\"A\u00a0court has annulled the indictment of former president Alberto Fern\u00e1ndez in a case involving alleged corruption in the awarding of insurance policies taken out by government departments during his single term in office from 2019 to 2023. The Federal Court of Criminal Cassation, the country\u2019s highest criminal court after the Supreme Court, overturned a ruling [&hellip;]\" \/>\n<meta property=\"og:url\" content=\"https:\/\/gysfm.com.ar\/inicio\/top-court-overturns-alberto-fernandezs-indictment-in-insurance-case\/\" \/>\n<meta property=\"og:site_name\" content=\"GYS NOTICIAS |\" \/>\n<meta property=\"article:published_time\" content=\"2026-05-01T03:25:20+00:00\" \/>\n<meta property=\"og:image\" content=\"https:\/\/ads.us.e-planning.net\/eb\/3\/212f2\/articulo\/teads?o=i&amp;rnd=$RANDOM\" \/>\n<meta name=\"author\" content=\"Prensa G&amp;S FM\" \/>\n<meta name=\"twitter:card\" content=\"summary_large_image\" \/>\n<meta name=\"twitter:label1\" content=\"Escrito por\" \/>\n\t<meta name=\"twitter:data1\" content=\"Prensa G&amp;S FM\" \/>\n\t<meta name=\"twitter:label2\" content=\"Tiempo de lectura\" \/>\n\t<meta name=\"twitter:data2\" content=\"3 minutos\" \/>\n<script type=\"application\/ld+json\" class=\"yoast-schema-graph\">{\"@context\":\"https:\/\/schema.org\",\"@graph\":[{\"@type\":\"Article\",\"@id\":\"https:\/\/gysfm.com.ar\/inicio\/top-court-overturns-alberto-fernandezs-indictment-in-insurance-case\/#article\",\"isPartOf\":{\"@id\":\"https:\/\/gysfm.com.ar\/inicio\/top-court-overturns-alberto-fernandezs-indictment-in-insurance-case\/\"},\"author\":{\"name\":\"Prensa G&amp;S FM\",\"@id\":\"https:\/\/gysfm.com.ar\/inicio\/#\/schema\/person\/3abba7593ef2ad19e1be221d54383dc5\"},\"headline\":\"Top court overturns Alberto Fern\u00e1ndez\u2019s indictment in insurance case\",\"datePublished\":\"2026-05-01T03:25:20+00:00\",\"mainEntityOfPage\":{\"@id\":\"https:\/\/gysfm.com.ar\/inicio\/top-court-overturns-alberto-fernandezs-indictment-in-insurance-case\/\"},\"wordCount\":559,\"publisher\":{\"@id\":\"https:\/\/gysfm.com.ar\/inicio\/#organization\"},\"image\":{\"@id\":\"https:\/\/gysfm.com.ar\/inicio\/top-court-overturns-alberto-fernandezs-indictment-in-insurance-case\/#primaryimage\"},\"thumbnailUrl\":\"https:\/\/gysfm.com.ar\/inicio\/wp-content\/uploads\/2026\/05\/alberto-fernandez-2230872.jpg\",\"articleSection\":[\"NACIONALES\"],\"inLanguage\":\"es\"},{\"@type\":\"WebPage\",\"@id\":\"https:\/\/gysfm.com.ar\/inicio\/top-court-overturns-alberto-fernandezs-indictment-in-insurance-case\/\",\"url\":\"https:\/\/gysfm.com.ar\/inicio\/top-court-overturns-alberto-fernandezs-indictment-in-insurance-case\/\",\"name\":\"Top court overturns Alberto Fern\u00e1ndez\u2019s indictment in insurance case - GYS NOTICIAS |\",\"isPartOf\":{\"@id\":\"https:\/\/gysfm.com.ar\/inicio\/#website\"},\"primaryImageOfPage\":{\"@id\":\"https:\/\/gysfm.com.ar\/inicio\/top-court-overturns-alberto-fernandezs-indictment-in-insurance-case\/#primaryimage\"},\"image\":{\"@id\":\"https:\/\/gysfm.com.ar\/inicio\/top-court-overturns-alberto-fernandezs-indictment-in-insurance-case\/#primaryimage\"},\"thumbnailUrl\":\"https:\/\/gysfm.com.ar\/inicio\/wp-content\/uploads\/2026\/05\/alberto-fernandez-2230872.jpg\",\"datePublished\":\"2026-05-01T03:25:20+00:00\",\"breadcrumb\":{\"@id\":\"https:\/\/gysfm.com.ar\/inicio\/top-court-overturns-alberto-fernandezs-indictment-in-insurance-case\/#breadcrumb\"},\"inLanguage\":\"es\",\"potentialAction\":[{\"@type\":\"ReadAction\",\"target\":[\"https:\/\/gysfm.com.ar\/inicio\/top-court-overturns-alberto-fernandezs-indictment-in-insurance-case\/\"]}]},{\"@type\":\"ImageObject\",\"inLanguage\":\"es\",\"@id\":\"https:\/\/gysfm.com.ar\/inicio\/top-court-overturns-alberto-fernandezs-indictment-in-insurance-case\/#primaryimage\",\"url\":\"https:\/\/gysfm.com.ar\/inicio\/wp-content\/uploads\/2026\/05\/alberto-fernandez-2230872.jpg\",\"contentUrl\":\"https:\/\/gysfm.com.ar\/inicio\/wp-content\/uploads\/2026\/05\/alberto-fernandez-2230872.jpg\",\"width\":1140,\"height\":641},{\"@type\":\"BreadcrumbList\",\"@id\":\"https:\/\/gysfm.com.ar\/inicio\/top-court-overturns-alberto-fernandezs-indictment-in-insurance-case\/#breadcrumb\",\"itemListElement\":[{\"@type\":\"ListItem\",\"position\":1,\"name\":\"Portada\",\"item\":\"https:\/\/gysfm.com.ar\/inicio\/\"},{\"@type\":\"ListItem\",\"position\":2,\"name\":\"Top court overturns Alberto Fern\u00e1ndez\u2019s indictment in insurance case\"}]},{\"@type\":\"WebSite\",\"@id\":\"https:\/\/gysfm.com.ar\/inicio\/#website\",\"url\":\"https:\/\/gysfm.com.ar\/inicio\/\",\"name\":\"GYS NOTICIAS |\",\"description\":\"DIARIO - RADIO ONLINE SAN JUAN ARGENTINA\",\"publisher\":{\"@id\":\"https:\/\/gysfm.com.ar\/inicio\/#organization\"},\"potentialAction\":[{\"@type\":\"SearchAction\",\"target\":{\"@type\":\"EntryPoint\",\"urlTemplate\":\"https:\/\/gysfm.com.ar\/inicio\/?s={search_term_string}\"},\"query-input\":{\"@type\":\"PropertyValueSpecification\",\"valueRequired\":true,\"valueName\":\"search_term_string\"}}],\"inLanguage\":\"es\"},{\"@type\":\"Organization\",\"@id\":\"https:\/\/gysfm.com.ar\/inicio\/#organization\",\"name\":\"GYS NOTICIAS |\",\"url\":\"https:\/\/gysfm.com.ar\/inicio\/\",\"logo\":{\"@type\":\"ImageObject\",\"inLanguage\":\"es\",\"@id\":\"https:\/\/gysfm.com.ar\/inicio\/#\/schema\/logo\/image\/\",\"url\":\"https:\/\/gysfm.com.ar\/inicio\/wp-content\/uploads\/2023\/07\/LOGOGYS-OK.png\",\"contentUrl\":\"https:\/\/gysfm.com.ar\/inicio\/wp-content\/uploads\/2023\/07\/LOGOGYS-OK.png\",\"width\":1170,\"height\":872,\"caption\":\"GYS NOTICIAS |\"},\"image\":{\"@id\":\"https:\/\/gysfm.com.ar\/inicio\/#\/schema\/logo\/image\/\"}},{\"@type\":\"Person\",\"@id\":\"https:\/\/gysfm.com.ar\/inicio\/#\/schema\/person\/3abba7593ef2ad19e1be221d54383dc5\",\"name\":\"Prensa G&amp;S FM\",\"image\":{\"@type\":\"ImageObject\",\"inLanguage\":\"es\",\"@id\":\"https:\/\/gysfm.com.ar\/inicio\/#\/schema\/person\/image\/\",\"url\":\"https:\/\/secure.gravatar.com\/avatar\/096ec78df02049ab018702bb4ccedf659377fa92a26540b5247612077a0dbd29?s=96&d=mm&r=g\",\"contentUrl\":\"https:\/\/secure.gravatar.com\/avatar\/096ec78df02049ab018702bb4ccedf659377fa92a26540b5247612077a0dbd29?s=96&d=mm&r=g\",\"caption\":\"Prensa G&amp;S FM\"},\"sameAs\":[\"https:\/\/gysfm.com.ar\/\"],\"url\":\"https:\/\/gysfm.com.ar\/inicio\/author\/lucasm\/\"}]}<\/script>\n<!-- \/ Yoast SEO plugin. -->","yoast_head_json":{"title":"Top court overturns Alberto Fern\u00e1ndez\u2019s indictment in insurance case - GYS NOTICIAS |","robots":{"index":"index","follow":"follow","max-snippet":"max-snippet:-1","max-image-preview":"max-image-preview:large","max-video-preview":"max-video-preview:-1"},"canonical":"https:\/\/gysfm.com.ar\/inicio\/top-court-overturns-alberto-fernandezs-indictment-in-insurance-case\/","og_locale":"es_ES","og_type":"article","og_title":"Top court overturns Alberto Fern\u00e1ndez\u2019s indictment in insurance case - GYS NOTICIAS |","og_description":"A\u00a0court has annulled the indictment of former president Alberto Fern\u00e1ndez in a case involving alleged corruption in the awarding of insurance policies taken out by government departments during his single term in office from 2019 to 2023. The Federal Court of Criminal Cassation, the country\u2019s highest criminal court after the Supreme Court, overturned a ruling [&hellip;]","og_url":"https:\/\/gysfm.com.ar\/inicio\/top-court-overturns-alberto-fernandezs-indictment-in-insurance-case\/","og_site_name":"GYS NOTICIAS |","article_published_time":"2026-05-01T03:25:20+00:00","og_image":[{"url":"https:\/\/ads.us.e-planning.net\/eb\/3\/212f2\/articulo\/teads?o=i&amp;rnd=$RANDOM","type":"","width":"","height":""}],"author":"Prensa G&amp;S FM","twitter_card":"summary_large_image","twitter_misc":{"Escrito por":"Prensa G&amp;S FM","Tiempo de lectura":"3 minutos"},"schema":{"@context":"https:\/\/schema.org","@graph":[{"@type":"Article","@id":"https:\/\/gysfm.com.ar\/inicio\/top-court-overturns-alberto-fernandezs-indictment-in-insurance-case\/#article","isPartOf":{"@id":"https:\/\/gysfm.com.ar\/inicio\/top-court-overturns-alberto-fernandezs-indictment-in-insurance-case\/"},"author":{"name":"Prensa G&amp;S FM","@id":"https:\/\/gysfm.com.ar\/inicio\/#\/schema\/person\/3abba7593ef2ad19e1be221d54383dc5"},"headline":"Top court overturns Alberto Fern\u00e1ndez\u2019s indictment in insurance case","datePublished":"2026-05-01T03:25:20+00:00","mainEntityOfPage":{"@id":"https:\/\/gysfm.com.ar\/inicio\/top-court-overturns-alberto-fernandezs-indictment-in-insurance-case\/"},"wordCount":559,"publisher":{"@id":"https:\/\/gysfm.com.ar\/inicio\/#organization"},"image":{"@id":"https:\/\/gysfm.com.ar\/inicio\/top-court-overturns-alberto-fernandezs-indictment-in-insurance-case\/#primaryimage"},"thumbnailUrl":"https:\/\/gysfm.com.ar\/inicio\/wp-content\/uploads\/2026\/05\/alberto-fernandez-2230872.jpg","articleSection":["NACIONALES"],"inLanguage":"es"},{"@type":"WebPage","@id":"https:\/\/gysfm.com.ar\/inicio\/top-court-overturns-alberto-fernandezs-indictment-in-insurance-case\/","url":"https:\/\/gysfm.com.ar\/inicio\/top-court-overturns-alberto-fernandezs-indictment-in-insurance-case\/","name":"Top court overturns Alberto Fern\u00e1ndez\u2019s indictment in insurance case - GYS NOTICIAS |","isPartOf":{"@id":"https:\/\/gysfm.com.ar\/inicio\/#website"},"primaryImageOfPage":{"@id":"https:\/\/gysfm.com.ar\/inicio\/top-court-overturns-alberto-fernandezs-indictment-in-insurance-case\/#primaryimage"},"image":{"@id":"https:\/\/gysfm.com.ar\/inicio\/top-court-overturns-alberto-fernandezs-indictment-in-insurance-case\/#primaryimage"},"thumbnailUrl":"https:\/\/gysfm.com.ar\/inicio\/wp-content\/uploads\/2026\/05\/alberto-fernandez-2230872.jpg","datePublished":"2026-05-01T03:25:20+00:00","breadcrumb":{"@id":"https:\/\/gysfm.com.ar\/inicio\/top-court-overturns-alberto-fernandezs-indictment-in-insurance-case\/#breadcrumb"},"inLanguage":"es","potentialAction":[{"@type":"ReadAction","target":["https:\/\/gysfm.com.ar\/inicio\/top-court-overturns-alberto-fernandezs-indictment-in-insurance-case\/"]}]},{"@type":"ImageObject","inLanguage":"es","@id":"https:\/\/gysfm.com.ar\/inicio\/top-court-overturns-alberto-fernandezs-indictment-in-insurance-case\/#primaryimage","url":"https:\/\/gysfm.com.ar\/inicio\/wp-content\/uploads\/2026\/05\/alberto-fernandez-2230872.jpg","contentUrl":"https:\/\/gysfm.com.ar\/inicio\/wp-content\/uploads\/2026\/05\/alberto-fernandez-2230872.jpg","width":1140,"height":641},{"@type":"BreadcrumbList","@id":"https:\/\/gysfm.com.ar\/inicio\/top-court-overturns-alberto-fernandezs-indictment-in-insurance-case\/#breadcrumb","itemListElement":[{"@type":"ListItem","position":1,"name":"Portada","item":"https:\/\/gysfm.com.ar\/inicio\/"},{"@type":"ListItem","position":2,"name":"Top court overturns Alberto Fern\u00e1ndez\u2019s indictment in insurance case"}]},{"@type":"WebSite","@id":"https:\/\/gysfm.com.ar\/inicio\/#website","url":"https:\/\/gysfm.com.ar\/inicio\/","name":"GYS NOTICIAS |","description":"DIARIO - RADIO ONLINE SAN JUAN ARGENTINA","publisher":{"@id":"https:\/\/gysfm.com.ar\/inicio\/#organization"},"potentialAction":[{"@type":"SearchAction","target":{"@type":"EntryPoint","urlTemplate":"https:\/\/gysfm.com.ar\/inicio\/?s={search_term_string}"},"query-input":{"@type":"PropertyValueSpecification","valueRequired":true,"valueName":"search_term_string"}}],"inLanguage":"es"},{"@type":"Organization","@id":"https:\/\/gysfm.com.ar\/inicio\/#organization","name":"GYS NOTICIAS |","url":"https:\/\/gysfm.com.ar\/inicio\/","logo":{"@type":"ImageObject","inLanguage":"es","@id":"https:\/\/gysfm.com.ar\/inicio\/#\/schema\/logo\/image\/","url":"https:\/\/gysfm.com.ar\/inicio\/wp-content\/uploads\/2023\/07\/LOGOGYS-OK.png","contentUrl":"https:\/\/gysfm.com.ar\/inicio\/wp-content\/uploads\/2023\/07\/LOGOGYS-OK.png","width":1170,"height":872,"caption":"GYS NOTICIAS |"},"image":{"@id":"https:\/\/gysfm.com.ar\/inicio\/#\/schema\/logo\/image\/"}},{"@type":"Person","@id":"https:\/\/gysfm.com.ar\/inicio\/#\/schema\/person\/3abba7593ef2ad19e1be221d54383dc5","name":"Prensa G&amp;S FM","image":{"@type":"ImageObject","inLanguage":"es","@id":"https:\/\/gysfm.com.ar\/inicio\/#\/schema\/person\/image\/","url":"https:\/\/secure.gravatar.com\/avatar\/096ec78df02049ab018702bb4ccedf659377fa92a26540b5247612077a0dbd29?s=96&d=mm&r=g","contentUrl":"https:\/\/secure.gravatar.com\/avatar\/096ec78df02049ab018702bb4ccedf659377fa92a26540b5247612077a0dbd29?s=96&d=mm&r=g","caption":"Prensa G&amp;S FM"},"sameAs":["https:\/\/gysfm.com.ar\/"],"url":"https:\/\/gysfm.com.ar\/inicio\/author\/lucasm\/"}]}},"_links":{"self":[{"href":"https:\/\/gysfm.com.ar\/inicio\/wp-json\/wp\/v2\/posts\/194007","targetHints":{"allow":["GET"]}}],"collection":[{"href":"https:\/\/gysfm.com.ar\/inicio\/wp-json\/wp\/v2\/posts"}],"about":[{"href":"https:\/\/gysfm.com.ar\/inicio\/wp-json\/wp\/v2\/types\/post"}],"author":[{"embeddable":true,"href":"https:\/\/gysfm.com.ar\/inicio\/wp-json\/wp\/v2\/users\/2"}],"replies":[{"embeddable":true,"href":"https:\/\/gysfm.com.ar\/inicio\/wp-json\/wp\/v2\/comments?post=194007"}],"version-history":[{"count":0,"href":"https:\/\/gysfm.com.ar\/inicio\/wp-json\/wp\/v2\/posts\/194007\/revisions"}],"wp:featuredmedia":[{"embeddable":true,"href":"https:\/\/gysfm.com.ar\/inicio\/wp-json\/wp\/v2\/media\/194008"}],"wp:attachment":[{"href":"https:\/\/gysfm.com.ar\/inicio\/wp-json\/wp\/v2\/media?parent=194007"}],"wp:term":[{"taxonomy":"category","embeddable":true,"href":"https:\/\/gysfm.com.ar\/inicio\/wp-json\/wp\/v2\/categories?post=194007"},{"taxonomy":"post_tag","embeddable":true,"href":"https:\/\/gysfm.com.ar\/inicio\/wp-json\/wp\/v2\/tags?post=194007"}],"curies":[{"name":"wp","href":"https:\/\/api.w.org\/{rel}","templated":true}]}}