{"id":194006,"date":"2026-05-01T00:05:18","date_gmt":"2026-05-01T03:05:18","guid":{"rendered":"https:\/\/gysfm.com.ar\/inicio\/libertadores-resultados-de-la-fecha-3-goleadores-y-posiciones-ole\/"},"modified":"2026-05-01T00:05:18","modified_gmt":"2026-05-01T03:05:18","slug":"libertadores-resultados-de-la-fecha-3-goleadores-y-posiciones-ole","status":"publish","type":"post","link":"https:\/\/gysfm.com.ar\/inicio\/libertadores-resultados-de-la-fecha-3-goleadores-y-posiciones-ole\/","title":{"rendered":"Libertadores: resultados de la fecha 3, goleadores y posiciones :: Ol\u00e9"},"content":{"rendered":"<p> <br \/>\n<\/p>\n<p><span class=\"createDate\">28\/04\/2026 21:07hs.<\/span><time class=\"modificatedDate\" datetime=\"2026-04-30T23:49:17-03:00\"> Actualizado al 30\/04\/2026 23:49hs.<\/time><\/p>\n<div id=\"storyBody\">\n<div id=\"element-body-0\" class=\"sc-136cd478-0 ekTCfV\">\n<p>Se juega una nueva fecha de la fase de grupos de la Copa Libertadores, en este caso la tercera y \u00faltima de los partidos de ida. En el primer turno de este martes, Lan\u00fas logr\u00f3 una gran victoria ante Liga de Quito por 1-0 (el grana es segundo en su zona). Un rato despu\u00e9s, Rosario Central derrot\u00f3 por 3-0 a Universidad Central en Venezuela y est\u00e1 primero.<\/p>\n<\/div>\n<div id=\"element-body-1\" class=\"sc-136cd478-0 ekTCfV\">\n<p>Por su parte, Boca <strong>perdi\u00f3 un largo invicto y cay\u00f3 1-0 ante Cruzeiro<\/strong> en Belo Horizonte: as\u00ed, el Xeneize es segundo en su grupo.<\/p>\n<\/div>\n<div id=\"element-body-2\" class=\"sc-136cd478-0 ekTCfV\">\n<p>Este mi\u00e9rcoles, que el que volvi\u00f3 a dar un golpe en la Copa es Platense, que <strong>super\u00f3 por 2-1 a Independiente Santa Fe<\/strong> y se consolid\u00f3 como segundo de su grupo. Mientras que Estudiantes le empat\u00f3 1-1 a Flamengo y se mantiene segundo, a dos puntos del actual campe\u00f3n.<\/p>\n<\/div>\n<div id=\"element-body-3\" class=\"sc-136cd478-0 ekTCfV\">\n<p>Independiente Rivadavia, equipo sensaci\u00f3n de esta Copa, el jueves derrot\u00f3 -aplast\u00f3- 4-1 ante Deportivo La Guaira. <\/p>\n<\/div>\n<p><h2><strong>Los resultados de la fecha 3<\/strong><\/h2>\n<\/p>\n<p><h2><strong>Martes 28<\/strong><\/h2>\n<\/p>\n<div class=\"sc-e7b891c4-0 ifHnQL image-embed\" id=\"element-body-7\"><img alt=\"El festejo de Cardozo con Valois tras el 1-0 a Liga de Quito.&#10;(AP Photo\/Gustavo Garello)\" loading=\"lazy\" width=\"720\" height=\"100\" decoding=\"async\" data-nimg=\"1\" style=\"color:transparent\" src=\"https:\/\/www.ole.com.ar\/images\/2026\/04\/28\/3pL3ET4r6_720x0__1.jpg\"\/><span class=\"epigraphe\">El festejo de Cardozo con Valois tras el 1-0 a Liga de Quito.<br \/>\n(AP Photo\/Gustavo Garello)<\/span><\/div>\n<div class=\"sc-e7b891c4-0 ifHnQL image-embed\" id=\"element-body-10\"><img alt=\"El festejo de Di Mar\u00eda con V\u00e9liz en Venezuela.&#10;EFE\/ Miguel Guti\u00e9rrez\" loading=\"lazy\" width=\"720\" height=\"100\" decoding=\"async\" data-nimg=\"1\" style=\"color:transparent\" src=\"https:\/\/www.ole.com.ar\/images\/2026\/04\/28\/rX0JJosIl_720x0__1.jpg\"\/><span class=\"epigraphe\">El festejo de Di Mar\u00eda con V\u00e9liz en Venezuela.<br \/>\nEFE\/ Miguel Guti\u00e9rrez<\/span><\/div>\n<div class=\"sc-e7b891c4-0 ifHnQL image-embed\" id=\"element-body-12\"><img alt=\"Boca perdi\u00f3 en Brasil (Reuter).\" loading=\"lazy\" width=\"720\" height=\"100\" decoding=\"async\" data-nimg=\"1\" style=\"color:transparent\" src=\"https:\/\/www.ole.com.ar\/images\/2026\/04\/28\/4EyjOgi33_720x0__1.jpg\"\/><span class=\"epigraphe\">Boca perdi\u00f3 en Brasil (Reuter).<\/span><\/div>\n<div id=\"element-body-13\" class=\"sc-136cd478-0 ekTCfV\">\n<ul>\n<li>D. Tolima 3 (S. Guzm\u00e1n, L. Sandoval y J. Gonz\u00e1lez) &#8211; Coquimbo 0<\/li>\n<\/ul>\n<\/div>\n<div id=\"element-body-14\" class=\"sc-136cd478-0 ekTCfV\">\n<ul>\n<li>Sporting Cristal 2 (S. Gonz\u00e1lez y C. Cabellos) &#8211; Junior 0<\/li>\n<\/ul>\n<\/div>\n<p><h2><strong>Mi\u00e9rcoles 29<\/strong><\/h2>\n<\/p>\n<div class=\"sc-e7b891c4-0 ifHnQL image-embed\" id=\"element-body-17\"><img alt=\"Otro festejo de Platense en la Libertadores.&#10;EFE\/ Juan Ignacio Roncoroni\" loading=\"lazy\" width=\"720\" height=\"100\" decoding=\"async\" data-nimg=\"1\" style=\"color:transparent\" src=\"https:\/\/www.ole.com.ar\/images\/2026\/04\/29\/Lu4Q2XLt-_720x0__1.jpg\"\/><span class=\"epigraphe\">Otro festejo de Platense en la Libertadores.<br \/>\nEFE\/ Juan Ignacio Roncoroni<\/span><\/div>\n<div id=\"element-body-18\" class=\"sc-136cd478-0 ekTCfV\">\n<ul>\n<li>Mirassol 2 (Eduardo y Alesson)-Always Ready 0<\/li>\n<\/ul>\n<\/div>\n<div id=\"element-body-21\" class=\"sc-136cd478-0 ekTCfV\">\n<ul>\n<li>Cerro Porte\u00f1o 1 (Carlos Miguel en contra)-Palmeiras 1 (J. Arias)<\/li>\n<\/ul>\n<\/div>\n<div id=\"element-body-22\" class=\"sc-136cd478-0 ekTCfV\">\n<ul>\n<li>Universitario 4 (C. Fara, A. Valera, L. Alzugaray y J. Carabal\u00ed) -Nacional 2 (M. G\u00f3mez y L. Mej\u00eda)<\/li>\n<\/ul>\n<\/div>\n<p><h2><strong>Jueves 30<\/strong><\/h2>\n<\/p>\n<div id=\"element-body-24\" class=\"sc-136cd478-0 ekTCfV\">\n<ul>\n<li>Bol\u00edvar 2 (Robson Matheus) &#8211; Fluminense 0<\/li>\n<\/ul>\n<\/div>\n<div id=\"element-body-25\" class=\"sc-136cd478-0 ekTCfV\">\n<ul>\n<li>Independiente Rivadavia 4 (Arce -3- Villa) -La Guaira 1 (G. Ortiz)<\/li>\n<li>Corinthians 2 -Pe\u00f1arol 0 (Lingard, Gustavo Henrique)<\/li>\n<\/ul>\n<\/div>\n<div id=\"element-body-26\" class=\"sc-136cd478-0 ekTCfV\">\n<ul>\n<li>23: Independiente Medell\u00edn-Cusco (Fox Sports, DGO y Disney + Premium)<\/li>\n<\/ul>\n<\/div>\n<p><h2><strong>Grupo por grupo, las posiciones de la Libertadores<\/strong><\/h2>\n<\/p>\n<\/div>\n\n","protected":false},"excerpt":{"rendered":"<p>28\/04\/2026 21:07hs. Actualizado al 30\/04\/2026 23:49hs. Se juega una nueva fecha de la fase de grupos de la Copa Libertadores, en este caso la tercera y \u00faltima de los partidos de ida. En el primer turno de este martes, Lan\u00fas logr\u00f3 una gran victoria ante Liga de Quito por 1-0 (el grana es segundo en [&hellip;]<\/p>\n","protected":false},"author":1,"featured_media":189670,"comment_status":"closed","ping_status":"closed","sticky":false,"template":"","format":"standard","meta":{"footnotes":""},"categories":[27],"tags":[],"class_list":["post-194006","post","type-post","status-publish","format-standard","has-post-thumbnail","hentry","category-deportes"],"yoast_head":"<!-- This site is optimized with the Yoast SEO plugin v24.4 - https:\/\/yoast.com\/wordpress\/plugins\/seo\/ -->\n<title>Libertadores: resultados de la fecha 3, goleadores y posiciones :: Ol\u00e9 - GYS NOTICIAS |<\/title>\n<meta name=\"robots\" content=\"index, follow, max-snippet:-1, max-image-preview:large, max-video-preview:-1\" \/>\n<link rel=\"canonical\" href=\"https:\/\/gysfm.com.ar\/inicio\/libertadores-resultados-de-la-fecha-3-goleadores-y-posiciones-ole\/\" \/>\n<meta property=\"og:locale\" content=\"es_ES\" \/>\n<meta property=\"og:type\" content=\"article\" \/>\n<meta property=\"og:title\" content=\"Libertadores: resultados de la fecha 3, goleadores y posiciones :: Ol\u00e9 - GYS NOTICIAS |\" \/>\n<meta property=\"og:description\" content=\"28\/04\/2026 21:07hs. Actualizado al 30\/04\/2026 23:49hs. Se juega una nueva fecha de la fase de grupos de la Copa Libertadores, en este caso la tercera y \u00faltima de los partidos de ida. En el primer turno de este martes, Lan\u00fas logr\u00f3 una gran victoria ante Liga de Quito por 1-0 (el grana es segundo en [&hellip;]\" \/>\n<meta property=\"og:url\" content=\"https:\/\/gysfm.com.ar\/inicio\/libertadores-resultados-de-la-fecha-3-goleadores-y-posiciones-ole\/\" \/>\n<meta property=\"og:site_name\" content=\"GYS NOTICIAS |\" \/>\n<meta property=\"article:published_time\" content=\"2026-05-01T03:05:18+00:00\" \/>\n<meta property=\"og:image\" content=\"https:\/\/www.ole.com.ar\/images\/2026\/04\/28\/3pL3ET4r6_720x0__1.jpg\" \/>\n<meta name=\"author\" content=\"admin\" \/>\n<meta name=\"twitter:card\" content=\"summary_large_image\" \/>\n<meta name=\"twitter:label1\" content=\"Escrito por\" \/>\n\t<meta name=\"twitter:data1\" content=\"admin\" \/>\n\t<meta name=\"twitter:label2\" content=\"Tiempo de lectura\" \/>\n\t<meta name=\"twitter:data2\" content=\"2 minutos\" \/>\n<script type=\"application\/ld+json\" class=\"yoast-schema-graph\">{\"@context\":\"https:\/\/schema.org\",\"@graph\":[{\"@type\":\"Article\",\"@id\":\"https:\/\/gysfm.com.ar\/inicio\/libertadores-resultados-de-la-fecha-3-goleadores-y-posiciones-ole\/#article\",\"isPartOf\":{\"@id\":\"https:\/\/gysfm.com.ar\/inicio\/libertadores-resultados-de-la-fecha-3-goleadores-y-posiciones-ole\/\"},\"author\":{\"name\":\"admin\",\"@id\":\"https:\/\/gysfm.com.ar\/inicio\/#\/schema\/person\/5bedd7ecd35cc35548d89effafa23696\"},\"headline\":\"Libertadores: resultados de la fecha 3, goleadores y posiciones :: Ol\u00e9\",\"datePublished\":\"2026-05-01T03:05:18+00:00\",\"mainEntityOfPage\":{\"@id\":\"https:\/\/gysfm.com.ar\/inicio\/libertadores-resultados-de-la-fecha-3-goleadores-y-posiciones-ole\/\"},\"wordCount\":330,\"publisher\":{\"@id\":\"https:\/\/gysfm.com.ar\/inicio\/#organization\"},\"image\":{\"@id\":\"https:\/\/gysfm.com.ar\/inicio\/libertadores-resultados-de-la-fecha-3-goleadores-y-posiciones-ole\/#primaryimage\"},\"thumbnailUrl\":\"https:\/\/gysfm.com.ar\/inicio\/wp-content\/uploads\/2026\/04\/ppLuxQcsN_2000x1500__1.jpg\",\"articleSection\":[\"DEPORTES\"],\"inLanguage\":\"es\"},{\"@type\":\"WebPage\",\"@id\":\"https:\/\/gysfm.com.ar\/inicio\/libertadores-resultados-de-la-fecha-3-goleadores-y-posiciones-ole\/\",\"url\":\"https:\/\/gysfm.com.ar\/inicio\/libertadores-resultados-de-la-fecha-3-goleadores-y-posiciones-ole\/\",\"name\":\"Libertadores: resultados de la fecha 3, goleadores y posiciones :: Ol\u00e9 - GYS NOTICIAS |\",\"isPartOf\":{\"@id\":\"https:\/\/gysfm.com.ar\/inicio\/#website\"},\"primaryImageOfPage\":{\"@id\":\"https:\/\/gysfm.com.ar\/inicio\/libertadores-resultados-de-la-fecha-3-goleadores-y-posiciones-ole\/#primaryimage\"},\"image\":{\"@id\":\"https:\/\/gysfm.com.ar\/inicio\/libertadores-resultados-de-la-fecha-3-goleadores-y-posiciones-ole\/#primaryimage\"},\"thumbnailUrl\":\"https:\/\/gysfm.com.ar\/inicio\/wp-content\/uploads\/2026\/04\/ppLuxQcsN_2000x1500__1.jpg\",\"datePublished\":\"2026-05-01T03:05:18+00:00\",\"breadcrumb\":{\"@id\":\"https:\/\/gysfm.com.ar\/inicio\/libertadores-resultados-de-la-fecha-3-goleadores-y-posiciones-ole\/#breadcrumb\"},\"inLanguage\":\"es\",\"potentialAction\":[{\"@type\":\"ReadAction\",\"target\":[\"https:\/\/gysfm.com.ar\/inicio\/libertadores-resultados-de-la-fecha-3-goleadores-y-posiciones-ole\/\"]}]},{\"@type\":\"ImageObject\",\"inLanguage\":\"es\",\"@id\":\"https:\/\/gysfm.com.ar\/inicio\/libertadores-resultados-de-la-fecha-3-goleadores-y-posiciones-ole\/#primaryimage\",\"url\":\"https:\/\/gysfm.com.ar\/inicio\/wp-content\/uploads\/2026\/04\/ppLuxQcsN_2000x1500__1.jpg\",\"contentUrl\":\"https:\/\/gysfm.com.ar\/inicio\/wp-content\/uploads\/2026\/04\/ppLuxQcsN_2000x1500__1.jpg\",\"width\":2000,\"height\":1500},{\"@type\":\"BreadcrumbList\",\"@id\":\"https:\/\/gysfm.com.ar\/inicio\/libertadores-resultados-de-la-fecha-3-goleadores-y-posiciones-ole\/#breadcrumb\",\"itemListElement\":[{\"@type\":\"ListItem\",\"position\":1,\"name\":\"Portada\",\"item\":\"https:\/\/gysfm.com.ar\/inicio\/\"},{\"@type\":\"ListItem\",\"position\":2,\"name\":\"Libertadores: resultados de la fecha 3, goleadores y posiciones :: Ol\u00e9\"}]},{\"@type\":\"WebSite\",\"@id\":\"https:\/\/gysfm.com.ar\/inicio\/#website\",\"url\":\"https:\/\/gysfm.com.ar\/inicio\/\",\"name\":\"GYS NOTICIAS |\",\"description\":\"DIARIO - RADIO ONLINE SAN JUAN ARGENTINA\",\"publisher\":{\"@id\":\"https:\/\/gysfm.com.ar\/inicio\/#organization\"},\"potentialAction\":[{\"@type\":\"SearchAction\",\"target\":{\"@type\":\"EntryPoint\",\"urlTemplate\":\"https:\/\/gysfm.com.ar\/inicio\/?s={search_term_string}\"},\"query-input\":{\"@type\":\"PropertyValueSpecification\",\"valueRequired\":true,\"valueName\":\"search_term_string\"}}],\"inLanguage\":\"es\"},{\"@type\":\"Organization\",\"@id\":\"https:\/\/gysfm.com.ar\/inicio\/#organization\",\"name\":\"GYS NOTICIAS |\",\"url\":\"https:\/\/gysfm.com.ar\/inicio\/\",\"logo\":{\"@type\":\"ImageObject\",\"inLanguage\":\"es\",\"@id\":\"https:\/\/gysfm.com.ar\/inicio\/#\/schema\/logo\/image\/\",\"url\":\"https:\/\/gysfm.com.ar\/inicio\/wp-content\/uploads\/2023\/07\/LOGOGYS-OK.png\",\"contentUrl\":\"https:\/\/gysfm.com.ar\/inicio\/wp-content\/uploads\/2023\/07\/LOGOGYS-OK.png\",\"width\":1170,\"height\":872,\"caption\":\"GYS NOTICIAS |\"},\"image\":{\"@id\":\"https:\/\/gysfm.com.ar\/inicio\/#\/schema\/logo\/image\/\"}},{\"@type\":\"Person\",\"@id\":\"https:\/\/gysfm.com.ar\/inicio\/#\/schema\/person\/5bedd7ecd35cc35548d89effafa23696\",\"name\":\"admin\",\"image\":{\"@type\":\"ImageObject\",\"inLanguage\":\"es\",\"@id\":\"https:\/\/gysfm.com.ar\/inicio\/#\/schema\/person\/image\/\",\"url\":\"https:\/\/secure.gravatar.com\/avatar\/c331d312b5243fb64d5ba28108a447b27c925295129a363082c9ea52c28d32c2?s=96&d=mm&r=g\",\"contentUrl\":\"https:\/\/secure.gravatar.com\/avatar\/c331d312b5243fb64d5ba28108a447b27c925295129a363082c9ea52c28d32c2?s=96&d=mm&r=g\",\"caption\":\"admin\"},\"sameAs\":[\"https:\/\/gysfm.com.ar\/inicio\"],\"url\":\"https:\/\/gysfm.com.ar\/inicio\/author\/admin\/\"}]}<\/script>\n<!-- \/ Yoast SEO plugin. -->","yoast_head_json":{"title":"Libertadores: resultados de la fecha 3, goleadores y posiciones :: Ol\u00e9 - GYS NOTICIAS |","robots":{"index":"index","follow":"follow","max-snippet":"max-snippet:-1","max-image-preview":"max-image-preview:large","max-video-preview":"max-video-preview:-1"},"canonical":"https:\/\/gysfm.com.ar\/inicio\/libertadores-resultados-de-la-fecha-3-goleadores-y-posiciones-ole\/","og_locale":"es_ES","og_type":"article","og_title":"Libertadores: resultados de la fecha 3, goleadores y posiciones :: Ol\u00e9 - GYS NOTICIAS |","og_description":"28\/04\/2026 21:07hs. Actualizado al 30\/04\/2026 23:49hs. Se juega una nueva fecha de la fase de grupos de la Copa Libertadores, en este caso la tercera y \u00faltima de los partidos de ida. En el primer turno de este martes, Lan\u00fas logr\u00f3 una gran victoria ante Liga de Quito por 1-0 (el grana es segundo en [&hellip;]","og_url":"https:\/\/gysfm.com.ar\/inicio\/libertadores-resultados-de-la-fecha-3-goleadores-y-posiciones-ole\/","og_site_name":"GYS NOTICIAS |","article_published_time":"2026-05-01T03:05:18+00:00","og_image":[{"url":"https:\/\/www.ole.com.ar\/images\/2026\/04\/28\/3pL3ET4r6_720x0__1.jpg","type":"","width":"","height":""}],"author":"admin","twitter_card":"summary_large_image","twitter_misc":{"Escrito por":"admin","Tiempo de lectura":"2 minutos"},"schema":{"@context":"https:\/\/schema.org","@graph":[{"@type":"Article","@id":"https:\/\/gysfm.com.ar\/inicio\/libertadores-resultados-de-la-fecha-3-goleadores-y-posiciones-ole\/#article","isPartOf":{"@id":"https:\/\/gysfm.com.ar\/inicio\/libertadores-resultados-de-la-fecha-3-goleadores-y-posiciones-ole\/"},"author":{"name":"admin","@id":"https:\/\/gysfm.com.ar\/inicio\/#\/schema\/person\/5bedd7ecd35cc35548d89effafa23696"},"headline":"Libertadores: resultados de la fecha 3, goleadores y posiciones :: Ol\u00e9","datePublished":"2026-05-01T03:05:18+00:00","mainEntityOfPage":{"@id":"https:\/\/gysfm.com.ar\/inicio\/libertadores-resultados-de-la-fecha-3-goleadores-y-posiciones-ole\/"},"wordCount":330,"publisher":{"@id":"https:\/\/gysfm.com.ar\/inicio\/#organization"},"image":{"@id":"https:\/\/gysfm.com.ar\/inicio\/libertadores-resultados-de-la-fecha-3-goleadores-y-posiciones-ole\/#primaryimage"},"thumbnailUrl":"https:\/\/gysfm.com.ar\/inicio\/wp-content\/uploads\/2026\/04\/ppLuxQcsN_2000x1500__1.jpg","articleSection":["DEPORTES"],"inLanguage":"es"},{"@type":"WebPage","@id":"https:\/\/gysfm.com.ar\/inicio\/libertadores-resultados-de-la-fecha-3-goleadores-y-posiciones-ole\/","url":"https:\/\/gysfm.com.ar\/inicio\/libertadores-resultados-de-la-fecha-3-goleadores-y-posiciones-ole\/","name":"Libertadores: resultados de la fecha 3, goleadores y posiciones :: Ol\u00e9 - GYS NOTICIAS |","isPartOf":{"@id":"https:\/\/gysfm.com.ar\/inicio\/#website"},"primaryImageOfPage":{"@id":"https:\/\/gysfm.com.ar\/inicio\/libertadores-resultados-de-la-fecha-3-goleadores-y-posiciones-ole\/#primaryimage"},"image":{"@id":"https:\/\/gysfm.com.ar\/inicio\/libertadores-resultados-de-la-fecha-3-goleadores-y-posiciones-ole\/#primaryimage"},"thumbnailUrl":"https:\/\/gysfm.com.ar\/inicio\/wp-content\/uploads\/2026\/04\/ppLuxQcsN_2000x1500__1.jpg","datePublished":"2026-05-01T03:05:18+00:00","breadcrumb":{"@id":"https:\/\/gysfm.com.ar\/inicio\/libertadores-resultados-de-la-fecha-3-goleadores-y-posiciones-ole\/#breadcrumb"},"inLanguage":"es","potentialAction":[{"@type":"ReadAction","target":["https:\/\/gysfm.com.ar\/inicio\/libertadores-resultados-de-la-fecha-3-goleadores-y-posiciones-ole\/"]}]},{"@type":"ImageObject","inLanguage":"es","@id":"https:\/\/gysfm.com.ar\/inicio\/libertadores-resultados-de-la-fecha-3-goleadores-y-posiciones-ole\/#primaryimage","url":"https:\/\/gysfm.com.ar\/inicio\/wp-content\/uploads\/2026\/04\/ppLuxQcsN_2000x1500__1.jpg","contentUrl":"https:\/\/gysfm.com.ar\/inicio\/wp-content\/uploads\/2026\/04\/ppLuxQcsN_2000x1500__1.jpg","width":2000,"height":1500},{"@type":"BreadcrumbList","@id":"https:\/\/gysfm.com.ar\/inicio\/libertadores-resultados-de-la-fecha-3-goleadores-y-posiciones-ole\/#breadcrumb","itemListElement":[{"@type":"ListItem","position":1,"name":"Portada","item":"https:\/\/gysfm.com.ar\/inicio\/"},{"@type":"ListItem","position":2,"name":"Libertadores: resultados de la fecha 3, goleadores y posiciones :: Ol\u00e9"}]},{"@type":"WebSite","@id":"https:\/\/gysfm.com.ar\/inicio\/#website","url":"https:\/\/gysfm.com.ar\/inicio\/","name":"GYS NOTICIAS |","description":"DIARIO - RADIO ONLINE SAN JUAN ARGENTINA","publisher":{"@id":"https:\/\/gysfm.com.ar\/inicio\/#organization"},"potentialAction":[{"@type":"SearchAction","target":{"@type":"EntryPoint","urlTemplate":"https:\/\/gysfm.com.ar\/inicio\/?s={search_term_string}"},"query-input":{"@type":"PropertyValueSpecification","valueRequired":true,"valueName":"search_term_string"}}],"inLanguage":"es"},{"@type":"Organization","@id":"https:\/\/gysfm.com.ar\/inicio\/#organization","name":"GYS NOTICIAS |","url":"https:\/\/gysfm.com.ar\/inicio\/","logo":{"@type":"ImageObject","inLanguage":"es","@id":"https:\/\/gysfm.com.ar\/inicio\/#\/schema\/logo\/image\/","url":"https:\/\/gysfm.com.ar\/inicio\/wp-content\/uploads\/2023\/07\/LOGOGYS-OK.png","contentUrl":"https:\/\/gysfm.com.ar\/inicio\/wp-content\/uploads\/2023\/07\/LOGOGYS-OK.png","width":1170,"height":872,"caption":"GYS NOTICIAS |"},"image":{"@id":"https:\/\/gysfm.com.ar\/inicio\/#\/schema\/logo\/image\/"}},{"@type":"Person","@id":"https:\/\/gysfm.com.ar\/inicio\/#\/schema\/person\/5bedd7ecd35cc35548d89effafa23696","name":"admin","image":{"@type":"ImageObject","inLanguage":"es","@id":"https:\/\/gysfm.com.ar\/inicio\/#\/schema\/person\/image\/","url":"https:\/\/secure.gravatar.com\/avatar\/c331d312b5243fb64d5ba28108a447b27c925295129a363082c9ea52c28d32c2?s=96&d=mm&r=g","contentUrl":"https:\/\/secure.gravatar.com\/avatar\/c331d312b5243fb64d5ba28108a447b27c925295129a363082c9ea52c28d32c2?s=96&d=mm&r=g","caption":"admin"},"sameAs":["https:\/\/gysfm.com.ar\/inicio"],"url":"https:\/\/gysfm.com.ar\/inicio\/author\/admin\/"}]}},"_links":{"self":[{"href":"https:\/\/gysfm.com.ar\/inicio\/wp-json\/wp\/v2\/posts\/194006","targetHints":{"allow":["GET"]}}],"collection":[{"href":"https:\/\/gysfm.com.ar\/inicio\/wp-json\/wp\/v2\/posts"}],"about":[{"href":"https:\/\/gysfm.com.ar\/inicio\/wp-json\/wp\/v2\/types\/post"}],"author":[{"embeddable":true,"href":"https:\/\/gysfm.com.ar\/inicio\/wp-json\/wp\/v2\/users\/1"}],"replies":[{"embeddable":true,"href":"https:\/\/gysfm.com.ar\/inicio\/wp-json\/wp\/v2\/comments?post=194006"}],"version-history":[{"count":0,"href":"https:\/\/gysfm.com.ar\/inicio\/wp-json\/wp\/v2\/posts\/194006\/revisions"}],"wp:featuredmedia":[{"embeddable":true,"href":"https:\/\/gysfm.com.ar\/inicio\/wp-json\/wp\/v2\/media\/189670"}],"wp:attachment":[{"href":"https:\/\/gysfm.com.ar\/inicio\/wp-json\/wp\/v2\/media?parent=194006"}],"wp:term":[{"taxonomy":"category","embeddable":true,"href":"https:\/\/gysfm.com.ar\/inicio\/wp-json\/wp\/v2\/categories?post=194006"},{"taxonomy":"post_tag","embeddable":true,"href":"https:\/\/gysfm.com.ar\/inicio\/wp-json\/wp\/v2\/tags?post=194006"}],"curies":[{"name":"wp","href":"https:\/\/api.w.org\/{rel}","templated":true}]}}