{"id":194005,"date":"2026-05-01T00:02:09","date_gmt":"2026-05-01T03:02:09","guid":{"rendered":"https:\/\/gysfm.com.ar\/inicio\/el-gobierno-anuncio-aumentos-para-empleadas-domesticas-y-una-nueva-revision-en-julio\/"},"modified":"2026-05-01T00:02:09","modified_gmt":"2026-05-01T03:02:09","slug":"el-gobierno-anuncio-aumentos-para-empleadas-domesticas-y-una-nueva-revision-en-julio","status":"publish","type":"post","link":"https:\/\/gysfm.com.ar\/inicio\/el-gobierno-anuncio-aumentos-para-empleadas-domesticas-y-una-nueva-revision-en-julio\/","title":{"rendered":"El Gobierno anunci\u00f3 aumentos para empleadas dom\u00e9sticas y una nueva revisi\u00f3n en julio"},"content":{"rendered":"<p> <br \/>\n<\/p>\n<div>\t\t<!-- { REGION4 --> <\/p>\n<header class=\"news-headline\">\n<h2 class=\"news-headline__article-summary\">\t\t<\/h2>\n<p id=\"p-1777577252097-68354\" class=\"ignore-parser\">El acuerdo establece subas acumulativas de 1,8% en abril, 1,6% en mayo, 1,5% en junio y 1,4% en julio. Adem\u00e1s, se incorporar\u00e1 a los b\u00e1sicos la suma no remunerativa de marzo y se actualizar\u00e1 el adicional por zona desfavorable.<\/p>\n<\/header>\n<div class=\"detail-highlighted-multimedia content-protected-false\">\n<figure class=\"detail-highlighted-multimedia__figure\">  <img decoding=\"async\" src=\"https:\/\/media.ambito.com\/p\/1d0ea10d3f24e54ac550f53ba9969bd5\/adjuntos\/239\/imagenes\/041\/475\/0041475712\/empleadas-domesticas-limpieza.jpg\" class=\"detail-highlighted-multimedia__figure-img img-fluid\" alt=\"El Ministerio de Capital Humano inform\u00f3 los nuevos aumentos para el personal de casas particulares.\" width=\"655\" height=\"368\" crossorigin=\"anonymous\" fetchpriority=\"high\" decode=\"async\"\/><figcaption class=\"detail-highlighted-multimedia__figcaption\">  <span class=\"detail-highlighted-multimedia__copyright\">Depositphotos<\/span><\/figcaption><\/figure>\n<\/div>\n<article class=\"article-body article-body--first-paragraph content-protected-false\" data-td-script-src=\"https:\/\/www.ambito.com\/td\/modulos\/encuestas\/js\/function-embeds-min-version-1777522098.js\">\n<p id=\"p-1777577435059-1786\" data-start=\"519\" data-end=\"761\">El <strong data-start=\"522\" data-end=\"554\">Ministerio de Capital Humano<\/strong> inform\u00f3 que la Comisi\u00f3n de Trabajadoras de Casas Particulares acord\u00f3 nuevos aumentos salariales para las distintas categor\u00edas del r\u00e9gimen, luego de una reuni\u00f3n plenaria realizada este mi\u00e9rcoles al mediod\u00eda.<\/p>\n<\/article>\n<section class=\"suscription-false printed-edition\" style=\"display:none\">\n<p> El contenido al que quiere acceder es exclusivo para suscriptores.<\/p>\n<p>  <span> <button type=\"button\" name=\"button\" class=\"subscribe-btn mercadopago-btn\">suscribirse<\/button><\/span>  <span class=\"btns\"><button type=\"button\" name=\"button\" class=\"subscribe-btn reload-login\"> ya estoy suscripto<\/button><\/span>  <\/p>\n<\/section>\n<article class=\"article-body article-body--second-paragraph content-protected-false\">\n<p id=\"p-1777577435059-9750\" data-start=\"763\" data-end=\"970\">Seg\u00fan el comunicado oficial, las partes definieron incrementos acumulativos sobre los salarios m\u00ednimos conformados: <strong data-start=\"879\" data-end=\"906\">1,8% para abril de 2026<\/strong>, <strong data-start=\"908\" data-end=\"926\">1,6% para mayo<\/strong>, <strong data-start=\"928\" data-end=\"947\">1,5% para junio<\/strong> y <strong data-start=\"950\" data-end=\"969\">1,4% para julio<\/strong>.<\/p>\n<\/article>\n<section class=\"related-news\">\t\t<span class=\"related-news__title\">Informate m\u00e1s<\/span>\t\t<\/p>\n<div class=\"row row--eq-height\">\n<div class=\"col-12 col-md-6\">\n<article class=\"news-article news-article--landscape-news news-article--landscape-news\">\n<figure class=\"news-article__figure figure\">\n\t\t\t\t\t\t\t\t\t\t\t<img loading=\"lazy\" decoding=\"async\" src=\"https:\/\/media.ambito.com\/p\/60a60bbb6505e6f6d697df80af30c955\/adjuntos\/239\/imagenes\/039\/789\/0039789108\/domingo-cavallo-ex-ministro-relaciones-exteriores-la-nacion-argentina.jpg\" alt=\"Domingo Cavallo volvi\u00f3 a criticar el cepo a empresas .\" title=\"Domingo Cavallo volvi\u00f3 a criticar el cepo a empresas .\" width=\"93\" height=\"52\" class=\"news-article__figure-img figure-img img-fluid\"\/>\t\t<\/figure>\n<\/article><\/div>\n<div class=\"col-12 col-md-6\">\n<article class=\"news-article news-article--landscape-news news-article--landscape-news\">\n<figure class=\"news-article__figure figure\">\n\t\t\t\t\t\t\t\t\t\t\t<img loading=\"lazy\" decoding=\"async\" src=\"https:\/\/media.ambito.com\/p\/bd29612738b84a5c03c7c249b30a80e8\/adjuntos\/239\/imagenes\/043\/332\/0043332469\/viaje-voluntariado.jpg\" alt=\"El voluntariado es una alternativa muy buena para ahorrar en tus viajes, pero tambi\u00e9n es beneficioso para tu formaci\u00f3n como persona.\" title=\"El voluntariado es una alternativa muy buena para ahorrar en tus viajes, pero tambi\u00e9n es beneficioso para tu formaci\u00f3n como persona.\" width=\"93\" height=\"52\" class=\"news-article__figure-img figure-img img-fluid\"\/>\t\t<\/figure>\n<\/article><\/div>\n<\/div>\n<\/section>\n<article class=\"article-body article-body--third-paragraph content-protected-false\">\n<p id=\"p-1777577435059-56987\" data-start=\"972\" data-end=\"1167\">Adem\u00e1s, se resolvi\u00f3 incorporar a los salarios b\u00e1sicos el <strong data-start=\"1029\" data-end=\"1095\">50% de la suma no remunerativa correspondiente a marzo de 2026<\/strong> durante abril, mientras que el <strong data-start=\"1127\" data-end=\"1143\">50% restante<\/strong> ser\u00e1 incluido en julio.<\/p>\n<\/article>\n<article class=\"article-body article-body--fourth-paragraph content-protected-false\">\n<h2 id=\"p-1777577435059-30887\" data-start=\"1169\" data-end=\"1251\">Casas particulares: c\u00f3mo ser\u00e1 el aumento y qu\u00e9 pasar\u00e1 con la zona desfavorable<\/h2>\n<p id=\"p-1777577435059-85920\" data-start=\"1253\" data-end=\"1464\">El acuerdo tambi\u00e9n contempla una actualizaci\u00f3n del adicional por <strong data-start=\"1318\" data-end=\"1339\">zona desfavorable<\/strong>, que quedar\u00e1 fijado en un <strong data-start=\"1366\" data-end=\"1373\">31%<\/strong> sobre los salarios m\u00ednimos de cada una de las categor\u00edas desde el <strong data-start=\"1440\" data-end=\"1463\">1\u00b0 de abril de 2026<\/strong>.<\/p>\n<\/article>\n<article class=\"article-body article-body--fifth-paragraph content-protected-false\">\n<p id=\"p-1777577435059-93915\" data-start=\"1466\" data-end=\"1736\">Desde Capital Humano remarcaron que los salarios acordados funcionan como los <strong data-start=\"1544\" data-end=\"1579\">m\u00ednimos establecidos legalmente<\/strong> y se enmarcan en el concepto de <strong data-start=\"1612\" data-end=\"1634\">\u201csalario din\u00e1mico\u201d<\/strong>, lo que permite que las partes de la relaci\u00f3n laboral puedan negociar mejores condiciones salariales.<\/p>\n<\/article>\n<article class=\"article-body article-body--remaining-paragraph content-protected-false\">\n<p id=\"p-1777577435059-15679\" data-start=\"1738\" data-end=\"1915\">Por \u00faltimo, el Gobierno inform\u00f3 que se acord\u00f3 una nueva reuni\u00f3n de la Comisi\u00f3n para el mes de <strong data-start=\"1832\" data-end=\"1841\">julio<\/strong>, con el objetivo de continuar evaluando la situaci\u00f3n salarial del sector. En el comunicado, la cartera conducida por <strong data-start=\"1960\" data-end=\"1981\">Sandra Pettovello<\/strong> ratific\u00f3 su compromiso con la <strong data-start=\"2012\" data-end=\"2037\">negociaci\u00f3n colectiva<\/strong> como herramienta para actualizar las condiciones laborales.<\/p>\n<h2 id=\"p-1777468528699-39623\">El \u00faltimo aumento para las empleadas dom\u00e9sticas<\/h2>\n<p id=\"p-1777468665327-87487\">La actualizaci\u00f3n salarial m\u00e1s reciente para el personal dom\u00e9stico fue determinada el pasado <strong>11 de marzo<\/strong>, cuando la CNTCP dispuso un incremento del <strong>1,5%<\/strong> aplicable a los sueldos de ese mismo mes.<\/p>\n<p id=\"p-1777468528699-14687\">El personal del sector percibi\u00f3 una asignaci\u00f3n no remunerativa adicional junto con sus haberes de febrero y marzo de 2026. El monto de este beneficio fue segmentado seg\u00fan la carga horaria semanal: aquellos que cumplan <strong>16 horas o m\u00e1s recibieron $20.000<\/strong>, mientras que para jornadas de <strong>entre 12 y 16 horas el valor fue de $11.500<\/strong>, y de<strong> $8.000 para quienes prestaran servicios menos de 12 horas<\/strong>.<\/p>\n<\/article>\n<p>\t\t\t\t<!-- REGION4 } -->\n\t\t\t\t\t\t<\/div>\n<p><script>\n!function(f,b,e,v,n,t,s)\n{if(f.fbq)return;n=f.fbq=function(){n.callMethod?\nn.callMethod.apply(n,arguments):n.queue.push(arguments)};\nif(!f._fbq)f._fbq=n;n.push=n;n.loaded=!0;n.version='2.0';\nn.queue=[];t=b.createElement(e);t.async=!0;\nt.src=v;s=b.getElementsByTagName(e)[0];\ns.parentNode.insertBefore(t,s)}(window,document,'script',\n'https:\/\/connect.facebook.net\/en_US\/fbevents.js');\nfbq('init', '2047048335588113');\nfbq('track', 'PageView');\n<\/script><br \/>\n<br \/><\/p>\n","protected":false},"excerpt":{"rendered":"<p>El acuerdo establece subas acumulativas de 1,8% en abril, 1,6% en mayo, 1,5% en junio y 1,4% en julio. Adem\u00e1s, se incorporar\u00e1 a los b\u00e1sicos la suma no remunerativa de marzo y se actualizar\u00e1 el adicional por zona desfavorable. Depositphotos El Ministerio de Capital Humano inform\u00f3 que la Comisi\u00f3n de Trabajadoras de Casas Particulares acord\u00f3 [&hellip;]<\/p>\n","protected":false},"author":1,"featured_media":184838,"comment_status":"closed","ping_status":"closed","sticky":false,"template":"","format":"standard","meta":{"footnotes":""},"categories":[28],"tags":[],"class_list":["post-194005","post","type-post","status-publish","format-standard","has-post-thumbnail","hentry","category-economia"],"yoast_head":"<!-- This site is optimized with the Yoast SEO plugin v24.4 - https:\/\/yoast.com\/wordpress\/plugins\/seo\/ -->\n<title>El Gobierno anunci\u00f3 aumentos para empleadas dom\u00e9sticas y una nueva revisi\u00f3n en julio - GYS NOTICIAS |<\/title>\n<meta name=\"robots\" content=\"index, follow, max-snippet:-1, max-image-preview:large, max-video-preview:-1\" \/>\n<link rel=\"canonical\" href=\"https:\/\/gysfm.com.ar\/inicio\/el-gobierno-anuncio-aumentos-para-empleadas-domesticas-y-una-nueva-revision-en-julio\/\" \/>\n<meta property=\"og:locale\" content=\"es_ES\" \/>\n<meta property=\"og:type\" content=\"article\" \/>\n<meta property=\"og:title\" content=\"El Gobierno anunci\u00f3 aumentos para empleadas dom\u00e9sticas y una nueva revisi\u00f3n en julio - GYS NOTICIAS |\" \/>\n<meta property=\"og:description\" content=\"El acuerdo establece subas acumulativas de 1,8% en abril, 1,6% en mayo, 1,5% en junio y 1,4% en julio. Adem\u00e1s, se incorporar\u00e1 a los b\u00e1sicos la suma no remunerativa de marzo y se actualizar\u00e1 el adicional por zona desfavorable. Depositphotos El Ministerio de Capital Humano inform\u00f3 que la Comisi\u00f3n de Trabajadoras de Casas Particulares acord\u00f3 [&hellip;]\" \/>\n<meta property=\"og:url\" content=\"https:\/\/gysfm.com.ar\/inicio\/el-gobierno-anuncio-aumentos-para-empleadas-domesticas-y-una-nueva-revision-en-julio\/\" \/>\n<meta property=\"og:site_name\" content=\"GYS NOTICIAS |\" \/>\n<meta property=\"article:published_time\" content=\"2026-05-01T03:02:09+00:00\" \/>\n<meta property=\"og:image\" content=\"https:\/\/media.ambito.com\/p\/1d0ea10d3f24e54ac550f53ba9969bd5\/adjuntos\/239\/imagenes\/041\/475\/0041475712\/empleadas-domesticas-limpieza.jpg\" \/>\n<meta name=\"author\" content=\"admin\" \/>\n<meta name=\"twitter:card\" content=\"summary_large_image\" \/>\n<meta name=\"twitter:label1\" content=\"Escrito por\" \/>\n\t<meta name=\"twitter:data1\" content=\"admin\" \/>\n\t<meta name=\"twitter:label2\" content=\"Tiempo de lectura\" \/>\n\t<meta name=\"twitter:data2\" content=\"2 minutos\" \/>\n<script type=\"application\/ld+json\" class=\"yoast-schema-graph\">{\"@context\":\"https:\/\/schema.org\",\"@graph\":[{\"@type\":\"Article\",\"@id\":\"https:\/\/gysfm.com.ar\/inicio\/el-gobierno-anuncio-aumentos-para-empleadas-domesticas-y-una-nueva-revision-en-julio\/#article\",\"isPartOf\":{\"@id\":\"https:\/\/gysfm.com.ar\/inicio\/el-gobierno-anuncio-aumentos-para-empleadas-domesticas-y-una-nueva-revision-en-julio\/\"},\"author\":{\"name\":\"admin\",\"@id\":\"https:\/\/gysfm.com.ar\/inicio\/#\/schema\/person\/5bedd7ecd35cc35548d89effafa23696\"},\"headline\":\"El Gobierno anunci\u00f3 aumentos para empleadas dom\u00e9sticas y una nueva revisi\u00f3n en julio\",\"datePublished\":\"2026-05-01T03:02:09+00:00\",\"mainEntityOfPage\":{\"@id\":\"https:\/\/gysfm.com.ar\/inicio\/el-gobierno-anuncio-aumentos-para-empleadas-domesticas-y-una-nueva-revision-en-julio\/\"},\"wordCount\":418,\"publisher\":{\"@id\":\"https:\/\/gysfm.com.ar\/inicio\/#organization\"},\"image\":{\"@id\":\"https:\/\/gysfm.com.ar\/inicio\/el-gobierno-anuncio-aumentos-para-empleadas-domesticas-y-una-nueva-revision-en-julio\/#primaryimage\"},\"thumbnailUrl\":\"https:\/\/gysfm.com.ar\/inicio\/wp-content\/uploads\/2026\/02\/empleadas-domesticas-limpieza.jpg\",\"articleSection\":[\"ECONOMIA\"],\"inLanguage\":\"es\"},{\"@type\":\"WebPage\",\"@id\":\"https:\/\/gysfm.com.ar\/inicio\/el-gobierno-anuncio-aumentos-para-empleadas-domesticas-y-una-nueva-revision-en-julio\/\",\"url\":\"https:\/\/gysfm.com.ar\/inicio\/el-gobierno-anuncio-aumentos-para-empleadas-domesticas-y-una-nueva-revision-en-julio\/\",\"name\":\"El Gobierno anunci\u00f3 aumentos para empleadas dom\u00e9sticas y una nueva revisi\u00f3n en julio - GYS NOTICIAS |\",\"isPartOf\":{\"@id\":\"https:\/\/gysfm.com.ar\/inicio\/#website\"},\"primaryImageOfPage\":{\"@id\":\"https:\/\/gysfm.com.ar\/inicio\/el-gobierno-anuncio-aumentos-para-empleadas-domesticas-y-una-nueva-revision-en-julio\/#primaryimage\"},\"image\":{\"@id\":\"https:\/\/gysfm.com.ar\/inicio\/el-gobierno-anuncio-aumentos-para-empleadas-domesticas-y-una-nueva-revision-en-julio\/#primaryimage\"},\"thumbnailUrl\":\"https:\/\/gysfm.com.ar\/inicio\/wp-content\/uploads\/2026\/02\/empleadas-domesticas-limpieza.jpg\",\"datePublished\":\"2026-05-01T03:02:09+00:00\",\"breadcrumb\":{\"@id\":\"https:\/\/gysfm.com.ar\/inicio\/el-gobierno-anuncio-aumentos-para-empleadas-domesticas-y-una-nueva-revision-en-julio\/#breadcrumb\"},\"inLanguage\":\"es\",\"potentialAction\":[{\"@type\":\"ReadAction\",\"target\":[\"https:\/\/gysfm.com.ar\/inicio\/el-gobierno-anuncio-aumentos-para-empleadas-domesticas-y-una-nueva-revision-en-julio\/\"]}]},{\"@type\":\"ImageObject\",\"inLanguage\":\"es\",\"@id\":\"https:\/\/gysfm.com.ar\/inicio\/el-gobierno-anuncio-aumentos-para-empleadas-domesticas-y-una-nueva-revision-en-julio\/#primaryimage\",\"url\":\"https:\/\/gysfm.com.ar\/inicio\/wp-content\/uploads\/2026\/02\/empleadas-domesticas-limpieza.jpg\",\"contentUrl\":\"https:\/\/gysfm.com.ar\/inicio\/wp-content\/uploads\/2026\/02\/empleadas-domesticas-limpieza.jpg\",\"width\":1200,\"height\":675},{\"@type\":\"BreadcrumbList\",\"@id\":\"https:\/\/gysfm.com.ar\/inicio\/el-gobierno-anuncio-aumentos-para-empleadas-domesticas-y-una-nueva-revision-en-julio\/#breadcrumb\",\"itemListElement\":[{\"@type\":\"ListItem\",\"position\":1,\"name\":\"Portada\",\"item\":\"https:\/\/gysfm.com.ar\/inicio\/\"},{\"@type\":\"ListItem\",\"position\":2,\"name\":\"El Gobierno anunci\u00f3 aumentos para empleadas dom\u00e9sticas y una nueva revisi\u00f3n en julio\"}]},{\"@type\":\"WebSite\",\"@id\":\"https:\/\/gysfm.com.ar\/inicio\/#website\",\"url\":\"https:\/\/gysfm.com.ar\/inicio\/\",\"name\":\"GYS NOTICIAS |\",\"description\":\"DIARIO - RADIO ONLINE SAN JUAN ARGENTINA\",\"publisher\":{\"@id\":\"https:\/\/gysfm.com.ar\/inicio\/#organization\"},\"potentialAction\":[{\"@type\":\"SearchAction\",\"target\":{\"@type\":\"EntryPoint\",\"urlTemplate\":\"https:\/\/gysfm.com.ar\/inicio\/?s={search_term_string}\"},\"query-input\":{\"@type\":\"PropertyValueSpecification\",\"valueRequired\":true,\"valueName\":\"search_term_string\"}}],\"inLanguage\":\"es\"},{\"@type\":\"Organization\",\"@id\":\"https:\/\/gysfm.com.ar\/inicio\/#organization\",\"name\":\"GYS NOTICIAS |\",\"url\":\"https:\/\/gysfm.com.ar\/inicio\/\",\"logo\":{\"@type\":\"ImageObject\",\"inLanguage\":\"es\",\"@id\":\"https:\/\/gysfm.com.ar\/inicio\/#\/schema\/logo\/image\/\",\"url\":\"https:\/\/gysfm.com.ar\/inicio\/wp-content\/uploads\/2023\/07\/LOGOGYS-OK.png\",\"contentUrl\":\"https:\/\/gysfm.com.ar\/inicio\/wp-content\/uploads\/2023\/07\/LOGOGYS-OK.png\",\"width\":1170,\"height\":872,\"caption\":\"GYS NOTICIAS |\"},\"image\":{\"@id\":\"https:\/\/gysfm.com.ar\/inicio\/#\/schema\/logo\/image\/\"}},{\"@type\":\"Person\",\"@id\":\"https:\/\/gysfm.com.ar\/inicio\/#\/schema\/person\/5bedd7ecd35cc35548d89effafa23696\",\"name\":\"admin\",\"image\":{\"@type\":\"ImageObject\",\"inLanguage\":\"es\",\"@id\":\"https:\/\/gysfm.com.ar\/inicio\/#\/schema\/person\/image\/\",\"url\":\"https:\/\/secure.gravatar.com\/avatar\/c331d312b5243fb64d5ba28108a447b27c925295129a363082c9ea52c28d32c2?s=96&d=mm&r=g\",\"contentUrl\":\"https:\/\/secure.gravatar.com\/avatar\/c331d312b5243fb64d5ba28108a447b27c925295129a363082c9ea52c28d32c2?s=96&d=mm&r=g\",\"caption\":\"admin\"},\"sameAs\":[\"https:\/\/gysfm.com.ar\/inicio\"],\"url\":\"https:\/\/gysfm.com.ar\/inicio\/author\/admin\/\"}]}<\/script>\n<!-- \/ Yoast SEO plugin. -->","yoast_head_json":{"title":"El Gobierno anunci\u00f3 aumentos para empleadas dom\u00e9sticas y una nueva revisi\u00f3n en julio - GYS NOTICIAS |","robots":{"index":"index","follow":"follow","max-snippet":"max-snippet:-1","max-image-preview":"max-image-preview:large","max-video-preview":"max-video-preview:-1"},"canonical":"https:\/\/gysfm.com.ar\/inicio\/el-gobierno-anuncio-aumentos-para-empleadas-domesticas-y-una-nueva-revision-en-julio\/","og_locale":"es_ES","og_type":"article","og_title":"El Gobierno anunci\u00f3 aumentos para empleadas dom\u00e9sticas y una nueva revisi\u00f3n en julio - GYS NOTICIAS |","og_description":"El acuerdo establece subas acumulativas de 1,8% en abril, 1,6% en mayo, 1,5% en junio y 1,4% en julio. Adem\u00e1s, se incorporar\u00e1 a los b\u00e1sicos la suma no remunerativa de marzo y se actualizar\u00e1 el adicional por zona desfavorable. Depositphotos El Ministerio de Capital Humano inform\u00f3 que la Comisi\u00f3n de Trabajadoras de Casas Particulares acord\u00f3 [&hellip;]","og_url":"https:\/\/gysfm.com.ar\/inicio\/el-gobierno-anuncio-aumentos-para-empleadas-domesticas-y-una-nueva-revision-en-julio\/","og_site_name":"GYS NOTICIAS |","article_published_time":"2026-05-01T03:02:09+00:00","og_image":[{"url":"https:\/\/media.ambito.com\/p\/1d0ea10d3f24e54ac550f53ba9969bd5\/adjuntos\/239\/imagenes\/041\/475\/0041475712\/empleadas-domesticas-limpieza.jpg","type":"","width":"","height":""}],"author":"admin","twitter_card":"summary_large_image","twitter_misc":{"Escrito por":"admin","Tiempo de lectura":"2 minutos"},"schema":{"@context":"https:\/\/schema.org","@graph":[{"@type":"Article","@id":"https:\/\/gysfm.com.ar\/inicio\/el-gobierno-anuncio-aumentos-para-empleadas-domesticas-y-una-nueva-revision-en-julio\/#article","isPartOf":{"@id":"https:\/\/gysfm.com.ar\/inicio\/el-gobierno-anuncio-aumentos-para-empleadas-domesticas-y-una-nueva-revision-en-julio\/"},"author":{"name":"admin","@id":"https:\/\/gysfm.com.ar\/inicio\/#\/schema\/person\/5bedd7ecd35cc35548d89effafa23696"},"headline":"El Gobierno anunci\u00f3 aumentos para empleadas dom\u00e9sticas y una nueva revisi\u00f3n en julio","datePublished":"2026-05-01T03:02:09+00:00","mainEntityOfPage":{"@id":"https:\/\/gysfm.com.ar\/inicio\/el-gobierno-anuncio-aumentos-para-empleadas-domesticas-y-una-nueva-revision-en-julio\/"},"wordCount":418,"publisher":{"@id":"https:\/\/gysfm.com.ar\/inicio\/#organization"},"image":{"@id":"https:\/\/gysfm.com.ar\/inicio\/el-gobierno-anuncio-aumentos-para-empleadas-domesticas-y-una-nueva-revision-en-julio\/#primaryimage"},"thumbnailUrl":"https:\/\/gysfm.com.ar\/inicio\/wp-content\/uploads\/2026\/02\/empleadas-domesticas-limpieza.jpg","articleSection":["ECONOMIA"],"inLanguage":"es"},{"@type":"WebPage","@id":"https:\/\/gysfm.com.ar\/inicio\/el-gobierno-anuncio-aumentos-para-empleadas-domesticas-y-una-nueva-revision-en-julio\/","url":"https:\/\/gysfm.com.ar\/inicio\/el-gobierno-anuncio-aumentos-para-empleadas-domesticas-y-una-nueva-revision-en-julio\/","name":"El Gobierno anunci\u00f3 aumentos para empleadas dom\u00e9sticas y una nueva revisi\u00f3n en julio - GYS NOTICIAS |","isPartOf":{"@id":"https:\/\/gysfm.com.ar\/inicio\/#website"},"primaryImageOfPage":{"@id":"https:\/\/gysfm.com.ar\/inicio\/el-gobierno-anuncio-aumentos-para-empleadas-domesticas-y-una-nueva-revision-en-julio\/#primaryimage"},"image":{"@id":"https:\/\/gysfm.com.ar\/inicio\/el-gobierno-anuncio-aumentos-para-empleadas-domesticas-y-una-nueva-revision-en-julio\/#primaryimage"},"thumbnailUrl":"https:\/\/gysfm.com.ar\/inicio\/wp-content\/uploads\/2026\/02\/empleadas-domesticas-limpieza.jpg","datePublished":"2026-05-01T03:02:09+00:00","breadcrumb":{"@id":"https:\/\/gysfm.com.ar\/inicio\/el-gobierno-anuncio-aumentos-para-empleadas-domesticas-y-una-nueva-revision-en-julio\/#breadcrumb"},"inLanguage":"es","potentialAction":[{"@type":"ReadAction","target":["https:\/\/gysfm.com.ar\/inicio\/el-gobierno-anuncio-aumentos-para-empleadas-domesticas-y-una-nueva-revision-en-julio\/"]}]},{"@type":"ImageObject","inLanguage":"es","@id":"https:\/\/gysfm.com.ar\/inicio\/el-gobierno-anuncio-aumentos-para-empleadas-domesticas-y-una-nueva-revision-en-julio\/#primaryimage","url":"https:\/\/gysfm.com.ar\/inicio\/wp-content\/uploads\/2026\/02\/empleadas-domesticas-limpieza.jpg","contentUrl":"https:\/\/gysfm.com.ar\/inicio\/wp-content\/uploads\/2026\/02\/empleadas-domesticas-limpieza.jpg","width":1200,"height":675},{"@type":"BreadcrumbList","@id":"https:\/\/gysfm.com.ar\/inicio\/el-gobierno-anuncio-aumentos-para-empleadas-domesticas-y-una-nueva-revision-en-julio\/#breadcrumb","itemListElement":[{"@type":"ListItem","position":1,"name":"Portada","item":"https:\/\/gysfm.com.ar\/inicio\/"},{"@type":"ListItem","position":2,"name":"El Gobierno anunci\u00f3 aumentos para empleadas dom\u00e9sticas y una nueva revisi\u00f3n en julio"}]},{"@type":"WebSite","@id":"https:\/\/gysfm.com.ar\/inicio\/#website","url":"https:\/\/gysfm.com.ar\/inicio\/","name":"GYS NOTICIAS |","description":"DIARIO - RADIO ONLINE SAN JUAN ARGENTINA","publisher":{"@id":"https:\/\/gysfm.com.ar\/inicio\/#organization"},"potentialAction":[{"@type":"SearchAction","target":{"@type":"EntryPoint","urlTemplate":"https:\/\/gysfm.com.ar\/inicio\/?s={search_term_string}"},"query-input":{"@type":"PropertyValueSpecification","valueRequired":true,"valueName":"search_term_string"}}],"inLanguage":"es"},{"@type":"Organization","@id":"https:\/\/gysfm.com.ar\/inicio\/#organization","name":"GYS NOTICIAS |","url":"https:\/\/gysfm.com.ar\/inicio\/","logo":{"@type":"ImageObject","inLanguage":"es","@id":"https:\/\/gysfm.com.ar\/inicio\/#\/schema\/logo\/image\/","url":"https:\/\/gysfm.com.ar\/inicio\/wp-content\/uploads\/2023\/07\/LOGOGYS-OK.png","contentUrl":"https:\/\/gysfm.com.ar\/inicio\/wp-content\/uploads\/2023\/07\/LOGOGYS-OK.png","width":1170,"height":872,"caption":"GYS NOTICIAS |"},"image":{"@id":"https:\/\/gysfm.com.ar\/inicio\/#\/schema\/logo\/image\/"}},{"@type":"Person","@id":"https:\/\/gysfm.com.ar\/inicio\/#\/schema\/person\/5bedd7ecd35cc35548d89effafa23696","name":"admin","image":{"@type":"ImageObject","inLanguage":"es","@id":"https:\/\/gysfm.com.ar\/inicio\/#\/schema\/person\/image\/","url":"https:\/\/secure.gravatar.com\/avatar\/c331d312b5243fb64d5ba28108a447b27c925295129a363082c9ea52c28d32c2?s=96&d=mm&r=g","contentUrl":"https:\/\/secure.gravatar.com\/avatar\/c331d312b5243fb64d5ba28108a447b27c925295129a363082c9ea52c28d32c2?s=96&d=mm&r=g","caption":"admin"},"sameAs":["https:\/\/gysfm.com.ar\/inicio"],"url":"https:\/\/gysfm.com.ar\/inicio\/author\/admin\/"}]}},"_links":{"self":[{"href":"https:\/\/gysfm.com.ar\/inicio\/wp-json\/wp\/v2\/posts\/194005","targetHints":{"allow":["GET"]}}],"collection":[{"href":"https:\/\/gysfm.com.ar\/inicio\/wp-json\/wp\/v2\/posts"}],"about":[{"href":"https:\/\/gysfm.com.ar\/inicio\/wp-json\/wp\/v2\/types\/post"}],"author":[{"embeddable":true,"href":"https:\/\/gysfm.com.ar\/inicio\/wp-json\/wp\/v2\/users\/1"}],"replies":[{"embeddable":true,"href":"https:\/\/gysfm.com.ar\/inicio\/wp-json\/wp\/v2\/comments?post=194005"}],"version-history":[{"count":0,"href":"https:\/\/gysfm.com.ar\/inicio\/wp-json\/wp\/v2\/posts\/194005\/revisions"}],"wp:featuredmedia":[{"embeddable":true,"href":"https:\/\/gysfm.com.ar\/inicio\/wp-json\/wp\/v2\/media\/184838"}],"wp:attachment":[{"href":"https:\/\/gysfm.com.ar\/inicio\/wp-json\/wp\/v2\/media?parent=194005"}],"wp:term":[{"taxonomy":"category","embeddable":true,"href":"https:\/\/gysfm.com.ar\/inicio\/wp-json\/wp\/v2\/categories?post=194005"},{"taxonomy":"post_tag","embeddable":true,"href":"https:\/\/gysfm.com.ar\/inicio\/wp-json\/wp\/v2\/tags?post=194005"}],"curies":[{"name":"wp","href":"https:\/\/api.w.org\/{rel}","templated":true}]}}