{"id":194004,"date":"2026-04-30T23:54:04","date_gmt":"2026-05-01T02:54:04","guid":{"rendered":"https:\/\/gysfm.com.ar\/inicio\/advierten-por-la-caida-de-pasajeros-en-colectivos\/"},"modified":"2026-04-30T23:54:04","modified_gmt":"2026-05-01T02:54:04","slug":"advierten-por-la-caida-de-pasajeros-en-colectivos","status":"publish","type":"post","link":"https:\/\/gysfm.com.ar\/inicio\/advierten-por-la-caida-de-pasajeros-en-colectivos\/","title":{"rendered":"Advierten por la ca\u00edda de pasajeros en colectivos"},"content":{"rendered":"<p><\/p>\n<div id=\"article-content\">\n<p>El<a target=\"_blank\" href=\"https:\/\/www.perfil.com\/noticias\/reperfilar\/realizan-pruebas-de-taxis-aereos-electricos-en-nueva-york.phtml\"><strong> transporte p\u00fablico de pasajeros atraviesa un escenario de retracci\u00f3n<\/strong><\/a> que comienza a encender se\u00f1ales de alerta en el sector. Empresarios y especialistas advierten por una <strong>marcada ca\u00edda en la cantidad de usuarios de colectivos en distintas \u00e1reas urbanas del pa\u00eds,<\/strong> una tendencia que se consolid\u00f3 en los \u00faltimos meses y que impacta tanto en la rentabilidad de las empresas como en la sostenibilidad del sistema.<\/p>\n<p>Seg\u00fan datos relevados por c\u00e1maras del sector, el<strong> descenso en la demanda responde a m\u00faltiples factores.<\/strong> Entre ellos, se destacan el aumento del costo del boleto, la p\u00e9rdida del poder adquisitivo de los salarios y cambios en los h\u00e1bitos de movilidad, con un mayor uso de alternativas como bicicletas, aplicaciones de transporte o incluso el teletrabajo, que reduce la necesidad de traslados diarios.<\/p>\n<p>Desde las empresas de transporte se\u00f1alan que<strong> la baja en la cantidad de pasajeros complica la estructura econ\u00f3mica del sistema. \u201cHay menos usuarios, pero los costos operativos siguen en alza, especialmente por el combustible, los repuestos y los salarios\u201d,<\/strong> explicaron fuentes del sector, que advierten que la situaci\u00f3n podr\u00eda derivar en recortes de frecuencias si no se implementan medidas de compensaci\u00f3n.<\/p>\n<div class=\"subscription\">\n<p>\n        Esto no les gusta a los autoritarios\n    <\/p>\n<div class=\"subscription__container\">\n<div class=\"subscription__text-wrapper\">\n<p>\n                El ejercicio del periodismo profesional y cr\u00edtico es un pilar fundamental de la democracia. Por eso molesta a quienes creen ser los due\u00f1os de la verdad.\n            <\/p>\n<\/p><\/div><\/div>\n<\/div>\n<p><iframe id=\"vrudo\" class=\"vrudo\" src=\"https:\/\/rudo.video\/vod\/czG5MQxeQ9G?volume=0\" width=\"100%\" height=\"100%\" allowscriptaccess=\"always\" allowfullscreen=\"true\" webkitallowfullscreen=\"true\" frameborder=\"0\" scrolling=\"no\" allow=\"autoplay; fullscreen\" loading=\"lazy\" title=\"Contenido embebido\"><\/iframe><\/p>\n<p>En paralelo, especialistas en movilidad urbana remarcan que la <strong>ca\u00edda tambi\u00e9n refleja un deterioro en la calidad del servicio<\/strong>. Menores frecuencias, unidades m\u00e1s antiguas y recorridos menos eficientes generan un c\u00edrculo vicioso: menos pasajeros implican menos ingresos y, por ende, menor inversi\u00f3n, lo que a su vez desalienta el uso del colectivo.<\/p>\n<p>El <strong>fen\u00f3meno no es exclusivo de una regi\u00f3n, aunque en el \u00c1rea Metropolitana de Buenos Aires (AMBA) se observa con mayor intensidad debido a su volumen de usuarios.<\/strong> En el interior del pa\u00eds, la situaci\u00f3n tambi\u00e9n genera preocupaci\u00f3n, especialmente en ciudades donde el colectivo es el principal medio de transporte p\u00fablico.<\/p>\n<p>Ante este panorama, distintos actores del <strong>sector reclaman pol\u00edticas integrales que incentiven el uso del transporte p\u00fablico, como subsidios focalizados, mejoras en la infraestructura y estrategias que prioricen la movilidad sustentable<\/strong>. \u201cEl colectivo sigue siendo clave para la movilidad urbana, pero necesita adaptarse a una nueva realidad\u201d, sostienen.<\/p>\n<p>Mientras tanto, la ca\u00edda en la cantidad de pasajeros contin\u00faa siendo un indicador sensible del contexto econ\u00f3mico y social, y plantea interrogantes sobre el futuro del sistema de transporte p\u00fablico en la Argentina.<\/p>\n<\/p><\/div>\n<p><script>\n                !function(f,b,e,v,n,t,s)\n                {if(f.fbq)return;n=f.fbq=function(){n.callMethod?\n                    n.callMethod.apply(n,arguments):n.queue.push(arguments)};\n                    if(!f._fbq)f._fbq=n;n.push=n;n.loaded=!0;n.version='2.0';\n                    n.queue=[];t=b.createElement(e);t.async=!0;\n                    t.src=v;s=b.getElementsByTagName(e)[0];\n                    s.parentNode.insertBefore(t,s)}(window, document,'script',\n                    'https:\/\/connect.facebook.net\/en_US\/fbevents.js');\n                window.paywallConfig.facebook_pixel=\"1000228364089342\"\n            <\/script><\/p>\n","protected":false},"excerpt":{"rendered":"<p>El transporte p\u00fablico de pasajeros atraviesa un escenario de retracci\u00f3n que comienza a encender se\u00f1ales de alerta en el sector. Empresarios y especialistas advierten por una marcada ca\u00edda en la cantidad de usuarios de colectivos en distintas \u00e1reas urbanas del pa\u00eds, una tendencia que se consolid\u00f3 en los \u00faltimos meses y que impacta tanto en [&hellip;]<\/p>\n","protected":false},"author":2,"featured_media":189873,"comment_status":"closed","ping_status":"closed","sticky":false,"template":"","format":"standard","meta":{"footnotes":""},"categories":[25],"tags":[],"class_list":["post-194004","post","type-post","status-publish","format-standard","has-post-thumbnail","hentry","category-nacionales"],"yoast_head":"<!-- This site is optimized with the Yoast SEO plugin v24.4 - https:\/\/yoast.com\/wordpress\/plugins\/seo\/ -->\n<title>Advierten por la ca\u00edda de pasajeros en colectivos - GYS NOTICIAS |<\/title>\n<meta name=\"robots\" content=\"index, follow, max-snippet:-1, max-image-preview:large, max-video-preview:-1\" \/>\n<link rel=\"canonical\" href=\"https:\/\/gysfm.com.ar\/inicio\/advierten-por-la-caida-de-pasajeros-en-colectivos\/\" \/>\n<meta property=\"og:locale\" content=\"es_ES\" \/>\n<meta property=\"og:type\" content=\"article\" \/>\n<meta property=\"og:title\" content=\"Advierten por la ca\u00edda de pasajeros en colectivos - GYS NOTICIAS |\" \/>\n<meta property=\"og:description\" content=\"El transporte p\u00fablico de pasajeros atraviesa un escenario de retracci\u00f3n que comienza a encender se\u00f1ales de alerta en el sector. Empresarios y especialistas advierten por una marcada ca\u00edda en la cantidad de usuarios de colectivos en distintas \u00e1reas urbanas del pa\u00eds, una tendencia que se consolid\u00f3 en los \u00faltimos meses y que impacta tanto en [&hellip;]\" \/>\n<meta property=\"og:url\" content=\"https:\/\/gysfm.com.ar\/inicio\/advierten-por-la-caida-de-pasajeros-en-colectivos\/\" \/>\n<meta property=\"og:site_name\" content=\"GYS NOTICIAS |\" \/>\n<meta property=\"article:published_time\" content=\"2026-05-01T02:54:04+00:00\" \/>\n<meta name=\"author\" content=\"Prensa G&amp;S FM\" \/>\n<meta name=\"twitter:card\" content=\"summary_large_image\" \/>\n<meta name=\"twitter:label1\" content=\"Escrito por\" \/>\n\t<meta name=\"twitter:data1\" content=\"Prensa G&amp;S FM\" \/>\n\t<meta name=\"twitter:label2\" content=\"Tiempo de lectura\" \/>\n\t<meta name=\"twitter:data2\" content=\"2 minutos\" \/>\n<script type=\"application\/ld+json\" class=\"yoast-schema-graph\">{\"@context\":\"https:\/\/schema.org\",\"@graph\":[{\"@type\":\"Article\",\"@id\":\"https:\/\/gysfm.com.ar\/inicio\/advierten-por-la-caida-de-pasajeros-en-colectivos\/#article\",\"isPartOf\":{\"@id\":\"https:\/\/gysfm.com.ar\/inicio\/advierten-por-la-caida-de-pasajeros-en-colectivos\/\"},\"author\":{\"name\":\"Prensa G&amp;S FM\",\"@id\":\"https:\/\/gysfm.com.ar\/inicio\/#\/schema\/person\/3abba7593ef2ad19e1be221d54383dc5\"},\"headline\":\"Advierten por la ca\u00edda de pasajeros en colectivos\",\"datePublished\":\"2026-05-01T02:54:04+00:00\",\"mainEntityOfPage\":{\"@id\":\"https:\/\/gysfm.com.ar\/inicio\/advierten-por-la-caida-de-pasajeros-en-colectivos\/\"},\"wordCount\":451,\"publisher\":{\"@id\":\"https:\/\/gysfm.com.ar\/inicio\/#organization\"},\"image\":{\"@id\":\"https:\/\/gysfm.com.ar\/inicio\/advierten-por-la-caida-de-pasajeros-en-colectivos\/#primaryimage\"},\"thumbnailUrl\":\"https:\/\/gysfm.com.ar\/inicio\/wp-content\/uploads\/2026\/04\/colectivos-en-el-amba-2215958.jpg\",\"articleSection\":[\"NACIONALES\"],\"inLanguage\":\"es\"},{\"@type\":\"WebPage\",\"@id\":\"https:\/\/gysfm.com.ar\/inicio\/advierten-por-la-caida-de-pasajeros-en-colectivos\/\",\"url\":\"https:\/\/gysfm.com.ar\/inicio\/advierten-por-la-caida-de-pasajeros-en-colectivos\/\",\"name\":\"Advierten por la ca\u00edda de pasajeros en colectivos - GYS NOTICIAS |\",\"isPartOf\":{\"@id\":\"https:\/\/gysfm.com.ar\/inicio\/#website\"},\"primaryImageOfPage\":{\"@id\":\"https:\/\/gysfm.com.ar\/inicio\/advierten-por-la-caida-de-pasajeros-en-colectivos\/#primaryimage\"},\"image\":{\"@id\":\"https:\/\/gysfm.com.ar\/inicio\/advierten-por-la-caida-de-pasajeros-en-colectivos\/#primaryimage\"},\"thumbnailUrl\":\"https:\/\/gysfm.com.ar\/inicio\/wp-content\/uploads\/2026\/04\/colectivos-en-el-amba-2215958.jpg\",\"datePublished\":\"2026-05-01T02:54:04+00:00\",\"breadcrumb\":{\"@id\":\"https:\/\/gysfm.com.ar\/inicio\/advierten-por-la-caida-de-pasajeros-en-colectivos\/#breadcrumb\"},\"inLanguage\":\"es\",\"potentialAction\":[{\"@type\":\"ReadAction\",\"target\":[\"https:\/\/gysfm.com.ar\/inicio\/advierten-por-la-caida-de-pasajeros-en-colectivos\/\"]}]},{\"@type\":\"ImageObject\",\"inLanguage\":\"es\",\"@id\":\"https:\/\/gysfm.com.ar\/inicio\/advierten-por-la-caida-de-pasajeros-en-colectivos\/#primaryimage\",\"url\":\"https:\/\/gysfm.com.ar\/inicio\/wp-content\/uploads\/2026\/04\/colectivos-en-el-amba-2215958.jpg\",\"contentUrl\":\"https:\/\/gysfm.com.ar\/inicio\/wp-content\/uploads\/2026\/04\/colectivos-en-el-amba-2215958.jpg\",\"width\":1140,\"height\":641},{\"@type\":\"BreadcrumbList\",\"@id\":\"https:\/\/gysfm.com.ar\/inicio\/advierten-por-la-caida-de-pasajeros-en-colectivos\/#breadcrumb\",\"itemListElement\":[{\"@type\":\"ListItem\",\"position\":1,\"name\":\"Portada\",\"item\":\"https:\/\/gysfm.com.ar\/inicio\/\"},{\"@type\":\"ListItem\",\"position\":2,\"name\":\"Advierten por la ca\u00edda de pasajeros en colectivos\"}]},{\"@type\":\"WebSite\",\"@id\":\"https:\/\/gysfm.com.ar\/inicio\/#website\",\"url\":\"https:\/\/gysfm.com.ar\/inicio\/\",\"name\":\"GYS NOTICIAS |\",\"description\":\"DIARIO - RADIO ONLINE SAN JUAN ARGENTINA\",\"publisher\":{\"@id\":\"https:\/\/gysfm.com.ar\/inicio\/#organization\"},\"potentialAction\":[{\"@type\":\"SearchAction\",\"target\":{\"@type\":\"EntryPoint\",\"urlTemplate\":\"https:\/\/gysfm.com.ar\/inicio\/?s={search_term_string}\"},\"query-input\":{\"@type\":\"PropertyValueSpecification\",\"valueRequired\":true,\"valueName\":\"search_term_string\"}}],\"inLanguage\":\"es\"},{\"@type\":\"Organization\",\"@id\":\"https:\/\/gysfm.com.ar\/inicio\/#organization\",\"name\":\"GYS NOTICIAS |\",\"url\":\"https:\/\/gysfm.com.ar\/inicio\/\",\"logo\":{\"@type\":\"ImageObject\",\"inLanguage\":\"es\",\"@id\":\"https:\/\/gysfm.com.ar\/inicio\/#\/schema\/logo\/image\/\",\"url\":\"https:\/\/gysfm.com.ar\/inicio\/wp-content\/uploads\/2023\/07\/LOGOGYS-OK.png\",\"contentUrl\":\"https:\/\/gysfm.com.ar\/inicio\/wp-content\/uploads\/2023\/07\/LOGOGYS-OK.png\",\"width\":1170,\"height\":872,\"caption\":\"GYS NOTICIAS |\"},\"image\":{\"@id\":\"https:\/\/gysfm.com.ar\/inicio\/#\/schema\/logo\/image\/\"}},{\"@type\":\"Person\",\"@id\":\"https:\/\/gysfm.com.ar\/inicio\/#\/schema\/person\/3abba7593ef2ad19e1be221d54383dc5\",\"name\":\"Prensa G&amp;S FM\",\"image\":{\"@type\":\"ImageObject\",\"inLanguage\":\"es\",\"@id\":\"https:\/\/gysfm.com.ar\/inicio\/#\/schema\/person\/image\/\",\"url\":\"https:\/\/secure.gravatar.com\/avatar\/096ec78df02049ab018702bb4ccedf659377fa92a26540b5247612077a0dbd29?s=96&d=mm&r=g\",\"contentUrl\":\"https:\/\/secure.gravatar.com\/avatar\/096ec78df02049ab018702bb4ccedf659377fa92a26540b5247612077a0dbd29?s=96&d=mm&r=g\",\"caption\":\"Prensa G&amp;S FM\"},\"sameAs\":[\"https:\/\/gysfm.com.ar\/\"],\"url\":\"https:\/\/gysfm.com.ar\/inicio\/author\/lucasm\/\"}]}<\/script>\n<!-- \/ Yoast SEO plugin. -->","yoast_head_json":{"title":"Advierten por la ca\u00edda de pasajeros en colectivos - GYS NOTICIAS |","robots":{"index":"index","follow":"follow","max-snippet":"max-snippet:-1","max-image-preview":"max-image-preview:large","max-video-preview":"max-video-preview:-1"},"canonical":"https:\/\/gysfm.com.ar\/inicio\/advierten-por-la-caida-de-pasajeros-en-colectivos\/","og_locale":"es_ES","og_type":"article","og_title":"Advierten por la ca\u00edda de pasajeros en colectivos - GYS NOTICIAS |","og_description":"El transporte p\u00fablico de pasajeros atraviesa un escenario de retracci\u00f3n que comienza a encender se\u00f1ales de alerta en el sector. Empresarios y especialistas advierten por una marcada ca\u00edda en la cantidad de usuarios de colectivos en distintas \u00e1reas urbanas del pa\u00eds, una tendencia que se consolid\u00f3 en los \u00faltimos meses y que impacta tanto en [&hellip;]","og_url":"https:\/\/gysfm.com.ar\/inicio\/advierten-por-la-caida-de-pasajeros-en-colectivos\/","og_site_name":"GYS NOTICIAS |","article_published_time":"2026-05-01T02:54:04+00:00","author":"Prensa G&amp;S FM","twitter_card":"summary_large_image","twitter_misc":{"Escrito por":"Prensa G&amp;S FM","Tiempo de lectura":"2 minutos"},"schema":{"@context":"https:\/\/schema.org","@graph":[{"@type":"Article","@id":"https:\/\/gysfm.com.ar\/inicio\/advierten-por-la-caida-de-pasajeros-en-colectivos\/#article","isPartOf":{"@id":"https:\/\/gysfm.com.ar\/inicio\/advierten-por-la-caida-de-pasajeros-en-colectivos\/"},"author":{"name":"Prensa G&amp;S FM","@id":"https:\/\/gysfm.com.ar\/inicio\/#\/schema\/person\/3abba7593ef2ad19e1be221d54383dc5"},"headline":"Advierten por la ca\u00edda de pasajeros en colectivos","datePublished":"2026-05-01T02:54:04+00:00","mainEntityOfPage":{"@id":"https:\/\/gysfm.com.ar\/inicio\/advierten-por-la-caida-de-pasajeros-en-colectivos\/"},"wordCount":451,"publisher":{"@id":"https:\/\/gysfm.com.ar\/inicio\/#organization"},"image":{"@id":"https:\/\/gysfm.com.ar\/inicio\/advierten-por-la-caida-de-pasajeros-en-colectivos\/#primaryimage"},"thumbnailUrl":"https:\/\/gysfm.com.ar\/inicio\/wp-content\/uploads\/2026\/04\/colectivos-en-el-amba-2215958.jpg","articleSection":["NACIONALES"],"inLanguage":"es"},{"@type":"WebPage","@id":"https:\/\/gysfm.com.ar\/inicio\/advierten-por-la-caida-de-pasajeros-en-colectivos\/","url":"https:\/\/gysfm.com.ar\/inicio\/advierten-por-la-caida-de-pasajeros-en-colectivos\/","name":"Advierten por la ca\u00edda de pasajeros en colectivos - GYS NOTICIAS |","isPartOf":{"@id":"https:\/\/gysfm.com.ar\/inicio\/#website"},"primaryImageOfPage":{"@id":"https:\/\/gysfm.com.ar\/inicio\/advierten-por-la-caida-de-pasajeros-en-colectivos\/#primaryimage"},"image":{"@id":"https:\/\/gysfm.com.ar\/inicio\/advierten-por-la-caida-de-pasajeros-en-colectivos\/#primaryimage"},"thumbnailUrl":"https:\/\/gysfm.com.ar\/inicio\/wp-content\/uploads\/2026\/04\/colectivos-en-el-amba-2215958.jpg","datePublished":"2026-05-01T02:54:04+00:00","breadcrumb":{"@id":"https:\/\/gysfm.com.ar\/inicio\/advierten-por-la-caida-de-pasajeros-en-colectivos\/#breadcrumb"},"inLanguage":"es","potentialAction":[{"@type":"ReadAction","target":["https:\/\/gysfm.com.ar\/inicio\/advierten-por-la-caida-de-pasajeros-en-colectivos\/"]}]},{"@type":"ImageObject","inLanguage":"es","@id":"https:\/\/gysfm.com.ar\/inicio\/advierten-por-la-caida-de-pasajeros-en-colectivos\/#primaryimage","url":"https:\/\/gysfm.com.ar\/inicio\/wp-content\/uploads\/2026\/04\/colectivos-en-el-amba-2215958.jpg","contentUrl":"https:\/\/gysfm.com.ar\/inicio\/wp-content\/uploads\/2026\/04\/colectivos-en-el-amba-2215958.jpg","width":1140,"height":641},{"@type":"BreadcrumbList","@id":"https:\/\/gysfm.com.ar\/inicio\/advierten-por-la-caida-de-pasajeros-en-colectivos\/#breadcrumb","itemListElement":[{"@type":"ListItem","position":1,"name":"Portada","item":"https:\/\/gysfm.com.ar\/inicio\/"},{"@type":"ListItem","position":2,"name":"Advierten por la ca\u00edda de pasajeros en colectivos"}]},{"@type":"WebSite","@id":"https:\/\/gysfm.com.ar\/inicio\/#website","url":"https:\/\/gysfm.com.ar\/inicio\/","name":"GYS NOTICIAS |","description":"DIARIO - RADIO ONLINE SAN JUAN ARGENTINA","publisher":{"@id":"https:\/\/gysfm.com.ar\/inicio\/#organization"},"potentialAction":[{"@type":"SearchAction","target":{"@type":"EntryPoint","urlTemplate":"https:\/\/gysfm.com.ar\/inicio\/?s={search_term_string}"},"query-input":{"@type":"PropertyValueSpecification","valueRequired":true,"valueName":"search_term_string"}}],"inLanguage":"es"},{"@type":"Organization","@id":"https:\/\/gysfm.com.ar\/inicio\/#organization","name":"GYS NOTICIAS |","url":"https:\/\/gysfm.com.ar\/inicio\/","logo":{"@type":"ImageObject","inLanguage":"es","@id":"https:\/\/gysfm.com.ar\/inicio\/#\/schema\/logo\/image\/","url":"https:\/\/gysfm.com.ar\/inicio\/wp-content\/uploads\/2023\/07\/LOGOGYS-OK.png","contentUrl":"https:\/\/gysfm.com.ar\/inicio\/wp-content\/uploads\/2023\/07\/LOGOGYS-OK.png","width":1170,"height":872,"caption":"GYS NOTICIAS |"},"image":{"@id":"https:\/\/gysfm.com.ar\/inicio\/#\/schema\/logo\/image\/"}},{"@type":"Person","@id":"https:\/\/gysfm.com.ar\/inicio\/#\/schema\/person\/3abba7593ef2ad19e1be221d54383dc5","name":"Prensa G&amp;S FM","image":{"@type":"ImageObject","inLanguage":"es","@id":"https:\/\/gysfm.com.ar\/inicio\/#\/schema\/person\/image\/","url":"https:\/\/secure.gravatar.com\/avatar\/096ec78df02049ab018702bb4ccedf659377fa92a26540b5247612077a0dbd29?s=96&d=mm&r=g","contentUrl":"https:\/\/secure.gravatar.com\/avatar\/096ec78df02049ab018702bb4ccedf659377fa92a26540b5247612077a0dbd29?s=96&d=mm&r=g","caption":"Prensa G&amp;S FM"},"sameAs":["https:\/\/gysfm.com.ar\/"],"url":"https:\/\/gysfm.com.ar\/inicio\/author\/lucasm\/"}]}},"_links":{"self":[{"href":"https:\/\/gysfm.com.ar\/inicio\/wp-json\/wp\/v2\/posts\/194004","targetHints":{"allow":["GET"]}}],"collection":[{"href":"https:\/\/gysfm.com.ar\/inicio\/wp-json\/wp\/v2\/posts"}],"about":[{"href":"https:\/\/gysfm.com.ar\/inicio\/wp-json\/wp\/v2\/types\/post"}],"author":[{"embeddable":true,"href":"https:\/\/gysfm.com.ar\/inicio\/wp-json\/wp\/v2\/users\/2"}],"replies":[{"embeddable":true,"href":"https:\/\/gysfm.com.ar\/inicio\/wp-json\/wp\/v2\/comments?post=194004"}],"version-history":[{"count":0,"href":"https:\/\/gysfm.com.ar\/inicio\/wp-json\/wp\/v2\/posts\/194004\/revisions"}],"wp:featuredmedia":[{"embeddable":true,"href":"https:\/\/gysfm.com.ar\/inicio\/wp-json\/wp\/v2\/media\/189873"}],"wp:attachment":[{"href":"https:\/\/gysfm.com.ar\/inicio\/wp-json\/wp\/v2\/media?parent=194004"}],"wp:term":[{"taxonomy":"category","embeddable":true,"href":"https:\/\/gysfm.com.ar\/inicio\/wp-json\/wp\/v2\/categories?post=194004"},{"taxonomy":"post_tag","embeddable":true,"href":"https:\/\/gysfm.com.ar\/inicio\/wp-json\/wp\/v2\/tags?post=194004"}],"curies":[{"name":"wp","href":"https:\/\/api.w.org\/{rel}","templated":true}]}}