{"id":194001,"date":"2026-04-30T23:45:05","date_gmt":"2026-05-01T02:45:05","guid":{"rendered":"https:\/\/gysfm.com.ar\/inicio\/hablo-el-lider-de-iran-mojtaba-khamenei-y-mando-una-nueva-advertencia-a-trump\/"},"modified":"2026-04-30T23:45:07","modified_gmt":"2026-05-01T02:45:07","slug":"hablo-el-lider-de-iran-mojtaba-khamenei-y-mando-una-nueva-advertencia-a-trump","status":"publish","type":"post","link":"https:\/\/gysfm.com.ar\/inicio\/hablo-el-lider-de-iran-mojtaba-khamenei-y-mando-una-nueva-advertencia-a-trump\/","title":{"rendered":"Habl\u00f3 el l\u00edder de Ir\u00e1n, Mojtaba Khamenei, y mand\u00f3 una nueva advertencia a Trump"},"content":{"rendered":"<p> <br \/>\n<\/p>\n<div>\n<p class=\"com-paragraph  --capital --s\">DUB\u00c1I (AP).- El l\u00edder supremo de <a href=\"https:\/\/www.lanacion.com.ar\/el-mundo\/guerra-de-estados-unidos-e-israel-contra-iran-en-vivo-tension-en-medio-oriente-hoy-jueves-30-de-nid30042026\/\" target=\"_self\" title=\"https:\/\/www.lanacion.com.ar\/el-mundo\/guerra-de-estados-unidos-e-israel-contra-iran-en-vivo-tension-en-medio-oriente-hoy-jueves-30-de-nid30042026\/\" class=\"com-link break-word\" data-mrf-recirculation=\"n_link_parrafo\"><strong>Ir\u00e1n<\/strong><\/a>, el ayatollah<a href=\"https:\/\/www.lanacion.com.ar\/el-mundo\/el-nuevo-lider-supremo-de-iran-presenta-heridas-graves-y-esta-desfigurado-segun-fuentes-cercanas-nid11042026\/\" target=\"_self\" title=\"https:\/\/www.lanacion.com.ar\/el-mundo\/el-nuevo-lider-supremo-de-iran-presenta-heridas-graves-y-esta-desfigurado-segun-fuentes-cercanas-nid11042026\/\" class=\"com-link break-word\" data-mrf-recirculation=\"n_link_parrafo\"> <strong>Mojtaba Khamenei, <\/strong><\/a>afirm\u00f3 este jueves que la Rep\u00fablica Isl\u00e1mica proteger\u00e1 sus \u201ccapacidades nucleares y de misiles\u201d como un activo nacional, mientras el presidente de Estados Unidos, <a href=\"https:\/\/www.lanacion.com.ar\/el-mundo\/trump-lanzo-una-amenaza-a-iran-y-compartio-una-imagen-suya-con-un-fusil-creada-con-ia-nid29042026\/\" target=\"_self\" title=\"https:\/\/www.lanacion.com.ar\/el-mundo\/trump-lanzo-una-amenaza-a-iran-y-compartio-una-imagen-suya-con-un-fusil-creada-con-ia-nid29042026\/\" class=\"com-link break-word\" data-mrf-recirculation=\"n_link_parrafo\"><strong>Donald Trump<\/strong><\/a>, busca alcanzar un acuerdo para dar fin a la guerra que ya lleva dos meses. Adem\u00e1s, sobre el <strong>estrecho de Ormuz<\/strong>, el titular del r\u00e9gimen adopt\u00f3 un tono desafiante y dijo que el \u00fanico lugar de los estadounidenses en el golfo P\u00e9rsico es <strong>\u201cen el fondo de sus aguas\u201d.<\/strong><\/p>\n<p class=\"com-paragraph   --s\">El <strong>ayatollah <\/strong>se pronunci\u00f3 en una declaraci\u00f3n le\u00edda en la televisora estatal iran\u00ed, como hizo desde que asumi\u00f3 el poder tras el ataque a\u00e9reo del <strong>28 de febrero que mat\u00f3 a su padre, el Ali Khamenei, de 86 a\u00f1os.<\/strong><\/p>\n<div class=\"content-media\">\n<section role=\"button\" class=\"mod-media   \">\n<figure role=\"button\" tabindex=\"0\" class=\"mod-figure \"><figcaption class=\"mod-figcaption\"><span class=\"com-text --caption --twoxs\">Manifestantes progubernamentales ondean banderas iran\u00edes durante una concentraci\u00f3n en Teher\u00e1n, Ir\u00e1n<\/span><span class=\"com-text --credit --twoxs\">Vahid Salemi &#8211; AP<\/span><\/figcaption><\/figure>\n<\/section>\n<\/div>\n<p class=\"com-paragraph   --s\">\u201c<strong>90 millones de iran\u00edes orgullosos y honorables<\/strong>, tanto dentro como fuera del pa\u00eds, consideran todas las capacidades identitarias, espirituales, humanas, cient\u00edficas, industriales y tecnol\u00f3gicas de Ir\u00e1n, desde la nanotecnolog\u00eda y la biotecnolog\u00eda hasta las nucleares y de misiles, como activos nacionales y las proteger\u00e1n tal como protegen las aguas, la tierra y el espacio a\u00e9reo del pa\u00eds\u201d, dijo Khamenei.<\/p>\n<p class=\"com-paragraph   --s\">Sostuvo tambi\u00e9n que <strong>el \u00fanico lugar al que pertenecen los estadounidenses <\/strong>en el golfo P\u00e9rsico <strong>es \u201cen el fondo de sus aguas\u201d<\/strong>, mientras <a href=\"https:\/\/www.lanacion.com.ar\/el-mundo\/iran-exhibe-su-control-sobre-el-estrecho-de-ormuz-tras-el-colapso-de-las-negociaciones-de-paz-nid23042026\/\" target=\"_self\" title=\"https:\/\/www.lanacion.com.ar\/el-mundo\/iran-exhibe-su-control-sobre-el-estrecho-de-ormuz-tras-el-colapso-de-las-negociaciones-de-paz-nid23042026\/\" class=\"com-link break-word\" data-mrf-recirculation=\"n_link_parrafo\">el estrecho de Ormuz sigue bajo el control de Teher\u00e1n<\/a>, que no permite a los barcos cruzar. <\/p>\n<p class=\"com-paragraph   --s\">\u201cNosotros y nuestros vecinos al otro lado de las aguas del golfo P\u00e9rsico y del (golfo) de Om\u00e1n compartimos un destino com\u00fan. Los extranjeros que vienen desde miles de kil\u00f3metros de distancia para actuar con codicia y malicia no tienen cabida en \u00e9l -excepto en el fondo de sus aguas\u201d, amenaz\u00f3.<\/p>\n<div class=\"content-media cursor-pointer container-center-100\">\n<section class=\"media-container relative ratio-16-9 mod-media pb-32\">\n<figure class=\"mod-video\">\n<div class=\"video-player bg-black ratio-16-9\" data-has-jwplayer=\"true\" data-video-id-jw=\"GUcSArFP\" data-config=\"{&quot;title&quot;:&quot;El momento en que los miembros de la Guardia Revolucionaria suben al buque enmascarados&quot;,&quot;mediaId&quot;:&quot;GUcSArFP&quot;,&quot;playerId&quot;:&quot;ih0086X3&quot;,&quot;playlist&quot;:[{&quot;mediaid&quot;:&quot;GUcSArFP&quot;,&quot;sources&quot;:[{&quot;file&quot;:&quot;https:\/\/cdn.jwplayer.com\/manifests\/GUcSArFP.m3u8&quot;,&quot;type&quot;:&quot;application\/vnd.apple.mpegurl&quot;},{&quot;bitrate&quot;:265591,&quot;file&quot;:&quot;https:\/\/cdn.jwplayer.com\/videos\/GUcSArFP-kTExGaWf.mp4&quot;,&quot;filesize&quot;:4282655,&quot;framerate&quot;:30,&quot;height&quot;:182,&quot;label&quot;:&quot;180p&quot;,&quot;type&quot;:&quot;video\/mp4&quot;,&quot;width&quot;:320},{&quot;bitrate&quot;:384644,&quot;file&quot;:&quot;https:\/\/cdn.jwplayer.com\/videos\/GUcSArFP-K8B0kybS.mp4&quot;,&quot;filesize&quot;:6202386,&quot;framerate&quot;:30,&quot;height&quot;:272,&quot;label&quot;:&quot;270p&quot;,&quot;type&quot;:&quot;video\/mp4&quot;,&quot;width&quot;:480},{&quot;bitrate&quot;:114131,&quot;file&quot;:&quot;https:\/\/cdn.jwplayer.com\/videos\/GUcSArFP-hz5z2Tv4.m4a&quot;,&quot;filesize&quot;:1840372,&quot;label&quot;:&quot;AAC Audio&quot;,&quot;type&quot;:&quot;audio\/mp4&quot;},{&quot;bitrate&quot;:453572,&quot;file&quot;:&quot;https:\/\/cdn.jwplayer.com\/videos\/GUcSArFP-FnZGUVnC.mp4&quot;,&quot;filesize&quot;:7313856,&quot;framerate&quot;:30,&quot;height&quot;:362,&quot;label&quot;:&quot;360p&quot;,&quot;type&quot;:&quot;video\/mp4&quot;,&quot;width&quot;:640}]}],&quot;hasAutoplay&quot;:false,&quot;autostart&quot;:true,&quot;tagsUrl&quot;:&quot;https:\/\/pubads.g.doubleclick.net\/gampad\/ads?slotname=\/133919216\/la_nacion_video\/nota\/preroll&amp;sz=640x480|400x300&amp;ciu_szs=300x250&amp;unviewed_position_start=1&amp;output=vast&amp;impl=s&amp;env=vp&amp;gdfp_req=1&amp;ad_rule=0&amp;vad_type=linear&amp;vpos=preroll&amp;cust_params=tags_nuevos%3Dte_guerra_en_medio_oriente%2Cte_iran%2Cte_estados_unidos%2Cte_donald_trump%2Cca_el_mundo%2C%2CKKIDKCS25ZH2DIMHNK6TNWLPRU&amp;pod=3&amp;ppos=1&amp;lip=true&amp;min_ad_duration=0&amp;max_ad_duration=30000&amp;vrid=6256&amp;url=https%3A%2F%2Fwww.lanacion.com.ar%2Fel-mundo%2Fmojtaba-khamenei-hablo-en-la-television-irani-y-mando-una-nueva-advertencia-a-trump-nid30042026%2F%3Fvariant%3DA&amp;description_url=https%3A%2F%2Fwww.lanacion.com.ar%2Fel-mundo%2Fmojtaba-khamenei-hablo-en-la-television-irani-y-mando-una-nueva-advertencia-a-trump-nid30042026%2F%3Fvariant%3DA&amp;video_doc_id=short_onecue&amp;cmsid=496&amp;kfa=0&amp;tfcd=0&amp;correlator=1777602678569&quot;,&quot;arcSite&quot;:&quot;la-nacion-ar&quot;,&quot;duration&quot;:&quot;129000&quot;}\">\n<div id=\"facade-GUcSArFP\" class=\"content-facade-jw relative bg-black ratio-16-9\"><picture><source media=\"(max-width: 767px)\" srcset=\"https:\/\/resizer.glanacion.com\/resizer\/v2\/https%3A%2F%2Fcdn.jwplayer.com%2Fv2%2Fmedia%2FGUcSArFP%2Fposter.jpg%3Fwidth%3D720?auth=dfd607f6881ca99ecb83fd60364c7457c6c086b6fc94e899805aebc8ad23be7d&amp;width=480&amp;quality=70&amp;smart=false\"\/><\/picture><\/div>\n<\/div><figcaption class=\"border border-1 border-bottom border-light-300 relative px-16 py-8 min-h-36 w-100_md px-0_l mb-8 bg-white\"><span class=\"text ln-text text-16 block\">El momento en que los miembros de la Guardia Revolucionaria suben al buque enmascarados<\/span><\/figcaption><\/figure>\n<\/section>\n<\/div>\n<p class=\"com-paragraph   --s\">Y agreg\u00f3: \u201cHoy, dos meses despu\u00e9s del mayor despliegue militar y la <strong>agresi\u00f3n <\/strong>por parte de los <strong>acosadores del mundo <\/strong>en la regi\u00f3n, y la<strong> vergonzosa derrota <\/strong>de los planes de Estados Unidos, se est\u00e1 desarrollando un nuevo cap\u00edtulo en el golfo P\u00e9rsico y el estrecho de Ormuz\u201d.<\/p>\n<p class=\"com-paragraph   --s\">\u201cCon la ayuda y el poder de Dios, <strong>el brillante futuro de la regi\u00f3n del golfo P\u00e9rsico ser\u00e1 un futuro sin Estados Unidos<\/strong>, uno que sirva al progreso, a la comodidad y a la prosperidad de su pueblo\u201d, anticip\u00f3.<\/p>\n<p class=\"com-paragraph   --s\">Sus declaraciones llegan en un momento en que la industria petrolera iran\u00ed comenz\u00f3 a verse asfixiada por el <strong>bloqueo de Estados Unidos sobre puertos iran\u00edes.<\/strong> Mientras, el crudo Brent de referencia para entrega en junio lleg\u00f3 a alcanzar los <strong>US$126 por barril <\/strong>en las operaciones de este jueves. Todo esto supone una presi\u00f3n adicional para la econom\u00eda global, mientras Trump podr\u00eda estar sopesando una respuesta.<\/p>\n<p class=\"com-paragraph   --s\">Poco antes, <strong>el presidente iran\u00ed, Masoud Pezeshkian<\/strong>, hab\u00eda dicho que cualquier intento de Washington por imponer un <strong>bloqueo mar\u00edtimo \u201cest\u00e1 condenado al fracaso\u201d.<\/strong><\/p>\n<p class=\"com-paragraph   --s\">En tanto el mi\u00e9rcoles, <strong>Trump lanz\u00f3 una amenaza a Ir\u00e1n con una foto creada con inteligencia artificial <\/strong>en la que aparece con gafas oscuras, un fusil y la frase: <strong>\u201cSe acab\u00f3 el Se\u00f1or Bueno\u201d.<\/strong><\/p>\n<div class=\"content-media\">\n<section role=\"button\" class=\"mod-media   \">\n<figure role=\"button\" tabindex=\"0\" class=\"mod-figure \"><figcaption class=\"mod-figcaption\"><span class=\"com-text --caption --twoxs\">Fuerte mensaje de Trump a Ir\u00e1n a dos meses de la guerra<\/span><\/figcaption><\/figure>\n<\/section>\n<\/div>\n<p class=\"com-paragraph   --s\">\u201cIr\u00e1n no es capaz de organizarse. No saben c\u00f3mo firmar un acuerdo no nuclear. <strong>\u00a1M\u00e1s les vale espabilar pronto!<\/strong>\u201c, public\u00f3 en su red Truth Social. <\/p>\n<p class=\"com-paragraph   --s\">El diario <em>The Wall Street Journal<\/em> asegur\u00f3 en un art\u00edculo que el mandatario republicano pidi\u00f3 a sus funcionarios de seguridad nacional que <strong>se preparen para seguir aplicando por un tiempo prolongado el bloqueo que impuso a los puertos iran\u00edes<\/strong>, con el fin de obligar a Teher\u00e1n a <strong>abandonar su programa nuclear.<\/strong><\/p>\n<p class=\"com-paragraph   --s\">De acuerdo con el medio, Trump no cree que Ir\u00e1n est\u00e9 negociando de buena fe, y espera que se lo pueda obligar a<strong> suspender el enriquecimiento de uranio durante 20 a\u00f1os<\/strong> y a aceptar restricciones estrictas a partir de entonces.<\/p>\n<p class=\"com-paragraph   --s\">La \u00faltima <a href=\"https:\/\/www.lanacion.com.ar\/estados-unidos\/trump-analiza-la-propuesta-irani-con-su-equipo-de-seguridad-nid27042026\/\" target=\"_self\" title=\"https:\/\/www.lanacion.com.ar\/estados-unidos\/trump-analiza-la-propuesta-irani-con-su-equipo-de-seguridad-nid27042026\/\" class=\"com-link break-word\" data-mrf-recirculation=\"n_link_parrafo\">propuesta <\/a>de Teher\u00e1n, transmitida por el mediador <strong>Pakist\u00e1n <\/strong>y que Trump y sus asesores analizaron en una reuni\u00f3n el lunes, establece l\u00edneas rojas que incluyen el espinoso programa nuclear de Ir\u00e1n y Ormuz, seg\u00fan la agencia de noticias <em>Fars<\/em>.<\/p>\n<div class=\"content-media\">\n<section role=\"button\" class=\"mod-media   \">\n<figure role=\"button\" tabindex=\"0\" class=\"mod-figure \"><figcaption class=\"mod-figcaption\"><span class=\"com-text --caption --twoxs\">Donald Trump<br \/>\n(Xinhua\/Li Rui) (ah) (da) (ce)<\/span><span class=\"com-text --credit --twoxs\">Li Rui &#8211; XinHua<\/span><\/figcaption><\/figure>\n<\/section>\n<\/div>\n<p class=\"com-paragraph   --s\">De acuerdo con los reportes, el plan contemplar\u00eda adem\u00e1s que Teher\u00e1n afloje su control sobre el estrecho y que Washington levante su bloqueo sobre los puertos iran\u00edes mientras contin\u00faan unas negociaciones m\u00e1s amplias.<\/p>\n<p class=\"com-paragraph   --s\">Sin embargo, seg\u00fan dijo una fuente estadounidense a <em>Reuters<\/em>, <strong>Trump no est\u00e1 satisfecho con la \u00faltima propuesta iran\u00ed <\/strong>para resolver la guerra, lo \u200cque <strong>frena las esperanzas de alcanzar \u200cuna soluci\u00f3n<\/strong> \u2060al conflicto que interrumpi\u00f3 el suministro energ\u00e9tico, aviv\u00f3 la inflaci\u00f3n y caus\u00f3 la muerte de miles de personas.<\/p>\n<p class=\"com-paragraph   --s\">U<strong>na fr\u00e1gil tregua se mantiene activa desde hace casi tres semanas<\/strong>.<\/p>\n<p class=\"com-paragraph   --s\">Desde el comienzo de la guerra el 28 de febrero que el ayatollah no se muestra en p\u00fablico. Seg\u00fan Reuters,<strong> <\/strong>el l\u00edder del r\u00e9gimen sigue recuper\u00e1ndose de las graves <strong>lesiones faciales y en las piernas <\/strong>que sufri\u00f3 en el ataque a\u00e9reo que acab\u00f3 con la vida de su padre. Su rostro <strong>qued\u00f3 desfigurado<\/strong> y <strong>sufri\u00f3 una lesi\u00f3n importante en una o ambas piernas<\/strong>.<\/p>\n<div class=\"content-media\">\n<section role=\"button\" class=\"mod-media   \">\n<figure role=\"button\" tabindex=\"0\" class=\"mod-figure \"><figcaption class=\"mod-figcaption\"><span class=\"com-text --caption --twoxs\">Mojtaba Khamenei<br \/>\n( Hamed JAFARNEJAD \/ ISNA \/ AFP)<\/span><span class=\"com-text --credit --twoxs\">HAMED JAFARNEJAD &#8211; ISNA<\/span><\/figcaption><\/figure>\n<\/section>\n<\/div>\n<p class=\"com-paragraph   --s\">No obstante, <strong>el hombre de 56 a\u00f1os se est\u00e1 recuperando de sus heridas y mantiene la lucidez mental,<\/strong> dijeron las fuentes a la agencia. <\/p>\n<p class=\"com-paragraph   --s\">Est\u00e1 participando en reuniones con altos cargos a trav\u00e9s de audioconferencias y <strong>est\u00e1 involucrado en la toma de decisiones sobre cuestiones importantes, <\/strong>como la guerra y las negociaciones con Washington. <\/p>\n<p class=\"com-paragraph   --s\">El paradero, el estado y la capacidad de gobernar de Khamenei siguen siendo un misterio.<\/p>\n<section class=\"container-center-100 mb-40 border border-bottom border-thin border-neutral-light-700\">\n<hr\/>\n<\/section>\n<\/div>\n<p><script id=\"facebookpixel\" defer=\"\" type=\"text\/javascript\">\n        !function(f,b,e,v,n,t,s)\n        {if(f.fbq)return;n=f.fbq=function(){n.callMethod?\n        n.callMethod.apply(n,arguments):n.queue.push(arguments)};\n        if(!f._fbq)f._fbq=n;n.push=n;n.loaded=!0;n.version='2.0';\n        n.queue=[];t=b.createElement(e);t.async=!0;\n        t.src=v;s=b.getElementsByTagName(e)[0];\n        s.parentNode.insertBefore(t,s)}(window, document,'script',\n        'https:\/\/connect.facebook.net\/en_US\/fbevents.js');\n        fbq('init', '492459597522335');\n        fbq('track', 'PageView');\n    <\/script><br \/>\n<br \/><\/p>\n","protected":false},"excerpt":{"rendered":"<p>DUB\u00c1I (AP).- El l\u00edder supremo de Ir\u00e1n, el ayatollah Mojtaba Khamenei, afirm\u00f3 este jueves que la Rep\u00fablica Isl\u00e1mica proteger\u00e1 sus \u201ccapacidades nucleares y de misiles\u201d como un activo nacional, mientras el presidente de Estados Unidos, Donald Trump, busca alcanzar un acuerdo para dar fin a la guerra que ya lleva dos meses. Adem\u00e1s, sobre el [&hellip;]<\/p>\n","protected":false},"author":2,"featured_media":194002,"comment_status":"closed","ping_status":"closed","sticky":false,"template":"","format":"standard","meta":{"footnotes":""},"categories":[26],"tags":[],"class_list":["post-194001","post","type-post","status-publish","format-standard","has-post-thumbnail","hentry","category-internacionales"],"yoast_head":"<!-- This site is optimized with the Yoast SEO plugin v24.4 - https:\/\/yoast.com\/wordpress\/plugins\/seo\/ -->\n<title>Habl\u00f3 el l\u00edder de Ir\u00e1n, Mojtaba Khamenei, y mand\u00f3 una nueva advertencia a Trump - GYS NOTICIAS |<\/title>\n<meta name=\"robots\" content=\"index, follow, max-snippet:-1, max-image-preview:large, max-video-preview:-1\" \/>\n<link rel=\"canonical\" href=\"https:\/\/gysfm.com.ar\/inicio\/hablo-el-lider-de-iran-mojtaba-khamenei-y-mando-una-nueva-advertencia-a-trump\/\" \/>\n<meta property=\"og:locale\" content=\"es_ES\" \/>\n<meta property=\"og:type\" content=\"article\" \/>\n<meta property=\"og:title\" content=\"Habl\u00f3 el l\u00edder de Ir\u00e1n, Mojtaba Khamenei, y mand\u00f3 una nueva advertencia a Trump - GYS NOTICIAS |\" \/>\n<meta property=\"og:description\" content=\"DUB\u00c1I (AP).- El l\u00edder supremo de Ir\u00e1n, el ayatollah Mojtaba Khamenei, afirm\u00f3 este jueves que la Rep\u00fablica Isl\u00e1mica proteger\u00e1 sus \u201ccapacidades nucleares y de misiles\u201d como un activo nacional, mientras el presidente de Estados Unidos, Donald Trump, busca alcanzar un acuerdo para dar fin a la guerra que ya lleva dos meses. Adem\u00e1s, sobre el [&hellip;]\" \/>\n<meta property=\"og:url\" content=\"https:\/\/gysfm.com.ar\/inicio\/hablo-el-lider-de-iran-mojtaba-khamenei-y-mando-una-nueva-advertencia-a-trump\/\" \/>\n<meta property=\"og:site_name\" content=\"GYS NOTICIAS |\" \/>\n<meta property=\"article:published_time\" content=\"2026-05-01T02:45:05+00:00\" \/>\n<meta property=\"article:modified_time\" content=\"2026-05-01T02:45:07+00:00\" \/>\n<meta property=\"og:image\" content=\"https:\/\/gysfm.com.ar\/inicio\/wp-content\/uploads\/2026\/04\/mojtaba-khamenei-tv-estatal-irani-via-QVTZBWWORBCJTOZ7OQ3QWD33W4.jpg\" \/>\n\t<meta property=\"og:image:width\" content=\"1200\" \/>\n\t<meta property=\"og:image:height\" content=\"800\" \/>\n\t<meta property=\"og:image:type\" content=\"image\/jpeg\" \/>\n<meta name=\"author\" content=\"Prensa G&amp;S FM\" \/>\n<meta name=\"twitter:card\" content=\"summary_large_image\" \/>\n<meta name=\"twitter:label1\" content=\"Escrito por\" \/>\n\t<meta name=\"twitter:data1\" content=\"Prensa G&amp;S FM\" \/>\n\t<meta name=\"twitter:label2\" content=\"Tiempo de lectura\" \/>\n\t<meta name=\"twitter:data2\" content=\"5 minutos\" \/>\n<script type=\"application\/ld+json\" class=\"yoast-schema-graph\">{\"@context\":\"https:\/\/schema.org\",\"@graph\":[{\"@type\":\"Article\",\"@id\":\"https:\/\/gysfm.com.ar\/inicio\/hablo-el-lider-de-iran-mojtaba-khamenei-y-mando-una-nueva-advertencia-a-trump\/#article\",\"isPartOf\":{\"@id\":\"https:\/\/gysfm.com.ar\/inicio\/hablo-el-lider-de-iran-mojtaba-khamenei-y-mando-una-nueva-advertencia-a-trump\/\"},\"author\":{\"name\":\"Prensa G&amp;S FM\",\"@id\":\"https:\/\/gysfm.com.ar\/inicio\/#\/schema\/person\/3abba7593ef2ad19e1be221d54383dc5\"},\"headline\":\"Habl\u00f3 el l\u00edder de Ir\u00e1n, Mojtaba Khamenei, y mand\u00f3 una nueva advertencia a Trump\",\"datePublished\":\"2026-05-01T02:45:05+00:00\",\"dateModified\":\"2026-05-01T02:45:07+00:00\",\"mainEntityOfPage\":{\"@id\":\"https:\/\/gysfm.com.ar\/inicio\/hablo-el-lider-de-iran-mojtaba-khamenei-y-mando-una-nueva-advertencia-a-trump\/\"},\"wordCount\":1026,\"publisher\":{\"@id\":\"https:\/\/gysfm.com.ar\/inicio\/#organization\"},\"image\":{\"@id\":\"https:\/\/gysfm.com.ar\/inicio\/hablo-el-lider-de-iran-mojtaba-khamenei-y-mando-una-nueva-advertencia-a-trump\/#primaryimage\"},\"thumbnailUrl\":\"https:\/\/gysfm.com.ar\/inicio\/wp-content\/uploads\/2026\/04\/mojtaba-khamenei-tv-estatal-irani-via-QVTZBWWORBCJTOZ7OQ3QWD33W4.jpg\",\"articleSection\":[\"INTERNACIONALES\"],\"inLanguage\":\"es\"},{\"@type\":\"WebPage\",\"@id\":\"https:\/\/gysfm.com.ar\/inicio\/hablo-el-lider-de-iran-mojtaba-khamenei-y-mando-una-nueva-advertencia-a-trump\/\",\"url\":\"https:\/\/gysfm.com.ar\/inicio\/hablo-el-lider-de-iran-mojtaba-khamenei-y-mando-una-nueva-advertencia-a-trump\/\",\"name\":\"Habl\u00f3 el l\u00edder de Ir\u00e1n, Mojtaba Khamenei, y mand\u00f3 una nueva advertencia a Trump - GYS NOTICIAS |\",\"isPartOf\":{\"@id\":\"https:\/\/gysfm.com.ar\/inicio\/#website\"},\"primaryImageOfPage\":{\"@id\":\"https:\/\/gysfm.com.ar\/inicio\/hablo-el-lider-de-iran-mojtaba-khamenei-y-mando-una-nueva-advertencia-a-trump\/#primaryimage\"},\"image\":{\"@id\":\"https:\/\/gysfm.com.ar\/inicio\/hablo-el-lider-de-iran-mojtaba-khamenei-y-mando-una-nueva-advertencia-a-trump\/#primaryimage\"},\"thumbnailUrl\":\"https:\/\/gysfm.com.ar\/inicio\/wp-content\/uploads\/2026\/04\/mojtaba-khamenei-tv-estatal-irani-via-QVTZBWWORBCJTOZ7OQ3QWD33W4.jpg\",\"datePublished\":\"2026-05-01T02:45:05+00:00\",\"dateModified\":\"2026-05-01T02:45:07+00:00\",\"breadcrumb\":{\"@id\":\"https:\/\/gysfm.com.ar\/inicio\/hablo-el-lider-de-iran-mojtaba-khamenei-y-mando-una-nueva-advertencia-a-trump\/#breadcrumb\"},\"inLanguage\":\"es\",\"potentialAction\":[{\"@type\":\"ReadAction\",\"target\":[\"https:\/\/gysfm.com.ar\/inicio\/hablo-el-lider-de-iran-mojtaba-khamenei-y-mando-una-nueva-advertencia-a-trump\/\"]}]},{\"@type\":\"ImageObject\",\"inLanguage\":\"es\",\"@id\":\"https:\/\/gysfm.com.ar\/inicio\/hablo-el-lider-de-iran-mojtaba-khamenei-y-mando-una-nueva-advertencia-a-trump\/#primaryimage\",\"url\":\"https:\/\/gysfm.com.ar\/inicio\/wp-content\/uploads\/2026\/04\/mojtaba-khamenei-tv-estatal-irani-via-QVTZBWWORBCJTOZ7OQ3QWD33W4.jpg\",\"contentUrl\":\"https:\/\/gysfm.com.ar\/inicio\/wp-content\/uploads\/2026\/04\/mojtaba-khamenei-tv-estatal-irani-via-QVTZBWWORBCJTOZ7OQ3QWD33W4.jpg\",\"width\":1200,\"height\":800},{\"@type\":\"BreadcrumbList\",\"@id\":\"https:\/\/gysfm.com.ar\/inicio\/hablo-el-lider-de-iran-mojtaba-khamenei-y-mando-una-nueva-advertencia-a-trump\/#breadcrumb\",\"itemListElement\":[{\"@type\":\"ListItem\",\"position\":1,\"name\":\"Portada\",\"item\":\"https:\/\/gysfm.com.ar\/inicio\/\"},{\"@type\":\"ListItem\",\"position\":2,\"name\":\"Habl\u00f3 el l\u00edder de Ir\u00e1n, Mojtaba Khamenei, y mand\u00f3 una nueva advertencia a Trump\"}]},{\"@type\":\"WebSite\",\"@id\":\"https:\/\/gysfm.com.ar\/inicio\/#website\",\"url\":\"https:\/\/gysfm.com.ar\/inicio\/\",\"name\":\"GYS NOTICIAS |\",\"description\":\"DIARIO - RADIO ONLINE SAN JUAN ARGENTINA\",\"publisher\":{\"@id\":\"https:\/\/gysfm.com.ar\/inicio\/#organization\"},\"potentialAction\":[{\"@type\":\"SearchAction\",\"target\":{\"@type\":\"EntryPoint\",\"urlTemplate\":\"https:\/\/gysfm.com.ar\/inicio\/?s={search_term_string}\"},\"query-input\":{\"@type\":\"PropertyValueSpecification\",\"valueRequired\":true,\"valueName\":\"search_term_string\"}}],\"inLanguage\":\"es\"},{\"@type\":\"Organization\",\"@id\":\"https:\/\/gysfm.com.ar\/inicio\/#organization\",\"name\":\"GYS NOTICIAS |\",\"url\":\"https:\/\/gysfm.com.ar\/inicio\/\",\"logo\":{\"@type\":\"ImageObject\",\"inLanguage\":\"es\",\"@id\":\"https:\/\/gysfm.com.ar\/inicio\/#\/schema\/logo\/image\/\",\"url\":\"https:\/\/gysfm.com.ar\/inicio\/wp-content\/uploads\/2023\/07\/LOGOGYS-OK.png\",\"contentUrl\":\"https:\/\/gysfm.com.ar\/inicio\/wp-content\/uploads\/2023\/07\/LOGOGYS-OK.png\",\"width\":1170,\"height\":872,\"caption\":\"GYS NOTICIAS |\"},\"image\":{\"@id\":\"https:\/\/gysfm.com.ar\/inicio\/#\/schema\/logo\/image\/\"}},{\"@type\":\"Person\",\"@id\":\"https:\/\/gysfm.com.ar\/inicio\/#\/schema\/person\/3abba7593ef2ad19e1be221d54383dc5\",\"name\":\"Prensa G&amp;S FM\",\"image\":{\"@type\":\"ImageObject\",\"inLanguage\":\"es\",\"@id\":\"https:\/\/gysfm.com.ar\/inicio\/#\/schema\/person\/image\/\",\"url\":\"https:\/\/secure.gravatar.com\/avatar\/096ec78df02049ab018702bb4ccedf659377fa92a26540b5247612077a0dbd29?s=96&d=mm&r=g\",\"contentUrl\":\"https:\/\/secure.gravatar.com\/avatar\/096ec78df02049ab018702bb4ccedf659377fa92a26540b5247612077a0dbd29?s=96&d=mm&r=g\",\"caption\":\"Prensa G&amp;S FM\"},\"sameAs\":[\"https:\/\/gysfm.com.ar\/\"],\"url\":\"https:\/\/gysfm.com.ar\/inicio\/author\/lucasm\/\"}]}<\/script>\n<!-- \/ Yoast SEO plugin. -->","yoast_head_json":{"title":"Habl\u00f3 el l\u00edder de Ir\u00e1n, Mojtaba Khamenei, y mand\u00f3 una nueva advertencia a Trump - GYS NOTICIAS |","robots":{"index":"index","follow":"follow","max-snippet":"max-snippet:-1","max-image-preview":"max-image-preview:large","max-video-preview":"max-video-preview:-1"},"canonical":"https:\/\/gysfm.com.ar\/inicio\/hablo-el-lider-de-iran-mojtaba-khamenei-y-mando-una-nueva-advertencia-a-trump\/","og_locale":"es_ES","og_type":"article","og_title":"Habl\u00f3 el l\u00edder de Ir\u00e1n, Mojtaba Khamenei, y mand\u00f3 una nueva advertencia a Trump - GYS NOTICIAS |","og_description":"DUB\u00c1I (AP).- El l\u00edder supremo de Ir\u00e1n, el ayatollah Mojtaba Khamenei, afirm\u00f3 este jueves que la Rep\u00fablica Isl\u00e1mica proteger\u00e1 sus \u201ccapacidades nucleares y de misiles\u201d como un activo nacional, mientras el presidente de Estados Unidos, Donald Trump, busca alcanzar un acuerdo para dar fin a la guerra que ya lleva dos meses. Adem\u00e1s, sobre el [&hellip;]","og_url":"https:\/\/gysfm.com.ar\/inicio\/hablo-el-lider-de-iran-mojtaba-khamenei-y-mando-una-nueva-advertencia-a-trump\/","og_site_name":"GYS NOTICIAS |","article_published_time":"2026-05-01T02:45:05+00:00","article_modified_time":"2026-05-01T02:45:07+00:00","og_image":[{"width":1200,"height":800,"url":"https:\/\/gysfm.com.ar\/inicio\/wp-content\/uploads\/2026\/04\/mojtaba-khamenei-tv-estatal-irani-via-QVTZBWWORBCJTOZ7OQ3QWD33W4.jpg","type":"image\/jpeg"}],"author":"Prensa G&amp;S FM","twitter_card":"summary_large_image","twitter_misc":{"Escrito por":"Prensa G&amp;S FM","Tiempo de lectura":"5 minutos"},"schema":{"@context":"https:\/\/schema.org","@graph":[{"@type":"Article","@id":"https:\/\/gysfm.com.ar\/inicio\/hablo-el-lider-de-iran-mojtaba-khamenei-y-mando-una-nueva-advertencia-a-trump\/#article","isPartOf":{"@id":"https:\/\/gysfm.com.ar\/inicio\/hablo-el-lider-de-iran-mojtaba-khamenei-y-mando-una-nueva-advertencia-a-trump\/"},"author":{"name":"Prensa G&amp;S FM","@id":"https:\/\/gysfm.com.ar\/inicio\/#\/schema\/person\/3abba7593ef2ad19e1be221d54383dc5"},"headline":"Habl\u00f3 el l\u00edder de Ir\u00e1n, Mojtaba Khamenei, y mand\u00f3 una nueva advertencia a Trump","datePublished":"2026-05-01T02:45:05+00:00","dateModified":"2026-05-01T02:45:07+00:00","mainEntityOfPage":{"@id":"https:\/\/gysfm.com.ar\/inicio\/hablo-el-lider-de-iran-mojtaba-khamenei-y-mando-una-nueva-advertencia-a-trump\/"},"wordCount":1026,"publisher":{"@id":"https:\/\/gysfm.com.ar\/inicio\/#organization"},"image":{"@id":"https:\/\/gysfm.com.ar\/inicio\/hablo-el-lider-de-iran-mojtaba-khamenei-y-mando-una-nueva-advertencia-a-trump\/#primaryimage"},"thumbnailUrl":"https:\/\/gysfm.com.ar\/inicio\/wp-content\/uploads\/2026\/04\/mojtaba-khamenei-tv-estatal-irani-via-QVTZBWWORBCJTOZ7OQ3QWD33W4.jpg","articleSection":["INTERNACIONALES"],"inLanguage":"es"},{"@type":"WebPage","@id":"https:\/\/gysfm.com.ar\/inicio\/hablo-el-lider-de-iran-mojtaba-khamenei-y-mando-una-nueva-advertencia-a-trump\/","url":"https:\/\/gysfm.com.ar\/inicio\/hablo-el-lider-de-iran-mojtaba-khamenei-y-mando-una-nueva-advertencia-a-trump\/","name":"Habl\u00f3 el l\u00edder de Ir\u00e1n, Mojtaba Khamenei, y mand\u00f3 una nueva advertencia a Trump - GYS NOTICIAS |","isPartOf":{"@id":"https:\/\/gysfm.com.ar\/inicio\/#website"},"primaryImageOfPage":{"@id":"https:\/\/gysfm.com.ar\/inicio\/hablo-el-lider-de-iran-mojtaba-khamenei-y-mando-una-nueva-advertencia-a-trump\/#primaryimage"},"image":{"@id":"https:\/\/gysfm.com.ar\/inicio\/hablo-el-lider-de-iran-mojtaba-khamenei-y-mando-una-nueva-advertencia-a-trump\/#primaryimage"},"thumbnailUrl":"https:\/\/gysfm.com.ar\/inicio\/wp-content\/uploads\/2026\/04\/mojtaba-khamenei-tv-estatal-irani-via-QVTZBWWORBCJTOZ7OQ3QWD33W4.jpg","datePublished":"2026-05-01T02:45:05+00:00","dateModified":"2026-05-01T02:45:07+00:00","breadcrumb":{"@id":"https:\/\/gysfm.com.ar\/inicio\/hablo-el-lider-de-iran-mojtaba-khamenei-y-mando-una-nueva-advertencia-a-trump\/#breadcrumb"},"inLanguage":"es","potentialAction":[{"@type":"ReadAction","target":["https:\/\/gysfm.com.ar\/inicio\/hablo-el-lider-de-iran-mojtaba-khamenei-y-mando-una-nueva-advertencia-a-trump\/"]}]},{"@type":"ImageObject","inLanguage":"es","@id":"https:\/\/gysfm.com.ar\/inicio\/hablo-el-lider-de-iran-mojtaba-khamenei-y-mando-una-nueva-advertencia-a-trump\/#primaryimage","url":"https:\/\/gysfm.com.ar\/inicio\/wp-content\/uploads\/2026\/04\/mojtaba-khamenei-tv-estatal-irani-via-QVTZBWWORBCJTOZ7OQ3QWD33W4.jpg","contentUrl":"https:\/\/gysfm.com.ar\/inicio\/wp-content\/uploads\/2026\/04\/mojtaba-khamenei-tv-estatal-irani-via-QVTZBWWORBCJTOZ7OQ3QWD33W4.jpg","width":1200,"height":800},{"@type":"BreadcrumbList","@id":"https:\/\/gysfm.com.ar\/inicio\/hablo-el-lider-de-iran-mojtaba-khamenei-y-mando-una-nueva-advertencia-a-trump\/#breadcrumb","itemListElement":[{"@type":"ListItem","position":1,"name":"Portada","item":"https:\/\/gysfm.com.ar\/inicio\/"},{"@type":"ListItem","position":2,"name":"Habl\u00f3 el l\u00edder de Ir\u00e1n, Mojtaba Khamenei, y mand\u00f3 una nueva advertencia a Trump"}]},{"@type":"WebSite","@id":"https:\/\/gysfm.com.ar\/inicio\/#website","url":"https:\/\/gysfm.com.ar\/inicio\/","name":"GYS NOTICIAS |","description":"DIARIO - RADIO ONLINE SAN JUAN ARGENTINA","publisher":{"@id":"https:\/\/gysfm.com.ar\/inicio\/#organization"},"potentialAction":[{"@type":"SearchAction","target":{"@type":"EntryPoint","urlTemplate":"https:\/\/gysfm.com.ar\/inicio\/?s={search_term_string}"},"query-input":{"@type":"PropertyValueSpecification","valueRequired":true,"valueName":"search_term_string"}}],"inLanguage":"es"},{"@type":"Organization","@id":"https:\/\/gysfm.com.ar\/inicio\/#organization","name":"GYS NOTICIAS |","url":"https:\/\/gysfm.com.ar\/inicio\/","logo":{"@type":"ImageObject","inLanguage":"es","@id":"https:\/\/gysfm.com.ar\/inicio\/#\/schema\/logo\/image\/","url":"https:\/\/gysfm.com.ar\/inicio\/wp-content\/uploads\/2023\/07\/LOGOGYS-OK.png","contentUrl":"https:\/\/gysfm.com.ar\/inicio\/wp-content\/uploads\/2023\/07\/LOGOGYS-OK.png","width":1170,"height":872,"caption":"GYS NOTICIAS |"},"image":{"@id":"https:\/\/gysfm.com.ar\/inicio\/#\/schema\/logo\/image\/"}},{"@type":"Person","@id":"https:\/\/gysfm.com.ar\/inicio\/#\/schema\/person\/3abba7593ef2ad19e1be221d54383dc5","name":"Prensa G&amp;S FM","image":{"@type":"ImageObject","inLanguage":"es","@id":"https:\/\/gysfm.com.ar\/inicio\/#\/schema\/person\/image\/","url":"https:\/\/secure.gravatar.com\/avatar\/096ec78df02049ab018702bb4ccedf659377fa92a26540b5247612077a0dbd29?s=96&d=mm&r=g","contentUrl":"https:\/\/secure.gravatar.com\/avatar\/096ec78df02049ab018702bb4ccedf659377fa92a26540b5247612077a0dbd29?s=96&d=mm&r=g","caption":"Prensa G&amp;S FM"},"sameAs":["https:\/\/gysfm.com.ar\/"],"url":"https:\/\/gysfm.com.ar\/inicio\/author\/lucasm\/"}]}},"_links":{"self":[{"href":"https:\/\/gysfm.com.ar\/inicio\/wp-json\/wp\/v2\/posts\/194001","targetHints":{"allow":["GET"]}}],"collection":[{"href":"https:\/\/gysfm.com.ar\/inicio\/wp-json\/wp\/v2\/posts"}],"about":[{"href":"https:\/\/gysfm.com.ar\/inicio\/wp-json\/wp\/v2\/types\/post"}],"author":[{"embeddable":true,"href":"https:\/\/gysfm.com.ar\/inicio\/wp-json\/wp\/v2\/users\/2"}],"replies":[{"embeddable":true,"href":"https:\/\/gysfm.com.ar\/inicio\/wp-json\/wp\/v2\/comments?post=194001"}],"version-history":[{"count":1,"href":"https:\/\/gysfm.com.ar\/inicio\/wp-json\/wp\/v2\/posts\/194001\/revisions"}],"predecessor-version":[{"id":194003,"href":"https:\/\/gysfm.com.ar\/inicio\/wp-json\/wp\/v2\/posts\/194001\/revisions\/194003"}],"wp:featuredmedia":[{"embeddable":true,"href":"https:\/\/gysfm.com.ar\/inicio\/wp-json\/wp\/v2\/media\/194002"}],"wp:attachment":[{"href":"https:\/\/gysfm.com.ar\/inicio\/wp-json\/wp\/v2\/media?parent=194001"}],"wp:term":[{"taxonomy":"category","embeddable":true,"href":"https:\/\/gysfm.com.ar\/inicio\/wp-json\/wp\/v2\/categories?post=194001"},{"taxonomy":"post_tag","embeddable":true,"href":"https:\/\/gysfm.com.ar\/inicio\/wp-json\/wp\/v2\/tags?post=194001"}],"curies":[{"name":"wp","href":"https:\/\/api.w.org\/{rel}","templated":true}]}}