{"id":193999,"date":"2026-04-30T23:23:15","date_gmt":"2026-05-01T02:23:15","guid":{"rendered":"https:\/\/gysfm.com.ar\/inicio\/el-gobierno-nacional-pagara-un-salario-para-los-ex-potenciar-trabajo-de-cuanto-es-y-a-partir-de-cuando\/"},"modified":"2026-04-30T23:23:15","modified_gmt":"2026-05-01T02:23:15","slug":"el-gobierno-nacional-pagara-un-salario-para-los-ex-potenciar-trabajo-de-cuanto-es-y-a-partir-de-cuando","status":"publish","type":"post","link":"https:\/\/gysfm.com.ar\/inicio\/el-gobierno-nacional-pagara-un-salario-para-los-ex-potenciar-trabajo-de-cuanto-es-y-a-partir-de-cuando\/","title":{"rendered":"El Gobierno Nacional pagar\u00e1 un salario para los ex Potenciar Trabajo: de cu\u00e1nto es y a partir de cu\u00e1ndo"},"content":{"rendered":"<p><\/p>\n<div id=\"article-content\">\n<p>El <a target=\"_blank\" href=\"https:\/\/www.perfil.com\/noticias\/reperfilar\/los-empleados-dejaron-de-buscar-un-ascenso.phtml\"><strong>Gobierno Nacional anunci\u00f3 la implementaci\u00f3n de un nuevo esquema de asistencia econ\u00f3mica<\/strong> <\/a>destinado a los beneficiarios que formaban parte del programa <strong>Potenciar Trabajo, en el marco de una reestructuraci\u00f3n de las pol\u00edticas sociales.<\/strong> La medida busca reemplazar el esquema anterior por un sistema m\u00e1s focalizado, con prestaciones diferenciadas seg\u00fan la situaci\u00f3n de cada grupo.<\/p>\n<p>Seg\u00fan informaron fuentes oficiales, <strong>el nuevo beneficio consistir\u00e1 en el pago de un salario mensual que, en esta primera etapa, ser\u00e1 equivalente a una suma fija cercana a los 78.000 pesos, aunque podr\u00eda actualizarse en funci\u00f3n de la evoluci\u00f3n de variables econ\u00f3micas como la inflaci\u00f3n. <\/strong>Este monto estar\u00e1 dirigido a quienes cumplan con los requisitos establecidos tras el proceso de reempadronamiento y validaci\u00f3n de datos.<\/p>\n<p><iframe id=\"vrudo\" class=\"vrudo\" src=\"https:\/\/rudo.video\/vod\/yiQOpAi8WCQ?volume=0\" width=\"100%\" height=\"100%\" allowscriptaccess=\"always\" allowfullscreen=\"true\" webkitallowfullscreen=\"true\" frameborder=\"0\" scrolling=\"no\" allow=\"autoplay; fullscreen\" loading=\"lazy\" title=\"Contenido embebido\"><\/iframe><\/p>\n<p>En cuanto al cronograma, desde el Ejecutivo precisaron que<strong> los pagos comenzar\u00e1n a acreditarse a partir del pr\u00f3ximo mes, una vez finalizadas las auditor\u00edas sobre el padr\u00f3n de beneficiarios. <\/strong>La liquidaci\u00f3n se realizar\u00e1 de manera escalonada, respetando el calendario habitual de pagos de programas sociales.<\/p>\n<div class=\"subscription\">\n<p>\n        Esto no les gusta a los autoritarios\n    <\/p>\n<div class=\"subscription__container\">\n<div class=\"subscription__text-wrapper\">\n<p>\n                El ejercicio del periodismo profesional y cr\u00edtico es un pilar fundamental de la democracia. Por eso molesta a quienes creen ser los due\u00f1os de la verdad.\n            <\/p>\n<\/p><\/div><\/div>\n<\/div>\n<p>La iniciativa se enmarca en la <strong>decisi\u00f3n del Gobierno de dividir el universo de Potenciar Trabajo en dos nuevas l\u00edneas: una orientada a la inclusi\u00f3n laboral y capacitaci\u00f3n, y otra enfocada en la asistencia directa. <\/strong>De este modo, quienes sean considerados aptos para insertarse en el mercado laboral formal podr\u00e1n acceder a programas de formaci\u00f3n o empleo, mientras que el resto continuar\u00e1 recibiendo ayuda econ\u00f3mica bajo el nuevo esquema.<\/p>\n<p>Desde el Ministerio de Capital Humano indicaron que el objetivo es \u201ctransparentar y ordenar\u201d la asignaci\u00f3n de recursos, al tiempo que se busca promover la inserci\u00f3n laboral genuina. Sin embargo, organizaciones sociales expresaron preocupaci\u00f3n por el alcance de la medida y reclamaron precisiones sobre la continuidad de los ingresos para los sectores m\u00e1s vulnerables.<\/p>\n<p>En este contexto, <strong>el nuevo salario para ex beneficiarios de Potenciar Trabajo aparece como una herramienta clave en la transici\u00f3n hacia el redise\u00f1o de la pol\u00edtica social, aunque su implementaci\u00f3n y alcance real seguir\u00e1n bajo an\u00e1lisis en las pr\u00f3ximas semanas.<\/strong><\/p>\n<\/p><\/div>\n<p><script>\n                !function(f,b,e,v,n,t,s)\n                {if(f.fbq)return;n=f.fbq=function(){n.callMethod?\n                    n.callMethod.apply(n,arguments):n.queue.push(arguments)};\n                    if(!f._fbq)f._fbq=n;n.push=n;n.loaded=!0;n.version='2.0';\n                    n.queue=[];t=b.createElement(e);t.async=!0;\n                    t.src=v;s=b.getElementsByTagName(e)[0];\n                    s.parentNode.insertBefore(t,s)}(window, document,'script',\n                    'https:\/\/connect.facebook.net\/en_US\/fbevents.js');\n                window.paywallConfig.facebook_pixel=\"1000228364089342\"\n            <\/script><\/p>\n","protected":false},"excerpt":{"rendered":"<p>El Gobierno Nacional anunci\u00f3 la implementaci\u00f3n de un nuevo esquema de asistencia econ\u00f3mica destinado a los beneficiarios que formaban parte del programa Potenciar Trabajo, en el marco de una reestructuraci\u00f3n de las pol\u00edticas sociales. La medida busca reemplazar el esquema anterior por un sistema m\u00e1s focalizado, con prestaciones diferenciadas seg\u00fan la situaci\u00f3n de cada grupo. [&hellip;]<\/p>\n","protected":false},"author":2,"featured_media":194000,"comment_status":"closed","ping_status":"closed","sticky":false,"template":"","format":"standard","meta":{"footnotes":""},"categories":[25],"tags":[],"class_list":["post-193999","post","type-post","status-publish","format-standard","has-post-thumbnail","hentry","category-nacionales"],"yoast_head":"<!-- This site is optimized with the Yoast SEO plugin v24.4 - https:\/\/yoast.com\/wordpress\/plugins\/seo\/ -->\n<title>El Gobierno Nacional pagar\u00e1 un salario para los ex Potenciar Trabajo: de cu\u00e1nto es y a partir de cu\u00e1ndo - GYS NOTICIAS |<\/title>\n<meta name=\"robots\" content=\"index, follow, max-snippet:-1, max-image-preview:large, max-video-preview:-1\" \/>\n<link rel=\"canonical\" href=\"https:\/\/gysfm.com.ar\/inicio\/el-gobierno-nacional-pagara-un-salario-para-los-ex-potenciar-trabajo-de-cuanto-es-y-a-partir-de-cuando\/\" \/>\n<meta property=\"og:locale\" content=\"es_ES\" \/>\n<meta property=\"og:type\" content=\"article\" \/>\n<meta property=\"og:title\" content=\"El Gobierno Nacional pagar\u00e1 un salario para los ex Potenciar Trabajo: de cu\u00e1nto es y a partir de cu\u00e1ndo - GYS NOTICIAS |\" \/>\n<meta property=\"og:description\" content=\"El Gobierno Nacional anunci\u00f3 la implementaci\u00f3n de un nuevo esquema de asistencia econ\u00f3mica destinado a los beneficiarios que formaban parte del programa Potenciar Trabajo, en el marco de una reestructuraci\u00f3n de las pol\u00edticas sociales. La medida busca reemplazar el esquema anterior por un sistema m\u00e1s focalizado, con prestaciones diferenciadas seg\u00fan la situaci\u00f3n de cada grupo. [&hellip;]\" \/>\n<meta property=\"og:url\" content=\"https:\/\/gysfm.com.ar\/inicio\/el-gobierno-nacional-pagara-un-salario-para-los-ex-potenciar-trabajo-de-cuanto-es-y-a-partir-de-cuando\/\" \/>\n<meta property=\"og:site_name\" content=\"GYS NOTICIAS |\" \/>\n<meta property=\"article:published_time\" content=\"2026-05-01T02:23:15+00:00\" \/>\n<meta name=\"author\" content=\"Prensa G&amp;S FM\" \/>\n<meta name=\"twitter:card\" content=\"summary_large_image\" \/>\n<meta name=\"twitter:label1\" content=\"Escrito por\" \/>\n\t<meta name=\"twitter:data1\" content=\"Prensa G&amp;S FM\" \/>\n\t<meta name=\"twitter:label2\" content=\"Tiempo de lectura\" \/>\n\t<meta name=\"twitter:data2\" content=\"2 minutos\" \/>\n<script type=\"application\/ld+json\" class=\"yoast-schema-graph\">{\"@context\":\"https:\/\/schema.org\",\"@graph\":[{\"@type\":\"Article\",\"@id\":\"https:\/\/gysfm.com.ar\/inicio\/el-gobierno-nacional-pagara-un-salario-para-los-ex-potenciar-trabajo-de-cuanto-es-y-a-partir-de-cuando\/#article\",\"isPartOf\":{\"@id\":\"https:\/\/gysfm.com.ar\/inicio\/el-gobierno-nacional-pagara-un-salario-para-los-ex-potenciar-trabajo-de-cuanto-es-y-a-partir-de-cuando\/\"},\"author\":{\"name\":\"Prensa G&amp;S FM\",\"@id\":\"https:\/\/gysfm.com.ar\/inicio\/#\/schema\/person\/3abba7593ef2ad19e1be221d54383dc5\"},\"headline\":\"El Gobierno Nacional pagar\u00e1 un salario para los ex Potenciar Trabajo: de cu\u00e1nto es y a partir de cu\u00e1ndo\",\"datePublished\":\"2026-05-01T02:23:15+00:00\",\"mainEntityOfPage\":{\"@id\":\"https:\/\/gysfm.com.ar\/inicio\/el-gobierno-nacional-pagara-un-salario-para-los-ex-potenciar-trabajo-de-cuanto-es-y-a-partir-de-cuando\/\"},\"wordCount\":420,\"publisher\":{\"@id\":\"https:\/\/gysfm.com.ar\/inicio\/#organization\"},\"image\":{\"@id\":\"https:\/\/gysfm.com.ar\/inicio\/el-gobierno-nacional-pagara-un-salario-para-los-ex-potenciar-trabajo-de-cuanto-es-y-a-partir-de-cuando\/#primaryimage\"},\"thumbnailUrl\":\"https:\/\/gysfm.com.ar\/inicio\/wp-content\/uploads\/2026\/04\/anses-22042026-2225674.jpg\",\"articleSection\":[\"NACIONALES\"],\"inLanguage\":\"es\"},{\"@type\":\"WebPage\",\"@id\":\"https:\/\/gysfm.com.ar\/inicio\/el-gobierno-nacional-pagara-un-salario-para-los-ex-potenciar-trabajo-de-cuanto-es-y-a-partir-de-cuando\/\",\"url\":\"https:\/\/gysfm.com.ar\/inicio\/el-gobierno-nacional-pagara-un-salario-para-los-ex-potenciar-trabajo-de-cuanto-es-y-a-partir-de-cuando\/\",\"name\":\"El Gobierno Nacional pagar\u00e1 un salario para los ex Potenciar Trabajo: de cu\u00e1nto es y a partir de cu\u00e1ndo - GYS NOTICIAS |\",\"isPartOf\":{\"@id\":\"https:\/\/gysfm.com.ar\/inicio\/#website\"},\"primaryImageOfPage\":{\"@id\":\"https:\/\/gysfm.com.ar\/inicio\/el-gobierno-nacional-pagara-un-salario-para-los-ex-potenciar-trabajo-de-cuanto-es-y-a-partir-de-cuando\/#primaryimage\"},\"image\":{\"@id\":\"https:\/\/gysfm.com.ar\/inicio\/el-gobierno-nacional-pagara-un-salario-para-los-ex-potenciar-trabajo-de-cuanto-es-y-a-partir-de-cuando\/#primaryimage\"},\"thumbnailUrl\":\"https:\/\/gysfm.com.ar\/inicio\/wp-content\/uploads\/2026\/04\/anses-22042026-2225674.jpg\",\"datePublished\":\"2026-05-01T02:23:15+00:00\",\"breadcrumb\":{\"@id\":\"https:\/\/gysfm.com.ar\/inicio\/el-gobierno-nacional-pagara-un-salario-para-los-ex-potenciar-trabajo-de-cuanto-es-y-a-partir-de-cuando\/#breadcrumb\"},\"inLanguage\":\"es\",\"potentialAction\":[{\"@type\":\"ReadAction\",\"target\":[\"https:\/\/gysfm.com.ar\/inicio\/el-gobierno-nacional-pagara-un-salario-para-los-ex-potenciar-trabajo-de-cuanto-es-y-a-partir-de-cuando\/\"]}]},{\"@type\":\"ImageObject\",\"inLanguage\":\"es\",\"@id\":\"https:\/\/gysfm.com.ar\/inicio\/el-gobierno-nacional-pagara-un-salario-para-los-ex-potenciar-trabajo-de-cuanto-es-y-a-partir-de-cuando\/#primaryimage\",\"url\":\"https:\/\/gysfm.com.ar\/inicio\/wp-content\/uploads\/2026\/04\/anses-22042026-2225674.jpg\",\"contentUrl\":\"https:\/\/gysfm.com.ar\/inicio\/wp-content\/uploads\/2026\/04\/anses-22042026-2225674.jpg\",\"width\":1140,\"height\":641},{\"@type\":\"BreadcrumbList\",\"@id\":\"https:\/\/gysfm.com.ar\/inicio\/el-gobierno-nacional-pagara-un-salario-para-los-ex-potenciar-trabajo-de-cuanto-es-y-a-partir-de-cuando\/#breadcrumb\",\"itemListElement\":[{\"@type\":\"ListItem\",\"position\":1,\"name\":\"Portada\",\"item\":\"https:\/\/gysfm.com.ar\/inicio\/\"},{\"@type\":\"ListItem\",\"position\":2,\"name\":\"El Gobierno Nacional pagar\u00e1 un salario para los ex Potenciar Trabajo: de cu\u00e1nto es y a partir de cu\u00e1ndo\"}]},{\"@type\":\"WebSite\",\"@id\":\"https:\/\/gysfm.com.ar\/inicio\/#website\",\"url\":\"https:\/\/gysfm.com.ar\/inicio\/\",\"name\":\"GYS NOTICIAS |\",\"description\":\"DIARIO - RADIO ONLINE SAN JUAN ARGENTINA\",\"publisher\":{\"@id\":\"https:\/\/gysfm.com.ar\/inicio\/#organization\"},\"potentialAction\":[{\"@type\":\"SearchAction\",\"target\":{\"@type\":\"EntryPoint\",\"urlTemplate\":\"https:\/\/gysfm.com.ar\/inicio\/?s={search_term_string}\"},\"query-input\":{\"@type\":\"PropertyValueSpecification\",\"valueRequired\":true,\"valueName\":\"search_term_string\"}}],\"inLanguage\":\"es\"},{\"@type\":\"Organization\",\"@id\":\"https:\/\/gysfm.com.ar\/inicio\/#organization\",\"name\":\"GYS NOTICIAS |\",\"url\":\"https:\/\/gysfm.com.ar\/inicio\/\",\"logo\":{\"@type\":\"ImageObject\",\"inLanguage\":\"es\",\"@id\":\"https:\/\/gysfm.com.ar\/inicio\/#\/schema\/logo\/image\/\",\"url\":\"https:\/\/gysfm.com.ar\/inicio\/wp-content\/uploads\/2023\/07\/LOGOGYS-OK.png\",\"contentUrl\":\"https:\/\/gysfm.com.ar\/inicio\/wp-content\/uploads\/2023\/07\/LOGOGYS-OK.png\",\"width\":1170,\"height\":872,\"caption\":\"GYS NOTICIAS |\"},\"image\":{\"@id\":\"https:\/\/gysfm.com.ar\/inicio\/#\/schema\/logo\/image\/\"}},{\"@type\":\"Person\",\"@id\":\"https:\/\/gysfm.com.ar\/inicio\/#\/schema\/person\/3abba7593ef2ad19e1be221d54383dc5\",\"name\":\"Prensa G&amp;S FM\",\"image\":{\"@type\":\"ImageObject\",\"inLanguage\":\"es\",\"@id\":\"https:\/\/gysfm.com.ar\/inicio\/#\/schema\/person\/image\/\",\"url\":\"https:\/\/secure.gravatar.com\/avatar\/096ec78df02049ab018702bb4ccedf659377fa92a26540b5247612077a0dbd29?s=96&d=mm&r=g\",\"contentUrl\":\"https:\/\/secure.gravatar.com\/avatar\/096ec78df02049ab018702bb4ccedf659377fa92a26540b5247612077a0dbd29?s=96&d=mm&r=g\",\"caption\":\"Prensa G&amp;S FM\"},\"sameAs\":[\"https:\/\/gysfm.com.ar\/\"],\"url\":\"https:\/\/gysfm.com.ar\/inicio\/author\/lucasm\/\"}]}<\/script>\n<!-- \/ Yoast SEO plugin. -->","yoast_head_json":{"title":"El Gobierno Nacional pagar\u00e1 un salario para los ex Potenciar Trabajo: de cu\u00e1nto es y a partir de cu\u00e1ndo - GYS NOTICIAS |","robots":{"index":"index","follow":"follow","max-snippet":"max-snippet:-1","max-image-preview":"max-image-preview:large","max-video-preview":"max-video-preview:-1"},"canonical":"https:\/\/gysfm.com.ar\/inicio\/el-gobierno-nacional-pagara-un-salario-para-los-ex-potenciar-trabajo-de-cuanto-es-y-a-partir-de-cuando\/","og_locale":"es_ES","og_type":"article","og_title":"El Gobierno Nacional pagar\u00e1 un salario para los ex Potenciar Trabajo: de cu\u00e1nto es y a partir de cu\u00e1ndo - GYS NOTICIAS |","og_description":"El Gobierno Nacional anunci\u00f3 la implementaci\u00f3n de un nuevo esquema de asistencia econ\u00f3mica destinado a los beneficiarios que formaban parte del programa Potenciar Trabajo, en el marco de una reestructuraci\u00f3n de las pol\u00edticas sociales. La medida busca reemplazar el esquema anterior por un sistema m\u00e1s focalizado, con prestaciones diferenciadas seg\u00fan la situaci\u00f3n de cada grupo. [&hellip;]","og_url":"https:\/\/gysfm.com.ar\/inicio\/el-gobierno-nacional-pagara-un-salario-para-los-ex-potenciar-trabajo-de-cuanto-es-y-a-partir-de-cuando\/","og_site_name":"GYS NOTICIAS |","article_published_time":"2026-05-01T02:23:15+00:00","author":"Prensa G&amp;S FM","twitter_card":"summary_large_image","twitter_misc":{"Escrito por":"Prensa G&amp;S FM","Tiempo de lectura":"2 minutos"},"schema":{"@context":"https:\/\/schema.org","@graph":[{"@type":"Article","@id":"https:\/\/gysfm.com.ar\/inicio\/el-gobierno-nacional-pagara-un-salario-para-los-ex-potenciar-trabajo-de-cuanto-es-y-a-partir-de-cuando\/#article","isPartOf":{"@id":"https:\/\/gysfm.com.ar\/inicio\/el-gobierno-nacional-pagara-un-salario-para-los-ex-potenciar-trabajo-de-cuanto-es-y-a-partir-de-cuando\/"},"author":{"name":"Prensa G&amp;S FM","@id":"https:\/\/gysfm.com.ar\/inicio\/#\/schema\/person\/3abba7593ef2ad19e1be221d54383dc5"},"headline":"El Gobierno Nacional pagar\u00e1 un salario para los ex Potenciar Trabajo: de cu\u00e1nto es y a partir de cu\u00e1ndo","datePublished":"2026-05-01T02:23:15+00:00","mainEntityOfPage":{"@id":"https:\/\/gysfm.com.ar\/inicio\/el-gobierno-nacional-pagara-un-salario-para-los-ex-potenciar-trabajo-de-cuanto-es-y-a-partir-de-cuando\/"},"wordCount":420,"publisher":{"@id":"https:\/\/gysfm.com.ar\/inicio\/#organization"},"image":{"@id":"https:\/\/gysfm.com.ar\/inicio\/el-gobierno-nacional-pagara-un-salario-para-los-ex-potenciar-trabajo-de-cuanto-es-y-a-partir-de-cuando\/#primaryimage"},"thumbnailUrl":"https:\/\/gysfm.com.ar\/inicio\/wp-content\/uploads\/2026\/04\/anses-22042026-2225674.jpg","articleSection":["NACIONALES"],"inLanguage":"es"},{"@type":"WebPage","@id":"https:\/\/gysfm.com.ar\/inicio\/el-gobierno-nacional-pagara-un-salario-para-los-ex-potenciar-trabajo-de-cuanto-es-y-a-partir-de-cuando\/","url":"https:\/\/gysfm.com.ar\/inicio\/el-gobierno-nacional-pagara-un-salario-para-los-ex-potenciar-trabajo-de-cuanto-es-y-a-partir-de-cuando\/","name":"El Gobierno Nacional pagar\u00e1 un salario para los ex Potenciar Trabajo: de cu\u00e1nto es y a partir de cu\u00e1ndo - GYS NOTICIAS |","isPartOf":{"@id":"https:\/\/gysfm.com.ar\/inicio\/#website"},"primaryImageOfPage":{"@id":"https:\/\/gysfm.com.ar\/inicio\/el-gobierno-nacional-pagara-un-salario-para-los-ex-potenciar-trabajo-de-cuanto-es-y-a-partir-de-cuando\/#primaryimage"},"image":{"@id":"https:\/\/gysfm.com.ar\/inicio\/el-gobierno-nacional-pagara-un-salario-para-los-ex-potenciar-trabajo-de-cuanto-es-y-a-partir-de-cuando\/#primaryimage"},"thumbnailUrl":"https:\/\/gysfm.com.ar\/inicio\/wp-content\/uploads\/2026\/04\/anses-22042026-2225674.jpg","datePublished":"2026-05-01T02:23:15+00:00","breadcrumb":{"@id":"https:\/\/gysfm.com.ar\/inicio\/el-gobierno-nacional-pagara-un-salario-para-los-ex-potenciar-trabajo-de-cuanto-es-y-a-partir-de-cuando\/#breadcrumb"},"inLanguage":"es","potentialAction":[{"@type":"ReadAction","target":["https:\/\/gysfm.com.ar\/inicio\/el-gobierno-nacional-pagara-un-salario-para-los-ex-potenciar-trabajo-de-cuanto-es-y-a-partir-de-cuando\/"]}]},{"@type":"ImageObject","inLanguage":"es","@id":"https:\/\/gysfm.com.ar\/inicio\/el-gobierno-nacional-pagara-un-salario-para-los-ex-potenciar-trabajo-de-cuanto-es-y-a-partir-de-cuando\/#primaryimage","url":"https:\/\/gysfm.com.ar\/inicio\/wp-content\/uploads\/2026\/04\/anses-22042026-2225674.jpg","contentUrl":"https:\/\/gysfm.com.ar\/inicio\/wp-content\/uploads\/2026\/04\/anses-22042026-2225674.jpg","width":1140,"height":641},{"@type":"BreadcrumbList","@id":"https:\/\/gysfm.com.ar\/inicio\/el-gobierno-nacional-pagara-un-salario-para-los-ex-potenciar-trabajo-de-cuanto-es-y-a-partir-de-cuando\/#breadcrumb","itemListElement":[{"@type":"ListItem","position":1,"name":"Portada","item":"https:\/\/gysfm.com.ar\/inicio\/"},{"@type":"ListItem","position":2,"name":"El Gobierno Nacional pagar\u00e1 un salario para los ex Potenciar Trabajo: de cu\u00e1nto es y a partir de cu\u00e1ndo"}]},{"@type":"WebSite","@id":"https:\/\/gysfm.com.ar\/inicio\/#website","url":"https:\/\/gysfm.com.ar\/inicio\/","name":"GYS NOTICIAS |","description":"DIARIO - RADIO ONLINE SAN JUAN ARGENTINA","publisher":{"@id":"https:\/\/gysfm.com.ar\/inicio\/#organization"},"potentialAction":[{"@type":"SearchAction","target":{"@type":"EntryPoint","urlTemplate":"https:\/\/gysfm.com.ar\/inicio\/?s={search_term_string}"},"query-input":{"@type":"PropertyValueSpecification","valueRequired":true,"valueName":"search_term_string"}}],"inLanguage":"es"},{"@type":"Organization","@id":"https:\/\/gysfm.com.ar\/inicio\/#organization","name":"GYS NOTICIAS |","url":"https:\/\/gysfm.com.ar\/inicio\/","logo":{"@type":"ImageObject","inLanguage":"es","@id":"https:\/\/gysfm.com.ar\/inicio\/#\/schema\/logo\/image\/","url":"https:\/\/gysfm.com.ar\/inicio\/wp-content\/uploads\/2023\/07\/LOGOGYS-OK.png","contentUrl":"https:\/\/gysfm.com.ar\/inicio\/wp-content\/uploads\/2023\/07\/LOGOGYS-OK.png","width":1170,"height":872,"caption":"GYS NOTICIAS |"},"image":{"@id":"https:\/\/gysfm.com.ar\/inicio\/#\/schema\/logo\/image\/"}},{"@type":"Person","@id":"https:\/\/gysfm.com.ar\/inicio\/#\/schema\/person\/3abba7593ef2ad19e1be221d54383dc5","name":"Prensa G&amp;S FM","image":{"@type":"ImageObject","inLanguage":"es","@id":"https:\/\/gysfm.com.ar\/inicio\/#\/schema\/person\/image\/","url":"https:\/\/secure.gravatar.com\/avatar\/096ec78df02049ab018702bb4ccedf659377fa92a26540b5247612077a0dbd29?s=96&d=mm&r=g","contentUrl":"https:\/\/secure.gravatar.com\/avatar\/096ec78df02049ab018702bb4ccedf659377fa92a26540b5247612077a0dbd29?s=96&d=mm&r=g","caption":"Prensa G&amp;S FM"},"sameAs":["https:\/\/gysfm.com.ar\/"],"url":"https:\/\/gysfm.com.ar\/inicio\/author\/lucasm\/"}]}},"_links":{"self":[{"href":"https:\/\/gysfm.com.ar\/inicio\/wp-json\/wp\/v2\/posts\/193999","targetHints":{"allow":["GET"]}}],"collection":[{"href":"https:\/\/gysfm.com.ar\/inicio\/wp-json\/wp\/v2\/posts"}],"about":[{"href":"https:\/\/gysfm.com.ar\/inicio\/wp-json\/wp\/v2\/types\/post"}],"author":[{"embeddable":true,"href":"https:\/\/gysfm.com.ar\/inicio\/wp-json\/wp\/v2\/users\/2"}],"replies":[{"embeddable":true,"href":"https:\/\/gysfm.com.ar\/inicio\/wp-json\/wp\/v2\/comments?post=193999"}],"version-history":[{"count":0,"href":"https:\/\/gysfm.com.ar\/inicio\/wp-json\/wp\/v2\/posts\/193999\/revisions"}],"wp:featuredmedia":[{"embeddable":true,"href":"https:\/\/gysfm.com.ar\/inicio\/wp-json\/wp\/v2\/media\/194000"}],"wp:attachment":[{"href":"https:\/\/gysfm.com.ar\/inicio\/wp-json\/wp\/v2\/media?parent=193999"}],"wp:term":[{"taxonomy":"category","embeddable":true,"href":"https:\/\/gysfm.com.ar\/inicio\/wp-json\/wp\/v2\/categories?post=193999"},{"taxonomy":"post_tag","embeddable":true,"href":"https:\/\/gysfm.com.ar\/inicio\/wp-json\/wp\/v2\/tags?post=193999"}],"curies":[{"name":"wp","href":"https:\/\/api.w.org\/{rel}","templated":true}]}}