{"id":193997,"date":"2026-04-30T22:52:12","date_gmt":"2026-05-01T01:52:12","guid":{"rendered":"https:\/\/gysfm.com.ar\/inicio\/todos-los-aumentos-que-llegan-en-mayo\/"},"modified":"2026-04-30T22:52:12","modified_gmt":"2026-05-01T01:52:12","slug":"todos-los-aumentos-que-llegan-en-mayo","status":"publish","type":"post","link":"https:\/\/gysfm.com.ar\/inicio\/todos-los-aumentos-que-llegan-en-mayo\/","title":{"rendered":"Todos los aumentos que llegan en mayo"},"content":{"rendered":"<p><\/p>\n<div id=\"article-content\">\n<p>El<strong> mes de mayo comienza con una nueva tanda de incrementos <\/strong>que impactar\u00e1n de lleno en el bolsillo de los argentinos<strong>.<a target=\"_blank\" href=\"https:\/\/www.perfil.com\/noticias\/canal-e\/aumentos-en-mayo-2026-colectivos-prepagas-agua-y-vtv-presionan-el-costo-de-vida.phtml\"> Transporte p\u00fablico, servicios b\u00e1sicos y salud privada encabezan la lista de rubros que sufrir\u00e1n actualizaciones de tarifas<\/a><\/strong>, en un contexto de alta inflaci\u00f3n y recomposici\u00f3n de precios relativos.<\/p>\n<h2>Colectivos: subas escalonadas en el AMBA<\/h2>\n<p>En el<strong> \u00c1rea Metropolitana de Buenos Aires (AMBA), el boleto de colectivo<\/strong> volver\u00e1 a ajustarse durante mayo como parte del esquema de actualizaci\u00f3n mensual. La <strong>tarifa m\u00ednima sufrir\u00e1 un incremento que rondar\u00e1 el 8%,<\/strong> en l\u00ednea con la f\u00f3rmula de indexaci\u00f3n que combina inflaci\u00f3n y salarios. De esta manera, el costo del transporte continuar\u00e1 en alza, afectando a millones de usuarios que dependen del servicio a diario.<\/p>\n<p><iframe id=\"vrudo\" class=\"vrudo\" src=\"https:\/\/rudo.video\/vod\/yiQVegQQ2WA?volume=0\" width=\"100%\" height=\"100%\" allowscriptaccess=\"always\" allowfullscreen=\"true\" webkitallowfullscreen=\"true\" frameborder=\"0\" scrolling=\"no\" allow=\"autoplay; fullscreen\" loading=\"lazy\" title=\"Contenido embebido\"><\/iframe><\/p>\n<h2>Prepagas: nuevas cuotas m\u00e1s altas<\/h2>\n<p>Las empresas de medicina privada tambi\u00e9n aplicar\u00e1n aumentos en sus cuotas. Las subas previstas para mayo oscilan entre el 7% y el 12%, dependiendo de cada compa\u00f1\u00eda y del plan contratado. Desde el sector argumentan que los incrementos responden al alza de costos en insumos m\u00e9dicos, tecnolog\u00eda y honorarios profesionales.<\/p>\n<div class=\"subscription\">\n<p>\n        Esto no les gusta a los autoritarios\n    <\/p>\n<div class=\"subscription__container\">\n<div class=\"subscription__text-wrapper\">\n<p>\n                El ejercicio del periodismo profesional y cr\u00edtico es un pilar fundamental de la democracia. Por eso molesta a quienes creen ser los due\u00f1os de la verdad.\n            <\/p>\n<\/p><\/div><\/div>\n<\/div>\n<h2>Agua: ajuste en las tarifas<\/h2>\n<p>El servicio de agua potable y saneamiento tendr\u00e1 un nuevo incremento en mayo. En el caso de la empresa AySA, que opera en el AMBA, se prev\u00e9 una actualizaci\u00f3n cercana al 10% en la factura promedio. La medida forma parte del proceso de reducci\u00f3n de subsidios y adecuaci\u00f3n de tarifas impulsado por el Gobierno.<\/p>\n<p>Con estos aumentos, mayo se perfila como otro mes de fuerte presi\u00f3n sobre los ingresos. Analistas econ\u00f3micos advierten que la acumulaci\u00f3n de subas en servicios esenciales reduce el margen de consumo de los hogares y podr\u00eda impactar en otros sectores de la econom\u00eda.<\/p>\n<\/p><\/div>\n<p><script>\n                !function(f,b,e,v,n,t,s)\n                {if(f.fbq)return;n=f.fbq=function(){n.callMethod?\n                    n.callMethod.apply(n,arguments):n.queue.push(arguments)};\n                    if(!f._fbq)f._fbq=n;n.push=n;n.loaded=!0;n.version='2.0';\n                    n.queue=[];t=b.createElement(e);t.async=!0;\n                    t.src=v;s=b.getElementsByTagName(e)[0];\n                    s.parentNode.insertBefore(t,s)}(window, document,'script',\n                    'https:\/\/connect.facebook.net\/en_US\/fbevents.js');\n                window.paywallConfig.facebook_pixel=\"1000228364089342\"\n            <\/script><\/p>\n","protected":false},"excerpt":{"rendered":"<p>El mes de mayo comienza con una nueva tanda de incrementos que impactar\u00e1n de lleno en el bolsillo de los argentinos. Transporte p\u00fablico, servicios b\u00e1sicos y salud privada encabezan la lista de rubros que sufrir\u00e1n actualizaciones de tarifas, en un contexto de alta inflaci\u00f3n y recomposici\u00f3n de precios relativos. Colectivos: subas escalonadas en el AMBA [&hellip;]<\/p>\n","protected":false},"author":2,"featured_media":193998,"comment_status":"closed","ping_status":"closed","sticky":false,"template":"","format":"standard","meta":{"footnotes":""},"categories":[25],"tags":[],"class_list":["post-193997","post","type-post","status-publish","format-standard","has-post-thumbnail","hentry","category-nacionales"],"yoast_head":"<!-- This site is optimized with the Yoast SEO plugin v24.4 - https:\/\/yoast.com\/wordpress\/plugins\/seo\/ -->\n<title>Todos los aumentos que llegan en mayo - GYS NOTICIAS |<\/title>\n<meta name=\"robots\" content=\"index, follow, max-snippet:-1, max-image-preview:large, max-video-preview:-1\" \/>\n<link rel=\"canonical\" href=\"https:\/\/gysfm.com.ar\/inicio\/todos-los-aumentos-que-llegan-en-mayo\/\" \/>\n<meta property=\"og:locale\" content=\"es_ES\" \/>\n<meta property=\"og:type\" content=\"article\" \/>\n<meta property=\"og:title\" content=\"Todos los aumentos que llegan en mayo - GYS NOTICIAS |\" \/>\n<meta property=\"og:description\" content=\"El mes de mayo comienza con una nueva tanda de incrementos que impactar\u00e1n de lleno en el bolsillo de los argentinos. Transporte p\u00fablico, servicios b\u00e1sicos y salud privada encabezan la lista de rubros que sufrir\u00e1n actualizaciones de tarifas, en un contexto de alta inflaci\u00f3n y recomposici\u00f3n de precios relativos. Colectivos: subas escalonadas en el AMBA [&hellip;]\" \/>\n<meta property=\"og:url\" content=\"https:\/\/gysfm.com.ar\/inicio\/todos-los-aumentos-que-llegan-en-mayo\/\" \/>\n<meta property=\"og:site_name\" content=\"GYS NOTICIAS |\" \/>\n<meta property=\"article:published_time\" content=\"2026-05-01T01:52:12+00:00\" \/>\n<meta name=\"author\" content=\"Prensa G&amp;S FM\" \/>\n<meta name=\"twitter:card\" content=\"summary_large_image\" \/>\n<meta name=\"twitter:label1\" content=\"Escrito por\" \/>\n\t<meta name=\"twitter:data1\" content=\"Prensa G&amp;S FM\" \/>\n\t<meta name=\"twitter:label2\" content=\"Tiempo de lectura\" \/>\n\t<meta name=\"twitter:data2\" content=\"2 minutos\" \/>\n<script type=\"application\/ld+json\" class=\"yoast-schema-graph\">{\"@context\":\"https:\/\/schema.org\",\"@graph\":[{\"@type\":\"Article\",\"@id\":\"https:\/\/gysfm.com.ar\/inicio\/todos-los-aumentos-que-llegan-en-mayo\/#article\",\"isPartOf\":{\"@id\":\"https:\/\/gysfm.com.ar\/inicio\/todos-los-aumentos-que-llegan-en-mayo\/\"},\"author\":{\"name\":\"Prensa G&amp;S FM\",\"@id\":\"https:\/\/gysfm.com.ar\/inicio\/#\/schema\/person\/3abba7593ef2ad19e1be221d54383dc5\"},\"headline\":\"Todos los aumentos que llegan en mayo\",\"datePublished\":\"2026-05-01T01:52:12+00:00\",\"mainEntityOfPage\":{\"@id\":\"https:\/\/gysfm.com.ar\/inicio\/todos-los-aumentos-que-llegan-en-mayo\/\"},\"wordCount\":343,\"publisher\":{\"@id\":\"https:\/\/gysfm.com.ar\/inicio\/#organization\"},\"image\":{\"@id\":\"https:\/\/gysfm.com.ar\/inicio\/todos-los-aumentos-que-llegan-en-mayo\/#primaryimage\"},\"thumbnailUrl\":\"https:\/\/gysfm.com.ar\/inicio\/wp-content\/uploads\/2026\/04\/todos-los-aumentos-que-llegan-en-mayo-2230914.jpeg\",\"articleSection\":[\"NACIONALES\"],\"inLanguage\":\"es\"},{\"@type\":\"WebPage\",\"@id\":\"https:\/\/gysfm.com.ar\/inicio\/todos-los-aumentos-que-llegan-en-mayo\/\",\"url\":\"https:\/\/gysfm.com.ar\/inicio\/todos-los-aumentos-que-llegan-en-mayo\/\",\"name\":\"Todos los aumentos que llegan en mayo - GYS NOTICIAS |\",\"isPartOf\":{\"@id\":\"https:\/\/gysfm.com.ar\/inicio\/#website\"},\"primaryImageOfPage\":{\"@id\":\"https:\/\/gysfm.com.ar\/inicio\/todos-los-aumentos-que-llegan-en-mayo\/#primaryimage\"},\"image\":{\"@id\":\"https:\/\/gysfm.com.ar\/inicio\/todos-los-aumentos-que-llegan-en-mayo\/#primaryimage\"},\"thumbnailUrl\":\"https:\/\/gysfm.com.ar\/inicio\/wp-content\/uploads\/2026\/04\/todos-los-aumentos-que-llegan-en-mayo-2230914.jpeg\",\"datePublished\":\"2026-05-01T01:52:12+00:00\",\"breadcrumb\":{\"@id\":\"https:\/\/gysfm.com.ar\/inicio\/todos-los-aumentos-que-llegan-en-mayo\/#breadcrumb\"},\"inLanguage\":\"es\",\"potentialAction\":[{\"@type\":\"ReadAction\",\"target\":[\"https:\/\/gysfm.com.ar\/inicio\/todos-los-aumentos-que-llegan-en-mayo\/\"]}]},{\"@type\":\"ImageObject\",\"inLanguage\":\"es\",\"@id\":\"https:\/\/gysfm.com.ar\/inicio\/todos-los-aumentos-que-llegan-en-mayo\/#primaryimage\",\"url\":\"https:\/\/gysfm.com.ar\/inicio\/wp-content\/uploads\/2026\/04\/todos-los-aumentos-que-llegan-en-mayo-2230914.jpeg\",\"contentUrl\":\"https:\/\/gysfm.com.ar\/inicio\/wp-content\/uploads\/2026\/04\/todos-los-aumentos-que-llegan-en-mayo-2230914.jpeg\",\"width\":1140,\"height\":641},{\"@type\":\"BreadcrumbList\",\"@id\":\"https:\/\/gysfm.com.ar\/inicio\/todos-los-aumentos-que-llegan-en-mayo\/#breadcrumb\",\"itemListElement\":[{\"@type\":\"ListItem\",\"position\":1,\"name\":\"Portada\",\"item\":\"https:\/\/gysfm.com.ar\/inicio\/\"},{\"@type\":\"ListItem\",\"position\":2,\"name\":\"Todos los aumentos que llegan en mayo\"}]},{\"@type\":\"WebSite\",\"@id\":\"https:\/\/gysfm.com.ar\/inicio\/#website\",\"url\":\"https:\/\/gysfm.com.ar\/inicio\/\",\"name\":\"GYS NOTICIAS |\",\"description\":\"DIARIO - RADIO ONLINE SAN JUAN ARGENTINA\",\"publisher\":{\"@id\":\"https:\/\/gysfm.com.ar\/inicio\/#organization\"},\"potentialAction\":[{\"@type\":\"SearchAction\",\"target\":{\"@type\":\"EntryPoint\",\"urlTemplate\":\"https:\/\/gysfm.com.ar\/inicio\/?s={search_term_string}\"},\"query-input\":{\"@type\":\"PropertyValueSpecification\",\"valueRequired\":true,\"valueName\":\"search_term_string\"}}],\"inLanguage\":\"es\"},{\"@type\":\"Organization\",\"@id\":\"https:\/\/gysfm.com.ar\/inicio\/#organization\",\"name\":\"GYS NOTICIAS |\",\"url\":\"https:\/\/gysfm.com.ar\/inicio\/\",\"logo\":{\"@type\":\"ImageObject\",\"inLanguage\":\"es\",\"@id\":\"https:\/\/gysfm.com.ar\/inicio\/#\/schema\/logo\/image\/\",\"url\":\"https:\/\/gysfm.com.ar\/inicio\/wp-content\/uploads\/2023\/07\/LOGOGYS-OK.png\",\"contentUrl\":\"https:\/\/gysfm.com.ar\/inicio\/wp-content\/uploads\/2023\/07\/LOGOGYS-OK.png\",\"width\":1170,\"height\":872,\"caption\":\"GYS NOTICIAS |\"},\"image\":{\"@id\":\"https:\/\/gysfm.com.ar\/inicio\/#\/schema\/logo\/image\/\"}},{\"@type\":\"Person\",\"@id\":\"https:\/\/gysfm.com.ar\/inicio\/#\/schema\/person\/3abba7593ef2ad19e1be221d54383dc5\",\"name\":\"Prensa G&amp;S FM\",\"image\":{\"@type\":\"ImageObject\",\"inLanguage\":\"es\",\"@id\":\"https:\/\/gysfm.com.ar\/inicio\/#\/schema\/person\/image\/\",\"url\":\"https:\/\/secure.gravatar.com\/avatar\/096ec78df02049ab018702bb4ccedf659377fa92a26540b5247612077a0dbd29?s=96&d=mm&r=g\",\"contentUrl\":\"https:\/\/secure.gravatar.com\/avatar\/096ec78df02049ab018702bb4ccedf659377fa92a26540b5247612077a0dbd29?s=96&d=mm&r=g\",\"caption\":\"Prensa G&amp;S FM\"},\"sameAs\":[\"https:\/\/gysfm.com.ar\/\"],\"url\":\"https:\/\/gysfm.com.ar\/inicio\/author\/lucasm\/\"}]}<\/script>\n<!-- \/ Yoast SEO plugin. -->","yoast_head_json":{"title":"Todos los aumentos que llegan en mayo - GYS NOTICIAS |","robots":{"index":"index","follow":"follow","max-snippet":"max-snippet:-1","max-image-preview":"max-image-preview:large","max-video-preview":"max-video-preview:-1"},"canonical":"https:\/\/gysfm.com.ar\/inicio\/todos-los-aumentos-que-llegan-en-mayo\/","og_locale":"es_ES","og_type":"article","og_title":"Todos los aumentos que llegan en mayo - GYS NOTICIAS |","og_description":"El mes de mayo comienza con una nueva tanda de incrementos que impactar\u00e1n de lleno en el bolsillo de los argentinos. Transporte p\u00fablico, servicios b\u00e1sicos y salud privada encabezan la lista de rubros que sufrir\u00e1n actualizaciones de tarifas, en un contexto de alta inflaci\u00f3n y recomposici\u00f3n de precios relativos. Colectivos: subas escalonadas en el AMBA [&hellip;]","og_url":"https:\/\/gysfm.com.ar\/inicio\/todos-los-aumentos-que-llegan-en-mayo\/","og_site_name":"GYS NOTICIAS |","article_published_time":"2026-05-01T01:52:12+00:00","author":"Prensa G&amp;S FM","twitter_card":"summary_large_image","twitter_misc":{"Escrito por":"Prensa G&amp;S FM","Tiempo de lectura":"2 minutos"},"schema":{"@context":"https:\/\/schema.org","@graph":[{"@type":"Article","@id":"https:\/\/gysfm.com.ar\/inicio\/todos-los-aumentos-que-llegan-en-mayo\/#article","isPartOf":{"@id":"https:\/\/gysfm.com.ar\/inicio\/todos-los-aumentos-que-llegan-en-mayo\/"},"author":{"name":"Prensa G&amp;S FM","@id":"https:\/\/gysfm.com.ar\/inicio\/#\/schema\/person\/3abba7593ef2ad19e1be221d54383dc5"},"headline":"Todos los aumentos que llegan en mayo","datePublished":"2026-05-01T01:52:12+00:00","mainEntityOfPage":{"@id":"https:\/\/gysfm.com.ar\/inicio\/todos-los-aumentos-que-llegan-en-mayo\/"},"wordCount":343,"publisher":{"@id":"https:\/\/gysfm.com.ar\/inicio\/#organization"},"image":{"@id":"https:\/\/gysfm.com.ar\/inicio\/todos-los-aumentos-que-llegan-en-mayo\/#primaryimage"},"thumbnailUrl":"https:\/\/gysfm.com.ar\/inicio\/wp-content\/uploads\/2026\/04\/todos-los-aumentos-que-llegan-en-mayo-2230914.jpeg","articleSection":["NACIONALES"],"inLanguage":"es"},{"@type":"WebPage","@id":"https:\/\/gysfm.com.ar\/inicio\/todos-los-aumentos-que-llegan-en-mayo\/","url":"https:\/\/gysfm.com.ar\/inicio\/todos-los-aumentos-que-llegan-en-mayo\/","name":"Todos los aumentos que llegan en mayo - GYS NOTICIAS |","isPartOf":{"@id":"https:\/\/gysfm.com.ar\/inicio\/#website"},"primaryImageOfPage":{"@id":"https:\/\/gysfm.com.ar\/inicio\/todos-los-aumentos-que-llegan-en-mayo\/#primaryimage"},"image":{"@id":"https:\/\/gysfm.com.ar\/inicio\/todos-los-aumentos-que-llegan-en-mayo\/#primaryimage"},"thumbnailUrl":"https:\/\/gysfm.com.ar\/inicio\/wp-content\/uploads\/2026\/04\/todos-los-aumentos-que-llegan-en-mayo-2230914.jpeg","datePublished":"2026-05-01T01:52:12+00:00","breadcrumb":{"@id":"https:\/\/gysfm.com.ar\/inicio\/todos-los-aumentos-que-llegan-en-mayo\/#breadcrumb"},"inLanguage":"es","potentialAction":[{"@type":"ReadAction","target":["https:\/\/gysfm.com.ar\/inicio\/todos-los-aumentos-que-llegan-en-mayo\/"]}]},{"@type":"ImageObject","inLanguage":"es","@id":"https:\/\/gysfm.com.ar\/inicio\/todos-los-aumentos-que-llegan-en-mayo\/#primaryimage","url":"https:\/\/gysfm.com.ar\/inicio\/wp-content\/uploads\/2026\/04\/todos-los-aumentos-que-llegan-en-mayo-2230914.jpeg","contentUrl":"https:\/\/gysfm.com.ar\/inicio\/wp-content\/uploads\/2026\/04\/todos-los-aumentos-que-llegan-en-mayo-2230914.jpeg","width":1140,"height":641},{"@type":"BreadcrumbList","@id":"https:\/\/gysfm.com.ar\/inicio\/todos-los-aumentos-que-llegan-en-mayo\/#breadcrumb","itemListElement":[{"@type":"ListItem","position":1,"name":"Portada","item":"https:\/\/gysfm.com.ar\/inicio\/"},{"@type":"ListItem","position":2,"name":"Todos los aumentos que llegan en mayo"}]},{"@type":"WebSite","@id":"https:\/\/gysfm.com.ar\/inicio\/#website","url":"https:\/\/gysfm.com.ar\/inicio\/","name":"GYS NOTICIAS |","description":"DIARIO - RADIO ONLINE SAN JUAN ARGENTINA","publisher":{"@id":"https:\/\/gysfm.com.ar\/inicio\/#organization"},"potentialAction":[{"@type":"SearchAction","target":{"@type":"EntryPoint","urlTemplate":"https:\/\/gysfm.com.ar\/inicio\/?s={search_term_string}"},"query-input":{"@type":"PropertyValueSpecification","valueRequired":true,"valueName":"search_term_string"}}],"inLanguage":"es"},{"@type":"Organization","@id":"https:\/\/gysfm.com.ar\/inicio\/#organization","name":"GYS NOTICIAS |","url":"https:\/\/gysfm.com.ar\/inicio\/","logo":{"@type":"ImageObject","inLanguage":"es","@id":"https:\/\/gysfm.com.ar\/inicio\/#\/schema\/logo\/image\/","url":"https:\/\/gysfm.com.ar\/inicio\/wp-content\/uploads\/2023\/07\/LOGOGYS-OK.png","contentUrl":"https:\/\/gysfm.com.ar\/inicio\/wp-content\/uploads\/2023\/07\/LOGOGYS-OK.png","width":1170,"height":872,"caption":"GYS NOTICIAS |"},"image":{"@id":"https:\/\/gysfm.com.ar\/inicio\/#\/schema\/logo\/image\/"}},{"@type":"Person","@id":"https:\/\/gysfm.com.ar\/inicio\/#\/schema\/person\/3abba7593ef2ad19e1be221d54383dc5","name":"Prensa G&amp;S FM","image":{"@type":"ImageObject","inLanguage":"es","@id":"https:\/\/gysfm.com.ar\/inicio\/#\/schema\/person\/image\/","url":"https:\/\/secure.gravatar.com\/avatar\/096ec78df02049ab018702bb4ccedf659377fa92a26540b5247612077a0dbd29?s=96&d=mm&r=g","contentUrl":"https:\/\/secure.gravatar.com\/avatar\/096ec78df02049ab018702bb4ccedf659377fa92a26540b5247612077a0dbd29?s=96&d=mm&r=g","caption":"Prensa G&amp;S FM"},"sameAs":["https:\/\/gysfm.com.ar\/"],"url":"https:\/\/gysfm.com.ar\/inicio\/author\/lucasm\/"}]}},"_links":{"self":[{"href":"https:\/\/gysfm.com.ar\/inicio\/wp-json\/wp\/v2\/posts\/193997","targetHints":{"allow":["GET"]}}],"collection":[{"href":"https:\/\/gysfm.com.ar\/inicio\/wp-json\/wp\/v2\/posts"}],"about":[{"href":"https:\/\/gysfm.com.ar\/inicio\/wp-json\/wp\/v2\/types\/post"}],"author":[{"embeddable":true,"href":"https:\/\/gysfm.com.ar\/inicio\/wp-json\/wp\/v2\/users\/2"}],"replies":[{"embeddable":true,"href":"https:\/\/gysfm.com.ar\/inicio\/wp-json\/wp\/v2\/comments?post=193997"}],"version-history":[{"count":0,"href":"https:\/\/gysfm.com.ar\/inicio\/wp-json\/wp\/v2\/posts\/193997\/revisions"}],"wp:featuredmedia":[{"embeddable":true,"href":"https:\/\/gysfm.com.ar\/inicio\/wp-json\/wp\/v2\/media\/193998"}],"wp:attachment":[{"href":"https:\/\/gysfm.com.ar\/inicio\/wp-json\/wp\/v2\/media?parent=193997"}],"wp:term":[{"taxonomy":"category","embeddable":true,"href":"https:\/\/gysfm.com.ar\/inicio\/wp-json\/wp\/v2\/categories?post=193997"},{"taxonomy":"post_tag","embeddable":true,"href":"https:\/\/gysfm.com.ar\/inicio\/wp-json\/wp\/v2\/tags?post=193997"}],"curies":[{"name":"wp","href":"https:\/\/api.w.org\/{rel}","templated":true}]}}