{"id":193989,"date":"2026-04-30T22:21:34","date_gmt":"2026-05-01T01:21:34","guid":{"rendered":"https:\/\/gysfm.com.ar\/inicio\/el-gobierno-porteno-aumento-un-28-el-costo-de-la-vtv\/"},"modified":"2026-04-30T22:21:34","modified_gmt":"2026-05-01T01:21:34","slug":"el-gobierno-porteno-aumento-un-28-el-costo-de-la-vtv","status":"publish","type":"post","link":"https:\/\/gysfm.com.ar\/inicio\/el-gobierno-porteno-aumento-un-28-el-costo-de-la-vtv\/","title":{"rendered":"El gobierno porte\u00f1o aument\u00f3 un 28% el costo de la VTV"},"content":{"rendered":"<p><\/p>\n<div id=\"article-content\">\n<p>El Gobierno de la <a target=\"_blank\" href=\"https:\/\/www.perfil.com\/noticias\/economia\/fuerte-aumento-de-la-vtv-en-caba-sube-un-28-y-ya-roza-los-100000-a40.phtml\"><strong>Ciudad de Buenos Aires dispuso un aumento del 28% <\/strong>en el<\/a><strong><a target=\"_blank\" href=\"https:\/\/www.perfil.com\/noticias\/economia\/fuerte-aumento-de-la-vtv-en-caba-sube-un-28-y-ya-roza-los-100000-a40.phtml\"> costo de la Verificaci\u00f3n T\u00e9cnica Vehicular (VTV)<\/a>,<\/strong> una medida que comenzar\u00e1 a regir en los pr\u00f3ximos d\u00edas y que impactar\u00e1 en miles de automovilistas y motociclistas que deben cumplir con el tr\u00e1mite obligatorio.<\/p>\n<p>La VTV \u2014similar a la VTV en la provincia\u2014 es un <strong>control peri\u00f3dico que certifica el correcto estado mec\u00e1nico y de seguridad de los veh\u00edculos que circulan por la v\u00eda p\u00fablica. Con la actualizaci\u00f3n, el valor del servicio se ajusta en l\u00ednea con la suba de costos operativos y la inflaci\u00f3n acumulada.<\/strong><\/p>\n<p>Seg\u00fan informaron fuentes oficiales, el nuevo cuadro tarifario establece que los autos particulares pasar\u00e1n a pagar un monto superior al vigente hasta abril, mientras que en el caso de las motos tambi\u00e9n se aplicar\u00e1 una suba proporcional. Las autoridades explicaron que el<strong> incremento responde a la necesidad de mantener el funcionamiento del sistema y garantizar est\u00e1ndares de control adecuados.<\/strong><\/p>\n<div class=\"subscription\">\n<p>\n        Esto no les gusta a los autoritarios\n    <\/p>\n<div class=\"subscription__container\">\n<div class=\"subscription__text-wrapper\">\n<p>\n                El ejercicio del periodismo profesional y cr\u00edtico es un pilar fundamental de la democracia. Por eso molesta a quienes creen ser los due\u00f1os de la verdad.\n            <\/p>\n<\/p><\/div><\/div>\n<\/div>\n<p><iframe id=\"vrudo\" class=\"vrudo\" src=\"https:\/\/rudo.video\/vod\/yiQYlLTfr5s?volume=0\" width=\"100%\" height=\"100%\" allowscriptaccess=\"always\" allowfullscreen=\"true\" webkitallowfullscreen=\"true\" frameborder=\"0\" scrolling=\"no\" allow=\"autoplay; fullscreen\" loading=\"lazy\" title=\"Contenido embebido\"><\/iframe><\/p>\n<p>Desde el Ejecutivo porte\u00f1o se\u00f1alaron que la <strong>revisi\u00f3n t\u00e9cnica es clave para reducir siniestros viales y mejorar las condiciones de circulaci\u00f3n. En ese sentido, recordaron que circular sin la VTV al d\u00eda puede derivar en multas y sanciones<\/strong>, adem\u00e1s de la posible retenci\u00f3n del veh\u00edculo.<\/p>\n<p>El ajuste se suma a otros incrementos en servicios y tr\u00e1mites que comenzaron a regir en mayo, en un contexto de <strong>recomposici\u00f3n de tarifas en distintos sectores. <\/strong>Para los usuarios, representa un nuevo gasto a tener en cuenta dentro del presupuesto mensual, especialmente para quienes deben realizar el control en el corto plazo.<\/p>\n<p>Mientras tanto, asociaciones de consumidores advierten sobre el <strong>impacto acumulativo de estos aumentos y reclaman medidas que contemplen la situaci\u00f3n econ\u00f3mica de los sectores medios, que afrontan m\u00faltiples subas en servicios esenciales y obligaciones administrativas.<\/strong><\/p>\n<\/p><\/div>\n<p><script>\n                !function(f,b,e,v,n,t,s)\n                {if(f.fbq)return;n=f.fbq=function(){n.callMethod?\n                    n.callMethod.apply(n,arguments):n.queue.push(arguments)};\n                    if(!f._fbq)f._fbq=n;n.push=n;n.loaded=!0;n.version='2.0';\n                    n.queue=[];t=b.createElement(e);t.async=!0;\n                    t.src=v;s=b.getElementsByTagName(e)[0];\n                    s.parentNode.insertBefore(t,s)}(window, document,'script',\n                    'https:\/\/connect.facebook.net\/en_US\/fbevents.js');\n                window.paywallConfig.facebook_pixel=\"1000228364089342\"\n            <\/script><\/p>\n","protected":false},"excerpt":{"rendered":"<p>El Gobierno de la Ciudad de Buenos Aires dispuso un aumento del 28% en el costo de la Verificaci\u00f3n T\u00e9cnica Vehicular (VTV), una medida que comenzar\u00e1 a regir en los pr\u00f3ximos d\u00edas y que impactar\u00e1 en miles de automovilistas y motociclistas que deben cumplir con el tr\u00e1mite obligatorio. La VTV \u2014similar a la VTV en [&hellip;]<\/p>\n","protected":false},"author":2,"featured_media":193990,"comment_status":"closed","ping_status":"closed","sticky":false,"template":"","format":"standard","meta":{"footnotes":""},"categories":[25],"tags":[],"class_list":["post-193989","post","type-post","status-publish","format-standard","has-post-thumbnail","hentry","category-nacionales"],"yoast_head":"<!-- This site is optimized with the Yoast SEO plugin v24.4 - https:\/\/yoast.com\/wordpress\/plugins\/seo\/ -->\n<title>El gobierno porte\u00f1o aument\u00f3 un 28% el costo de la VTV - GYS NOTICIAS |<\/title>\n<meta name=\"robots\" content=\"index, follow, max-snippet:-1, max-image-preview:large, max-video-preview:-1\" \/>\n<link rel=\"canonical\" href=\"https:\/\/gysfm.com.ar\/inicio\/el-gobierno-porteno-aumento-un-28-el-costo-de-la-vtv\/\" \/>\n<meta property=\"og:locale\" content=\"es_ES\" \/>\n<meta property=\"og:type\" content=\"article\" \/>\n<meta property=\"og:title\" content=\"El gobierno porte\u00f1o aument\u00f3 un 28% el costo de la VTV - GYS NOTICIAS |\" \/>\n<meta property=\"og:description\" content=\"El Gobierno de la Ciudad de Buenos Aires dispuso un aumento del 28% en el costo de la Verificaci\u00f3n T\u00e9cnica Vehicular (VTV), una medida que comenzar\u00e1 a regir en los pr\u00f3ximos d\u00edas y que impactar\u00e1 en miles de automovilistas y motociclistas que deben cumplir con el tr\u00e1mite obligatorio. La VTV \u2014similar a la VTV en [&hellip;]\" \/>\n<meta property=\"og:url\" content=\"https:\/\/gysfm.com.ar\/inicio\/el-gobierno-porteno-aumento-un-28-el-costo-de-la-vtv\/\" \/>\n<meta property=\"og:site_name\" content=\"GYS NOTICIAS |\" \/>\n<meta property=\"article:published_time\" content=\"2026-05-01T01:21:34+00:00\" \/>\n<meta name=\"author\" content=\"Prensa G&amp;S FM\" \/>\n<meta name=\"twitter:card\" content=\"summary_large_image\" \/>\n<meta name=\"twitter:label1\" content=\"Escrito por\" \/>\n\t<meta name=\"twitter:data1\" content=\"Prensa G&amp;S FM\" \/>\n\t<meta name=\"twitter:label2\" content=\"Tiempo de lectura\" \/>\n\t<meta name=\"twitter:data2\" content=\"2 minutos\" \/>\n<script type=\"application\/ld+json\" class=\"yoast-schema-graph\">{\"@context\":\"https:\/\/schema.org\",\"@graph\":[{\"@type\":\"Article\",\"@id\":\"https:\/\/gysfm.com.ar\/inicio\/el-gobierno-porteno-aumento-un-28-el-costo-de-la-vtv\/#article\",\"isPartOf\":{\"@id\":\"https:\/\/gysfm.com.ar\/inicio\/el-gobierno-porteno-aumento-un-28-el-costo-de-la-vtv\/\"},\"author\":{\"name\":\"Prensa G&amp;S FM\",\"@id\":\"https:\/\/gysfm.com.ar\/inicio\/#\/schema\/person\/3abba7593ef2ad19e1be221d54383dc5\"},\"headline\":\"El gobierno porte\u00f1o aument\u00f3 un 28% el costo de la VTV\",\"datePublished\":\"2026-05-01T01:21:34+00:00\",\"mainEntityOfPage\":{\"@id\":\"https:\/\/gysfm.com.ar\/inicio\/el-gobierno-porteno-aumento-un-28-el-costo-de-la-vtv\/\"},\"wordCount\":368,\"publisher\":{\"@id\":\"https:\/\/gysfm.com.ar\/inicio\/#organization\"},\"image\":{\"@id\":\"https:\/\/gysfm.com.ar\/inicio\/el-gobierno-porteno-aumento-un-28-el-costo-de-la-vtv\/#primaryimage\"},\"thumbnailUrl\":\"https:\/\/gysfm.com.ar\/inicio\/wp-content\/uploads\/2026\/04\/vtv-aumenta-un-194-en-caba-a-partir-de-marzo-2205888.jpg\",\"articleSection\":[\"NACIONALES\"],\"inLanguage\":\"es\"},{\"@type\":\"WebPage\",\"@id\":\"https:\/\/gysfm.com.ar\/inicio\/el-gobierno-porteno-aumento-un-28-el-costo-de-la-vtv\/\",\"url\":\"https:\/\/gysfm.com.ar\/inicio\/el-gobierno-porteno-aumento-un-28-el-costo-de-la-vtv\/\",\"name\":\"El gobierno porte\u00f1o aument\u00f3 un 28% el costo de la VTV - GYS NOTICIAS |\",\"isPartOf\":{\"@id\":\"https:\/\/gysfm.com.ar\/inicio\/#website\"},\"primaryImageOfPage\":{\"@id\":\"https:\/\/gysfm.com.ar\/inicio\/el-gobierno-porteno-aumento-un-28-el-costo-de-la-vtv\/#primaryimage\"},\"image\":{\"@id\":\"https:\/\/gysfm.com.ar\/inicio\/el-gobierno-porteno-aumento-un-28-el-costo-de-la-vtv\/#primaryimage\"},\"thumbnailUrl\":\"https:\/\/gysfm.com.ar\/inicio\/wp-content\/uploads\/2026\/04\/vtv-aumenta-un-194-en-caba-a-partir-de-marzo-2205888.jpg\",\"datePublished\":\"2026-05-01T01:21:34+00:00\",\"breadcrumb\":{\"@id\":\"https:\/\/gysfm.com.ar\/inicio\/el-gobierno-porteno-aumento-un-28-el-costo-de-la-vtv\/#breadcrumb\"},\"inLanguage\":\"es\",\"potentialAction\":[{\"@type\":\"ReadAction\",\"target\":[\"https:\/\/gysfm.com.ar\/inicio\/el-gobierno-porteno-aumento-un-28-el-costo-de-la-vtv\/\"]}]},{\"@type\":\"ImageObject\",\"inLanguage\":\"es\",\"@id\":\"https:\/\/gysfm.com.ar\/inicio\/el-gobierno-porteno-aumento-un-28-el-costo-de-la-vtv\/#primaryimage\",\"url\":\"https:\/\/gysfm.com.ar\/inicio\/wp-content\/uploads\/2026\/04\/vtv-aumenta-un-194-en-caba-a-partir-de-marzo-2205888.jpg\",\"contentUrl\":\"https:\/\/gysfm.com.ar\/inicio\/wp-content\/uploads\/2026\/04\/vtv-aumenta-un-194-en-caba-a-partir-de-marzo-2205888.jpg\",\"width\":1140,\"height\":641},{\"@type\":\"BreadcrumbList\",\"@id\":\"https:\/\/gysfm.com.ar\/inicio\/el-gobierno-porteno-aumento-un-28-el-costo-de-la-vtv\/#breadcrumb\",\"itemListElement\":[{\"@type\":\"ListItem\",\"position\":1,\"name\":\"Portada\",\"item\":\"https:\/\/gysfm.com.ar\/inicio\/\"},{\"@type\":\"ListItem\",\"position\":2,\"name\":\"El gobierno porte\u00f1o aument\u00f3 un 28% el costo de la VTV\"}]},{\"@type\":\"WebSite\",\"@id\":\"https:\/\/gysfm.com.ar\/inicio\/#website\",\"url\":\"https:\/\/gysfm.com.ar\/inicio\/\",\"name\":\"GYS NOTICIAS |\",\"description\":\"DIARIO - RADIO ONLINE SAN JUAN ARGENTINA\",\"publisher\":{\"@id\":\"https:\/\/gysfm.com.ar\/inicio\/#organization\"},\"potentialAction\":[{\"@type\":\"SearchAction\",\"target\":{\"@type\":\"EntryPoint\",\"urlTemplate\":\"https:\/\/gysfm.com.ar\/inicio\/?s={search_term_string}\"},\"query-input\":{\"@type\":\"PropertyValueSpecification\",\"valueRequired\":true,\"valueName\":\"search_term_string\"}}],\"inLanguage\":\"es\"},{\"@type\":\"Organization\",\"@id\":\"https:\/\/gysfm.com.ar\/inicio\/#organization\",\"name\":\"GYS NOTICIAS |\",\"url\":\"https:\/\/gysfm.com.ar\/inicio\/\",\"logo\":{\"@type\":\"ImageObject\",\"inLanguage\":\"es\",\"@id\":\"https:\/\/gysfm.com.ar\/inicio\/#\/schema\/logo\/image\/\",\"url\":\"https:\/\/gysfm.com.ar\/inicio\/wp-content\/uploads\/2023\/07\/LOGOGYS-OK.png\",\"contentUrl\":\"https:\/\/gysfm.com.ar\/inicio\/wp-content\/uploads\/2023\/07\/LOGOGYS-OK.png\",\"width\":1170,\"height\":872,\"caption\":\"GYS NOTICIAS |\"},\"image\":{\"@id\":\"https:\/\/gysfm.com.ar\/inicio\/#\/schema\/logo\/image\/\"}},{\"@type\":\"Person\",\"@id\":\"https:\/\/gysfm.com.ar\/inicio\/#\/schema\/person\/3abba7593ef2ad19e1be221d54383dc5\",\"name\":\"Prensa G&amp;S FM\",\"image\":{\"@type\":\"ImageObject\",\"inLanguage\":\"es\",\"@id\":\"https:\/\/gysfm.com.ar\/inicio\/#\/schema\/person\/image\/\",\"url\":\"https:\/\/secure.gravatar.com\/avatar\/096ec78df02049ab018702bb4ccedf659377fa92a26540b5247612077a0dbd29?s=96&d=mm&r=g\",\"contentUrl\":\"https:\/\/secure.gravatar.com\/avatar\/096ec78df02049ab018702bb4ccedf659377fa92a26540b5247612077a0dbd29?s=96&d=mm&r=g\",\"caption\":\"Prensa G&amp;S FM\"},\"sameAs\":[\"https:\/\/gysfm.com.ar\/\"],\"url\":\"https:\/\/gysfm.com.ar\/inicio\/author\/lucasm\/\"}]}<\/script>\n<!-- \/ Yoast SEO plugin. -->","yoast_head_json":{"title":"El gobierno porte\u00f1o aument\u00f3 un 28% el costo de la VTV - GYS NOTICIAS |","robots":{"index":"index","follow":"follow","max-snippet":"max-snippet:-1","max-image-preview":"max-image-preview:large","max-video-preview":"max-video-preview:-1"},"canonical":"https:\/\/gysfm.com.ar\/inicio\/el-gobierno-porteno-aumento-un-28-el-costo-de-la-vtv\/","og_locale":"es_ES","og_type":"article","og_title":"El gobierno porte\u00f1o aument\u00f3 un 28% el costo de la VTV - GYS NOTICIAS |","og_description":"El Gobierno de la Ciudad de Buenos Aires dispuso un aumento del 28% en el costo de la Verificaci\u00f3n T\u00e9cnica Vehicular (VTV), una medida que comenzar\u00e1 a regir en los pr\u00f3ximos d\u00edas y que impactar\u00e1 en miles de automovilistas y motociclistas que deben cumplir con el tr\u00e1mite obligatorio. La VTV \u2014similar a la VTV en [&hellip;]","og_url":"https:\/\/gysfm.com.ar\/inicio\/el-gobierno-porteno-aumento-un-28-el-costo-de-la-vtv\/","og_site_name":"GYS NOTICIAS |","article_published_time":"2026-05-01T01:21:34+00:00","author":"Prensa G&amp;S FM","twitter_card":"summary_large_image","twitter_misc":{"Escrito por":"Prensa G&amp;S FM","Tiempo de lectura":"2 minutos"},"schema":{"@context":"https:\/\/schema.org","@graph":[{"@type":"Article","@id":"https:\/\/gysfm.com.ar\/inicio\/el-gobierno-porteno-aumento-un-28-el-costo-de-la-vtv\/#article","isPartOf":{"@id":"https:\/\/gysfm.com.ar\/inicio\/el-gobierno-porteno-aumento-un-28-el-costo-de-la-vtv\/"},"author":{"name":"Prensa G&amp;S FM","@id":"https:\/\/gysfm.com.ar\/inicio\/#\/schema\/person\/3abba7593ef2ad19e1be221d54383dc5"},"headline":"El gobierno porte\u00f1o aument\u00f3 un 28% el costo de la VTV","datePublished":"2026-05-01T01:21:34+00:00","mainEntityOfPage":{"@id":"https:\/\/gysfm.com.ar\/inicio\/el-gobierno-porteno-aumento-un-28-el-costo-de-la-vtv\/"},"wordCount":368,"publisher":{"@id":"https:\/\/gysfm.com.ar\/inicio\/#organization"},"image":{"@id":"https:\/\/gysfm.com.ar\/inicio\/el-gobierno-porteno-aumento-un-28-el-costo-de-la-vtv\/#primaryimage"},"thumbnailUrl":"https:\/\/gysfm.com.ar\/inicio\/wp-content\/uploads\/2026\/04\/vtv-aumenta-un-194-en-caba-a-partir-de-marzo-2205888.jpg","articleSection":["NACIONALES"],"inLanguage":"es"},{"@type":"WebPage","@id":"https:\/\/gysfm.com.ar\/inicio\/el-gobierno-porteno-aumento-un-28-el-costo-de-la-vtv\/","url":"https:\/\/gysfm.com.ar\/inicio\/el-gobierno-porteno-aumento-un-28-el-costo-de-la-vtv\/","name":"El gobierno porte\u00f1o aument\u00f3 un 28% el costo de la VTV - GYS NOTICIAS |","isPartOf":{"@id":"https:\/\/gysfm.com.ar\/inicio\/#website"},"primaryImageOfPage":{"@id":"https:\/\/gysfm.com.ar\/inicio\/el-gobierno-porteno-aumento-un-28-el-costo-de-la-vtv\/#primaryimage"},"image":{"@id":"https:\/\/gysfm.com.ar\/inicio\/el-gobierno-porteno-aumento-un-28-el-costo-de-la-vtv\/#primaryimage"},"thumbnailUrl":"https:\/\/gysfm.com.ar\/inicio\/wp-content\/uploads\/2026\/04\/vtv-aumenta-un-194-en-caba-a-partir-de-marzo-2205888.jpg","datePublished":"2026-05-01T01:21:34+00:00","breadcrumb":{"@id":"https:\/\/gysfm.com.ar\/inicio\/el-gobierno-porteno-aumento-un-28-el-costo-de-la-vtv\/#breadcrumb"},"inLanguage":"es","potentialAction":[{"@type":"ReadAction","target":["https:\/\/gysfm.com.ar\/inicio\/el-gobierno-porteno-aumento-un-28-el-costo-de-la-vtv\/"]}]},{"@type":"ImageObject","inLanguage":"es","@id":"https:\/\/gysfm.com.ar\/inicio\/el-gobierno-porteno-aumento-un-28-el-costo-de-la-vtv\/#primaryimage","url":"https:\/\/gysfm.com.ar\/inicio\/wp-content\/uploads\/2026\/04\/vtv-aumenta-un-194-en-caba-a-partir-de-marzo-2205888.jpg","contentUrl":"https:\/\/gysfm.com.ar\/inicio\/wp-content\/uploads\/2026\/04\/vtv-aumenta-un-194-en-caba-a-partir-de-marzo-2205888.jpg","width":1140,"height":641},{"@type":"BreadcrumbList","@id":"https:\/\/gysfm.com.ar\/inicio\/el-gobierno-porteno-aumento-un-28-el-costo-de-la-vtv\/#breadcrumb","itemListElement":[{"@type":"ListItem","position":1,"name":"Portada","item":"https:\/\/gysfm.com.ar\/inicio\/"},{"@type":"ListItem","position":2,"name":"El gobierno porte\u00f1o aument\u00f3 un 28% el costo de la VTV"}]},{"@type":"WebSite","@id":"https:\/\/gysfm.com.ar\/inicio\/#website","url":"https:\/\/gysfm.com.ar\/inicio\/","name":"GYS NOTICIAS |","description":"DIARIO - RADIO ONLINE SAN JUAN ARGENTINA","publisher":{"@id":"https:\/\/gysfm.com.ar\/inicio\/#organization"},"potentialAction":[{"@type":"SearchAction","target":{"@type":"EntryPoint","urlTemplate":"https:\/\/gysfm.com.ar\/inicio\/?s={search_term_string}"},"query-input":{"@type":"PropertyValueSpecification","valueRequired":true,"valueName":"search_term_string"}}],"inLanguage":"es"},{"@type":"Organization","@id":"https:\/\/gysfm.com.ar\/inicio\/#organization","name":"GYS NOTICIAS |","url":"https:\/\/gysfm.com.ar\/inicio\/","logo":{"@type":"ImageObject","inLanguage":"es","@id":"https:\/\/gysfm.com.ar\/inicio\/#\/schema\/logo\/image\/","url":"https:\/\/gysfm.com.ar\/inicio\/wp-content\/uploads\/2023\/07\/LOGOGYS-OK.png","contentUrl":"https:\/\/gysfm.com.ar\/inicio\/wp-content\/uploads\/2023\/07\/LOGOGYS-OK.png","width":1170,"height":872,"caption":"GYS NOTICIAS |"},"image":{"@id":"https:\/\/gysfm.com.ar\/inicio\/#\/schema\/logo\/image\/"}},{"@type":"Person","@id":"https:\/\/gysfm.com.ar\/inicio\/#\/schema\/person\/3abba7593ef2ad19e1be221d54383dc5","name":"Prensa G&amp;S FM","image":{"@type":"ImageObject","inLanguage":"es","@id":"https:\/\/gysfm.com.ar\/inicio\/#\/schema\/person\/image\/","url":"https:\/\/secure.gravatar.com\/avatar\/096ec78df02049ab018702bb4ccedf659377fa92a26540b5247612077a0dbd29?s=96&d=mm&r=g","contentUrl":"https:\/\/secure.gravatar.com\/avatar\/096ec78df02049ab018702bb4ccedf659377fa92a26540b5247612077a0dbd29?s=96&d=mm&r=g","caption":"Prensa G&amp;S FM"},"sameAs":["https:\/\/gysfm.com.ar\/"],"url":"https:\/\/gysfm.com.ar\/inicio\/author\/lucasm\/"}]}},"_links":{"self":[{"href":"https:\/\/gysfm.com.ar\/inicio\/wp-json\/wp\/v2\/posts\/193989","targetHints":{"allow":["GET"]}}],"collection":[{"href":"https:\/\/gysfm.com.ar\/inicio\/wp-json\/wp\/v2\/posts"}],"about":[{"href":"https:\/\/gysfm.com.ar\/inicio\/wp-json\/wp\/v2\/types\/post"}],"author":[{"embeddable":true,"href":"https:\/\/gysfm.com.ar\/inicio\/wp-json\/wp\/v2\/users\/2"}],"replies":[{"embeddable":true,"href":"https:\/\/gysfm.com.ar\/inicio\/wp-json\/wp\/v2\/comments?post=193989"}],"version-history":[{"count":0,"href":"https:\/\/gysfm.com.ar\/inicio\/wp-json\/wp\/v2\/posts\/193989\/revisions"}],"wp:featuredmedia":[{"embeddable":true,"href":"https:\/\/gysfm.com.ar\/inicio\/wp-json\/wp\/v2\/media\/193990"}],"wp:attachment":[{"href":"https:\/\/gysfm.com.ar\/inicio\/wp-json\/wp\/v2\/media?parent=193989"}],"wp:term":[{"taxonomy":"category","embeddable":true,"href":"https:\/\/gysfm.com.ar\/inicio\/wp-json\/wp\/v2\/categories?post=193989"},{"taxonomy":"post_tag","embeddable":true,"href":"https:\/\/gysfm.com.ar\/inicio\/wp-json\/wp\/v2\/tags?post=193989"}],"curies":[{"name":"wp","href":"https:\/\/api.w.org\/{rel}","templated":true}]}}