{"id":193986,"date":"2026-04-30T22:02:37","date_gmt":"2026-05-01T01:02:37","guid":{"rendered":"https:\/\/gysfm.com.ar\/inicio\/milei-viaja-al-portaaviones-uss-nimitz-y-participara-de-los-ejercicios-navales-conjuntos-con-estados-unidos\/"},"modified":"2026-04-30T22:02:37","modified_gmt":"2026-05-01T01:02:37","slug":"milei-viaja-al-portaaviones-uss-nimitz-y-participara-de-los-ejercicios-navales-conjuntos-con-estados-unidos","status":"publish","type":"post","link":"https:\/\/gysfm.com.ar\/inicio\/milei-viaja-al-portaaviones-uss-nimitz-y-participara-de-los-ejercicios-navales-conjuntos-con-estados-unidos\/","title":{"rendered":"Milei viaja al portaaviones USS Nimitz y participar\u00e1 de los ejercicios navales conjuntos con Estados Unidos"},"content":{"rendered":"<div><img loading=\"lazy\" decoding=\"async\" width=\"992\" height=\"652\" src=\"https:\/\/diariosanjuan19.com.ar\/wp-content\/uploads\/2026\/04\/image-363.png\" class=\"attachment-post-thumbnail size-post-thumbnail wp-post-image\" alt=\"\"><\/div>\n<p><strong><em>El Presidente parti\u00f3 durante la ma\u00f1ana desde Aeroparque. Se sumar\u00e1 a una actividad organizada en el marco de los ejercicios navales Passex 2026, en un nuevo gesto de alineamiento con la potencia norteamericana.<\/em><\/strong><\/p>\n<p>El presidente Javier Milei parti\u00f3 esta ma\u00f1ana desde el Aeroparque metropolitano con destino al portaaviones USS Nimitz, donde participar\u00e1 de los ejercicios navales conjuntos Passex 2026 que la Armada Argentina realiza junto a la Marina de Estados Unidos. Se trata de un hecho sin precedentes para un mandatario argentino y marca una nueva se\u00f1al de acercamiento estrat\u00e9gico con Washington.<\/p>\n<p>Seg\u00fan pudo confirmar Infobae, la actividad se enmarca en los ejercicios Passex 2026 siglas de \u00abPassing Exercise\u00bb, maniobras de adiestramiento naval combinado que ambos pa\u00edses realizan de forma peri\u00f3dica. La presencia de Milei a bordo del portaaviones de propulsi\u00f3n nuclear, uno de los buques de guerra m\u00e1s emblem\u00e1ticos de la Armada estadounidense, representa un gesto pol\u00edtico de alto impacto en la relaci\u00f3n bilateral.<\/p>\n<h2 class=\"wp-block-heading\">Un gesto de alineamiento estrat\u00e9gico<\/h2>\n<p>La visita del jefe de Estado al USS Nimitz se produce en un contexto de creciente sinton\u00eda entre el Gobierno argentino y la administraci\u00f3n de Donald Trump. Milei ha manifestado en reiteradas ocasiones su admiraci\u00f3n por el presidente estadounidense y su voluntad de alinear la pol\u00edtica exterior argentina con los intereses de Estados Unidos en la regi\u00f3n.<\/p>\n<p>Fuentes oficiales indicaron que el Presidente no solo recorrer\u00e1 las instalaciones del portaaviones, sino que tambi\u00e9n presenciar\u00e1 maniobras de adiestramiento conjunto y mantendr\u00e1 encuentros con altos mandos de la Marina estadounidense. La agenda incluye una reuni\u00f3n con el comandante del grupo de ataque del Nimitz, donde se abordar\u00e1n temas de cooperaci\u00f3n en seguridad mar\u00edtima y defensa regional.<\/p>\n<h2 class=\"wp-block-heading\">El USS Nimitz: un gigante de los mares<\/h2>\n<p>El USS Nimitz (CVN-68) es un portaaviones de propulsi\u00f3n nuclear de la clase Nimitz, con una eslora de m\u00e1s de 330 metros y capacidad para albergar a m\u00e1s de 5000 tripulantes. Con base en la costa oeste de Estados Unidos, su presencia en el Atl\u00e1ntico Sur forma parte de los despliegues de la Armada estadounidense en la regi\u00f3n.<\/p>\n<p>La visita de Milei a la embarcaci\u00f3n constituye un hito en las relaciones bilaterales y refuerza la imagen del mandatario argentino como uno de los l\u00edderes regionales m\u00e1s cercanos a la Casa Blanca en el actual escenario geopol\u00edtico. #MileiEnElPortavionesNimitz <\/p>\n<div class=\"wp-block-image\">\n<figure class=\"aligncenter size-full\"><img loading=\"lazy\" decoding=\"async\" width=\"992\" height=\"620\" src=\"https:\/\/diariosanjuan19.com.ar\/wp-content\/uploads\/2026\/04\/image-364.png\" alt=\"\" class=\"wp-image-38744\"><\/figure>\n<\/div>\n<p>La entrada <a href=\"https:\/\/diariosanjuan19.com.ar\/milei-viaja-al-portaaviones-uss-nimitz-y-participara-de-los-ejercicios-navales-conjuntos-con-estados-unidos\/\">Milei viaja al portaaviones USS Nimitz y participar\u00e1 de los ejercicios navales conjuntos con Estados Unidos<\/a> se public\u00f3 primero en <a href=\"https:\/\/diariosanjuan19.com.ar\/\">DIARIO SAN JUAN 19<\/a>.<\/p>\n","protected":false},"excerpt":{"rendered":"<p>El Presidente parti\u00f3 durante la ma\u00f1ana desde Aeroparque. Se sumar\u00e1 a una actividad organizada en el marco de los ejercicios navales Passex 2026, en un nuevo gesto de alineamiento con la potencia norteamericana. El presidente Javier Milei parti\u00f3 esta ma\u00f1ana desde el Aeroparque metropolitano con destino al portaaviones USS Nimitz, donde participar\u00e1 de los ejercicios [&hellip;]<\/p>\n","protected":false},"author":2,"featured_media":0,"comment_status":"closed","ping_status":"closed","sticky":false,"template":"","format":"standard","meta":{"footnotes":""},"categories":[26],"tags":[],"class_list":["post-193986","post","type-post","status-publish","format-standard","hentry","category-internacionales"],"yoast_head":"<!-- This site is optimized with the Yoast SEO plugin v24.4 - https:\/\/yoast.com\/wordpress\/plugins\/seo\/ -->\n<title>Milei viaja al portaaviones USS Nimitz y participar\u00e1 de los ejercicios navales conjuntos con Estados Unidos - GYS NOTICIAS |<\/title>\n<meta name=\"robots\" content=\"index, follow, max-snippet:-1, max-image-preview:large, max-video-preview:-1\" \/>\n<link rel=\"canonical\" href=\"https:\/\/gysfm.com.ar\/inicio\/milei-viaja-al-portaaviones-uss-nimitz-y-participara-de-los-ejercicios-navales-conjuntos-con-estados-unidos\/\" \/>\n<meta property=\"og:locale\" content=\"es_ES\" \/>\n<meta property=\"og:type\" content=\"article\" \/>\n<meta property=\"og:title\" content=\"Milei viaja al portaaviones USS Nimitz y participar\u00e1 de los ejercicios navales conjuntos con Estados Unidos - GYS NOTICIAS |\" \/>\n<meta property=\"og:description\" content=\"El Presidente parti\u00f3 durante la ma\u00f1ana desde Aeroparque. Se sumar\u00e1 a una actividad organizada en el marco de los ejercicios navales Passex 2026, en un nuevo gesto de alineamiento con la potencia norteamericana. El presidente Javier Milei parti\u00f3 esta ma\u00f1ana desde el Aeroparque metropolitano con destino al portaaviones USS Nimitz, donde participar\u00e1 de los ejercicios [&hellip;]\" \/>\n<meta property=\"og:url\" content=\"https:\/\/gysfm.com.ar\/inicio\/milei-viaja-al-portaaviones-uss-nimitz-y-participara-de-los-ejercicios-navales-conjuntos-con-estados-unidos\/\" \/>\n<meta property=\"og:site_name\" content=\"GYS NOTICIAS |\" \/>\n<meta property=\"article:published_time\" content=\"2026-05-01T01:02:37+00:00\" \/>\n<meta property=\"og:image\" content=\"https:\/\/diariosanjuan19.com.ar\/wp-content\/uploads\/2026\/04\/image-363.png\" \/>\n<meta name=\"author\" content=\"Prensa G&amp;S FM\" \/>\n<meta name=\"twitter:card\" content=\"summary_large_image\" \/>\n<meta name=\"twitter:label1\" content=\"Escrito por\" \/>\n\t<meta name=\"twitter:data1\" content=\"Prensa G&amp;S FM\" \/>\n\t<meta name=\"twitter:label2\" content=\"Tiempo de lectura\" \/>\n\t<meta name=\"twitter:data2\" content=\"2 minutos\" \/>\n<script type=\"application\/ld+json\" class=\"yoast-schema-graph\">{\"@context\":\"https:\/\/schema.org\",\"@graph\":[{\"@type\":\"Article\",\"@id\":\"https:\/\/gysfm.com.ar\/inicio\/milei-viaja-al-portaaviones-uss-nimitz-y-participara-de-los-ejercicios-navales-conjuntos-con-estados-unidos\/#article\",\"isPartOf\":{\"@id\":\"https:\/\/gysfm.com.ar\/inicio\/milei-viaja-al-portaaviones-uss-nimitz-y-participara-de-los-ejercicios-navales-conjuntos-con-estados-unidos\/\"},\"author\":{\"name\":\"Prensa G&amp;S FM\",\"@id\":\"https:\/\/gysfm.com.ar\/inicio\/#\/schema\/person\/3abba7593ef2ad19e1be221d54383dc5\"},\"headline\":\"Milei viaja al portaaviones USS Nimitz y participar\u00e1 de los ejercicios navales conjuntos con Estados Unidos\",\"datePublished\":\"2026-05-01T01:02:37+00:00\",\"mainEntityOfPage\":{\"@id\":\"https:\/\/gysfm.com.ar\/inicio\/milei-viaja-al-portaaviones-uss-nimitz-y-participara-de-los-ejercicios-navales-conjuntos-con-estados-unidos\/\"},\"wordCount\":447,\"publisher\":{\"@id\":\"https:\/\/gysfm.com.ar\/inicio\/#organization\"},\"image\":{\"@id\":\"https:\/\/gysfm.com.ar\/inicio\/milei-viaja-al-portaaviones-uss-nimitz-y-participara-de-los-ejercicios-navales-conjuntos-con-estados-unidos\/#primaryimage\"},\"thumbnailUrl\":\"https:\/\/diariosanjuan19.com.ar\/wp-content\/uploads\/2026\/04\/image-363.png\",\"articleSection\":[\"INTERNACIONALES\"],\"inLanguage\":\"es\"},{\"@type\":\"WebPage\",\"@id\":\"https:\/\/gysfm.com.ar\/inicio\/milei-viaja-al-portaaviones-uss-nimitz-y-participara-de-los-ejercicios-navales-conjuntos-con-estados-unidos\/\",\"url\":\"https:\/\/gysfm.com.ar\/inicio\/milei-viaja-al-portaaviones-uss-nimitz-y-participara-de-los-ejercicios-navales-conjuntos-con-estados-unidos\/\",\"name\":\"Milei viaja al portaaviones USS Nimitz y participar\u00e1 de los ejercicios navales conjuntos con Estados Unidos - GYS NOTICIAS |\",\"isPartOf\":{\"@id\":\"https:\/\/gysfm.com.ar\/inicio\/#website\"},\"primaryImageOfPage\":{\"@id\":\"https:\/\/gysfm.com.ar\/inicio\/milei-viaja-al-portaaviones-uss-nimitz-y-participara-de-los-ejercicios-navales-conjuntos-con-estados-unidos\/#primaryimage\"},\"image\":{\"@id\":\"https:\/\/gysfm.com.ar\/inicio\/milei-viaja-al-portaaviones-uss-nimitz-y-participara-de-los-ejercicios-navales-conjuntos-con-estados-unidos\/#primaryimage\"},\"thumbnailUrl\":\"https:\/\/diariosanjuan19.com.ar\/wp-content\/uploads\/2026\/04\/image-363.png\",\"datePublished\":\"2026-05-01T01:02:37+00:00\",\"breadcrumb\":{\"@id\":\"https:\/\/gysfm.com.ar\/inicio\/milei-viaja-al-portaaviones-uss-nimitz-y-participara-de-los-ejercicios-navales-conjuntos-con-estados-unidos\/#breadcrumb\"},\"inLanguage\":\"es\",\"potentialAction\":[{\"@type\":\"ReadAction\",\"target\":[\"https:\/\/gysfm.com.ar\/inicio\/milei-viaja-al-portaaviones-uss-nimitz-y-participara-de-los-ejercicios-navales-conjuntos-con-estados-unidos\/\"]}]},{\"@type\":\"ImageObject\",\"inLanguage\":\"es\",\"@id\":\"https:\/\/gysfm.com.ar\/inicio\/milei-viaja-al-portaaviones-uss-nimitz-y-participara-de-los-ejercicios-navales-conjuntos-con-estados-unidos\/#primaryimage\",\"url\":\"https:\/\/diariosanjuan19.com.ar\/wp-content\/uploads\/2026\/04\/image-363.png\",\"contentUrl\":\"https:\/\/diariosanjuan19.com.ar\/wp-content\/uploads\/2026\/04\/image-363.png\"},{\"@type\":\"BreadcrumbList\",\"@id\":\"https:\/\/gysfm.com.ar\/inicio\/milei-viaja-al-portaaviones-uss-nimitz-y-participara-de-los-ejercicios-navales-conjuntos-con-estados-unidos\/#breadcrumb\",\"itemListElement\":[{\"@type\":\"ListItem\",\"position\":1,\"name\":\"Portada\",\"item\":\"https:\/\/gysfm.com.ar\/inicio\/\"},{\"@type\":\"ListItem\",\"position\":2,\"name\":\"Milei viaja al portaaviones USS Nimitz y participar\u00e1 de los ejercicios navales conjuntos con Estados Unidos\"}]},{\"@type\":\"WebSite\",\"@id\":\"https:\/\/gysfm.com.ar\/inicio\/#website\",\"url\":\"https:\/\/gysfm.com.ar\/inicio\/\",\"name\":\"GYS NOTICIAS |\",\"description\":\"DIARIO - RADIO ONLINE SAN JUAN ARGENTINA\",\"publisher\":{\"@id\":\"https:\/\/gysfm.com.ar\/inicio\/#organization\"},\"potentialAction\":[{\"@type\":\"SearchAction\",\"target\":{\"@type\":\"EntryPoint\",\"urlTemplate\":\"https:\/\/gysfm.com.ar\/inicio\/?s={search_term_string}\"},\"query-input\":{\"@type\":\"PropertyValueSpecification\",\"valueRequired\":true,\"valueName\":\"search_term_string\"}}],\"inLanguage\":\"es\"},{\"@type\":\"Organization\",\"@id\":\"https:\/\/gysfm.com.ar\/inicio\/#organization\",\"name\":\"GYS NOTICIAS |\",\"url\":\"https:\/\/gysfm.com.ar\/inicio\/\",\"logo\":{\"@type\":\"ImageObject\",\"inLanguage\":\"es\",\"@id\":\"https:\/\/gysfm.com.ar\/inicio\/#\/schema\/logo\/image\/\",\"url\":\"https:\/\/gysfm.com.ar\/inicio\/wp-content\/uploads\/2023\/07\/LOGOGYS-OK.png\",\"contentUrl\":\"https:\/\/gysfm.com.ar\/inicio\/wp-content\/uploads\/2023\/07\/LOGOGYS-OK.png\",\"width\":1170,\"height\":872,\"caption\":\"GYS NOTICIAS |\"},\"image\":{\"@id\":\"https:\/\/gysfm.com.ar\/inicio\/#\/schema\/logo\/image\/\"}},{\"@type\":\"Person\",\"@id\":\"https:\/\/gysfm.com.ar\/inicio\/#\/schema\/person\/3abba7593ef2ad19e1be221d54383dc5\",\"name\":\"Prensa G&amp;S FM\",\"image\":{\"@type\":\"ImageObject\",\"inLanguage\":\"es\",\"@id\":\"https:\/\/gysfm.com.ar\/inicio\/#\/schema\/person\/image\/\",\"url\":\"https:\/\/secure.gravatar.com\/avatar\/096ec78df02049ab018702bb4ccedf659377fa92a26540b5247612077a0dbd29?s=96&d=mm&r=g\",\"contentUrl\":\"https:\/\/secure.gravatar.com\/avatar\/096ec78df02049ab018702bb4ccedf659377fa92a26540b5247612077a0dbd29?s=96&d=mm&r=g\",\"caption\":\"Prensa G&amp;S FM\"},\"sameAs\":[\"https:\/\/gysfm.com.ar\/\"],\"url\":\"https:\/\/gysfm.com.ar\/inicio\/author\/lucasm\/\"}]}<\/script>\n<!-- \/ Yoast SEO plugin. -->","yoast_head_json":{"title":"Milei viaja al portaaviones USS Nimitz y participar\u00e1 de los ejercicios navales conjuntos con Estados Unidos - GYS NOTICIAS |","robots":{"index":"index","follow":"follow","max-snippet":"max-snippet:-1","max-image-preview":"max-image-preview:large","max-video-preview":"max-video-preview:-1"},"canonical":"https:\/\/gysfm.com.ar\/inicio\/milei-viaja-al-portaaviones-uss-nimitz-y-participara-de-los-ejercicios-navales-conjuntos-con-estados-unidos\/","og_locale":"es_ES","og_type":"article","og_title":"Milei viaja al portaaviones USS Nimitz y participar\u00e1 de los ejercicios navales conjuntos con Estados Unidos - GYS NOTICIAS |","og_description":"El Presidente parti\u00f3 durante la ma\u00f1ana desde Aeroparque. Se sumar\u00e1 a una actividad organizada en el marco de los ejercicios navales Passex 2026, en un nuevo gesto de alineamiento con la potencia norteamericana. El presidente Javier Milei parti\u00f3 esta ma\u00f1ana desde el Aeroparque metropolitano con destino al portaaviones USS Nimitz, donde participar\u00e1 de los ejercicios [&hellip;]","og_url":"https:\/\/gysfm.com.ar\/inicio\/milei-viaja-al-portaaviones-uss-nimitz-y-participara-de-los-ejercicios-navales-conjuntos-con-estados-unidos\/","og_site_name":"GYS NOTICIAS |","article_published_time":"2026-05-01T01:02:37+00:00","og_image":[{"url":"https:\/\/diariosanjuan19.com.ar\/wp-content\/uploads\/2026\/04\/image-363.png","type":"","width":"","height":""}],"author":"Prensa G&amp;S FM","twitter_card":"summary_large_image","twitter_misc":{"Escrito por":"Prensa G&amp;S FM","Tiempo de lectura":"2 minutos"},"schema":{"@context":"https:\/\/schema.org","@graph":[{"@type":"Article","@id":"https:\/\/gysfm.com.ar\/inicio\/milei-viaja-al-portaaviones-uss-nimitz-y-participara-de-los-ejercicios-navales-conjuntos-con-estados-unidos\/#article","isPartOf":{"@id":"https:\/\/gysfm.com.ar\/inicio\/milei-viaja-al-portaaviones-uss-nimitz-y-participara-de-los-ejercicios-navales-conjuntos-con-estados-unidos\/"},"author":{"name":"Prensa G&amp;S FM","@id":"https:\/\/gysfm.com.ar\/inicio\/#\/schema\/person\/3abba7593ef2ad19e1be221d54383dc5"},"headline":"Milei viaja al portaaviones USS Nimitz y participar\u00e1 de los ejercicios navales conjuntos con Estados Unidos","datePublished":"2026-05-01T01:02:37+00:00","mainEntityOfPage":{"@id":"https:\/\/gysfm.com.ar\/inicio\/milei-viaja-al-portaaviones-uss-nimitz-y-participara-de-los-ejercicios-navales-conjuntos-con-estados-unidos\/"},"wordCount":447,"publisher":{"@id":"https:\/\/gysfm.com.ar\/inicio\/#organization"},"image":{"@id":"https:\/\/gysfm.com.ar\/inicio\/milei-viaja-al-portaaviones-uss-nimitz-y-participara-de-los-ejercicios-navales-conjuntos-con-estados-unidos\/#primaryimage"},"thumbnailUrl":"https:\/\/diariosanjuan19.com.ar\/wp-content\/uploads\/2026\/04\/image-363.png","articleSection":["INTERNACIONALES"],"inLanguage":"es"},{"@type":"WebPage","@id":"https:\/\/gysfm.com.ar\/inicio\/milei-viaja-al-portaaviones-uss-nimitz-y-participara-de-los-ejercicios-navales-conjuntos-con-estados-unidos\/","url":"https:\/\/gysfm.com.ar\/inicio\/milei-viaja-al-portaaviones-uss-nimitz-y-participara-de-los-ejercicios-navales-conjuntos-con-estados-unidos\/","name":"Milei viaja al portaaviones USS Nimitz y participar\u00e1 de los ejercicios navales conjuntos con Estados Unidos - GYS NOTICIAS |","isPartOf":{"@id":"https:\/\/gysfm.com.ar\/inicio\/#website"},"primaryImageOfPage":{"@id":"https:\/\/gysfm.com.ar\/inicio\/milei-viaja-al-portaaviones-uss-nimitz-y-participara-de-los-ejercicios-navales-conjuntos-con-estados-unidos\/#primaryimage"},"image":{"@id":"https:\/\/gysfm.com.ar\/inicio\/milei-viaja-al-portaaviones-uss-nimitz-y-participara-de-los-ejercicios-navales-conjuntos-con-estados-unidos\/#primaryimage"},"thumbnailUrl":"https:\/\/diariosanjuan19.com.ar\/wp-content\/uploads\/2026\/04\/image-363.png","datePublished":"2026-05-01T01:02:37+00:00","breadcrumb":{"@id":"https:\/\/gysfm.com.ar\/inicio\/milei-viaja-al-portaaviones-uss-nimitz-y-participara-de-los-ejercicios-navales-conjuntos-con-estados-unidos\/#breadcrumb"},"inLanguage":"es","potentialAction":[{"@type":"ReadAction","target":["https:\/\/gysfm.com.ar\/inicio\/milei-viaja-al-portaaviones-uss-nimitz-y-participara-de-los-ejercicios-navales-conjuntos-con-estados-unidos\/"]}]},{"@type":"ImageObject","inLanguage":"es","@id":"https:\/\/gysfm.com.ar\/inicio\/milei-viaja-al-portaaviones-uss-nimitz-y-participara-de-los-ejercicios-navales-conjuntos-con-estados-unidos\/#primaryimage","url":"https:\/\/diariosanjuan19.com.ar\/wp-content\/uploads\/2026\/04\/image-363.png","contentUrl":"https:\/\/diariosanjuan19.com.ar\/wp-content\/uploads\/2026\/04\/image-363.png"},{"@type":"BreadcrumbList","@id":"https:\/\/gysfm.com.ar\/inicio\/milei-viaja-al-portaaviones-uss-nimitz-y-participara-de-los-ejercicios-navales-conjuntos-con-estados-unidos\/#breadcrumb","itemListElement":[{"@type":"ListItem","position":1,"name":"Portada","item":"https:\/\/gysfm.com.ar\/inicio\/"},{"@type":"ListItem","position":2,"name":"Milei viaja al portaaviones USS Nimitz y participar\u00e1 de los ejercicios navales conjuntos con Estados Unidos"}]},{"@type":"WebSite","@id":"https:\/\/gysfm.com.ar\/inicio\/#website","url":"https:\/\/gysfm.com.ar\/inicio\/","name":"GYS NOTICIAS |","description":"DIARIO - RADIO ONLINE SAN JUAN ARGENTINA","publisher":{"@id":"https:\/\/gysfm.com.ar\/inicio\/#organization"},"potentialAction":[{"@type":"SearchAction","target":{"@type":"EntryPoint","urlTemplate":"https:\/\/gysfm.com.ar\/inicio\/?s={search_term_string}"},"query-input":{"@type":"PropertyValueSpecification","valueRequired":true,"valueName":"search_term_string"}}],"inLanguage":"es"},{"@type":"Organization","@id":"https:\/\/gysfm.com.ar\/inicio\/#organization","name":"GYS NOTICIAS |","url":"https:\/\/gysfm.com.ar\/inicio\/","logo":{"@type":"ImageObject","inLanguage":"es","@id":"https:\/\/gysfm.com.ar\/inicio\/#\/schema\/logo\/image\/","url":"https:\/\/gysfm.com.ar\/inicio\/wp-content\/uploads\/2023\/07\/LOGOGYS-OK.png","contentUrl":"https:\/\/gysfm.com.ar\/inicio\/wp-content\/uploads\/2023\/07\/LOGOGYS-OK.png","width":1170,"height":872,"caption":"GYS NOTICIAS |"},"image":{"@id":"https:\/\/gysfm.com.ar\/inicio\/#\/schema\/logo\/image\/"}},{"@type":"Person","@id":"https:\/\/gysfm.com.ar\/inicio\/#\/schema\/person\/3abba7593ef2ad19e1be221d54383dc5","name":"Prensa G&amp;S FM","image":{"@type":"ImageObject","inLanguage":"es","@id":"https:\/\/gysfm.com.ar\/inicio\/#\/schema\/person\/image\/","url":"https:\/\/secure.gravatar.com\/avatar\/096ec78df02049ab018702bb4ccedf659377fa92a26540b5247612077a0dbd29?s=96&d=mm&r=g","contentUrl":"https:\/\/secure.gravatar.com\/avatar\/096ec78df02049ab018702bb4ccedf659377fa92a26540b5247612077a0dbd29?s=96&d=mm&r=g","caption":"Prensa G&amp;S FM"},"sameAs":["https:\/\/gysfm.com.ar\/"],"url":"https:\/\/gysfm.com.ar\/inicio\/author\/lucasm\/"}]}},"_links":{"self":[{"href":"https:\/\/gysfm.com.ar\/inicio\/wp-json\/wp\/v2\/posts\/193986","targetHints":{"allow":["GET"]}}],"collection":[{"href":"https:\/\/gysfm.com.ar\/inicio\/wp-json\/wp\/v2\/posts"}],"about":[{"href":"https:\/\/gysfm.com.ar\/inicio\/wp-json\/wp\/v2\/types\/post"}],"author":[{"embeddable":true,"href":"https:\/\/gysfm.com.ar\/inicio\/wp-json\/wp\/v2\/users\/2"}],"replies":[{"embeddable":true,"href":"https:\/\/gysfm.com.ar\/inicio\/wp-json\/wp\/v2\/comments?post=193986"}],"version-history":[{"count":0,"href":"https:\/\/gysfm.com.ar\/inicio\/wp-json\/wp\/v2\/posts\/193986\/revisions"}],"wp:attachment":[{"href":"https:\/\/gysfm.com.ar\/inicio\/wp-json\/wp\/v2\/media?parent=193986"}],"wp:term":[{"taxonomy":"category","embeddable":true,"href":"https:\/\/gysfm.com.ar\/inicio\/wp-json\/wp\/v2\/categories?post=193986"},{"taxonomy":"post_tag","embeddable":true,"href":"https:\/\/gysfm.com.ar\/inicio\/wp-json\/wp\/v2\/tags?post=193986"}],"curies":[{"name":"wp","href":"https:\/\/api.w.org\/{rel}","templated":true}]}}