{"id":193984,"date":"2026-04-30T21:50:05","date_gmt":"2026-05-01T00:50:05","guid":{"rendered":"https:\/\/gysfm.com.ar\/inicio\/murio-un-hombre-en-neuquen-tras-sufrir-un-ataque-de-chaquetas-amarillas-mientras-cortaba-lena\/"},"modified":"2026-04-30T21:50:05","modified_gmt":"2026-05-01T00:50:05","slug":"murio-un-hombre-en-neuquen-tras-sufrir-un-ataque-de-chaquetas-amarillas-mientras-cortaba-lena","status":"publish","type":"post","link":"https:\/\/gysfm.com.ar\/inicio\/murio-un-hombre-en-neuquen-tras-sufrir-un-ataque-de-chaquetas-amarillas-mientras-cortaba-lena\/","title":{"rendered":"Muri\u00f3 un hombre en Neuqu\u00e9n tras sufrir un ataque de chaquetas amarillas mientras cortaba le\u00f1a"},"content":{"rendered":"<p><\/p>\n<div id=\"article-content\">\n<p>Un hombre falleci\u00f3 en la localidad de Loncopu\u00e9,<strong> <a target=\"_blank\" href=\"https:\/\/www.perfil.com\/noticias\/ciencia\/pequeno-pero-letal-el-hallazgo-en-neuquen-que-revela-como-los-dinosaurios-se-encogieron-a35.phtml\">Neuqu\u00e9n<\/a><\/strong>, tras ser <strong>atacado por un enjambre de <a target=\"_blank\" href=\"https:\/\/www.perfil.com\/noticias\/ciencia\/en-japon-descubren-a-godzilla-una-avispa-subacuatica.phtml\">avispas<\/a><\/strong> <strong>\u00abchaquetas amarillas\u00bb <\/strong>mientras cortaba le\u00f1a junto a un vecino, informaron las autoridades locales.<\/p>\n<p><strong>Juan Carlos Sandoval, de 67 a\u00f1os, <\/strong>la v\u00edctima del fatal ataque, lleg\u00f3 a refugiarse dentro de una camioneta y pedir ayuda a la L\u00ednea 107, pero cuando arrib\u00f3 el personal de salud no logr\u00f3 reanimarlo porque ya hab\u00eda sufrido un <a target=\"_blank\" href=\"https:\/\/www.perfil.com\/noticias\/salud\/de-telefe-a-terapia-intensiva-el-episodio-de-gustavo-scaglione-que-enciende-las-alarmas-de-salud.phtml\"><strong>shock anafil\u00e1ctico<\/strong><\/a>, una reacci\u00f3n aguda que sucede tras la exposici\u00f3n a un al\u00e9rgeno.<\/p>\n<p>Sandoval se encontraba trabajando junto a otro hombre en un predio sobre la Ruta provincial 21, <strong>y cortaron un \u00e1rbol sin darse cuenta de que ten\u00eda un nido de avispas,<\/strong> las cuales se lanzaron furiosas contra ellos.<\/p>\n<div class=\"subscription\">\n<p>\n        Esto no les gusta a los autoritarios\n    <\/p>\n<div class=\"subscription__container\">\n<div class=\"subscription__text-wrapper\">\n<p>\n                El ejercicio del periodismo profesional y cr\u00edtico es un pilar fundamental de la democracia. Por eso molesta a quienes creen ser los due\u00f1os de la verdad.\n            <\/p>\n<\/p><\/div><\/div>\n<\/div>\n<p class=\"destacadoNota\"><a target=\"_blank\" href=\"https:\/\/www.perfil.com\/noticias\/policia\/el-enigma-de-un-hombre-desaparecido-hace-cuatro-anos-investigan-si-fue-victima-del-presunto-asesino-serial-de-jujuy-a41.phtml\">El enigma de un hombre desaparecido hace cuatro a\u00f1os: investigan si fue v\u00edctima del presunto asesino serial de Jujuy<\/a><\/p>\n<p>La v\u00edctima fatal, que sufr\u00eda enfermedades cr\u00f3nicas,<strong> muri\u00f3 \u201centre 10 y 15 minutos\u201d desde el comienzo del ataque<\/strong>, seg\u00fan personal del Hospital de Loncopu\u00e9.<\/p>\n<p>La avispa \u201cchaqueta amarilla\u201d, originaria de Europa, del norte de \u00c1frica, y de zonas templadas de Asia, invadi\u00f3 el este de Estados Unidos, sur de Australia y Nueva Zelanda y la Patagonia chilena y argentina. Son avispas<strong> carro\u00f1eras carn\u00edvoras<\/strong> que atacan a abejas, ganado y personas. <\/p>\n<h2>Qu\u00e9 es un shock anafil\u00e1ctico<\/h2>\n<p>Valeria El Haj, directora m\u00e9dica de<em> Ospedyc<\/em>, explic\u00f3 que \u201cla reacci\u00f3n al\u00e9rgica puede derivar en una crisis severa o shock anafil\u00e1ctico, caracterizado por <strong>inflamaci\u00f3n generalizada, dificultad respiratoria, ca\u00edda de la presi\u00f3n arterial<\/strong>, p\u00e9rdida de conciencia y, en ausencia de atenci\u00f3n inmediata, riesgo de muerte\u201d.<\/p>\n<p>Entrevistada por la agencia <em>Noticias Argentinas<\/em>, la profesional de la salud remarc\u00f3 que la detecci\u00f3n temprana de las alergias es fundamental para controlarlas porque los profesionales pueden realizar pruebas cut\u00e1neas como el \u201cprick test\u201d, donde se aplica una peque\u00f1a cantidad del al\u00e9rgeno sobre la piel del antebrazo para observar su reacci\u00f3n.<\/p>\n<p>Y a\u00f1adi\u00f3: \u201c<strong>El abordaje terap\u00e9utico depender\u00e1 del tipo y la severidad de la alergia<\/strong>. Puede incluir el uso de antihistam\u00ednicos, colirios, sprays nasales, corticoides t\u00f3picos, inhaladores o inmunoterapia espec\u00edfica. Esta \u00faltima, es el \u00fanico tratamiento que puede modificar el curso de la enfermedad y debe ser indicado y supervisado por profesionales especializados\u201d.<\/p>\n<p><em>HM\/ML<\/em><\/p>\n<\/p><\/div>\n<p><script>\n                !function(f,b,e,v,n,t,s)\n                {if(f.fbq)return;n=f.fbq=function(){n.callMethod?\n                    n.callMethod.apply(n,arguments):n.queue.push(arguments)};\n                    if(!f._fbq)f._fbq=n;n.push=n;n.loaded=!0;n.version='2.0';\n                    n.queue=[];t=b.createElement(e);t.async=!0;\n                    t.src=v;s=b.getElementsByTagName(e)[0];\n                    s.parentNode.insertBefore(t,s)}(window, document,'script',\n                    'https:\/\/connect.facebook.net\/en_US\/fbevents.js');\n                window.paywallConfig.facebook_pixel=\"1000228364089342\"\n            <\/script><\/p>\n","protected":false},"excerpt":{"rendered":"<p>Un hombre falleci\u00f3 en la localidad de Loncopu\u00e9, Neuqu\u00e9n, tras ser atacado por un enjambre de avispas \u00abchaquetas amarillas\u00bb mientras cortaba le\u00f1a junto a un vecino, informaron las autoridades locales. Juan Carlos Sandoval, de 67 a\u00f1os, la v\u00edctima del fatal ataque, lleg\u00f3 a refugiarse dentro de una camioneta y pedir ayuda a la L\u00ednea 107, [&hellip;]<\/p>\n","protected":false},"author":2,"featured_media":193985,"comment_status":"closed","ping_status":"closed","sticky":false,"template":"","format":"standard","meta":{"footnotes":""},"categories":[25],"tags":[],"class_list":["post-193984","post","type-post","status-publish","format-standard","has-post-thumbnail","hentry","category-nacionales"],"yoast_head":"<!-- This site is optimized with the Yoast SEO plugin v24.4 - https:\/\/yoast.com\/wordpress\/plugins\/seo\/ -->\n<title>Muri\u00f3 un hombre en Neuqu\u00e9n tras sufrir un ataque de chaquetas amarillas mientras cortaba le\u00f1a - GYS NOTICIAS |<\/title>\n<meta name=\"robots\" content=\"index, follow, max-snippet:-1, max-image-preview:large, max-video-preview:-1\" \/>\n<link rel=\"canonical\" href=\"https:\/\/gysfm.com.ar\/inicio\/murio-un-hombre-en-neuquen-tras-sufrir-un-ataque-de-chaquetas-amarillas-mientras-cortaba-lena\/\" \/>\n<meta property=\"og:locale\" content=\"es_ES\" \/>\n<meta property=\"og:type\" content=\"article\" \/>\n<meta property=\"og:title\" content=\"Muri\u00f3 un hombre en Neuqu\u00e9n tras sufrir un ataque de chaquetas amarillas mientras cortaba le\u00f1a - GYS NOTICIAS |\" \/>\n<meta property=\"og:description\" content=\"Un hombre falleci\u00f3 en la localidad de Loncopu\u00e9, Neuqu\u00e9n, tras ser atacado por un enjambre de avispas \u00abchaquetas amarillas\u00bb mientras cortaba le\u00f1a junto a un vecino, informaron las autoridades locales. Juan Carlos Sandoval, de 67 a\u00f1os, la v\u00edctima del fatal ataque, lleg\u00f3 a refugiarse dentro de una camioneta y pedir ayuda a la L\u00ednea 107, [&hellip;]\" \/>\n<meta property=\"og:url\" content=\"https:\/\/gysfm.com.ar\/inicio\/murio-un-hombre-en-neuquen-tras-sufrir-un-ataque-de-chaquetas-amarillas-mientras-cortaba-lena\/\" \/>\n<meta property=\"og:site_name\" content=\"GYS NOTICIAS |\" \/>\n<meta property=\"article:published_time\" content=\"2026-05-01T00:50:05+00:00\" \/>\n<meta name=\"author\" content=\"Prensa G&amp;S FM\" \/>\n<meta name=\"twitter:card\" content=\"summary_large_image\" \/>\n<meta name=\"twitter:label1\" content=\"Escrito por\" \/>\n\t<meta name=\"twitter:data1\" content=\"Prensa G&amp;S FM\" \/>\n\t<meta name=\"twitter:label2\" content=\"Tiempo de lectura\" \/>\n\t<meta name=\"twitter:data2\" content=\"2 minutos\" \/>\n<script type=\"application\/ld+json\" class=\"yoast-schema-graph\">{\"@context\":\"https:\/\/schema.org\",\"@graph\":[{\"@type\":\"Article\",\"@id\":\"https:\/\/gysfm.com.ar\/inicio\/murio-un-hombre-en-neuquen-tras-sufrir-un-ataque-de-chaquetas-amarillas-mientras-cortaba-lena\/#article\",\"isPartOf\":{\"@id\":\"https:\/\/gysfm.com.ar\/inicio\/murio-un-hombre-en-neuquen-tras-sufrir-un-ataque-de-chaquetas-amarillas-mientras-cortaba-lena\/\"},\"author\":{\"name\":\"Prensa G&amp;S FM\",\"@id\":\"https:\/\/gysfm.com.ar\/inicio\/#\/schema\/person\/3abba7593ef2ad19e1be221d54383dc5\"},\"headline\":\"Muri\u00f3 un hombre en Neuqu\u00e9n tras sufrir un ataque de chaquetas amarillas mientras cortaba le\u00f1a\",\"datePublished\":\"2026-05-01T00:50:05+00:00\",\"mainEntityOfPage\":{\"@id\":\"https:\/\/gysfm.com.ar\/inicio\/murio-un-hombre-en-neuquen-tras-sufrir-un-ataque-de-chaquetas-amarillas-mientras-cortaba-lena\/\"},\"wordCount\":449,\"publisher\":{\"@id\":\"https:\/\/gysfm.com.ar\/inicio\/#organization\"},\"image\":{\"@id\":\"https:\/\/gysfm.com.ar\/inicio\/murio-un-hombre-en-neuquen-tras-sufrir-un-ataque-de-chaquetas-amarillas-mientras-cortaba-lena\/#primaryimage\"},\"thumbnailUrl\":\"https:\/\/gysfm.com.ar\/inicio\/wp-content\/uploads\/2026\/04\/avispas-chaquetas-amarillas-2230831.jpg\",\"articleSection\":[\"NACIONALES\"],\"inLanguage\":\"es\"},{\"@type\":\"WebPage\",\"@id\":\"https:\/\/gysfm.com.ar\/inicio\/murio-un-hombre-en-neuquen-tras-sufrir-un-ataque-de-chaquetas-amarillas-mientras-cortaba-lena\/\",\"url\":\"https:\/\/gysfm.com.ar\/inicio\/murio-un-hombre-en-neuquen-tras-sufrir-un-ataque-de-chaquetas-amarillas-mientras-cortaba-lena\/\",\"name\":\"Muri\u00f3 un hombre en Neuqu\u00e9n tras sufrir un ataque de chaquetas amarillas mientras cortaba le\u00f1a - GYS NOTICIAS |\",\"isPartOf\":{\"@id\":\"https:\/\/gysfm.com.ar\/inicio\/#website\"},\"primaryImageOfPage\":{\"@id\":\"https:\/\/gysfm.com.ar\/inicio\/murio-un-hombre-en-neuquen-tras-sufrir-un-ataque-de-chaquetas-amarillas-mientras-cortaba-lena\/#primaryimage\"},\"image\":{\"@id\":\"https:\/\/gysfm.com.ar\/inicio\/murio-un-hombre-en-neuquen-tras-sufrir-un-ataque-de-chaquetas-amarillas-mientras-cortaba-lena\/#primaryimage\"},\"thumbnailUrl\":\"https:\/\/gysfm.com.ar\/inicio\/wp-content\/uploads\/2026\/04\/avispas-chaquetas-amarillas-2230831.jpg\",\"datePublished\":\"2026-05-01T00:50:05+00:00\",\"breadcrumb\":{\"@id\":\"https:\/\/gysfm.com.ar\/inicio\/murio-un-hombre-en-neuquen-tras-sufrir-un-ataque-de-chaquetas-amarillas-mientras-cortaba-lena\/#breadcrumb\"},\"inLanguage\":\"es\",\"potentialAction\":[{\"@type\":\"ReadAction\",\"target\":[\"https:\/\/gysfm.com.ar\/inicio\/murio-un-hombre-en-neuquen-tras-sufrir-un-ataque-de-chaquetas-amarillas-mientras-cortaba-lena\/\"]}]},{\"@type\":\"ImageObject\",\"inLanguage\":\"es\",\"@id\":\"https:\/\/gysfm.com.ar\/inicio\/murio-un-hombre-en-neuquen-tras-sufrir-un-ataque-de-chaquetas-amarillas-mientras-cortaba-lena\/#primaryimage\",\"url\":\"https:\/\/gysfm.com.ar\/inicio\/wp-content\/uploads\/2026\/04\/avispas-chaquetas-amarillas-2230831.jpg\",\"contentUrl\":\"https:\/\/gysfm.com.ar\/inicio\/wp-content\/uploads\/2026\/04\/avispas-chaquetas-amarillas-2230831.jpg\",\"width\":1140,\"height\":641},{\"@type\":\"BreadcrumbList\",\"@id\":\"https:\/\/gysfm.com.ar\/inicio\/murio-un-hombre-en-neuquen-tras-sufrir-un-ataque-de-chaquetas-amarillas-mientras-cortaba-lena\/#breadcrumb\",\"itemListElement\":[{\"@type\":\"ListItem\",\"position\":1,\"name\":\"Portada\",\"item\":\"https:\/\/gysfm.com.ar\/inicio\/\"},{\"@type\":\"ListItem\",\"position\":2,\"name\":\"Muri\u00f3 un hombre en Neuqu\u00e9n tras sufrir un ataque de chaquetas amarillas mientras cortaba le\u00f1a\"}]},{\"@type\":\"WebSite\",\"@id\":\"https:\/\/gysfm.com.ar\/inicio\/#website\",\"url\":\"https:\/\/gysfm.com.ar\/inicio\/\",\"name\":\"GYS NOTICIAS |\",\"description\":\"DIARIO - RADIO ONLINE SAN JUAN ARGENTINA\",\"publisher\":{\"@id\":\"https:\/\/gysfm.com.ar\/inicio\/#organization\"},\"potentialAction\":[{\"@type\":\"SearchAction\",\"target\":{\"@type\":\"EntryPoint\",\"urlTemplate\":\"https:\/\/gysfm.com.ar\/inicio\/?s={search_term_string}\"},\"query-input\":{\"@type\":\"PropertyValueSpecification\",\"valueRequired\":true,\"valueName\":\"search_term_string\"}}],\"inLanguage\":\"es\"},{\"@type\":\"Organization\",\"@id\":\"https:\/\/gysfm.com.ar\/inicio\/#organization\",\"name\":\"GYS NOTICIAS |\",\"url\":\"https:\/\/gysfm.com.ar\/inicio\/\",\"logo\":{\"@type\":\"ImageObject\",\"inLanguage\":\"es\",\"@id\":\"https:\/\/gysfm.com.ar\/inicio\/#\/schema\/logo\/image\/\",\"url\":\"https:\/\/gysfm.com.ar\/inicio\/wp-content\/uploads\/2023\/07\/LOGOGYS-OK.png\",\"contentUrl\":\"https:\/\/gysfm.com.ar\/inicio\/wp-content\/uploads\/2023\/07\/LOGOGYS-OK.png\",\"width\":1170,\"height\":872,\"caption\":\"GYS NOTICIAS |\"},\"image\":{\"@id\":\"https:\/\/gysfm.com.ar\/inicio\/#\/schema\/logo\/image\/\"}},{\"@type\":\"Person\",\"@id\":\"https:\/\/gysfm.com.ar\/inicio\/#\/schema\/person\/3abba7593ef2ad19e1be221d54383dc5\",\"name\":\"Prensa G&amp;S FM\",\"image\":{\"@type\":\"ImageObject\",\"inLanguage\":\"es\",\"@id\":\"https:\/\/gysfm.com.ar\/inicio\/#\/schema\/person\/image\/\",\"url\":\"https:\/\/secure.gravatar.com\/avatar\/096ec78df02049ab018702bb4ccedf659377fa92a26540b5247612077a0dbd29?s=96&d=mm&r=g\",\"contentUrl\":\"https:\/\/secure.gravatar.com\/avatar\/096ec78df02049ab018702bb4ccedf659377fa92a26540b5247612077a0dbd29?s=96&d=mm&r=g\",\"caption\":\"Prensa G&amp;S FM\"},\"sameAs\":[\"https:\/\/gysfm.com.ar\/\"],\"url\":\"https:\/\/gysfm.com.ar\/inicio\/author\/lucasm\/\"}]}<\/script>\n<!-- \/ Yoast SEO plugin. -->","yoast_head_json":{"title":"Muri\u00f3 un hombre en Neuqu\u00e9n tras sufrir un ataque de chaquetas amarillas mientras cortaba le\u00f1a - GYS NOTICIAS |","robots":{"index":"index","follow":"follow","max-snippet":"max-snippet:-1","max-image-preview":"max-image-preview:large","max-video-preview":"max-video-preview:-1"},"canonical":"https:\/\/gysfm.com.ar\/inicio\/murio-un-hombre-en-neuquen-tras-sufrir-un-ataque-de-chaquetas-amarillas-mientras-cortaba-lena\/","og_locale":"es_ES","og_type":"article","og_title":"Muri\u00f3 un hombre en Neuqu\u00e9n tras sufrir un ataque de chaquetas amarillas mientras cortaba le\u00f1a - GYS NOTICIAS |","og_description":"Un hombre falleci\u00f3 en la localidad de Loncopu\u00e9, Neuqu\u00e9n, tras ser atacado por un enjambre de avispas \u00abchaquetas amarillas\u00bb mientras cortaba le\u00f1a junto a un vecino, informaron las autoridades locales. Juan Carlos Sandoval, de 67 a\u00f1os, la v\u00edctima del fatal ataque, lleg\u00f3 a refugiarse dentro de una camioneta y pedir ayuda a la L\u00ednea 107, [&hellip;]","og_url":"https:\/\/gysfm.com.ar\/inicio\/murio-un-hombre-en-neuquen-tras-sufrir-un-ataque-de-chaquetas-amarillas-mientras-cortaba-lena\/","og_site_name":"GYS NOTICIAS |","article_published_time":"2026-05-01T00:50:05+00:00","author":"Prensa G&amp;S FM","twitter_card":"summary_large_image","twitter_misc":{"Escrito por":"Prensa G&amp;S FM","Tiempo de lectura":"2 minutos"},"schema":{"@context":"https:\/\/schema.org","@graph":[{"@type":"Article","@id":"https:\/\/gysfm.com.ar\/inicio\/murio-un-hombre-en-neuquen-tras-sufrir-un-ataque-de-chaquetas-amarillas-mientras-cortaba-lena\/#article","isPartOf":{"@id":"https:\/\/gysfm.com.ar\/inicio\/murio-un-hombre-en-neuquen-tras-sufrir-un-ataque-de-chaquetas-amarillas-mientras-cortaba-lena\/"},"author":{"name":"Prensa G&amp;S FM","@id":"https:\/\/gysfm.com.ar\/inicio\/#\/schema\/person\/3abba7593ef2ad19e1be221d54383dc5"},"headline":"Muri\u00f3 un hombre en Neuqu\u00e9n tras sufrir un ataque de chaquetas amarillas mientras cortaba le\u00f1a","datePublished":"2026-05-01T00:50:05+00:00","mainEntityOfPage":{"@id":"https:\/\/gysfm.com.ar\/inicio\/murio-un-hombre-en-neuquen-tras-sufrir-un-ataque-de-chaquetas-amarillas-mientras-cortaba-lena\/"},"wordCount":449,"publisher":{"@id":"https:\/\/gysfm.com.ar\/inicio\/#organization"},"image":{"@id":"https:\/\/gysfm.com.ar\/inicio\/murio-un-hombre-en-neuquen-tras-sufrir-un-ataque-de-chaquetas-amarillas-mientras-cortaba-lena\/#primaryimage"},"thumbnailUrl":"https:\/\/gysfm.com.ar\/inicio\/wp-content\/uploads\/2026\/04\/avispas-chaquetas-amarillas-2230831.jpg","articleSection":["NACIONALES"],"inLanguage":"es"},{"@type":"WebPage","@id":"https:\/\/gysfm.com.ar\/inicio\/murio-un-hombre-en-neuquen-tras-sufrir-un-ataque-de-chaquetas-amarillas-mientras-cortaba-lena\/","url":"https:\/\/gysfm.com.ar\/inicio\/murio-un-hombre-en-neuquen-tras-sufrir-un-ataque-de-chaquetas-amarillas-mientras-cortaba-lena\/","name":"Muri\u00f3 un hombre en Neuqu\u00e9n tras sufrir un ataque de chaquetas amarillas mientras cortaba le\u00f1a - GYS NOTICIAS |","isPartOf":{"@id":"https:\/\/gysfm.com.ar\/inicio\/#website"},"primaryImageOfPage":{"@id":"https:\/\/gysfm.com.ar\/inicio\/murio-un-hombre-en-neuquen-tras-sufrir-un-ataque-de-chaquetas-amarillas-mientras-cortaba-lena\/#primaryimage"},"image":{"@id":"https:\/\/gysfm.com.ar\/inicio\/murio-un-hombre-en-neuquen-tras-sufrir-un-ataque-de-chaquetas-amarillas-mientras-cortaba-lena\/#primaryimage"},"thumbnailUrl":"https:\/\/gysfm.com.ar\/inicio\/wp-content\/uploads\/2026\/04\/avispas-chaquetas-amarillas-2230831.jpg","datePublished":"2026-05-01T00:50:05+00:00","breadcrumb":{"@id":"https:\/\/gysfm.com.ar\/inicio\/murio-un-hombre-en-neuquen-tras-sufrir-un-ataque-de-chaquetas-amarillas-mientras-cortaba-lena\/#breadcrumb"},"inLanguage":"es","potentialAction":[{"@type":"ReadAction","target":["https:\/\/gysfm.com.ar\/inicio\/murio-un-hombre-en-neuquen-tras-sufrir-un-ataque-de-chaquetas-amarillas-mientras-cortaba-lena\/"]}]},{"@type":"ImageObject","inLanguage":"es","@id":"https:\/\/gysfm.com.ar\/inicio\/murio-un-hombre-en-neuquen-tras-sufrir-un-ataque-de-chaquetas-amarillas-mientras-cortaba-lena\/#primaryimage","url":"https:\/\/gysfm.com.ar\/inicio\/wp-content\/uploads\/2026\/04\/avispas-chaquetas-amarillas-2230831.jpg","contentUrl":"https:\/\/gysfm.com.ar\/inicio\/wp-content\/uploads\/2026\/04\/avispas-chaquetas-amarillas-2230831.jpg","width":1140,"height":641},{"@type":"BreadcrumbList","@id":"https:\/\/gysfm.com.ar\/inicio\/murio-un-hombre-en-neuquen-tras-sufrir-un-ataque-de-chaquetas-amarillas-mientras-cortaba-lena\/#breadcrumb","itemListElement":[{"@type":"ListItem","position":1,"name":"Portada","item":"https:\/\/gysfm.com.ar\/inicio\/"},{"@type":"ListItem","position":2,"name":"Muri\u00f3 un hombre en Neuqu\u00e9n tras sufrir un ataque de chaquetas amarillas mientras cortaba le\u00f1a"}]},{"@type":"WebSite","@id":"https:\/\/gysfm.com.ar\/inicio\/#website","url":"https:\/\/gysfm.com.ar\/inicio\/","name":"GYS NOTICIAS |","description":"DIARIO - RADIO ONLINE SAN JUAN ARGENTINA","publisher":{"@id":"https:\/\/gysfm.com.ar\/inicio\/#organization"},"potentialAction":[{"@type":"SearchAction","target":{"@type":"EntryPoint","urlTemplate":"https:\/\/gysfm.com.ar\/inicio\/?s={search_term_string}"},"query-input":{"@type":"PropertyValueSpecification","valueRequired":true,"valueName":"search_term_string"}}],"inLanguage":"es"},{"@type":"Organization","@id":"https:\/\/gysfm.com.ar\/inicio\/#organization","name":"GYS NOTICIAS |","url":"https:\/\/gysfm.com.ar\/inicio\/","logo":{"@type":"ImageObject","inLanguage":"es","@id":"https:\/\/gysfm.com.ar\/inicio\/#\/schema\/logo\/image\/","url":"https:\/\/gysfm.com.ar\/inicio\/wp-content\/uploads\/2023\/07\/LOGOGYS-OK.png","contentUrl":"https:\/\/gysfm.com.ar\/inicio\/wp-content\/uploads\/2023\/07\/LOGOGYS-OK.png","width":1170,"height":872,"caption":"GYS NOTICIAS |"},"image":{"@id":"https:\/\/gysfm.com.ar\/inicio\/#\/schema\/logo\/image\/"}},{"@type":"Person","@id":"https:\/\/gysfm.com.ar\/inicio\/#\/schema\/person\/3abba7593ef2ad19e1be221d54383dc5","name":"Prensa G&amp;S FM","image":{"@type":"ImageObject","inLanguage":"es","@id":"https:\/\/gysfm.com.ar\/inicio\/#\/schema\/person\/image\/","url":"https:\/\/secure.gravatar.com\/avatar\/096ec78df02049ab018702bb4ccedf659377fa92a26540b5247612077a0dbd29?s=96&d=mm&r=g","contentUrl":"https:\/\/secure.gravatar.com\/avatar\/096ec78df02049ab018702bb4ccedf659377fa92a26540b5247612077a0dbd29?s=96&d=mm&r=g","caption":"Prensa G&amp;S FM"},"sameAs":["https:\/\/gysfm.com.ar\/"],"url":"https:\/\/gysfm.com.ar\/inicio\/author\/lucasm\/"}]}},"_links":{"self":[{"href":"https:\/\/gysfm.com.ar\/inicio\/wp-json\/wp\/v2\/posts\/193984","targetHints":{"allow":["GET"]}}],"collection":[{"href":"https:\/\/gysfm.com.ar\/inicio\/wp-json\/wp\/v2\/posts"}],"about":[{"href":"https:\/\/gysfm.com.ar\/inicio\/wp-json\/wp\/v2\/types\/post"}],"author":[{"embeddable":true,"href":"https:\/\/gysfm.com.ar\/inicio\/wp-json\/wp\/v2\/users\/2"}],"replies":[{"embeddable":true,"href":"https:\/\/gysfm.com.ar\/inicio\/wp-json\/wp\/v2\/comments?post=193984"}],"version-history":[{"count":0,"href":"https:\/\/gysfm.com.ar\/inicio\/wp-json\/wp\/v2\/posts\/193984\/revisions"}],"wp:featuredmedia":[{"embeddable":true,"href":"https:\/\/gysfm.com.ar\/inicio\/wp-json\/wp\/v2\/media\/193985"}],"wp:attachment":[{"href":"https:\/\/gysfm.com.ar\/inicio\/wp-json\/wp\/v2\/media?parent=193984"}],"wp:term":[{"taxonomy":"category","embeddable":true,"href":"https:\/\/gysfm.com.ar\/inicio\/wp-json\/wp\/v2\/categories?post=193984"},{"taxonomy":"post_tag","embeddable":true,"href":"https:\/\/gysfm.com.ar\/inicio\/wp-json\/wp\/v2\/tags?post=193984"}],"curies":[{"name":"wp","href":"https:\/\/api.w.org\/{rel}","templated":true}]}}