{"id":193979,"date":"2026-04-30T21:19:24","date_gmt":"2026-05-01T00:19:24","guid":{"rendered":"https:\/\/gysfm.com.ar\/inicio\/el-gobierno-le-impuso-una-multa-record-a-la-fraternidad-por-adherir-al-ultimo-paro-de-la-cgt\/"},"modified":"2026-04-30T21:19:24","modified_gmt":"2026-05-01T00:19:24","slug":"el-gobierno-le-impuso-una-multa-record-a-la-fraternidad-por-adherir-al-ultimo-paro-de-la-cgt","status":"publish","type":"post","link":"https:\/\/gysfm.com.ar\/inicio\/el-gobierno-le-impuso-una-multa-record-a-la-fraternidad-por-adherir-al-ultimo-paro-de-la-cgt\/","title":{"rendered":"El Gobierno le impuso una multa r\u00e9cord a La Fraternidad por adherir al \u00faltimo paro de la CGT"},"content":{"rendered":"<p><\/p>\n<div id=\"article-content\">\n<p>A trav\u00e9s de su cuenta oficial de X, el <a target=\"_blank\" href=\"https:\/\/www.perfil.com\/noticias\/politica\/capital-humano-intimo-a-rectores-de-universidades-nacionales-por-los-paros-y-les-pidio-garantizar-las-clases.phtml\"><strong>Ministerio de Capital Humano<\/strong><\/a> dio a conocer un extenso comunicado revelando que le impuso una <strong>multa r\u00e9cord al sindicato ferroviario <a target=\"_blank\" href=\"https:\/\/www.perfil.com\/noticias\/politica\/reforma-laboral-la-fraternidad-pide-un-paro-por-tiempo-indeterminado-y-alerta-la-situacion-puede-parecerse-al-2001.phtml\">La Fraternidad<\/a><\/strong> por no acatar la conciliaci\u00f3n obligatoria en su conflicto salarial y haberse sumado al \u00faltimo paro general de la <strong><a target=\"_blank\" href=\"https:\/\/www.perfil.com\/noticias\/politica\/el-gobierno-le-arrebato-la-causa-de-la-reforma-laboral-al-fuero-del-trabajo-y-se-anoto-otra-victoria-ante-la-cgt.phtml\">CGT<\/a>, <\/strong>realizado el 19 de febrero.<\/p>\n<p>El texto que poste\u00f3 la cartera encabezada por<strong> Sandra Pettovello<\/strong> remarca que \u201cel Ministerio de Capital Humano, a trav\u00e9s de la Secretar\u00eda de Trabajo, Empleo y Seguridad Social, informa que ha dispuesto la aplicaci\u00f3n de una multa al sindicato La Fraternidad por la suma de<strong> $21.241.500.000,<\/strong> tras <strong>incumplir la conciliaci\u00f3n obligatoria<\/strong> oportunamente dictada el 5 de febrero de 2026 \u2014por el t\u00e9rmino de 15 d\u00edas\u2014, conforme la normativa vigente\u201d.<\/p>\n<p style=\"text-align:center\"><picture><source media=\"(max-width: 440px)\" srcset=\"https:\/\/fotos.perfil.com\/\/2026\/04\/30\/440\/0\/multa-del-ministerio-de-capital-humano-al-gremio-la-fraternidad-1-2230829.jpg?webp\"\/><source media=\"(max-width: 1019px)\" srcset=\"https:\/\/fotos.perfil.com\/\/2026\/04\/30\/712\/0\/multa-del-ministerio-de-capital-humano-al-gremio-la-fraternidad-1-2230829.jpg?webp\"\/><img decoding=\"async\" style=\"max-width: 100%; width: 100%;\" alt=\"Multa del Ministerio de Capital Humano al gremio La Fraternidad 1\" src=\"https:\/\/fotos.perfil.com\/\/2026\/04\/30\/900\/0\/multa-del-ministerio-de-capital-humano-al-gremio-la-fraternidad-1-2230829.jpg?webp\" loading=\"lazy\"\/><\/picture><\/p>\n<div class=\"subscription\">\n<p>\n        Esto no les gusta a los autoritarios\n    <\/p>\n<div class=\"subscription__container\">\n<div class=\"subscription__text-wrapper\">\n<p>\n                El ejercicio del periodismo profesional y cr\u00edtico es un pilar fundamental de la democracia. Por eso molesta a quienes creen ser los due\u00f1os de la verdad.\n            <\/p>\n<\/p><\/div><\/div>\n<\/div>\n<p>\u201cLa medida se adopta luego de haberse verificado el incumplimiento a lo dispuesto en el marco del procedimiento de conciliaci\u00f3n obligatoria, conforme lo establecido en la Ley N\u00b0 14.786, que impone a las partes la obligaci\u00f3n de<strong> abstenerse de adoptar medidas de acci\u00f3n directa <\/strong>y retrotraer la situaci\u00f3n al estado anterior al inicio del conflicto\u201d, agreg\u00f3 la cartera de Pettovello.<\/p>\n<p class=\"destacadoNota\"><a target=\"_blank\" href=\"https:\/\/www.perfil.com\/noticias\/amp\/politica\/capital-humano-suspendio-a-la-cooperativa-la-azurduy-del-movimiento-de-juan-grabois-por-irregularidades.phtml\">Capital Humano suspendi\u00f3 una cooperativa del movimiento de Grabois, que le respondi\u00f3: \u00abBurda cortina de humo\u00bb<\/a><\/p>\n<p>El documento remarca que, \u201cen este sentido, se constat\u00f3 que <strong>la entidad sindical no acat\u00f3 la conciliaci\u00f3n obligatoria<\/strong>, afectando el normal desarrollo de la prestaci\u00f3n de servicios y el funcionamiento de la actividad, en perjuicio del inter\u00e9s general\u201d.<\/p>\n<p>\u201cLa infracci\u00f3n imputada reviste<strong> <\/strong>car\u00e1cter de<strong> muy grave<\/strong>, de acuerdo con lo previsto en la normativa vigente. En consecuencia, y en uso de las facultades conferidas por la legislaci\u00f3n aplicable, la Secretar\u00eda de Trabajo dispuso la aplicaci\u00f3n de la sanci\u00f3n correspondiente\u201d, concluye.<\/p>\n<p style=\"text-align:center\"><picture><source media=\"(max-width: 440px)\" srcset=\"https:\/\/fotos.perfil.com\/\/2026\/04\/30\/440\/0\/multa-del-ministerio-de-capital-humano-al-gremio-la-fraternidad-2-2230830.jpg?webp\"\/><source media=\"(max-width: 1019px)\" srcset=\"https:\/\/fotos.perfil.com\/\/2026\/04\/30\/712\/0\/multa-del-ministerio-de-capital-humano-al-gremio-la-fraternidad-2-2230830.jpg?webp\"\/><img decoding=\"async\" style=\"max-width: 100%; width: 100%;\" alt=\"Multa del Ministerio de Capital Humano al gremio La Fraternidad 2\" src=\"https:\/\/fotos.perfil.com\/\/2026\/04\/30\/900\/0\/multa-del-ministerio-de-capital-humano-al-gremio-la-fraternidad-2-2230830.jpg?webp\" loading=\"lazy\"\/><\/picture><\/p>\n<h2>La CGT endurece su postura en v\u00edsperas del D\u00eda del Trabajador<\/h2>\n<p>Este jueves 30 de abril, en conmemoraci\u00f3n por el D\u00eda del Trabajador,<strong> la CGT marchar\u00e1 a Plaza de Mayo<\/strong>. Cristian Jer\u00f3nimo, triunviro cegetista y Secretario General del SEIVARA (Sindicato de Empleados del Vidrio), adelant\u00f3 que \u201c<strong>la movilizaci\u00f3n va a ser multitudinaria<\/strong>\u201d, y agreg\u00f3 que ser\u00e1 \u201cabierta no solo a organizaciones sindicales sino tambi\u00e9n a otros sectores sociales\u201d.<\/p>\n<p>En declaraciones recogidas por la<em> <\/em>agencia <em>Noticias Argentinas<\/em>, el dirigente asegur\u00f3 que \u201c<strong>el pueblo argentino la est\u00e1 pasando mal<\/strong>. La gente no llega a fin de mes y que crece la pobreza en un contexto de recorte de ayudas sociales y subsidios\u201d.<\/p>\n<div style=\"text-align:center\">\n<figure class=\"image\" style=\"display:inline-block\"><picture><source media=\"(max-width: 440px)\" srcset=\"https:\/\/fotos.perfil.com\/\/2026\/01\/08\/440\/0\/la-cupula-de-la-cgt-cristian-jeronimo-jorge-sola-y-jorge-arguello-2166350.jpg?webp\"\/><source media=\"(max-width: 1019px)\" srcset=\"https:\/\/fotos.perfil.com\/\/2026\/01\/08\/712\/0\/la-cupula-de-la-cgt-cristian-jeronimo-jorge-sola-y-jorge-arguello-2166350.jpg?webp\"\/><img decoding=\"async\" style=\"max-width: 100%; width: 100%;\" alt=\"La c\u00fapula de la CGT, Cristian Jer\u00f3nimo, Jorge Sola y Jorge Arguello\" src=\"https:\/\/fotos.perfil.com\/\/2026\/01\/08\/900\/0\/la-cupula-de-la-cgt-cristian-jeronimo-jorge-sola-y-jorge-arguello-2166350.jpg?webp\" loading=\"lazy\"\/><\/picture><figcaption>La c\u00fapula de la CGT: Cristian Jer\u00f3nimo, Jorge Sola y Jorge Arg\u00fcello<\/figcaption><\/figure>\n<\/p><\/div>\n<p>Jer\u00f3nimo advirti\u00f3 que \u201c<strong>la conflictividad va a seguir escalando<\/strong>\u201d, sin descartar \u201cnuevas protestas ni la posibilidad de un paro\u201d. Adem\u00e1s, expres\u00f3 que \u201ctiene que construirse algo muy amplio\u201d.<\/p>\n<p>Por su parte,<strong> Jorge Sola<\/strong>, otro de los triunviros de la CGT, adelant\u00f3: \u201c<strong>Vamos a ir hacia una medida de fuerza mucho m\u00e1s fuerte. <\/strong>Me interesa el primer paso, que es mostrar en la calle el malhumor social que en todos lados se percibe, que no es solamente por la ca\u00edda del consumo. Es por el endeudamiento familiar, por la p\u00e9rdida del empleo, por conseguir un empleo de menor calidad que el que se ten\u00eda antes\u201d.<\/p>\n<p><em>HM\/ML<\/em><\/p>\n<\/p><\/div>\n<p><script>\n                !function(f,b,e,v,n,t,s)\n                {if(f.fbq)return;n=f.fbq=function(){n.callMethod?\n                    n.callMethod.apply(n,arguments):n.queue.push(arguments)};\n                    if(!f._fbq)f._fbq=n;n.push=n;n.loaded=!0;n.version='2.0';\n                    n.queue=[];t=b.createElement(e);t.async=!0;\n                    t.src=v;s=b.getElementsByTagName(e)[0];\n                    s.parentNode.insertBefore(t,s)}(window, document,'script',\n                    'https:\/\/connect.facebook.net\/en_US\/fbevents.js');\n                window.paywallConfig.facebook_pixel=\"1000228364089342\"\n            <\/script><\/p>\n","protected":false},"excerpt":{"rendered":"<p>A trav\u00e9s de su cuenta oficial de X, el Ministerio de Capital Humano dio a conocer un extenso comunicado revelando que le impuso una multa r\u00e9cord al sindicato ferroviario La Fraternidad por no acatar la conciliaci\u00f3n obligatoria en su conflicto salarial y haberse sumado al \u00faltimo paro general de la CGT, realizado el 19 de [&hellip;]<\/p>\n","protected":false},"author":2,"featured_media":193980,"comment_status":"closed","ping_status":"closed","sticky":false,"template":"","format":"standard","meta":{"footnotes":""},"categories":[25],"tags":[],"class_list":["post-193979","post","type-post","status-publish","format-standard","has-post-thumbnail","hentry","category-nacionales"],"yoast_head":"<!-- This site is optimized with the Yoast SEO plugin v24.4 - https:\/\/yoast.com\/wordpress\/plugins\/seo\/ -->\n<title>El Gobierno le impuso una multa r\u00e9cord a La Fraternidad por adherir al \u00faltimo paro de la CGT - GYS NOTICIAS |<\/title>\n<meta name=\"robots\" content=\"index, follow, max-snippet:-1, max-image-preview:large, max-video-preview:-1\" \/>\n<link rel=\"canonical\" href=\"https:\/\/gysfm.com.ar\/inicio\/el-gobierno-le-impuso-una-multa-record-a-la-fraternidad-por-adherir-al-ultimo-paro-de-la-cgt\/\" \/>\n<meta property=\"og:locale\" content=\"es_ES\" \/>\n<meta property=\"og:type\" content=\"article\" \/>\n<meta property=\"og:title\" content=\"El Gobierno le impuso una multa r\u00e9cord a La Fraternidad por adherir al \u00faltimo paro de la CGT - GYS NOTICIAS |\" \/>\n<meta property=\"og:description\" content=\"A trav\u00e9s de su cuenta oficial de X, el Ministerio de Capital Humano dio a conocer un extenso comunicado revelando que le impuso una multa r\u00e9cord al sindicato ferroviario La Fraternidad por no acatar la conciliaci\u00f3n obligatoria en su conflicto salarial y haberse sumado al \u00faltimo paro general de la CGT, realizado el 19 de [&hellip;]\" \/>\n<meta property=\"og:url\" content=\"https:\/\/gysfm.com.ar\/inicio\/el-gobierno-le-impuso-una-multa-record-a-la-fraternidad-por-adherir-al-ultimo-paro-de-la-cgt\/\" \/>\n<meta property=\"og:site_name\" content=\"GYS NOTICIAS |\" \/>\n<meta property=\"article:published_time\" content=\"2026-05-01T00:19:24+00:00\" \/>\n<meta property=\"og:image\" content=\"https:\/\/fotos.perfil.com\/\/2026\/04\/30\/900\/0\/multa-del-ministerio-de-capital-humano-al-gremio-la-fraternidad-1-2230829.jpg?webp\" \/>\n<meta name=\"author\" content=\"Prensa G&amp;S FM\" \/>\n<meta name=\"twitter:card\" content=\"summary_large_image\" \/>\n<meta name=\"twitter:label1\" content=\"Escrito por\" \/>\n\t<meta name=\"twitter:data1\" content=\"Prensa G&amp;S FM\" \/>\n\t<meta name=\"twitter:label2\" content=\"Tiempo de lectura\" \/>\n\t<meta name=\"twitter:data2\" content=\"3 minutos\" \/>\n<script type=\"application\/ld+json\" class=\"yoast-schema-graph\">{\"@context\":\"https:\/\/schema.org\",\"@graph\":[{\"@type\":\"Article\",\"@id\":\"https:\/\/gysfm.com.ar\/inicio\/el-gobierno-le-impuso-una-multa-record-a-la-fraternidad-por-adherir-al-ultimo-paro-de-la-cgt\/#article\",\"isPartOf\":{\"@id\":\"https:\/\/gysfm.com.ar\/inicio\/el-gobierno-le-impuso-una-multa-record-a-la-fraternidad-por-adherir-al-ultimo-paro-de-la-cgt\/\"},\"author\":{\"name\":\"Prensa G&amp;S FM\",\"@id\":\"https:\/\/gysfm.com.ar\/inicio\/#\/schema\/person\/3abba7593ef2ad19e1be221d54383dc5\"},\"headline\":\"El Gobierno le impuso una multa r\u00e9cord a La Fraternidad por adherir al \u00faltimo paro de la CGT\",\"datePublished\":\"2026-05-01T00:19:24+00:00\",\"mainEntityOfPage\":{\"@id\":\"https:\/\/gysfm.com.ar\/inicio\/el-gobierno-le-impuso-una-multa-record-a-la-fraternidad-por-adherir-al-ultimo-paro-de-la-cgt\/\"},\"wordCount\":594,\"publisher\":{\"@id\":\"https:\/\/gysfm.com.ar\/inicio\/#organization\"},\"image\":{\"@id\":\"https:\/\/gysfm.com.ar\/inicio\/el-gobierno-le-impuso-una-multa-record-a-la-fraternidad-por-adherir-al-ultimo-paro-de-la-cgt\/#primaryimage\"},\"thumbnailUrl\":\"https:\/\/gysfm.com.ar\/inicio\/wp-content\/uploads\/2026\/04\/220326cgtactobloombergg-2207703.jpg\",\"articleSection\":[\"NACIONALES\"],\"inLanguage\":\"es\"},{\"@type\":\"WebPage\",\"@id\":\"https:\/\/gysfm.com.ar\/inicio\/el-gobierno-le-impuso-una-multa-record-a-la-fraternidad-por-adherir-al-ultimo-paro-de-la-cgt\/\",\"url\":\"https:\/\/gysfm.com.ar\/inicio\/el-gobierno-le-impuso-una-multa-record-a-la-fraternidad-por-adherir-al-ultimo-paro-de-la-cgt\/\",\"name\":\"El Gobierno le impuso una multa r\u00e9cord a La Fraternidad por adherir al \u00faltimo paro de la CGT - GYS NOTICIAS |\",\"isPartOf\":{\"@id\":\"https:\/\/gysfm.com.ar\/inicio\/#website\"},\"primaryImageOfPage\":{\"@id\":\"https:\/\/gysfm.com.ar\/inicio\/el-gobierno-le-impuso-una-multa-record-a-la-fraternidad-por-adherir-al-ultimo-paro-de-la-cgt\/#primaryimage\"},\"image\":{\"@id\":\"https:\/\/gysfm.com.ar\/inicio\/el-gobierno-le-impuso-una-multa-record-a-la-fraternidad-por-adherir-al-ultimo-paro-de-la-cgt\/#primaryimage\"},\"thumbnailUrl\":\"https:\/\/gysfm.com.ar\/inicio\/wp-content\/uploads\/2026\/04\/220326cgtactobloombergg-2207703.jpg\",\"datePublished\":\"2026-05-01T00:19:24+00:00\",\"breadcrumb\":{\"@id\":\"https:\/\/gysfm.com.ar\/inicio\/el-gobierno-le-impuso-una-multa-record-a-la-fraternidad-por-adherir-al-ultimo-paro-de-la-cgt\/#breadcrumb\"},\"inLanguage\":\"es\",\"potentialAction\":[{\"@type\":\"ReadAction\",\"target\":[\"https:\/\/gysfm.com.ar\/inicio\/el-gobierno-le-impuso-una-multa-record-a-la-fraternidad-por-adherir-al-ultimo-paro-de-la-cgt\/\"]}]},{\"@type\":\"ImageObject\",\"inLanguage\":\"es\",\"@id\":\"https:\/\/gysfm.com.ar\/inicio\/el-gobierno-le-impuso-una-multa-record-a-la-fraternidad-por-adherir-al-ultimo-paro-de-la-cgt\/#primaryimage\",\"url\":\"https:\/\/gysfm.com.ar\/inicio\/wp-content\/uploads\/2026\/04\/220326cgtactobloombergg-2207703.jpg\",\"contentUrl\":\"https:\/\/gysfm.com.ar\/inicio\/wp-content\/uploads\/2026\/04\/220326cgtactobloombergg-2207703.jpg\",\"width\":1140,\"height\":641},{\"@type\":\"BreadcrumbList\",\"@id\":\"https:\/\/gysfm.com.ar\/inicio\/el-gobierno-le-impuso-una-multa-record-a-la-fraternidad-por-adherir-al-ultimo-paro-de-la-cgt\/#breadcrumb\",\"itemListElement\":[{\"@type\":\"ListItem\",\"position\":1,\"name\":\"Portada\",\"item\":\"https:\/\/gysfm.com.ar\/inicio\/\"},{\"@type\":\"ListItem\",\"position\":2,\"name\":\"El Gobierno le impuso una multa r\u00e9cord a La Fraternidad por adherir al \u00faltimo paro de la CGT\"}]},{\"@type\":\"WebSite\",\"@id\":\"https:\/\/gysfm.com.ar\/inicio\/#website\",\"url\":\"https:\/\/gysfm.com.ar\/inicio\/\",\"name\":\"GYS NOTICIAS |\",\"description\":\"DIARIO - RADIO ONLINE SAN JUAN ARGENTINA\",\"publisher\":{\"@id\":\"https:\/\/gysfm.com.ar\/inicio\/#organization\"},\"potentialAction\":[{\"@type\":\"SearchAction\",\"target\":{\"@type\":\"EntryPoint\",\"urlTemplate\":\"https:\/\/gysfm.com.ar\/inicio\/?s={search_term_string}\"},\"query-input\":{\"@type\":\"PropertyValueSpecification\",\"valueRequired\":true,\"valueName\":\"search_term_string\"}}],\"inLanguage\":\"es\"},{\"@type\":\"Organization\",\"@id\":\"https:\/\/gysfm.com.ar\/inicio\/#organization\",\"name\":\"GYS NOTICIAS |\",\"url\":\"https:\/\/gysfm.com.ar\/inicio\/\",\"logo\":{\"@type\":\"ImageObject\",\"inLanguage\":\"es\",\"@id\":\"https:\/\/gysfm.com.ar\/inicio\/#\/schema\/logo\/image\/\",\"url\":\"https:\/\/gysfm.com.ar\/inicio\/wp-content\/uploads\/2023\/07\/LOGOGYS-OK.png\",\"contentUrl\":\"https:\/\/gysfm.com.ar\/inicio\/wp-content\/uploads\/2023\/07\/LOGOGYS-OK.png\",\"width\":1170,\"height\":872,\"caption\":\"GYS NOTICIAS |\"},\"image\":{\"@id\":\"https:\/\/gysfm.com.ar\/inicio\/#\/schema\/logo\/image\/\"}},{\"@type\":\"Person\",\"@id\":\"https:\/\/gysfm.com.ar\/inicio\/#\/schema\/person\/3abba7593ef2ad19e1be221d54383dc5\",\"name\":\"Prensa G&amp;S FM\",\"image\":{\"@type\":\"ImageObject\",\"inLanguage\":\"es\",\"@id\":\"https:\/\/gysfm.com.ar\/inicio\/#\/schema\/person\/image\/\",\"url\":\"https:\/\/secure.gravatar.com\/avatar\/096ec78df02049ab018702bb4ccedf659377fa92a26540b5247612077a0dbd29?s=96&d=mm&r=g\",\"contentUrl\":\"https:\/\/secure.gravatar.com\/avatar\/096ec78df02049ab018702bb4ccedf659377fa92a26540b5247612077a0dbd29?s=96&d=mm&r=g\",\"caption\":\"Prensa G&amp;S FM\"},\"sameAs\":[\"https:\/\/gysfm.com.ar\/\"],\"url\":\"https:\/\/gysfm.com.ar\/inicio\/author\/lucasm\/\"}]}<\/script>\n<!-- \/ Yoast SEO plugin. -->","yoast_head_json":{"title":"El Gobierno le impuso una multa r\u00e9cord a La Fraternidad por adherir al \u00faltimo paro de la CGT - GYS NOTICIAS |","robots":{"index":"index","follow":"follow","max-snippet":"max-snippet:-1","max-image-preview":"max-image-preview:large","max-video-preview":"max-video-preview:-1"},"canonical":"https:\/\/gysfm.com.ar\/inicio\/el-gobierno-le-impuso-una-multa-record-a-la-fraternidad-por-adherir-al-ultimo-paro-de-la-cgt\/","og_locale":"es_ES","og_type":"article","og_title":"El Gobierno le impuso una multa r\u00e9cord a La Fraternidad por adherir al \u00faltimo paro de la CGT - GYS NOTICIAS |","og_description":"A trav\u00e9s de su cuenta oficial de X, el Ministerio de Capital Humano dio a conocer un extenso comunicado revelando que le impuso una multa r\u00e9cord al sindicato ferroviario La Fraternidad por no acatar la conciliaci\u00f3n obligatoria en su conflicto salarial y haberse sumado al \u00faltimo paro general de la CGT, realizado el 19 de [&hellip;]","og_url":"https:\/\/gysfm.com.ar\/inicio\/el-gobierno-le-impuso-una-multa-record-a-la-fraternidad-por-adherir-al-ultimo-paro-de-la-cgt\/","og_site_name":"GYS NOTICIAS |","article_published_time":"2026-05-01T00:19:24+00:00","og_image":[{"url":"https:\/\/fotos.perfil.com\/\/2026\/04\/30\/900\/0\/multa-del-ministerio-de-capital-humano-al-gremio-la-fraternidad-1-2230829.jpg?webp","type":"","width":"","height":""}],"author":"Prensa G&amp;S FM","twitter_card":"summary_large_image","twitter_misc":{"Escrito por":"Prensa G&amp;S FM","Tiempo de lectura":"3 minutos"},"schema":{"@context":"https:\/\/schema.org","@graph":[{"@type":"Article","@id":"https:\/\/gysfm.com.ar\/inicio\/el-gobierno-le-impuso-una-multa-record-a-la-fraternidad-por-adherir-al-ultimo-paro-de-la-cgt\/#article","isPartOf":{"@id":"https:\/\/gysfm.com.ar\/inicio\/el-gobierno-le-impuso-una-multa-record-a-la-fraternidad-por-adherir-al-ultimo-paro-de-la-cgt\/"},"author":{"name":"Prensa G&amp;S FM","@id":"https:\/\/gysfm.com.ar\/inicio\/#\/schema\/person\/3abba7593ef2ad19e1be221d54383dc5"},"headline":"El Gobierno le impuso una multa r\u00e9cord a La Fraternidad por adherir al \u00faltimo paro de la CGT","datePublished":"2026-05-01T00:19:24+00:00","mainEntityOfPage":{"@id":"https:\/\/gysfm.com.ar\/inicio\/el-gobierno-le-impuso-una-multa-record-a-la-fraternidad-por-adherir-al-ultimo-paro-de-la-cgt\/"},"wordCount":594,"publisher":{"@id":"https:\/\/gysfm.com.ar\/inicio\/#organization"},"image":{"@id":"https:\/\/gysfm.com.ar\/inicio\/el-gobierno-le-impuso-una-multa-record-a-la-fraternidad-por-adherir-al-ultimo-paro-de-la-cgt\/#primaryimage"},"thumbnailUrl":"https:\/\/gysfm.com.ar\/inicio\/wp-content\/uploads\/2026\/04\/220326cgtactobloombergg-2207703.jpg","articleSection":["NACIONALES"],"inLanguage":"es"},{"@type":"WebPage","@id":"https:\/\/gysfm.com.ar\/inicio\/el-gobierno-le-impuso-una-multa-record-a-la-fraternidad-por-adherir-al-ultimo-paro-de-la-cgt\/","url":"https:\/\/gysfm.com.ar\/inicio\/el-gobierno-le-impuso-una-multa-record-a-la-fraternidad-por-adherir-al-ultimo-paro-de-la-cgt\/","name":"El Gobierno le impuso una multa r\u00e9cord a La Fraternidad por adherir al \u00faltimo paro de la CGT - GYS NOTICIAS |","isPartOf":{"@id":"https:\/\/gysfm.com.ar\/inicio\/#website"},"primaryImageOfPage":{"@id":"https:\/\/gysfm.com.ar\/inicio\/el-gobierno-le-impuso-una-multa-record-a-la-fraternidad-por-adherir-al-ultimo-paro-de-la-cgt\/#primaryimage"},"image":{"@id":"https:\/\/gysfm.com.ar\/inicio\/el-gobierno-le-impuso-una-multa-record-a-la-fraternidad-por-adherir-al-ultimo-paro-de-la-cgt\/#primaryimage"},"thumbnailUrl":"https:\/\/gysfm.com.ar\/inicio\/wp-content\/uploads\/2026\/04\/220326cgtactobloombergg-2207703.jpg","datePublished":"2026-05-01T00:19:24+00:00","breadcrumb":{"@id":"https:\/\/gysfm.com.ar\/inicio\/el-gobierno-le-impuso-una-multa-record-a-la-fraternidad-por-adherir-al-ultimo-paro-de-la-cgt\/#breadcrumb"},"inLanguage":"es","potentialAction":[{"@type":"ReadAction","target":["https:\/\/gysfm.com.ar\/inicio\/el-gobierno-le-impuso-una-multa-record-a-la-fraternidad-por-adherir-al-ultimo-paro-de-la-cgt\/"]}]},{"@type":"ImageObject","inLanguage":"es","@id":"https:\/\/gysfm.com.ar\/inicio\/el-gobierno-le-impuso-una-multa-record-a-la-fraternidad-por-adherir-al-ultimo-paro-de-la-cgt\/#primaryimage","url":"https:\/\/gysfm.com.ar\/inicio\/wp-content\/uploads\/2026\/04\/220326cgtactobloombergg-2207703.jpg","contentUrl":"https:\/\/gysfm.com.ar\/inicio\/wp-content\/uploads\/2026\/04\/220326cgtactobloombergg-2207703.jpg","width":1140,"height":641},{"@type":"BreadcrumbList","@id":"https:\/\/gysfm.com.ar\/inicio\/el-gobierno-le-impuso-una-multa-record-a-la-fraternidad-por-adherir-al-ultimo-paro-de-la-cgt\/#breadcrumb","itemListElement":[{"@type":"ListItem","position":1,"name":"Portada","item":"https:\/\/gysfm.com.ar\/inicio\/"},{"@type":"ListItem","position":2,"name":"El Gobierno le impuso una multa r\u00e9cord a La Fraternidad por adherir al \u00faltimo paro de la CGT"}]},{"@type":"WebSite","@id":"https:\/\/gysfm.com.ar\/inicio\/#website","url":"https:\/\/gysfm.com.ar\/inicio\/","name":"GYS NOTICIAS |","description":"DIARIO - RADIO ONLINE SAN JUAN ARGENTINA","publisher":{"@id":"https:\/\/gysfm.com.ar\/inicio\/#organization"},"potentialAction":[{"@type":"SearchAction","target":{"@type":"EntryPoint","urlTemplate":"https:\/\/gysfm.com.ar\/inicio\/?s={search_term_string}"},"query-input":{"@type":"PropertyValueSpecification","valueRequired":true,"valueName":"search_term_string"}}],"inLanguage":"es"},{"@type":"Organization","@id":"https:\/\/gysfm.com.ar\/inicio\/#organization","name":"GYS NOTICIAS |","url":"https:\/\/gysfm.com.ar\/inicio\/","logo":{"@type":"ImageObject","inLanguage":"es","@id":"https:\/\/gysfm.com.ar\/inicio\/#\/schema\/logo\/image\/","url":"https:\/\/gysfm.com.ar\/inicio\/wp-content\/uploads\/2023\/07\/LOGOGYS-OK.png","contentUrl":"https:\/\/gysfm.com.ar\/inicio\/wp-content\/uploads\/2023\/07\/LOGOGYS-OK.png","width":1170,"height":872,"caption":"GYS NOTICIAS |"},"image":{"@id":"https:\/\/gysfm.com.ar\/inicio\/#\/schema\/logo\/image\/"}},{"@type":"Person","@id":"https:\/\/gysfm.com.ar\/inicio\/#\/schema\/person\/3abba7593ef2ad19e1be221d54383dc5","name":"Prensa G&amp;S FM","image":{"@type":"ImageObject","inLanguage":"es","@id":"https:\/\/gysfm.com.ar\/inicio\/#\/schema\/person\/image\/","url":"https:\/\/secure.gravatar.com\/avatar\/096ec78df02049ab018702bb4ccedf659377fa92a26540b5247612077a0dbd29?s=96&d=mm&r=g","contentUrl":"https:\/\/secure.gravatar.com\/avatar\/096ec78df02049ab018702bb4ccedf659377fa92a26540b5247612077a0dbd29?s=96&d=mm&r=g","caption":"Prensa G&amp;S FM"},"sameAs":["https:\/\/gysfm.com.ar\/"],"url":"https:\/\/gysfm.com.ar\/inicio\/author\/lucasm\/"}]}},"_links":{"self":[{"href":"https:\/\/gysfm.com.ar\/inicio\/wp-json\/wp\/v2\/posts\/193979","targetHints":{"allow":["GET"]}}],"collection":[{"href":"https:\/\/gysfm.com.ar\/inicio\/wp-json\/wp\/v2\/posts"}],"about":[{"href":"https:\/\/gysfm.com.ar\/inicio\/wp-json\/wp\/v2\/types\/post"}],"author":[{"embeddable":true,"href":"https:\/\/gysfm.com.ar\/inicio\/wp-json\/wp\/v2\/users\/2"}],"replies":[{"embeddable":true,"href":"https:\/\/gysfm.com.ar\/inicio\/wp-json\/wp\/v2\/comments?post=193979"}],"version-history":[{"count":0,"href":"https:\/\/gysfm.com.ar\/inicio\/wp-json\/wp\/v2\/posts\/193979\/revisions"}],"wp:featuredmedia":[{"embeddable":true,"href":"https:\/\/gysfm.com.ar\/inicio\/wp-json\/wp\/v2\/media\/193980"}],"wp:attachment":[{"href":"https:\/\/gysfm.com.ar\/inicio\/wp-json\/wp\/v2\/media?parent=193979"}],"wp:term":[{"taxonomy":"category","embeddable":true,"href":"https:\/\/gysfm.com.ar\/inicio\/wp-json\/wp\/v2\/categories?post=193979"},{"taxonomy":"post_tag","embeddable":true,"href":"https:\/\/gysfm.com.ar\/inicio\/wp-json\/wp\/v2\/tags?post=193979"}],"curies":[{"name":"wp","href":"https:\/\/api.w.org\/{rel}","templated":true}]}}