{"id":193977,"date":"2026-04-30T20:47:33","date_gmt":"2026-04-30T23:47:33","guid":{"rendered":"https:\/\/gysfm.com.ar\/inicio\/preocupada-por-la-inflacion-la-fed-mantiene-las-tasas-pero-endurece-el-mensaje-a-futuro\/"},"modified":"2026-04-30T20:47:33","modified_gmt":"2026-04-30T23:47:33","slug":"preocupada-por-la-inflacion-la-fed-mantiene-las-tasas-pero-endurece-el-mensaje-a-futuro","status":"publish","type":"post","link":"https:\/\/gysfm.com.ar\/inicio\/preocupada-por-la-inflacion-la-fed-mantiene-las-tasas-pero-endurece-el-mensaje-a-futuro\/","title":{"rendered":"Preocupada por la inflaci\u00f3n, la Fed mantiene las tasas, pero endurece el mensaje a futuro"},"content":{"rendered":"<p><\/p>\n<div id=\"article-content\">\n<p>La <a target=\"_blank\" href=\"https:\/\/www.perfil.com\/noticias\/economia\/la-reserva-federal-de-estados-unidos-mantiene-las-tasas-de-interes-a40.phtml\">Reserva Federal dej\u00f3 las tasas de inter\u00e9s sin cambios<\/a> en su reuni\u00f3n de abril, <strong>manteniendo el rango objetivo de los fondos federales entre el 3,5 % y el 3,75 %, <\/strong>en l\u00ednea con las expectativas. Sin embargo, una lectura m\u00e1s detallada de la declaraci\u00f3n muestra que el Comit\u00e9 Federal de Mercado Abierto est\u00e1 cada vez m\u00e1s alerta ante los <strong>riesgos de inflaci\u00f3n,<\/strong> incluso cuando <strong>algunos sectores de la econom\u00eda muestran signos de enfriamiento.<\/strong><\/p>\n<p class=\"destacadoNota\"><a target=\"_blank\" href=\"https:\/\/www.perfil.com\/noticias\/bloomberg\/bc-la-fed-advierte-escenarios-divergentes-para-la-economia-de-eeuu.phtml\">La Fed advierte sobre distintos escenarios para la econom\u00eda de EE.UU.<\/a><\/p>\n<p>En cuanto al crecimiento, <a target=\"_blank\" href=\"https:\/\/www.perfil.com\/noticias\/economia\/la-reserva-federal-de-estados-unidos-mantiene-las-tasas-de-interes-y-eleva-previsiones-de-inflacion-a40.phtml\">la valoraci\u00f3n de la Fed se mantuvo pr\u00e1cticamente sin cambios.<\/a> La actividad econ\u00f3mica sigue describi\u00e9ndose como en expansi\u00f3n a un ritmo s\u00f3lido, sin ofrecer indicios de que la demanda se haya debilitado lo suficiente como para obligar al Comit\u00e9 a actuar. E<strong>sta continuidad es importante: <\/strong>a pesar de unas condiciones financieras m\u00e1s restrictivas y de una contrataci\u00f3n m\u00e1s lenta, l<strong>a Fed no ve pruebas convincentes de que el crecimiento en s\u00ed mismo se est\u00e9 tambaleando.<\/strong><\/p>\n<div class=\"subscription\">\n<p>\n        Esto no les gusta a los autoritarios\n    <\/p>\n<div class=\"subscription__container\">\n<div class=\"subscription__text-wrapper\">\n<p>\n                El ejercicio del periodismo profesional y cr\u00edtico es un pilar fundamental de la democracia. Por eso molesta a quienes creen ser los due\u00f1os de la verdad.\n            <\/p>\n<\/p><\/div><\/div>\n<\/div>\n<p>Sin embargo, el lenguaje utilizado para referirse al mercado laboral sigue evolucionando. La declaraci\u00f3n se\u00f1ala de nuevo que <strong>el aumento del empleo se ha mantenido bajo, en promedio, <\/strong>lo que refuerza la idea de que el impulso de la contrataci\u00f3n se ha enfriado. Pero este reconocimiento se equilibra cuidadosamente con la observaci\u00f3n de que la tasa de desempleo \u00abapenas ha variado\u00bb. En efecto, la Fed reconoce la <strong>moderaci\u00f3n del mercado laboral<\/strong> sin interpretarla como un deterioro, una distinci\u00f3n que mantiene la pol\u00edtica firmemente en modo de espera.<\/p>\n<p><a target=\"_blank\" href=\"https:\/\/www.perfil.com\/noticias\/bloomberg\/bc-inflacion-mayorista-en-eeuu-sube-menos-de-lo-esperado-pese-al-impacto-de-la-guerra-en-iran.phtml\">El cambio m\u00e1s notable se da en materia de inflaci\u00f3n<\/a>. La inflaci\u00f3n se describe ahora como \u00abelevada\u00bb, con una referencia expl\u00edcita a los recientes aumentos de los precios mundiales de la energ\u00eda. En comparaci\u00f3n con la declaraci\u00f3n anterior, esto representa un cambio de enfoque sutil pero importante. En lugar de hacer hincapi\u00e9 en el progreso o la estabilidad, <strong>la Fed llama la atenci\u00f3n sobre los renovados riesgos al alza<\/strong>, en particular los que emanan de fuera de la econom\u00eda nacional.<\/p>\n<p>La<a target=\"_blank\" href=\"https:\/\/www.perfil.com\/noticias\/canal-e\/mercados-globales-en-alerta-volatilidad-extrema-caida-del-oro-y-tension-geopolitica.phtml\"> geopol\u00edtica desempe\u00f1a un papel m\u00e1s importante en este replanteamiento<\/a>. El Comit\u00e9 se\u00f1ala directamente que los acontecimientos en Oriente Medio contribuyen a un alto nivel de incertidumbre en torno a las perspectivas. Si bien la incertidumbre ya se reconoc\u00eda anteriormente, la declaraci\u00f3n ahora la pone m\u00e1s claramente de relieve y la vincula a los riesgos de inflaci\u00f3n. La Fed reitera que est\u00e1 atenta a ambos aspectos de su doble mandato, pero la estructura y la secuencia del debate dejan pocas dudas sobre cu\u00e1l de ellos requiere actualmente mayor cautela.<\/p>\n<p class=\"destacadoNota\"><a target=\"_blank\" href=\"https:\/\/www.perfil.com\/noticias\/economia\/deuda-y-dolar-fuerte-el-complejo-escenario-que-enfrentan-los-paises-emergentes-por-la-politica-monetaria-de-ee-uu-a35.phtml\">Deuda y d\u00f3lar fuerte: el complejo escenario que enfrentan los pa\u00edses emergentes por la pol\u00edtica monetaria de EE. UU.<\/a><\/p>\n<p>En materia de <strong>pol\u00edtica monetaria<\/strong>, la Fed mantuvo la m\u00e1xima flexibilidad. El Comit\u00e9 volvi\u00f3 a hacer referencia al \u00abalcance y el momento de los ajustes adicionales\u00bb de los tipos, evitando cualquier se\u00f1al expl\u00edcita de que las bajadas sean inminentes. Aunque el comunicado incluye un lenguaje que puede interpretarse como una inclinaci\u00f3n hacia la flexibilizaci\u00f3n, su impacto se ve diluido por un notable grado de desacuerdo interno. Un miembro se mostr\u00f3 en desacuerdo y abog\u00f3 por una bajada inmediata de los tipos, mientras que otros tres apoyaron mantenerlos estables, pero se opusieron a incluir una inclinaci\u00f3n hacia la flexibilizaci\u00f3n en esta fase. Esa divisi\u00f3n pone de relieve lo fr\u00e1gil que es el consenso y lo reacios que siguen siendo los responsables de la pol\u00edtica monetaria a comprometerse de antemano.<strong> Warsh heredar\u00e1 este reto: buscar el consenso entre una Junta dividida.<\/strong><\/p>\n<p style=\"text-align:center\"><picture><source media=\"(max-width: 440px)\" srcset=\"https:\/\/fotos.perfil.com\/\/2026\/04\/24\/440\/0\/BC-departamento-de-justicia-cierra-investigacion-sobre-powell-y-despeja-el-camino-a-warsh-bt.jpg?webp\"\/><source media=\"(max-width: 1019px)\" srcset=\"https:\/\/fotos.perfil.com\/\/2026\/04\/24\/712\/0\/BC-departamento-de-justicia-cierra-investigacion-sobre-powell-y-despeja-el-camino-a-warsh-bt.jpg?webp\"\/><img decoding=\"async\" style=\"max-width: 100%; width: 100%;\" alt=\"Fed Chair Powell Holds News Conference Following FOMC Rate Decision\" src=\"https:\/\/fotos.perfil.com\/\/2026\/04\/24\/900\/0\/BC-departamento-de-justicia-cierra-investigacion-sobre-powell-y-despeja-el-camino-a-warsh-bt.jpg?webp\" loading=\"lazy\"\/><\/picture><\/p>\n<p>Dicho esto, la declaraci\u00f3n en s\u00ed misma es solo una parte de la historia<strong>. La interpretaci\u00f3n definitiva del mercado depender\u00e1 en gran medida de c\u00f3mo aborde el presidente Powell estos temas en la rueda de prensa<\/strong>, en particular de si enmarca la reciente <strong>subida de los precios<\/strong> de la energ\u00eda como una perturbaci\u00f3n geopol\u00edtica transitoria o como una fuente m\u00e1s persistente de riesgo de inflaci\u00f3n. Hist\u00f3ricamente, los mercados han tendido a reaccionar m\u00e1s al tono y el \u00e9nfasis de Powell que a la mera declaraci\u00f3n escrita, lo que hace que su caracterizaci\u00f3n del nexo entre la inflaci\u00f3n y la energ\u00eda sea fundamental para la fijaci\u00f3n de precios a corto plazo.<\/p>\n<p>En conjunto, la declaraci\u00f3n de abril sugiere que la Reserva Federal se muestra paciente, cautelosa y cada vez m\u00e1s sensible a las <strong>perturbaciones inflacionistas, en particular las relacionadas con la energ\u00eda y la geopol\u00edtica.<\/strong><\/p>\n<p>Se reconoce el enfriamiento del mercado laboral, pero a\u00fan no es decisivo. El crecimiento sigue siendo resistente. Y la confianza en la inflaci\u00f3n, aunque no se ha perdido, es claramente incompleta.<\/p>\n<p>Para los mercados, el mensaje es claro. No se trata de una declaraci\u00f3n que allane el camino para una relajaci\u00f3n a corto plazo. Por el contrario, refuerza la idea de que la Fed est\u00e1 dispuesta a esperar y a tolerar un avance m\u00e1s lento hasta que est\u00e9 segura de que los riesgos de inflaci\u00f3n, tanto nacionales como globales, est\u00e1n firmemente controlados.<\/p>\n<p><em>(*) Daniel Siluk es gestor de carteras y director de Duraci\u00f3n Corta Global y Liquidez en Janus Henderson Investors<\/em><\/p>\n<\/p><\/div>\n<p><script>\n                !function(f,b,e,v,n,t,s)\n                {if(f.fbq)return;n=f.fbq=function(){n.callMethod?\n                    n.callMethod.apply(n,arguments):n.queue.push(arguments)};\n                    if(!f._fbq)f._fbq=n;n.push=n;n.loaded=!0;n.version='2.0';\n                    n.queue=[];t=b.createElement(e);t.async=!0;\n                    t.src=v;s=b.getElementsByTagName(e)[0];\n                    s.parentNode.insertBefore(t,s)}(window, document,'script',\n                    'https:\/\/connect.facebook.net\/en_US\/fbevents.js');\n                window.paywallConfig.facebook_pixel=\"1000228364089342\"\n            <\/script><\/p>\n","protected":false},"excerpt":{"rendered":"<p>La Reserva Federal dej\u00f3 las tasas de inter\u00e9s sin cambios en su reuni\u00f3n de abril, manteniendo el rango objetivo de los fondos federales entre el 3,5 % y el 3,75 %, en l\u00ednea con las expectativas. Sin embargo, una lectura m\u00e1s detallada de la declaraci\u00f3n muestra que el Comit\u00e9 Federal de Mercado Abierto est\u00e1 cada [&hellip;]<\/p>\n","protected":false},"author":2,"featured_media":193978,"comment_status":"closed","ping_status":"closed","sticky":false,"template":"","format":"standard","meta":{"footnotes":""},"categories":[25],"tags":[],"class_list":["post-193977","post","type-post","status-publish","format-standard","has-post-thumbnail","hentry","category-nacionales"],"yoast_head":"<!-- This site is optimized with the Yoast SEO plugin v24.4 - https:\/\/yoast.com\/wordpress\/plugins\/seo\/ -->\n<title>Preocupada por la inflaci\u00f3n, la Fed mantiene las tasas, pero endurece el mensaje a futuro - GYS NOTICIAS |<\/title>\n<meta name=\"robots\" content=\"index, follow, max-snippet:-1, max-image-preview:large, max-video-preview:-1\" \/>\n<link rel=\"canonical\" href=\"https:\/\/gysfm.com.ar\/inicio\/preocupada-por-la-inflacion-la-fed-mantiene-las-tasas-pero-endurece-el-mensaje-a-futuro\/\" \/>\n<meta property=\"og:locale\" content=\"es_ES\" \/>\n<meta property=\"og:type\" content=\"article\" \/>\n<meta property=\"og:title\" content=\"Preocupada por la inflaci\u00f3n, la Fed mantiene las tasas, pero endurece el mensaje a futuro - GYS NOTICIAS |\" \/>\n<meta property=\"og:description\" content=\"La Reserva Federal dej\u00f3 las tasas de inter\u00e9s sin cambios en su reuni\u00f3n de abril, manteniendo el rango objetivo de los fondos federales entre el 3,5 % y el 3,75 %, en l\u00ednea con las expectativas. Sin embargo, una lectura m\u00e1s detallada de la declaraci\u00f3n muestra que el Comit\u00e9 Federal de Mercado Abierto est\u00e1 cada [&hellip;]\" \/>\n<meta property=\"og:url\" content=\"https:\/\/gysfm.com.ar\/inicio\/preocupada-por-la-inflacion-la-fed-mantiene-las-tasas-pero-endurece-el-mensaje-a-futuro\/\" \/>\n<meta property=\"og:site_name\" content=\"GYS NOTICIAS |\" \/>\n<meta property=\"article:published_time\" content=\"2026-04-30T23:47:33+00:00\" \/>\n<meta property=\"og:image\" content=\"https:\/\/fotos.perfil.com\/\/2026\/04\/24\/900\/0\/BC-departamento-de-justicia-cierra-investigacion-sobre-powell-y-despeja-el-camino-a-warsh-bt.jpg?webp\" \/>\n<meta name=\"author\" content=\"Prensa G&amp;S FM\" \/>\n<meta name=\"twitter:card\" content=\"summary_large_image\" \/>\n<meta name=\"twitter:label1\" content=\"Escrito por\" \/>\n\t<meta name=\"twitter:data1\" content=\"Prensa G&amp;S FM\" \/>\n\t<meta name=\"twitter:label2\" content=\"Tiempo de lectura\" \/>\n\t<meta name=\"twitter:data2\" content=\"5 minutos\" \/>\n<script type=\"application\/ld+json\" class=\"yoast-schema-graph\">{\"@context\":\"https:\/\/schema.org\",\"@graph\":[{\"@type\":\"Article\",\"@id\":\"https:\/\/gysfm.com.ar\/inicio\/preocupada-por-la-inflacion-la-fed-mantiene-las-tasas-pero-endurece-el-mensaje-a-futuro\/#article\",\"isPartOf\":{\"@id\":\"https:\/\/gysfm.com.ar\/inicio\/preocupada-por-la-inflacion-la-fed-mantiene-las-tasas-pero-endurece-el-mensaje-a-futuro\/\"},\"author\":{\"name\":\"Prensa G&amp;S FM\",\"@id\":\"https:\/\/gysfm.com.ar\/inicio\/#\/schema\/person\/3abba7593ef2ad19e1be221d54383dc5\"},\"headline\":\"Preocupada por la inflaci\u00f3n, la Fed mantiene las tasas, pero endurece el mensaje a futuro\",\"datePublished\":\"2026-04-30T23:47:33+00:00\",\"mainEntityOfPage\":{\"@id\":\"https:\/\/gysfm.com.ar\/inicio\/preocupada-por-la-inflacion-la-fed-mantiene-las-tasas-pero-endurece-el-mensaje-a-futuro\/\"},\"wordCount\":964,\"publisher\":{\"@id\":\"https:\/\/gysfm.com.ar\/inicio\/#organization\"},\"image\":{\"@id\":\"https:\/\/gysfm.com.ar\/inicio\/preocupada-por-la-inflacion-la-fed-mantiene-las-tasas-pero-endurece-el-mensaje-a-futuro\/#primaryimage\"},\"thumbnailUrl\":\"https:\/\/gysfm.com.ar\/inicio\/wp-content\/uploads\/2026\/04\/BC-mercado-de-bonos-descarta-apuestas-de-recorte-de-tasas-de-la-fed-en-2026-JA.jpg\",\"articleSection\":[\"NACIONALES\"],\"inLanguage\":\"es\"},{\"@type\":\"WebPage\",\"@id\":\"https:\/\/gysfm.com.ar\/inicio\/preocupada-por-la-inflacion-la-fed-mantiene-las-tasas-pero-endurece-el-mensaje-a-futuro\/\",\"url\":\"https:\/\/gysfm.com.ar\/inicio\/preocupada-por-la-inflacion-la-fed-mantiene-las-tasas-pero-endurece-el-mensaje-a-futuro\/\",\"name\":\"Preocupada por la inflaci\u00f3n, la Fed mantiene las tasas, pero endurece el mensaje a futuro - GYS NOTICIAS |\",\"isPartOf\":{\"@id\":\"https:\/\/gysfm.com.ar\/inicio\/#website\"},\"primaryImageOfPage\":{\"@id\":\"https:\/\/gysfm.com.ar\/inicio\/preocupada-por-la-inflacion-la-fed-mantiene-las-tasas-pero-endurece-el-mensaje-a-futuro\/#primaryimage\"},\"image\":{\"@id\":\"https:\/\/gysfm.com.ar\/inicio\/preocupada-por-la-inflacion-la-fed-mantiene-las-tasas-pero-endurece-el-mensaje-a-futuro\/#primaryimage\"},\"thumbnailUrl\":\"https:\/\/gysfm.com.ar\/inicio\/wp-content\/uploads\/2026\/04\/BC-mercado-de-bonos-descarta-apuestas-de-recorte-de-tasas-de-la-fed-en-2026-JA.jpg\",\"datePublished\":\"2026-04-30T23:47:33+00:00\",\"breadcrumb\":{\"@id\":\"https:\/\/gysfm.com.ar\/inicio\/preocupada-por-la-inflacion-la-fed-mantiene-las-tasas-pero-endurece-el-mensaje-a-futuro\/#breadcrumb\"},\"inLanguage\":\"es\",\"potentialAction\":[{\"@type\":\"ReadAction\",\"target\":[\"https:\/\/gysfm.com.ar\/inicio\/preocupada-por-la-inflacion-la-fed-mantiene-las-tasas-pero-endurece-el-mensaje-a-futuro\/\"]}]},{\"@type\":\"ImageObject\",\"inLanguage\":\"es\",\"@id\":\"https:\/\/gysfm.com.ar\/inicio\/preocupada-por-la-inflacion-la-fed-mantiene-las-tasas-pero-endurece-el-mensaje-a-futuro\/#primaryimage\",\"url\":\"https:\/\/gysfm.com.ar\/inicio\/wp-content\/uploads\/2026\/04\/BC-mercado-de-bonos-descarta-apuestas-de-recorte-de-tasas-de-la-fed-en-2026-JA.jpg\",\"contentUrl\":\"https:\/\/gysfm.com.ar\/inicio\/wp-content\/uploads\/2026\/04\/BC-mercado-de-bonos-descarta-apuestas-de-recorte-de-tasas-de-la-fed-en-2026-JA.jpg\",\"width\":1140,\"height\":641},{\"@type\":\"BreadcrumbList\",\"@id\":\"https:\/\/gysfm.com.ar\/inicio\/preocupada-por-la-inflacion-la-fed-mantiene-las-tasas-pero-endurece-el-mensaje-a-futuro\/#breadcrumb\",\"itemListElement\":[{\"@type\":\"ListItem\",\"position\":1,\"name\":\"Portada\",\"item\":\"https:\/\/gysfm.com.ar\/inicio\/\"},{\"@type\":\"ListItem\",\"position\":2,\"name\":\"Preocupada por la inflaci\u00f3n, la Fed mantiene las tasas, pero endurece el mensaje a futuro\"}]},{\"@type\":\"WebSite\",\"@id\":\"https:\/\/gysfm.com.ar\/inicio\/#website\",\"url\":\"https:\/\/gysfm.com.ar\/inicio\/\",\"name\":\"GYS NOTICIAS |\",\"description\":\"DIARIO - RADIO ONLINE SAN JUAN ARGENTINA\",\"publisher\":{\"@id\":\"https:\/\/gysfm.com.ar\/inicio\/#organization\"},\"potentialAction\":[{\"@type\":\"SearchAction\",\"target\":{\"@type\":\"EntryPoint\",\"urlTemplate\":\"https:\/\/gysfm.com.ar\/inicio\/?s={search_term_string}\"},\"query-input\":{\"@type\":\"PropertyValueSpecification\",\"valueRequired\":true,\"valueName\":\"search_term_string\"}}],\"inLanguage\":\"es\"},{\"@type\":\"Organization\",\"@id\":\"https:\/\/gysfm.com.ar\/inicio\/#organization\",\"name\":\"GYS NOTICIAS |\",\"url\":\"https:\/\/gysfm.com.ar\/inicio\/\",\"logo\":{\"@type\":\"ImageObject\",\"inLanguage\":\"es\",\"@id\":\"https:\/\/gysfm.com.ar\/inicio\/#\/schema\/logo\/image\/\",\"url\":\"https:\/\/gysfm.com.ar\/inicio\/wp-content\/uploads\/2023\/07\/LOGOGYS-OK.png\",\"contentUrl\":\"https:\/\/gysfm.com.ar\/inicio\/wp-content\/uploads\/2023\/07\/LOGOGYS-OK.png\",\"width\":1170,\"height\":872,\"caption\":\"GYS NOTICIAS |\"},\"image\":{\"@id\":\"https:\/\/gysfm.com.ar\/inicio\/#\/schema\/logo\/image\/\"}},{\"@type\":\"Person\",\"@id\":\"https:\/\/gysfm.com.ar\/inicio\/#\/schema\/person\/3abba7593ef2ad19e1be221d54383dc5\",\"name\":\"Prensa G&amp;S FM\",\"image\":{\"@type\":\"ImageObject\",\"inLanguage\":\"es\",\"@id\":\"https:\/\/gysfm.com.ar\/inicio\/#\/schema\/person\/image\/\",\"url\":\"https:\/\/secure.gravatar.com\/avatar\/096ec78df02049ab018702bb4ccedf659377fa92a26540b5247612077a0dbd29?s=96&d=mm&r=g\",\"contentUrl\":\"https:\/\/secure.gravatar.com\/avatar\/096ec78df02049ab018702bb4ccedf659377fa92a26540b5247612077a0dbd29?s=96&d=mm&r=g\",\"caption\":\"Prensa G&amp;S FM\"},\"sameAs\":[\"https:\/\/gysfm.com.ar\/\"],\"url\":\"https:\/\/gysfm.com.ar\/inicio\/author\/lucasm\/\"}]}<\/script>\n<!-- \/ Yoast SEO plugin. -->","yoast_head_json":{"title":"Preocupada por la inflaci\u00f3n, la Fed mantiene las tasas, pero endurece el mensaje a futuro - GYS NOTICIAS |","robots":{"index":"index","follow":"follow","max-snippet":"max-snippet:-1","max-image-preview":"max-image-preview:large","max-video-preview":"max-video-preview:-1"},"canonical":"https:\/\/gysfm.com.ar\/inicio\/preocupada-por-la-inflacion-la-fed-mantiene-las-tasas-pero-endurece-el-mensaje-a-futuro\/","og_locale":"es_ES","og_type":"article","og_title":"Preocupada por la inflaci\u00f3n, la Fed mantiene las tasas, pero endurece el mensaje a futuro - GYS NOTICIAS |","og_description":"La Reserva Federal dej\u00f3 las tasas de inter\u00e9s sin cambios en su reuni\u00f3n de abril, manteniendo el rango objetivo de los fondos federales entre el 3,5 % y el 3,75 %, en l\u00ednea con las expectativas. Sin embargo, una lectura m\u00e1s detallada de la declaraci\u00f3n muestra que el Comit\u00e9 Federal de Mercado Abierto est\u00e1 cada [&hellip;]","og_url":"https:\/\/gysfm.com.ar\/inicio\/preocupada-por-la-inflacion-la-fed-mantiene-las-tasas-pero-endurece-el-mensaje-a-futuro\/","og_site_name":"GYS NOTICIAS |","article_published_time":"2026-04-30T23:47:33+00:00","og_image":[{"url":"https:\/\/fotos.perfil.com\/\/2026\/04\/24\/900\/0\/BC-departamento-de-justicia-cierra-investigacion-sobre-powell-y-despeja-el-camino-a-warsh-bt.jpg?webp","type":"","width":"","height":""}],"author":"Prensa G&amp;S FM","twitter_card":"summary_large_image","twitter_misc":{"Escrito por":"Prensa G&amp;S FM","Tiempo de lectura":"5 minutos"},"schema":{"@context":"https:\/\/schema.org","@graph":[{"@type":"Article","@id":"https:\/\/gysfm.com.ar\/inicio\/preocupada-por-la-inflacion-la-fed-mantiene-las-tasas-pero-endurece-el-mensaje-a-futuro\/#article","isPartOf":{"@id":"https:\/\/gysfm.com.ar\/inicio\/preocupada-por-la-inflacion-la-fed-mantiene-las-tasas-pero-endurece-el-mensaje-a-futuro\/"},"author":{"name":"Prensa G&amp;S FM","@id":"https:\/\/gysfm.com.ar\/inicio\/#\/schema\/person\/3abba7593ef2ad19e1be221d54383dc5"},"headline":"Preocupada por la inflaci\u00f3n, la Fed mantiene las tasas, pero endurece el mensaje a futuro","datePublished":"2026-04-30T23:47:33+00:00","mainEntityOfPage":{"@id":"https:\/\/gysfm.com.ar\/inicio\/preocupada-por-la-inflacion-la-fed-mantiene-las-tasas-pero-endurece-el-mensaje-a-futuro\/"},"wordCount":964,"publisher":{"@id":"https:\/\/gysfm.com.ar\/inicio\/#organization"},"image":{"@id":"https:\/\/gysfm.com.ar\/inicio\/preocupada-por-la-inflacion-la-fed-mantiene-las-tasas-pero-endurece-el-mensaje-a-futuro\/#primaryimage"},"thumbnailUrl":"https:\/\/gysfm.com.ar\/inicio\/wp-content\/uploads\/2026\/04\/BC-mercado-de-bonos-descarta-apuestas-de-recorte-de-tasas-de-la-fed-en-2026-JA.jpg","articleSection":["NACIONALES"],"inLanguage":"es"},{"@type":"WebPage","@id":"https:\/\/gysfm.com.ar\/inicio\/preocupada-por-la-inflacion-la-fed-mantiene-las-tasas-pero-endurece-el-mensaje-a-futuro\/","url":"https:\/\/gysfm.com.ar\/inicio\/preocupada-por-la-inflacion-la-fed-mantiene-las-tasas-pero-endurece-el-mensaje-a-futuro\/","name":"Preocupada por la inflaci\u00f3n, la Fed mantiene las tasas, pero endurece el mensaje a futuro - GYS NOTICIAS |","isPartOf":{"@id":"https:\/\/gysfm.com.ar\/inicio\/#website"},"primaryImageOfPage":{"@id":"https:\/\/gysfm.com.ar\/inicio\/preocupada-por-la-inflacion-la-fed-mantiene-las-tasas-pero-endurece-el-mensaje-a-futuro\/#primaryimage"},"image":{"@id":"https:\/\/gysfm.com.ar\/inicio\/preocupada-por-la-inflacion-la-fed-mantiene-las-tasas-pero-endurece-el-mensaje-a-futuro\/#primaryimage"},"thumbnailUrl":"https:\/\/gysfm.com.ar\/inicio\/wp-content\/uploads\/2026\/04\/BC-mercado-de-bonos-descarta-apuestas-de-recorte-de-tasas-de-la-fed-en-2026-JA.jpg","datePublished":"2026-04-30T23:47:33+00:00","breadcrumb":{"@id":"https:\/\/gysfm.com.ar\/inicio\/preocupada-por-la-inflacion-la-fed-mantiene-las-tasas-pero-endurece-el-mensaje-a-futuro\/#breadcrumb"},"inLanguage":"es","potentialAction":[{"@type":"ReadAction","target":["https:\/\/gysfm.com.ar\/inicio\/preocupada-por-la-inflacion-la-fed-mantiene-las-tasas-pero-endurece-el-mensaje-a-futuro\/"]}]},{"@type":"ImageObject","inLanguage":"es","@id":"https:\/\/gysfm.com.ar\/inicio\/preocupada-por-la-inflacion-la-fed-mantiene-las-tasas-pero-endurece-el-mensaje-a-futuro\/#primaryimage","url":"https:\/\/gysfm.com.ar\/inicio\/wp-content\/uploads\/2026\/04\/BC-mercado-de-bonos-descarta-apuestas-de-recorte-de-tasas-de-la-fed-en-2026-JA.jpg","contentUrl":"https:\/\/gysfm.com.ar\/inicio\/wp-content\/uploads\/2026\/04\/BC-mercado-de-bonos-descarta-apuestas-de-recorte-de-tasas-de-la-fed-en-2026-JA.jpg","width":1140,"height":641},{"@type":"BreadcrumbList","@id":"https:\/\/gysfm.com.ar\/inicio\/preocupada-por-la-inflacion-la-fed-mantiene-las-tasas-pero-endurece-el-mensaje-a-futuro\/#breadcrumb","itemListElement":[{"@type":"ListItem","position":1,"name":"Portada","item":"https:\/\/gysfm.com.ar\/inicio\/"},{"@type":"ListItem","position":2,"name":"Preocupada por la inflaci\u00f3n, la Fed mantiene las tasas, pero endurece el mensaje a futuro"}]},{"@type":"WebSite","@id":"https:\/\/gysfm.com.ar\/inicio\/#website","url":"https:\/\/gysfm.com.ar\/inicio\/","name":"GYS NOTICIAS |","description":"DIARIO - RADIO ONLINE SAN JUAN ARGENTINA","publisher":{"@id":"https:\/\/gysfm.com.ar\/inicio\/#organization"},"potentialAction":[{"@type":"SearchAction","target":{"@type":"EntryPoint","urlTemplate":"https:\/\/gysfm.com.ar\/inicio\/?s={search_term_string}"},"query-input":{"@type":"PropertyValueSpecification","valueRequired":true,"valueName":"search_term_string"}}],"inLanguage":"es"},{"@type":"Organization","@id":"https:\/\/gysfm.com.ar\/inicio\/#organization","name":"GYS NOTICIAS |","url":"https:\/\/gysfm.com.ar\/inicio\/","logo":{"@type":"ImageObject","inLanguage":"es","@id":"https:\/\/gysfm.com.ar\/inicio\/#\/schema\/logo\/image\/","url":"https:\/\/gysfm.com.ar\/inicio\/wp-content\/uploads\/2023\/07\/LOGOGYS-OK.png","contentUrl":"https:\/\/gysfm.com.ar\/inicio\/wp-content\/uploads\/2023\/07\/LOGOGYS-OK.png","width":1170,"height":872,"caption":"GYS NOTICIAS |"},"image":{"@id":"https:\/\/gysfm.com.ar\/inicio\/#\/schema\/logo\/image\/"}},{"@type":"Person","@id":"https:\/\/gysfm.com.ar\/inicio\/#\/schema\/person\/3abba7593ef2ad19e1be221d54383dc5","name":"Prensa G&amp;S FM","image":{"@type":"ImageObject","inLanguage":"es","@id":"https:\/\/gysfm.com.ar\/inicio\/#\/schema\/person\/image\/","url":"https:\/\/secure.gravatar.com\/avatar\/096ec78df02049ab018702bb4ccedf659377fa92a26540b5247612077a0dbd29?s=96&d=mm&r=g","contentUrl":"https:\/\/secure.gravatar.com\/avatar\/096ec78df02049ab018702bb4ccedf659377fa92a26540b5247612077a0dbd29?s=96&d=mm&r=g","caption":"Prensa G&amp;S FM"},"sameAs":["https:\/\/gysfm.com.ar\/"],"url":"https:\/\/gysfm.com.ar\/inicio\/author\/lucasm\/"}]}},"_links":{"self":[{"href":"https:\/\/gysfm.com.ar\/inicio\/wp-json\/wp\/v2\/posts\/193977","targetHints":{"allow":["GET"]}}],"collection":[{"href":"https:\/\/gysfm.com.ar\/inicio\/wp-json\/wp\/v2\/posts"}],"about":[{"href":"https:\/\/gysfm.com.ar\/inicio\/wp-json\/wp\/v2\/types\/post"}],"author":[{"embeddable":true,"href":"https:\/\/gysfm.com.ar\/inicio\/wp-json\/wp\/v2\/users\/2"}],"replies":[{"embeddable":true,"href":"https:\/\/gysfm.com.ar\/inicio\/wp-json\/wp\/v2\/comments?post=193977"}],"version-history":[{"count":0,"href":"https:\/\/gysfm.com.ar\/inicio\/wp-json\/wp\/v2\/posts\/193977\/revisions"}],"wp:featuredmedia":[{"embeddable":true,"href":"https:\/\/gysfm.com.ar\/inicio\/wp-json\/wp\/v2\/media\/193978"}],"wp:attachment":[{"href":"https:\/\/gysfm.com.ar\/inicio\/wp-json\/wp\/v2\/media?parent=193977"}],"wp:term":[{"taxonomy":"category","embeddable":true,"href":"https:\/\/gysfm.com.ar\/inicio\/wp-json\/wp\/v2\/categories?post=193977"},{"taxonomy":"post_tag","embeddable":true,"href":"https:\/\/gysfm.com.ar\/inicio\/wp-json\/wp\/v2\/tags?post=193977"}],"curies":[{"name":"wp","href":"https:\/\/api.w.org\/{rel}","templated":true}]}}