{"id":193974,"date":"2026-04-30T20:43:47","date_gmt":"2026-04-30T23:43:47","guid":{"rendered":"https:\/\/gysfm.com.ar\/inicio\/neil-herrington-la-relacion-bilateral-es-mas-fuerte-que-nunca\/"},"modified":"2026-04-30T20:43:48","modified_gmt":"2026-04-30T23:43:48","slug":"neil-herrington-la-relacion-bilateral-es-mas-fuerte-que-nunca","status":"publish","type":"post","link":"https:\/\/gysfm.com.ar\/inicio\/neil-herrington-la-relacion-bilateral-es-mas-fuerte-que-nunca\/","title":{"rendered":"Neil Herrington: \u201cLa relaci\u00f3n bilateral es m\u00e1s fuerte que nunca\u201d"},"content":{"rendered":"<p><\/p>\n<div>\n<p class=\"com-paragraph   --s\">\u201c<strong>La relaci\u00f3n bilateral que es m\u00e1s fuerte que nunca<\/strong>\u201d, dijo Neil Herrington, vicepresidente senior para las Am\u00e9ricas de la C\u00e1mara de Comercio de Estados Unidos, al describir el v\u00ednculo con el pa\u00eds. En di\u00e1logo con<strong> LA NACION<\/strong>, el ejecutivo que <strong>viaj\u00f3 a Buenos Aires con una delegaci\u00f3n de 20 empresas<\/strong> para reunirse con firmas locales y representantes gubernamentales destac\u00f3 el optimismo que proyecta para sectores claves como la energ\u00eda, el agro y la biotecnolog\u00eda y el impacto que, en su perspectiva, tendr\u00e1n el acuerdo bilateral firmado en febrero (<strong>\u201crepresenta la alineaci\u00f3n entre los dos pa\u00edses sin precedentes\u201d<\/strong>, describi\u00f3) y la maduraci\u00f3n de los proyectos del RIGI. <\/p>\n<p class=\"com-paragraph   --s\">Al mismo tiempo, insisti\u00f3 en su postura de que el Gobierno adhiera al <strong>Tratado de Cooperaci\u00f3n en materia de Patentes (PCT)<\/strong>.<\/p>\n<p class=\"com-paragraph   --s\"><strong>-\u00bfQu\u00e9 efectos esperan sobre el acuerdo bilateral?<\/strong><\/p>\n<p class=\"com-paragraph   --s\">-Hay oportunidades enormes. Para el lado argentino, <mark class=\"hl_underline\">en un mundo que, nos guste o no, est\u00e1 convirti\u00e9ndose en m\u00e1s y m\u00e1s proteccionista<\/mark>, este acuerdo tiene una oportunidad de establecer acceso preferencial al mercado m\u00e1s grande del mundo. Y <strong>obviamente para Estados Unidos, el acuerdo representa la oportunidad de fortalecer una alianza estrat\u00e9gica con un gran aliado<\/strong> que tiene capacidad para abordar temas econ\u00f3micos globales muy importantes como la seguridad energ\u00e9tica y la seguridad ambiental. Es un socio comercial que cuenta con todo.<\/p>\n<div class=\"content-media\">\n<section role=\"button\" class=\"mod-media   \">\n<figure role=\"button\" tabindex=\"0\" class=\"mod-figure \"><figcaption class=\"mod-figcaption\"><span class=\"com-text --caption --twoxs\">Neil Herrington, vicepresidente de la C\u00e1mara de Comercio de Estados Unidos, se reuni\u00f3 con Dar\u00edo Genua, secretario de Innovaci\u00f3n, Ciencia y Tecnolog\u00eda de la Naci\u00f3n.<\/span><span class=\"com-text --credit --twoxs\">argentina.gob.ar<\/span><\/figcaption><\/figure>\n<\/section>\n<\/div>\n<p class=\"com-paragraph   --s\"><strong>-\u00bfQu\u00e9 sectores son los que tienen m\u00e1s oportunidades?<\/strong><\/p>\n<p class=\"com-paragraph   --s\">-Por supuesto, minerales cr\u00edticos. Es una oportunidad enorme para los dos pa\u00edses. Trabajo en toda la regi\u00f3n, en m\u00e1s de 30 pa\u00edses, y estamos viendo mejores oportunidades aqu\u00ed hoy en d\u00eda que en cualquier otro lugar. Porque<strong> en cuanto a los minerales cr\u00edticos, Estados Unidos tiene una necesidad de diversificar sus cadenas de abastecimiento y la dependencia,<\/strong> obviamente, sobre tierras raras que China tiene. Y ah\u00ed nos enfocamos como pa\u00eds en fortalecer las cadenas de abastecimiento con aliados, como la Argentina. Por esta misma raz\u00f3n, es muy importante la capacidad y potencial que la Argentina tiene en energ\u00eda, obviamente en hidrocarburos, en Vaca Muerta, pero tambi\u00e9n en energ\u00eda renovable como solar en el Norte, e\u00f3lica en el Sur. Y tambi\u00e9n en tecnolog\u00eda e innovaci\u00f3n hay oportunidades enormes. <mark class=\"hl_underline\">Este pa\u00eds cuenta con los recursos tecnol\u00f3gicos y el capital humano es el mejor de toda Latinoam\u00e9rica<\/mark>. Tambi\u00e9n nuestras empresas de salud y biotecnolog\u00eda ven al pa\u00eds con m\u00e1s potencial que cualquier otro mercado en la regi\u00f3n ahora, en el sentido de investigaciones cl\u00ednicas y toda la econom\u00eda de conocimiento, el comercio digital. Tambi\u00e9n en la capacidad que tiene ahora la Argentina en el sector espacial, y en todo el sector agropecuario hay un gran potencial para exportaciones.<\/p>\n<p class=\"com-paragraph   --s\"><strong>-Defini\u00f3 al v\u00ednculo bilateral como \u201cm\u00e1s fuerte que nunca\u201d. \u00bfA qu\u00e9 se debe? \u00bfC\u00f3mo lo analiza?<\/strong><\/p>\n<p class=\"com-paragraph   --s\">-Estamos viviendo un momento en que el mundo se est\u00e1 convirtiendo en un poco m\u00e1s proteccionista, <strong>la pol\u00edtica exterior de Estados Unidos se enfoca ya sobre todo en alianzas.<\/strong> La alianza pol\u00edtica e ideol\u00f3gica es muy importante desde la perspectiva del gobierno estadounidense actual. Y yo creo que de aqu\u00ed en adelante tambi\u00e9n, porque este <strong>es un tema bipartidista ahora en Estados Unidos<\/strong>. El pa\u00eds busca asociaciones y alianzas de beneficio mutuo, y sin duda esta alianza con la Argentina es un \u00e9xito. <strong>Para la Argentina veo el beneficio en el sentido de que Estados Unidos est\u00e1 negociando con todo el mundo<\/strong>, y hasta aliados de largo plazo como Gran Breta\u00f1a recibieron esquemas arancelarios que no exist\u00edan. Entonces, esta alianza ideol\u00f3gica es muy importante para la Argentina y se va a beneficiar a trav\u00e9s del acuerdo bilateral. <\/p>\n<p class=\"com-paragraph   --s\"><strong>-\u00bfCu\u00e1nto depende este v\u00ednculo de la relaci\u00f3n personal entre Milei y Trump?<\/strong><\/p>\n<p class=\"com-paragraph   --s\">-Es una buena pregunta, y nosotros pensamos mucho en eso. <strong>Soy muy optimista en que las estructuras que se est\u00e1n instalando ahora van a perdurar.<\/strong> Vemos apoyo aun en la oposici\u00f3n para que contin\u00fae este modelo econ\u00f3mico pro mercado. Sea lo que sea pol\u00edticamente, nosotros somos una organizaci\u00f3n totalmente apol\u00edtica, pero cuando tiene que ver con la alianza econ\u00f3mica y la pol\u00edtica econ\u00f3mica vemos apoyo en los dos lados. Por ejemplo, en este tema de minerales cr\u00edticos,<strong> hay apoyo que est\u00e1 recibiendo de funcionarios de provincias que exportan minerales cr\u00edticos en Catamarca, Jujuy, Salta <\/strong>y dem\u00e1s para que estas pol\u00edticas perduren. Y en Estados Unidos tambi\u00e9n estamos viendo que los dos partidos pol\u00edticos se han convertido m\u00e1s proteccionistas. Pero los dos reconocen que nosotros no podemos hacer todo solos, que hay que depender de aliados, aliados cercanos.<strong> La Argentina siempre ha sido aliado y socio importante de Estados Unidos<\/strong>, a pesar de cualquier paradigma pol\u00edtico en ese sentido. Hay pocos temas bipartidistas en Washington ahora, pero esta cuesti\u00f3n de acercarse, alinearse con aliados estrat\u00e9gicos, con capacidad estrat\u00e9gica, como la Argentina tiene en tecnolog\u00eda, amenazas cr\u00edticas de energ\u00eda, agricultura, m\u00e1s all\u00e1, es sumamente importante.<\/p>\n<p class=\"com-paragraph   --s\"><strong>-\u00bfC\u00f3mo ven las empresas estadounidenses a la econom\u00eda argentina hoy?<\/strong><\/p>\n<p class=\"com-paragraph   --s\">-Con m\u00e1s optimismo que nunca. Trabajamos por todos los mercados de la regi\u00f3n, pero las empresas ven m\u00e1s oportunidades ac\u00e1 que en cualquier otro pa\u00eds. <strong>Este Gobierno sigue avanzando la reforma econ\u00f3mica a una velocidad casi sin precedentes,<\/strong> y como sector empresarial siempre vamos a solicitar m\u00e1s, y en este sentido hay m\u00e1s cosas que el Gobierno puede hacer para ser m\u00e1s competitivo en la econom\u00eda. Lo muy bueno es que ellos est\u00e1n totalmente dispuestos,<strong> con las puertas totalmente abiertas para recibir las empresas y nuestras sugerencias<\/strong>. Por ejemplo, ya hemos entregado dos listas de regulaciones y sugerencias de regulaciones que deber\u00edan ser eliminadas. Nuestro objetivo fundamental como sector empresarial es asegurar que estas reformas perduren.<\/p>\n<p class=\"com-paragraph   --s\"><strong>-\u00bfY qu\u00e9 temas los preocupan?<\/strong><\/p>\n<p class=\"com-paragraph   --s\">-Obviamente, como se incluy\u00f3 en el acuerdo bilateral, est\u00e1 <mark class=\"hl_underline\">el compromiso argentino para acceder al Tratado de Cooperaci\u00f3n en materia de Patentes (PCT)<\/mark>. Este es un componente significativo para el acuerdo rec\u00edproco. La Argentina es la \u00fanica econom\u00eda del G20 que no forma parte y nosotros <strong>vemos muy importante la ratificaci\u00f3n del PCT en el Congreso. <\/strong>Esto es fundamental, no solo para nosotros y para apoyar nuestra capacidad, sino que es sumamente importante para el ecosistema de innovaci\u00f3n. <strong>Hay m\u00e1s innovaci\u00f3n en este pa\u00eds que en cualquier otro de la regi\u00f3n<\/strong>, por eso hay m\u00e1s unicornios que se han establecido en este pa\u00eds que en cualquier otro de Latinoam\u00e9rica, capacidad cient\u00edfica en el contexto espacial, <strong>y en el sector de salud. <\/strong>El innovador argentino se tiene que ir a otro pa\u00eds para registrar su patente y eso ha sido una barrera para la econom\u00eda argentina. <strong>Tambi\u00e9n entendemos perfectamente bien la necesidad del Gobierno de recaudar dinero<\/strong>, pero las tasas de impuestos de exportaci\u00f3n son muy altas. <strong>Se ha hecho mucho en este sentido, el Gobierno rebaj\u00f3 muchas al\u00edcuotas <\/strong>y estamos viendo los beneficios de eso en las cifras, pero para hacer m\u00e1s competitivo al pa\u00eds hay que reducir estos impuestos, tanto para el sector industrial como en el agropecuario.<\/p>\n<p class=\"com-paragraph   --s\"><strong>-En un contexto y un gobierno proteccionista, que pide a las empresas volver a Estados Unidos, \u00bfqu\u00e9 espacio tienen las compa\u00f1\u00edas para crecer e invertir en el exterior?<\/strong><\/p>\n<p class=\"com-paragraph   --s\">-Es una pregunta muy importante. Nosotros como organizaci\u00f3n hemos criticado al r\u00e9gimen arancelario estadounidense, porque el sector manufacturero depende mucho de insumos del resto del mundo, sean acero, aluminio u otros. As\u00ed que este es uno de los mensajes. Nosotros, como organizaci\u00f3n, somos m\u00e1s partidarios de la libre empresa y el libre comercio. Habiendo dicho esto, reconocemos los objetivos que tiene este gobierno, y vemos que ya se est\u00e1 convirtiendo en una din\u00e1mica global y bipartidista en Estados Unidos. Existen grandes oportunidades por estas amenazas globales que estamos enfrentando en el sentido de seguridad energ\u00e9tica, el desaf\u00edo con China sobre tierras raras que mencion\u00e9, la dependencia de la IA y la importancia de alianzas sobre tecnolog\u00eda. Y por ende hay un requisito de trabajar a\u00fan m\u00e1s estrechamente con aliados.<\/p>\n<p class=\"com-paragraph   --s\"><strong>-Hay sectores como la industria que no atraviesan un escenario de crecimiento. \u00bfQu\u00e9 ven sobre esa din\u00e1mica?<\/strong><\/p>\n<p class=\"com-paragraph   --s\">-Primero, dir\u00eda que obviamente la transici\u00f3n totalmente necesaria que este Gobierno est\u00e1 tratando de avanzar lleva tiempo. Tiene solo dos a\u00f1os y creo que en estos sectores tambi\u00e9n lleva tiempo. No nos preocupa, en el sentido de que tenemos empresas con experiencia en todos los mercados del mundo, y nos damos cuenta de que este proceso lleva tiempo. Este Gobierno est\u00e1 avanzando en reformas a una velocidad in\u00e9dita. La reforma laboral para estos sectores va a ayudar, aunque sea un poco, aunque la velocidad que tienen no sea tan r\u00e1pida como en otros sectores. M\u00e1s o menos el 50% del empleo en el pa\u00eds es informal, as\u00ed que poder formalizar estos trabajos en estas industrias va a ser mucho m\u00e1s competitivo. <\/p>\n<section class=\"container-center-100 mb-40 border border-bottom border-thin border-neutral-light-700\">\n<hr\/>\n<\/section>\n<\/div>\n<p><script id=\"facebookpixel\" defer=\"\" type=\"text\/javascript\">\n        !function(f,b,e,v,n,t,s)\n        {if(f.fbq)return;n=f.fbq=function(){n.callMethod?\n        n.callMethod.apply(n,arguments):n.queue.push(arguments)};\n        if(!f._fbq)f._fbq=n;n.push=n;n.loaded=!0;n.version='2.0';\n        n.queue=[];t=b.createElement(e);t.async=!0;\n        t.src=v;s=b.getElementsByTagName(e)[0];\n        s.parentNode.insertBefore(t,s)}(window, document,'script',\n        'https:\/\/connect.facebook.net\/en_US\/fbevents.js');\n        fbq('init', '492459597522335');\n        fbq('track', 'PageView');\n    <\/script><\/p>\n","protected":false},"excerpt":{"rendered":"<p>\u201cLa relaci\u00f3n bilateral que es m\u00e1s fuerte que nunca\u201d, dijo Neil Herrington, vicepresidente senior para las Am\u00e9ricas de la C\u00e1mara de Comercio de Estados Unidos, al describir el v\u00ednculo con el pa\u00eds. En di\u00e1logo con LA NACION, el ejecutivo que viaj\u00f3 a Buenos Aires con una delegaci\u00f3n de 20 empresas para reunirse con firmas locales [&hellip;]<\/p>\n","protected":false},"author":1,"featured_media":193975,"comment_status":"closed","ping_status":"closed","sticky":false,"template":"","format":"standard","meta":{"footnotes":""},"categories":[28],"tags":[],"class_list":["post-193974","post","type-post","status-publish","format-standard","has-post-thumbnail","hentry","category-economia"],"yoast_head":"<!-- This site is optimized with the Yoast SEO plugin v24.4 - https:\/\/yoast.com\/wordpress\/plugins\/seo\/ -->\n<title>Neil Herrington: \u201cLa relaci\u00f3n bilateral es m\u00e1s fuerte que nunca\u201d - GYS NOTICIAS |<\/title>\n<meta name=\"robots\" content=\"index, follow, max-snippet:-1, max-image-preview:large, max-video-preview:-1\" \/>\n<link rel=\"canonical\" href=\"https:\/\/gysfm.com.ar\/inicio\/neil-herrington-la-relacion-bilateral-es-mas-fuerte-que-nunca\/\" \/>\n<meta property=\"og:locale\" content=\"es_ES\" \/>\n<meta property=\"og:type\" content=\"article\" \/>\n<meta property=\"og:title\" content=\"Neil Herrington: \u201cLa relaci\u00f3n bilateral es m\u00e1s fuerte que nunca\u201d - GYS NOTICIAS |\" \/>\n<meta property=\"og:description\" content=\"\u201cLa relaci\u00f3n bilateral que es m\u00e1s fuerte que nunca\u201d, dijo Neil Herrington, vicepresidente senior para las Am\u00e9ricas de la C\u00e1mara de Comercio de Estados Unidos, al describir el v\u00ednculo con el pa\u00eds. En di\u00e1logo con LA NACION, el ejecutivo que viaj\u00f3 a Buenos Aires con una delegaci\u00f3n de 20 empresas para reunirse con firmas locales [&hellip;]\" \/>\n<meta property=\"og:url\" content=\"https:\/\/gysfm.com.ar\/inicio\/neil-herrington-la-relacion-bilateral-es-mas-fuerte-que-nunca\/\" \/>\n<meta property=\"og:site_name\" content=\"GYS NOTICIAS |\" \/>\n<meta property=\"article:published_time\" content=\"2026-04-30T23:43:47+00:00\" \/>\n<meta property=\"article:modified_time\" content=\"2026-04-30T23:43:48+00:00\" \/>\n<meta property=\"og:image\" content=\"https:\/\/gysfm.com.ar\/inicio\/wp-content\/uploads\/2026\/04\/neil-herrington-vicepresidente-senior-para-las-4NTCMG65YVFDXISMWQNEJG57WM.jpeg\" \/>\n\t<meta property=\"og:image:width\" content=\"1200\" \/>\n\t<meta property=\"og:image:height\" content=\"800\" \/>\n\t<meta property=\"og:image:type\" content=\"image\/jpeg\" \/>\n<meta name=\"author\" content=\"admin\" \/>\n<meta name=\"twitter:card\" content=\"summary_large_image\" \/>\n<meta name=\"twitter:label1\" content=\"Escrito por\" \/>\n\t<meta name=\"twitter:data1\" content=\"admin\" \/>\n\t<meta name=\"twitter:label2\" content=\"Tiempo de lectura\" \/>\n\t<meta name=\"twitter:data2\" content=\"8 minutos\" \/>\n<script type=\"application\/ld+json\" class=\"yoast-schema-graph\">{\"@context\":\"https:\/\/schema.org\",\"@graph\":[{\"@type\":\"Article\",\"@id\":\"https:\/\/gysfm.com.ar\/inicio\/neil-herrington-la-relacion-bilateral-es-mas-fuerte-que-nunca\/#article\",\"isPartOf\":{\"@id\":\"https:\/\/gysfm.com.ar\/inicio\/neil-herrington-la-relacion-bilateral-es-mas-fuerte-que-nunca\/\"},\"author\":{\"name\":\"admin\",\"@id\":\"https:\/\/gysfm.com.ar\/inicio\/#\/schema\/person\/5bedd7ecd35cc35548d89effafa23696\"},\"headline\":\"Neil Herrington: \u201cLa relaci\u00f3n bilateral es m\u00e1s fuerte que nunca\u201d\",\"datePublished\":\"2026-04-30T23:43:47+00:00\",\"dateModified\":\"2026-04-30T23:43:48+00:00\",\"mainEntityOfPage\":{\"@id\":\"https:\/\/gysfm.com.ar\/inicio\/neil-herrington-la-relacion-bilateral-es-mas-fuerte-que-nunca\/\"},\"wordCount\":1614,\"publisher\":{\"@id\":\"https:\/\/gysfm.com.ar\/inicio\/#organization\"},\"image\":{\"@id\":\"https:\/\/gysfm.com.ar\/inicio\/neil-herrington-la-relacion-bilateral-es-mas-fuerte-que-nunca\/#primaryimage\"},\"thumbnailUrl\":\"https:\/\/gysfm.com.ar\/inicio\/wp-content\/uploads\/2026\/04\/neil-herrington-vicepresidente-senior-para-las-4NTCMG65YVFDXISMWQNEJG57WM.jpeg\",\"articleSection\":[\"ECONOMIA\"],\"inLanguage\":\"es\"},{\"@type\":\"WebPage\",\"@id\":\"https:\/\/gysfm.com.ar\/inicio\/neil-herrington-la-relacion-bilateral-es-mas-fuerte-que-nunca\/\",\"url\":\"https:\/\/gysfm.com.ar\/inicio\/neil-herrington-la-relacion-bilateral-es-mas-fuerte-que-nunca\/\",\"name\":\"Neil Herrington: \u201cLa relaci\u00f3n bilateral es m\u00e1s fuerte que nunca\u201d - GYS NOTICIAS |\",\"isPartOf\":{\"@id\":\"https:\/\/gysfm.com.ar\/inicio\/#website\"},\"primaryImageOfPage\":{\"@id\":\"https:\/\/gysfm.com.ar\/inicio\/neil-herrington-la-relacion-bilateral-es-mas-fuerte-que-nunca\/#primaryimage\"},\"image\":{\"@id\":\"https:\/\/gysfm.com.ar\/inicio\/neil-herrington-la-relacion-bilateral-es-mas-fuerte-que-nunca\/#primaryimage\"},\"thumbnailUrl\":\"https:\/\/gysfm.com.ar\/inicio\/wp-content\/uploads\/2026\/04\/neil-herrington-vicepresidente-senior-para-las-4NTCMG65YVFDXISMWQNEJG57WM.jpeg\",\"datePublished\":\"2026-04-30T23:43:47+00:00\",\"dateModified\":\"2026-04-30T23:43:48+00:00\",\"breadcrumb\":{\"@id\":\"https:\/\/gysfm.com.ar\/inicio\/neil-herrington-la-relacion-bilateral-es-mas-fuerte-que-nunca\/#breadcrumb\"},\"inLanguage\":\"es\",\"potentialAction\":[{\"@type\":\"ReadAction\",\"target\":[\"https:\/\/gysfm.com.ar\/inicio\/neil-herrington-la-relacion-bilateral-es-mas-fuerte-que-nunca\/\"]}]},{\"@type\":\"ImageObject\",\"inLanguage\":\"es\",\"@id\":\"https:\/\/gysfm.com.ar\/inicio\/neil-herrington-la-relacion-bilateral-es-mas-fuerte-que-nunca\/#primaryimage\",\"url\":\"https:\/\/gysfm.com.ar\/inicio\/wp-content\/uploads\/2026\/04\/neil-herrington-vicepresidente-senior-para-las-4NTCMG65YVFDXISMWQNEJG57WM.jpeg\",\"contentUrl\":\"https:\/\/gysfm.com.ar\/inicio\/wp-content\/uploads\/2026\/04\/neil-herrington-vicepresidente-senior-para-las-4NTCMG65YVFDXISMWQNEJG57WM.jpeg\",\"width\":1200,\"height\":800},{\"@type\":\"BreadcrumbList\",\"@id\":\"https:\/\/gysfm.com.ar\/inicio\/neil-herrington-la-relacion-bilateral-es-mas-fuerte-que-nunca\/#breadcrumb\",\"itemListElement\":[{\"@type\":\"ListItem\",\"position\":1,\"name\":\"Portada\",\"item\":\"https:\/\/gysfm.com.ar\/inicio\/\"},{\"@type\":\"ListItem\",\"position\":2,\"name\":\"Neil Herrington: \u201cLa relaci\u00f3n bilateral es m\u00e1s fuerte que nunca\u201d\"}]},{\"@type\":\"WebSite\",\"@id\":\"https:\/\/gysfm.com.ar\/inicio\/#website\",\"url\":\"https:\/\/gysfm.com.ar\/inicio\/\",\"name\":\"GYS NOTICIAS |\",\"description\":\"DIARIO - RADIO ONLINE SAN JUAN ARGENTINA\",\"publisher\":{\"@id\":\"https:\/\/gysfm.com.ar\/inicio\/#organization\"},\"potentialAction\":[{\"@type\":\"SearchAction\",\"target\":{\"@type\":\"EntryPoint\",\"urlTemplate\":\"https:\/\/gysfm.com.ar\/inicio\/?s={search_term_string}\"},\"query-input\":{\"@type\":\"PropertyValueSpecification\",\"valueRequired\":true,\"valueName\":\"search_term_string\"}}],\"inLanguage\":\"es\"},{\"@type\":\"Organization\",\"@id\":\"https:\/\/gysfm.com.ar\/inicio\/#organization\",\"name\":\"GYS NOTICIAS |\",\"url\":\"https:\/\/gysfm.com.ar\/inicio\/\",\"logo\":{\"@type\":\"ImageObject\",\"inLanguage\":\"es\",\"@id\":\"https:\/\/gysfm.com.ar\/inicio\/#\/schema\/logo\/image\/\",\"url\":\"https:\/\/gysfm.com.ar\/inicio\/wp-content\/uploads\/2023\/07\/LOGOGYS-OK.png\",\"contentUrl\":\"https:\/\/gysfm.com.ar\/inicio\/wp-content\/uploads\/2023\/07\/LOGOGYS-OK.png\",\"width\":1170,\"height\":872,\"caption\":\"GYS NOTICIAS |\"},\"image\":{\"@id\":\"https:\/\/gysfm.com.ar\/inicio\/#\/schema\/logo\/image\/\"}},{\"@type\":\"Person\",\"@id\":\"https:\/\/gysfm.com.ar\/inicio\/#\/schema\/person\/5bedd7ecd35cc35548d89effafa23696\",\"name\":\"admin\",\"image\":{\"@type\":\"ImageObject\",\"inLanguage\":\"es\",\"@id\":\"https:\/\/gysfm.com.ar\/inicio\/#\/schema\/person\/image\/\",\"url\":\"https:\/\/secure.gravatar.com\/avatar\/c331d312b5243fb64d5ba28108a447b27c925295129a363082c9ea52c28d32c2?s=96&d=mm&r=g\",\"contentUrl\":\"https:\/\/secure.gravatar.com\/avatar\/c331d312b5243fb64d5ba28108a447b27c925295129a363082c9ea52c28d32c2?s=96&d=mm&r=g\",\"caption\":\"admin\"},\"sameAs\":[\"https:\/\/gysfm.com.ar\/inicio\"],\"url\":\"https:\/\/gysfm.com.ar\/inicio\/author\/admin\/\"}]}<\/script>\n<!-- \/ Yoast SEO plugin. -->","yoast_head_json":{"title":"Neil Herrington: \u201cLa relaci\u00f3n bilateral es m\u00e1s fuerte que nunca\u201d - GYS NOTICIAS |","robots":{"index":"index","follow":"follow","max-snippet":"max-snippet:-1","max-image-preview":"max-image-preview:large","max-video-preview":"max-video-preview:-1"},"canonical":"https:\/\/gysfm.com.ar\/inicio\/neil-herrington-la-relacion-bilateral-es-mas-fuerte-que-nunca\/","og_locale":"es_ES","og_type":"article","og_title":"Neil Herrington: \u201cLa relaci\u00f3n bilateral es m\u00e1s fuerte que nunca\u201d - GYS NOTICIAS |","og_description":"\u201cLa relaci\u00f3n bilateral que es m\u00e1s fuerte que nunca\u201d, dijo Neil Herrington, vicepresidente senior para las Am\u00e9ricas de la C\u00e1mara de Comercio de Estados Unidos, al describir el v\u00ednculo con el pa\u00eds. En di\u00e1logo con LA NACION, el ejecutivo que viaj\u00f3 a Buenos Aires con una delegaci\u00f3n de 20 empresas para reunirse con firmas locales [&hellip;]","og_url":"https:\/\/gysfm.com.ar\/inicio\/neil-herrington-la-relacion-bilateral-es-mas-fuerte-que-nunca\/","og_site_name":"GYS NOTICIAS |","article_published_time":"2026-04-30T23:43:47+00:00","article_modified_time":"2026-04-30T23:43:48+00:00","og_image":[{"width":1200,"height":800,"url":"https:\/\/gysfm.com.ar\/inicio\/wp-content\/uploads\/2026\/04\/neil-herrington-vicepresidente-senior-para-las-4NTCMG65YVFDXISMWQNEJG57WM.jpeg","type":"image\/jpeg"}],"author":"admin","twitter_card":"summary_large_image","twitter_misc":{"Escrito por":"admin","Tiempo de lectura":"8 minutos"},"schema":{"@context":"https:\/\/schema.org","@graph":[{"@type":"Article","@id":"https:\/\/gysfm.com.ar\/inicio\/neil-herrington-la-relacion-bilateral-es-mas-fuerte-que-nunca\/#article","isPartOf":{"@id":"https:\/\/gysfm.com.ar\/inicio\/neil-herrington-la-relacion-bilateral-es-mas-fuerte-que-nunca\/"},"author":{"name":"admin","@id":"https:\/\/gysfm.com.ar\/inicio\/#\/schema\/person\/5bedd7ecd35cc35548d89effafa23696"},"headline":"Neil Herrington: \u201cLa relaci\u00f3n bilateral es m\u00e1s fuerte que nunca\u201d","datePublished":"2026-04-30T23:43:47+00:00","dateModified":"2026-04-30T23:43:48+00:00","mainEntityOfPage":{"@id":"https:\/\/gysfm.com.ar\/inicio\/neil-herrington-la-relacion-bilateral-es-mas-fuerte-que-nunca\/"},"wordCount":1614,"publisher":{"@id":"https:\/\/gysfm.com.ar\/inicio\/#organization"},"image":{"@id":"https:\/\/gysfm.com.ar\/inicio\/neil-herrington-la-relacion-bilateral-es-mas-fuerte-que-nunca\/#primaryimage"},"thumbnailUrl":"https:\/\/gysfm.com.ar\/inicio\/wp-content\/uploads\/2026\/04\/neil-herrington-vicepresidente-senior-para-las-4NTCMG65YVFDXISMWQNEJG57WM.jpeg","articleSection":["ECONOMIA"],"inLanguage":"es"},{"@type":"WebPage","@id":"https:\/\/gysfm.com.ar\/inicio\/neil-herrington-la-relacion-bilateral-es-mas-fuerte-que-nunca\/","url":"https:\/\/gysfm.com.ar\/inicio\/neil-herrington-la-relacion-bilateral-es-mas-fuerte-que-nunca\/","name":"Neil Herrington: \u201cLa relaci\u00f3n bilateral es m\u00e1s fuerte que nunca\u201d - GYS NOTICIAS |","isPartOf":{"@id":"https:\/\/gysfm.com.ar\/inicio\/#website"},"primaryImageOfPage":{"@id":"https:\/\/gysfm.com.ar\/inicio\/neil-herrington-la-relacion-bilateral-es-mas-fuerte-que-nunca\/#primaryimage"},"image":{"@id":"https:\/\/gysfm.com.ar\/inicio\/neil-herrington-la-relacion-bilateral-es-mas-fuerte-que-nunca\/#primaryimage"},"thumbnailUrl":"https:\/\/gysfm.com.ar\/inicio\/wp-content\/uploads\/2026\/04\/neil-herrington-vicepresidente-senior-para-las-4NTCMG65YVFDXISMWQNEJG57WM.jpeg","datePublished":"2026-04-30T23:43:47+00:00","dateModified":"2026-04-30T23:43:48+00:00","breadcrumb":{"@id":"https:\/\/gysfm.com.ar\/inicio\/neil-herrington-la-relacion-bilateral-es-mas-fuerte-que-nunca\/#breadcrumb"},"inLanguage":"es","potentialAction":[{"@type":"ReadAction","target":["https:\/\/gysfm.com.ar\/inicio\/neil-herrington-la-relacion-bilateral-es-mas-fuerte-que-nunca\/"]}]},{"@type":"ImageObject","inLanguage":"es","@id":"https:\/\/gysfm.com.ar\/inicio\/neil-herrington-la-relacion-bilateral-es-mas-fuerte-que-nunca\/#primaryimage","url":"https:\/\/gysfm.com.ar\/inicio\/wp-content\/uploads\/2026\/04\/neil-herrington-vicepresidente-senior-para-las-4NTCMG65YVFDXISMWQNEJG57WM.jpeg","contentUrl":"https:\/\/gysfm.com.ar\/inicio\/wp-content\/uploads\/2026\/04\/neil-herrington-vicepresidente-senior-para-las-4NTCMG65YVFDXISMWQNEJG57WM.jpeg","width":1200,"height":800},{"@type":"BreadcrumbList","@id":"https:\/\/gysfm.com.ar\/inicio\/neil-herrington-la-relacion-bilateral-es-mas-fuerte-que-nunca\/#breadcrumb","itemListElement":[{"@type":"ListItem","position":1,"name":"Portada","item":"https:\/\/gysfm.com.ar\/inicio\/"},{"@type":"ListItem","position":2,"name":"Neil Herrington: \u201cLa relaci\u00f3n bilateral es m\u00e1s fuerte que nunca\u201d"}]},{"@type":"WebSite","@id":"https:\/\/gysfm.com.ar\/inicio\/#website","url":"https:\/\/gysfm.com.ar\/inicio\/","name":"GYS NOTICIAS |","description":"DIARIO - RADIO ONLINE SAN JUAN ARGENTINA","publisher":{"@id":"https:\/\/gysfm.com.ar\/inicio\/#organization"},"potentialAction":[{"@type":"SearchAction","target":{"@type":"EntryPoint","urlTemplate":"https:\/\/gysfm.com.ar\/inicio\/?s={search_term_string}"},"query-input":{"@type":"PropertyValueSpecification","valueRequired":true,"valueName":"search_term_string"}}],"inLanguage":"es"},{"@type":"Organization","@id":"https:\/\/gysfm.com.ar\/inicio\/#organization","name":"GYS NOTICIAS |","url":"https:\/\/gysfm.com.ar\/inicio\/","logo":{"@type":"ImageObject","inLanguage":"es","@id":"https:\/\/gysfm.com.ar\/inicio\/#\/schema\/logo\/image\/","url":"https:\/\/gysfm.com.ar\/inicio\/wp-content\/uploads\/2023\/07\/LOGOGYS-OK.png","contentUrl":"https:\/\/gysfm.com.ar\/inicio\/wp-content\/uploads\/2023\/07\/LOGOGYS-OK.png","width":1170,"height":872,"caption":"GYS NOTICIAS |"},"image":{"@id":"https:\/\/gysfm.com.ar\/inicio\/#\/schema\/logo\/image\/"}},{"@type":"Person","@id":"https:\/\/gysfm.com.ar\/inicio\/#\/schema\/person\/5bedd7ecd35cc35548d89effafa23696","name":"admin","image":{"@type":"ImageObject","inLanguage":"es","@id":"https:\/\/gysfm.com.ar\/inicio\/#\/schema\/person\/image\/","url":"https:\/\/secure.gravatar.com\/avatar\/c331d312b5243fb64d5ba28108a447b27c925295129a363082c9ea52c28d32c2?s=96&d=mm&r=g","contentUrl":"https:\/\/secure.gravatar.com\/avatar\/c331d312b5243fb64d5ba28108a447b27c925295129a363082c9ea52c28d32c2?s=96&d=mm&r=g","caption":"admin"},"sameAs":["https:\/\/gysfm.com.ar\/inicio"],"url":"https:\/\/gysfm.com.ar\/inicio\/author\/admin\/"}]}},"_links":{"self":[{"href":"https:\/\/gysfm.com.ar\/inicio\/wp-json\/wp\/v2\/posts\/193974","targetHints":{"allow":["GET"]}}],"collection":[{"href":"https:\/\/gysfm.com.ar\/inicio\/wp-json\/wp\/v2\/posts"}],"about":[{"href":"https:\/\/gysfm.com.ar\/inicio\/wp-json\/wp\/v2\/types\/post"}],"author":[{"embeddable":true,"href":"https:\/\/gysfm.com.ar\/inicio\/wp-json\/wp\/v2\/users\/1"}],"replies":[{"embeddable":true,"href":"https:\/\/gysfm.com.ar\/inicio\/wp-json\/wp\/v2\/comments?post=193974"}],"version-history":[{"count":1,"href":"https:\/\/gysfm.com.ar\/inicio\/wp-json\/wp\/v2\/posts\/193974\/revisions"}],"predecessor-version":[{"id":193976,"href":"https:\/\/gysfm.com.ar\/inicio\/wp-json\/wp\/v2\/posts\/193974\/revisions\/193976"}],"wp:featuredmedia":[{"embeddable":true,"href":"https:\/\/gysfm.com.ar\/inicio\/wp-json\/wp\/v2\/media\/193975"}],"wp:attachment":[{"href":"https:\/\/gysfm.com.ar\/inicio\/wp-json\/wp\/v2\/media?parent=193974"}],"wp:term":[{"taxonomy":"category","embeddable":true,"href":"https:\/\/gysfm.com.ar\/inicio\/wp-json\/wp\/v2\/categories?post=193974"},{"taxonomy":"post_tag","embeddable":true,"href":"https:\/\/gysfm.com.ar\/inicio\/wp-json\/wp\/v2\/tags?post=193974"}],"curies":[{"name":"wp","href":"https:\/\/api.w.org\/{rel}","templated":true}]}}