{"id":193970,"date":"2026-04-30T20:16:16","date_gmt":"2026-04-30T23:16:16","guid":{"rendered":"https:\/\/gysfm.com.ar\/inicio\/puertas-adentro-el-gobierno-califico-de-solido-el-discurso-de-adorni-y-busca-dejar-atras-el-escandalo\/"},"modified":"2026-04-30T20:16:16","modified_gmt":"2026-04-30T23:16:16","slug":"puertas-adentro-el-gobierno-califico-de-solido-el-discurso-de-adorni-y-busca-dejar-atras-el-escandalo","status":"publish","type":"post","link":"https:\/\/gysfm.com.ar\/inicio\/puertas-adentro-el-gobierno-califico-de-solido-el-discurso-de-adorni-y-busca-dejar-atras-el-escandalo\/","title":{"rendered":"Puertas adentro el Gobierno calific\u00f3 de \u00abs\u00f3lido\u00bb el discurso de Adorni y busca dejar atr\u00e1s el esc\u00e1ndalo"},"content":{"rendered":"<p><\/p>\n<div id=\"article-content\">\n<p>El gobierno de Javier Milei y su gabinete <strong>quedaron conformes<\/strong> con la exposici\u00f3n del jefe de Gabinete, <a target=\"_blank\" href=\"https:\/\/www.perfil.com\/noticias\/politica\/la-estrategia-discursiva-de-manuel-adorni-en-el-congreso-y-una-defensa-generalista-sobre-las-acusaciones.phtml\">Manuel Adorni<\/a>. El Presidente, su hermana Karina Milei y la plana mayor del Gobierno asistieron hoy al informe N\u00b0145 de gesti\u00f3n que brind\u00f3 Adorni, en medio de esc\u00e1ndalos e investigaciones judiciales que a priori, desnudan inconsistencias entre sus ingresos y sus gastos. <\/p>\n<p>Sin embargo, el Gobierno se mostr\u00f3 euf\u00f3rico tras la alocuci\u00f3n que brind\u00f3 Adorni de una hora.<strong> Fue \u201cs\u00f3lido\u201d relat\u00f3 una voz. \u201cVi muy bien el discurso\u201d<\/strong>. \u201cEvidentemente hay que hacer comunicaci\u00f3n de gesti\u00f3n; est\u00e1 muy bien recordar de donde ven\u00edamos\u201d dijo una tercera. <\/p>\n<p>Ese fue el tono con el que el Gobierno de Milei y los integrantes del oficialismo se expresaron tras el discurso del jefe de Gabinete, en el que se hizo un balance de gesti\u00f3n y en donde tambi\u00e9n hizo algunas aclaraciones respecto de su situaci\u00f3n personal, antes de abrirse a las repreguntas. <\/p>\n<div class=\"subscription\">\n<p>\n        Esto no les gusta a los autoritarios\n    <\/p>\n<div class=\"subscription__container\">\n<div class=\"subscription__text-wrapper\">\n<p>\n                El ejercicio del periodismo profesional y cr\u00edtico es un pilar fundamental de la democracia. Por eso molesta a quienes creen ser los due\u00f1os de la verdad.\n            <\/p>\n<\/p><\/div><\/div>\n<\/div>\n<p class=\"destacadoNota\"><a target=\"_blank\" href=\"https:\/\/www.perfil.com\/noticias\/politica\/la-estrategia-discursiva-de-manuel-adorni-en-el-congreso-y-una-defensa-generalista-sobre-las-acusaciones.phtml\">La estrategia discursiva de Adorni y una defensa generalista sobre las acusaciones: \u00abNo comet\u00ed ning\u00fan delito\u00bb<\/a><\/p>\n<p><strong>\u201cVi un discurso s\u00f3lido. Muy bien estructurado.<\/strong> Por un lado todo el repaso de la gesti\u00f3n, por otro un segmento dedicado a su situaci\u00f3n personal\u201d, cont\u00f3 una fuente del entorno presidencial. <\/p>\n<p>Se trata del discurso con el que Adorni abri\u00f3 el informe de gesti\u00f3n. Un texto de 33 p\u00e1ginas que tuvo delante de sus ojos y que ley\u00f3 casi sin intervenci\u00f3n de la oposici\u00f3n. \u201cLo hizo con todos los de su equipo\u201d, explicaron ante PERFIL. Entre ellos, su asesora Aim\u00e9 \u201cMeme\u201d V\u00e1zquez y el enlace parlamentario, Ignacio Devitt. <\/p>\n<p>Hubo m\u00e1s aplausos y c\u00e1nticos de la bancada oficialista con el Presidente y con la Secretaria General, que gritos o chicanas por parte de la oposici\u00f3n. <\/p>\n<p>Con el respaldo del <a target=\"_blank\" href=\"https:\/\/www.perfil.com\/noticias\/politica\/javier-milei-y-todo-el-gabinete-llegaron-al-congreso-para-apoyar-a-manuel-adorni.phtml\">Presidente<\/a> y con la presencia de los ministros Luis \u201cToto\u201d Caputo, Pablo Quirno y Sandra Pettovello (estaban en el Palco central con Milei y Karina); Diego Santilli, Federico Sturzenegger, Santiago Caputo y Patricia Bullrich (ubicados en el Palco a la izquierda de Milei); Juan Bautista Mahiques, Alejandra Monteoliva, Mario Lugones y Mar\u00eda Ibarzabal (a la derecha de Milei), Adorni hizo un repaso de la gesti\u00f3n libertaria no sin evitar lanzar varios dardos al paso recibido en diciembre del 2023. <\/p>\n<p>Tambi\u00e9n junto a Adorni estaba su n\u00famero dos y Secretario de Medios, Javier Lanari. <\/p>\n<p class=\"destacadoNota\"><a target=\"_blank\" href=\"https:\/\/www.perfil.com\/noticias\/politica\/la-estrategia-discursiva-de-manuel-adorni-en-el-congreso-y-una-defensa-generalista-sobre-las-acusaciones.phtml\">La estrategia discursiva de Adorni y una defensa generalista sobre las acusaciones: \u00abNo comet\u00ed ning\u00fan delito\u00bb<\/a><\/p>\n<h2><strong>El arribo al Congreso<\/strong><\/h2>\n<p>El <a target=\"_blank\" href=\"https:\/\/www.perfil.com\/noticias\/politica\/manuel-adorni-brindo-su-informe-ante-el-congreso-rodeado-por-todo-el-gabinete-nacional-y-legisladores.phtml\">Presidente<\/a> y los integrantes de su Gabinete llegaron alrededor de las 9:30 a la Casa Rosada, en donde hicieron la primera parada para luego a trasladarse hasta el Palacio Legislativo. <\/p>\n<p>Pocos minutos despu\u00e9s de las 10 de la ma\u00f1ana el jefe de Estado lleg\u00f3 al Congreso acompa\u00f1ado por su Gabinete. En el ingreso, lo esperaba el titular de la C\u00e1mara Baja, Mart\u00edn Menem. All\u00ed ya estaba Santiago Or\u00eda, el colaborador de Milei listo para registrar los videos de su ingreso. <\/p>\n<p>Al pasar Milei hacia los palcos no evit\u00f3 confrontar con la prensa, en un clima de m\u00e1xima tensi\u00f3n con el periodismo en momentos en los que la Sala de Prensa de Casa Rosada permanece cerrada desde hace una semana. <strong>\u201cChorros y corruptos son ustedes\u201d,<\/strong> les grit\u00f3 a los cronistas que hac\u00edan guardia.<\/p>\n<\/p><\/div>\n<p><script>\n                !function(f,b,e,v,n,t,s)\n                {if(f.fbq)return;n=f.fbq=function(){n.callMethod?\n                    n.callMethod.apply(n,arguments):n.queue.push(arguments)};\n                    if(!f._fbq)f._fbq=n;n.push=n;n.loaded=!0;n.version='2.0';\n                    n.queue=[];t=b.createElement(e);t.async=!0;\n                    t.src=v;s=b.getElementsByTagName(e)[0];\n                    s.parentNode.insertBefore(t,s)}(window, document,'script',\n                    'https:\/\/connect.facebook.net\/en_US\/fbevents.js');\n                window.paywallConfig.facebook_pixel=\"1000228364089342\"\n            <\/script><\/p>\n","protected":false},"excerpt":{"rendered":"<p>El gobierno de Javier Milei y su gabinete quedaron conformes con la exposici\u00f3n del jefe de Gabinete, Manuel Adorni. El Presidente, su hermana Karina Milei y la plana mayor del Gobierno asistieron hoy al informe N\u00b0145 de gesti\u00f3n que brind\u00f3 Adorni, en medio de esc\u00e1ndalos e investigaciones judiciales que a priori, desnudan inconsistencias entre sus [&hellip;]<\/p>\n","protected":false},"author":2,"featured_media":193971,"comment_status":"closed","ping_status":"closed","sticky":false,"template":"","format":"standard","meta":{"footnotes":""},"categories":[25],"tags":[],"class_list":["post-193970","post","type-post","status-publish","format-standard","has-post-thumbnail","hentry","category-nacionales"],"yoast_head":"<!-- This site is optimized with the Yoast SEO plugin v24.4 - https:\/\/yoast.com\/wordpress\/plugins\/seo\/ -->\n<title>Puertas adentro el Gobierno calific\u00f3 de &quot;s\u00f3lido&quot; el discurso de Adorni y busca dejar atr\u00e1s el esc\u00e1ndalo - GYS NOTICIAS |<\/title>\n<meta name=\"robots\" content=\"index, follow, max-snippet:-1, max-image-preview:large, max-video-preview:-1\" \/>\n<link rel=\"canonical\" href=\"https:\/\/gysfm.com.ar\/inicio\/puertas-adentro-el-gobierno-califico-de-solido-el-discurso-de-adorni-y-busca-dejar-atras-el-escandalo\/\" \/>\n<meta property=\"og:locale\" content=\"es_ES\" \/>\n<meta property=\"og:type\" content=\"article\" \/>\n<meta property=\"og:title\" content=\"Puertas adentro el Gobierno calific\u00f3 de &quot;s\u00f3lido&quot; el discurso de Adorni y busca dejar atr\u00e1s el esc\u00e1ndalo - GYS NOTICIAS |\" \/>\n<meta property=\"og:description\" content=\"El gobierno de Javier Milei y su gabinete quedaron conformes con la exposici\u00f3n del jefe de Gabinete, Manuel Adorni. El Presidente, su hermana Karina Milei y la plana mayor del Gobierno asistieron hoy al informe N\u00b0145 de gesti\u00f3n que brind\u00f3 Adorni, en medio de esc\u00e1ndalos e investigaciones judiciales que a priori, desnudan inconsistencias entre sus [&hellip;]\" \/>\n<meta property=\"og:url\" content=\"https:\/\/gysfm.com.ar\/inicio\/puertas-adentro-el-gobierno-califico-de-solido-el-discurso-de-adorni-y-busca-dejar-atras-el-escandalo\/\" \/>\n<meta property=\"og:site_name\" content=\"GYS NOTICIAS |\" \/>\n<meta property=\"article:published_time\" content=\"2026-04-30T23:16:16+00:00\" \/>\n<meta name=\"author\" content=\"Prensa G&amp;S FM\" \/>\n<meta name=\"twitter:card\" content=\"summary_large_image\" \/>\n<meta name=\"twitter:label1\" content=\"Escrito por\" \/>\n\t<meta name=\"twitter:data1\" content=\"Prensa G&amp;S FM\" \/>\n\t<meta name=\"twitter:label2\" content=\"Tiempo de lectura\" \/>\n\t<meta name=\"twitter:data2\" content=\"3 minutos\" \/>\n<script type=\"application\/ld+json\" class=\"yoast-schema-graph\">{\"@context\":\"https:\/\/schema.org\",\"@graph\":[{\"@type\":\"Article\",\"@id\":\"https:\/\/gysfm.com.ar\/inicio\/puertas-adentro-el-gobierno-califico-de-solido-el-discurso-de-adorni-y-busca-dejar-atras-el-escandalo\/#article\",\"isPartOf\":{\"@id\":\"https:\/\/gysfm.com.ar\/inicio\/puertas-adentro-el-gobierno-califico-de-solido-el-discurso-de-adorni-y-busca-dejar-atras-el-escandalo\/\"},\"author\":{\"name\":\"Prensa G&amp;S FM\",\"@id\":\"https:\/\/gysfm.com.ar\/inicio\/#\/schema\/person\/3abba7593ef2ad19e1be221d54383dc5\"},\"headline\":\"Puertas adentro el Gobierno calific\u00f3 de \u00abs\u00f3lido\u00bb el discurso de Adorni y busca dejar atr\u00e1s el esc\u00e1ndalo\",\"datePublished\":\"2026-04-30T23:16:16+00:00\",\"mainEntityOfPage\":{\"@id\":\"https:\/\/gysfm.com.ar\/inicio\/puertas-adentro-el-gobierno-califico-de-solido-el-discurso-de-adorni-y-busca-dejar-atras-el-escandalo\/\"},\"wordCount\":623,\"publisher\":{\"@id\":\"https:\/\/gysfm.com.ar\/inicio\/#organization\"},\"image\":{\"@id\":\"https:\/\/gysfm.com.ar\/inicio\/puertas-adentro-el-gobierno-califico-de-solido-el-discurso-de-adorni-y-busca-dejar-atras-el-escandalo\/#primaryimage\"},\"thumbnailUrl\":\"https:\/\/gysfm.com.ar\/inicio\/wp-content\/uploads\/2026\/04\/manuel-adorni-en-el-congreso-29042026-2230116.jpg\",\"articleSection\":[\"NACIONALES\"],\"inLanguage\":\"es\"},{\"@type\":\"WebPage\",\"@id\":\"https:\/\/gysfm.com.ar\/inicio\/puertas-adentro-el-gobierno-califico-de-solido-el-discurso-de-adorni-y-busca-dejar-atras-el-escandalo\/\",\"url\":\"https:\/\/gysfm.com.ar\/inicio\/puertas-adentro-el-gobierno-califico-de-solido-el-discurso-de-adorni-y-busca-dejar-atras-el-escandalo\/\",\"name\":\"Puertas adentro el Gobierno calific\u00f3 de \\\"s\u00f3lido\\\" el discurso de Adorni y busca dejar atr\u00e1s el esc\u00e1ndalo - GYS NOTICIAS |\",\"isPartOf\":{\"@id\":\"https:\/\/gysfm.com.ar\/inicio\/#website\"},\"primaryImageOfPage\":{\"@id\":\"https:\/\/gysfm.com.ar\/inicio\/puertas-adentro-el-gobierno-califico-de-solido-el-discurso-de-adorni-y-busca-dejar-atras-el-escandalo\/#primaryimage\"},\"image\":{\"@id\":\"https:\/\/gysfm.com.ar\/inicio\/puertas-adentro-el-gobierno-califico-de-solido-el-discurso-de-adorni-y-busca-dejar-atras-el-escandalo\/#primaryimage\"},\"thumbnailUrl\":\"https:\/\/gysfm.com.ar\/inicio\/wp-content\/uploads\/2026\/04\/manuel-adorni-en-el-congreso-29042026-2230116.jpg\",\"datePublished\":\"2026-04-30T23:16:16+00:00\",\"breadcrumb\":{\"@id\":\"https:\/\/gysfm.com.ar\/inicio\/puertas-adentro-el-gobierno-califico-de-solido-el-discurso-de-adorni-y-busca-dejar-atras-el-escandalo\/#breadcrumb\"},\"inLanguage\":\"es\",\"potentialAction\":[{\"@type\":\"ReadAction\",\"target\":[\"https:\/\/gysfm.com.ar\/inicio\/puertas-adentro-el-gobierno-califico-de-solido-el-discurso-de-adorni-y-busca-dejar-atras-el-escandalo\/\"]}]},{\"@type\":\"ImageObject\",\"inLanguage\":\"es\",\"@id\":\"https:\/\/gysfm.com.ar\/inicio\/puertas-adentro-el-gobierno-califico-de-solido-el-discurso-de-adorni-y-busca-dejar-atras-el-escandalo\/#primaryimage\",\"url\":\"https:\/\/gysfm.com.ar\/inicio\/wp-content\/uploads\/2026\/04\/manuel-adorni-en-el-congreso-29042026-2230116.jpg\",\"contentUrl\":\"https:\/\/gysfm.com.ar\/inicio\/wp-content\/uploads\/2026\/04\/manuel-adorni-en-el-congreso-29042026-2230116.jpg\",\"width\":1140,\"height\":641},{\"@type\":\"BreadcrumbList\",\"@id\":\"https:\/\/gysfm.com.ar\/inicio\/puertas-adentro-el-gobierno-califico-de-solido-el-discurso-de-adorni-y-busca-dejar-atras-el-escandalo\/#breadcrumb\",\"itemListElement\":[{\"@type\":\"ListItem\",\"position\":1,\"name\":\"Portada\",\"item\":\"https:\/\/gysfm.com.ar\/inicio\/\"},{\"@type\":\"ListItem\",\"position\":2,\"name\":\"Puertas adentro el Gobierno calific\u00f3 de \u00abs\u00f3lido\u00bb el discurso de Adorni y busca dejar atr\u00e1s el esc\u00e1ndalo\"}]},{\"@type\":\"WebSite\",\"@id\":\"https:\/\/gysfm.com.ar\/inicio\/#website\",\"url\":\"https:\/\/gysfm.com.ar\/inicio\/\",\"name\":\"GYS NOTICIAS |\",\"description\":\"DIARIO - RADIO ONLINE SAN JUAN ARGENTINA\",\"publisher\":{\"@id\":\"https:\/\/gysfm.com.ar\/inicio\/#organization\"},\"potentialAction\":[{\"@type\":\"SearchAction\",\"target\":{\"@type\":\"EntryPoint\",\"urlTemplate\":\"https:\/\/gysfm.com.ar\/inicio\/?s={search_term_string}\"},\"query-input\":{\"@type\":\"PropertyValueSpecification\",\"valueRequired\":true,\"valueName\":\"search_term_string\"}}],\"inLanguage\":\"es\"},{\"@type\":\"Organization\",\"@id\":\"https:\/\/gysfm.com.ar\/inicio\/#organization\",\"name\":\"GYS NOTICIAS |\",\"url\":\"https:\/\/gysfm.com.ar\/inicio\/\",\"logo\":{\"@type\":\"ImageObject\",\"inLanguage\":\"es\",\"@id\":\"https:\/\/gysfm.com.ar\/inicio\/#\/schema\/logo\/image\/\",\"url\":\"https:\/\/gysfm.com.ar\/inicio\/wp-content\/uploads\/2023\/07\/LOGOGYS-OK.png\",\"contentUrl\":\"https:\/\/gysfm.com.ar\/inicio\/wp-content\/uploads\/2023\/07\/LOGOGYS-OK.png\",\"width\":1170,\"height\":872,\"caption\":\"GYS NOTICIAS |\"},\"image\":{\"@id\":\"https:\/\/gysfm.com.ar\/inicio\/#\/schema\/logo\/image\/\"}},{\"@type\":\"Person\",\"@id\":\"https:\/\/gysfm.com.ar\/inicio\/#\/schema\/person\/3abba7593ef2ad19e1be221d54383dc5\",\"name\":\"Prensa G&amp;S FM\",\"image\":{\"@type\":\"ImageObject\",\"inLanguage\":\"es\",\"@id\":\"https:\/\/gysfm.com.ar\/inicio\/#\/schema\/person\/image\/\",\"url\":\"https:\/\/secure.gravatar.com\/avatar\/096ec78df02049ab018702bb4ccedf659377fa92a26540b5247612077a0dbd29?s=96&d=mm&r=g\",\"contentUrl\":\"https:\/\/secure.gravatar.com\/avatar\/096ec78df02049ab018702bb4ccedf659377fa92a26540b5247612077a0dbd29?s=96&d=mm&r=g\",\"caption\":\"Prensa G&amp;S FM\"},\"sameAs\":[\"https:\/\/gysfm.com.ar\/\"],\"url\":\"https:\/\/gysfm.com.ar\/inicio\/author\/lucasm\/\"}]}<\/script>\n<!-- \/ Yoast SEO plugin. -->","yoast_head_json":{"title":"Puertas adentro el Gobierno calific\u00f3 de \"s\u00f3lido\" el discurso de Adorni y busca dejar atr\u00e1s el esc\u00e1ndalo - GYS NOTICIAS |","robots":{"index":"index","follow":"follow","max-snippet":"max-snippet:-1","max-image-preview":"max-image-preview:large","max-video-preview":"max-video-preview:-1"},"canonical":"https:\/\/gysfm.com.ar\/inicio\/puertas-adentro-el-gobierno-califico-de-solido-el-discurso-de-adorni-y-busca-dejar-atras-el-escandalo\/","og_locale":"es_ES","og_type":"article","og_title":"Puertas adentro el Gobierno calific\u00f3 de \"s\u00f3lido\" el discurso de Adorni y busca dejar atr\u00e1s el esc\u00e1ndalo - GYS NOTICIAS |","og_description":"El gobierno de Javier Milei y su gabinete quedaron conformes con la exposici\u00f3n del jefe de Gabinete, Manuel Adorni. El Presidente, su hermana Karina Milei y la plana mayor del Gobierno asistieron hoy al informe N\u00b0145 de gesti\u00f3n que brind\u00f3 Adorni, en medio de esc\u00e1ndalos e investigaciones judiciales que a priori, desnudan inconsistencias entre sus [&hellip;]","og_url":"https:\/\/gysfm.com.ar\/inicio\/puertas-adentro-el-gobierno-califico-de-solido-el-discurso-de-adorni-y-busca-dejar-atras-el-escandalo\/","og_site_name":"GYS NOTICIAS |","article_published_time":"2026-04-30T23:16:16+00:00","author":"Prensa G&amp;S FM","twitter_card":"summary_large_image","twitter_misc":{"Escrito por":"Prensa G&amp;S FM","Tiempo de lectura":"3 minutos"},"schema":{"@context":"https:\/\/schema.org","@graph":[{"@type":"Article","@id":"https:\/\/gysfm.com.ar\/inicio\/puertas-adentro-el-gobierno-califico-de-solido-el-discurso-de-adorni-y-busca-dejar-atras-el-escandalo\/#article","isPartOf":{"@id":"https:\/\/gysfm.com.ar\/inicio\/puertas-adentro-el-gobierno-califico-de-solido-el-discurso-de-adorni-y-busca-dejar-atras-el-escandalo\/"},"author":{"name":"Prensa G&amp;S FM","@id":"https:\/\/gysfm.com.ar\/inicio\/#\/schema\/person\/3abba7593ef2ad19e1be221d54383dc5"},"headline":"Puertas adentro el Gobierno calific\u00f3 de \u00abs\u00f3lido\u00bb el discurso de Adorni y busca dejar atr\u00e1s el esc\u00e1ndalo","datePublished":"2026-04-30T23:16:16+00:00","mainEntityOfPage":{"@id":"https:\/\/gysfm.com.ar\/inicio\/puertas-adentro-el-gobierno-califico-de-solido-el-discurso-de-adorni-y-busca-dejar-atras-el-escandalo\/"},"wordCount":623,"publisher":{"@id":"https:\/\/gysfm.com.ar\/inicio\/#organization"},"image":{"@id":"https:\/\/gysfm.com.ar\/inicio\/puertas-adentro-el-gobierno-califico-de-solido-el-discurso-de-adorni-y-busca-dejar-atras-el-escandalo\/#primaryimage"},"thumbnailUrl":"https:\/\/gysfm.com.ar\/inicio\/wp-content\/uploads\/2026\/04\/manuel-adorni-en-el-congreso-29042026-2230116.jpg","articleSection":["NACIONALES"],"inLanguage":"es"},{"@type":"WebPage","@id":"https:\/\/gysfm.com.ar\/inicio\/puertas-adentro-el-gobierno-califico-de-solido-el-discurso-de-adorni-y-busca-dejar-atras-el-escandalo\/","url":"https:\/\/gysfm.com.ar\/inicio\/puertas-adentro-el-gobierno-califico-de-solido-el-discurso-de-adorni-y-busca-dejar-atras-el-escandalo\/","name":"Puertas adentro el Gobierno calific\u00f3 de \"s\u00f3lido\" el discurso de Adorni y busca dejar atr\u00e1s el esc\u00e1ndalo - GYS NOTICIAS |","isPartOf":{"@id":"https:\/\/gysfm.com.ar\/inicio\/#website"},"primaryImageOfPage":{"@id":"https:\/\/gysfm.com.ar\/inicio\/puertas-adentro-el-gobierno-califico-de-solido-el-discurso-de-adorni-y-busca-dejar-atras-el-escandalo\/#primaryimage"},"image":{"@id":"https:\/\/gysfm.com.ar\/inicio\/puertas-adentro-el-gobierno-califico-de-solido-el-discurso-de-adorni-y-busca-dejar-atras-el-escandalo\/#primaryimage"},"thumbnailUrl":"https:\/\/gysfm.com.ar\/inicio\/wp-content\/uploads\/2026\/04\/manuel-adorni-en-el-congreso-29042026-2230116.jpg","datePublished":"2026-04-30T23:16:16+00:00","breadcrumb":{"@id":"https:\/\/gysfm.com.ar\/inicio\/puertas-adentro-el-gobierno-califico-de-solido-el-discurso-de-adorni-y-busca-dejar-atras-el-escandalo\/#breadcrumb"},"inLanguage":"es","potentialAction":[{"@type":"ReadAction","target":["https:\/\/gysfm.com.ar\/inicio\/puertas-adentro-el-gobierno-califico-de-solido-el-discurso-de-adorni-y-busca-dejar-atras-el-escandalo\/"]}]},{"@type":"ImageObject","inLanguage":"es","@id":"https:\/\/gysfm.com.ar\/inicio\/puertas-adentro-el-gobierno-califico-de-solido-el-discurso-de-adorni-y-busca-dejar-atras-el-escandalo\/#primaryimage","url":"https:\/\/gysfm.com.ar\/inicio\/wp-content\/uploads\/2026\/04\/manuel-adorni-en-el-congreso-29042026-2230116.jpg","contentUrl":"https:\/\/gysfm.com.ar\/inicio\/wp-content\/uploads\/2026\/04\/manuel-adorni-en-el-congreso-29042026-2230116.jpg","width":1140,"height":641},{"@type":"BreadcrumbList","@id":"https:\/\/gysfm.com.ar\/inicio\/puertas-adentro-el-gobierno-califico-de-solido-el-discurso-de-adorni-y-busca-dejar-atras-el-escandalo\/#breadcrumb","itemListElement":[{"@type":"ListItem","position":1,"name":"Portada","item":"https:\/\/gysfm.com.ar\/inicio\/"},{"@type":"ListItem","position":2,"name":"Puertas adentro el Gobierno calific\u00f3 de \u00abs\u00f3lido\u00bb el discurso de Adorni y busca dejar atr\u00e1s el esc\u00e1ndalo"}]},{"@type":"WebSite","@id":"https:\/\/gysfm.com.ar\/inicio\/#website","url":"https:\/\/gysfm.com.ar\/inicio\/","name":"GYS NOTICIAS |","description":"DIARIO - RADIO ONLINE SAN JUAN ARGENTINA","publisher":{"@id":"https:\/\/gysfm.com.ar\/inicio\/#organization"},"potentialAction":[{"@type":"SearchAction","target":{"@type":"EntryPoint","urlTemplate":"https:\/\/gysfm.com.ar\/inicio\/?s={search_term_string}"},"query-input":{"@type":"PropertyValueSpecification","valueRequired":true,"valueName":"search_term_string"}}],"inLanguage":"es"},{"@type":"Organization","@id":"https:\/\/gysfm.com.ar\/inicio\/#organization","name":"GYS NOTICIAS |","url":"https:\/\/gysfm.com.ar\/inicio\/","logo":{"@type":"ImageObject","inLanguage":"es","@id":"https:\/\/gysfm.com.ar\/inicio\/#\/schema\/logo\/image\/","url":"https:\/\/gysfm.com.ar\/inicio\/wp-content\/uploads\/2023\/07\/LOGOGYS-OK.png","contentUrl":"https:\/\/gysfm.com.ar\/inicio\/wp-content\/uploads\/2023\/07\/LOGOGYS-OK.png","width":1170,"height":872,"caption":"GYS NOTICIAS |"},"image":{"@id":"https:\/\/gysfm.com.ar\/inicio\/#\/schema\/logo\/image\/"}},{"@type":"Person","@id":"https:\/\/gysfm.com.ar\/inicio\/#\/schema\/person\/3abba7593ef2ad19e1be221d54383dc5","name":"Prensa G&amp;S FM","image":{"@type":"ImageObject","inLanguage":"es","@id":"https:\/\/gysfm.com.ar\/inicio\/#\/schema\/person\/image\/","url":"https:\/\/secure.gravatar.com\/avatar\/096ec78df02049ab018702bb4ccedf659377fa92a26540b5247612077a0dbd29?s=96&d=mm&r=g","contentUrl":"https:\/\/secure.gravatar.com\/avatar\/096ec78df02049ab018702bb4ccedf659377fa92a26540b5247612077a0dbd29?s=96&d=mm&r=g","caption":"Prensa G&amp;S FM"},"sameAs":["https:\/\/gysfm.com.ar\/"],"url":"https:\/\/gysfm.com.ar\/inicio\/author\/lucasm\/"}]}},"_links":{"self":[{"href":"https:\/\/gysfm.com.ar\/inicio\/wp-json\/wp\/v2\/posts\/193970","targetHints":{"allow":["GET"]}}],"collection":[{"href":"https:\/\/gysfm.com.ar\/inicio\/wp-json\/wp\/v2\/posts"}],"about":[{"href":"https:\/\/gysfm.com.ar\/inicio\/wp-json\/wp\/v2\/types\/post"}],"author":[{"embeddable":true,"href":"https:\/\/gysfm.com.ar\/inicio\/wp-json\/wp\/v2\/users\/2"}],"replies":[{"embeddable":true,"href":"https:\/\/gysfm.com.ar\/inicio\/wp-json\/wp\/v2\/comments?post=193970"}],"version-history":[{"count":0,"href":"https:\/\/gysfm.com.ar\/inicio\/wp-json\/wp\/v2\/posts\/193970\/revisions"}],"wp:featuredmedia":[{"embeddable":true,"href":"https:\/\/gysfm.com.ar\/inicio\/wp-json\/wp\/v2\/media\/193971"}],"wp:attachment":[{"href":"https:\/\/gysfm.com.ar\/inicio\/wp-json\/wp\/v2\/media?parent=193970"}],"wp:term":[{"taxonomy":"category","embeddable":true,"href":"https:\/\/gysfm.com.ar\/inicio\/wp-json\/wp\/v2\/categories?post=193970"},{"taxonomy":"post_tag","embeddable":true,"href":"https:\/\/gysfm.com.ar\/inicio\/wp-json\/wp\/v2\/tags?post=193970"}],"curies":[{"name":"wp","href":"https:\/\/api.w.org\/{rel}","templated":true}]}}