{"id":193968,"date":"2026-04-30T19:45:14","date_gmt":"2026-04-30T22:45:14","guid":{"rendered":"https:\/\/gysfm.com.ar\/inicio\/denuncian-graves-irregularidades-en-12-de-los-candidatos-a-jueces-que-el-gobierno-envio-al-senado\/"},"modified":"2026-04-30T19:45:14","modified_gmt":"2026-04-30T22:45:14","slug":"denuncian-graves-irregularidades-en-12-de-los-candidatos-a-jueces-que-el-gobierno-envio-al-senado","status":"publish","type":"post","link":"https:\/\/gysfm.com.ar\/inicio\/denuncian-graves-irregularidades-en-12-de-los-candidatos-a-jueces-que-el-gobierno-envio-al-senado\/","title":{"rendered":"Denuncian graves irregularidades en 12 de los candidatos a jueces que el Gobierno envi\u00f3 al Senado"},"content":{"rendered":"<p><\/p>\n<div id=\"article-content\">\n<p>De acuerdo a un reporte del Instituto de Estudios Comparados en Ciencias Penales y Sociales (INECIP) y la Asociaci\u00f3n Civil por la Igualdad y la Justicia (ACIJ), <strong>12 de los primeros 67 candidatos a <a target=\"_blank\" href=\"https:\/\/www.perfil.com\/noticias\/politica\/el-gobierno-ya-mando-110-pliegos-al-senado-para-cubrir-cargos-en-la-justicia.phtml\">jueces<\/a> que el Gobierno envi\u00f3 al Senado tienen \u201csaltos\u201d<\/strong> mayores a 10 posiciones entre su orden de m\u00e9rito inicial y la entrevista final del procedimiento de concursos de selecci\u00f3n que se encarga de implementar el <a target=\"_blank\" href=\"https:\/\/www.perfil.com\/noticias\/modo-fontevecchia\/consejo-de-la-magistratura-como-es-el-nuevo-proyecto-para-designar-a-los-jueces-modof.phtml\"><strong>Consejo de la Magistratura<\/strong><\/a> de la Naci\u00f3n.<\/p>\n<p>Seg\u00fan<em> Clar\u00edn<\/em>, algunos muestran <strong>diferencias de hasta 32 sitios<\/strong> entre la orden de<strong> m\u00e9rito inicial<\/strong>, que se basa en los antecedentes del candidato y su examen escrito,<strong> y la entrevista personal<\/strong>, donde los integrantes del Consejo cuentan con margen importante para tomar sus decisiones.<\/p>\n<p>De acuerdo al informe, los postulantes que lograron pasar 10 (o m\u00e1s) posiciones entre el orden de m\u00e9rito inicial y el orden de m\u00e9rito final son los siguientes:<\/p>\n<div class=\"subscription\">\n<p>\n        Esto no les gusta a los autoritarios\n    <\/p>\n<div class=\"subscription__container\">\n<div class=\"subscription__text-wrapper\">\n<p>\n                El ejercicio del periodismo profesional y cr\u00edtico es un pilar fundamental de la democracia. Por eso molesta a quienes creen ser los due\u00f1os de la verdad.\n            <\/p>\n<\/p><\/div><\/div>\n<\/div>\n<p><strong>&#8211; Mar\u00eda Laura Ameri.<\/strong><\/p>\n<p><strong>&#8211; Nicol\u00e1s Ram\u00f3n Ceballos.<\/strong><\/p>\n<p><strong>&#8211; Hugo Fabi\u00e1n Decaria.<\/strong><\/p>\n<p><strong>&#8211; Germ\u00e1n Augusto Degano.<\/strong><\/p>\n<p><strong>&#8211; Juan Manuel Gaset Maisonave.<\/strong><\/p>\n<p><strong>&#8211; Jos\u00e9 Miguel Guerrero.<\/strong><\/p>\n<p><strong>&#8211; Soledad Eugenia Mari\u00f1o.<\/strong><\/p>\n<p><strong>&#8211; Mar\u00eda Ver\u00f3nica Michelli.<\/strong><\/p>\n<p><strong>&#8211; Ezequiel Javier Sobrino Reig.<\/strong><\/p>\n<p><strong>&#8211; Diego Javier Souto.<\/strong><\/p>\n<p><strong>&#8211; Pablo Ezequiel Wilk.<\/strong><\/p>\n<p><strong>&#8211; Laura Wiszniacki.<\/strong><\/p>\n<div style=\"text-align:center\">\n<figure class=\"image\" style=\"display:inline-block\"><picture><source media=\"(max-width: 440px)\" srcset=\"https:\/\/fotos.perfil.com\/\/2026\/04\/16\/440\/0\/sesion-consejo-de-la-magistratura-2221627.jpg?webp\"\/><source media=\"(max-width: 1019px)\" srcset=\"https:\/\/fotos.perfil.com\/\/2026\/04\/16\/712\/0\/sesion-consejo-de-la-magistratura-2221627.jpg?webp\"\/><img decoding=\"async\" style=\"max-width: 100%; width: 100%;\" alt=\"Sesi\u00f3n Consejo de la Magistratura\" src=\"https:\/\/fotos.perfil.com\/\/2026\/04\/16\/900\/0\/sesion-consejo-de-la-magistratura-2221627.jpg?webp\" loading=\"lazy\"\/><\/picture><figcaption>Sesi\u00f3n del Consejo de la Magistratura<\/figcaption><\/figure>\n<\/p><\/div>\n<p><strong>Estos candidatos se postularon para los siguientes puestos<\/strong>:<\/p>\n<p>1. Tribunal Oral en lo Criminal y Correccional N\u00b0 7 de la Capital Federal: Nicol\u00e1s Ram\u00f3n Ceballos.<\/p>\n<p>2. Tribunal Oral en lo Criminal Federal N\u00b0 3 de La Plata, provincia de Buenos Aires: Mar\u00eda Ver\u00f3nica Michelli.<\/p>\n<p>3. Tribunal Oral en lo Criminal Federal N\u00b0 2 de La Plata, provincia de Buenos Aires: Pablo Ezequiel Wilk.<\/p>\n<p>4. Juzgado Nacional en lo Criminal y Correccional N\u00b0 31 de la Capital Federal: Diego Javier Souto<\/p>\n<p>5. Juzgado Nacional en lo Criminal y Correccional N\u00b0 1 de la Capital Federal: Jos\u00e9 Miguel Guerrero.<\/p>\n<p>6. Juzgado Nacional de primera instancia en lo Civil N\u00ba 62 de la Capital Federal: Laura Wiszniacki.<\/p>\n<p>7. Tribunal Oral en lo Criminal Federal N\u00b0 5 de San Mart\u00edn: Juan Manuel Gaset Maisonave.<\/p>\n<p>8. Tribunal Oral en lo Criminal y Correccional N\u00b0 3 de la Capital Federal: Hugo Fabi\u00e1n Decaria.<\/p>\n<p>9. Juzgado Federal de Primera Instancia de Ejecuciones Fiscales Tributarias N\u00b0 3: Mar\u00eda Laura Ameri.<\/p>\n<p>10. Juzgado Nacional en lo Criminal y Correccional N\u00b0 18 de la Capital Federal: Soledad Eugenia Mari\u00f1o<\/p>\n<p>11. Juzgado Nacional de Primera Instancia en lo Civil N\u00b0 80 de la Capital Federal: Ezequiel Javier Sobrino Reig<\/p>\n<p>12. Juzgado Nacional de Primera Instancia en lo Civil N\u00b0 64 de la Capital Federal: Germ\u00e1n Augusto Degano<\/p>\n<p class=\"destacadoNota\"><a target=\"_blank\" href=\"https:\/\/www.perfil.com\/noticias\/amp\/politica\/nuevos-pliegos-la-estrategia-de-juan-bautista-mahiques-abre-dudas-dentro-y-fuera-del-gobierno.phtml\">Dudas en el Gobierno por la estrategia de Juan Bautista Mahiques por los pliegos de jueces con pasado kirchnerista<\/a><\/p>\n<p>El informe de la Asociaci\u00f3n Civil por la Igualdad y la Justicia (ACIJ) y el INECIP se\u00f1ala que lo ocurrido \u201cplantea interrogantes sobre la existencia de posibles acuerdos que <strong>podr\u00edan poner en riesgo la independencia judicial<\/strong>\u201d.<\/p>\n<p>Un detalle importante es que<strong> el 70% de las personas propuestas<\/strong> para cargos dentro de la justicia federal <strong>son hombres <\/strong>y solo el 30% mujeres. De acuerdo al reporte, este dato muestra las <strong>fallas del proceso de selecci\u00f3n <\/strong>y \u201ctambi\u00e9n las deficiencias en la evaluaci\u00f3n realizada por el Poder Ejecutivo al momento de formular las propuestas\u201d.<\/p>\n<p>Para luego agregar que el gobierno de <strong><a target=\"_blank\" href=\"https:\/\/www.perfil.com\/noticias\/politica\/milei-se-molesto-por-una-pregunta-sobre-la-inflacion-no-es-el-lugar-no-es-el-momento.phtml\">Javier Milei<\/a> <\/strong>\u201ctiene en sus manos la renovaci\u00f3n de m\u00e1s de un tercio de la Justicia. En este contexto, y frente a las debilidades del sistema de selecci\u00f3n, resulta indispensable que se comprometa a proponer una<strong> selecci\u00f3n que no reproduzca la ya marcada desigualdad de g\u00e9nero existente<\/strong>, a elegir personas que hayan accedido a las ternas por sus m\u00e9ritos\u201d.<\/p>\n<div style=\"text-align:center\">\n<figure class=\"image\" style=\"display:inline-block\"><picture><source media=\"(max-width: 440px)\" srcset=\"https:\/\/fotos.perfil.com\/\/2026\/04\/29\/440\/0\/el-presidente-javier-milei-29042026-2230190.jpg?webp\"\/><source media=\"(max-width: 1019px)\" srcset=\"https:\/\/fotos.perfil.com\/\/2026\/04\/29\/712\/0\/el-presidente-javier-milei-29042026-2230190.jpg?webp\"\/><img decoding=\"async\" style=\"max-width: 100%; width: 100%;\" alt=\"El presidente Javier Milei 29042026\" src=\"https:\/\/fotos.perfil.com\/\/2026\/04\/29\/900\/0\/el-presidente-javier-milei-29042026-2230190.jpg?webp\" loading=\"lazy\"\/><\/picture><figcaption>El presidente Javier Milei<\/figcaption><\/figure>\n<\/p><\/div>\n<p>A continuaci\u00f3n, solicitan que <strong>\u201cel Senado ejerza un control riguroso sobre las candidaturas<\/strong>, especialmente en aquellos casos en los que aparecen dudas sobre la idoneidad y la independencia de quienes fueron postulados\u201d.<\/p>\n<p><strong>De los 67 pliegos mandados, el 73% vienen de cargos en el Poder Judicial<\/strong> como jueces, secretarios y prosecretarios (<strong>49 candidatos<\/strong>); el 12% de cargos en diferentes fiscal\u00edas (8 candidatos); el 7% de cargos de la Administraci\u00f3n p\u00fablica (5 candidatos); el 4% de cargos en distintas defensor\u00edas (3 candidatos); y solo el 3% del ejercicio de su profesi\u00f3n (2 candidatos).<\/p>\n<div style=\"text-align:center\">\n<figure class=\"image\" style=\"display:inline-block\"><picture><source media=\"(max-width: 440px)\" srcset=\"https:\/\/fotos.perfil.com\/\/2025\/12\/27\/440\/0\/diego-barroetavena-27122025-2160419.jpg?webp\"\/><source media=\"(max-width: 1019px)\" srcset=\"https:\/\/fotos.perfil.com\/\/2025\/12\/27\/712\/0\/diego-barroetavena-27122025-2160419.jpg?webp\"\/><img decoding=\"async\" style=\"max-width: 100%; width: 100%;\" alt=\"Diego Barroetave\u00f1a 27122025\" src=\"https:\/\/fotos.perfil.com\/\/2025\/12\/27\/900\/0\/diego-barroetavena-27122025-2160419.jpg?webp\" loading=\"lazy\"\/><\/picture><figcaption>Diego Barroetave\u00f1a <\/figcaption><\/figure>\n<\/p><\/div>\n<h2><strong>Ternas para dos cargos vacantes en la C\u00e1mara Federal Porte\u00f1a<\/strong><\/h2>\n<p>Este<strong> jueves 30 de abril<\/strong>, en la comisi\u00f3n de selecci\u00f3n, se realizar\u00e1 la votaci\u00f3n de dos propuestas de ternas para cubrir dos cargos vacantes en la C\u00e1mara Federal porte\u00f1a.<\/p>\n<p><strong>Diego Barroetave\u00f1a<\/strong>, juez y <strong>representante de la lista Bord\u00f3<\/strong>, presentar\u00e1 una terna compuesta por la secretaria Agustina In\u00e9s Rodr\u00edguez, el juez federal de Tucum\u00e1n Femando Luis Povi\u00f1a, y el juez en lo penal econ\u00f3mico Pablo Yadarola; y una segunda terna integrada por Julio C\u00e9sar Di Giorgio, la fiscal de Lomas de Zamora Cecilia Incardona, y Pablo Bertuzzi.<\/p>\n<p class=\"destacadoNota\"><a target=\"_blank\" href=\"https:\/\/www.perfil.com\/noticias\/politica\/el-gobierno-impulsa-que-uno-de-los-jueces-que-fallo-a-favor-de-la-reforma-laboral-siga-en-su-cargo-despues-de-los-75-anos.phtml\">El Gobierno impulsa que uno de los jueces que fall\u00f3 a favor de la reforma laboral siga en su cargo despu\u00e9s de los 75 a\u00f1os<\/a><\/p>\n<p>Por su parte,<strong> la diputada kirchnerista Vanesa Siley propondr\u00e1 una primera terna <\/strong>compuesta<strong> <\/strong>por<strong> <\/strong>el juez de Tucum\u00e1n Femando Luis Povi\u00f1a, Cecilia Incardona y Laura Elena Mazzaferri; la segunda terna la integran Gonzalo Ezequiel Demi\u00e1n Vi\u00f1a, Agustina In\u00e9s Rodr\u00edguez y Julio C\u00e9sar Di Giorgio.<\/p>\n<p><strong>Se necesitan 7 de 12 votos p<\/strong>ara que una de estas dos ternas gane,<strong> <\/strong> y luego pasar\u00e1n a ser votadas en el plenario del Consejo de la Magistratura.<\/p>\n<div style=\"text-align:center\">\n<figure class=\"image\" style=\"display:inline-block\"><picture><source media=\"(max-width: 440px)\" srcset=\"https:\/\/fotos.perfil.com\/\/2026\/03\/04\/440\/0\/karina-milei-y-santiago-viola-2196456.jpg?webp\"\/><source media=\"(max-width: 1019px)\" srcset=\"https:\/\/fotos.perfil.com\/\/2026\/03\/04\/712\/0\/karina-milei-y-santiago-viola-2196456.jpg?webp\"\/><img decoding=\"async\" style=\"max-width: 100%; width: 100%;\" alt=\"Karina Milei y Santiago Viola\" src=\"https:\/\/fotos.perfil.com\/\/2026\/03\/04\/900\/0\/karina-milei-y-santiago-viola-2196456.jpg?webp\" loading=\"lazy\"\/><\/picture><figcaption>Karina Milei y Santiago Viola<\/figcaption><\/figure>\n<\/p><\/div>\n<p>Seg\u00fan <em>Clar\u00edn<\/em>, fuentes judiciales afirmaron que <strong>Santiago Viola<\/strong>, viceministro de Justicia y representante del gobierno ante la Magistratura, \u201c<strong>votar\u00eda la terna en que Bertuzzi\u201d se postula<\/strong>. De esa terna, luego el presidente Milei elegir\u00e1 un candidato y lo enviar\u00e1 al Senado.<\/p>\n<p><em>HM\/DCQ<\/em><\/p>\n<\/p><\/div>\n<p><script>\n                !function(f,b,e,v,n,t,s)\n                {if(f.fbq)return;n=f.fbq=function(){n.callMethod?\n                    n.callMethod.apply(n,arguments):n.queue.push(arguments)};\n                    if(!f._fbq)f._fbq=n;n.push=n;n.loaded=!0;n.version='2.0';\n                    n.queue=[];t=b.createElement(e);t.async=!0;\n                    t.src=v;s=b.getElementsByTagName(e)[0];\n                    s.parentNode.insertBefore(t,s)}(window, document,'script',\n                    'https:\/\/connect.facebook.net\/en_US\/fbevents.js');\n                window.paywallConfig.facebook_pixel=\"1000228364089342\"\n            <\/script><\/p>\n","protected":false},"excerpt":{"rendered":"<p>De acuerdo a un reporte del Instituto de Estudios Comparados en Ciencias Penales y Sociales (INECIP) y la Asociaci\u00f3n Civil por la Igualdad y la Justicia (ACIJ), 12 de los primeros 67 candidatos a jueces que el Gobierno envi\u00f3 al Senado tienen \u201csaltos\u201d mayores a 10 posiciones entre su orden de m\u00e9rito inicial y la [&hellip;]<\/p>\n","protected":false},"author":2,"featured_media":193969,"comment_status":"closed","ping_status":"closed","sticky":false,"template":"","format":"standard","meta":{"footnotes":""},"categories":[25],"tags":[],"class_list":["post-193968","post","type-post","status-publish","format-standard","has-post-thumbnail","hentry","category-nacionales"],"yoast_head":"<!-- This site is optimized with the Yoast SEO plugin v24.4 - https:\/\/yoast.com\/wordpress\/plugins\/seo\/ -->\n<title>Denuncian graves irregularidades en 12 de los candidatos a jueces que el Gobierno envi\u00f3 al Senado - GYS NOTICIAS |<\/title>\n<meta name=\"robots\" content=\"index, follow, max-snippet:-1, max-image-preview:large, max-video-preview:-1\" \/>\n<link rel=\"canonical\" href=\"https:\/\/gysfm.com.ar\/inicio\/denuncian-graves-irregularidades-en-12-de-los-candidatos-a-jueces-que-el-gobierno-envio-al-senado\/\" \/>\n<meta property=\"og:locale\" content=\"es_ES\" \/>\n<meta property=\"og:type\" content=\"article\" \/>\n<meta property=\"og:title\" content=\"Denuncian graves irregularidades en 12 de los candidatos a jueces que el Gobierno envi\u00f3 al Senado - GYS NOTICIAS |\" \/>\n<meta property=\"og:description\" content=\"De acuerdo a un reporte del Instituto de Estudios Comparados en Ciencias Penales y Sociales (INECIP) y la Asociaci\u00f3n Civil por la Igualdad y la Justicia (ACIJ), 12 de los primeros 67 candidatos a jueces que el Gobierno envi\u00f3 al Senado tienen \u201csaltos\u201d mayores a 10 posiciones entre su orden de m\u00e9rito inicial y la [&hellip;]\" \/>\n<meta property=\"og:url\" content=\"https:\/\/gysfm.com.ar\/inicio\/denuncian-graves-irregularidades-en-12-de-los-candidatos-a-jueces-que-el-gobierno-envio-al-senado\/\" \/>\n<meta property=\"og:site_name\" content=\"GYS NOTICIAS |\" \/>\n<meta property=\"article:published_time\" content=\"2026-04-30T22:45:14+00:00\" \/>\n<meta property=\"og:image\" content=\"https:\/\/fotos.perfil.com\/\/2026\/04\/16\/900\/0\/sesion-consejo-de-la-magistratura-2221627.jpg?webp\" \/>\n<meta name=\"author\" content=\"Prensa G&amp;S FM\" \/>\n<meta name=\"twitter:card\" content=\"summary_large_image\" \/>\n<meta name=\"twitter:label1\" content=\"Escrito por\" \/>\n\t<meta name=\"twitter:data1\" content=\"Prensa G&amp;S FM\" \/>\n\t<meta name=\"twitter:label2\" content=\"Tiempo de lectura\" \/>\n\t<meta name=\"twitter:data2\" content=\"5 minutos\" \/>\n<script type=\"application\/ld+json\" class=\"yoast-schema-graph\">{\"@context\":\"https:\/\/schema.org\",\"@graph\":[{\"@type\":\"Article\",\"@id\":\"https:\/\/gysfm.com.ar\/inicio\/denuncian-graves-irregularidades-en-12-de-los-candidatos-a-jueces-que-el-gobierno-envio-al-senado\/#article\",\"isPartOf\":{\"@id\":\"https:\/\/gysfm.com.ar\/inicio\/denuncian-graves-irregularidades-en-12-de-los-candidatos-a-jueces-que-el-gobierno-envio-al-senado\/\"},\"author\":{\"name\":\"Prensa G&amp;S FM\",\"@id\":\"https:\/\/gysfm.com.ar\/inicio\/#\/schema\/person\/3abba7593ef2ad19e1be221d54383dc5\"},\"headline\":\"Denuncian graves irregularidades en 12 de los candidatos a jueces que el Gobierno envi\u00f3 al Senado\",\"datePublished\":\"2026-04-30T22:45:14+00:00\",\"mainEntityOfPage\":{\"@id\":\"https:\/\/gysfm.com.ar\/inicio\/denuncian-graves-irregularidades-en-12-de-los-candidatos-a-jueces-que-el-gobierno-envio-al-senado\/\"},\"wordCount\":1013,\"publisher\":{\"@id\":\"https:\/\/gysfm.com.ar\/inicio\/#organization\"},\"image\":{\"@id\":\"https:\/\/gysfm.com.ar\/inicio\/denuncian-graves-irregularidades-en-12-de-los-candidatos-a-jueces-que-el-gobierno-envio-al-senado\/#primaryimage\"},\"thumbnailUrl\":\"https:\/\/gysfm.com.ar\/inicio\/wp-content\/uploads\/2026\/04\/javier-milei-2223985.png\",\"articleSection\":[\"NACIONALES\"],\"inLanguage\":\"es\"},{\"@type\":\"WebPage\",\"@id\":\"https:\/\/gysfm.com.ar\/inicio\/denuncian-graves-irregularidades-en-12-de-los-candidatos-a-jueces-que-el-gobierno-envio-al-senado\/\",\"url\":\"https:\/\/gysfm.com.ar\/inicio\/denuncian-graves-irregularidades-en-12-de-los-candidatos-a-jueces-que-el-gobierno-envio-al-senado\/\",\"name\":\"Denuncian graves irregularidades en 12 de los candidatos a jueces que el Gobierno envi\u00f3 al Senado - GYS NOTICIAS |\",\"isPartOf\":{\"@id\":\"https:\/\/gysfm.com.ar\/inicio\/#website\"},\"primaryImageOfPage\":{\"@id\":\"https:\/\/gysfm.com.ar\/inicio\/denuncian-graves-irregularidades-en-12-de-los-candidatos-a-jueces-que-el-gobierno-envio-al-senado\/#primaryimage\"},\"image\":{\"@id\":\"https:\/\/gysfm.com.ar\/inicio\/denuncian-graves-irregularidades-en-12-de-los-candidatos-a-jueces-que-el-gobierno-envio-al-senado\/#primaryimage\"},\"thumbnailUrl\":\"https:\/\/gysfm.com.ar\/inicio\/wp-content\/uploads\/2026\/04\/javier-milei-2223985.png\",\"datePublished\":\"2026-04-30T22:45:14+00:00\",\"breadcrumb\":{\"@id\":\"https:\/\/gysfm.com.ar\/inicio\/denuncian-graves-irregularidades-en-12-de-los-candidatos-a-jueces-que-el-gobierno-envio-al-senado\/#breadcrumb\"},\"inLanguage\":\"es\",\"potentialAction\":[{\"@type\":\"ReadAction\",\"target\":[\"https:\/\/gysfm.com.ar\/inicio\/denuncian-graves-irregularidades-en-12-de-los-candidatos-a-jueces-que-el-gobierno-envio-al-senado\/\"]}]},{\"@type\":\"ImageObject\",\"inLanguage\":\"es\",\"@id\":\"https:\/\/gysfm.com.ar\/inicio\/denuncian-graves-irregularidades-en-12-de-los-candidatos-a-jueces-que-el-gobierno-envio-al-senado\/#primaryimage\",\"url\":\"https:\/\/gysfm.com.ar\/inicio\/wp-content\/uploads\/2026\/04\/javier-milei-2223985.png\",\"contentUrl\":\"https:\/\/gysfm.com.ar\/inicio\/wp-content\/uploads\/2026\/04\/javier-milei-2223985.png\",\"width\":1140,\"height\":641},{\"@type\":\"BreadcrumbList\",\"@id\":\"https:\/\/gysfm.com.ar\/inicio\/denuncian-graves-irregularidades-en-12-de-los-candidatos-a-jueces-que-el-gobierno-envio-al-senado\/#breadcrumb\",\"itemListElement\":[{\"@type\":\"ListItem\",\"position\":1,\"name\":\"Portada\",\"item\":\"https:\/\/gysfm.com.ar\/inicio\/\"},{\"@type\":\"ListItem\",\"position\":2,\"name\":\"Denuncian graves irregularidades en 12 de los candidatos a jueces que el Gobierno envi\u00f3 al Senado\"}]},{\"@type\":\"WebSite\",\"@id\":\"https:\/\/gysfm.com.ar\/inicio\/#website\",\"url\":\"https:\/\/gysfm.com.ar\/inicio\/\",\"name\":\"GYS NOTICIAS |\",\"description\":\"DIARIO - RADIO ONLINE SAN JUAN ARGENTINA\",\"publisher\":{\"@id\":\"https:\/\/gysfm.com.ar\/inicio\/#organization\"},\"potentialAction\":[{\"@type\":\"SearchAction\",\"target\":{\"@type\":\"EntryPoint\",\"urlTemplate\":\"https:\/\/gysfm.com.ar\/inicio\/?s={search_term_string}\"},\"query-input\":{\"@type\":\"PropertyValueSpecification\",\"valueRequired\":true,\"valueName\":\"search_term_string\"}}],\"inLanguage\":\"es\"},{\"@type\":\"Organization\",\"@id\":\"https:\/\/gysfm.com.ar\/inicio\/#organization\",\"name\":\"GYS NOTICIAS |\",\"url\":\"https:\/\/gysfm.com.ar\/inicio\/\",\"logo\":{\"@type\":\"ImageObject\",\"inLanguage\":\"es\",\"@id\":\"https:\/\/gysfm.com.ar\/inicio\/#\/schema\/logo\/image\/\",\"url\":\"https:\/\/gysfm.com.ar\/inicio\/wp-content\/uploads\/2023\/07\/LOGOGYS-OK.png\",\"contentUrl\":\"https:\/\/gysfm.com.ar\/inicio\/wp-content\/uploads\/2023\/07\/LOGOGYS-OK.png\",\"width\":1170,\"height\":872,\"caption\":\"GYS NOTICIAS |\"},\"image\":{\"@id\":\"https:\/\/gysfm.com.ar\/inicio\/#\/schema\/logo\/image\/\"}},{\"@type\":\"Person\",\"@id\":\"https:\/\/gysfm.com.ar\/inicio\/#\/schema\/person\/3abba7593ef2ad19e1be221d54383dc5\",\"name\":\"Prensa G&amp;S FM\",\"image\":{\"@type\":\"ImageObject\",\"inLanguage\":\"es\",\"@id\":\"https:\/\/gysfm.com.ar\/inicio\/#\/schema\/person\/image\/\",\"url\":\"https:\/\/secure.gravatar.com\/avatar\/096ec78df02049ab018702bb4ccedf659377fa92a26540b5247612077a0dbd29?s=96&d=mm&r=g\",\"contentUrl\":\"https:\/\/secure.gravatar.com\/avatar\/096ec78df02049ab018702bb4ccedf659377fa92a26540b5247612077a0dbd29?s=96&d=mm&r=g\",\"caption\":\"Prensa G&amp;S FM\"},\"sameAs\":[\"https:\/\/gysfm.com.ar\/\"],\"url\":\"https:\/\/gysfm.com.ar\/inicio\/author\/lucasm\/\"}]}<\/script>\n<!-- \/ Yoast SEO plugin. -->","yoast_head_json":{"title":"Denuncian graves irregularidades en 12 de los candidatos a jueces que el Gobierno envi\u00f3 al Senado - GYS NOTICIAS |","robots":{"index":"index","follow":"follow","max-snippet":"max-snippet:-1","max-image-preview":"max-image-preview:large","max-video-preview":"max-video-preview:-1"},"canonical":"https:\/\/gysfm.com.ar\/inicio\/denuncian-graves-irregularidades-en-12-de-los-candidatos-a-jueces-que-el-gobierno-envio-al-senado\/","og_locale":"es_ES","og_type":"article","og_title":"Denuncian graves irregularidades en 12 de los candidatos a jueces que el Gobierno envi\u00f3 al Senado - GYS NOTICIAS |","og_description":"De acuerdo a un reporte del Instituto de Estudios Comparados en Ciencias Penales y Sociales (INECIP) y la Asociaci\u00f3n Civil por la Igualdad y la Justicia (ACIJ), 12 de los primeros 67 candidatos a jueces que el Gobierno envi\u00f3 al Senado tienen \u201csaltos\u201d mayores a 10 posiciones entre su orden de m\u00e9rito inicial y la [&hellip;]","og_url":"https:\/\/gysfm.com.ar\/inicio\/denuncian-graves-irregularidades-en-12-de-los-candidatos-a-jueces-que-el-gobierno-envio-al-senado\/","og_site_name":"GYS NOTICIAS |","article_published_time":"2026-04-30T22:45:14+00:00","og_image":[{"url":"https:\/\/fotos.perfil.com\/\/2026\/04\/16\/900\/0\/sesion-consejo-de-la-magistratura-2221627.jpg?webp","type":"","width":"","height":""}],"author":"Prensa G&amp;S FM","twitter_card":"summary_large_image","twitter_misc":{"Escrito por":"Prensa G&amp;S FM","Tiempo de lectura":"5 minutos"},"schema":{"@context":"https:\/\/schema.org","@graph":[{"@type":"Article","@id":"https:\/\/gysfm.com.ar\/inicio\/denuncian-graves-irregularidades-en-12-de-los-candidatos-a-jueces-que-el-gobierno-envio-al-senado\/#article","isPartOf":{"@id":"https:\/\/gysfm.com.ar\/inicio\/denuncian-graves-irregularidades-en-12-de-los-candidatos-a-jueces-que-el-gobierno-envio-al-senado\/"},"author":{"name":"Prensa G&amp;S FM","@id":"https:\/\/gysfm.com.ar\/inicio\/#\/schema\/person\/3abba7593ef2ad19e1be221d54383dc5"},"headline":"Denuncian graves irregularidades en 12 de los candidatos a jueces que el Gobierno envi\u00f3 al Senado","datePublished":"2026-04-30T22:45:14+00:00","mainEntityOfPage":{"@id":"https:\/\/gysfm.com.ar\/inicio\/denuncian-graves-irregularidades-en-12-de-los-candidatos-a-jueces-que-el-gobierno-envio-al-senado\/"},"wordCount":1013,"publisher":{"@id":"https:\/\/gysfm.com.ar\/inicio\/#organization"},"image":{"@id":"https:\/\/gysfm.com.ar\/inicio\/denuncian-graves-irregularidades-en-12-de-los-candidatos-a-jueces-que-el-gobierno-envio-al-senado\/#primaryimage"},"thumbnailUrl":"https:\/\/gysfm.com.ar\/inicio\/wp-content\/uploads\/2026\/04\/javier-milei-2223985.png","articleSection":["NACIONALES"],"inLanguage":"es"},{"@type":"WebPage","@id":"https:\/\/gysfm.com.ar\/inicio\/denuncian-graves-irregularidades-en-12-de-los-candidatos-a-jueces-que-el-gobierno-envio-al-senado\/","url":"https:\/\/gysfm.com.ar\/inicio\/denuncian-graves-irregularidades-en-12-de-los-candidatos-a-jueces-que-el-gobierno-envio-al-senado\/","name":"Denuncian graves irregularidades en 12 de los candidatos a jueces que el Gobierno envi\u00f3 al Senado - GYS NOTICIAS |","isPartOf":{"@id":"https:\/\/gysfm.com.ar\/inicio\/#website"},"primaryImageOfPage":{"@id":"https:\/\/gysfm.com.ar\/inicio\/denuncian-graves-irregularidades-en-12-de-los-candidatos-a-jueces-que-el-gobierno-envio-al-senado\/#primaryimage"},"image":{"@id":"https:\/\/gysfm.com.ar\/inicio\/denuncian-graves-irregularidades-en-12-de-los-candidatos-a-jueces-que-el-gobierno-envio-al-senado\/#primaryimage"},"thumbnailUrl":"https:\/\/gysfm.com.ar\/inicio\/wp-content\/uploads\/2026\/04\/javier-milei-2223985.png","datePublished":"2026-04-30T22:45:14+00:00","breadcrumb":{"@id":"https:\/\/gysfm.com.ar\/inicio\/denuncian-graves-irregularidades-en-12-de-los-candidatos-a-jueces-que-el-gobierno-envio-al-senado\/#breadcrumb"},"inLanguage":"es","potentialAction":[{"@type":"ReadAction","target":["https:\/\/gysfm.com.ar\/inicio\/denuncian-graves-irregularidades-en-12-de-los-candidatos-a-jueces-que-el-gobierno-envio-al-senado\/"]}]},{"@type":"ImageObject","inLanguage":"es","@id":"https:\/\/gysfm.com.ar\/inicio\/denuncian-graves-irregularidades-en-12-de-los-candidatos-a-jueces-que-el-gobierno-envio-al-senado\/#primaryimage","url":"https:\/\/gysfm.com.ar\/inicio\/wp-content\/uploads\/2026\/04\/javier-milei-2223985.png","contentUrl":"https:\/\/gysfm.com.ar\/inicio\/wp-content\/uploads\/2026\/04\/javier-milei-2223985.png","width":1140,"height":641},{"@type":"BreadcrumbList","@id":"https:\/\/gysfm.com.ar\/inicio\/denuncian-graves-irregularidades-en-12-de-los-candidatos-a-jueces-que-el-gobierno-envio-al-senado\/#breadcrumb","itemListElement":[{"@type":"ListItem","position":1,"name":"Portada","item":"https:\/\/gysfm.com.ar\/inicio\/"},{"@type":"ListItem","position":2,"name":"Denuncian graves irregularidades en 12 de los candidatos a jueces que el Gobierno envi\u00f3 al Senado"}]},{"@type":"WebSite","@id":"https:\/\/gysfm.com.ar\/inicio\/#website","url":"https:\/\/gysfm.com.ar\/inicio\/","name":"GYS NOTICIAS |","description":"DIARIO - RADIO ONLINE SAN JUAN ARGENTINA","publisher":{"@id":"https:\/\/gysfm.com.ar\/inicio\/#organization"},"potentialAction":[{"@type":"SearchAction","target":{"@type":"EntryPoint","urlTemplate":"https:\/\/gysfm.com.ar\/inicio\/?s={search_term_string}"},"query-input":{"@type":"PropertyValueSpecification","valueRequired":true,"valueName":"search_term_string"}}],"inLanguage":"es"},{"@type":"Organization","@id":"https:\/\/gysfm.com.ar\/inicio\/#organization","name":"GYS NOTICIAS |","url":"https:\/\/gysfm.com.ar\/inicio\/","logo":{"@type":"ImageObject","inLanguage":"es","@id":"https:\/\/gysfm.com.ar\/inicio\/#\/schema\/logo\/image\/","url":"https:\/\/gysfm.com.ar\/inicio\/wp-content\/uploads\/2023\/07\/LOGOGYS-OK.png","contentUrl":"https:\/\/gysfm.com.ar\/inicio\/wp-content\/uploads\/2023\/07\/LOGOGYS-OK.png","width":1170,"height":872,"caption":"GYS NOTICIAS |"},"image":{"@id":"https:\/\/gysfm.com.ar\/inicio\/#\/schema\/logo\/image\/"}},{"@type":"Person","@id":"https:\/\/gysfm.com.ar\/inicio\/#\/schema\/person\/3abba7593ef2ad19e1be221d54383dc5","name":"Prensa G&amp;S FM","image":{"@type":"ImageObject","inLanguage":"es","@id":"https:\/\/gysfm.com.ar\/inicio\/#\/schema\/person\/image\/","url":"https:\/\/secure.gravatar.com\/avatar\/096ec78df02049ab018702bb4ccedf659377fa92a26540b5247612077a0dbd29?s=96&d=mm&r=g","contentUrl":"https:\/\/secure.gravatar.com\/avatar\/096ec78df02049ab018702bb4ccedf659377fa92a26540b5247612077a0dbd29?s=96&d=mm&r=g","caption":"Prensa G&amp;S FM"},"sameAs":["https:\/\/gysfm.com.ar\/"],"url":"https:\/\/gysfm.com.ar\/inicio\/author\/lucasm\/"}]}},"_links":{"self":[{"href":"https:\/\/gysfm.com.ar\/inicio\/wp-json\/wp\/v2\/posts\/193968","targetHints":{"allow":["GET"]}}],"collection":[{"href":"https:\/\/gysfm.com.ar\/inicio\/wp-json\/wp\/v2\/posts"}],"about":[{"href":"https:\/\/gysfm.com.ar\/inicio\/wp-json\/wp\/v2\/types\/post"}],"author":[{"embeddable":true,"href":"https:\/\/gysfm.com.ar\/inicio\/wp-json\/wp\/v2\/users\/2"}],"replies":[{"embeddable":true,"href":"https:\/\/gysfm.com.ar\/inicio\/wp-json\/wp\/v2\/comments?post=193968"}],"version-history":[{"count":0,"href":"https:\/\/gysfm.com.ar\/inicio\/wp-json\/wp\/v2\/posts\/193968\/revisions"}],"wp:featuredmedia":[{"embeddable":true,"href":"https:\/\/gysfm.com.ar\/inicio\/wp-json\/wp\/v2\/media\/193969"}],"wp:attachment":[{"href":"https:\/\/gysfm.com.ar\/inicio\/wp-json\/wp\/v2\/media?parent=193968"}],"wp:term":[{"taxonomy":"category","embeddable":true,"href":"https:\/\/gysfm.com.ar\/inicio\/wp-json\/wp\/v2\/categories?post=193968"},{"taxonomy":"post_tag","embeddable":true,"href":"https:\/\/gysfm.com.ar\/inicio\/wp-json\/wp\/v2\/tags?post=193968"}],"curies":[{"name":"wp","href":"https:\/\/api.w.org\/{rel}","templated":true}]}}