{"id":193965,"date":"2026-04-30T19:42:03","date_gmt":"2026-04-30T22:42:03","guid":{"rendered":"https:\/\/gysfm.com.ar\/inicio\/el-gobierno-analiza-aumentar-el-boleto-de-colectivos-en-el-amba-y-girara-fondos-para-aliviar-la-caida-de-frecuencias\/"},"modified":"2026-04-30T19:42:05","modified_gmt":"2026-04-30T22:42:05","slug":"el-gobierno-analiza-aumentar-el-boleto-de-colectivos-en-el-amba-y-girara-fondos-para-aliviar-la-caida-de-frecuencias","status":"publish","type":"post","link":"https:\/\/gysfm.com.ar\/inicio\/el-gobierno-analiza-aumentar-el-boleto-de-colectivos-en-el-amba-y-girara-fondos-para-aliviar-la-caida-de-frecuencias\/","title":{"rendered":"El Gobierno analiza aumentar el boleto de colectivos en el AMBA y girar\u00e1 fondos para aliviar la ca\u00edda de frecuencias"},"content":{"rendered":"<p><\/p>\n<div>\n<p class=\"com-paragraph  --capital --s\">El Gobierno avanzar\u00e1 con un<strong> giro de fondos a las empresas de colectivos<\/strong> que operan en e<strong>l \u00c1rea Metropolitana de Buenos Aires (AMBA)<\/strong> para aliviar la situaci\u00f3n financiera del sector y, en paralelo, abri\u00f3 la puerta a un<strong> aumento del boleto<\/strong>, en medio de la <a href=\"https:\/\/www.lanacion.com.ar\/economia\/boleto-mas-caro-y-menos-colectivos-por-que-se-viaja-cada-vez-peor-en-buenos-aires-nid22042026\/\" target=\"_self\" title=\"https:\/\/www.lanacion.com.ar\/economia\/boleto-mas-caro-y-menos-colectivos-por-que-se-viaja-cada-vez-peor-en-buenos-aires-nid22042026\/\" class=\"com-link break-word\" data-mrf-recirculation=\"n_link_parrafo\"><strong>revisi\u00f3n de los costos del sistema y tras semanas de deterioro en el servicio.<\/strong><\/a><\/p>\n<p class=\"com-paragraph   --s\">La decisi\u00f3n llega luego de que <a href=\"https:\/\/www.lanacion.com.ar\/sociedad\/las-empresas-de-colectivos-del-amba-se-declaran-en-emergencia-y-amenazan-con-volver-a-reducir-nid28042026\/\" target=\"_self\" title=\"https:\/\/www.lanacion.com.ar\/sociedad\/las-empresas-de-colectivos-del-amba-se-declaran-en-emergencia-y-amenazan-con-volver-a-reducir-nid28042026\/\" class=\"com-link break-word\" data-mrf-recirculation=\"n_link_parrafo\">las c\u00e1maras empresarias se declararan en estado de emergencia<\/a> y advirtieran que <strong>podr\u00edan profundizar la reducci\u00f3n de frecuencias si no hab\u00eda respuestas \u201cconcretas, inmediatas y verificables\u201d<\/strong> frente al aumento de costos, en particular por el impacto del gasoil. Esas medidas hab\u00edan generado durante las \u00faltimas semanas largas colas en las principales estaciones de CABA y el malestar de los usuarios por los tiempos de espera en las paradas.<\/p>\n<p class=\"com-paragraph   --s\">Seg\u00fan pudo reconstruir <strong>LA NACION<\/strong> de fuentes que participaron del encuentro, la <strong>Secretar\u00eda de Transporte de la Naci\u00f3n<\/strong> prev\u00e9 una transferencia de <strong>$56.000 millones<\/strong>, que se sumar\u00e1 a los pagos realizados por la provincia de Buenos Aires. En el sector estiman que la deuda total con las empresas ronda los <strong>$128.000 millones<\/strong>, incluyendo compromisos vinculados al atributo social. <\/p>\n<p class=\"com-paragraph   --s\">En ese marco, la provincia acredit\u00f3 <strong>$30.000 millones<\/strong> en la jornada, mientras que la Naci\u00f3n se comprometi\u00f3 a girar su parte. Con estos movimientos, el sistema recibi\u00f3 <strong>$86.000 millones entre pagos y compromisos inmediatos<\/strong>, aunque todav\u00eda quedan montos pendientes correspondientes a compensaciones de los primeros meses del a\u00f1o.<\/p>\n<p class=\"com-paragraph   --s\">A principios de abril, el sistema registr\u00f3 una ca\u00edda de alrededor del <strong>20% en las frecuencias por el aumento en el precio del gasoil en el marco de los efectos de la guerra en Medio Oriente<\/strong>.<\/p>\n<p class=\"com-paragraph   --s\">Es en ese marco que se pact\u00f3 para este jueves una reuni\u00f3n encabezada por autoridades del \u00e1rea de infraestructura y transporte del Ministerio de Econom\u00eda con las c\u00e1maras empresarias, que se extendi\u00f3 durante m\u00e1s de una hora y media. All\u00ed se acord\u00f3 sostener mesas t\u00e9cnicas permanentes, con al menos dos encuentros previstos para mayo, y retomar instancias de trabajo espec\u00edficas con cada c\u00e1mara para analizar la situaci\u00f3n de las empresas.<\/p>\n<div class=\"content-media\">\n<section role=\"button\" class=\"mod-media   \">\n<figure role=\"button\" tabindex=\"0\" class=\"mod-figure \"><figcaption class=\"mod-figcaption\"><span class=\"com-text --caption --twoxs\">La decisi\u00f3n llega luego de que las c\u00e1maras empresarias se declararan en estado de emergencia y advirtieran que podr\u00edan profundizar la reducci\u00f3n de frecuencias<\/span><span class=\"com-text --credit --twoxs\">Hernan Zenteno &#8211; La Nacion<\/span><\/figcaption><\/figure>\n<\/section>\n<\/div>\n<p class=\"com-paragraph   --s\">La reuni\u00f3n fue la primera del flamante secretario de Transporte, <strong>Mariano Plencovich<\/strong>, tras los cambios en el \u00e1rea que siguieron a la renuncia de <strong>Carlos Frugoni<\/strong>. Seg\u00fan coincidieron fuentes del sector, el funcionario tiene una recepci\u00f3n favorable entre los empresarios del AMBA, que destacan su perfil t\u00e9cnico y su experiencia previa.<\/p>\n<p class=\"com-paragraph   --s\">Uno de los puntos centrales fue la <strong>estructura de costos del transporte<\/strong>, afectada por el aumento del gasoil y por cambios en los patrones de movilidad. \u201cEstamos evaluando la situaci\u00f3n y se definir\u00e1 pr\u00f3ximamente\u201d, se\u00f1alaron fuentes de la Secretar\u00eda de Transporte ante la consulta sobre un eventual ajuste tarifario. Desde el organismo evitaron dar precisiones sobre plazos o porcentajes, aunque confirmaron que la revisi\u00f3n est\u00e1 en curso.<\/p>\n<p class=\"com-paragraph   --s\">En el sector interpretan que esa revisi\u00f3n ser\u00e1 determinante: si el Gobierno no ampl\u00eda el nivel de subsidios,<strong> la actualizaci\u00f3n del boleto aparece como la principal variable de ajuste para sostener el sistema<\/strong>, en un contexto de restricciones fiscales.<\/p>\n<p class=\"com-paragraph   --s\">Las empresas, por su parte, <strong>se comprometieron a normalizar las frecuencias en el corto plazo tras la regularizaci\u00f3n parcial de pagos.<\/strong> Sin embargo, advirtieron que la situaci\u00f3n sigue siendo \u201ccr\u00edtica\u201d por la brecha entre ingresos y costos y reclamaron definiciones sobre c\u00f3mo se reconocer\u00e1n los mayores gastos operativos.<\/p>\n<p class=\"com-paragraph   --s\">La discusi\u00f3n tarifaria se da, adem\u00e1s, en un <strong>esquema fragmentado dentro del AMBA<\/strong>. Las l\u00edneas que dependen de la Ciudad (circulan s\u00f3lo en CABA) y la provincia de Buenos Aires (circulan solo en el Conurbano, de n\u00famero 200 en adelante) ya cuentan con una f\u00f3rmula de actualizaci\u00f3n mensual atada a la inflaci\u00f3n m\u00e1s dos puntos porcentuales, lo que <strong>anticipa para mayo un ajuste del 5,4% en esas compa\u00f1\u00edas.<\/strong><\/p>\n<p class=\"com-paragraph   --s\">En cambio, las l\u00edneas de jurisdicci\u00f3n nacional \u2014m\u00e1s de un centenar que conectan la Ciudad con el conurbano\u2014 <strong>a\u00fan no tienen una definici\u00f3n oficial sobre el pr\u00f3ximo incremento<\/strong>. En el sector descuentan que, de haber cambios, podr\u00edan aplicarse a mitad de mes, como en ocasiones anteriores, para moderar su impacto en el IPC que mide el Indec.<\/p>\n<p class=\"com-paragraph   --s\">Hoy, el boleto m\u00ednimo presenta diferencias seg\u00fan la jurisdicci\u00f3n: <strong>$700 en l\u00edneas nacionales, $715 en la Ciudad y $871 en la provincia<\/strong>, siempre con SUBE registrada. La eventual decisi\u00f3n del Gobierno buscar\u00e1 reordenar ese esquema en funci\u00f3n de los costos actualizados, en un sistema que combina subsidios y tarifas reguladas.<\/p>\n<section class=\"container-center-100 mb-40 border border-bottom border-thin border-neutral-light-700\">\n<hr\/>\n<\/section>\n<\/div>\n<p><script id=\"facebookpixel\" defer=\"\" type=\"text\/javascript\">\n        !function(f,b,e,v,n,t,s)\n        {if(f.fbq)return;n=f.fbq=function(){n.callMethod?\n        n.callMethod.apply(n,arguments):n.queue.push(arguments)};\n        if(!f._fbq)f._fbq=n;n.push=n;n.loaded=!0;n.version='2.0';\n        n.queue=[];t=b.createElement(e);t.async=!0;\n        t.src=v;s=b.getElementsByTagName(e)[0];\n        s.parentNode.insertBefore(t,s)}(window, document,'script',\n        'https:\/\/connect.facebook.net\/en_US\/fbevents.js');\n        fbq('init', '492459597522335');\n        fbq('track', 'PageView');\n    <\/script><\/p>\n","protected":false},"excerpt":{"rendered":"<p>El Gobierno avanzar\u00e1 con un giro de fondos a las empresas de colectivos que operan en el \u00c1rea Metropolitana de Buenos Aires (AMBA) para aliviar la situaci\u00f3n financiera del sector y, en paralelo, abri\u00f3 la puerta a un aumento del boleto, en medio de la revisi\u00f3n de los costos del sistema y tras semanas de [&hellip;]<\/p>\n","protected":false},"author":1,"featured_media":193966,"comment_status":"closed","ping_status":"closed","sticky":false,"template":"","format":"standard","meta":{"footnotes":""},"categories":[28],"tags":[],"class_list":["post-193965","post","type-post","status-publish","format-standard","has-post-thumbnail","hentry","category-economia"],"yoast_head":"<!-- This site is optimized with the Yoast SEO plugin v24.4 - https:\/\/yoast.com\/wordpress\/plugins\/seo\/ -->\n<title>El Gobierno analiza aumentar el boleto de colectivos en el AMBA y girar\u00e1 fondos para aliviar la ca\u00edda de frecuencias - GYS NOTICIAS |<\/title>\n<meta name=\"robots\" content=\"index, follow, max-snippet:-1, max-image-preview:large, max-video-preview:-1\" \/>\n<link rel=\"canonical\" href=\"https:\/\/gysfm.com.ar\/inicio\/el-gobierno-analiza-aumentar-el-boleto-de-colectivos-en-el-amba-y-girara-fondos-para-aliviar-la-caida-de-frecuencias\/\" \/>\n<meta property=\"og:locale\" content=\"es_ES\" \/>\n<meta property=\"og:type\" content=\"article\" \/>\n<meta property=\"og:title\" content=\"El Gobierno analiza aumentar el boleto de colectivos en el AMBA y girar\u00e1 fondos para aliviar la ca\u00edda de frecuencias - GYS NOTICIAS |\" \/>\n<meta property=\"og:description\" content=\"El Gobierno avanzar\u00e1 con un giro de fondos a las empresas de colectivos que operan en el \u00c1rea Metropolitana de Buenos Aires (AMBA) para aliviar la situaci\u00f3n financiera del sector y, en paralelo, abri\u00f3 la puerta a un aumento del boleto, en medio de la revisi\u00f3n de los costos del sistema y tras semanas de [&hellip;]\" \/>\n<meta property=\"og:url\" content=\"https:\/\/gysfm.com.ar\/inicio\/el-gobierno-analiza-aumentar-el-boleto-de-colectivos-en-el-amba-y-girara-fondos-para-aliviar-la-caida-de-frecuencias\/\" \/>\n<meta property=\"og:site_name\" content=\"GYS NOTICIAS |\" \/>\n<meta property=\"article:published_time\" content=\"2026-04-30T22:42:03+00:00\" \/>\n<meta property=\"article:modified_time\" content=\"2026-04-30T22:42:05+00:00\" \/>\n<meta property=\"og:image\" content=\"https:\/\/gysfm.com.ar\/inicio\/wp-content\/uploads\/2026\/04\/pasajeros-hacen-fila-para-tomar-un-colectivo-en-52WO64CPIZBBTOZTTT6UAQDUB4.JPG\" \/>\n\t<meta property=\"og:image:width\" content=\"1200\" \/>\n\t<meta property=\"og:image:height\" content=\"800\" \/>\n\t<meta property=\"og:image:type\" content=\"image\/jpeg\" \/>\n<meta name=\"author\" content=\"admin\" \/>\n<meta name=\"twitter:card\" content=\"summary_large_image\" \/>\n<meta name=\"twitter:label1\" content=\"Escrito por\" \/>\n\t<meta name=\"twitter:data1\" content=\"admin\" \/>\n\t<meta name=\"twitter:label2\" content=\"Tiempo de lectura\" \/>\n\t<meta name=\"twitter:data2\" content=\"4 minutos\" \/>\n<script type=\"application\/ld+json\" class=\"yoast-schema-graph\">{\"@context\":\"https:\/\/schema.org\",\"@graph\":[{\"@type\":\"Article\",\"@id\":\"https:\/\/gysfm.com.ar\/inicio\/el-gobierno-analiza-aumentar-el-boleto-de-colectivos-en-el-amba-y-girara-fondos-para-aliviar-la-caida-de-frecuencias\/#article\",\"isPartOf\":{\"@id\":\"https:\/\/gysfm.com.ar\/inicio\/el-gobierno-analiza-aumentar-el-boleto-de-colectivos-en-el-amba-y-girara-fondos-para-aliviar-la-caida-de-frecuencias\/\"},\"author\":{\"name\":\"admin\",\"@id\":\"https:\/\/gysfm.com.ar\/inicio\/#\/schema\/person\/5bedd7ecd35cc35548d89effafa23696\"},\"headline\":\"El Gobierno analiza aumentar el boleto de colectivos en el AMBA y girar\u00e1 fondos para aliviar la ca\u00edda de frecuencias\",\"datePublished\":\"2026-04-30T22:42:03+00:00\",\"dateModified\":\"2026-04-30T22:42:05+00:00\",\"mainEntityOfPage\":{\"@id\":\"https:\/\/gysfm.com.ar\/inicio\/el-gobierno-analiza-aumentar-el-boleto-de-colectivos-en-el-amba-y-girara-fondos-para-aliviar-la-caida-de-frecuencias\/\"},\"wordCount\":832,\"publisher\":{\"@id\":\"https:\/\/gysfm.com.ar\/inicio\/#organization\"},\"image\":{\"@id\":\"https:\/\/gysfm.com.ar\/inicio\/el-gobierno-analiza-aumentar-el-boleto-de-colectivos-en-el-amba-y-girara-fondos-para-aliviar-la-caida-de-frecuencias\/#primaryimage\"},\"thumbnailUrl\":\"https:\/\/gysfm.com.ar\/inicio\/wp-content\/uploads\/2026\/04\/pasajeros-hacen-fila-para-tomar-un-colectivo-en-52WO64CPIZBBTOZTTT6UAQDUB4.JPG\",\"articleSection\":[\"ECONOMIA\"],\"inLanguage\":\"es\"},{\"@type\":\"WebPage\",\"@id\":\"https:\/\/gysfm.com.ar\/inicio\/el-gobierno-analiza-aumentar-el-boleto-de-colectivos-en-el-amba-y-girara-fondos-para-aliviar-la-caida-de-frecuencias\/\",\"url\":\"https:\/\/gysfm.com.ar\/inicio\/el-gobierno-analiza-aumentar-el-boleto-de-colectivos-en-el-amba-y-girara-fondos-para-aliviar-la-caida-de-frecuencias\/\",\"name\":\"El Gobierno analiza aumentar el boleto de colectivos en el AMBA y girar\u00e1 fondos para aliviar la ca\u00edda de frecuencias - GYS NOTICIAS |\",\"isPartOf\":{\"@id\":\"https:\/\/gysfm.com.ar\/inicio\/#website\"},\"primaryImageOfPage\":{\"@id\":\"https:\/\/gysfm.com.ar\/inicio\/el-gobierno-analiza-aumentar-el-boleto-de-colectivos-en-el-amba-y-girara-fondos-para-aliviar-la-caida-de-frecuencias\/#primaryimage\"},\"image\":{\"@id\":\"https:\/\/gysfm.com.ar\/inicio\/el-gobierno-analiza-aumentar-el-boleto-de-colectivos-en-el-amba-y-girara-fondos-para-aliviar-la-caida-de-frecuencias\/#primaryimage\"},\"thumbnailUrl\":\"https:\/\/gysfm.com.ar\/inicio\/wp-content\/uploads\/2026\/04\/pasajeros-hacen-fila-para-tomar-un-colectivo-en-52WO64CPIZBBTOZTTT6UAQDUB4.JPG\",\"datePublished\":\"2026-04-30T22:42:03+00:00\",\"dateModified\":\"2026-04-30T22:42:05+00:00\",\"breadcrumb\":{\"@id\":\"https:\/\/gysfm.com.ar\/inicio\/el-gobierno-analiza-aumentar-el-boleto-de-colectivos-en-el-amba-y-girara-fondos-para-aliviar-la-caida-de-frecuencias\/#breadcrumb\"},\"inLanguage\":\"es\",\"potentialAction\":[{\"@type\":\"ReadAction\",\"target\":[\"https:\/\/gysfm.com.ar\/inicio\/el-gobierno-analiza-aumentar-el-boleto-de-colectivos-en-el-amba-y-girara-fondos-para-aliviar-la-caida-de-frecuencias\/\"]}]},{\"@type\":\"ImageObject\",\"inLanguage\":\"es\",\"@id\":\"https:\/\/gysfm.com.ar\/inicio\/el-gobierno-analiza-aumentar-el-boleto-de-colectivos-en-el-amba-y-girara-fondos-para-aliviar-la-caida-de-frecuencias\/#primaryimage\",\"url\":\"https:\/\/gysfm.com.ar\/inicio\/wp-content\/uploads\/2026\/04\/pasajeros-hacen-fila-para-tomar-un-colectivo-en-52WO64CPIZBBTOZTTT6UAQDUB4.JPG\",\"contentUrl\":\"https:\/\/gysfm.com.ar\/inicio\/wp-content\/uploads\/2026\/04\/pasajeros-hacen-fila-para-tomar-un-colectivo-en-52WO64CPIZBBTOZTTT6UAQDUB4.JPG\",\"width\":1200,\"height\":800},{\"@type\":\"BreadcrumbList\",\"@id\":\"https:\/\/gysfm.com.ar\/inicio\/el-gobierno-analiza-aumentar-el-boleto-de-colectivos-en-el-amba-y-girara-fondos-para-aliviar-la-caida-de-frecuencias\/#breadcrumb\",\"itemListElement\":[{\"@type\":\"ListItem\",\"position\":1,\"name\":\"Portada\",\"item\":\"https:\/\/gysfm.com.ar\/inicio\/\"},{\"@type\":\"ListItem\",\"position\":2,\"name\":\"El Gobierno analiza aumentar el boleto de colectivos en el AMBA y girar\u00e1 fondos para aliviar la ca\u00edda de frecuencias\"}]},{\"@type\":\"WebSite\",\"@id\":\"https:\/\/gysfm.com.ar\/inicio\/#website\",\"url\":\"https:\/\/gysfm.com.ar\/inicio\/\",\"name\":\"GYS NOTICIAS |\",\"description\":\"DIARIO - RADIO ONLINE SAN JUAN ARGENTINA\",\"publisher\":{\"@id\":\"https:\/\/gysfm.com.ar\/inicio\/#organization\"},\"potentialAction\":[{\"@type\":\"SearchAction\",\"target\":{\"@type\":\"EntryPoint\",\"urlTemplate\":\"https:\/\/gysfm.com.ar\/inicio\/?s={search_term_string}\"},\"query-input\":{\"@type\":\"PropertyValueSpecification\",\"valueRequired\":true,\"valueName\":\"search_term_string\"}}],\"inLanguage\":\"es\"},{\"@type\":\"Organization\",\"@id\":\"https:\/\/gysfm.com.ar\/inicio\/#organization\",\"name\":\"GYS NOTICIAS |\",\"url\":\"https:\/\/gysfm.com.ar\/inicio\/\",\"logo\":{\"@type\":\"ImageObject\",\"inLanguage\":\"es\",\"@id\":\"https:\/\/gysfm.com.ar\/inicio\/#\/schema\/logo\/image\/\",\"url\":\"https:\/\/gysfm.com.ar\/inicio\/wp-content\/uploads\/2023\/07\/LOGOGYS-OK.png\",\"contentUrl\":\"https:\/\/gysfm.com.ar\/inicio\/wp-content\/uploads\/2023\/07\/LOGOGYS-OK.png\",\"width\":1170,\"height\":872,\"caption\":\"GYS NOTICIAS |\"},\"image\":{\"@id\":\"https:\/\/gysfm.com.ar\/inicio\/#\/schema\/logo\/image\/\"}},{\"@type\":\"Person\",\"@id\":\"https:\/\/gysfm.com.ar\/inicio\/#\/schema\/person\/5bedd7ecd35cc35548d89effafa23696\",\"name\":\"admin\",\"image\":{\"@type\":\"ImageObject\",\"inLanguage\":\"es\",\"@id\":\"https:\/\/gysfm.com.ar\/inicio\/#\/schema\/person\/image\/\",\"url\":\"https:\/\/secure.gravatar.com\/avatar\/c331d312b5243fb64d5ba28108a447b27c925295129a363082c9ea52c28d32c2?s=96&d=mm&r=g\",\"contentUrl\":\"https:\/\/secure.gravatar.com\/avatar\/c331d312b5243fb64d5ba28108a447b27c925295129a363082c9ea52c28d32c2?s=96&d=mm&r=g\",\"caption\":\"admin\"},\"sameAs\":[\"https:\/\/gysfm.com.ar\/inicio\"],\"url\":\"https:\/\/gysfm.com.ar\/inicio\/author\/admin\/\"}]}<\/script>\n<!-- \/ Yoast SEO plugin. -->","yoast_head_json":{"title":"El Gobierno analiza aumentar el boleto de colectivos en el AMBA y girar\u00e1 fondos para aliviar la ca\u00edda de frecuencias - GYS NOTICIAS |","robots":{"index":"index","follow":"follow","max-snippet":"max-snippet:-1","max-image-preview":"max-image-preview:large","max-video-preview":"max-video-preview:-1"},"canonical":"https:\/\/gysfm.com.ar\/inicio\/el-gobierno-analiza-aumentar-el-boleto-de-colectivos-en-el-amba-y-girara-fondos-para-aliviar-la-caida-de-frecuencias\/","og_locale":"es_ES","og_type":"article","og_title":"El Gobierno analiza aumentar el boleto de colectivos en el AMBA y girar\u00e1 fondos para aliviar la ca\u00edda de frecuencias - GYS NOTICIAS |","og_description":"El Gobierno avanzar\u00e1 con un giro de fondos a las empresas de colectivos que operan en el \u00c1rea Metropolitana de Buenos Aires (AMBA) para aliviar la situaci\u00f3n financiera del sector y, en paralelo, abri\u00f3 la puerta a un aumento del boleto, en medio de la revisi\u00f3n de los costos del sistema y tras semanas de [&hellip;]","og_url":"https:\/\/gysfm.com.ar\/inicio\/el-gobierno-analiza-aumentar-el-boleto-de-colectivos-en-el-amba-y-girara-fondos-para-aliviar-la-caida-de-frecuencias\/","og_site_name":"GYS NOTICIAS |","article_published_time":"2026-04-30T22:42:03+00:00","article_modified_time":"2026-04-30T22:42:05+00:00","og_image":[{"width":1200,"height":800,"url":"https:\/\/gysfm.com.ar\/inicio\/wp-content\/uploads\/2026\/04\/pasajeros-hacen-fila-para-tomar-un-colectivo-en-52WO64CPIZBBTOZTTT6UAQDUB4.JPG","type":"image\/jpeg"}],"author":"admin","twitter_card":"summary_large_image","twitter_misc":{"Escrito por":"admin","Tiempo de lectura":"4 minutos"},"schema":{"@context":"https:\/\/schema.org","@graph":[{"@type":"Article","@id":"https:\/\/gysfm.com.ar\/inicio\/el-gobierno-analiza-aumentar-el-boleto-de-colectivos-en-el-amba-y-girara-fondos-para-aliviar-la-caida-de-frecuencias\/#article","isPartOf":{"@id":"https:\/\/gysfm.com.ar\/inicio\/el-gobierno-analiza-aumentar-el-boleto-de-colectivos-en-el-amba-y-girara-fondos-para-aliviar-la-caida-de-frecuencias\/"},"author":{"name":"admin","@id":"https:\/\/gysfm.com.ar\/inicio\/#\/schema\/person\/5bedd7ecd35cc35548d89effafa23696"},"headline":"El Gobierno analiza aumentar el boleto de colectivos en el AMBA y girar\u00e1 fondos para aliviar la ca\u00edda de frecuencias","datePublished":"2026-04-30T22:42:03+00:00","dateModified":"2026-04-30T22:42:05+00:00","mainEntityOfPage":{"@id":"https:\/\/gysfm.com.ar\/inicio\/el-gobierno-analiza-aumentar-el-boleto-de-colectivos-en-el-amba-y-girara-fondos-para-aliviar-la-caida-de-frecuencias\/"},"wordCount":832,"publisher":{"@id":"https:\/\/gysfm.com.ar\/inicio\/#organization"},"image":{"@id":"https:\/\/gysfm.com.ar\/inicio\/el-gobierno-analiza-aumentar-el-boleto-de-colectivos-en-el-amba-y-girara-fondos-para-aliviar-la-caida-de-frecuencias\/#primaryimage"},"thumbnailUrl":"https:\/\/gysfm.com.ar\/inicio\/wp-content\/uploads\/2026\/04\/pasajeros-hacen-fila-para-tomar-un-colectivo-en-52WO64CPIZBBTOZTTT6UAQDUB4.JPG","articleSection":["ECONOMIA"],"inLanguage":"es"},{"@type":"WebPage","@id":"https:\/\/gysfm.com.ar\/inicio\/el-gobierno-analiza-aumentar-el-boleto-de-colectivos-en-el-amba-y-girara-fondos-para-aliviar-la-caida-de-frecuencias\/","url":"https:\/\/gysfm.com.ar\/inicio\/el-gobierno-analiza-aumentar-el-boleto-de-colectivos-en-el-amba-y-girara-fondos-para-aliviar-la-caida-de-frecuencias\/","name":"El Gobierno analiza aumentar el boleto de colectivos en el AMBA y girar\u00e1 fondos para aliviar la ca\u00edda de frecuencias - GYS NOTICIAS |","isPartOf":{"@id":"https:\/\/gysfm.com.ar\/inicio\/#website"},"primaryImageOfPage":{"@id":"https:\/\/gysfm.com.ar\/inicio\/el-gobierno-analiza-aumentar-el-boleto-de-colectivos-en-el-amba-y-girara-fondos-para-aliviar-la-caida-de-frecuencias\/#primaryimage"},"image":{"@id":"https:\/\/gysfm.com.ar\/inicio\/el-gobierno-analiza-aumentar-el-boleto-de-colectivos-en-el-amba-y-girara-fondos-para-aliviar-la-caida-de-frecuencias\/#primaryimage"},"thumbnailUrl":"https:\/\/gysfm.com.ar\/inicio\/wp-content\/uploads\/2026\/04\/pasajeros-hacen-fila-para-tomar-un-colectivo-en-52WO64CPIZBBTOZTTT6UAQDUB4.JPG","datePublished":"2026-04-30T22:42:03+00:00","dateModified":"2026-04-30T22:42:05+00:00","breadcrumb":{"@id":"https:\/\/gysfm.com.ar\/inicio\/el-gobierno-analiza-aumentar-el-boleto-de-colectivos-en-el-amba-y-girara-fondos-para-aliviar-la-caida-de-frecuencias\/#breadcrumb"},"inLanguage":"es","potentialAction":[{"@type":"ReadAction","target":["https:\/\/gysfm.com.ar\/inicio\/el-gobierno-analiza-aumentar-el-boleto-de-colectivos-en-el-amba-y-girara-fondos-para-aliviar-la-caida-de-frecuencias\/"]}]},{"@type":"ImageObject","inLanguage":"es","@id":"https:\/\/gysfm.com.ar\/inicio\/el-gobierno-analiza-aumentar-el-boleto-de-colectivos-en-el-amba-y-girara-fondos-para-aliviar-la-caida-de-frecuencias\/#primaryimage","url":"https:\/\/gysfm.com.ar\/inicio\/wp-content\/uploads\/2026\/04\/pasajeros-hacen-fila-para-tomar-un-colectivo-en-52WO64CPIZBBTOZTTT6UAQDUB4.JPG","contentUrl":"https:\/\/gysfm.com.ar\/inicio\/wp-content\/uploads\/2026\/04\/pasajeros-hacen-fila-para-tomar-un-colectivo-en-52WO64CPIZBBTOZTTT6UAQDUB4.JPG","width":1200,"height":800},{"@type":"BreadcrumbList","@id":"https:\/\/gysfm.com.ar\/inicio\/el-gobierno-analiza-aumentar-el-boleto-de-colectivos-en-el-amba-y-girara-fondos-para-aliviar-la-caida-de-frecuencias\/#breadcrumb","itemListElement":[{"@type":"ListItem","position":1,"name":"Portada","item":"https:\/\/gysfm.com.ar\/inicio\/"},{"@type":"ListItem","position":2,"name":"El Gobierno analiza aumentar el boleto de colectivos en el AMBA y girar\u00e1 fondos para aliviar la ca\u00edda de frecuencias"}]},{"@type":"WebSite","@id":"https:\/\/gysfm.com.ar\/inicio\/#website","url":"https:\/\/gysfm.com.ar\/inicio\/","name":"GYS NOTICIAS |","description":"DIARIO - RADIO ONLINE SAN JUAN ARGENTINA","publisher":{"@id":"https:\/\/gysfm.com.ar\/inicio\/#organization"},"potentialAction":[{"@type":"SearchAction","target":{"@type":"EntryPoint","urlTemplate":"https:\/\/gysfm.com.ar\/inicio\/?s={search_term_string}"},"query-input":{"@type":"PropertyValueSpecification","valueRequired":true,"valueName":"search_term_string"}}],"inLanguage":"es"},{"@type":"Organization","@id":"https:\/\/gysfm.com.ar\/inicio\/#organization","name":"GYS NOTICIAS |","url":"https:\/\/gysfm.com.ar\/inicio\/","logo":{"@type":"ImageObject","inLanguage":"es","@id":"https:\/\/gysfm.com.ar\/inicio\/#\/schema\/logo\/image\/","url":"https:\/\/gysfm.com.ar\/inicio\/wp-content\/uploads\/2023\/07\/LOGOGYS-OK.png","contentUrl":"https:\/\/gysfm.com.ar\/inicio\/wp-content\/uploads\/2023\/07\/LOGOGYS-OK.png","width":1170,"height":872,"caption":"GYS NOTICIAS |"},"image":{"@id":"https:\/\/gysfm.com.ar\/inicio\/#\/schema\/logo\/image\/"}},{"@type":"Person","@id":"https:\/\/gysfm.com.ar\/inicio\/#\/schema\/person\/5bedd7ecd35cc35548d89effafa23696","name":"admin","image":{"@type":"ImageObject","inLanguage":"es","@id":"https:\/\/gysfm.com.ar\/inicio\/#\/schema\/person\/image\/","url":"https:\/\/secure.gravatar.com\/avatar\/c331d312b5243fb64d5ba28108a447b27c925295129a363082c9ea52c28d32c2?s=96&d=mm&r=g","contentUrl":"https:\/\/secure.gravatar.com\/avatar\/c331d312b5243fb64d5ba28108a447b27c925295129a363082c9ea52c28d32c2?s=96&d=mm&r=g","caption":"admin"},"sameAs":["https:\/\/gysfm.com.ar\/inicio"],"url":"https:\/\/gysfm.com.ar\/inicio\/author\/admin\/"}]}},"_links":{"self":[{"href":"https:\/\/gysfm.com.ar\/inicio\/wp-json\/wp\/v2\/posts\/193965","targetHints":{"allow":["GET"]}}],"collection":[{"href":"https:\/\/gysfm.com.ar\/inicio\/wp-json\/wp\/v2\/posts"}],"about":[{"href":"https:\/\/gysfm.com.ar\/inicio\/wp-json\/wp\/v2\/types\/post"}],"author":[{"embeddable":true,"href":"https:\/\/gysfm.com.ar\/inicio\/wp-json\/wp\/v2\/users\/1"}],"replies":[{"embeddable":true,"href":"https:\/\/gysfm.com.ar\/inicio\/wp-json\/wp\/v2\/comments?post=193965"}],"version-history":[{"count":1,"href":"https:\/\/gysfm.com.ar\/inicio\/wp-json\/wp\/v2\/posts\/193965\/revisions"}],"predecessor-version":[{"id":193967,"href":"https:\/\/gysfm.com.ar\/inicio\/wp-json\/wp\/v2\/posts\/193965\/revisions\/193967"}],"wp:featuredmedia":[{"embeddable":true,"href":"https:\/\/gysfm.com.ar\/inicio\/wp-json\/wp\/v2\/media\/193966"}],"wp:attachment":[{"href":"https:\/\/gysfm.com.ar\/inicio\/wp-json\/wp\/v2\/media?parent=193965"}],"wp:term":[{"taxonomy":"category","embeddable":true,"href":"https:\/\/gysfm.com.ar\/inicio\/wp-json\/wp\/v2\/categories?post=193965"},{"taxonomy":"post_tag","embeddable":true,"href":"https:\/\/gysfm.com.ar\/inicio\/wp-json\/wp\/v2\/tags?post=193965"}],"curies":[{"name":"wp","href":"https:\/\/api.w.org\/{rel}","templated":true}]}}