{"id":193958,"date":"2026-04-30T18:57:48","date_gmt":"2026-04-30T21:57:48","guid":{"rendered":"https:\/\/gysfm.com.ar\/inicio\/blindado-por-milei-adorni-atraveso-su-prueba-de-fuego-en-diputados-sin-quedar-contra-las-cuerdas\/"},"modified":"2026-04-30T18:57:48","modified_gmt":"2026-04-30T21:57:48","slug":"blindado-por-milei-adorni-atraveso-su-prueba-de-fuego-en-diputados-sin-quedar-contra-las-cuerdas","status":"publish","type":"post","link":"https:\/\/gysfm.com.ar\/inicio\/blindado-por-milei-adorni-atraveso-su-prueba-de-fuego-en-diputados-sin-quedar-contra-las-cuerdas\/","title":{"rendered":"Blindado por Milei, Adorni atraves\u00f3 su prueba de fuego en Diputados sin quedar contra las cuerdas"},"content":{"rendered":"<p><\/p>\n<div id=\"article-content\">\n<p><a target=\"_blank\" href=\"https:\/\/www.perfil.com\/noticias\/politica\/segui-en-vivo-el-interrogatorio-a-manuel-adorni-el-congreso.phtml\"><strong>Manuel Adorni<\/strong><\/a> atraves\u00f3 este mi\u00e9rcoles la jornada m\u00e1s delicada desde que lleg\u00f3 a la Jefatura de Gabinete y sali\u00f3 pol\u00edticamente sin grandes da\u00f1os. En un Congreso transformado desde temprano en escenario de m\u00e1xima tensi\u00f3n, con vallados, controles reforzados, militancia libertaria en los palcos y <strong><a target=\"_blank\" href=\"https:\/\/www.perfil.com\/noticias\/economia\/javier-milei-habla-en-el-cierre-de-la-expo-efi-2026-en-la-ciudad-de-buenos-aires.phtml\">Javier Milei<\/a> <\/strong>sentado como espectador de lujo junto a <strong><a target=\"_blank\" href=\"https:\/\/www.perfil.com\/noticias\/politica\/tranquilidad-en-la-libertad-avanza-los-libertarios-estan-conformes-con-la-performance-de-manuel-adorni.phtml\">Karina<\/a> Milei<\/strong> y todo su Gabinete, el funcionario super\u00f3 su primer informe de gesti\u00f3n en Diputados sin quedar verdaderamente contra las cuerdas, pese a la presi\u00f3n opositora y al c\u00famulo de denuncias que pesan sobre su patrimonio.<\/p>\n<p>La sesi\u00f3n, que en la previa hab\u00eda sido presentada por el propio <strong>Mart\u00edn Menem<\/strong> como una jornada para \u201ccomprar pochoclos\u201d, termin\u00f3 lejos del desborde prometido. Hubo chicanas, gritos aislados, cruces puntuales y momentos de tensi\u00f3n, pero el oficialismo logr\u00f3 que la escena se mantuviera dentro de un marco controlado, sin que la oposici\u00f3n consiguiera quebrar el libreto que el Gobierno hab\u00eda dise\u00f1ado para blindar a uno de sus funcionarios m\u00e1s cuestionados.<\/p>\n<h2><strong>Un Congreso blindado para el debut m\u00e1s sensible de Adorni<\/strong><\/h2>\n<p>La transformaci\u00f3n del Palacio Legislativo comenz\u00f3 mucho antes de que se abriera la sesi\u00f3n. Desde temprano, el Congreso amaneci\u00f3 vallado con un operativo de seguridad muy superior al habitual para un mi\u00e9rcoles de actividad parlamentaria. Hubo calles cortadas, un amplio despliegue de Gendarmer\u00eda en el per\u00edmetro y <strong>fuerte presencia de Casa Militar dentro del recinto.<\/strong><\/p>\n<div class=\"subscription\">\n<p>\n        Esto no les gusta a los autoritarios\n    <\/p>\n<div class=\"subscription__container\">\n<div class=\"subscription__text-wrapper\">\n<p>\n                El ejercicio del periodismo profesional y cr\u00edtico es un pilar fundamental de la democracia. Por eso molesta a quienes creen ser los due\u00f1os de la verdad.\n            <\/p>\n<\/p><\/div><\/div>\n<\/div>\n<div style=\"text-align:center\">\n<figure class=\"image\" style=\"display:inline-block\"><picture><source media=\"(max-width: 440px)\" srcset=\"https:\/\/fotos.perfil.com\/\/2026\/04\/29\/440\/0\/congreso-diputados-29042026-2230443.jpg?webp\"\/><source media=\"(max-width: 1019px)\" srcset=\"https:\/\/fotos.perfil.com\/\/2026\/04\/29\/712\/0\/congreso-diputados-29042026-2230443.jpg?webp\"\/><img decoding=\"async\" style=\"max-width: 100%; width: 100%;\" alt=\"Congreso Diputados 29042026\" height=\"500\" src=\"https:\/\/fotos.perfil.com\/\/2026\/04\/29\/900\/0\/congreso-diputados-29042026-2230443.jpg?webp\" width=\"728\" loading=\"lazy\"\/><\/picture><figcaption>Mart\u00edn Menem<\/figcaption><\/figure>\n<\/p><\/div>\n<p>La llegada de Javier Milei, Karina Milei y la plana mayor del Gabinete nacional convirti\u00f3 el ingreso en una postal m\u00e1s cercana a una Asamblea Legislativa que a una sesi\u00f3n informativa ordinaria. Tambi\u00e9n alter\u00f3 la log\u00edstica habitual del Congreso: se mont\u00f3 un sistema de acreditaciones con pulseras de colores para ordenar el acceso de invitados, funcionarios, prensa y militantes, mientras la gran cantidad de asistentes oficialistas oblig\u00f3 a repartir p\u00fablico entre palcos y salones anexos.<\/p>\n<p class=\"destacadoNota\"><a target=\"_blank\" href=\"https:\/\/www.perfil.com\/noticias\/politica\/manuel-adorni-brindo-su-informe-ante-el-congreso-rodeado-por-todo-el-gabinete-nacional-y-legisladores.phtml\">Fuertes controles de seguridad, vallados y chicanas: c\u00f3mo fue la llegada de Adorni y Milei al Congreso<\/a><\/p>\n<p>Adorni lleg\u00f3 a las 8.40, casi dos horas antes de comenzar su exposici\u00f3n. Salud\u00f3 de lejos a la prensa apostada sobre Avenida Rivadavia e ingres\u00f3 directo al edificio, donde lo esperaba Mart\u00edn Menem. Ambos permanecieron reunidos hasta minutos antes del inicio de la sesi\u00f3n. Casi en paralelo, el Gobierno difundi\u00f3 oficialmente el informe escrito: <strong>1935 p\u00e1ginas con respuestas a 2151 preguntas sobre un total de m\u00e1s de 4800 consultas enviadas por diputados<\/strong>. Desde la oposici\u00f3n, la lectura fue inmediata y lapidaria: \u201c<strong>No respondi\u00f3 nada<\/strong>\u201d, repet\u00edan distintos legisladores en los pasillos parlamentarios.<\/p>\n<h2><strong>El \u201cshow\u201d que el oficialismo prepar\u00f3 y la oposici\u00f3n intent\u00f3 desactivar<\/strong><\/h2>\n<p>La puesta en escena libertaria fue evidente desde el arranque. En los palcos se ubicaron Milei y Karina junto a <strong>Luis Caputo<\/strong> y <strong>Sandra Pettovello<\/strong>. Cerca suyo se sentaron <strong>Santiago Caputo<\/strong>, <strong>Federico Sturzenegger, Santiago Bausili, Patricia Bullrich<\/strong> y buena parte de la estructura pol\u00edtica y t\u00e9cnica del Gobierno. Tambi\u00e9n hubo una nutrida presencia de militancia libertaria, asesores e invitados oficialistas, cuya asistencia hab\u00eda generado reclamos opositores durante toda la previa.<\/p>\n<p>La diputada libertaria <strong>Karen Reichardt<\/strong> fue una de las primeras en llegar y areng\u00f3 a los palcos: \u201cSaquen muchas fotos desde arriba\u201d. Poco despu\u00e9s, <strong>Esteban Paul\u00f3n<\/strong> ingres\u00f3 al recinto con una m\u00e1quina de hacer pochoclos y se la ofreci\u00f3 a Menem, en una iron\u00eda directa sobre el clima de espect\u00e1culo que el propio presidente de la C\u00e1mara hab\u00eda ayudado a instalar. Menem rechaz\u00f3 el gesto con gesto adusto.<\/p>\n<p style=\"text-align:center\"><picture><source media=\"(max-width: 440px)\" srcset=\"https:\/\/fotos.perfil.com\/\/2026\/04\/29\/440\/0\/diputados-congreso-29042026-2230220.jpg?webp\"\/><source media=\"(max-width: 1019px)\" srcset=\"https:\/\/fotos.perfil.com\/\/2026\/04\/29\/712\/0\/diputados-congreso-29042026-2230220.jpg?webp\"\/><img decoding=\"async\" style=\"max-width: 100%; width: 100%;\" alt=\"Diputados Congreso 29042026\" height=\"500\" src=\"https:\/\/fotos.perfil.com\/\/2026\/04\/29\/900\/0\/diputados-congreso-29042026-2230220.jpg?webp\" width=\"728\" loading=\"lazy\"\/><\/picture><\/p>\n<p>Cuando Milei entr\u00f3 al recinto, el bloque libertario y los palcos oficialistas lo recibieron con aplausos y c\u00e1nticos de \u201cpresidente, presidente\u201d. Desde la izquierda, <strong>Myriam Bregman<\/strong> y <strong>Nicol\u00e1s del Ca\u00f1o <\/strong>respondieron con gritos de \u201cdeslomado\u201d, en referencia a una de las pol\u00e9micas que golpearon recientemente a Adorni.<\/p>\n<p>La escena confirm\u00f3 la intuici\u00f3n opositora: el Gobierno hab\u00eda convertido una obligaci\u00f3n constitucional en una demostraci\u00f3n de fuerza pol\u00edtica. Pero tambi\u00e9n mostr\u00f3 algo m\u00e1s: el oficialismo hab\u00eda calibrado cuidadosamente los l\u00edmites de esa teatralizaci\u00f3n.<\/p>\n<p class=\"destacadoNota\"><a target=\"_blank\" href=\"https:\/\/www.perfil.com\/noticias\/politica\/segui-en-vivo-el-interrogatorio-a-manuel-adorni-el-congreso.phtml\">Adorni resisti\u00f3 la embestida opositora, descart\u00f3 renunciar y prometi\u00f3 \u00aberradicar\u00bb al kirchnerismo<\/a><\/p>\n<h2><strong>Los momentos de tensi\u00f3n<\/strong><\/h2>\n<p>La primera parte del informe sigui\u00f3 el tono que el entorno de Menem hab\u00eda anticipado en privado: \u201c<strong>Va a ser institucional<\/strong>\u201d. El jefe de Gabinete se mantuvo apegado a un libreto previsible, centrado en la gesti\u00f3n, los logros econ\u00f3micos y la defensa general de la administraci\u00f3n libertaria. No hubo exabruptos, ni golpes de efecto, ni confrontaciones abiertas. Para la oposici\u00f3n, el problema fue otro: tampoco hubo respuestas sustantivas.<\/p>\n<p>\u201c<strong>Es una verg\u00fcenza, vino, no respondi\u00f3 nada en el informe, finge demencia total<\/strong>\u201d, dijo a <em><strong>PERFIL<\/strong><\/em> el diputado de Uni\u00f3n por la Patria <strong>Juan Marino<\/strong> durante la primera parte de la jornada. M\u00e1s tarde, ya avanzada la sesi\u00f3n, endureci\u00f3 el diagn\u00f3stico: \u201cEs un papel\u00f3n, no respondi\u00f3 nada ni ac\u00e1 ni por escrito. Por eso nosotros tenemos un <strong>proyecto para interpelar a Adorni y hasta pedir una moci\u00f3n de censura<\/strong>\u201d.<\/p>\n<p>El malestar se extend\u00eda entre bloques opositores que, pese a haber acordado previamente no entrar en provocaciones para no favorecer al oficialismo, terminaron subiendo el tono ante la falta de definiciones del funcionario. Ferraro dijo a <em><strong>PERFIL<\/strong><\/em> que sufri\u00f3 gritos cuando mencion\u00f3 a Karina Milei en el caso <strong>$LIBRA<\/strong>, mientras que Juliano record\u00f3 que \u00ab<strong>les molest\u00f3 que les dijera que su defensa es la misma que la de Julio De Vido<\/strong>\u00ab.<\/p>\n<p>Uno de los momentos m\u00e1s tensos lleg\u00f3 cuando <strong>Rodolfo Tailhade <\/strong>pregunt\u00f3: \u201c\u00bfQu\u00e9 amenaza sufri\u00f3 su esposa para que hace dos a\u00f1os le paguemos custodios las 24 horas para que vaya a un bar de Palermo hasta las 4 de la ma\u00f1ana o a la manicura?\u201d. <\/p>\n<p style=\"text-align:center\"><picture><source media=\"(max-width: 440px)\" srcset=\"https:\/\/fotos.perfil.com\/\/2026\/04\/29\/440\/0\/diputados-congreso-29042026-2230137.jpg?webp\"\/><source media=\"(max-width: 1019px)\" srcset=\"https:\/\/fotos.perfil.com\/\/2026\/04\/29\/712\/0\/diputados-congreso-29042026-2230137.jpg?webp\"\/><img decoding=\"async\" style=\"max-width: 100%; width: 100%;\" alt=\"Diputados Congreso 29042026\" height=\"500\" src=\"https:\/\/fotos.perfil.com\/\/2026\/04\/29\/900\/0\/diputados-congreso-29042026-2230137.jpg?webp\" width=\"728\" loading=\"lazy\"\/><\/picture><\/p>\n<p>Otro episodio de fricci\u00f3n se produjo cuando Pablo Juliano trat\u00f3 de \u201cvos\u201d al jefe de Gabinete y Menem le cort\u00f3 el micr\u00f3fono para exigirle que lo tratara de \u201custed\u201d. El radical le respondi\u00f3 acus\u00e1ndolo de usar \u201clos mismos argumentos que Julio De Vido\u201d. Luego, afirm\u00f3 a este medio: \u201cEso los puso bastante nerviosos, pero es as\u00ed: Adorni no respondi\u00f3 nada y su situaci\u00f3n es irreversible, la quieran estirar o no\u201d.<\/p>\n<p class=\"destacadoNota\"><a target=\"_blank\" href=\"https:\/\/www.perfil.com\/noticias\/politica\/la-sesion-que-puede-marcar-a-adorni-ensayos-la-apuesta-de-milei-y-el-operativo-opositor-para-desactivar-un-show.phtml\">La sesi\u00f3n que puede marcar a Adorni: ensayos, la apuesta de Milei y el operativo opositor para desactivar un show<\/a><\/p>\n<p>Otro momento fue cuando la diputada <strong>Natalia Zaracho<\/strong> chicane\u00f3 al funcionario por su presencia en largas horas en la sesi\u00f3n. \u00abHoy s\u00ed tiene cara de deslomado, seis horas le meti\u00f3. Me asusta un poco cu\u00e1nto nos puede llegar a salir. Pero hoy s\u00ed labur\u00f3\u00bb. M\u00e1s tarde, el diputado <strong>Sergio Palazzo<\/strong>, tambi\u00e9n hizo uso de una humorada que hasta provoc\u00f3 la risa del propio Mart\u00edn Menem. \u00abSe\u00f1or presidente, <strong>\u00bfpuede pedirle a los therians que se creen leones que se callen?\u00bb<\/strong>, lanz\u00f3 el titular de La Bancaria.<\/p>\n<h2><strong>La retirada pactada de Milei y el repliegue del oficialismo<\/strong><\/h2>\n<p>El punto m\u00e1s visible del operativo oficialista lleg\u00f3 tras la primera parte de la exposici\u00f3n. Tal como hab\u00eda sido acordado en Casa Rosada, Milei, Karina y casi todo el Gabinete abandonaron el Congreso despu\u00e9s de la primera hora y media de sesi\u00f3n.<\/p>\n<p>La salida tuvo un efecto inmediato: junto con ellos <strong>se retir\u00f3 buena parte de la militancia e invitados<\/strong> que ocupaban los palcos. Tambi\u00e9n varios diputados libertarios dejaron sus bancas. El \u00fanico ministro que permaneci\u00f3 hasta el final fue <strong>Diego Santilli<\/strong>, que se qued\u00f3 solo en uno de los palcos observando el resto de la jornada, quiz\u00e1 garante de que nada se saliera del plan.<\/p>\n<p>La retirada dej\u00f3 una imagen reveladora: una vez consumado el gesto pol\u00edtico de respaldo, el oficialismo dio por cumplido su objetivo central y se retir\u00f3 de escena, dejando a Adorni administrar el resto de la sesi\u00f3n con un recinto mucho menos cargado y una oposici\u00f3n que, pese a sus cr\u00edticas, segu\u00eda sin encontrar c\u00f3mo romper el blindaje.<\/p>\n<p style=\"text-align:center\"><picture><source media=\"(max-width: 440px)\" srcset=\"https:\/\/fotos.perfil.com\/\/2026\/04\/29\/440\/0\/diputados-congreso-29042026-2230672.jpg?webp\"\/><source media=\"(max-width: 1019px)\" srcset=\"https:\/\/fotos.perfil.com\/\/2026\/04\/29\/712\/0\/diputados-congreso-29042026-2230672.jpg?webp\"\/><img decoding=\"async\" style=\"max-width: 100%; width: 100%;\" alt=\"Diputados Congreso 29042026\" height=\"500\" src=\"https:\/\/fotos.perfil.com\/\/2026\/04\/29\/900\/0\/diputados-congreso-29042026-2230672.jpg?webp\" width=\"728\" loading=\"lazy\"\/><\/picture><\/p>\n<h2><strong>Un resultado favorable para el Gobierno<\/strong><\/h2>\n<p>El saldo pol\u00edtico de la jornada fue favorable para el oficialismo. Adorni evit\u00f3 quedar expuesto, no se apart\u00f3 del libreto, esquiv\u00f3 profundizar sobre su patrimonio y logr\u00f3 cerrar la jornada sin cometer errores no forzados.<\/p>\n<p class=\"destacadoNota\"><a target=\"_blank\" href=\"https:\/\/www.perfil.com\/noticias\/politica\/tranquilidad-en-la-libertad-avanza-los-libertarios-estan-conformes-con-la-performance-de-manuel-adorni.phtml\">Tranquilidad en La Libertad Avanza: los libertarios est\u00e1n conformes con la performance de Manuel Adorni<\/a><\/p>\n<p>La defensa final del jefe de Gabinete condens\u00f3 la l\u00f3gica de toda la sesi\u00f3n: \u201c<strong>Esto no es un juicio hacia mi persona, he dado las explicaciones que tengo que dar ante la sociedad y lo har\u00e9, si llegara el caso, ante la Justicia<\/strong>, pero no voy a aceptar injurias de quienes hicieron de la defraudaci\u00f3n del Estado una verdadera profesi\u00f3n\u201d.<\/p>\n<p>En el oficialismo celebraron la performance. \u201cEstuvo muy bien en lo que respondi\u00f3, <strong>podr\u00eda no haber respondido cuestiones personales<\/strong> en un informe de gesti\u00f3n pero lo hizo y me pareci\u00f3 muy bien\u201d, sostuvo <strong>Bertie Benegas Lynch<\/strong> ante <em><strong>PERFIL<\/strong><\/em>.<\/p>\n<p><em>JD\/DCQ<\/em><\/p>\n<\/p><\/div>\n<p><script>\n                !function(f,b,e,v,n,t,s)\n                {if(f.fbq)return;n=f.fbq=function(){n.callMethod?\n                    n.callMethod.apply(n,arguments):n.queue.push(arguments)};\n                    if(!f._fbq)f._fbq=n;n.push=n;n.loaded=!0;n.version='2.0';\n                    n.queue=[];t=b.createElement(e);t.async=!0;\n                    t.src=v;s=b.getElementsByTagName(e)[0];\n                    s.parentNode.insertBefore(t,s)}(window, document,'script',\n                    'https:\/\/connect.facebook.net\/en_US\/fbevents.js');\n                window.paywallConfig.facebook_pixel=\"1000228364089342\"\n            <\/script><\/p>\n","protected":false},"excerpt":{"rendered":"<p>Manuel Adorni atraves\u00f3 este mi\u00e9rcoles la jornada m\u00e1s delicada desde que lleg\u00f3 a la Jefatura de Gabinete y sali\u00f3 pol\u00edticamente sin grandes da\u00f1os. En un Congreso transformado desde temprano en escenario de m\u00e1xima tensi\u00f3n, con vallados, controles reforzados, militancia libertaria en los palcos y Javier Milei sentado como espectador de lujo junto a Karina Milei [&hellip;]<\/p>\n","protected":false},"author":2,"featured_media":193959,"comment_status":"closed","ping_status":"closed","sticky":false,"template":"","format":"standard","meta":{"footnotes":""},"categories":[25],"tags":[],"class_list":["post-193958","post","type-post","status-publish","format-standard","has-post-thumbnail","hentry","category-nacionales"],"yoast_head":"<!-- This site is optimized with the Yoast SEO plugin v24.4 - https:\/\/yoast.com\/wordpress\/plugins\/seo\/ -->\n<title>Blindado por Milei, Adorni atraves\u00f3 su prueba de fuego en Diputados sin quedar contra las cuerdas - GYS NOTICIAS |<\/title>\n<meta name=\"robots\" content=\"index, follow, max-snippet:-1, max-image-preview:large, max-video-preview:-1\" \/>\n<link rel=\"canonical\" href=\"https:\/\/gysfm.com.ar\/inicio\/blindado-por-milei-adorni-atraveso-su-prueba-de-fuego-en-diputados-sin-quedar-contra-las-cuerdas\/\" \/>\n<meta property=\"og:locale\" content=\"es_ES\" \/>\n<meta property=\"og:type\" content=\"article\" \/>\n<meta property=\"og:title\" content=\"Blindado por Milei, Adorni atraves\u00f3 su prueba de fuego en Diputados sin quedar contra las cuerdas - GYS NOTICIAS |\" \/>\n<meta property=\"og:description\" content=\"Manuel Adorni atraves\u00f3 este mi\u00e9rcoles la jornada m\u00e1s delicada desde que lleg\u00f3 a la Jefatura de Gabinete y sali\u00f3 pol\u00edticamente sin grandes da\u00f1os. En un Congreso transformado desde temprano en escenario de m\u00e1xima tensi\u00f3n, con vallados, controles reforzados, militancia libertaria en los palcos y Javier Milei sentado como espectador de lujo junto a Karina Milei [&hellip;]\" \/>\n<meta property=\"og:url\" content=\"https:\/\/gysfm.com.ar\/inicio\/blindado-por-milei-adorni-atraveso-su-prueba-de-fuego-en-diputados-sin-quedar-contra-las-cuerdas\/\" \/>\n<meta property=\"og:site_name\" content=\"GYS NOTICIAS |\" \/>\n<meta property=\"article:published_time\" content=\"2026-04-30T21:57:48+00:00\" \/>\n<meta property=\"og:image\" content=\"https:\/\/fotos.perfil.com\/\/2026\/04\/29\/900\/0\/congreso-diputados-29042026-2230443.jpg?webp\" \/>\n<meta name=\"author\" content=\"Prensa G&amp;S FM\" \/>\n<meta name=\"twitter:card\" content=\"summary_large_image\" \/>\n<meta name=\"twitter:label1\" content=\"Escrito por\" \/>\n\t<meta name=\"twitter:data1\" content=\"Prensa G&amp;S FM\" \/>\n\t<meta name=\"twitter:label2\" content=\"Tiempo de lectura\" \/>\n\t<meta name=\"twitter:data2\" content=\"8 minutos\" \/>\n<script type=\"application\/ld+json\" class=\"yoast-schema-graph\">{\"@context\":\"https:\/\/schema.org\",\"@graph\":[{\"@type\":\"Article\",\"@id\":\"https:\/\/gysfm.com.ar\/inicio\/blindado-por-milei-adorni-atraveso-su-prueba-de-fuego-en-diputados-sin-quedar-contra-las-cuerdas\/#article\",\"isPartOf\":{\"@id\":\"https:\/\/gysfm.com.ar\/inicio\/blindado-por-milei-adorni-atraveso-su-prueba-de-fuego-en-diputados-sin-quedar-contra-las-cuerdas\/\"},\"author\":{\"name\":\"Prensa G&amp;S FM\",\"@id\":\"https:\/\/gysfm.com.ar\/inicio\/#\/schema\/person\/3abba7593ef2ad19e1be221d54383dc5\"},\"headline\":\"Blindado por Milei, Adorni atraves\u00f3 su prueba de fuego en Diputados sin quedar contra las cuerdas\",\"datePublished\":\"2026-04-30T21:57:48+00:00\",\"mainEntityOfPage\":{\"@id\":\"https:\/\/gysfm.com.ar\/inicio\/blindado-por-milei-adorni-atraveso-su-prueba-de-fuego-en-diputados-sin-quedar-contra-las-cuerdas\/\"},\"wordCount\":1570,\"publisher\":{\"@id\":\"https:\/\/gysfm.com.ar\/inicio\/#organization\"},\"image\":{\"@id\":\"https:\/\/gysfm.com.ar\/inicio\/blindado-por-milei-adorni-atraveso-su-prueba-de-fuego-en-diputados-sin-quedar-contra-las-cuerdas\/#primaryimage\"},\"thumbnailUrl\":\"https:\/\/gysfm.com.ar\/inicio\/wp-content\/uploads\/2026\/04\/congreso-diputados-29042026-2230441.jpg\",\"articleSection\":[\"NACIONALES\"],\"inLanguage\":\"es\"},{\"@type\":\"WebPage\",\"@id\":\"https:\/\/gysfm.com.ar\/inicio\/blindado-por-milei-adorni-atraveso-su-prueba-de-fuego-en-diputados-sin-quedar-contra-las-cuerdas\/\",\"url\":\"https:\/\/gysfm.com.ar\/inicio\/blindado-por-milei-adorni-atraveso-su-prueba-de-fuego-en-diputados-sin-quedar-contra-las-cuerdas\/\",\"name\":\"Blindado por Milei, Adorni atraves\u00f3 su prueba de fuego en Diputados sin quedar contra las cuerdas - GYS NOTICIAS |\",\"isPartOf\":{\"@id\":\"https:\/\/gysfm.com.ar\/inicio\/#website\"},\"primaryImageOfPage\":{\"@id\":\"https:\/\/gysfm.com.ar\/inicio\/blindado-por-milei-adorni-atraveso-su-prueba-de-fuego-en-diputados-sin-quedar-contra-las-cuerdas\/#primaryimage\"},\"image\":{\"@id\":\"https:\/\/gysfm.com.ar\/inicio\/blindado-por-milei-adorni-atraveso-su-prueba-de-fuego-en-diputados-sin-quedar-contra-las-cuerdas\/#primaryimage\"},\"thumbnailUrl\":\"https:\/\/gysfm.com.ar\/inicio\/wp-content\/uploads\/2026\/04\/congreso-diputados-29042026-2230441.jpg\",\"datePublished\":\"2026-04-30T21:57:48+00:00\",\"breadcrumb\":{\"@id\":\"https:\/\/gysfm.com.ar\/inicio\/blindado-por-milei-adorni-atraveso-su-prueba-de-fuego-en-diputados-sin-quedar-contra-las-cuerdas\/#breadcrumb\"},\"inLanguage\":\"es\",\"potentialAction\":[{\"@type\":\"ReadAction\",\"target\":[\"https:\/\/gysfm.com.ar\/inicio\/blindado-por-milei-adorni-atraveso-su-prueba-de-fuego-en-diputados-sin-quedar-contra-las-cuerdas\/\"]}]},{\"@type\":\"ImageObject\",\"inLanguage\":\"es\",\"@id\":\"https:\/\/gysfm.com.ar\/inicio\/blindado-por-milei-adorni-atraveso-su-prueba-de-fuego-en-diputados-sin-quedar-contra-las-cuerdas\/#primaryimage\",\"url\":\"https:\/\/gysfm.com.ar\/inicio\/wp-content\/uploads\/2026\/04\/congreso-diputados-29042026-2230441.jpg\",\"contentUrl\":\"https:\/\/gysfm.com.ar\/inicio\/wp-content\/uploads\/2026\/04\/congreso-diputados-29042026-2230441.jpg\",\"width\":1140,\"height\":641},{\"@type\":\"BreadcrumbList\",\"@id\":\"https:\/\/gysfm.com.ar\/inicio\/blindado-por-milei-adorni-atraveso-su-prueba-de-fuego-en-diputados-sin-quedar-contra-las-cuerdas\/#breadcrumb\",\"itemListElement\":[{\"@type\":\"ListItem\",\"position\":1,\"name\":\"Portada\",\"item\":\"https:\/\/gysfm.com.ar\/inicio\/\"},{\"@type\":\"ListItem\",\"position\":2,\"name\":\"Blindado por Milei, Adorni atraves\u00f3 su prueba de fuego en Diputados sin quedar contra las cuerdas\"}]},{\"@type\":\"WebSite\",\"@id\":\"https:\/\/gysfm.com.ar\/inicio\/#website\",\"url\":\"https:\/\/gysfm.com.ar\/inicio\/\",\"name\":\"GYS NOTICIAS |\",\"description\":\"DIARIO - RADIO ONLINE SAN JUAN ARGENTINA\",\"publisher\":{\"@id\":\"https:\/\/gysfm.com.ar\/inicio\/#organization\"},\"potentialAction\":[{\"@type\":\"SearchAction\",\"target\":{\"@type\":\"EntryPoint\",\"urlTemplate\":\"https:\/\/gysfm.com.ar\/inicio\/?s={search_term_string}\"},\"query-input\":{\"@type\":\"PropertyValueSpecification\",\"valueRequired\":true,\"valueName\":\"search_term_string\"}}],\"inLanguage\":\"es\"},{\"@type\":\"Organization\",\"@id\":\"https:\/\/gysfm.com.ar\/inicio\/#organization\",\"name\":\"GYS NOTICIAS |\",\"url\":\"https:\/\/gysfm.com.ar\/inicio\/\",\"logo\":{\"@type\":\"ImageObject\",\"inLanguage\":\"es\",\"@id\":\"https:\/\/gysfm.com.ar\/inicio\/#\/schema\/logo\/image\/\",\"url\":\"https:\/\/gysfm.com.ar\/inicio\/wp-content\/uploads\/2023\/07\/LOGOGYS-OK.png\",\"contentUrl\":\"https:\/\/gysfm.com.ar\/inicio\/wp-content\/uploads\/2023\/07\/LOGOGYS-OK.png\",\"width\":1170,\"height\":872,\"caption\":\"GYS NOTICIAS |\"},\"image\":{\"@id\":\"https:\/\/gysfm.com.ar\/inicio\/#\/schema\/logo\/image\/\"}},{\"@type\":\"Person\",\"@id\":\"https:\/\/gysfm.com.ar\/inicio\/#\/schema\/person\/3abba7593ef2ad19e1be221d54383dc5\",\"name\":\"Prensa G&amp;S FM\",\"image\":{\"@type\":\"ImageObject\",\"inLanguage\":\"es\",\"@id\":\"https:\/\/gysfm.com.ar\/inicio\/#\/schema\/person\/image\/\",\"url\":\"https:\/\/secure.gravatar.com\/avatar\/096ec78df02049ab018702bb4ccedf659377fa92a26540b5247612077a0dbd29?s=96&d=mm&r=g\",\"contentUrl\":\"https:\/\/secure.gravatar.com\/avatar\/096ec78df02049ab018702bb4ccedf659377fa92a26540b5247612077a0dbd29?s=96&d=mm&r=g\",\"caption\":\"Prensa G&amp;S FM\"},\"sameAs\":[\"https:\/\/gysfm.com.ar\/\"],\"url\":\"https:\/\/gysfm.com.ar\/inicio\/author\/lucasm\/\"}]}<\/script>\n<!-- \/ Yoast SEO plugin. -->","yoast_head_json":{"title":"Blindado por Milei, Adorni atraves\u00f3 su prueba de fuego en Diputados sin quedar contra las cuerdas - GYS NOTICIAS |","robots":{"index":"index","follow":"follow","max-snippet":"max-snippet:-1","max-image-preview":"max-image-preview:large","max-video-preview":"max-video-preview:-1"},"canonical":"https:\/\/gysfm.com.ar\/inicio\/blindado-por-milei-adorni-atraveso-su-prueba-de-fuego-en-diputados-sin-quedar-contra-las-cuerdas\/","og_locale":"es_ES","og_type":"article","og_title":"Blindado por Milei, Adorni atraves\u00f3 su prueba de fuego en Diputados sin quedar contra las cuerdas - GYS NOTICIAS |","og_description":"Manuel Adorni atraves\u00f3 este mi\u00e9rcoles la jornada m\u00e1s delicada desde que lleg\u00f3 a la Jefatura de Gabinete y sali\u00f3 pol\u00edticamente sin grandes da\u00f1os. En un Congreso transformado desde temprano en escenario de m\u00e1xima tensi\u00f3n, con vallados, controles reforzados, militancia libertaria en los palcos y Javier Milei sentado como espectador de lujo junto a Karina Milei [&hellip;]","og_url":"https:\/\/gysfm.com.ar\/inicio\/blindado-por-milei-adorni-atraveso-su-prueba-de-fuego-en-diputados-sin-quedar-contra-las-cuerdas\/","og_site_name":"GYS NOTICIAS |","article_published_time":"2026-04-30T21:57:48+00:00","og_image":[{"url":"https:\/\/fotos.perfil.com\/\/2026\/04\/29\/900\/0\/congreso-diputados-29042026-2230443.jpg?webp","type":"","width":"","height":""}],"author":"Prensa G&amp;S FM","twitter_card":"summary_large_image","twitter_misc":{"Escrito por":"Prensa G&amp;S FM","Tiempo de lectura":"8 minutos"},"schema":{"@context":"https:\/\/schema.org","@graph":[{"@type":"Article","@id":"https:\/\/gysfm.com.ar\/inicio\/blindado-por-milei-adorni-atraveso-su-prueba-de-fuego-en-diputados-sin-quedar-contra-las-cuerdas\/#article","isPartOf":{"@id":"https:\/\/gysfm.com.ar\/inicio\/blindado-por-milei-adorni-atraveso-su-prueba-de-fuego-en-diputados-sin-quedar-contra-las-cuerdas\/"},"author":{"name":"Prensa G&amp;S FM","@id":"https:\/\/gysfm.com.ar\/inicio\/#\/schema\/person\/3abba7593ef2ad19e1be221d54383dc5"},"headline":"Blindado por Milei, Adorni atraves\u00f3 su prueba de fuego en Diputados sin quedar contra las cuerdas","datePublished":"2026-04-30T21:57:48+00:00","mainEntityOfPage":{"@id":"https:\/\/gysfm.com.ar\/inicio\/blindado-por-milei-adorni-atraveso-su-prueba-de-fuego-en-diputados-sin-quedar-contra-las-cuerdas\/"},"wordCount":1570,"publisher":{"@id":"https:\/\/gysfm.com.ar\/inicio\/#organization"},"image":{"@id":"https:\/\/gysfm.com.ar\/inicio\/blindado-por-milei-adorni-atraveso-su-prueba-de-fuego-en-diputados-sin-quedar-contra-las-cuerdas\/#primaryimage"},"thumbnailUrl":"https:\/\/gysfm.com.ar\/inicio\/wp-content\/uploads\/2026\/04\/congreso-diputados-29042026-2230441.jpg","articleSection":["NACIONALES"],"inLanguage":"es"},{"@type":"WebPage","@id":"https:\/\/gysfm.com.ar\/inicio\/blindado-por-milei-adorni-atraveso-su-prueba-de-fuego-en-diputados-sin-quedar-contra-las-cuerdas\/","url":"https:\/\/gysfm.com.ar\/inicio\/blindado-por-milei-adorni-atraveso-su-prueba-de-fuego-en-diputados-sin-quedar-contra-las-cuerdas\/","name":"Blindado por Milei, Adorni atraves\u00f3 su prueba de fuego en Diputados sin quedar contra las cuerdas - GYS NOTICIAS |","isPartOf":{"@id":"https:\/\/gysfm.com.ar\/inicio\/#website"},"primaryImageOfPage":{"@id":"https:\/\/gysfm.com.ar\/inicio\/blindado-por-milei-adorni-atraveso-su-prueba-de-fuego-en-diputados-sin-quedar-contra-las-cuerdas\/#primaryimage"},"image":{"@id":"https:\/\/gysfm.com.ar\/inicio\/blindado-por-milei-adorni-atraveso-su-prueba-de-fuego-en-diputados-sin-quedar-contra-las-cuerdas\/#primaryimage"},"thumbnailUrl":"https:\/\/gysfm.com.ar\/inicio\/wp-content\/uploads\/2026\/04\/congreso-diputados-29042026-2230441.jpg","datePublished":"2026-04-30T21:57:48+00:00","breadcrumb":{"@id":"https:\/\/gysfm.com.ar\/inicio\/blindado-por-milei-adorni-atraveso-su-prueba-de-fuego-en-diputados-sin-quedar-contra-las-cuerdas\/#breadcrumb"},"inLanguage":"es","potentialAction":[{"@type":"ReadAction","target":["https:\/\/gysfm.com.ar\/inicio\/blindado-por-milei-adorni-atraveso-su-prueba-de-fuego-en-diputados-sin-quedar-contra-las-cuerdas\/"]}]},{"@type":"ImageObject","inLanguage":"es","@id":"https:\/\/gysfm.com.ar\/inicio\/blindado-por-milei-adorni-atraveso-su-prueba-de-fuego-en-diputados-sin-quedar-contra-las-cuerdas\/#primaryimage","url":"https:\/\/gysfm.com.ar\/inicio\/wp-content\/uploads\/2026\/04\/congreso-diputados-29042026-2230441.jpg","contentUrl":"https:\/\/gysfm.com.ar\/inicio\/wp-content\/uploads\/2026\/04\/congreso-diputados-29042026-2230441.jpg","width":1140,"height":641},{"@type":"BreadcrumbList","@id":"https:\/\/gysfm.com.ar\/inicio\/blindado-por-milei-adorni-atraveso-su-prueba-de-fuego-en-diputados-sin-quedar-contra-las-cuerdas\/#breadcrumb","itemListElement":[{"@type":"ListItem","position":1,"name":"Portada","item":"https:\/\/gysfm.com.ar\/inicio\/"},{"@type":"ListItem","position":2,"name":"Blindado por Milei, Adorni atraves\u00f3 su prueba de fuego en Diputados sin quedar contra las cuerdas"}]},{"@type":"WebSite","@id":"https:\/\/gysfm.com.ar\/inicio\/#website","url":"https:\/\/gysfm.com.ar\/inicio\/","name":"GYS NOTICIAS |","description":"DIARIO - RADIO ONLINE SAN JUAN ARGENTINA","publisher":{"@id":"https:\/\/gysfm.com.ar\/inicio\/#organization"},"potentialAction":[{"@type":"SearchAction","target":{"@type":"EntryPoint","urlTemplate":"https:\/\/gysfm.com.ar\/inicio\/?s={search_term_string}"},"query-input":{"@type":"PropertyValueSpecification","valueRequired":true,"valueName":"search_term_string"}}],"inLanguage":"es"},{"@type":"Organization","@id":"https:\/\/gysfm.com.ar\/inicio\/#organization","name":"GYS NOTICIAS |","url":"https:\/\/gysfm.com.ar\/inicio\/","logo":{"@type":"ImageObject","inLanguage":"es","@id":"https:\/\/gysfm.com.ar\/inicio\/#\/schema\/logo\/image\/","url":"https:\/\/gysfm.com.ar\/inicio\/wp-content\/uploads\/2023\/07\/LOGOGYS-OK.png","contentUrl":"https:\/\/gysfm.com.ar\/inicio\/wp-content\/uploads\/2023\/07\/LOGOGYS-OK.png","width":1170,"height":872,"caption":"GYS NOTICIAS |"},"image":{"@id":"https:\/\/gysfm.com.ar\/inicio\/#\/schema\/logo\/image\/"}},{"@type":"Person","@id":"https:\/\/gysfm.com.ar\/inicio\/#\/schema\/person\/3abba7593ef2ad19e1be221d54383dc5","name":"Prensa G&amp;S FM","image":{"@type":"ImageObject","inLanguage":"es","@id":"https:\/\/gysfm.com.ar\/inicio\/#\/schema\/person\/image\/","url":"https:\/\/secure.gravatar.com\/avatar\/096ec78df02049ab018702bb4ccedf659377fa92a26540b5247612077a0dbd29?s=96&d=mm&r=g","contentUrl":"https:\/\/secure.gravatar.com\/avatar\/096ec78df02049ab018702bb4ccedf659377fa92a26540b5247612077a0dbd29?s=96&d=mm&r=g","caption":"Prensa G&amp;S FM"},"sameAs":["https:\/\/gysfm.com.ar\/"],"url":"https:\/\/gysfm.com.ar\/inicio\/author\/lucasm\/"}]}},"_links":{"self":[{"href":"https:\/\/gysfm.com.ar\/inicio\/wp-json\/wp\/v2\/posts\/193958","targetHints":{"allow":["GET"]}}],"collection":[{"href":"https:\/\/gysfm.com.ar\/inicio\/wp-json\/wp\/v2\/posts"}],"about":[{"href":"https:\/\/gysfm.com.ar\/inicio\/wp-json\/wp\/v2\/types\/post"}],"author":[{"embeddable":true,"href":"https:\/\/gysfm.com.ar\/inicio\/wp-json\/wp\/v2\/users\/2"}],"replies":[{"embeddable":true,"href":"https:\/\/gysfm.com.ar\/inicio\/wp-json\/wp\/v2\/comments?post=193958"}],"version-history":[{"count":0,"href":"https:\/\/gysfm.com.ar\/inicio\/wp-json\/wp\/v2\/posts\/193958\/revisions"}],"wp:featuredmedia":[{"embeddable":true,"href":"https:\/\/gysfm.com.ar\/inicio\/wp-json\/wp\/v2\/media\/193959"}],"wp:attachment":[{"href":"https:\/\/gysfm.com.ar\/inicio\/wp-json\/wp\/v2\/media?parent=193958"}],"wp:term":[{"taxonomy":"category","embeddable":true,"href":"https:\/\/gysfm.com.ar\/inicio\/wp-json\/wp\/v2\/categories?post=193958"},{"taxonomy":"post_tag","embeddable":true,"href":"https:\/\/gysfm.com.ar\/inicio\/wp-json\/wp\/v2\/tags?post=193958"}],"curies":[{"name":"wp","href":"https:\/\/api.w.org\/{rel}","templated":true}]}}