{"id":193955,"date":"2026-04-30T18:38:30","date_gmt":"2026-04-30T21:38:30","guid":{"rendered":"https:\/\/gysfm.com.ar\/inicio\/trump-lanzo-una-amenaza-a-iran-y-compartio-una-imagen-suya-con-un-fusil-creada-con-ia\/"},"modified":"2026-04-30T18:38:31","modified_gmt":"2026-04-30T21:38:31","slug":"trump-lanzo-una-amenaza-a-iran-y-compartio-una-imagen-suya-con-un-fusil-creada-con-ia","status":"publish","type":"post","link":"https:\/\/gysfm.com.ar\/inicio\/trump-lanzo-una-amenaza-a-iran-y-compartio-una-imagen-suya-con-un-fusil-creada-con-ia\/","title":{"rendered":"Trump lanz\u00f3 una amenaza a Ir\u00e1n y comparti\u00f3 una imagen suya con un fusil creada con IA"},"content":{"rendered":"<p> <br \/>\n<\/p>\n<div>\n<p class=\"com-paragraph  --capital --s\">WASHINGTON.\u2014 El presidente estadounidense, <a href=\"https:\/\/www.lanacion.com.ar\/el-mundo\/trump-evalua-la-ultima-propuesta-de-iran-para-reabrir-el-estrecho-de-ormuz-mientras-se-estancan-las-nid28042026\/\" target=\"_self\" title=\"https:\/\/www.lanacion.com.ar\/el-mundo\/trump-evalua-la-ultima-propuesta-de-iran-para-reabrir-el-estrecho-de-ormuz-mientras-se-estancan-las-nid28042026\/\" class=\"com-link break-word\" data-mrf-recirculation=\"n_link_parrafo\"><strong>Donald Trump<\/strong><\/a>, inst\u00f3 a <strong>Ir\u00e1n <\/strong>a \u201cespabilar\u201d ante el estancamiento de las negociaciones sobre la guerra, mientras reportes de prensa aseguran que orden\u00f3 a su equipo que se prepare para <strong>un bloqueo prolongado de los puertos iran\u00edes<\/strong>. Su mensaje lleg\u00f3 mientras la Casa Blanca<strong> analiza una propuesta del r\u00e9gimen isl\u00e1mico para desbloquear el estrecho de Ormuz,<\/strong> la v\u00eda fundamental para el comercio mundial de hidrocarburos.<\/p>\n<p class=\"com-paragraph   --s\">\u201cIr\u00e1n no es capaz de organizarse. No saben c\u00f3mo firmar un acuerdo no nuclear. <strong>\u00a1M\u00e1s les vale espabilar pronto!<\/strong>\u201c, public\u00f3 en su red Truth Social. Acompa\u00f1\u00f3 el mensaje con una imagen creada artificialmente en la que aparece con gafas oscuras, un fusil y la frase: <strong>\u201cSe acab\u00f3 el Se\u00f1or Bueno\u201d.<\/strong><\/p>\n<div class=\"content-media\">\n<section role=\"button\" class=\"mod-media   \">\n<figure role=\"button\" tabindex=\"0\" class=\"mod-figure \"><figcaption class=\"mod-figcaption\"><span class=\"com-text --caption --twoxs\">Fuerte mensaje de Trump a Ir\u00e1n a dos meses de la guerra<\/span><\/figcaption><\/figure>\n<\/section>\n<\/div>\n<p class=\"com-paragraph   --s\">En tanto, el diario <em>The Wall Street Journal<\/em> asegur\u00f3 en un art\u00edculo que el mandatario republicano pidi\u00f3 a sus funcionarios de seguridad nacional que <strong>se preparen para seguir aplicando por un tiempo prolongado el bloqueo que impuso a los puertos iran\u00edes<\/strong>, con el fin de obligar a Teher\u00e1n a <strong>abandonar su programa nuclear.<\/strong><\/p>\n<p class=\"com-paragraph   --s\">De acuerdo con el medio, Trump no cree que Ir\u00e1n est\u00e9 negociando de buena fe, y espera que se lo pueda obligar a<strong> suspender el enriquecimiento de uranio durante 20 a\u00f1os<\/strong> y a aceptar restricciones estrictas a partir de entonces.<\/p>\n<p class=\"com-paragraph   --s\">El diario cita a funcionarios an\u00f3nimos, que aseguran que Trump hab\u00eda decidido durante una reuni\u00f3n celebrada el lunes en la sala de crisis de la Casa Blanca que<strong> tanto reanudar los bombardeos como retirarse del conflicto eran opciones demasiado arriesgadas.<\/strong><\/p>\n<div class=\"content-media\">\n<section role=\"button\" class=\"mod-media   \">\n<figure role=\"button\" tabindex=\"0\" class=\"mod-figure \"><figcaption class=\"mod-figcaption\"><span class=\"com-text --caption --twoxs\">ARCHIVO &#8211; Un bote junto a un buque petrolero anclado en el estrecho de Ormuz, frente a la costa de la isla de Qeshm, Ir\u00e1n, el 18 de abril de 2026. (AP Foto\/Asghar Besharati\/Archivo)<\/span><span class=\"com-text --credit --twoxs\">Asghar Besharati &#8211; AP<\/span><\/figcaption><\/figure>\n<\/section>\n<\/div>\n<p class=\"com-paragraph   --s\">En su lugar, seg\u00fan el reporte, les dijo a sus asesores que la Armada continuar\u00eda presionando las <strong>exportaciones clave<\/strong> de petr\u00f3leo de Ir\u00e1n hasta que aceptara todas las exigencias de Washington.<\/p>\n<p class=\"com-paragraph   --s\">Mientras la Casa Blanca analiza la propuesta del r\u00e9gimen isl\u00e1mico, este martes el mandatario asegur\u00f3 que <a href=\"https:\/\/www.lanacion.com.ar\/el-mundo\/guerra-de-estados-unidos-e-israel-contra-iran-en-vivo-tension-en-medio-oriente-hoy-martes-28-de-nid28042026\/\" target=\"_self\" title=\"https:\/\/www.lanacion.com.ar\/el-mundo\/guerra-de-estados-unidos-e-israel-contra-iran-en-vivo-tension-en-medio-oriente-hoy-martes-28-de-nid28042026\/\" class=\"com-link break-word\" data-mrf-recirculation=\"n_link_parrafo\"><strong>Ir\u00e1n<\/strong><\/a><strong> le pidi\u00f3 a Estados Unidos reabrir el estrecho de Ormuz \u201clo antes posible\u201d.<\/strong><\/p>\n<p class=\"com-paragraph   --s\"><strong>\u201cIr\u00e1n acaba de informarnos que est\u00e1n en un &#8216;<\/strong><em><strong>estado de colapso\u2019\u201d<\/strong><\/em>, escribi\u00f3 en su cuenta de Truth Social.<\/p>\n<div class=\"content-media\">\n<section role=\"button\" class=\"mod-media   \">\n<figure role=\"button\" tabindex=\"0\" class=\"mod-figure \"><figcaption class=\"mod-figcaption\"><span class=\"com-text --caption --twoxs\">Captura de la publicaci\u00f3n de Trump. Fuente: Truth Social<\/span><\/figcaption><\/figure>\n<\/section>\n<\/div>\n<p class=\"com-paragraph   --s\"><strong>\u201cQuieren que abramos el estrecho de Ormuz lo antes posible, mientras intentan resolver su situaci\u00f3n de liderazgo (\u00a1algo que creo que podr\u00e1n hacer!)\u201c<\/strong>, agreg\u00f3 Trump e hizo referencia a las divisiones internas reportadas dentro del r\u00e9gimen isl\u00e1mico respecto de las negociaciones con Washington.<\/p>\n<p class=\"com-paragraph   --s\">Sin embargo, seg\u00fan dijo una fuente estadounidense a <em>Reuters<\/em>, <strong>Trump no est\u00e1 satisfecho con la \u00faltima propuesta iran\u00ed <\/strong>para resolver la guerra, lo \u200cque <strong>frena las esperanzas de alcanzar \u200cuna soluci\u00f3n<\/strong> \u2060al conflicto que interrumpi\u00f3 el suministro energ\u00e9tico, aviv\u00f3 la inflaci\u00f3n y caus\u00f3 la muerte de miles de personas.<\/p>\n<p class=\"com-paragraph   --s\">Sin embargo,<strong> una fr\u00e1gil tregua se mantiene activa desde hace casi tres semanas<\/strong>.<\/p>\n<p class=\"com-paragraph   --s\">La \u00faltima propuesta de Teher\u00e1n, transmitida por el mediador <em>Pakist\u00e1n <\/em>y que Trump y sus asesores analizaron en una reuni\u00f3n el lunes, establece l\u00edneas rojas que incluyen el espinoso programa nuclear de Ir\u00e1n y Ormuz, seg\u00fan la agencia de noticias <em>Fars<\/em>.<\/p>\n<div class=\"content-media\">\n<section role=\"button\" class=\"mod-media   \">\n<figure role=\"button\" tabindex=\"0\" class=\"mod-figure \"><figcaption class=\"mod-figcaption\"><span class=\"com-text --caption --twoxs\">El presidente de Estados Unidos, Donald Trump<\/span><span class=\"com-text --credit --twoxs\">Alex Brandon &#8211; AP<\/span><\/figcaption><\/figure>\n<\/section>\n<\/div>\n<p class=\"com-paragraph   --s\">De acuerdo con los reportes, el plan contemplar\u00eda adem\u00e1s que Teher\u00e1n afloje su control sobre el estrecho y que Washington levante su bloqueo sobre los puertos iran\u00edes mientras contin\u00faan unas negociaciones m\u00e1s amplias.<\/p>\n<p class=\"com-paragraph   --s\">El secretario de Estado, <strong>Marco Rubio,<\/strong> dijo que <strong>la oferta iran\u00ed era \u201cmejor\u201d de lo que pensaban<\/strong>, pero cuestion\u00f3 si los funcionarios detr\u00e1s de ella ten\u00edan <strong>autoridad<\/strong>, tras los asesinatos de altos cargos de la rep\u00fablica isl\u00e1mica por parte de Israel. <\/p>\n<p class=\"com-paragraph   --s\">Rubio, en una entrevista con<em> Fox News<\/em>, dijo que las exigencias de Washington para reabrir Ormuz son \u201cvolver a como deber\u00eda ser\u201d, a la situaci\u00f3n anterior a los ataques de Estados Unidos e Israel del 28 de febrero.<\/p>\n<div class=\"content-media\">\n<section role=\"button\" class=\"mod-media   \">\n<figure role=\"button\" tabindex=\"0\" class=\"mod-figure \"><figcaption class=\"mod-figcaption\"><span class=\"com-text --caption --twoxs\">El secretario de Estado de estados Unidos, Marco Rubio<br \/>\n(Brendan Smialowski\/Pool Foto v\u00eda AP)<\/span><span class=\"com-text --credit --twoxs\">BRENDAN SMIALOWSKI &#8211; POOL AFP<\/span><\/figcaption><\/figure>\n<\/section>\n<\/div>\n<p class=\"com-paragraph   --s\"><strong>\u201cSon muy buenos negociadores\u201d,<\/strong> dijo Rubio y agreg\u00f3 que cualquier acuerdo final ten\u00eda que ser \u201cuno que les impida definitivamente lanzarse por un arma nuclear\u201d.<\/p>\n<p class=\"com-paragraph   --s\">Por su parte, el portavoz del Ministerio de Defensa iran\u00ed, <strong>Reza Talaei Nik<\/strong>, advirti\u00f3 que Washington \u201cdebe abandonar sus exigencias ilegales e irracionales\u201d. \u201cEstados Unidos ya no est\u00e1 en condiciones de dictar su pol\u00edtica a las naciones independientes\u201d, afirm\u00f3, seg\u00fan la televisi\u00f3n estatal.<\/p>\n<p class=\"com-paragraph   --s\"><em><strong>Agencias AP, AFP y Reuters<\/strong><\/em><em>.<\/em><\/p>\n<section class=\"container-center-100 mb-40 border border-bottom border-thin border-neutral-light-700\">\n<hr\/>\n<\/section>\n<\/div>\n<p><script id=\"facebookpixel\" defer=\"\" type=\"text\/javascript\">\n        !function(f,b,e,v,n,t,s)\n        {if(f.fbq)return;n=f.fbq=function(){n.callMethod?\n        n.callMethod.apply(n,arguments):n.queue.push(arguments)};\n        if(!f._fbq)f._fbq=n;n.push=n;n.loaded=!0;n.version='2.0';\n        n.queue=[];t=b.createElement(e);t.async=!0;\n        t.src=v;s=b.getElementsByTagName(e)[0];\n        s.parentNode.insertBefore(t,s)}(window, document,'script',\n        'https:\/\/connect.facebook.net\/en_US\/fbevents.js');\n        fbq('init', '492459597522335');\n        fbq('track', 'PageView');\n    <\/script><br \/>\n<br \/><\/p>\n","protected":false},"excerpt":{"rendered":"<p>WASHINGTON.\u2014 El presidente estadounidense, Donald Trump, inst\u00f3 a Ir\u00e1n a \u201cespabilar\u201d ante el estancamiento de las negociaciones sobre la guerra, mientras reportes de prensa aseguran que orden\u00f3 a su equipo que se prepare para un bloqueo prolongado de los puertos iran\u00edes. Su mensaje lleg\u00f3 mientras la Casa Blanca analiza una propuesta del r\u00e9gimen isl\u00e1mico para [&hellip;]<\/p>\n","protected":false},"author":2,"featured_media":193956,"comment_status":"closed","ping_status":"closed","sticky":false,"template":"","format":"standard","meta":{"footnotes":""},"categories":[26],"tags":[],"class_list":["post-193955","post","type-post","status-publish","format-standard","has-post-thumbnail","hentry","category-internacionales"],"yoast_head":"<!-- This site is optimized with the Yoast SEO plugin v24.4 - https:\/\/yoast.com\/wordpress\/plugins\/seo\/ -->\n<title>Trump lanz\u00f3 una amenaza a Ir\u00e1n y comparti\u00f3 una imagen suya con un fusil creada con IA - GYS NOTICIAS |<\/title>\n<meta name=\"robots\" content=\"index, follow, max-snippet:-1, max-image-preview:large, max-video-preview:-1\" \/>\n<link rel=\"canonical\" href=\"https:\/\/gysfm.com.ar\/inicio\/trump-lanzo-una-amenaza-a-iran-y-compartio-una-imagen-suya-con-un-fusil-creada-con-ia\/\" \/>\n<meta property=\"og:locale\" content=\"es_ES\" \/>\n<meta property=\"og:type\" content=\"article\" \/>\n<meta property=\"og:title\" content=\"Trump lanz\u00f3 una amenaza a Ir\u00e1n y comparti\u00f3 una imagen suya con un fusil creada con IA - GYS NOTICIAS |\" \/>\n<meta property=\"og:description\" content=\"WASHINGTON.\u2014 El presidente estadounidense, Donald Trump, inst\u00f3 a Ir\u00e1n a \u201cespabilar\u201d ante el estancamiento de las negociaciones sobre la guerra, mientras reportes de prensa aseguran que orden\u00f3 a su equipo que se prepare para un bloqueo prolongado de los puertos iran\u00edes. Su mensaje lleg\u00f3 mientras la Casa Blanca analiza una propuesta del r\u00e9gimen isl\u00e1mico para [&hellip;]\" \/>\n<meta property=\"og:url\" content=\"https:\/\/gysfm.com.ar\/inicio\/trump-lanzo-una-amenaza-a-iran-y-compartio-una-imagen-suya-con-un-fusil-creada-con-ia\/\" \/>\n<meta property=\"og:site_name\" content=\"GYS NOTICIAS |\" \/>\n<meta property=\"article:published_time\" content=\"2026-04-30T21:38:30+00:00\" \/>\n<meta property=\"article:modified_time\" content=\"2026-04-30T21:38:31+00:00\" \/>\n<meta property=\"og:image\" content=\"https:\/\/gysfm.com.ar\/inicio\/wp-content\/uploads\/2026\/04\/la-foto-intervenida-que-publico-trump-para-mandar-TEVB4KPOHJCLBHIUNTWXLVFGTE.jpg\" \/>\n\t<meta property=\"og:image:width\" content=\"1200\" \/>\n\t<meta property=\"og:image:height\" content=\"800\" \/>\n\t<meta property=\"og:image:type\" content=\"image\/jpeg\" \/>\n<meta name=\"author\" content=\"Prensa G&amp;S FM\" \/>\n<meta name=\"twitter:card\" content=\"summary_large_image\" \/>\n<meta name=\"twitter:label1\" content=\"Escrito por\" \/>\n\t<meta name=\"twitter:data1\" content=\"Prensa G&amp;S FM\" \/>\n\t<meta name=\"twitter:label2\" content=\"Tiempo de lectura\" \/>\n\t<meta name=\"twitter:data2\" content=\"4 minutos\" \/>\n<script type=\"application\/ld+json\" class=\"yoast-schema-graph\">{\"@context\":\"https:\/\/schema.org\",\"@graph\":[{\"@type\":\"Article\",\"@id\":\"https:\/\/gysfm.com.ar\/inicio\/trump-lanzo-una-amenaza-a-iran-y-compartio-una-imagen-suya-con-un-fusil-creada-con-ia\/#article\",\"isPartOf\":{\"@id\":\"https:\/\/gysfm.com.ar\/inicio\/trump-lanzo-una-amenaza-a-iran-y-compartio-una-imagen-suya-con-un-fusil-creada-con-ia\/\"},\"author\":{\"name\":\"Prensa G&amp;S FM\",\"@id\":\"https:\/\/gysfm.com.ar\/inicio\/#\/schema\/person\/3abba7593ef2ad19e1be221d54383dc5\"},\"headline\":\"Trump lanz\u00f3 una amenaza a Ir\u00e1n y comparti\u00f3 una imagen suya con un fusil creada con IA\",\"datePublished\":\"2026-04-30T21:38:30+00:00\",\"dateModified\":\"2026-04-30T21:38:31+00:00\",\"mainEntityOfPage\":{\"@id\":\"https:\/\/gysfm.com.ar\/inicio\/trump-lanzo-una-amenaza-a-iran-y-compartio-una-imagen-suya-con-un-fusil-creada-con-ia\/\"},\"wordCount\":831,\"publisher\":{\"@id\":\"https:\/\/gysfm.com.ar\/inicio\/#organization\"},\"image\":{\"@id\":\"https:\/\/gysfm.com.ar\/inicio\/trump-lanzo-una-amenaza-a-iran-y-compartio-una-imagen-suya-con-un-fusil-creada-con-ia\/#primaryimage\"},\"thumbnailUrl\":\"https:\/\/gysfm.com.ar\/inicio\/wp-content\/uploads\/2026\/04\/la-foto-intervenida-que-publico-trump-para-mandar-TEVB4KPOHJCLBHIUNTWXLVFGTE.jpg\",\"articleSection\":[\"INTERNACIONALES\"],\"inLanguage\":\"es\"},{\"@type\":\"WebPage\",\"@id\":\"https:\/\/gysfm.com.ar\/inicio\/trump-lanzo-una-amenaza-a-iran-y-compartio-una-imagen-suya-con-un-fusil-creada-con-ia\/\",\"url\":\"https:\/\/gysfm.com.ar\/inicio\/trump-lanzo-una-amenaza-a-iran-y-compartio-una-imagen-suya-con-un-fusil-creada-con-ia\/\",\"name\":\"Trump lanz\u00f3 una amenaza a Ir\u00e1n y comparti\u00f3 una imagen suya con un fusil creada con IA - GYS NOTICIAS |\",\"isPartOf\":{\"@id\":\"https:\/\/gysfm.com.ar\/inicio\/#website\"},\"primaryImageOfPage\":{\"@id\":\"https:\/\/gysfm.com.ar\/inicio\/trump-lanzo-una-amenaza-a-iran-y-compartio-una-imagen-suya-con-un-fusil-creada-con-ia\/#primaryimage\"},\"image\":{\"@id\":\"https:\/\/gysfm.com.ar\/inicio\/trump-lanzo-una-amenaza-a-iran-y-compartio-una-imagen-suya-con-un-fusil-creada-con-ia\/#primaryimage\"},\"thumbnailUrl\":\"https:\/\/gysfm.com.ar\/inicio\/wp-content\/uploads\/2026\/04\/la-foto-intervenida-que-publico-trump-para-mandar-TEVB4KPOHJCLBHIUNTWXLVFGTE.jpg\",\"datePublished\":\"2026-04-30T21:38:30+00:00\",\"dateModified\":\"2026-04-30T21:38:31+00:00\",\"breadcrumb\":{\"@id\":\"https:\/\/gysfm.com.ar\/inicio\/trump-lanzo-una-amenaza-a-iran-y-compartio-una-imagen-suya-con-un-fusil-creada-con-ia\/#breadcrumb\"},\"inLanguage\":\"es\",\"potentialAction\":[{\"@type\":\"ReadAction\",\"target\":[\"https:\/\/gysfm.com.ar\/inicio\/trump-lanzo-una-amenaza-a-iran-y-compartio-una-imagen-suya-con-un-fusil-creada-con-ia\/\"]}]},{\"@type\":\"ImageObject\",\"inLanguage\":\"es\",\"@id\":\"https:\/\/gysfm.com.ar\/inicio\/trump-lanzo-una-amenaza-a-iran-y-compartio-una-imagen-suya-con-un-fusil-creada-con-ia\/#primaryimage\",\"url\":\"https:\/\/gysfm.com.ar\/inicio\/wp-content\/uploads\/2026\/04\/la-foto-intervenida-que-publico-trump-para-mandar-TEVB4KPOHJCLBHIUNTWXLVFGTE.jpg\",\"contentUrl\":\"https:\/\/gysfm.com.ar\/inicio\/wp-content\/uploads\/2026\/04\/la-foto-intervenida-que-publico-trump-para-mandar-TEVB4KPOHJCLBHIUNTWXLVFGTE.jpg\",\"width\":1200,\"height\":800},{\"@type\":\"BreadcrumbList\",\"@id\":\"https:\/\/gysfm.com.ar\/inicio\/trump-lanzo-una-amenaza-a-iran-y-compartio-una-imagen-suya-con-un-fusil-creada-con-ia\/#breadcrumb\",\"itemListElement\":[{\"@type\":\"ListItem\",\"position\":1,\"name\":\"Portada\",\"item\":\"https:\/\/gysfm.com.ar\/inicio\/\"},{\"@type\":\"ListItem\",\"position\":2,\"name\":\"Trump lanz\u00f3 una amenaza a Ir\u00e1n y comparti\u00f3 una imagen suya con un fusil creada con IA\"}]},{\"@type\":\"WebSite\",\"@id\":\"https:\/\/gysfm.com.ar\/inicio\/#website\",\"url\":\"https:\/\/gysfm.com.ar\/inicio\/\",\"name\":\"GYS NOTICIAS |\",\"description\":\"DIARIO - RADIO ONLINE SAN JUAN ARGENTINA\",\"publisher\":{\"@id\":\"https:\/\/gysfm.com.ar\/inicio\/#organization\"},\"potentialAction\":[{\"@type\":\"SearchAction\",\"target\":{\"@type\":\"EntryPoint\",\"urlTemplate\":\"https:\/\/gysfm.com.ar\/inicio\/?s={search_term_string}\"},\"query-input\":{\"@type\":\"PropertyValueSpecification\",\"valueRequired\":true,\"valueName\":\"search_term_string\"}}],\"inLanguage\":\"es\"},{\"@type\":\"Organization\",\"@id\":\"https:\/\/gysfm.com.ar\/inicio\/#organization\",\"name\":\"GYS NOTICIAS |\",\"url\":\"https:\/\/gysfm.com.ar\/inicio\/\",\"logo\":{\"@type\":\"ImageObject\",\"inLanguage\":\"es\",\"@id\":\"https:\/\/gysfm.com.ar\/inicio\/#\/schema\/logo\/image\/\",\"url\":\"https:\/\/gysfm.com.ar\/inicio\/wp-content\/uploads\/2023\/07\/LOGOGYS-OK.png\",\"contentUrl\":\"https:\/\/gysfm.com.ar\/inicio\/wp-content\/uploads\/2023\/07\/LOGOGYS-OK.png\",\"width\":1170,\"height\":872,\"caption\":\"GYS NOTICIAS |\"},\"image\":{\"@id\":\"https:\/\/gysfm.com.ar\/inicio\/#\/schema\/logo\/image\/\"}},{\"@type\":\"Person\",\"@id\":\"https:\/\/gysfm.com.ar\/inicio\/#\/schema\/person\/3abba7593ef2ad19e1be221d54383dc5\",\"name\":\"Prensa G&amp;S FM\",\"image\":{\"@type\":\"ImageObject\",\"inLanguage\":\"es\",\"@id\":\"https:\/\/gysfm.com.ar\/inicio\/#\/schema\/person\/image\/\",\"url\":\"https:\/\/secure.gravatar.com\/avatar\/096ec78df02049ab018702bb4ccedf659377fa92a26540b5247612077a0dbd29?s=96&d=mm&r=g\",\"contentUrl\":\"https:\/\/secure.gravatar.com\/avatar\/096ec78df02049ab018702bb4ccedf659377fa92a26540b5247612077a0dbd29?s=96&d=mm&r=g\",\"caption\":\"Prensa G&amp;S FM\"},\"sameAs\":[\"https:\/\/gysfm.com.ar\/\"],\"url\":\"https:\/\/gysfm.com.ar\/inicio\/author\/lucasm\/\"}]}<\/script>\n<!-- \/ Yoast SEO plugin. -->","yoast_head_json":{"title":"Trump lanz\u00f3 una amenaza a Ir\u00e1n y comparti\u00f3 una imagen suya con un fusil creada con IA - GYS NOTICIAS |","robots":{"index":"index","follow":"follow","max-snippet":"max-snippet:-1","max-image-preview":"max-image-preview:large","max-video-preview":"max-video-preview:-1"},"canonical":"https:\/\/gysfm.com.ar\/inicio\/trump-lanzo-una-amenaza-a-iran-y-compartio-una-imagen-suya-con-un-fusil-creada-con-ia\/","og_locale":"es_ES","og_type":"article","og_title":"Trump lanz\u00f3 una amenaza a Ir\u00e1n y comparti\u00f3 una imagen suya con un fusil creada con IA - GYS NOTICIAS |","og_description":"WASHINGTON.\u2014 El presidente estadounidense, Donald Trump, inst\u00f3 a Ir\u00e1n a \u201cespabilar\u201d ante el estancamiento de las negociaciones sobre la guerra, mientras reportes de prensa aseguran que orden\u00f3 a su equipo que se prepare para un bloqueo prolongado de los puertos iran\u00edes. Su mensaje lleg\u00f3 mientras la Casa Blanca analiza una propuesta del r\u00e9gimen isl\u00e1mico para [&hellip;]","og_url":"https:\/\/gysfm.com.ar\/inicio\/trump-lanzo-una-amenaza-a-iran-y-compartio-una-imagen-suya-con-un-fusil-creada-con-ia\/","og_site_name":"GYS NOTICIAS |","article_published_time":"2026-04-30T21:38:30+00:00","article_modified_time":"2026-04-30T21:38:31+00:00","og_image":[{"width":1200,"height":800,"url":"https:\/\/gysfm.com.ar\/inicio\/wp-content\/uploads\/2026\/04\/la-foto-intervenida-que-publico-trump-para-mandar-TEVB4KPOHJCLBHIUNTWXLVFGTE.jpg","type":"image\/jpeg"}],"author":"Prensa G&amp;S FM","twitter_card":"summary_large_image","twitter_misc":{"Escrito por":"Prensa G&amp;S FM","Tiempo de lectura":"4 minutos"},"schema":{"@context":"https:\/\/schema.org","@graph":[{"@type":"Article","@id":"https:\/\/gysfm.com.ar\/inicio\/trump-lanzo-una-amenaza-a-iran-y-compartio-una-imagen-suya-con-un-fusil-creada-con-ia\/#article","isPartOf":{"@id":"https:\/\/gysfm.com.ar\/inicio\/trump-lanzo-una-amenaza-a-iran-y-compartio-una-imagen-suya-con-un-fusil-creada-con-ia\/"},"author":{"name":"Prensa G&amp;S FM","@id":"https:\/\/gysfm.com.ar\/inicio\/#\/schema\/person\/3abba7593ef2ad19e1be221d54383dc5"},"headline":"Trump lanz\u00f3 una amenaza a Ir\u00e1n y comparti\u00f3 una imagen suya con un fusil creada con IA","datePublished":"2026-04-30T21:38:30+00:00","dateModified":"2026-04-30T21:38:31+00:00","mainEntityOfPage":{"@id":"https:\/\/gysfm.com.ar\/inicio\/trump-lanzo-una-amenaza-a-iran-y-compartio-una-imagen-suya-con-un-fusil-creada-con-ia\/"},"wordCount":831,"publisher":{"@id":"https:\/\/gysfm.com.ar\/inicio\/#organization"},"image":{"@id":"https:\/\/gysfm.com.ar\/inicio\/trump-lanzo-una-amenaza-a-iran-y-compartio-una-imagen-suya-con-un-fusil-creada-con-ia\/#primaryimage"},"thumbnailUrl":"https:\/\/gysfm.com.ar\/inicio\/wp-content\/uploads\/2026\/04\/la-foto-intervenida-que-publico-trump-para-mandar-TEVB4KPOHJCLBHIUNTWXLVFGTE.jpg","articleSection":["INTERNACIONALES"],"inLanguage":"es"},{"@type":"WebPage","@id":"https:\/\/gysfm.com.ar\/inicio\/trump-lanzo-una-amenaza-a-iran-y-compartio-una-imagen-suya-con-un-fusil-creada-con-ia\/","url":"https:\/\/gysfm.com.ar\/inicio\/trump-lanzo-una-amenaza-a-iran-y-compartio-una-imagen-suya-con-un-fusil-creada-con-ia\/","name":"Trump lanz\u00f3 una amenaza a Ir\u00e1n y comparti\u00f3 una imagen suya con un fusil creada con IA - GYS NOTICIAS |","isPartOf":{"@id":"https:\/\/gysfm.com.ar\/inicio\/#website"},"primaryImageOfPage":{"@id":"https:\/\/gysfm.com.ar\/inicio\/trump-lanzo-una-amenaza-a-iran-y-compartio-una-imagen-suya-con-un-fusil-creada-con-ia\/#primaryimage"},"image":{"@id":"https:\/\/gysfm.com.ar\/inicio\/trump-lanzo-una-amenaza-a-iran-y-compartio-una-imagen-suya-con-un-fusil-creada-con-ia\/#primaryimage"},"thumbnailUrl":"https:\/\/gysfm.com.ar\/inicio\/wp-content\/uploads\/2026\/04\/la-foto-intervenida-que-publico-trump-para-mandar-TEVB4KPOHJCLBHIUNTWXLVFGTE.jpg","datePublished":"2026-04-30T21:38:30+00:00","dateModified":"2026-04-30T21:38:31+00:00","breadcrumb":{"@id":"https:\/\/gysfm.com.ar\/inicio\/trump-lanzo-una-amenaza-a-iran-y-compartio-una-imagen-suya-con-un-fusil-creada-con-ia\/#breadcrumb"},"inLanguage":"es","potentialAction":[{"@type":"ReadAction","target":["https:\/\/gysfm.com.ar\/inicio\/trump-lanzo-una-amenaza-a-iran-y-compartio-una-imagen-suya-con-un-fusil-creada-con-ia\/"]}]},{"@type":"ImageObject","inLanguage":"es","@id":"https:\/\/gysfm.com.ar\/inicio\/trump-lanzo-una-amenaza-a-iran-y-compartio-una-imagen-suya-con-un-fusil-creada-con-ia\/#primaryimage","url":"https:\/\/gysfm.com.ar\/inicio\/wp-content\/uploads\/2026\/04\/la-foto-intervenida-que-publico-trump-para-mandar-TEVB4KPOHJCLBHIUNTWXLVFGTE.jpg","contentUrl":"https:\/\/gysfm.com.ar\/inicio\/wp-content\/uploads\/2026\/04\/la-foto-intervenida-que-publico-trump-para-mandar-TEVB4KPOHJCLBHIUNTWXLVFGTE.jpg","width":1200,"height":800},{"@type":"BreadcrumbList","@id":"https:\/\/gysfm.com.ar\/inicio\/trump-lanzo-una-amenaza-a-iran-y-compartio-una-imagen-suya-con-un-fusil-creada-con-ia\/#breadcrumb","itemListElement":[{"@type":"ListItem","position":1,"name":"Portada","item":"https:\/\/gysfm.com.ar\/inicio\/"},{"@type":"ListItem","position":2,"name":"Trump lanz\u00f3 una amenaza a Ir\u00e1n y comparti\u00f3 una imagen suya con un fusil creada con IA"}]},{"@type":"WebSite","@id":"https:\/\/gysfm.com.ar\/inicio\/#website","url":"https:\/\/gysfm.com.ar\/inicio\/","name":"GYS NOTICIAS |","description":"DIARIO - RADIO ONLINE SAN JUAN ARGENTINA","publisher":{"@id":"https:\/\/gysfm.com.ar\/inicio\/#organization"},"potentialAction":[{"@type":"SearchAction","target":{"@type":"EntryPoint","urlTemplate":"https:\/\/gysfm.com.ar\/inicio\/?s={search_term_string}"},"query-input":{"@type":"PropertyValueSpecification","valueRequired":true,"valueName":"search_term_string"}}],"inLanguage":"es"},{"@type":"Organization","@id":"https:\/\/gysfm.com.ar\/inicio\/#organization","name":"GYS NOTICIAS |","url":"https:\/\/gysfm.com.ar\/inicio\/","logo":{"@type":"ImageObject","inLanguage":"es","@id":"https:\/\/gysfm.com.ar\/inicio\/#\/schema\/logo\/image\/","url":"https:\/\/gysfm.com.ar\/inicio\/wp-content\/uploads\/2023\/07\/LOGOGYS-OK.png","contentUrl":"https:\/\/gysfm.com.ar\/inicio\/wp-content\/uploads\/2023\/07\/LOGOGYS-OK.png","width":1170,"height":872,"caption":"GYS NOTICIAS |"},"image":{"@id":"https:\/\/gysfm.com.ar\/inicio\/#\/schema\/logo\/image\/"}},{"@type":"Person","@id":"https:\/\/gysfm.com.ar\/inicio\/#\/schema\/person\/3abba7593ef2ad19e1be221d54383dc5","name":"Prensa G&amp;S FM","image":{"@type":"ImageObject","inLanguage":"es","@id":"https:\/\/gysfm.com.ar\/inicio\/#\/schema\/person\/image\/","url":"https:\/\/secure.gravatar.com\/avatar\/096ec78df02049ab018702bb4ccedf659377fa92a26540b5247612077a0dbd29?s=96&d=mm&r=g","contentUrl":"https:\/\/secure.gravatar.com\/avatar\/096ec78df02049ab018702bb4ccedf659377fa92a26540b5247612077a0dbd29?s=96&d=mm&r=g","caption":"Prensa G&amp;S FM"},"sameAs":["https:\/\/gysfm.com.ar\/"],"url":"https:\/\/gysfm.com.ar\/inicio\/author\/lucasm\/"}]}},"_links":{"self":[{"href":"https:\/\/gysfm.com.ar\/inicio\/wp-json\/wp\/v2\/posts\/193955","targetHints":{"allow":["GET"]}}],"collection":[{"href":"https:\/\/gysfm.com.ar\/inicio\/wp-json\/wp\/v2\/posts"}],"about":[{"href":"https:\/\/gysfm.com.ar\/inicio\/wp-json\/wp\/v2\/types\/post"}],"author":[{"embeddable":true,"href":"https:\/\/gysfm.com.ar\/inicio\/wp-json\/wp\/v2\/users\/2"}],"replies":[{"embeddable":true,"href":"https:\/\/gysfm.com.ar\/inicio\/wp-json\/wp\/v2\/comments?post=193955"}],"version-history":[{"count":1,"href":"https:\/\/gysfm.com.ar\/inicio\/wp-json\/wp\/v2\/posts\/193955\/revisions"}],"predecessor-version":[{"id":193957,"href":"https:\/\/gysfm.com.ar\/inicio\/wp-json\/wp\/v2\/posts\/193955\/revisions\/193957"}],"wp:featuredmedia":[{"embeddable":true,"href":"https:\/\/gysfm.com.ar\/inicio\/wp-json\/wp\/v2\/media\/193956"}],"wp:attachment":[{"href":"https:\/\/gysfm.com.ar\/inicio\/wp-json\/wp\/v2\/media?parent=193955"}],"wp:term":[{"taxonomy":"category","embeddable":true,"href":"https:\/\/gysfm.com.ar\/inicio\/wp-json\/wp\/v2\/categories?post=193955"},{"taxonomy":"post_tag","embeddable":true,"href":"https:\/\/gysfm.com.ar\/inicio\/wp-json\/wp\/v2\/tags?post=193955"}],"curies":[{"name":"wp","href":"https:\/\/api.w.org\/{rel}","templated":true}]}}