{"id":193954,"date":"2026-04-30T18:24:38","date_gmt":"2026-04-30T21:24:38","guid":{"rendered":"https:\/\/gysfm.com.ar\/inicio\/el-gobierno-actualizo-el-impuesto-a-los-combustibles-para-mayo-sube-la-nafta\/"},"modified":"2026-04-30T18:24:38","modified_gmt":"2026-04-30T21:24:38","slug":"el-gobierno-actualizo-el-impuesto-a-los-combustibles-para-mayo-sube-la-nafta","status":"publish","type":"post","link":"https:\/\/gysfm.com.ar\/inicio\/el-gobierno-actualizo-el-impuesto-a-los-combustibles-para-mayo-sube-la-nafta\/","title":{"rendered":"El Gobierno actualiz\u00f3 el impuesto a los combustibles para mayo: \u00bfSube la nafta?"},"content":{"rendered":"<p><\/p>\n<div id=\"article-content\">\n<p>El <a target=\"_blank\" href=\"https:\/\/www.perfil.com\/noticias\/sociedad\/ypf-aumento-el-precio-de-sus-combustibles-apenas-27-dias-despues-de-anunciar-un-congelamiento-por-45-dias.phtml\">Gobierno nacional decret\u00f3 una nueva modificaci\u00f3n <\/a>en la carga tributaria sobre los combustibles l\u00edquidos y el di\u00f3xido de carbono, que <strong>ser\u00e1 del 0,5%<\/strong> y comenzar\u00e1 a regir desde el primer d\u00eda de mayo del 2026,<a target=\"_blank\" href=\"https:\/\/www.perfil.com\/noticias\/cordoba\/ventas-de-combustibles-en-baja-por-que-cordoba-sigue-siendo-clave-en-el-consumo.phtml\"> en donde se estableci\u00f3 un esquema de actualizaci\u00f3n parcial<\/a> mientras <strong>se pospone una parte de los incrementos acumulados para junio de este mismo a\u00f1o.<\/strong><\/p>\n<p class=\"destacadoNota\"><a target=\"_blank\" href=\"https:\/\/www.perfil.com\/noticias\/sociedad\/ypf-aumento-el-precio-de-sus-combustibles-apenas-27-dias-despues-de-anunciar-un-congelamiento-por-45-dias.phtml\">YPF aument\u00f3 el precio de sus combustibles, apenas 27 d\u00edas despu\u00e9s de anunciar un congelamiento por 45 d\u00edas<\/a><\/p>\n<p>La normativa fue publicada en el Bolet\u00edn Oficial del jueves 30 de abril, en el <a target=\"_blank\" href=\"https:\/\/www.boletinoficial.gob.ar\/detalleAviso\/primera\/341357\/20260430\"><strong>Decreto 302\/2026<\/strong><\/a>, con las firmas del presidente Javier Milei; el jefe de Gabinete, Manuel Adorni; y el ministro de Econom\u00eda, Luis Caputo.<\/p>\n<p>La medida<strong> alcanza a la nafta sin plomo, la nafta virgen y el gasoil,<\/strong> y se enmarca en los cambios introducidos a la Ley N\u00b0 23.966, que <strong>fija montos espec\u00edficos<\/strong> para estos tributos, actualizables en funci\u00f3n del<a target=\"_blank\" href=\"https:\/\/www.perfil.com\/noticias\/canal-e\/el-detras-de-la-suba-de-la-nafta-el-incremento-de-los-precios-en-los-combustibles-siguio-el-incremento-de-la-inflacion.phtml\"> \u00cdndice de Precios al Consumidor (IPC)<\/a> elaborado por el Instituto Nacional de Estad\u00edsticas y Censos (INDEC).<\/p>\n<div style=\"text-align:center\">\n<figure class=\"image\" style=\"display:inline-block\"><picture><source media=\"(max-width: 440px)\" srcset=\"https:\/\/fotos.perfil.com\/\/2026\/04\/07\/440\/0\/ventas-de-combustibles-en-baja-por-que-cordoba-sigue-siendo-clave-en-el-consumo-2216078.jpg?webp\"\/><source media=\"(max-width: 1019px)\" srcset=\"https:\/\/fotos.perfil.com\/\/2026\/04\/07\/712\/0\/ventas-de-combustibles-en-baja-por-que-cordoba-sigue-siendo-clave-en-el-consumo-2216078.jpg?webp\"\/><img decoding=\"async\" style=\"max-width: 100%; width: 100%;\" alt=\"Ventas de combustibles en baja: por qu\u00e9 C\u00f3rdoba sigue siendo clave en el consumo\" src=\"https:\/\/fotos.perfil.com\/\/2026\/04\/07\/900\/0\/ventas-de-combustibles-en-baja-por-que-cordoba-sigue-siendo-clave-en-el-consumo-2216078.jpg?webp\" loading=\"lazy\"\/><\/picture>&#13;<figcaption>El aumento de impuesto a los combustibles es de 0.5% en mayo 2026.<\/figcaption>&#13;<br \/>\n<\/figure>\n<\/div>\n<p>En los considerandos del decreto, el Ejecutivo record\u00f3 que \u201ccon el prop\u00f3sito de continuar estimulando el crecimiento de la econom\u00eda a trav\u00e9s de un sendero fiscal sostenible, resulta necesario, para los productos en cuesti\u00f3n, <strong>diferir parcialmente los incrementos remanentes<\/strong> originados en las referidas actualizaciones\u201d.<\/p>\n<h2><strong>Cambios en el esquema impositivo<\/strong><\/h2>\n<p>El decreto incorpora un nuevo inciso al art\u00edculo 1\u00b0 del Decreto 617\/2025, que <strong>define los montos de incremento<\/strong> impositivo aplicables a los hechos imponibles que se perfeccionen entre el 1\u00b0 y el 31 de mayo de 2026, ambas fechas inclusive.<\/p>\n<p>En ese per\u00edodo,<strong> los aumentos alcanzar\u00e1n<\/strong> tanto al Impuesto sobre los Combustibles L\u00edquidos como al Impuesto al Di\u00f3xido de Carbono, con valores diferenciados seg\u00fan el tipo de producto.<\/p>\n<p class=\"destacadoNota\"><a target=\"_blank\" href=\"https:\/\/www.perfil.com\/noticias\/canal-e\/el-detras-de-la-suba-de-la-nafta-el-incremento-de-los-precios-en-los-combustibles-siguio-el-incremento-de-la-inflacion.phtml\">El detr\u00e1s de la suba de la nafta: \u201cEl incremento de los precios en los combustibles sigui\u00f3 el incremento de la inflaci\u00f3n\u00bb<\/a><\/p>\n<p>Para las <strong>naftas sin plomo y la nafta virgen<\/strong> \u2014 tanto de hasta 92 RON como de mayor octanaje y la virgen \u2014 el incremento ser\u00e1 de $10,398 por unidad de medida en el impuesto a los<strong> combustibles l\u00edquidos<\/strong> y de $0,637 en el gravamen al di\u00f3xido de carbono.<\/p>\n<p>En el caso del <strong>gasoil<\/strong>, el ajuste ser\u00e1 de <strong>$9,269<\/strong> en el impuesto general, a lo que <strong>se suma<\/strong> un incremento diferencial de <strong>$5,019<\/strong> para determinadas regiones del pa\u00eds, junto con $1,056 correspondiente al gravamen ambiental. Este tratamiento diferencial alcanza a zonas como la Patagonia, La Pampa y el sur de Mendoza, donde hist\u00f3ricamente se aplican esquemas particulares.<\/p>\n<div style=\"text-align:center\">\n<figure class=\"image\" style=\"display:inline-block\"><picture><source media=\"(max-width: 440px)\" srcset=\"https:\/\/fotos.perfil.com\/\/2026\/04\/30\/440\/0\/aumentos-en-los-impuestos-de-los-combustibles-en-mayo-2230881.png?webp\"\/><source media=\"(max-width: 1019px)\" srcset=\"https:\/\/fotos.perfil.com\/\/2026\/04\/30\/712\/0\/aumentos-en-los-impuestos-de-los-combustibles-en-mayo-2230881.png?webp\"\/><img decoding=\"async\" style=\"max-width: 100%; width: 100%;\" alt=\"Aumentos en los impuestos de los combustibles en mayo\" src=\"https:\/\/fotos.perfil.com\/\/2026\/04\/30\/900\/0\/aumentos-en-los-impuestos-de-los-combustibles-en-mayo-2230881.png\" loading=\"lazy\"\/><\/picture>&#13;<figcaption>Cr\u00e9dito: Bolet\u00edn Oficial del 30 de abril de 2026, Decreto 302\/2026<\/figcaption>&#13;<br \/>\n<\/figure>\n<\/div>\n<h2><strong>El petr\u00f3leo en nuevos m\u00e1ximos de u$s126<\/strong><\/h2>\n<p>Los<strong> precios del petr\u00f3leo volvieron a dispararse<\/strong> este jueves que c<a target=\"_blank\" href=\"https:\/\/www.perfil.com\/noticias\/economia\/el-precio-del-petroleo-se-dispara-hasta-los-119-dolares-el-valor-mas-alto-desde-2022-a40.phtml\">ierra el mes de abril y el Brent<\/a> alcanz\u00f3 su nivel m\u00e1s alto desde 2022, en medio de los temores por una prolongaci\u00f3n del bloqueo en el Estrecho de Ormuz, una v\u00eda estrat\u00e9gica por la que suele transitar cerca de una quinta parte del crudo mundial.<\/p>\n<p>Seg\u00fan inform\u00f3 AFP, <strong>el barril de Brent<\/strong>, referencia internacional del mercado,<strong> lleg\u00f3 a superar los US$ 126 durante la rueda asi\u00e1tica<\/strong> y luego<strong> moderaba la suba hasta ubicarse en torno a US$ 122,22<\/strong>, con un avance de 3,55%. El <strong>West Texas Intermediate<\/strong>, referencia estadounidense, sub\u00eda 1,43%, <strong>hasta US$ 108,41,<\/strong> despu\u00e9s de haber escalado casi 7% el mi\u00e9rcoles. Reuters tambi\u00e9n report\u00f3 que el Brent toc\u00f3 un p<strong>ico intradiario de US$ 126,41<\/strong>, el mayor nivel desde marzo de 2022.<\/p>\n<p class=\"destacadoNota\"><a target=\"_blank\" href=\"https:\/\/www.perfil.com\/noticias\/economia\/el-petroleo-en-nuevos-maximos-de-us126-por-ormuz-reaviva-los-llamados-a-acelerar-la-transicion-energetica-a40.phtml\">El petr\u00f3leo en nuevos m\u00e1ximos de u$s126 por Ormuz, reaviva los llamados a acelerar la transici\u00f3n energ\u00e9tica<\/a><\/p>\n<p><strong>El salto del crudo responde a la incertidumbre sobre la reapertura del estrecho de Ormuz,<\/strong> pr\u00e1cticamente paralizado desde fines de febrero, tras el inicio de la guerra entre Estados Unidos e Israel contra Ir\u00e1n. La tensi\u00f3n se profundiz\u00f3 luego de que un alto funcionario de la Casa Blanca indicara que el presidente Donald Trump mencion\u00f3 ante l\u00edderes del sector petrolero la posibilidad de que el cerco impuesto a puertos iran\u00edes se prolongue \u201cdurante varios meses\u201d.<\/p>\n<p><strong>\u201cEl bloqueo es algo m\u00e1s efectivo que los bombardeos. Se est\u00e1n asfixiando\u201d<\/strong>, declar\u00f3 Trump al portal Axios, seg\u00fan el cable de AFP. El mandatario agreg\u00f3 que la acci\u00f3n naval no terminar\u00eda hasta conseguir un acuerdo con Teher\u00e1n para abordar su programa nuclear.<\/p>\n<div style=\"text-align:center\">\n<figure class=\"image\" style=\"display:inline-block\"><picture><source media=\"(max-width: 440px)\" srcset=\"https:\/\/fotos.perfil.com\/\/2026\/04\/27\/440\/0\/deberia-ser-fichado-por-la-nfl-las-palabras-de-donald-trump-sobre-su-atacante-cole-tomas-allen-2228304.jpg?webp\"\/><source media=\"(max-width: 1019px)\" srcset=\"https:\/\/fotos.perfil.com\/\/2026\/04\/27\/712\/0\/deberia-ser-fichado-por-la-nfl-las-palabras-de-donald-trump-sobre-su-atacante-cole-tomas-allen-2228304.jpg?webp\"\/><img decoding=\"async\" style=\"max-width: 100%; width: 100%;\" alt=\"'Deber\u00eda ser fichado por la NFL': las palabras de Donald Trump sobre su atacante, Cole Tomas Allen\" src=\"https:\/\/fotos.perfil.com\/\/2026\/04\/27\/900\/0\/deberia-ser-fichado-por-la-nfl-las-palabras-de-donald-trump-sobre-su-atacante-cole-tomas-allen-2228304.jpg?webp\" loading=\"lazy\"\/><\/picture>&#13;<figcaption>\u201cEl bloqueo es algo m\u00e1s efectivo que los bombardeos. Se est\u00e1n asfixiando\u201d, declar\u00f3 Donald Trump<\/figcaption>&#13;<br \/>\n<\/figure>\n<\/div>\n<h2><strong>YPF aument\u00f3 el precio de sus combustibles: no cumpli\u00f3 con el congelamiento por 45 d\u00edas<\/strong><\/h2>\n<p>El pasado 1 de abril, <strong>YPF<\/strong> anunci\u00f3 que no habr\u00eda aumentos en los<strong> combustibles<\/strong> por 45 d\u00edas, sin embargo, <strong>acaba de producirse un nuevo incremento<\/strong>, lo que sorprendi\u00f3 a los consumidores, que reaccionaron en las redes sociales ante esta medida inesperada convirtiendo el tema en tendencia.<\/p>\n<p>La noticia fue dada por el portal <em>Noticias Ya<\/em>, quien adem\u00e1s comparti\u00f3 una captura con los nuevos valores anunciado por las estaciones de servicio YPF. <strong>Los nuevos precios, para la nafta y el GNC<\/strong>, dados a conocer el 28 de abril son los siguientes:<\/p>\n<p>&#8211; <strong>Super<\/strong>: 2062 pesos.<\/p>\n<p>&#8211; <strong>Infinia:<\/strong> 2197 pesos.<\/p>\n<p>&#8211; <strong>Infinia Diesel<\/strong>: 2339 pesos.<\/p>\n<p>&#8211; <strong>Diesel 500<\/strong>: 2219 pesos.<\/p>\n<p>&#8211; <strong>GNC: <\/strong>895 pesos.<\/p>\n<p class=\"destacadoNota\"><a target=\"_blank\" href=\"https:\/\/www.perfil.com\/noticias\/economia\/combustibles-las-demas-petroleras-imitaran-a-ypf-y-no-aumentaran-precios-por-45-dias.phtml\">Combustibles: las dem\u00e1s petroleras imitar\u00e1n a YPF y no aumentar\u00e1n precios por 45 d\u00edas<\/a><\/p>\n<p>Es importante poner la situaci\u00f3n en contexto, para entender lo ocurrido. Todo comenz\u00f3 cuando <strong>Horacio Mar\u00edn, presidente de la empresa petrolera nacional<\/strong>, declar\u00f3 el pasado mi\u00e9rcoles 1 de abril: \u201cen YPF<strong> hemos decidido crear un buffer (amortiguador) de precios<\/strong> para estabilizar los precios de los combustibles hasta 45 d\u00edas. Nosotros nos debemos a los consumidores porque los consumidores son los que nos hacen facturar 12.000 millones de d\u00f3lares\u201d, dijo en una entrevista que le dio a Esteban Trebucq, en<em> LN+<\/em>.<\/p>\n<p>Mar\u00edn aclar\u00f3 que \u201cno es un tope de precio. Significa que <strong>vamos a dejar el precio hasta 45 d\u00edas aproximadamente constante.<\/strong> El precio de barril en Argentina es precio libre y seguir\u00e1 siendo libre\u00bb.<\/p>\n<p>GZ \/ LR<\/p>\n<\/p><\/div>\n<p><script>\n                !function(f,b,e,v,n,t,s)\n                {if(f.fbq)return;n=f.fbq=function(){n.callMethod?\n                    n.callMethod.apply(n,arguments):n.queue.push(arguments)};\n                    if(!f._fbq)f._fbq=n;n.push=n;n.loaded=!0;n.version='2.0';\n                    n.queue=[];t=b.createElement(e);t.async=!0;\n                    t.src=v;s=b.getElementsByTagName(e)[0];\n                    s.parentNode.insertBefore(t,s)}(window, document,'script',\n                    'https:\/\/connect.facebook.net\/en_US\/fbevents.js');\n                window.paywallConfig.facebook_pixel=\"1000228364089342\"\n            <\/script><\/p>\n","protected":false},"excerpt":{"rendered":"<p>El Gobierno nacional decret\u00f3 una nueva modificaci\u00f3n en la carga tributaria sobre los combustibles l\u00edquidos y el di\u00f3xido de carbono, que ser\u00e1 del 0,5% y comenzar\u00e1 a regir desde el primer d\u00eda de mayo del 2026, en donde se estableci\u00f3 un esquema de actualizaci\u00f3n parcial mientras se pospone una parte de los incrementos acumulados para [&hellip;]<\/p>\n","protected":false},"author":2,"featured_media":188539,"comment_status":"closed","ping_status":"closed","sticky":false,"template":"","format":"standard","meta":{"footnotes":""},"categories":[25],"tags":[],"class_list":["post-193954","post","type-post","status-publish","format-standard","has-post-thumbnail","hentry","category-nacionales"],"yoast_head":"<!-- This site is optimized with the Yoast SEO plugin v24.4 - https:\/\/yoast.com\/wordpress\/plugins\/seo\/ -->\n<title>El Gobierno actualiz\u00f3 el impuesto a los combustibles para mayo: \u00bfSube la nafta? - GYS NOTICIAS |<\/title>\n<meta name=\"robots\" content=\"index, follow, max-snippet:-1, max-image-preview:large, max-video-preview:-1\" \/>\n<link rel=\"canonical\" href=\"https:\/\/gysfm.com.ar\/inicio\/el-gobierno-actualizo-el-impuesto-a-los-combustibles-para-mayo-sube-la-nafta\/\" \/>\n<meta property=\"og:locale\" content=\"es_ES\" \/>\n<meta property=\"og:type\" content=\"article\" \/>\n<meta property=\"og:title\" content=\"El Gobierno actualiz\u00f3 el impuesto a los combustibles para mayo: \u00bfSube la nafta? - GYS NOTICIAS |\" \/>\n<meta property=\"og:description\" content=\"El Gobierno nacional decret\u00f3 una nueva modificaci\u00f3n en la carga tributaria sobre los combustibles l\u00edquidos y el di\u00f3xido de carbono, que ser\u00e1 del 0,5% y comenzar\u00e1 a regir desde el primer d\u00eda de mayo del 2026, en donde se estableci\u00f3 un esquema de actualizaci\u00f3n parcial mientras se pospone una parte de los incrementos acumulados para [&hellip;]\" \/>\n<meta property=\"og:url\" content=\"https:\/\/gysfm.com.ar\/inicio\/el-gobierno-actualizo-el-impuesto-a-los-combustibles-para-mayo-sube-la-nafta\/\" \/>\n<meta property=\"og:site_name\" content=\"GYS NOTICIAS |\" \/>\n<meta property=\"article:published_time\" content=\"2026-04-30T21:24:38+00:00\" \/>\n<meta property=\"og:image\" content=\"https:\/\/fotos.perfil.com\/\/2026\/04\/07\/900\/0\/ventas-de-combustibles-en-baja-por-que-cordoba-sigue-siendo-clave-en-el-consumo-2216078.jpg?webp\" \/>\n<meta name=\"author\" content=\"Prensa G&amp;S FM\" \/>\n<meta name=\"twitter:card\" content=\"summary_large_image\" \/>\n<meta name=\"twitter:label1\" content=\"Escrito por\" \/>\n\t<meta name=\"twitter:data1\" content=\"Prensa G&amp;S FM\" \/>\n\t<meta name=\"twitter:label2\" content=\"Tiempo de lectura\" \/>\n\t<meta name=\"twitter:data2\" content=\"5 minutos\" \/>\n<script type=\"application\/ld+json\" class=\"yoast-schema-graph\">{\"@context\":\"https:\/\/schema.org\",\"@graph\":[{\"@type\":\"Article\",\"@id\":\"https:\/\/gysfm.com.ar\/inicio\/el-gobierno-actualizo-el-impuesto-a-los-combustibles-para-mayo-sube-la-nafta\/#article\",\"isPartOf\":{\"@id\":\"https:\/\/gysfm.com.ar\/inicio\/el-gobierno-actualizo-el-impuesto-a-los-combustibles-para-mayo-sube-la-nafta\/\"},\"author\":{\"name\":\"Prensa G&amp;S FM\",\"@id\":\"https:\/\/gysfm.com.ar\/inicio\/#\/schema\/person\/3abba7593ef2ad19e1be221d54383dc5\"},\"headline\":\"El Gobierno actualiz\u00f3 el impuesto a los combustibles para mayo: \u00bfSube la nafta?\",\"datePublished\":\"2026-04-30T21:24:38+00:00\",\"mainEntityOfPage\":{\"@id\":\"https:\/\/gysfm.com.ar\/inicio\/el-gobierno-actualizo-el-impuesto-a-los-combustibles-para-mayo-sube-la-nafta\/\"},\"wordCount\":1027,\"publisher\":{\"@id\":\"https:\/\/gysfm.com.ar\/inicio\/#organization\"},\"image\":{\"@id\":\"https:\/\/gysfm.com.ar\/inicio\/el-gobierno-actualizo-el-impuesto-a-los-combustibles-para-mayo-sube-la-nafta\/#primaryimage\"},\"thumbnailUrl\":\"https:\/\/gysfm.com.ar\/inicio\/wp-content\/uploads\/2026\/04\/combustibles-precios-ypf-2-2078273.jpg\",\"articleSection\":[\"NACIONALES\"],\"inLanguage\":\"es\"},{\"@type\":\"WebPage\",\"@id\":\"https:\/\/gysfm.com.ar\/inicio\/el-gobierno-actualizo-el-impuesto-a-los-combustibles-para-mayo-sube-la-nafta\/\",\"url\":\"https:\/\/gysfm.com.ar\/inicio\/el-gobierno-actualizo-el-impuesto-a-los-combustibles-para-mayo-sube-la-nafta\/\",\"name\":\"El Gobierno actualiz\u00f3 el impuesto a los combustibles para mayo: \u00bfSube la nafta? - GYS NOTICIAS |\",\"isPartOf\":{\"@id\":\"https:\/\/gysfm.com.ar\/inicio\/#website\"},\"primaryImageOfPage\":{\"@id\":\"https:\/\/gysfm.com.ar\/inicio\/el-gobierno-actualizo-el-impuesto-a-los-combustibles-para-mayo-sube-la-nafta\/#primaryimage\"},\"image\":{\"@id\":\"https:\/\/gysfm.com.ar\/inicio\/el-gobierno-actualizo-el-impuesto-a-los-combustibles-para-mayo-sube-la-nafta\/#primaryimage\"},\"thumbnailUrl\":\"https:\/\/gysfm.com.ar\/inicio\/wp-content\/uploads\/2026\/04\/combustibles-precios-ypf-2-2078273.jpg\",\"datePublished\":\"2026-04-30T21:24:38+00:00\",\"breadcrumb\":{\"@id\":\"https:\/\/gysfm.com.ar\/inicio\/el-gobierno-actualizo-el-impuesto-a-los-combustibles-para-mayo-sube-la-nafta\/#breadcrumb\"},\"inLanguage\":\"es\",\"potentialAction\":[{\"@type\":\"ReadAction\",\"target\":[\"https:\/\/gysfm.com.ar\/inicio\/el-gobierno-actualizo-el-impuesto-a-los-combustibles-para-mayo-sube-la-nafta\/\"]}]},{\"@type\":\"ImageObject\",\"inLanguage\":\"es\",\"@id\":\"https:\/\/gysfm.com.ar\/inicio\/el-gobierno-actualizo-el-impuesto-a-los-combustibles-para-mayo-sube-la-nafta\/#primaryimage\",\"url\":\"https:\/\/gysfm.com.ar\/inicio\/wp-content\/uploads\/2026\/04\/combustibles-precios-ypf-2-2078273.jpg\",\"contentUrl\":\"https:\/\/gysfm.com.ar\/inicio\/wp-content\/uploads\/2026\/04\/combustibles-precios-ypf-2-2078273.jpg\",\"width\":1140,\"height\":641},{\"@type\":\"BreadcrumbList\",\"@id\":\"https:\/\/gysfm.com.ar\/inicio\/el-gobierno-actualizo-el-impuesto-a-los-combustibles-para-mayo-sube-la-nafta\/#breadcrumb\",\"itemListElement\":[{\"@type\":\"ListItem\",\"position\":1,\"name\":\"Portada\",\"item\":\"https:\/\/gysfm.com.ar\/inicio\/\"},{\"@type\":\"ListItem\",\"position\":2,\"name\":\"El Gobierno actualiz\u00f3 el impuesto a los combustibles para mayo: \u00bfSube la nafta?\"}]},{\"@type\":\"WebSite\",\"@id\":\"https:\/\/gysfm.com.ar\/inicio\/#website\",\"url\":\"https:\/\/gysfm.com.ar\/inicio\/\",\"name\":\"GYS NOTICIAS |\",\"description\":\"DIARIO - RADIO ONLINE SAN JUAN ARGENTINA\",\"publisher\":{\"@id\":\"https:\/\/gysfm.com.ar\/inicio\/#organization\"},\"potentialAction\":[{\"@type\":\"SearchAction\",\"target\":{\"@type\":\"EntryPoint\",\"urlTemplate\":\"https:\/\/gysfm.com.ar\/inicio\/?s={search_term_string}\"},\"query-input\":{\"@type\":\"PropertyValueSpecification\",\"valueRequired\":true,\"valueName\":\"search_term_string\"}}],\"inLanguage\":\"es\"},{\"@type\":\"Organization\",\"@id\":\"https:\/\/gysfm.com.ar\/inicio\/#organization\",\"name\":\"GYS NOTICIAS |\",\"url\":\"https:\/\/gysfm.com.ar\/inicio\/\",\"logo\":{\"@type\":\"ImageObject\",\"inLanguage\":\"es\",\"@id\":\"https:\/\/gysfm.com.ar\/inicio\/#\/schema\/logo\/image\/\",\"url\":\"https:\/\/gysfm.com.ar\/inicio\/wp-content\/uploads\/2023\/07\/LOGOGYS-OK.png\",\"contentUrl\":\"https:\/\/gysfm.com.ar\/inicio\/wp-content\/uploads\/2023\/07\/LOGOGYS-OK.png\",\"width\":1170,\"height\":872,\"caption\":\"GYS NOTICIAS |\"},\"image\":{\"@id\":\"https:\/\/gysfm.com.ar\/inicio\/#\/schema\/logo\/image\/\"}},{\"@type\":\"Person\",\"@id\":\"https:\/\/gysfm.com.ar\/inicio\/#\/schema\/person\/3abba7593ef2ad19e1be221d54383dc5\",\"name\":\"Prensa G&amp;S FM\",\"image\":{\"@type\":\"ImageObject\",\"inLanguage\":\"es\",\"@id\":\"https:\/\/gysfm.com.ar\/inicio\/#\/schema\/person\/image\/\",\"url\":\"https:\/\/secure.gravatar.com\/avatar\/096ec78df02049ab018702bb4ccedf659377fa92a26540b5247612077a0dbd29?s=96&d=mm&r=g\",\"contentUrl\":\"https:\/\/secure.gravatar.com\/avatar\/096ec78df02049ab018702bb4ccedf659377fa92a26540b5247612077a0dbd29?s=96&d=mm&r=g\",\"caption\":\"Prensa G&amp;S FM\"},\"sameAs\":[\"https:\/\/gysfm.com.ar\/\"],\"url\":\"https:\/\/gysfm.com.ar\/inicio\/author\/lucasm\/\"}]}<\/script>\n<!-- \/ Yoast SEO plugin. -->","yoast_head_json":{"title":"El Gobierno actualiz\u00f3 el impuesto a los combustibles para mayo: \u00bfSube la nafta? - GYS NOTICIAS |","robots":{"index":"index","follow":"follow","max-snippet":"max-snippet:-1","max-image-preview":"max-image-preview:large","max-video-preview":"max-video-preview:-1"},"canonical":"https:\/\/gysfm.com.ar\/inicio\/el-gobierno-actualizo-el-impuesto-a-los-combustibles-para-mayo-sube-la-nafta\/","og_locale":"es_ES","og_type":"article","og_title":"El Gobierno actualiz\u00f3 el impuesto a los combustibles para mayo: \u00bfSube la nafta? - GYS NOTICIAS |","og_description":"El Gobierno nacional decret\u00f3 una nueva modificaci\u00f3n en la carga tributaria sobre los combustibles l\u00edquidos y el di\u00f3xido de carbono, que ser\u00e1 del 0,5% y comenzar\u00e1 a regir desde el primer d\u00eda de mayo del 2026, en donde se estableci\u00f3 un esquema de actualizaci\u00f3n parcial mientras se pospone una parte de los incrementos acumulados para [&hellip;]","og_url":"https:\/\/gysfm.com.ar\/inicio\/el-gobierno-actualizo-el-impuesto-a-los-combustibles-para-mayo-sube-la-nafta\/","og_site_name":"GYS NOTICIAS |","article_published_time":"2026-04-30T21:24:38+00:00","og_image":[{"url":"https:\/\/fotos.perfil.com\/\/2026\/04\/07\/900\/0\/ventas-de-combustibles-en-baja-por-que-cordoba-sigue-siendo-clave-en-el-consumo-2216078.jpg?webp","type":"","width":"","height":""}],"author":"Prensa G&amp;S FM","twitter_card":"summary_large_image","twitter_misc":{"Escrito por":"Prensa G&amp;S FM","Tiempo de lectura":"5 minutos"},"schema":{"@context":"https:\/\/schema.org","@graph":[{"@type":"Article","@id":"https:\/\/gysfm.com.ar\/inicio\/el-gobierno-actualizo-el-impuesto-a-los-combustibles-para-mayo-sube-la-nafta\/#article","isPartOf":{"@id":"https:\/\/gysfm.com.ar\/inicio\/el-gobierno-actualizo-el-impuesto-a-los-combustibles-para-mayo-sube-la-nafta\/"},"author":{"name":"Prensa G&amp;S FM","@id":"https:\/\/gysfm.com.ar\/inicio\/#\/schema\/person\/3abba7593ef2ad19e1be221d54383dc5"},"headline":"El Gobierno actualiz\u00f3 el impuesto a los combustibles para mayo: \u00bfSube la nafta?","datePublished":"2026-04-30T21:24:38+00:00","mainEntityOfPage":{"@id":"https:\/\/gysfm.com.ar\/inicio\/el-gobierno-actualizo-el-impuesto-a-los-combustibles-para-mayo-sube-la-nafta\/"},"wordCount":1027,"publisher":{"@id":"https:\/\/gysfm.com.ar\/inicio\/#organization"},"image":{"@id":"https:\/\/gysfm.com.ar\/inicio\/el-gobierno-actualizo-el-impuesto-a-los-combustibles-para-mayo-sube-la-nafta\/#primaryimage"},"thumbnailUrl":"https:\/\/gysfm.com.ar\/inicio\/wp-content\/uploads\/2026\/04\/combustibles-precios-ypf-2-2078273.jpg","articleSection":["NACIONALES"],"inLanguage":"es"},{"@type":"WebPage","@id":"https:\/\/gysfm.com.ar\/inicio\/el-gobierno-actualizo-el-impuesto-a-los-combustibles-para-mayo-sube-la-nafta\/","url":"https:\/\/gysfm.com.ar\/inicio\/el-gobierno-actualizo-el-impuesto-a-los-combustibles-para-mayo-sube-la-nafta\/","name":"El Gobierno actualiz\u00f3 el impuesto a los combustibles para mayo: \u00bfSube la nafta? - GYS NOTICIAS |","isPartOf":{"@id":"https:\/\/gysfm.com.ar\/inicio\/#website"},"primaryImageOfPage":{"@id":"https:\/\/gysfm.com.ar\/inicio\/el-gobierno-actualizo-el-impuesto-a-los-combustibles-para-mayo-sube-la-nafta\/#primaryimage"},"image":{"@id":"https:\/\/gysfm.com.ar\/inicio\/el-gobierno-actualizo-el-impuesto-a-los-combustibles-para-mayo-sube-la-nafta\/#primaryimage"},"thumbnailUrl":"https:\/\/gysfm.com.ar\/inicio\/wp-content\/uploads\/2026\/04\/combustibles-precios-ypf-2-2078273.jpg","datePublished":"2026-04-30T21:24:38+00:00","breadcrumb":{"@id":"https:\/\/gysfm.com.ar\/inicio\/el-gobierno-actualizo-el-impuesto-a-los-combustibles-para-mayo-sube-la-nafta\/#breadcrumb"},"inLanguage":"es","potentialAction":[{"@type":"ReadAction","target":["https:\/\/gysfm.com.ar\/inicio\/el-gobierno-actualizo-el-impuesto-a-los-combustibles-para-mayo-sube-la-nafta\/"]}]},{"@type":"ImageObject","inLanguage":"es","@id":"https:\/\/gysfm.com.ar\/inicio\/el-gobierno-actualizo-el-impuesto-a-los-combustibles-para-mayo-sube-la-nafta\/#primaryimage","url":"https:\/\/gysfm.com.ar\/inicio\/wp-content\/uploads\/2026\/04\/combustibles-precios-ypf-2-2078273.jpg","contentUrl":"https:\/\/gysfm.com.ar\/inicio\/wp-content\/uploads\/2026\/04\/combustibles-precios-ypf-2-2078273.jpg","width":1140,"height":641},{"@type":"BreadcrumbList","@id":"https:\/\/gysfm.com.ar\/inicio\/el-gobierno-actualizo-el-impuesto-a-los-combustibles-para-mayo-sube-la-nafta\/#breadcrumb","itemListElement":[{"@type":"ListItem","position":1,"name":"Portada","item":"https:\/\/gysfm.com.ar\/inicio\/"},{"@type":"ListItem","position":2,"name":"El Gobierno actualiz\u00f3 el impuesto a los combustibles para mayo: \u00bfSube la nafta?"}]},{"@type":"WebSite","@id":"https:\/\/gysfm.com.ar\/inicio\/#website","url":"https:\/\/gysfm.com.ar\/inicio\/","name":"GYS NOTICIAS |","description":"DIARIO - RADIO ONLINE SAN JUAN ARGENTINA","publisher":{"@id":"https:\/\/gysfm.com.ar\/inicio\/#organization"},"potentialAction":[{"@type":"SearchAction","target":{"@type":"EntryPoint","urlTemplate":"https:\/\/gysfm.com.ar\/inicio\/?s={search_term_string}"},"query-input":{"@type":"PropertyValueSpecification","valueRequired":true,"valueName":"search_term_string"}}],"inLanguage":"es"},{"@type":"Organization","@id":"https:\/\/gysfm.com.ar\/inicio\/#organization","name":"GYS NOTICIAS |","url":"https:\/\/gysfm.com.ar\/inicio\/","logo":{"@type":"ImageObject","inLanguage":"es","@id":"https:\/\/gysfm.com.ar\/inicio\/#\/schema\/logo\/image\/","url":"https:\/\/gysfm.com.ar\/inicio\/wp-content\/uploads\/2023\/07\/LOGOGYS-OK.png","contentUrl":"https:\/\/gysfm.com.ar\/inicio\/wp-content\/uploads\/2023\/07\/LOGOGYS-OK.png","width":1170,"height":872,"caption":"GYS NOTICIAS |"},"image":{"@id":"https:\/\/gysfm.com.ar\/inicio\/#\/schema\/logo\/image\/"}},{"@type":"Person","@id":"https:\/\/gysfm.com.ar\/inicio\/#\/schema\/person\/3abba7593ef2ad19e1be221d54383dc5","name":"Prensa G&amp;S FM","image":{"@type":"ImageObject","inLanguage":"es","@id":"https:\/\/gysfm.com.ar\/inicio\/#\/schema\/person\/image\/","url":"https:\/\/secure.gravatar.com\/avatar\/096ec78df02049ab018702bb4ccedf659377fa92a26540b5247612077a0dbd29?s=96&d=mm&r=g","contentUrl":"https:\/\/secure.gravatar.com\/avatar\/096ec78df02049ab018702bb4ccedf659377fa92a26540b5247612077a0dbd29?s=96&d=mm&r=g","caption":"Prensa G&amp;S FM"},"sameAs":["https:\/\/gysfm.com.ar\/"],"url":"https:\/\/gysfm.com.ar\/inicio\/author\/lucasm\/"}]}},"_links":{"self":[{"href":"https:\/\/gysfm.com.ar\/inicio\/wp-json\/wp\/v2\/posts\/193954","targetHints":{"allow":["GET"]}}],"collection":[{"href":"https:\/\/gysfm.com.ar\/inicio\/wp-json\/wp\/v2\/posts"}],"about":[{"href":"https:\/\/gysfm.com.ar\/inicio\/wp-json\/wp\/v2\/types\/post"}],"author":[{"embeddable":true,"href":"https:\/\/gysfm.com.ar\/inicio\/wp-json\/wp\/v2\/users\/2"}],"replies":[{"embeddable":true,"href":"https:\/\/gysfm.com.ar\/inicio\/wp-json\/wp\/v2\/comments?post=193954"}],"version-history":[{"count":0,"href":"https:\/\/gysfm.com.ar\/inicio\/wp-json\/wp\/v2\/posts\/193954\/revisions"}],"wp:featuredmedia":[{"embeddable":true,"href":"https:\/\/gysfm.com.ar\/inicio\/wp-json\/wp\/v2\/media\/188539"}],"wp:attachment":[{"href":"https:\/\/gysfm.com.ar\/inicio\/wp-json\/wp\/v2\/media?parent=193954"}],"wp:term":[{"taxonomy":"category","embeddable":true,"href":"https:\/\/gysfm.com.ar\/inicio\/wp-json\/wp\/v2\/categories?post=193954"},{"taxonomy":"post_tag","embeddable":true,"href":"https:\/\/gysfm.com.ar\/inicio\/wp-json\/wp\/v2\/tags?post=193954"}],"curies":[{"name":"wp","href":"https:\/\/api.w.org\/{rel}","templated":true}]}}