{"id":193953,"date":"2026-04-30T17:51:01","date_gmt":"2026-04-30T20:51:01","guid":{"rendered":"https:\/\/gysfm.com.ar\/inicio\/dia-del-trabajador-la-flexibilidad-ya-pesa-tanto-como-el-salario-para-atraer-talento\/"},"modified":"2026-04-30T17:51:01","modified_gmt":"2026-04-30T20:51:01","slug":"dia-del-trabajador-la-flexibilidad-ya-pesa-tanto-como-el-salario-para-atraer-talento","status":"publish","type":"post","link":"https:\/\/gysfm.com.ar\/inicio\/dia-del-trabajador-la-flexibilidad-ya-pesa-tanto-como-el-salario-para-atraer-talento\/","title":{"rendered":"D\u00eda del Trabajador: la flexibilidad ya pesa tanto como el salario para atraer talento"},"content":{"rendered":"<p><\/p>\n<div id=\"article-content\">\n<p>El <a target=\"_blank\" href=\"https:\/\/www.perfil.com\/noticias\/sociedad\/dia-del-trabajador-el-origen-del-1-de-mayo-y-la-historia-de-la-lucha-por-los-derechos-laborales.phtml\"><strong>D\u00eda del Trabajador<\/strong><\/a> encuentra a la Argentina en plena reconfiguraci\u00f3n del mercado laboral. Tras la implementaci\u00f3n de nuevas <a target=\"_blank\" href=\"https:\/\/www.perfil.com\/noticias\/politica\/el-gobierno-le-arrebato-la-causa-de-la-reforma-laboral-al-fuero-del-trabajo-y-se-anoto-otra-victoria-ante-la-cgt.phtml\">normativas de modernizaci\u00f3n laboral<\/a> y con una desocupaci\u00f3n que alcanz\u00f3 el <strong>7,5% al cierre de 2025<\/strong>, seg\u00fan datos del INDEC citados en el informe, las empresas enfrentan un nuevo desaf\u00edo: adaptarse a t<strong>rabajadores que ya no buscan solamente un puesto, sino una cultura laboral m\u00e1s flexible.<\/strong><\/p>\n<p>En ese contexto, un estudio de <strong>WeWork<\/strong> realizado junto a <strong>Michael Page<\/strong> revel\u00f3 que <a target=\"_blank\" href=\"https:\/\/www.perfil.com\/noticias\/opinion\/reforma-laboral-en-argentina-una-discusion-que-el-mercado-de-talento-ya-venia-anticipando-a40.phtml\">el talento local prioriza cada vez m\u00e1s la autonom\u00eda,<\/a> el bienestar y la posibilidad de combinar presencialidad con trabajo remoto. Seg\u00fan el relevamiento, el <strong>59% de los encuestados en Argentina prefiere el modelo h\u00edbrido<\/strong> y la mayor\u00eda considera ideal asistir a la oficina entre <strong>uno y dos d\u00edas por semana<\/strong>.<\/p>\n<p class=\"destacadoNota\"><a target=\"_blank\" href=\"https:\/\/www.perfil.com\/noticias\/politica\/el-dia-previo-al-dia-del-trabajador-la-cgt-marcha-a-la-plaza-de-mayo.phtml\">El d\u00eda previo al D\u00eda del Trabajador, la CGT marcha a la Plaza de Mayo<\/a><\/p>\n<p>El dato marca una transformaci\u00f3n profunda en la relaci\u00f3n entre empleados y empresas. La oficina ya no aparece como el lugar obligatorio de todos los d\u00edas, sino como un espacio que debe justificar su valor: servir para conectar equipos, potenciar la creatividad, favorecer reuniones estrat\u00e9gicas y mejorar la experiencia laboral.<\/p>\n<section class=\"article__orderlist\">&#13;<\/p>\n<h2><strong>La brecha entre lo que se busca y lo que ofrecen las empresas<\/strong><\/h2>\n<p>&#13;<br \/>\n\t&#13;<br \/>\n<\/section>\n<p>Aunque e<strong>l modelo h\u00edbrido gana aceptaci\u00f3n,<\/strong> el informe muestra una distancia importante entre las preferencias de los trabajadores y la realidad corporativa. El <strong>31% de los empleados argentinos asegura que no aceptar\u00eda un trabajo que no sea remoto<\/strong>, pero el <strong>48% trabaja actualmente de forma 100% presencial<\/strong>.<\/p>\n<p>Seg\u00fan el relevamiento, en la mayor\u00eda de los casos esa presencialidad no surge de una elecci\u00f3n del trabajador, sino de una norma definida por la empresa. Esa desconexi\u00f3n plantea un reto para las organizaciones en un mercado donde la flexibilidad dej\u00f3 de ser un beneficio accesorio y pas\u00f3 a formar parte de la compensaci\u00f3n total que eval\u00faa el talento.<\/p>\n<p>La discusi\u00f3n ya no se limita al salario. Para muchos trabajadores, la posibilidad de organizar mejor los tiempos, reducir traslados y equilibrar la vida personal con la laboral pesa cada vez m\u00e1s al momento de aceptar o rechazar una propuesta.<\/p>\n<h2><strong>El traslado, el mayor costo oculto de ir a la oficina<\/strong><\/h2>\n<p>Uno de los puntos m\u00e1s sensibles del informe es la <a target=\"_blank\" href=\"https:\/\/noticias.perfil.com\/noticias\/economia\/el-costo-de-un-modelo.phtml\">movilidad<\/a>. El <strong>87% de los argentinos identifica al tiempo de traslado como la mayor desventaja de ir a la oficina<\/strong>. Adem\u00e1s, el <strong>25% de los trabajadores dedica m\u00e1s de una hora diaria<\/strong> al trayecto de ida y vuelta, mientras que un <strong>18% destina dos horas o m\u00e1s<\/strong>.<\/p>\n<p style=\"text-align:center\"><picture><source media=\"(max-width: 440px)\" srcset=\"https:\/\/fotos.perfil.com\/\/2026\/04\/11\/440\/0\/murio-una-mujer-de-25-anos-al-ser-atropellada-por-un-colectivo-en-villa-devoto-11042026-2218823.jpg?webp\"\/><source media=\"(max-width: 1019px)\" srcset=\"https:\/\/fotos.perfil.com\/\/2026\/04\/11\/712\/0\/murio-una-mujer-de-25-anos-al-ser-atropellada-por-un-colectivo-en-villa-devoto-11042026-2218823.jpg?webp\"\/><img decoding=\"async\" style=\"max-width: 100%; width: 100%;\" alt=\"Muri\u00f3 una mujer de 25 a\u00f1os al ser atropellada por un colectivo en Villa Devoto 11042026\" src=\"https:\/\/fotos.perfil.com\/\/2026\/04\/11\/900\/0\/murio-una-mujer-de-25-anos-al-ser-atropellada-por-un-colectivo-en-villa-devoto-11042026-2218823.jpg?webp\" loading=\"lazy\"\/><\/picture><\/p>\n<p>En un contexto de grandes centros urbanos, transporte congestionado y mayores costos asociados a la presencialidad, el tiempo de viaje se convirti\u00f3 en un factor clave para medir la calidad de vida laboral.<\/p>\n<p>Por eso<strong>, la flexibilidad aparece tambi\u00e9n como una herramienta vinculada al bienestar y la salud mental.<\/strong> Menos d\u00edas de traslado pueden implicar m\u00e1s tiempo disponible, menor estr\u00e9s y una mejor organizaci\u00f3n de la rutina cotidiana.<\/p>\n<h2><strong>La oficina debe ofrecer algo m\u00e1s<\/strong><\/h2>\n<p>El informe plantea que, ante este nuevo escenario, el valor de asistir a la oficina depende cada vez m\u00e1s de la calidad de la experiencia. El espacio f\u00edsico debe ofrecer un diferencial frente al trabajo remoto.<\/p>\n<p class=\"destacadoNota\"><a target=\"_blank\" href=\"https:\/\/www.perfil.com\/noticias\/cordoba\/dia-del-trabajador-7-de-cada-10-empresas-no-cobre-el-salario-que-busca-el-empleado.phtml\">D\u00eda del Trabajador: 7 de cada 10 empresas no llega al salario que busca el empleado<\/a><\/p>\n<p>En esa l\u00ednea, WeWork se\u00f1ala que sus oficinas buscan responder a esa demanda con est\u00e1ndares de confort, mobiliario ergon\u00f3mico y zonas de esparcimiento, con el objetivo de transformar la oficina en un punto de encuentro estrat\u00e9gico para la sinergia y la creatividad.<\/p>\n<p>La tendencia apunta a un cambio de enfoque: la oficina deja de ser un simple lugar de cumplimiento horario y pasa a funcionar como un centro de conexi\u00f3n, colaboraci\u00f3n y cultura organizacional.<\/p>\n<h2><strong>Inteligencia artificial: m\u00e1s apoyo que amenaza<\/strong><\/h2>\n<p>La radiograf\u00eda del trabajador argentino tambi\u00e9n muestra una mirada positiva sobre la tecnolog\u00eda. Seg\u00fan el estudio, el <strong>82% de los empleados en Argentina percibe a la inteligencia artificial como una herramienta de apoyo<\/strong> que potencia su capacidad operativa.<\/p>\n<p class=\"destacadoNota\"><a target=\"_blank\" href=\"https:\/\/www.perfil.com\/noticias\/opinion\/92-millones-de-empleos-menos-2030-como-proteger-tu-carrera-de-la-ia-a40.phtml\">92 millones de empleos menos 2030: c\u00f3mo proteger tu carrera de la IA<\/a><\/p>\n<p>Adem\u00e1s, el <strong>84% manifiesta inter\u00e9s en recibir capacitaci\u00f3n en IA<\/strong>, lo que marca una predisposici\u00f3n activa a adaptarse a los cambios tecnol\u00f3gicos. Entre las \u00e1reas que los trabajadores consideran m\u00e1s beneficiadas aparecen las tareas de <strong>reporting y an\u00e1lisis de datos<\/strong>, mencionadas por el <strong>31%<\/strong> de los encuestados.<\/p>\n<p style=\"text-align:center\"><picture><source media=\"(max-width: 440px)\" srcset=\"https:\/\/fotos.perfil.com\/\/2026\/03\/27\/440\/0\/oficina-de-trabajo-2211016.jpg?webp\"\/><source media=\"(max-width: 1019px)\" srcset=\"https:\/\/fotos.perfil.com\/\/2026\/03\/27\/712\/0\/oficina-de-trabajo-2211016.jpg?webp\"\/><img decoding=\"async\" style=\"max-width: 100%; width: 100%;\" alt=\"Oficina de trabajo\" src=\"https:\/\/fotos.perfil.com\/\/2026\/03\/27\/900\/0\/oficina-de-trabajo-2211016.jpg?webp\" loading=\"lazy\"\/><\/picture><\/p>\n<p>El dato es relevante porque muestra que, para una parte importante del talento local, la IA no necesariamente reemplaza el trabajo humano, sino que puede liberar tiempo de tareas repetitivas y permitir una mayor concentraci\u00f3n en funciones estrat\u00e9gicas, creativas o de mayor valor agregado.<\/p>\n<h2><strong>Una nueva cultura laboral<\/strong><\/h2>\n<p>La combinaci\u00f3n de flexibilidad, bienestar y tecnolog\u00eda marca el inicio de una nueva etapa para el empleo en Argentina. El desaf\u00edo para las empresas ser\u00e1 encontrar un equilibrio entre las necesidades operativas y las expectativas de los trabajadores.<\/p>\n<p>\u201cEn este nuevo ecosistema, la capacidad de las empresas para adaptarse a las demandas de autonom\u00eda ser\u00e1 el factor determinante para atraer y retener a los mejores profesionales\u201d, se\u00f1al\u00f3 <strong>Claudio Hidalgo,<\/strong> presidente de <em>WeWork Latinoam\u00e9rica.<\/em><\/p>\n<p>Porque finalmente, en el nuevo mercado laboral, l<strong>a oficina ya no puede ser pensada como una obligaci\u00f3n autom\u00e1tica.<\/strong> Para <strong>competir por talento, las compa\u00f1\u00edas deber\u00e1n ofrecer esquemas m\u00e1s flexibles, espacios de trabajo con valor agregado y capacitaci\u00f3n tecnol\u00f3gica<\/strong> que acompa\u00f1e los cambios en la forma de producir. <\/p>\n<h2><strong>Los principales datos del informe<\/strong><\/h2>\n<p><strong>59%<\/strong> de los trabajadores argentinos prefiere el modelo h\u00edbrido.<br \/>&#13;<br \/>\n<strong>31%<\/strong> no aceptar\u00eda un empleo que no sea remoto.<br \/>&#13;<br \/>\n<strong>48%<\/strong> trabaja actualmente de forma 100% presencial.<br \/>&#13;<br \/>\n<strong>87%<\/strong> identifica el tiempo de traslado como la mayor desventaja de ir a la oficina.<br \/>&#13;<br \/>\n<strong>25%<\/strong> dedica m\u00e1s de una hora diaria al viaje de ida y vuelta.<br \/>&#13;<br \/>\n<strong>18%<\/strong> destina dos horas o m\u00e1s al traslado.<br \/>&#13;<br \/>\n<strong>82%<\/strong> ve a la inteligencia artificial como una herramienta de apoyo.<br \/>&#13;<br \/>\n<strong>84%<\/strong> quiere recibir capacitaci\u00f3n en IA.<br \/>&#13;<br \/>\n<strong>31%<\/strong> considera que reporting y an\u00e1lisis de datos son las \u00e1reas m\u00e1s beneficiadas por esta tecnolog\u00eda.<\/p>\n<\/p><\/div>\n<p><script>\n                !function(f,b,e,v,n,t,s)\n                {if(f.fbq)return;n=f.fbq=function(){n.callMethod?\n                    n.callMethod.apply(n,arguments):n.queue.push(arguments)};\n                    if(!f._fbq)f._fbq=n;n.push=n;n.loaded=!0;n.version='2.0';\n                    n.queue=[];t=b.createElement(e);t.async=!0;\n                    t.src=v;s=b.getElementsByTagName(e)[0];\n                    s.parentNode.insertBefore(t,s)}(window, document,'script',\n                    'https:\/\/connect.facebook.net\/en_US\/fbevents.js');\n                window.paywallConfig.facebook_pixel=\"1000228364089342\"\n            <\/script><\/p>\n","protected":false},"excerpt":{"rendered":"<p>El D\u00eda del Trabajador encuentra a la Argentina en plena reconfiguraci\u00f3n del mercado laboral. Tras la implementaci\u00f3n de nuevas normativas de modernizaci\u00f3n laboral y con una desocupaci\u00f3n que alcanz\u00f3 el 7,5% al cierre de 2025, seg\u00fan datos del INDEC citados en el informe, las empresas enfrentan un nuevo desaf\u00edo: adaptarse a trabajadores que ya no [&hellip;]<\/p>\n","protected":false},"author":2,"featured_media":104197,"comment_status":"closed","ping_status":"closed","sticky":false,"template":"","format":"standard","meta":{"footnotes":""},"categories":[25],"tags":[],"class_list":["post-193953","post","type-post","status-publish","format-standard","has-post-thumbnail","hentry","category-nacionales"],"yoast_head":"<!-- This site is optimized with the Yoast SEO plugin v24.4 - https:\/\/yoast.com\/wordpress\/plugins\/seo\/ -->\n<title>D\u00eda del Trabajador: la flexibilidad ya pesa tanto como el salario para atraer talento - GYS NOTICIAS |<\/title>\n<meta name=\"robots\" content=\"index, follow, max-snippet:-1, max-image-preview:large, max-video-preview:-1\" \/>\n<link rel=\"canonical\" href=\"https:\/\/gysfm.com.ar\/inicio\/dia-del-trabajador-la-flexibilidad-ya-pesa-tanto-como-el-salario-para-atraer-talento\/\" \/>\n<meta property=\"og:locale\" content=\"es_ES\" \/>\n<meta property=\"og:type\" content=\"article\" \/>\n<meta property=\"og:title\" content=\"D\u00eda del Trabajador: la flexibilidad ya pesa tanto como el salario para atraer talento - GYS NOTICIAS |\" \/>\n<meta property=\"og:description\" content=\"El D\u00eda del Trabajador encuentra a la Argentina en plena reconfiguraci\u00f3n del mercado laboral. Tras la implementaci\u00f3n de nuevas normativas de modernizaci\u00f3n laboral y con una desocupaci\u00f3n que alcanz\u00f3 el 7,5% al cierre de 2025, seg\u00fan datos del INDEC citados en el informe, las empresas enfrentan un nuevo desaf\u00edo: adaptarse a trabajadores que ya no [&hellip;]\" \/>\n<meta property=\"og:url\" content=\"https:\/\/gysfm.com.ar\/inicio\/dia-del-trabajador-la-flexibilidad-ya-pesa-tanto-como-el-salario-para-atraer-talento\/\" \/>\n<meta property=\"og:site_name\" content=\"GYS NOTICIAS |\" \/>\n<meta property=\"article:published_time\" content=\"2026-04-30T20:51:01+00:00\" \/>\n<meta property=\"og:image\" content=\"https:\/\/fotos.perfil.com\/\/2026\/04\/11\/900\/0\/murio-una-mujer-de-25-anos-al-ser-atropellada-por-un-colectivo-en-villa-devoto-11042026-2218823.jpg?webp\" \/>\n<meta name=\"author\" content=\"Prensa G&amp;S FM\" \/>\n<meta name=\"twitter:card\" content=\"summary_large_image\" \/>\n<meta name=\"twitter:label1\" content=\"Escrito por\" \/>\n\t<meta name=\"twitter:data1\" content=\"Prensa G&amp;S FM\" \/>\n\t<meta name=\"twitter:label2\" content=\"Tiempo de lectura\" \/>\n\t<meta name=\"twitter:data2\" content=\"5 minutos\" \/>\n<script type=\"application\/ld+json\" class=\"yoast-schema-graph\">{\"@context\":\"https:\/\/schema.org\",\"@graph\":[{\"@type\":\"Article\",\"@id\":\"https:\/\/gysfm.com.ar\/inicio\/dia-del-trabajador-la-flexibilidad-ya-pesa-tanto-como-el-salario-para-atraer-talento\/#article\",\"isPartOf\":{\"@id\":\"https:\/\/gysfm.com.ar\/inicio\/dia-del-trabajador-la-flexibilidad-ya-pesa-tanto-como-el-salario-para-atraer-talento\/\"},\"author\":{\"name\":\"Prensa G&amp;S FM\",\"@id\":\"https:\/\/gysfm.com.ar\/inicio\/#\/schema\/person\/3abba7593ef2ad19e1be221d54383dc5\"},\"headline\":\"D\u00eda del Trabajador: la flexibilidad ya pesa tanto como el salario para atraer talento\",\"datePublished\":\"2026-04-30T20:51:01+00:00\",\"mainEntityOfPage\":{\"@id\":\"https:\/\/gysfm.com.ar\/inicio\/dia-del-trabajador-la-flexibilidad-ya-pesa-tanto-como-el-salario-para-atraer-talento\/\"},\"wordCount\":1069,\"publisher\":{\"@id\":\"https:\/\/gysfm.com.ar\/inicio\/#organization\"},\"image\":{\"@id\":\"https:\/\/gysfm.com.ar\/inicio\/dia-del-trabajador-la-flexibilidad-ya-pesa-tanto-como-el-salario-para-atraer-talento\/#primaryimage\"},\"thumbnailUrl\":\"https:\/\/gysfm.com.ar\/inicio\/wp-content\/uploads\/2025\/03\/es-eficaz-el-trabajo-hibrido-1990934.jpg\",\"articleSection\":[\"NACIONALES\"],\"inLanguage\":\"es\"},{\"@type\":\"WebPage\",\"@id\":\"https:\/\/gysfm.com.ar\/inicio\/dia-del-trabajador-la-flexibilidad-ya-pesa-tanto-como-el-salario-para-atraer-talento\/\",\"url\":\"https:\/\/gysfm.com.ar\/inicio\/dia-del-trabajador-la-flexibilidad-ya-pesa-tanto-como-el-salario-para-atraer-talento\/\",\"name\":\"D\u00eda del Trabajador: la flexibilidad ya pesa tanto como el salario para atraer talento - GYS NOTICIAS |\",\"isPartOf\":{\"@id\":\"https:\/\/gysfm.com.ar\/inicio\/#website\"},\"primaryImageOfPage\":{\"@id\":\"https:\/\/gysfm.com.ar\/inicio\/dia-del-trabajador-la-flexibilidad-ya-pesa-tanto-como-el-salario-para-atraer-talento\/#primaryimage\"},\"image\":{\"@id\":\"https:\/\/gysfm.com.ar\/inicio\/dia-del-trabajador-la-flexibilidad-ya-pesa-tanto-como-el-salario-para-atraer-talento\/#primaryimage\"},\"thumbnailUrl\":\"https:\/\/gysfm.com.ar\/inicio\/wp-content\/uploads\/2025\/03\/es-eficaz-el-trabajo-hibrido-1990934.jpg\",\"datePublished\":\"2026-04-30T20:51:01+00:00\",\"breadcrumb\":{\"@id\":\"https:\/\/gysfm.com.ar\/inicio\/dia-del-trabajador-la-flexibilidad-ya-pesa-tanto-como-el-salario-para-atraer-talento\/#breadcrumb\"},\"inLanguage\":\"es\",\"potentialAction\":[{\"@type\":\"ReadAction\",\"target\":[\"https:\/\/gysfm.com.ar\/inicio\/dia-del-trabajador-la-flexibilidad-ya-pesa-tanto-como-el-salario-para-atraer-talento\/\"]}]},{\"@type\":\"ImageObject\",\"inLanguage\":\"es\",\"@id\":\"https:\/\/gysfm.com.ar\/inicio\/dia-del-trabajador-la-flexibilidad-ya-pesa-tanto-como-el-salario-para-atraer-talento\/#primaryimage\",\"url\":\"https:\/\/gysfm.com.ar\/inicio\/wp-content\/uploads\/2025\/03\/es-eficaz-el-trabajo-hibrido-1990934.jpg\",\"contentUrl\":\"https:\/\/gysfm.com.ar\/inicio\/wp-content\/uploads\/2025\/03\/es-eficaz-el-trabajo-hibrido-1990934.jpg\",\"width\":1140,\"height\":641},{\"@type\":\"BreadcrumbList\",\"@id\":\"https:\/\/gysfm.com.ar\/inicio\/dia-del-trabajador-la-flexibilidad-ya-pesa-tanto-como-el-salario-para-atraer-talento\/#breadcrumb\",\"itemListElement\":[{\"@type\":\"ListItem\",\"position\":1,\"name\":\"Portada\",\"item\":\"https:\/\/gysfm.com.ar\/inicio\/\"},{\"@type\":\"ListItem\",\"position\":2,\"name\":\"D\u00eda del Trabajador: la flexibilidad ya pesa tanto como el salario para atraer talento\"}]},{\"@type\":\"WebSite\",\"@id\":\"https:\/\/gysfm.com.ar\/inicio\/#website\",\"url\":\"https:\/\/gysfm.com.ar\/inicio\/\",\"name\":\"GYS NOTICIAS |\",\"description\":\"DIARIO - RADIO ONLINE SAN JUAN ARGENTINA\",\"publisher\":{\"@id\":\"https:\/\/gysfm.com.ar\/inicio\/#organization\"},\"potentialAction\":[{\"@type\":\"SearchAction\",\"target\":{\"@type\":\"EntryPoint\",\"urlTemplate\":\"https:\/\/gysfm.com.ar\/inicio\/?s={search_term_string}\"},\"query-input\":{\"@type\":\"PropertyValueSpecification\",\"valueRequired\":true,\"valueName\":\"search_term_string\"}}],\"inLanguage\":\"es\"},{\"@type\":\"Organization\",\"@id\":\"https:\/\/gysfm.com.ar\/inicio\/#organization\",\"name\":\"GYS NOTICIAS |\",\"url\":\"https:\/\/gysfm.com.ar\/inicio\/\",\"logo\":{\"@type\":\"ImageObject\",\"inLanguage\":\"es\",\"@id\":\"https:\/\/gysfm.com.ar\/inicio\/#\/schema\/logo\/image\/\",\"url\":\"https:\/\/gysfm.com.ar\/inicio\/wp-content\/uploads\/2023\/07\/LOGOGYS-OK.png\",\"contentUrl\":\"https:\/\/gysfm.com.ar\/inicio\/wp-content\/uploads\/2023\/07\/LOGOGYS-OK.png\",\"width\":1170,\"height\":872,\"caption\":\"GYS NOTICIAS |\"},\"image\":{\"@id\":\"https:\/\/gysfm.com.ar\/inicio\/#\/schema\/logo\/image\/\"}},{\"@type\":\"Person\",\"@id\":\"https:\/\/gysfm.com.ar\/inicio\/#\/schema\/person\/3abba7593ef2ad19e1be221d54383dc5\",\"name\":\"Prensa G&amp;S FM\",\"image\":{\"@type\":\"ImageObject\",\"inLanguage\":\"es\",\"@id\":\"https:\/\/gysfm.com.ar\/inicio\/#\/schema\/person\/image\/\",\"url\":\"https:\/\/secure.gravatar.com\/avatar\/096ec78df02049ab018702bb4ccedf659377fa92a26540b5247612077a0dbd29?s=96&d=mm&r=g\",\"contentUrl\":\"https:\/\/secure.gravatar.com\/avatar\/096ec78df02049ab018702bb4ccedf659377fa92a26540b5247612077a0dbd29?s=96&d=mm&r=g\",\"caption\":\"Prensa G&amp;S FM\"},\"sameAs\":[\"https:\/\/gysfm.com.ar\/\"],\"url\":\"https:\/\/gysfm.com.ar\/inicio\/author\/lucasm\/\"}]}<\/script>\n<!-- \/ Yoast SEO plugin. -->","yoast_head_json":{"title":"D\u00eda del Trabajador: la flexibilidad ya pesa tanto como el salario para atraer talento - GYS NOTICIAS |","robots":{"index":"index","follow":"follow","max-snippet":"max-snippet:-1","max-image-preview":"max-image-preview:large","max-video-preview":"max-video-preview:-1"},"canonical":"https:\/\/gysfm.com.ar\/inicio\/dia-del-trabajador-la-flexibilidad-ya-pesa-tanto-como-el-salario-para-atraer-talento\/","og_locale":"es_ES","og_type":"article","og_title":"D\u00eda del Trabajador: la flexibilidad ya pesa tanto como el salario para atraer talento - GYS NOTICIAS |","og_description":"El D\u00eda del Trabajador encuentra a la Argentina en plena reconfiguraci\u00f3n del mercado laboral. Tras la implementaci\u00f3n de nuevas normativas de modernizaci\u00f3n laboral y con una desocupaci\u00f3n que alcanz\u00f3 el 7,5% al cierre de 2025, seg\u00fan datos del INDEC citados en el informe, las empresas enfrentan un nuevo desaf\u00edo: adaptarse a trabajadores que ya no [&hellip;]","og_url":"https:\/\/gysfm.com.ar\/inicio\/dia-del-trabajador-la-flexibilidad-ya-pesa-tanto-como-el-salario-para-atraer-talento\/","og_site_name":"GYS NOTICIAS |","article_published_time":"2026-04-30T20:51:01+00:00","og_image":[{"url":"https:\/\/fotos.perfil.com\/\/2026\/04\/11\/900\/0\/murio-una-mujer-de-25-anos-al-ser-atropellada-por-un-colectivo-en-villa-devoto-11042026-2218823.jpg?webp","type":"","width":"","height":""}],"author":"Prensa G&amp;S FM","twitter_card":"summary_large_image","twitter_misc":{"Escrito por":"Prensa G&amp;S FM","Tiempo de lectura":"5 minutos"},"schema":{"@context":"https:\/\/schema.org","@graph":[{"@type":"Article","@id":"https:\/\/gysfm.com.ar\/inicio\/dia-del-trabajador-la-flexibilidad-ya-pesa-tanto-como-el-salario-para-atraer-talento\/#article","isPartOf":{"@id":"https:\/\/gysfm.com.ar\/inicio\/dia-del-trabajador-la-flexibilidad-ya-pesa-tanto-como-el-salario-para-atraer-talento\/"},"author":{"name":"Prensa G&amp;S FM","@id":"https:\/\/gysfm.com.ar\/inicio\/#\/schema\/person\/3abba7593ef2ad19e1be221d54383dc5"},"headline":"D\u00eda del Trabajador: la flexibilidad ya pesa tanto como el salario para atraer talento","datePublished":"2026-04-30T20:51:01+00:00","mainEntityOfPage":{"@id":"https:\/\/gysfm.com.ar\/inicio\/dia-del-trabajador-la-flexibilidad-ya-pesa-tanto-como-el-salario-para-atraer-talento\/"},"wordCount":1069,"publisher":{"@id":"https:\/\/gysfm.com.ar\/inicio\/#organization"},"image":{"@id":"https:\/\/gysfm.com.ar\/inicio\/dia-del-trabajador-la-flexibilidad-ya-pesa-tanto-como-el-salario-para-atraer-talento\/#primaryimage"},"thumbnailUrl":"https:\/\/gysfm.com.ar\/inicio\/wp-content\/uploads\/2025\/03\/es-eficaz-el-trabajo-hibrido-1990934.jpg","articleSection":["NACIONALES"],"inLanguage":"es"},{"@type":"WebPage","@id":"https:\/\/gysfm.com.ar\/inicio\/dia-del-trabajador-la-flexibilidad-ya-pesa-tanto-como-el-salario-para-atraer-talento\/","url":"https:\/\/gysfm.com.ar\/inicio\/dia-del-trabajador-la-flexibilidad-ya-pesa-tanto-como-el-salario-para-atraer-talento\/","name":"D\u00eda del Trabajador: la flexibilidad ya pesa tanto como el salario para atraer talento - GYS NOTICIAS |","isPartOf":{"@id":"https:\/\/gysfm.com.ar\/inicio\/#website"},"primaryImageOfPage":{"@id":"https:\/\/gysfm.com.ar\/inicio\/dia-del-trabajador-la-flexibilidad-ya-pesa-tanto-como-el-salario-para-atraer-talento\/#primaryimage"},"image":{"@id":"https:\/\/gysfm.com.ar\/inicio\/dia-del-trabajador-la-flexibilidad-ya-pesa-tanto-como-el-salario-para-atraer-talento\/#primaryimage"},"thumbnailUrl":"https:\/\/gysfm.com.ar\/inicio\/wp-content\/uploads\/2025\/03\/es-eficaz-el-trabajo-hibrido-1990934.jpg","datePublished":"2026-04-30T20:51:01+00:00","breadcrumb":{"@id":"https:\/\/gysfm.com.ar\/inicio\/dia-del-trabajador-la-flexibilidad-ya-pesa-tanto-como-el-salario-para-atraer-talento\/#breadcrumb"},"inLanguage":"es","potentialAction":[{"@type":"ReadAction","target":["https:\/\/gysfm.com.ar\/inicio\/dia-del-trabajador-la-flexibilidad-ya-pesa-tanto-como-el-salario-para-atraer-talento\/"]}]},{"@type":"ImageObject","inLanguage":"es","@id":"https:\/\/gysfm.com.ar\/inicio\/dia-del-trabajador-la-flexibilidad-ya-pesa-tanto-como-el-salario-para-atraer-talento\/#primaryimage","url":"https:\/\/gysfm.com.ar\/inicio\/wp-content\/uploads\/2025\/03\/es-eficaz-el-trabajo-hibrido-1990934.jpg","contentUrl":"https:\/\/gysfm.com.ar\/inicio\/wp-content\/uploads\/2025\/03\/es-eficaz-el-trabajo-hibrido-1990934.jpg","width":1140,"height":641},{"@type":"BreadcrumbList","@id":"https:\/\/gysfm.com.ar\/inicio\/dia-del-trabajador-la-flexibilidad-ya-pesa-tanto-como-el-salario-para-atraer-talento\/#breadcrumb","itemListElement":[{"@type":"ListItem","position":1,"name":"Portada","item":"https:\/\/gysfm.com.ar\/inicio\/"},{"@type":"ListItem","position":2,"name":"D\u00eda del Trabajador: la flexibilidad ya pesa tanto como el salario para atraer talento"}]},{"@type":"WebSite","@id":"https:\/\/gysfm.com.ar\/inicio\/#website","url":"https:\/\/gysfm.com.ar\/inicio\/","name":"GYS NOTICIAS |","description":"DIARIO - RADIO ONLINE SAN JUAN ARGENTINA","publisher":{"@id":"https:\/\/gysfm.com.ar\/inicio\/#organization"},"potentialAction":[{"@type":"SearchAction","target":{"@type":"EntryPoint","urlTemplate":"https:\/\/gysfm.com.ar\/inicio\/?s={search_term_string}"},"query-input":{"@type":"PropertyValueSpecification","valueRequired":true,"valueName":"search_term_string"}}],"inLanguage":"es"},{"@type":"Organization","@id":"https:\/\/gysfm.com.ar\/inicio\/#organization","name":"GYS NOTICIAS |","url":"https:\/\/gysfm.com.ar\/inicio\/","logo":{"@type":"ImageObject","inLanguage":"es","@id":"https:\/\/gysfm.com.ar\/inicio\/#\/schema\/logo\/image\/","url":"https:\/\/gysfm.com.ar\/inicio\/wp-content\/uploads\/2023\/07\/LOGOGYS-OK.png","contentUrl":"https:\/\/gysfm.com.ar\/inicio\/wp-content\/uploads\/2023\/07\/LOGOGYS-OK.png","width":1170,"height":872,"caption":"GYS NOTICIAS |"},"image":{"@id":"https:\/\/gysfm.com.ar\/inicio\/#\/schema\/logo\/image\/"}},{"@type":"Person","@id":"https:\/\/gysfm.com.ar\/inicio\/#\/schema\/person\/3abba7593ef2ad19e1be221d54383dc5","name":"Prensa G&amp;S FM","image":{"@type":"ImageObject","inLanguage":"es","@id":"https:\/\/gysfm.com.ar\/inicio\/#\/schema\/person\/image\/","url":"https:\/\/secure.gravatar.com\/avatar\/096ec78df02049ab018702bb4ccedf659377fa92a26540b5247612077a0dbd29?s=96&d=mm&r=g","contentUrl":"https:\/\/secure.gravatar.com\/avatar\/096ec78df02049ab018702bb4ccedf659377fa92a26540b5247612077a0dbd29?s=96&d=mm&r=g","caption":"Prensa G&amp;S FM"},"sameAs":["https:\/\/gysfm.com.ar\/"],"url":"https:\/\/gysfm.com.ar\/inicio\/author\/lucasm\/"}]}},"_links":{"self":[{"href":"https:\/\/gysfm.com.ar\/inicio\/wp-json\/wp\/v2\/posts\/193953","targetHints":{"allow":["GET"]}}],"collection":[{"href":"https:\/\/gysfm.com.ar\/inicio\/wp-json\/wp\/v2\/posts"}],"about":[{"href":"https:\/\/gysfm.com.ar\/inicio\/wp-json\/wp\/v2\/types\/post"}],"author":[{"embeddable":true,"href":"https:\/\/gysfm.com.ar\/inicio\/wp-json\/wp\/v2\/users\/2"}],"replies":[{"embeddable":true,"href":"https:\/\/gysfm.com.ar\/inicio\/wp-json\/wp\/v2\/comments?post=193953"}],"version-history":[{"count":0,"href":"https:\/\/gysfm.com.ar\/inicio\/wp-json\/wp\/v2\/posts\/193953\/revisions"}],"wp:featuredmedia":[{"embeddable":true,"href":"https:\/\/gysfm.com.ar\/inicio\/wp-json\/wp\/v2\/media\/104197"}],"wp:attachment":[{"href":"https:\/\/gysfm.com.ar\/inicio\/wp-json\/wp\/v2\/media?parent=193953"}],"wp:term":[{"taxonomy":"category","embeddable":true,"href":"https:\/\/gysfm.com.ar\/inicio\/wp-json\/wp\/v2\/categories?post=193953"},{"taxonomy":"post_tag","embeddable":true,"href":"https:\/\/gysfm.com.ar\/inicio\/wp-json\/wp\/v2\/tags?post=193953"}],"curies":[{"name":"wp","href":"https:\/\/api.w.org\/{rel}","templated":true}]}}