{"id":193950,"date":"2026-04-30T17:36:34","date_gmt":"2026-04-30T20:36:34","guid":{"rendered":"https:\/\/gysfm.com.ar\/inicio\/el-gobierno-reconoce-que-parte-de-los-trabajadores-suma-horas-extra-para-mejorar-sus-ingresos\/"},"modified":"2026-04-30T17:36:35","modified_gmt":"2026-04-30T20:36:35","slug":"el-gobierno-reconoce-que-parte-de-los-trabajadores-suma-horas-extra-para-mejorar-sus-ingresos","status":"publish","type":"post","link":"https:\/\/gysfm.com.ar\/inicio\/el-gobierno-reconoce-que-parte-de-los-trabajadores-suma-horas-extra-para-mejorar-sus-ingresos\/","title":{"rendered":"El Gobierno reconoce que parte de los trabajadores suma horas extra para mejorar sus ingresos"},"content":{"rendered":"<p><\/p>\n<div>\n<p class=\"com-paragraph  --capital --s\">El Gobierno reconoci\u00f3 que una parte de los trabajadores busca <strong>ampliar sus horas de trabajo o mejorar sus ingresos<\/strong> para sostener su <strong>poder adquisitivo<\/strong>, en un contexto de <strong>deterioro del mercado laboral<\/strong>. La definici\u00f3n surgi\u00f3 de una respuesta del Ministerio de Econom\u00eda en el informe de gesti\u00f3n 145 ante Diputados, donde atribuy\u00f3 esa din\u00e1mica a los \u201cdesequilibrios acumulados por a\u00f1os de <strong>alta inflaci\u00f3n<\/strong> e <strong>inestabilidad macroecon\u00f3mica<\/strong>\u201d y plante\u00f3 como salida la <strong>estabilizaci\u00f3n<\/strong>, la baja de la inflaci\u00f3n y el impulso a la inversi\u00f3n.<\/p>\n<p class=\"com-paragraph   --s\">Los datos m\u00e1s recientes refuerzan ese diagn\u00f3stico. Seg\u00fan el Indec, el <strong>desempleo<\/strong> trep\u00f3 al <strong>7,5%<\/strong> al cierre de 2025 \u2014el nivel m\u00e1s alto para ese per\u00edodo desde la pospandemia\u2014, mientras que la <strong>tasa de ocupaci\u00f3n<\/strong> cay\u00f3 al <strong>45%<\/strong>. El mercado laboral no solo se achic\u00f3, sino que perdi\u00f3 capacidad para absorber nuevos trabajadores.<\/p>\n<p class=\"com-paragraph   --s\">El deterioro tambi\u00e9n se observa en la <strong>calidad del empleo<\/strong>. De acuerdo con LCG, la <strong>sobreocupaci\u00f3n<\/strong> \u2014personas que trabajan m\u00e1s de 45 horas semanales\u2014 lleg\u00f3 al <strong>29,2%<\/strong> y acumula cuatro trimestres en alza, mientras que tambi\u00e9n creci\u00f3 la <strong>subocupaci\u00f3n demandante<\/strong>. En paralelo, el <strong>empleo no asalariado<\/strong> ya representa el <strong>28,5%<\/strong> del total, reflejando el avance de formas m\u00e1s precarias de inserci\u00f3n.<\/p>\n<div class=\"content-media\">\n<section role=\"button\" class=\"mod-media   \">\n<figure role=\"button\" tabindex=\"0\" class=\"mod-figure \"><figcaption class=\"mod-figcaption\"><span class=\"com-text --caption --twoxs\">El pluriempleo se consolida como estrategia: el peso de los hogares con m\u00e1s de una fuente de ingresos refleja el ajuste frente a la ca\u00edda del salario real<\/span><\/figcaption><\/figure>\n<\/section>\n<\/div>\n<p class=\"com-paragraph   --s\">Econviews advirti\u00f3 adem\u00e1s un problema de <strong>absorci\u00f3n del empleo<\/strong>: en los \u00faltimos dos a\u00f1os la <strong>poblaci\u00f3n econ\u00f3micamente activa<\/strong> creci\u00f3 en <strong>256.000 personas<\/strong>, pero la cantidad de ocupados cay\u00f3 en unas <strong>15.000<\/strong>. El impacto se concentra en los j\u00f3venes, con tasas de desempleo superiores al <strong>16%<\/strong>.<\/p>\n<p class=\"com-paragraph   --s\">En ese contexto, el aumento del <strong>pluriempleo<\/strong> aparece como una forma de ajuste del mercado laboral ante la dificultad de los ingresos principales para sostener el nivel de vida.<\/p>\n<p class=\"com-paragraph   --s\">Seg\u00fan un relevamiento de <strong>AtlasIntel y Bloomberg<\/strong>, el <strong>50,1%<\/strong> afirma que el consultado o alguien de su hogar tiene m\u00e1s de un trabajo o <strong>fuente de ingresos<\/strong>. Entre quienes sumaron una actividad adicional, el <strong>61%<\/strong> lo hizo para <strong>llegar a fin de mes<\/strong>, muy por encima de otros motivos como compensar la p\u00e9rdida de poder adquisitivo (<strong>14%<\/strong>) o el ahorro (<strong>7%<\/strong>). La medici\u00f3n se realiz\u00f3 entre el 24 y el 28 de abril sobre <strong>4844 casos<\/strong>, con un margen de error de un punto porcentual.<\/p>\n<div class=\"content-media\">\n<section role=\"button\" class=\"mod-media   \">\n<figure role=\"button\" tabindex=\"0\" class=\"mod-figure \"><figcaption class=\"mod-figcaption\"><span class=\"com-text --caption --twoxs\">M\u00e1s de la mitad de la poblaci\u00f3n no logra cubrir sus gastos b\u00e1sicos: el 53,7% afirma que no le alcanza, mientras que solo el 22,8% puede ahorrar<\/span><\/figcaption><\/figure>\n<\/section>\n<\/div>\n<p class=\"com-paragraph   --s\">El mismo informe muestra que m\u00e1s de la mitad de la poblaci\u00f3n no logra cubrir sus <strong>gastos b\u00e1sicos<\/strong>: el <strong>27,1%<\/strong> dice que no le alcanza y genera deudas y otro <strong>26,6%<\/strong> que apenas llega a fin de mes. Solo el <strong>22,8%<\/strong> puede <strong>ahorrar<\/strong>.<\/p>\n<p class=\"com-paragraph   --s\">Ese deterioro se traslada directamente al <strong>consumo<\/strong>. El <strong>71,2%<\/strong> recort\u00f3 gastos en ocio, el <strong>62,7%<\/strong> en indumentaria y el <strong>48,5%<\/strong> en alimentos. Incluso uno de cada cinco redujo gastos en <strong>servicios b\u00e1sicos<\/strong>. A la vez, el <strong>endeudamiento<\/strong> se concentra en gastos corrientes: el <strong>82,8%<\/strong> se endeud\u00f3 para alimentos y el <strong>60,7%<\/strong> para pagar servicios, mientras que el <strong>45,1%<\/strong> lo utiliz\u00f3 para cubrir deudas previas.<\/p>\n<p class=\"com-paragraph   --s\">El deterioro del frente laboral convive con un cambio en la <strong>percepci\u00f3n econ\u00f3mica<\/strong>. Seg\u00fan la Universidad de San Andr\u00e9s, solo el <strong>28%<\/strong> se declara satisfecho con la marcha general de las cosas y el <strong>68%<\/strong> est\u00e1 insatisfecho. Adem\u00e1s, la <strong>falta de trabajo<\/strong> (<strong>40%<\/strong>) y los <strong>bajos salarios<\/strong> (<strong>39%<\/strong>) desplazaron a la inflaci\u00f3n (<strong>20%<\/strong>) como principales preocupaciones.<\/p>\n<div class=\"content-media\">\n<section role=\"button\" class=\"mod-media   \">\n<figure role=\"button\" tabindex=\"0\" class=\"mod-figure \"><figcaption class=\"mod-figcaption\"><span class=\"com-text --caption --twoxs\">La ca\u00edda de la confianza en el Gobierno convive con un proceso de apreciaci\u00f3n cambiaria: a diferencia de otros per\u00edodos, la baja del d\u00f3lar no se traduce en una mejora en la percepci\u00f3n econ\u00f3mica<\/span><\/figcaption><\/figure>\n<\/section>\n<\/div>\n<p class=\"com-paragraph   --s\">Ese corrimiento en las preocupaciones tambi\u00e9n aparece en las <strong>expectativas econ\u00f3micas<\/strong>: m\u00e1s de la mitad considera que la econom\u00eda est\u00e1 peor que hace un a\u00f1o y una proporci\u00f3n significativa espera que empeore. En la misma l\u00ednea, el <strong>\u00edndice de confianza del consumidor<\/strong> de AtlasIntel y Bloomberg se mantiene en terreno negativo.<\/p>\n<p class=\"com-paragraph   --s\">La ca\u00edda tambi\u00e9n impacta en la <strong>confianza en el Gobierno<\/strong>. El \u00edndice que elabora la Universidad Torcuato Di Tella acumul\u00f3 en abril su quinta baja consecutiva y retrocedi\u00f3 <strong>12,1%<\/strong> respecto de marzo, hasta ubicarse en <strong>2,02 puntos<\/strong> en una escala de 0 a 5. En t\u00e9rminos interanuales, la baja es de <strong>13,2%<\/strong> y atraviesa todos los componentes del indicador.<\/p>\n<div class=\"content-media\">\n<section role=\"button\" class=\"mod-media   \">\n<figure role=\"button\" tabindex=\"0\" class=\"mod-figure \"><figcaption class=\"mod-figcaption\"><span class=\"com-text --caption --twoxs\">El respaldo al Gobierno sigue de cerca la evoluci\u00f3n del salario real: las ca\u00eddas del poder adquisitivo se reflejan en menor apoyo, mientras que las recuperaciones generan mejoras parciales<\/span><\/figcaption><\/figure>\n<\/section>\n<\/div>\n<p class=\"com-paragraph   --s\">Un an\u00e1lisis del Centro de Estudios Econ\u00f3micos del Banco Provincia mostr\u00f3 que esta ca\u00edda se da en paralelo a un proceso de <strong>apreciaci\u00f3n cambiaria<\/strong>, medido a trav\u00e9s del <strong>contado con liquidaci\u00f3n<\/strong> en t\u00e9rminos reales. En experiencias previas, la baja del d\u00f3lar sol\u00eda actuar como un ancla de expectativas. En esta ocasi\u00f3n, ese canal aparece debilitado: la mejora en las variables financieras no se traduce en una mejora equivalente en la confianza.<\/p>\n<p class=\"com-paragraph   --s\">Esa desconexi\u00f3n es consistente con lo que ocurre en el frente de <strong>ingresos<\/strong>. Un gr\u00e1fico elaborado por el economista Fernando Marull, que cruza <strong>salario real<\/strong> con <strong>apoyo al Gobierno<\/strong>, muestra que la relaci\u00f3n m\u00e1s estrecha se mantiene con el <strong>poder adquisitivo<\/strong>. Cuando los ingresos caen, tambi\u00e9n lo hace el respaldo.<\/p>\n<section class=\"container-center-100 mb-40 border border-bottom border-thin border-neutral-light-700\">\n<hr\/>\n<\/section>\n<\/div>\n<p><script id=\"facebookpixel\" defer=\"\" type=\"text\/javascript\">\n        !function(f,b,e,v,n,t,s)\n        {if(f.fbq)return;n=f.fbq=function(){n.callMethod?\n        n.callMethod.apply(n,arguments):n.queue.push(arguments)};\n        if(!f._fbq)f._fbq=n;n.push=n;n.loaded=!0;n.version='2.0';\n        n.queue=[];t=b.createElement(e);t.async=!0;\n        t.src=v;s=b.getElementsByTagName(e)[0];\n        s.parentNode.insertBefore(t,s)}(window, document,'script',\n        'https:\/\/connect.facebook.net\/en_US\/fbevents.js');\n        fbq('init', '492459597522335');\n        fbq('track', 'PageView');\n    <\/script><\/p>\n","protected":false},"excerpt":{"rendered":"<p>El Gobierno reconoci\u00f3 que una parte de los trabajadores busca ampliar sus horas de trabajo o mejorar sus ingresos para sostener su poder adquisitivo, en un contexto de deterioro del mercado laboral. La definici\u00f3n surgi\u00f3 de una respuesta del Ministerio de Econom\u00eda en el informe de gesti\u00f3n 145 ante Diputados, donde atribuy\u00f3 esa din\u00e1mica a [&hellip;]<\/p>\n","protected":false},"author":1,"featured_media":193951,"comment_status":"closed","ping_status":"closed","sticky":false,"template":"","format":"standard","meta":{"footnotes":""},"categories":[28],"tags":[],"class_list":["post-193950","post","type-post","status-publish","format-standard","has-post-thumbnail","hentry","category-economia"],"yoast_head":"<!-- This site is optimized with the Yoast SEO plugin v24.4 - https:\/\/yoast.com\/wordpress\/plugins\/seo\/ -->\n<title>El Gobierno reconoce que parte de los trabajadores suma horas extra para mejorar sus ingresos - GYS NOTICIAS |<\/title>\n<meta name=\"robots\" content=\"index, follow, max-snippet:-1, max-image-preview:large, max-video-preview:-1\" \/>\n<link rel=\"canonical\" href=\"https:\/\/gysfm.com.ar\/inicio\/el-gobierno-reconoce-que-parte-de-los-trabajadores-suma-horas-extra-para-mejorar-sus-ingresos\/\" \/>\n<meta property=\"og:locale\" content=\"es_ES\" \/>\n<meta property=\"og:type\" content=\"article\" \/>\n<meta property=\"og:title\" content=\"El Gobierno reconoce que parte de los trabajadores suma horas extra para mejorar sus ingresos - GYS NOTICIAS |\" \/>\n<meta property=\"og:description\" content=\"El Gobierno reconoci\u00f3 que una parte de los trabajadores busca ampliar sus horas de trabajo o mejorar sus ingresos para sostener su poder adquisitivo, en un contexto de deterioro del mercado laboral. La definici\u00f3n surgi\u00f3 de una respuesta del Ministerio de Econom\u00eda en el informe de gesti\u00f3n 145 ante Diputados, donde atribuy\u00f3 esa din\u00e1mica a [&hellip;]\" \/>\n<meta property=\"og:url\" content=\"https:\/\/gysfm.com.ar\/inicio\/el-gobierno-reconoce-que-parte-de-los-trabajadores-suma-horas-extra-para-mejorar-sus-ingresos\/\" \/>\n<meta property=\"og:site_name\" content=\"GYS NOTICIAS |\" \/>\n<meta property=\"article:published_time\" content=\"2026-04-30T20:36:34+00:00\" \/>\n<meta property=\"article:modified_time\" content=\"2026-04-30T20:36:35+00:00\" \/>\n<meta property=\"og:image\" content=\"https:\/\/gysfm.com.ar\/inicio\/wp-content\/uploads\/2026\/04\/manuel-adorni-informe-de-gestion-congreso-de-la-XPXSPUDCRZA4HCYY5IP4TNVITI.JPG\" \/>\n\t<meta property=\"og:image:width\" content=\"1200\" \/>\n\t<meta property=\"og:image:height\" content=\"800\" \/>\n\t<meta property=\"og:image:type\" content=\"image\/jpeg\" \/>\n<meta name=\"author\" content=\"admin\" \/>\n<meta name=\"twitter:card\" content=\"summary_large_image\" \/>\n<meta name=\"twitter:label1\" content=\"Escrito por\" \/>\n\t<meta name=\"twitter:data1\" content=\"admin\" \/>\n\t<meta name=\"twitter:label2\" content=\"Tiempo de lectura\" \/>\n\t<meta name=\"twitter:data2\" content=\"5 minutos\" \/>\n<script type=\"application\/ld+json\" class=\"yoast-schema-graph\">{\"@context\":\"https:\/\/schema.org\",\"@graph\":[{\"@type\":\"Article\",\"@id\":\"https:\/\/gysfm.com.ar\/inicio\/el-gobierno-reconoce-que-parte-de-los-trabajadores-suma-horas-extra-para-mejorar-sus-ingresos\/#article\",\"isPartOf\":{\"@id\":\"https:\/\/gysfm.com.ar\/inicio\/el-gobierno-reconoce-que-parte-de-los-trabajadores-suma-horas-extra-para-mejorar-sus-ingresos\/\"},\"author\":{\"name\":\"admin\",\"@id\":\"https:\/\/gysfm.com.ar\/inicio\/#\/schema\/person\/5bedd7ecd35cc35548d89effafa23696\"},\"headline\":\"El Gobierno reconoce que parte de los trabajadores suma horas extra para mejorar sus ingresos\",\"datePublished\":\"2026-04-30T20:36:34+00:00\",\"dateModified\":\"2026-04-30T20:36:35+00:00\",\"mainEntityOfPage\":{\"@id\":\"https:\/\/gysfm.com.ar\/inicio\/el-gobierno-reconoce-que-parte-de-los-trabajadores-suma-horas-extra-para-mejorar-sus-ingresos\/\"},\"wordCount\":926,\"publisher\":{\"@id\":\"https:\/\/gysfm.com.ar\/inicio\/#organization\"},\"image\":{\"@id\":\"https:\/\/gysfm.com.ar\/inicio\/el-gobierno-reconoce-que-parte-de-los-trabajadores-suma-horas-extra-para-mejorar-sus-ingresos\/#primaryimage\"},\"thumbnailUrl\":\"https:\/\/gysfm.com.ar\/inicio\/wp-content\/uploads\/2026\/04\/manuel-adorni-informe-de-gestion-congreso-de-la-XPXSPUDCRZA4HCYY5IP4TNVITI.JPG\",\"articleSection\":[\"ECONOMIA\"],\"inLanguage\":\"es\"},{\"@type\":\"WebPage\",\"@id\":\"https:\/\/gysfm.com.ar\/inicio\/el-gobierno-reconoce-que-parte-de-los-trabajadores-suma-horas-extra-para-mejorar-sus-ingresos\/\",\"url\":\"https:\/\/gysfm.com.ar\/inicio\/el-gobierno-reconoce-que-parte-de-los-trabajadores-suma-horas-extra-para-mejorar-sus-ingresos\/\",\"name\":\"El Gobierno reconoce que parte de los trabajadores suma horas extra para mejorar sus ingresos - GYS NOTICIAS |\",\"isPartOf\":{\"@id\":\"https:\/\/gysfm.com.ar\/inicio\/#website\"},\"primaryImageOfPage\":{\"@id\":\"https:\/\/gysfm.com.ar\/inicio\/el-gobierno-reconoce-que-parte-de-los-trabajadores-suma-horas-extra-para-mejorar-sus-ingresos\/#primaryimage\"},\"image\":{\"@id\":\"https:\/\/gysfm.com.ar\/inicio\/el-gobierno-reconoce-que-parte-de-los-trabajadores-suma-horas-extra-para-mejorar-sus-ingresos\/#primaryimage\"},\"thumbnailUrl\":\"https:\/\/gysfm.com.ar\/inicio\/wp-content\/uploads\/2026\/04\/manuel-adorni-informe-de-gestion-congreso-de-la-XPXSPUDCRZA4HCYY5IP4TNVITI.JPG\",\"datePublished\":\"2026-04-30T20:36:34+00:00\",\"dateModified\":\"2026-04-30T20:36:35+00:00\",\"breadcrumb\":{\"@id\":\"https:\/\/gysfm.com.ar\/inicio\/el-gobierno-reconoce-que-parte-de-los-trabajadores-suma-horas-extra-para-mejorar-sus-ingresos\/#breadcrumb\"},\"inLanguage\":\"es\",\"potentialAction\":[{\"@type\":\"ReadAction\",\"target\":[\"https:\/\/gysfm.com.ar\/inicio\/el-gobierno-reconoce-que-parte-de-los-trabajadores-suma-horas-extra-para-mejorar-sus-ingresos\/\"]}]},{\"@type\":\"ImageObject\",\"inLanguage\":\"es\",\"@id\":\"https:\/\/gysfm.com.ar\/inicio\/el-gobierno-reconoce-que-parte-de-los-trabajadores-suma-horas-extra-para-mejorar-sus-ingresos\/#primaryimage\",\"url\":\"https:\/\/gysfm.com.ar\/inicio\/wp-content\/uploads\/2026\/04\/manuel-adorni-informe-de-gestion-congreso-de-la-XPXSPUDCRZA4HCYY5IP4TNVITI.JPG\",\"contentUrl\":\"https:\/\/gysfm.com.ar\/inicio\/wp-content\/uploads\/2026\/04\/manuel-adorni-informe-de-gestion-congreso-de-la-XPXSPUDCRZA4HCYY5IP4TNVITI.JPG\",\"width\":1200,\"height\":800},{\"@type\":\"BreadcrumbList\",\"@id\":\"https:\/\/gysfm.com.ar\/inicio\/el-gobierno-reconoce-que-parte-de-los-trabajadores-suma-horas-extra-para-mejorar-sus-ingresos\/#breadcrumb\",\"itemListElement\":[{\"@type\":\"ListItem\",\"position\":1,\"name\":\"Portada\",\"item\":\"https:\/\/gysfm.com.ar\/inicio\/\"},{\"@type\":\"ListItem\",\"position\":2,\"name\":\"El Gobierno reconoce que parte de los trabajadores suma horas extra para mejorar sus ingresos\"}]},{\"@type\":\"WebSite\",\"@id\":\"https:\/\/gysfm.com.ar\/inicio\/#website\",\"url\":\"https:\/\/gysfm.com.ar\/inicio\/\",\"name\":\"GYS NOTICIAS |\",\"description\":\"DIARIO - RADIO ONLINE SAN JUAN ARGENTINA\",\"publisher\":{\"@id\":\"https:\/\/gysfm.com.ar\/inicio\/#organization\"},\"potentialAction\":[{\"@type\":\"SearchAction\",\"target\":{\"@type\":\"EntryPoint\",\"urlTemplate\":\"https:\/\/gysfm.com.ar\/inicio\/?s={search_term_string}\"},\"query-input\":{\"@type\":\"PropertyValueSpecification\",\"valueRequired\":true,\"valueName\":\"search_term_string\"}}],\"inLanguage\":\"es\"},{\"@type\":\"Organization\",\"@id\":\"https:\/\/gysfm.com.ar\/inicio\/#organization\",\"name\":\"GYS NOTICIAS |\",\"url\":\"https:\/\/gysfm.com.ar\/inicio\/\",\"logo\":{\"@type\":\"ImageObject\",\"inLanguage\":\"es\",\"@id\":\"https:\/\/gysfm.com.ar\/inicio\/#\/schema\/logo\/image\/\",\"url\":\"https:\/\/gysfm.com.ar\/inicio\/wp-content\/uploads\/2023\/07\/LOGOGYS-OK.png\",\"contentUrl\":\"https:\/\/gysfm.com.ar\/inicio\/wp-content\/uploads\/2023\/07\/LOGOGYS-OK.png\",\"width\":1170,\"height\":872,\"caption\":\"GYS NOTICIAS |\"},\"image\":{\"@id\":\"https:\/\/gysfm.com.ar\/inicio\/#\/schema\/logo\/image\/\"}},{\"@type\":\"Person\",\"@id\":\"https:\/\/gysfm.com.ar\/inicio\/#\/schema\/person\/5bedd7ecd35cc35548d89effafa23696\",\"name\":\"admin\",\"image\":{\"@type\":\"ImageObject\",\"inLanguage\":\"es\",\"@id\":\"https:\/\/gysfm.com.ar\/inicio\/#\/schema\/person\/image\/\",\"url\":\"https:\/\/secure.gravatar.com\/avatar\/c331d312b5243fb64d5ba28108a447b27c925295129a363082c9ea52c28d32c2?s=96&d=mm&r=g\",\"contentUrl\":\"https:\/\/secure.gravatar.com\/avatar\/c331d312b5243fb64d5ba28108a447b27c925295129a363082c9ea52c28d32c2?s=96&d=mm&r=g\",\"caption\":\"admin\"},\"sameAs\":[\"https:\/\/gysfm.com.ar\/inicio\"],\"url\":\"https:\/\/gysfm.com.ar\/inicio\/author\/admin\/\"}]}<\/script>\n<!-- \/ Yoast SEO plugin. -->","yoast_head_json":{"title":"El Gobierno reconoce que parte de los trabajadores suma horas extra para mejorar sus ingresos - GYS NOTICIAS |","robots":{"index":"index","follow":"follow","max-snippet":"max-snippet:-1","max-image-preview":"max-image-preview:large","max-video-preview":"max-video-preview:-1"},"canonical":"https:\/\/gysfm.com.ar\/inicio\/el-gobierno-reconoce-que-parte-de-los-trabajadores-suma-horas-extra-para-mejorar-sus-ingresos\/","og_locale":"es_ES","og_type":"article","og_title":"El Gobierno reconoce que parte de los trabajadores suma horas extra para mejorar sus ingresos - GYS NOTICIAS |","og_description":"El Gobierno reconoci\u00f3 que una parte de los trabajadores busca ampliar sus horas de trabajo o mejorar sus ingresos para sostener su poder adquisitivo, en un contexto de deterioro del mercado laboral. La definici\u00f3n surgi\u00f3 de una respuesta del Ministerio de Econom\u00eda en el informe de gesti\u00f3n 145 ante Diputados, donde atribuy\u00f3 esa din\u00e1mica a [&hellip;]","og_url":"https:\/\/gysfm.com.ar\/inicio\/el-gobierno-reconoce-que-parte-de-los-trabajadores-suma-horas-extra-para-mejorar-sus-ingresos\/","og_site_name":"GYS NOTICIAS |","article_published_time":"2026-04-30T20:36:34+00:00","article_modified_time":"2026-04-30T20:36:35+00:00","og_image":[{"width":1200,"height":800,"url":"https:\/\/gysfm.com.ar\/inicio\/wp-content\/uploads\/2026\/04\/manuel-adorni-informe-de-gestion-congreso-de-la-XPXSPUDCRZA4HCYY5IP4TNVITI.JPG","type":"image\/jpeg"}],"author":"admin","twitter_card":"summary_large_image","twitter_misc":{"Escrito por":"admin","Tiempo de lectura":"5 minutos"},"schema":{"@context":"https:\/\/schema.org","@graph":[{"@type":"Article","@id":"https:\/\/gysfm.com.ar\/inicio\/el-gobierno-reconoce-que-parte-de-los-trabajadores-suma-horas-extra-para-mejorar-sus-ingresos\/#article","isPartOf":{"@id":"https:\/\/gysfm.com.ar\/inicio\/el-gobierno-reconoce-que-parte-de-los-trabajadores-suma-horas-extra-para-mejorar-sus-ingresos\/"},"author":{"name":"admin","@id":"https:\/\/gysfm.com.ar\/inicio\/#\/schema\/person\/5bedd7ecd35cc35548d89effafa23696"},"headline":"El Gobierno reconoce que parte de los trabajadores suma horas extra para mejorar sus ingresos","datePublished":"2026-04-30T20:36:34+00:00","dateModified":"2026-04-30T20:36:35+00:00","mainEntityOfPage":{"@id":"https:\/\/gysfm.com.ar\/inicio\/el-gobierno-reconoce-que-parte-de-los-trabajadores-suma-horas-extra-para-mejorar-sus-ingresos\/"},"wordCount":926,"publisher":{"@id":"https:\/\/gysfm.com.ar\/inicio\/#organization"},"image":{"@id":"https:\/\/gysfm.com.ar\/inicio\/el-gobierno-reconoce-que-parte-de-los-trabajadores-suma-horas-extra-para-mejorar-sus-ingresos\/#primaryimage"},"thumbnailUrl":"https:\/\/gysfm.com.ar\/inicio\/wp-content\/uploads\/2026\/04\/manuel-adorni-informe-de-gestion-congreso-de-la-XPXSPUDCRZA4HCYY5IP4TNVITI.JPG","articleSection":["ECONOMIA"],"inLanguage":"es"},{"@type":"WebPage","@id":"https:\/\/gysfm.com.ar\/inicio\/el-gobierno-reconoce-que-parte-de-los-trabajadores-suma-horas-extra-para-mejorar-sus-ingresos\/","url":"https:\/\/gysfm.com.ar\/inicio\/el-gobierno-reconoce-que-parte-de-los-trabajadores-suma-horas-extra-para-mejorar-sus-ingresos\/","name":"El Gobierno reconoce que parte de los trabajadores suma horas extra para mejorar sus ingresos - GYS NOTICIAS |","isPartOf":{"@id":"https:\/\/gysfm.com.ar\/inicio\/#website"},"primaryImageOfPage":{"@id":"https:\/\/gysfm.com.ar\/inicio\/el-gobierno-reconoce-que-parte-de-los-trabajadores-suma-horas-extra-para-mejorar-sus-ingresos\/#primaryimage"},"image":{"@id":"https:\/\/gysfm.com.ar\/inicio\/el-gobierno-reconoce-que-parte-de-los-trabajadores-suma-horas-extra-para-mejorar-sus-ingresos\/#primaryimage"},"thumbnailUrl":"https:\/\/gysfm.com.ar\/inicio\/wp-content\/uploads\/2026\/04\/manuel-adorni-informe-de-gestion-congreso-de-la-XPXSPUDCRZA4HCYY5IP4TNVITI.JPG","datePublished":"2026-04-30T20:36:34+00:00","dateModified":"2026-04-30T20:36:35+00:00","breadcrumb":{"@id":"https:\/\/gysfm.com.ar\/inicio\/el-gobierno-reconoce-que-parte-de-los-trabajadores-suma-horas-extra-para-mejorar-sus-ingresos\/#breadcrumb"},"inLanguage":"es","potentialAction":[{"@type":"ReadAction","target":["https:\/\/gysfm.com.ar\/inicio\/el-gobierno-reconoce-que-parte-de-los-trabajadores-suma-horas-extra-para-mejorar-sus-ingresos\/"]}]},{"@type":"ImageObject","inLanguage":"es","@id":"https:\/\/gysfm.com.ar\/inicio\/el-gobierno-reconoce-que-parte-de-los-trabajadores-suma-horas-extra-para-mejorar-sus-ingresos\/#primaryimage","url":"https:\/\/gysfm.com.ar\/inicio\/wp-content\/uploads\/2026\/04\/manuel-adorni-informe-de-gestion-congreso-de-la-XPXSPUDCRZA4HCYY5IP4TNVITI.JPG","contentUrl":"https:\/\/gysfm.com.ar\/inicio\/wp-content\/uploads\/2026\/04\/manuel-adorni-informe-de-gestion-congreso-de-la-XPXSPUDCRZA4HCYY5IP4TNVITI.JPG","width":1200,"height":800},{"@type":"BreadcrumbList","@id":"https:\/\/gysfm.com.ar\/inicio\/el-gobierno-reconoce-que-parte-de-los-trabajadores-suma-horas-extra-para-mejorar-sus-ingresos\/#breadcrumb","itemListElement":[{"@type":"ListItem","position":1,"name":"Portada","item":"https:\/\/gysfm.com.ar\/inicio\/"},{"@type":"ListItem","position":2,"name":"El Gobierno reconoce que parte de los trabajadores suma horas extra para mejorar sus ingresos"}]},{"@type":"WebSite","@id":"https:\/\/gysfm.com.ar\/inicio\/#website","url":"https:\/\/gysfm.com.ar\/inicio\/","name":"GYS NOTICIAS |","description":"DIARIO - RADIO ONLINE SAN JUAN ARGENTINA","publisher":{"@id":"https:\/\/gysfm.com.ar\/inicio\/#organization"},"potentialAction":[{"@type":"SearchAction","target":{"@type":"EntryPoint","urlTemplate":"https:\/\/gysfm.com.ar\/inicio\/?s={search_term_string}"},"query-input":{"@type":"PropertyValueSpecification","valueRequired":true,"valueName":"search_term_string"}}],"inLanguage":"es"},{"@type":"Organization","@id":"https:\/\/gysfm.com.ar\/inicio\/#organization","name":"GYS NOTICIAS |","url":"https:\/\/gysfm.com.ar\/inicio\/","logo":{"@type":"ImageObject","inLanguage":"es","@id":"https:\/\/gysfm.com.ar\/inicio\/#\/schema\/logo\/image\/","url":"https:\/\/gysfm.com.ar\/inicio\/wp-content\/uploads\/2023\/07\/LOGOGYS-OK.png","contentUrl":"https:\/\/gysfm.com.ar\/inicio\/wp-content\/uploads\/2023\/07\/LOGOGYS-OK.png","width":1170,"height":872,"caption":"GYS NOTICIAS |"},"image":{"@id":"https:\/\/gysfm.com.ar\/inicio\/#\/schema\/logo\/image\/"}},{"@type":"Person","@id":"https:\/\/gysfm.com.ar\/inicio\/#\/schema\/person\/5bedd7ecd35cc35548d89effafa23696","name":"admin","image":{"@type":"ImageObject","inLanguage":"es","@id":"https:\/\/gysfm.com.ar\/inicio\/#\/schema\/person\/image\/","url":"https:\/\/secure.gravatar.com\/avatar\/c331d312b5243fb64d5ba28108a447b27c925295129a363082c9ea52c28d32c2?s=96&d=mm&r=g","contentUrl":"https:\/\/secure.gravatar.com\/avatar\/c331d312b5243fb64d5ba28108a447b27c925295129a363082c9ea52c28d32c2?s=96&d=mm&r=g","caption":"admin"},"sameAs":["https:\/\/gysfm.com.ar\/inicio"],"url":"https:\/\/gysfm.com.ar\/inicio\/author\/admin\/"}]}},"_links":{"self":[{"href":"https:\/\/gysfm.com.ar\/inicio\/wp-json\/wp\/v2\/posts\/193950","targetHints":{"allow":["GET"]}}],"collection":[{"href":"https:\/\/gysfm.com.ar\/inicio\/wp-json\/wp\/v2\/posts"}],"about":[{"href":"https:\/\/gysfm.com.ar\/inicio\/wp-json\/wp\/v2\/types\/post"}],"author":[{"embeddable":true,"href":"https:\/\/gysfm.com.ar\/inicio\/wp-json\/wp\/v2\/users\/1"}],"replies":[{"embeddable":true,"href":"https:\/\/gysfm.com.ar\/inicio\/wp-json\/wp\/v2\/comments?post=193950"}],"version-history":[{"count":1,"href":"https:\/\/gysfm.com.ar\/inicio\/wp-json\/wp\/v2\/posts\/193950\/revisions"}],"predecessor-version":[{"id":193952,"href":"https:\/\/gysfm.com.ar\/inicio\/wp-json\/wp\/v2\/posts\/193950\/revisions\/193952"}],"wp:featuredmedia":[{"embeddable":true,"href":"https:\/\/gysfm.com.ar\/inicio\/wp-json\/wp\/v2\/media\/193951"}],"wp:attachment":[{"href":"https:\/\/gysfm.com.ar\/inicio\/wp-json\/wp\/v2\/media?parent=193950"}],"wp:term":[{"taxonomy":"category","embeddable":true,"href":"https:\/\/gysfm.com.ar\/inicio\/wp-json\/wp\/v2\/categories?post=193950"},{"taxonomy":"post_tag","embeddable":true,"href":"https:\/\/gysfm.com.ar\/inicio\/wp-json\/wp\/v2\/tags?post=193950"}],"curies":[{"name":"wp","href":"https:\/\/api.w.org\/{rel}","templated":true}]}}