{"id":193947,"date":"2026-04-30T17:35:23","date_gmt":"2026-04-30T20:35:23","guid":{"rendered":"https:\/\/gysfm.com.ar\/inicio\/un-empresario-involucra-a-pedro-sanchez-en-una-presunta-banda-organizada\/"},"modified":"2026-04-30T17:35:23","modified_gmt":"2026-04-30T20:35:23","slug":"un-empresario-involucra-a-pedro-sanchez-en-una-presunta-banda-organizada","status":"publish","type":"post","link":"https:\/\/gysfm.com.ar\/inicio\/un-empresario-involucra-a-pedro-sanchez-en-una-presunta-banda-organizada\/","title":{"rendered":"Un empresario involucra a Pedro S\u00e1nchez en una presunta \u201cbanda organizada\u201d"},"content":{"rendered":"<p> <br \/>\n<\/p>\n<div>\n<p class=\"com-paragraph  --capital --s\">MADRID.-El exministro de Transporte <strong>Jos\u00e9 Luis \u00c1balos, <\/strong>exmano derecha del presidente espa\u00f1ol <strong>Pedro S\u00e1nchez, <\/strong>declarar\u00e1 este mi\u00e9rcoles en<strong> Madrid <\/strong>acusado de <strong>irregularidades en la compra de barbijos <\/strong>durante la pandemia, lo que podr\u00eda suponer un fuerte impacto pol\u00edtico para el gobierno socialista. En el marco del juicio, adem\u00e1s, el empresario <strong>V\u00edctor Aldama, <\/strong>se\u00f1alado como otro actor clave en el ascenso de S\u00e1nchez, apunt\u00f3 contra el mandatario al ubicarlo en el <strong>\u201cescalaf\u00f3n 1\u201d <\/strong>de una supuesta<strong> \u201cbanda organizada\u201d.<\/strong><\/p>\n<p class=\"com-paragraph   --s\">El caso lleva meses alimentando las cr\u00edticas de la oposici\u00f3n, que suele aprovechar cada avance judicial para exigir la renuncia de S\u00e1nchez, al argumentar que varios de sus colaboradores m\u00e1s cercanos tambi\u00e9n est\u00e1n siendo investigados por corrupci\u00f3n. <\/p>\n<p class=\"com-paragraph   --s\">\u00c1balos, para quien la fiscal\u00eda pide 24 a\u00f1os de c\u00e1rcel, se sentar\u00e1 en el banquillo de los acusados junto a su exasesor <strong>Koldo Garc\u00eda <\/strong>y el empresario <strong>V\u00edctor de Aldama.<\/strong> Todos ellos, investigados por presunta corrupci\u00f3n en la compra de millones de tapabocas durante la pandemia de Covid-19 por parte de ministerios, gobiernos regionales socialistas o entes p\u00fablicos como Puertos del Estado.<\/p>\n<p class=\"com-paragraph   --s\">Seg\u00fan consta en la acusaci\u00f3n, \u00c1balos fue el enlace pol\u00edtico que permiti\u00f3 el acceso a los contratos p\u00fablicos de compra de barbijos; Garc\u00eda, el intermediario para que se concretasen las operaciones; y Aldama, el empresario que organiz\u00f3 la venta de aquellos insumos m\u00e9dicos y obtuvo los beneficios econ\u00f3micos.<\/p>\n<div class=\"content-media\">\n<section role=\"button\" class=\"mod-media   \">\n<figure role=\"button\" tabindex=\"0\" class=\"mod-figure \"><figcaption class=\"mod-figcaption\"><span class=\"com-text --caption --twoxs\">El expresidente de Transporte Jose Luis Abalos junto al presidente espa\u00f1ol, Pedro S\u00e1nchez (Javier Soriano \/ AFP)<\/span><span class=\"com-text --credit --twoxs\">JAVIER SORIANO &#8211; AFP<\/span><\/figcaption><\/figure>\n<\/section>\n<\/div>\n<p class=\"com-paragraph   --s\">A cambio, \u00c1balos habr\u00eda recibido dinero y favores que le permitieron llevar un elevado nivel de vida, incluyendo presuntamente sueldos mensuales, el pago de vacaciones familiares y la adquicisi\u00f3n de un departamento de lujo destinado a una relaci\u00f3n extramatrimonial.<\/p>\n<p class=\"com-paragraph   --s\">El primer acusado en declarar este mi\u00e9rcoles fue Aldama, quien vincul\u00f3 al mandatario espa\u00f1ol con el hecho delictivo en cuesti\u00f3n y brind\u00f3 precisiones sobre c\u00f3mo habr\u00eda funcionada el supuesto esquema delictivo. \u201cSi hay una organizaci\u00f3n criminal, el presidente del Gobierno estaba en el escalaf\u00f3n 1, el se\u00f1or \u00c1balos en el escalaf\u00f3n 2, Koldo Garc\u00eda en el 3 y yo en el 4\u201d, sentenci\u00f3 el empresario. <\/p>\n<p class=\"com-paragraph   --s\">S\u00e1nchez ya ha rechazado anteriormente las acusaciones de Aldama. En esta oportunidad, el empresario narr\u00f3 ante el tribunal c\u00f3mo conoci\u00f3 y se fotografi\u00f3 con el l\u00edder espa\u00f1ol tras un mitin, gracias a Koldo Garc\u00eda. \u201cEl presidente lo que me dice es muchas gracias por todo, s\u00e9 perfectamente lo que est\u00e1s haciendo y simplemente quer\u00eda darte las gracias\u201d, sostuvo el acusado.<\/p>\n<p class=\"com-paragraph   --s\">Aldama explic\u00f3 que, gracias a sus contactos internacionales y al respaldo de \u00c1balos desde su cargo, se hicieron negocios en pa\u00edses como M\u00e9xico y Venezuela. Tambi\u00e9n afirm\u00f3 que actu\u00f3 como intermediario, aprovechando su relaci\u00f3n con Delcy Rodr\u00edguez -entonces vicepresidenta de Venezuela, hoy presidenta interina-, para que el Gobierno de S\u00e1nchez pasara de apoyar al opositor Juan Guaid\u00f3 a interactuar con Nicol\u00e1s Maduro, con el objetivo final de facilitar negocios.<\/p>\n<p class=\"com-paragraph   --s\">En su declaratoria el empresario insisti\u00f3 en que parte de los beneficios de la trama, consistente b\u00e1sicamente en otorgar contratos p\u00fablicos a cambio de comisiones, sirvi\u00f3 para financiar al PSOE.<\/p>\n<p class=\"com-paragraph   --s\">El juicio golpea al gobierno espa\u00f1ol. Cada revelaci\u00f3n del proceso reaviva el debate sobre el control de su entorno por parte de S\u00e1nchez, m\u00e1xime cuando \u00c1balos fue sustituido como secretario de organizaci\u00f3n del PSOE por Santos Cerd\u00e1n, tambi\u00e9n investigado por corrupci\u00f3n y apartado del partido investigado en un expediente paralelo.<\/p>\n<p class=\"com-paragraph   --s\">\u00c1balos, Garc\u00eda y Cerd\u00e1n fueron figuras clave en el retorno de Pedro S\u00e1nchez al liderazgo socialista en 2017, tras la llamada \u201cgira del Peugeot\u201d, con la que el actual presidente reconquist\u00f3 el apoyo de las bases. Ese pasado com\u00fan llev\u00f3 a la oposici\u00f3n a bautizarlos como \u201cla banda del Peugeot\u201d.<\/p>\n<p class=\"com-paragraph   --s\">En paralelo, S\u00e1nchez enfrenta otros frentes judiciales. Su hermano, David, ser\u00e1 juzgado a fines de mayo por presunto tr\u00e1fico de influencias, mientras que su esposa, Bego\u00f1a G\u00f3mez, est\u00e1 cerca de ir a juicio como sospechosa de haberse beneficiado de su posici\u00f3n para sus actividades privadas. <\/p>\n<p class=\"com-paragraph   --s\">En este contexto, el Partido Popular y Vox intensificaron sus cr\u00edticas y reclaman la dimisi\u00f3n de S\u00e1nchez y la convocatoria a elecciones anticipadas, una opci\u00f3n que el mandatario descarta.<\/p>\n<p class=\"com-paragraph   --s\">La direcci\u00f3n socialista marca distancias con \u00c1balos y Cerd\u00e1n y se escuda en su reacci\u00f3n r\u00e1pida ante las sospechas de corrupci\u00f3n, con la destituci\u00f3n de ambos.<\/p>\n<p class=\"com-paragraph   --s\">S\u00e1nchez, por su lado, resta importancia a su relaci\u00f3n con \u00c1balos, pese a que este fue el cerebro de su ascenso y el diputado socialista elegido para presentar en el Congreso la victoriosa moci\u00f3n de censura contra el Gobierno del conservador Mariano Rajoy que lo llev\u00f3 al poder en 2018.<\/p>\n<p class=\"com-paragraph   --s\">Con unos socialistas que est\u00e1n en minor\u00eda en el Parlamento, est\u00e1 por verse qu\u00e9 impacto tendr\u00e1 la sentencia del juicio en el a\u00f1o que le queda a la legislatura, al tener en cuenta que S\u00e1nchez necesita el apoyo de varios partidos que podr\u00edan darle la espalda y dejarlo caer.<\/p>\n<p class=\"com-paragraph   --s\"><em><strong>Agencia AFP <\/strong><\/em><\/p>\n<section class=\"container-center-100 mb-40 border border-bottom border-thin border-neutral-light-700\">\n<hr\/>\n<\/section>\n<\/div>\n<p><script id=\"facebookpixel\" defer=\"\" type=\"text\/javascript\">\n        !function(f,b,e,v,n,t,s)\n        {if(f.fbq)return;n=f.fbq=function(){n.callMethod?\n        n.callMethod.apply(n,arguments):n.queue.push(arguments)};\n        if(!f._fbq)f._fbq=n;n.push=n;n.loaded=!0;n.version='2.0';\n        n.queue=[];t=b.createElement(e);t.async=!0;\n        t.src=v;s=b.getElementsByTagName(e)[0];\n        s.parentNode.insertBefore(t,s)}(window, document,'script',\n        'https:\/\/connect.facebook.net\/en_US\/fbevents.js');\n        fbq('init', '492459597522335');\n        fbq('track', 'PageView');\n    <\/script><br \/>\n<br \/><\/p>\n","protected":false},"excerpt":{"rendered":"<p>MADRID.-El exministro de Transporte Jos\u00e9 Luis \u00c1balos, exmano derecha del presidente espa\u00f1ol Pedro S\u00e1nchez, declarar\u00e1 este mi\u00e9rcoles en Madrid acusado de irregularidades en la compra de barbijos durante la pandemia, lo que podr\u00eda suponer un fuerte impacto pol\u00edtico para el gobierno socialista. En el marco del juicio, adem\u00e1s, el empresario V\u00edctor Aldama, se\u00f1alado como otro [&hellip;]<\/p>\n","protected":false},"author":2,"featured_media":193948,"comment_status":"closed","ping_status":"closed","sticky":false,"template":"","format":"standard","meta":{"footnotes":""},"categories":[26],"tags":[],"class_list":["post-193947","post","type-post","status-publish","format-standard","has-post-thumbnail","hentry","category-internacionales"],"yoast_head":"<!-- This site is optimized with the Yoast SEO plugin v24.4 - https:\/\/yoast.com\/wordpress\/plugins\/seo\/ -->\n<title>Un empresario involucra a Pedro S\u00e1nchez en una presunta \u201cbanda organizada\u201d - GYS NOTICIAS |<\/title>\n<meta name=\"robots\" content=\"index, follow, max-snippet:-1, max-image-preview:large, max-video-preview:-1\" \/>\n<link rel=\"canonical\" href=\"https:\/\/gysfm.com.ar\/inicio\/un-empresario-involucra-a-pedro-sanchez-en-una-presunta-banda-organizada\/\" \/>\n<meta property=\"og:locale\" content=\"es_ES\" \/>\n<meta property=\"og:type\" content=\"article\" \/>\n<meta property=\"og:title\" content=\"Un empresario involucra a Pedro S\u00e1nchez en una presunta \u201cbanda organizada\u201d - GYS NOTICIAS |\" \/>\n<meta property=\"og:description\" content=\"MADRID.-El exministro de Transporte Jos\u00e9 Luis \u00c1balos, exmano derecha del presidente espa\u00f1ol Pedro S\u00e1nchez, declarar\u00e1 este mi\u00e9rcoles en Madrid acusado de irregularidades en la compra de barbijos durante la pandemia, lo que podr\u00eda suponer un fuerte impacto pol\u00edtico para el gobierno socialista. En el marco del juicio, adem\u00e1s, el empresario V\u00edctor Aldama, se\u00f1alado como otro [&hellip;]\" \/>\n<meta property=\"og:url\" content=\"https:\/\/gysfm.com.ar\/inicio\/un-empresario-involucra-a-pedro-sanchez-en-una-presunta-banda-organizada\/\" \/>\n<meta property=\"og:site_name\" content=\"GYS NOTICIAS |\" \/>\n<meta property=\"article:published_time\" content=\"2026-04-30T20:35:23+00:00\" \/>\n<meta property=\"og:image\" content=\"https:\/\/gysfm.com.ar\/inicio\/wp-content\/uploads\/2026\/04\/el-presidente-de-espana-pedro-R6CNXLQNT5HULHTRNIGTFX4J2I.jpg\" \/>\n\t<meta property=\"og:image:width\" content=\"1200\" \/>\n\t<meta property=\"og:image:height\" content=\"800\" \/>\n\t<meta property=\"og:image:type\" content=\"image\/jpeg\" \/>\n<meta name=\"author\" content=\"Prensa G&amp;S FM\" \/>\n<meta name=\"twitter:card\" content=\"summary_large_image\" \/>\n<meta name=\"twitter:label1\" content=\"Escrito por\" \/>\n\t<meta name=\"twitter:data1\" content=\"Prensa G&amp;S FM\" \/>\n\t<meta name=\"twitter:label2\" content=\"Tiempo de lectura\" \/>\n\t<meta name=\"twitter:data2\" content=\"5 minutos\" \/>\n<script type=\"application\/ld+json\" class=\"yoast-schema-graph\">{\"@context\":\"https:\/\/schema.org\",\"@graph\":[{\"@type\":\"Article\",\"@id\":\"https:\/\/gysfm.com.ar\/inicio\/un-empresario-involucra-a-pedro-sanchez-en-una-presunta-banda-organizada\/#article\",\"isPartOf\":{\"@id\":\"https:\/\/gysfm.com.ar\/inicio\/un-empresario-involucra-a-pedro-sanchez-en-una-presunta-banda-organizada\/\"},\"author\":{\"name\":\"Prensa G&amp;S FM\",\"@id\":\"https:\/\/gysfm.com.ar\/inicio\/#\/schema\/person\/3abba7593ef2ad19e1be221d54383dc5\"},\"headline\":\"Un empresario involucra a Pedro S\u00e1nchez en una presunta \u201cbanda organizada\u201d\",\"datePublished\":\"2026-04-30T20:35:23+00:00\",\"mainEntityOfPage\":{\"@id\":\"https:\/\/gysfm.com.ar\/inicio\/un-empresario-involucra-a-pedro-sanchez-en-una-presunta-banda-organizada\/\"},\"wordCount\":913,\"publisher\":{\"@id\":\"https:\/\/gysfm.com.ar\/inicio\/#organization\"},\"image\":{\"@id\":\"https:\/\/gysfm.com.ar\/inicio\/un-empresario-involucra-a-pedro-sanchez-en-una-presunta-banda-organizada\/#primaryimage\"},\"thumbnailUrl\":\"https:\/\/gysfm.com.ar\/inicio\/wp-content\/uploads\/2026\/04\/el-presidente-de-espana-pedro-R6CNXLQNT5HULHTRNIGTFX4J2I.jpg\",\"articleSection\":[\"INTERNACIONALES\"],\"inLanguage\":\"es\"},{\"@type\":\"WebPage\",\"@id\":\"https:\/\/gysfm.com.ar\/inicio\/un-empresario-involucra-a-pedro-sanchez-en-una-presunta-banda-organizada\/\",\"url\":\"https:\/\/gysfm.com.ar\/inicio\/un-empresario-involucra-a-pedro-sanchez-en-una-presunta-banda-organizada\/\",\"name\":\"Un empresario involucra a Pedro S\u00e1nchez en una presunta \u201cbanda organizada\u201d - GYS NOTICIAS |\",\"isPartOf\":{\"@id\":\"https:\/\/gysfm.com.ar\/inicio\/#website\"},\"primaryImageOfPage\":{\"@id\":\"https:\/\/gysfm.com.ar\/inicio\/un-empresario-involucra-a-pedro-sanchez-en-una-presunta-banda-organizada\/#primaryimage\"},\"image\":{\"@id\":\"https:\/\/gysfm.com.ar\/inicio\/un-empresario-involucra-a-pedro-sanchez-en-una-presunta-banda-organizada\/#primaryimage\"},\"thumbnailUrl\":\"https:\/\/gysfm.com.ar\/inicio\/wp-content\/uploads\/2026\/04\/el-presidente-de-espana-pedro-R6CNXLQNT5HULHTRNIGTFX4J2I.jpg\",\"datePublished\":\"2026-04-30T20:35:23+00:00\",\"breadcrumb\":{\"@id\":\"https:\/\/gysfm.com.ar\/inicio\/un-empresario-involucra-a-pedro-sanchez-en-una-presunta-banda-organizada\/#breadcrumb\"},\"inLanguage\":\"es\",\"potentialAction\":[{\"@type\":\"ReadAction\",\"target\":[\"https:\/\/gysfm.com.ar\/inicio\/un-empresario-involucra-a-pedro-sanchez-en-una-presunta-banda-organizada\/\"]}]},{\"@type\":\"ImageObject\",\"inLanguage\":\"es\",\"@id\":\"https:\/\/gysfm.com.ar\/inicio\/un-empresario-involucra-a-pedro-sanchez-en-una-presunta-banda-organizada\/#primaryimage\",\"url\":\"https:\/\/gysfm.com.ar\/inicio\/wp-content\/uploads\/2026\/04\/el-presidente-de-espana-pedro-R6CNXLQNT5HULHTRNIGTFX4J2I.jpg\",\"contentUrl\":\"https:\/\/gysfm.com.ar\/inicio\/wp-content\/uploads\/2026\/04\/el-presidente-de-espana-pedro-R6CNXLQNT5HULHTRNIGTFX4J2I.jpg\",\"width\":1200,\"height\":800},{\"@type\":\"BreadcrumbList\",\"@id\":\"https:\/\/gysfm.com.ar\/inicio\/un-empresario-involucra-a-pedro-sanchez-en-una-presunta-banda-organizada\/#breadcrumb\",\"itemListElement\":[{\"@type\":\"ListItem\",\"position\":1,\"name\":\"Portada\",\"item\":\"https:\/\/gysfm.com.ar\/inicio\/\"},{\"@type\":\"ListItem\",\"position\":2,\"name\":\"Un empresario involucra a Pedro S\u00e1nchez en una presunta \u201cbanda organizada\u201d\"}]},{\"@type\":\"WebSite\",\"@id\":\"https:\/\/gysfm.com.ar\/inicio\/#website\",\"url\":\"https:\/\/gysfm.com.ar\/inicio\/\",\"name\":\"GYS NOTICIAS |\",\"description\":\"DIARIO - RADIO ONLINE SAN JUAN ARGENTINA\",\"publisher\":{\"@id\":\"https:\/\/gysfm.com.ar\/inicio\/#organization\"},\"potentialAction\":[{\"@type\":\"SearchAction\",\"target\":{\"@type\":\"EntryPoint\",\"urlTemplate\":\"https:\/\/gysfm.com.ar\/inicio\/?s={search_term_string}\"},\"query-input\":{\"@type\":\"PropertyValueSpecification\",\"valueRequired\":true,\"valueName\":\"search_term_string\"}}],\"inLanguage\":\"es\"},{\"@type\":\"Organization\",\"@id\":\"https:\/\/gysfm.com.ar\/inicio\/#organization\",\"name\":\"GYS NOTICIAS |\",\"url\":\"https:\/\/gysfm.com.ar\/inicio\/\",\"logo\":{\"@type\":\"ImageObject\",\"inLanguage\":\"es\",\"@id\":\"https:\/\/gysfm.com.ar\/inicio\/#\/schema\/logo\/image\/\",\"url\":\"https:\/\/gysfm.com.ar\/inicio\/wp-content\/uploads\/2023\/07\/LOGOGYS-OK.png\",\"contentUrl\":\"https:\/\/gysfm.com.ar\/inicio\/wp-content\/uploads\/2023\/07\/LOGOGYS-OK.png\",\"width\":1170,\"height\":872,\"caption\":\"GYS NOTICIAS |\"},\"image\":{\"@id\":\"https:\/\/gysfm.com.ar\/inicio\/#\/schema\/logo\/image\/\"}},{\"@type\":\"Person\",\"@id\":\"https:\/\/gysfm.com.ar\/inicio\/#\/schema\/person\/3abba7593ef2ad19e1be221d54383dc5\",\"name\":\"Prensa G&amp;S FM\",\"image\":{\"@type\":\"ImageObject\",\"inLanguage\":\"es\",\"@id\":\"https:\/\/gysfm.com.ar\/inicio\/#\/schema\/person\/image\/\",\"url\":\"https:\/\/secure.gravatar.com\/avatar\/096ec78df02049ab018702bb4ccedf659377fa92a26540b5247612077a0dbd29?s=96&d=mm&r=g\",\"contentUrl\":\"https:\/\/secure.gravatar.com\/avatar\/096ec78df02049ab018702bb4ccedf659377fa92a26540b5247612077a0dbd29?s=96&d=mm&r=g\",\"caption\":\"Prensa G&amp;S FM\"},\"sameAs\":[\"https:\/\/gysfm.com.ar\/\"],\"url\":\"https:\/\/gysfm.com.ar\/inicio\/author\/lucasm\/\"}]}<\/script>\n<!-- \/ Yoast SEO plugin. -->","yoast_head_json":{"title":"Un empresario involucra a Pedro S\u00e1nchez en una presunta \u201cbanda organizada\u201d - GYS NOTICIAS |","robots":{"index":"index","follow":"follow","max-snippet":"max-snippet:-1","max-image-preview":"max-image-preview:large","max-video-preview":"max-video-preview:-1"},"canonical":"https:\/\/gysfm.com.ar\/inicio\/un-empresario-involucra-a-pedro-sanchez-en-una-presunta-banda-organizada\/","og_locale":"es_ES","og_type":"article","og_title":"Un empresario involucra a Pedro S\u00e1nchez en una presunta \u201cbanda organizada\u201d - GYS NOTICIAS |","og_description":"MADRID.-El exministro de Transporte Jos\u00e9 Luis \u00c1balos, exmano derecha del presidente espa\u00f1ol Pedro S\u00e1nchez, declarar\u00e1 este mi\u00e9rcoles en Madrid acusado de irregularidades en la compra de barbijos durante la pandemia, lo que podr\u00eda suponer un fuerte impacto pol\u00edtico para el gobierno socialista. En el marco del juicio, adem\u00e1s, el empresario V\u00edctor Aldama, se\u00f1alado como otro [&hellip;]","og_url":"https:\/\/gysfm.com.ar\/inicio\/un-empresario-involucra-a-pedro-sanchez-en-una-presunta-banda-organizada\/","og_site_name":"GYS NOTICIAS |","article_published_time":"2026-04-30T20:35:23+00:00","og_image":[{"width":1200,"height":800,"url":"https:\/\/gysfm.com.ar\/inicio\/wp-content\/uploads\/2026\/04\/el-presidente-de-espana-pedro-R6CNXLQNT5HULHTRNIGTFX4J2I.jpg","type":"image\/jpeg"}],"author":"Prensa G&amp;S FM","twitter_card":"summary_large_image","twitter_misc":{"Escrito por":"Prensa G&amp;S FM","Tiempo de lectura":"5 minutos"},"schema":{"@context":"https:\/\/schema.org","@graph":[{"@type":"Article","@id":"https:\/\/gysfm.com.ar\/inicio\/un-empresario-involucra-a-pedro-sanchez-en-una-presunta-banda-organizada\/#article","isPartOf":{"@id":"https:\/\/gysfm.com.ar\/inicio\/un-empresario-involucra-a-pedro-sanchez-en-una-presunta-banda-organizada\/"},"author":{"name":"Prensa G&amp;S FM","@id":"https:\/\/gysfm.com.ar\/inicio\/#\/schema\/person\/3abba7593ef2ad19e1be221d54383dc5"},"headline":"Un empresario involucra a Pedro S\u00e1nchez en una presunta \u201cbanda organizada\u201d","datePublished":"2026-04-30T20:35:23+00:00","mainEntityOfPage":{"@id":"https:\/\/gysfm.com.ar\/inicio\/un-empresario-involucra-a-pedro-sanchez-en-una-presunta-banda-organizada\/"},"wordCount":913,"publisher":{"@id":"https:\/\/gysfm.com.ar\/inicio\/#organization"},"image":{"@id":"https:\/\/gysfm.com.ar\/inicio\/un-empresario-involucra-a-pedro-sanchez-en-una-presunta-banda-organizada\/#primaryimage"},"thumbnailUrl":"https:\/\/gysfm.com.ar\/inicio\/wp-content\/uploads\/2026\/04\/el-presidente-de-espana-pedro-R6CNXLQNT5HULHTRNIGTFX4J2I.jpg","articleSection":["INTERNACIONALES"],"inLanguage":"es"},{"@type":"WebPage","@id":"https:\/\/gysfm.com.ar\/inicio\/un-empresario-involucra-a-pedro-sanchez-en-una-presunta-banda-organizada\/","url":"https:\/\/gysfm.com.ar\/inicio\/un-empresario-involucra-a-pedro-sanchez-en-una-presunta-banda-organizada\/","name":"Un empresario involucra a Pedro S\u00e1nchez en una presunta \u201cbanda organizada\u201d - GYS NOTICIAS |","isPartOf":{"@id":"https:\/\/gysfm.com.ar\/inicio\/#website"},"primaryImageOfPage":{"@id":"https:\/\/gysfm.com.ar\/inicio\/un-empresario-involucra-a-pedro-sanchez-en-una-presunta-banda-organizada\/#primaryimage"},"image":{"@id":"https:\/\/gysfm.com.ar\/inicio\/un-empresario-involucra-a-pedro-sanchez-en-una-presunta-banda-organizada\/#primaryimage"},"thumbnailUrl":"https:\/\/gysfm.com.ar\/inicio\/wp-content\/uploads\/2026\/04\/el-presidente-de-espana-pedro-R6CNXLQNT5HULHTRNIGTFX4J2I.jpg","datePublished":"2026-04-30T20:35:23+00:00","breadcrumb":{"@id":"https:\/\/gysfm.com.ar\/inicio\/un-empresario-involucra-a-pedro-sanchez-en-una-presunta-banda-organizada\/#breadcrumb"},"inLanguage":"es","potentialAction":[{"@type":"ReadAction","target":["https:\/\/gysfm.com.ar\/inicio\/un-empresario-involucra-a-pedro-sanchez-en-una-presunta-banda-organizada\/"]}]},{"@type":"ImageObject","inLanguage":"es","@id":"https:\/\/gysfm.com.ar\/inicio\/un-empresario-involucra-a-pedro-sanchez-en-una-presunta-banda-organizada\/#primaryimage","url":"https:\/\/gysfm.com.ar\/inicio\/wp-content\/uploads\/2026\/04\/el-presidente-de-espana-pedro-R6CNXLQNT5HULHTRNIGTFX4J2I.jpg","contentUrl":"https:\/\/gysfm.com.ar\/inicio\/wp-content\/uploads\/2026\/04\/el-presidente-de-espana-pedro-R6CNXLQNT5HULHTRNIGTFX4J2I.jpg","width":1200,"height":800},{"@type":"BreadcrumbList","@id":"https:\/\/gysfm.com.ar\/inicio\/un-empresario-involucra-a-pedro-sanchez-en-una-presunta-banda-organizada\/#breadcrumb","itemListElement":[{"@type":"ListItem","position":1,"name":"Portada","item":"https:\/\/gysfm.com.ar\/inicio\/"},{"@type":"ListItem","position":2,"name":"Un empresario involucra a Pedro S\u00e1nchez en una presunta \u201cbanda organizada\u201d"}]},{"@type":"WebSite","@id":"https:\/\/gysfm.com.ar\/inicio\/#website","url":"https:\/\/gysfm.com.ar\/inicio\/","name":"GYS NOTICIAS |","description":"DIARIO - RADIO ONLINE SAN JUAN ARGENTINA","publisher":{"@id":"https:\/\/gysfm.com.ar\/inicio\/#organization"},"potentialAction":[{"@type":"SearchAction","target":{"@type":"EntryPoint","urlTemplate":"https:\/\/gysfm.com.ar\/inicio\/?s={search_term_string}"},"query-input":{"@type":"PropertyValueSpecification","valueRequired":true,"valueName":"search_term_string"}}],"inLanguage":"es"},{"@type":"Organization","@id":"https:\/\/gysfm.com.ar\/inicio\/#organization","name":"GYS NOTICIAS |","url":"https:\/\/gysfm.com.ar\/inicio\/","logo":{"@type":"ImageObject","inLanguage":"es","@id":"https:\/\/gysfm.com.ar\/inicio\/#\/schema\/logo\/image\/","url":"https:\/\/gysfm.com.ar\/inicio\/wp-content\/uploads\/2023\/07\/LOGOGYS-OK.png","contentUrl":"https:\/\/gysfm.com.ar\/inicio\/wp-content\/uploads\/2023\/07\/LOGOGYS-OK.png","width":1170,"height":872,"caption":"GYS NOTICIAS |"},"image":{"@id":"https:\/\/gysfm.com.ar\/inicio\/#\/schema\/logo\/image\/"}},{"@type":"Person","@id":"https:\/\/gysfm.com.ar\/inicio\/#\/schema\/person\/3abba7593ef2ad19e1be221d54383dc5","name":"Prensa G&amp;S FM","image":{"@type":"ImageObject","inLanguage":"es","@id":"https:\/\/gysfm.com.ar\/inicio\/#\/schema\/person\/image\/","url":"https:\/\/secure.gravatar.com\/avatar\/096ec78df02049ab018702bb4ccedf659377fa92a26540b5247612077a0dbd29?s=96&d=mm&r=g","contentUrl":"https:\/\/secure.gravatar.com\/avatar\/096ec78df02049ab018702bb4ccedf659377fa92a26540b5247612077a0dbd29?s=96&d=mm&r=g","caption":"Prensa G&amp;S FM"},"sameAs":["https:\/\/gysfm.com.ar\/"],"url":"https:\/\/gysfm.com.ar\/inicio\/author\/lucasm\/"}]}},"_links":{"self":[{"href":"https:\/\/gysfm.com.ar\/inicio\/wp-json\/wp\/v2\/posts\/193947","targetHints":{"allow":["GET"]}}],"collection":[{"href":"https:\/\/gysfm.com.ar\/inicio\/wp-json\/wp\/v2\/posts"}],"about":[{"href":"https:\/\/gysfm.com.ar\/inicio\/wp-json\/wp\/v2\/types\/post"}],"author":[{"embeddable":true,"href":"https:\/\/gysfm.com.ar\/inicio\/wp-json\/wp\/v2\/users\/2"}],"replies":[{"embeddable":true,"href":"https:\/\/gysfm.com.ar\/inicio\/wp-json\/wp\/v2\/comments?post=193947"}],"version-history":[{"count":1,"href":"https:\/\/gysfm.com.ar\/inicio\/wp-json\/wp\/v2\/posts\/193947\/revisions"}],"predecessor-version":[{"id":193949,"href":"https:\/\/gysfm.com.ar\/inicio\/wp-json\/wp\/v2\/posts\/193947\/revisions\/193949"}],"wp:featuredmedia":[{"embeddable":true,"href":"https:\/\/gysfm.com.ar\/inicio\/wp-json\/wp\/v2\/media\/193948"}],"wp:attachment":[{"href":"https:\/\/gysfm.com.ar\/inicio\/wp-json\/wp\/v2\/media?parent=193947"}],"wp:term":[{"taxonomy":"category","embeddable":true,"href":"https:\/\/gysfm.com.ar\/inicio\/wp-json\/wp\/v2\/categories?post=193947"},{"taxonomy":"post_tag","embeddable":true,"href":"https:\/\/gysfm.com.ar\/inicio\/wp-json\/wp\/v2\/tags?post=193947"}],"curies":[{"name":"wp","href":"https:\/\/api.w.org\/{rel}","templated":true}]}}