{"id":193939,"date":"2026-04-30T16:49:08","date_gmt":"2026-04-30T19:49:08","guid":{"rendered":"https:\/\/gysfm.com.ar\/inicio\/lucila-crexell-fue-oficializada-como-embajadora-en-canada\/"},"modified":"2026-04-30T16:49:08","modified_gmt":"2026-04-30T19:49:08","slug":"lucila-crexell-fue-oficializada-como-embajadora-en-canada","status":"publish","type":"post","link":"https:\/\/gysfm.com.ar\/inicio\/lucila-crexell-fue-oficializada-como-embajadora-en-canada\/","title":{"rendered":"Lucila Crexell fue oficializada como embajadora en Canad\u00e1"},"content":{"rendered":"<p><\/p>\n<div id=\"article-content\">\n<p>El Gobierno nacional formaliz\u00f3 este jueves 30 de abril el nombramiento de la exsenadora nacional por Neuqu\u00e9n, <a target=\"_blank\" href=\"https:\/\/www.perfil.com\/noticias\/politica\/tras-la-polemica-por-la-ley-bases-el-gobierno-propone-a-lucila-crexell-como-embajadora-en-canada.phtml\"><strong>Carmen Lucila Crexell<\/strong><\/a>, como la <strong>nueva embajadora<\/strong> extraordinaria y plenipotenciaria en<a target=\"_blank\" href=\"https:\/\/www.perfil.com\/noticias\/bloomberg\/bc-ceo-deja-air-canada-tras-criticas-por-no-hablar-frances-en-mensaje-oficial.phtml\"><strong> Canad\u00e1<\/strong><\/a>. La medida se dio a conocer a trav\u00e9s del <strong>Decreto 304\/2026,<\/strong> publicado en el <strong>Bolet\u00edn Oficial<\/strong>, tras obtener el pl\u00e1cet de estilo correspondiente por parte de las autoridades canadienses. <\/p>\n<p>La designaci\u00f3n de Crexell, quien lleg\u00f3 al <strong>Senado<\/strong> representando al <strong>Movimiento Popular Neuquino<\/strong> y<strong> <\/strong>luego pas\u00f3 a tener <strong>un monobloque propio,<\/strong> ocurre luego de la controversia generada durante el debate de la<strong> Ley Bases<\/strong>, tras el cual el Ejecutivo propuso su nombre para la sede diplom\u00e1tica en<strong> Ottawa<\/strong>. El decreto establece su nombramiento en la Categor\u00eda \u201cA\u201d dentro del<strong> Ministerio de Relaciones Exteriores, Comercio Internacional y Culto<\/strong>. <\/p>\n<p class=\"destacadoNota\"><a target=\"_blank\" href=\"https:\/\/www.perfil.com\/noticias\/politica\/oscar-zago-acepto-que-lucila-crexell-fue-premiada-con-su-desgnacion-en-paris-y-lo-justifico-es-parte-de-los-acuerdos-y-consensos.phtml\">Oscar Zago acept\u00f3 que Lucila Crexell fue premiada con su designaci\u00f3n en Par\u00eds, y lo justific\u00f3: \u00abEs parte de los acuerdos y consensos\u00bb<\/a><\/p>\n<div class=\"subscription\">\n<p>\n        Esto no les gusta a los autoritarios\n    <\/p>\n<div class=\"subscription__container\">\n<div class=\"subscription__text-wrapper\">\n<p>\n                El ejercicio del periodismo profesional y cr\u00edtico es un pilar fundamental de la democracia. Por eso molesta a quienes creen ser los due\u00f1os de la verdad.\n            <\/p>\n<\/p><\/div><\/div>\n<\/div>\n<h2>El voto clave de Crexell que deriv\u00f3 en la Embajada de Canad\u00e1<\/h2>\n<p>En 2024, durante el debate de la Ley Bases, Crexell era parte de un monobloque y su voto era clave para la aprobaci\u00f3n de la ley porque durante la sesi\u00f3n del <strong>Senado de la Naci\u00f3n Argentina<\/strong> que la trat\u00f3, el oficialismo de<strong> Milei<\/strong> llegaba con los votos justos y la decisi\u00f3n de la senadora neuquina, proveniente de una familia con una larga trayectoria pol\u00edtica, pod\u00eda inclinar la<strong> balanza a favor<\/strong>. <\/p>\n<p>En aquellos tiempos de debate, cuando ya se vislumbraba la intenci\u00f3n de la senadora, la <strong>oposici\u00f3n denunci\u00f3<\/strong> que Crexell hab\u00eda acordado un cargo como embajadora argentina ante la <strong>UNESCO <\/strong>a cambio del voto a favor de la ley, cuando trascendi\u00f3, durante las horas previas a la votaci\u00f3n final, un documento interno de la<strong> Canciller\u00eda<\/strong> dirigido a la Direcci\u00f3n de <strong>Asuntos Jur\u00eddicos de la C\u00e1mara Alta<\/strong>. En \u00e9l solicitaban antecedentes jur\u00eddicos de la senadora neuquina, lo que ser\u00eda un paso previo a la designaci\u00f3n como<strong> embajadora de la organizaci\u00f3n<\/strong>. <\/p>\n<p class=\"destacadoNota\"><a target=\"_blank\" href=\"https:\/\/www.perfil.com\/noticias\/politica\/denuncian-graves-irregularidades-en-12-de-los-candidatos-a-jueces-que-el-gobierno-envio-al-senado.phtml\">Denuncian graves irregularidades en 12 de los candidatos a jueces que el Gobierno envi\u00f3 al Senado<\/a><\/p>\n<p>Durante el debate de la Ley Bases, legisladores solicitaron que <strong>Lucila Crexell se abstuviera de votar<\/strong> ante la posible negociaci\u00f3n de un cargo diplom\u00e1tico. Pese a las objeciones, la senadora vot\u00f3 a favor del proyecto en una sesi\u00f3n sumamente ajustada. Posteriormente, el caso deriv\u00f3 en <strong>denuncias judiciales<\/strong> por presunto intercambio de favores, acusaciones que la funcionaria rechaz\u00f3 alegando que las gestiones por el cargo eran previas al tratamiento de la ley. Luego, la senadora aclar\u00f3 que hab\u00eda sido consensuado con el gobernador neuquino <strong>Rolando Figueroa.<\/strong><\/p>\n<p>Finalmente no se avanz\u00f3 en la designaci\u00f3n y se abri\u00f3 una<strong> investigaci\u00f3n <\/strong>por el tema. En tanto, Crexell sostuvo que la posibilidad de asumir en un organismo internacional existieron antes de las \u00faltimas elecciones nacionales, en las que apoy\u00f3 a Patricia Bullrich, y que la propuesta resurgi\u00f3 luego, con Milei en la presidencia. No fue embajadora ante la UNESCO pero el cargo internacional lo obtuvo como embajadora en Canad\u00e1. <\/p>\n<h2>Cambios en la representaci\u00f3n ante la OMC <\/h2>\n<p>En sinton\u00eda con las nuevas designaciones diplom\u00e1ticas, el Poder Ejecutivo public\u00f3 el Decreto 303\/2026, mediante el cual se oficializ\u00f3 a <strong>Carlos Mario Foradori <\/strong>como el nuevo representante permanente de la Rep\u00fablica Argentina ante la <strong>Organizaci\u00f3n Mundial del Comercio (OMC)<\/strong>. <\/p>\n<p>Foradori, diplom\u00e1tico de carrera, asumir\u00e1 las funciones en reemplazo de<strong> Gustavo Nerio Lunazzi<\/strong>, cuya gesti\u00f3n al frente de la representaci\u00f3n ante el organismo internacional fue dada por finalizada en el mismo texto oficial. Lunazzi se desempe\u00f1aba en dicho cargo con rango de <strong>Embajador Extraordinario y Plenipotenciario<\/strong> hasta la fecha. <\/p>\n<p>MEG\/LT\/ff<\/p>\n<\/p><\/div>\n<p><script>\n                !function(f,b,e,v,n,t,s)\n                {if(f.fbq)return;n=f.fbq=function(){n.callMethod?\n                    n.callMethod.apply(n,arguments):n.queue.push(arguments)};\n                    if(!f._fbq)f._fbq=n;n.push=n;n.loaded=!0;n.version='2.0';\n                    n.queue=[];t=b.createElement(e);t.async=!0;\n                    t.src=v;s=b.getElementsByTagName(e)[0];\n                    s.parentNode.insertBefore(t,s)}(window, document,'script',\n                    'https:\/\/connect.facebook.net\/en_US\/fbevents.js');\n                window.paywallConfig.facebook_pixel=\"1000228364089342\"\n            <\/script><\/p>\n","protected":false},"excerpt":{"rendered":"<p>El Gobierno nacional formaliz\u00f3 este jueves 30 de abril el nombramiento de la exsenadora nacional por Neuqu\u00e9n, Carmen Lucila Crexell, como la nueva embajadora extraordinaria y plenipotenciaria en Canad\u00e1. La medida se dio a conocer a trav\u00e9s del Decreto 304\/2026, publicado en el Bolet\u00edn Oficial, tras obtener el pl\u00e1cet de estilo correspondiente por parte de [&hellip;]<\/p>\n","protected":false},"author":2,"featured_media":193940,"comment_status":"closed","ping_status":"closed","sticky":false,"template":"","format":"standard","meta":{"footnotes":""},"categories":[25],"tags":[],"class_list":["post-193939","post","type-post","status-publish","format-standard","has-post-thumbnail","hentry","category-nacionales"],"yoast_head":"<!-- This site is optimized with the Yoast SEO plugin v24.4 - https:\/\/yoast.com\/wordpress\/plugins\/seo\/ -->\n<title>Lucila Crexell fue oficializada como embajadora en Canad\u00e1 - GYS NOTICIAS |<\/title>\n<meta name=\"robots\" content=\"index, follow, max-snippet:-1, max-image-preview:large, max-video-preview:-1\" \/>\n<link rel=\"canonical\" href=\"https:\/\/gysfm.com.ar\/inicio\/lucila-crexell-fue-oficializada-como-embajadora-en-canada\/\" \/>\n<meta property=\"og:locale\" content=\"es_ES\" \/>\n<meta property=\"og:type\" content=\"article\" \/>\n<meta property=\"og:title\" content=\"Lucila Crexell fue oficializada como embajadora en Canad\u00e1 - GYS NOTICIAS |\" \/>\n<meta property=\"og:description\" content=\"El Gobierno nacional formaliz\u00f3 este jueves 30 de abril el nombramiento de la exsenadora nacional por Neuqu\u00e9n, Carmen Lucila Crexell, como la nueva embajadora extraordinaria y plenipotenciaria en Canad\u00e1. La medida se dio a conocer a trav\u00e9s del Decreto 304\/2026, publicado en el Bolet\u00edn Oficial, tras obtener el pl\u00e1cet de estilo correspondiente por parte de [&hellip;]\" \/>\n<meta property=\"og:url\" content=\"https:\/\/gysfm.com.ar\/inicio\/lucila-crexell-fue-oficializada-como-embajadora-en-canada\/\" \/>\n<meta property=\"og:site_name\" content=\"GYS NOTICIAS |\" \/>\n<meta property=\"article:published_time\" content=\"2026-04-30T19:49:08+00:00\" \/>\n<meta name=\"author\" content=\"Prensa G&amp;S FM\" \/>\n<meta name=\"twitter:card\" content=\"summary_large_image\" \/>\n<meta name=\"twitter:label1\" content=\"Escrito por\" \/>\n\t<meta name=\"twitter:data1\" content=\"Prensa G&amp;S FM\" \/>\n\t<meta name=\"twitter:label2\" content=\"Tiempo de lectura\" \/>\n\t<meta name=\"twitter:data2\" content=\"3 minutos\" \/>\n<script type=\"application\/ld+json\" class=\"yoast-schema-graph\">{\"@context\":\"https:\/\/schema.org\",\"@graph\":[{\"@type\":\"Article\",\"@id\":\"https:\/\/gysfm.com.ar\/inicio\/lucila-crexell-fue-oficializada-como-embajadora-en-canada\/#article\",\"isPartOf\":{\"@id\":\"https:\/\/gysfm.com.ar\/inicio\/lucila-crexell-fue-oficializada-como-embajadora-en-canada\/\"},\"author\":{\"name\":\"Prensa G&amp;S FM\",\"@id\":\"https:\/\/gysfm.com.ar\/inicio\/#\/schema\/person\/3abba7593ef2ad19e1be221d54383dc5\"},\"headline\":\"Lucila Crexell fue oficializada como embajadora en Canad\u00e1\",\"datePublished\":\"2026-04-30T19:49:08+00:00\",\"mainEntityOfPage\":{\"@id\":\"https:\/\/gysfm.com.ar\/inicio\/lucila-crexell-fue-oficializada-como-embajadora-en-canada\/\"},\"wordCount\":666,\"publisher\":{\"@id\":\"https:\/\/gysfm.com.ar\/inicio\/#organization\"},\"image\":{\"@id\":\"https:\/\/gysfm.com.ar\/inicio\/lucila-crexell-fue-oficializada-como-embajadora-en-canada\/#primaryimage\"},\"thumbnailUrl\":\"https:\/\/gysfm.com.ar\/inicio\/wp-content\/uploads\/2026\/04\/la-exsenadora-neuquina-lucila-crexell-2230940.jpg\",\"articleSection\":[\"NACIONALES\"],\"inLanguage\":\"es\"},{\"@type\":\"WebPage\",\"@id\":\"https:\/\/gysfm.com.ar\/inicio\/lucila-crexell-fue-oficializada-como-embajadora-en-canada\/\",\"url\":\"https:\/\/gysfm.com.ar\/inicio\/lucila-crexell-fue-oficializada-como-embajadora-en-canada\/\",\"name\":\"Lucila Crexell fue oficializada como embajadora en Canad\u00e1 - GYS NOTICIAS |\",\"isPartOf\":{\"@id\":\"https:\/\/gysfm.com.ar\/inicio\/#website\"},\"primaryImageOfPage\":{\"@id\":\"https:\/\/gysfm.com.ar\/inicio\/lucila-crexell-fue-oficializada-como-embajadora-en-canada\/#primaryimage\"},\"image\":{\"@id\":\"https:\/\/gysfm.com.ar\/inicio\/lucila-crexell-fue-oficializada-como-embajadora-en-canada\/#primaryimage\"},\"thumbnailUrl\":\"https:\/\/gysfm.com.ar\/inicio\/wp-content\/uploads\/2026\/04\/la-exsenadora-neuquina-lucila-crexell-2230940.jpg\",\"datePublished\":\"2026-04-30T19:49:08+00:00\",\"breadcrumb\":{\"@id\":\"https:\/\/gysfm.com.ar\/inicio\/lucila-crexell-fue-oficializada-como-embajadora-en-canada\/#breadcrumb\"},\"inLanguage\":\"es\",\"potentialAction\":[{\"@type\":\"ReadAction\",\"target\":[\"https:\/\/gysfm.com.ar\/inicio\/lucila-crexell-fue-oficializada-como-embajadora-en-canada\/\"]}]},{\"@type\":\"ImageObject\",\"inLanguage\":\"es\",\"@id\":\"https:\/\/gysfm.com.ar\/inicio\/lucila-crexell-fue-oficializada-como-embajadora-en-canada\/#primaryimage\",\"url\":\"https:\/\/gysfm.com.ar\/inicio\/wp-content\/uploads\/2026\/04\/la-exsenadora-neuquina-lucila-crexell-2230940.jpg\",\"contentUrl\":\"https:\/\/gysfm.com.ar\/inicio\/wp-content\/uploads\/2026\/04\/la-exsenadora-neuquina-lucila-crexell-2230940.jpg\",\"width\":1140,\"height\":641},{\"@type\":\"BreadcrumbList\",\"@id\":\"https:\/\/gysfm.com.ar\/inicio\/lucila-crexell-fue-oficializada-como-embajadora-en-canada\/#breadcrumb\",\"itemListElement\":[{\"@type\":\"ListItem\",\"position\":1,\"name\":\"Portada\",\"item\":\"https:\/\/gysfm.com.ar\/inicio\/\"},{\"@type\":\"ListItem\",\"position\":2,\"name\":\"Lucila Crexell fue oficializada como embajadora en Canad\u00e1\"}]},{\"@type\":\"WebSite\",\"@id\":\"https:\/\/gysfm.com.ar\/inicio\/#website\",\"url\":\"https:\/\/gysfm.com.ar\/inicio\/\",\"name\":\"GYS NOTICIAS |\",\"description\":\"DIARIO - RADIO ONLINE SAN JUAN ARGENTINA\",\"publisher\":{\"@id\":\"https:\/\/gysfm.com.ar\/inicio\/#organization\"},\"potentialAction\":[{\"@type\":\"SearchAction\",\"target\":{\"@type\":\"EntryPoint\",\"urlTemplate\":\"https:\/\/gysfm.com.ar\/inicio\/?s={search_term_string}\"},\"query-input\":{\"@type\":\"PropertyValueSpecification\",\"valueRequired\":true,\"valueName\":\"search_term_string\"}}],\"inLanguage\":\"es\"},{\"@type\":\"Organization\",\"@id\":\"https:\/\/gysfm.com.ar\/inicio\/#organization\",\"name\":\"GYS NOTICIAS |\",\"url\":\"https:\/\/gysfm.com.ar\/inicio\/\",\"logo\":{\"@type\":\"ImageObject\",\"inLanguage\":\"es\",\"@id\":\"https:\/\/gysfm.com.ar\/inicio\/#\/schema\/logo\/image\/\",\"url\":\"https:\/\/gysfm.com.ar\/inicio\/wp-content\/uploads\/2023\/07\/LOGOGYS-OK.png\",\"contentUrl\":\"https:\/\/gysfm.com.ar\/inicio\/wp-content\/uploads\/2023\/07\/LOGOGYS-OK.png\",\"width\":1170,\"height\":872,\"caption\":\"GYS NOTICIAS |\"},\"image\":{\"@id\":\"https:\/\/gysfm.com.ar\/inicio\/#\/schema\/logo\/image\/\"}},{\"@type\":\"Person\",\"@id\":\"https:\/\/gysfm.com.ar\/inicio\/#\/schema\/person\/3abba7593ef2ad19e1be221d54383dc5\",\"name\":\"Prensa G&amp;S FM\",\"image\":{\"@type\":\"ImageObject\",\"inLanguage\":\"es\",\"@id\":\"https:\/\/gysfm.com.ar\/inicio\/#\/schema\/person\/image\/\",\"url\":\"https:\/\/secure.gravatar.com\/avatar\/096ec78df02049ab018702bb4ccedf659377fa92a26540b5247612077a0dbd29?s=96&d=mm&r=g\",\"contentUrl\":\"https:\/\/secure.gravatar.com\/avatar\/096ec78df02049ab018702bb4ccedf659377fa92a26540b5247612077a0dbd29?s=96&d=mm&r=g\",\"caption\":\"Prensa G&amp;S FM\"},\"sameAs\":[\"https:\/\/gysfm.com.ar\/\"],\"url\":\"https:\/\/gysfm.com.ar\/inicio\/author\/lucasm\/\"}]}<\/script>\n<!-- \/ Yoast SEO plugin. -->","yoast_head_json":{"title":"Lucila Crexell fue oficializada como embajadora en Canad\u00e1 - GYS NOTICIAS |","robots":{"index":"index","follow":"follow","max-snippet":"max-snippet:-1","max-image-preview":"max-image-preview:large","max-video-preview":"max-video-preview:-1"},"canonical":"https:\/\/gysfm.com.ar\/inicio\/lucila-crexell-fue-oficializada-como-embajadora-en-canada\/","og_locale":"es_ES","og_type":"article","og_title":"Lucila Crexell fue oficializada como embajadora en Canad\u00e1 - GYS NOTICIAS |","og_description":"El Gobierno nacional formaliz\u00f3 este jueves 30 de abril el nombramiento de la exsenadora nacional por Neuqu\u00e9n, Carmen Lucila Crexell, como la nueva embajadora extraordinaria y plenipotenciaria en Canad\u00e1. La medida se dio a conocer a trav\u00e9s del Decreto 304\/2026, publicado en el Bolet\u00edn Oficial, tras obtener el pl\u00e1cet de estilo correspondiente por parte de [&hellip;]","og_url":"https:\/\/gysfm.com.ar\/inicio\/lucila-crexell-fue-oficializada-como-embajadora-en-canada\/","og_site_name":"GYS NOTICIAS |","article_published_time":"2026-04-30T19:49:08+00:00","author":"Prensa G&amp;S FM","twitter_card":"summary_large_image","twitter_misc":{"Escrito por":"Prensa G&amp;S FM","Tiempo de lectura":"3 minutos"},"schema":{"@context":"https:\/\/schema.org","@graph":[{"@type":"Article","@id":"https:\/\/gysfm.com.ar\/inicio\/lucila-crexell-fue-oficializada-como-embajadora-en-canada\/#article","isPartOf":{"@id":"https:\/\/gysfm.com.ar\/inicio\/lucila-crexell-fue-oficializada-como-embajadora-en-canada\/"},"author":{"name":"Prensa G&amp;S FM","@id":"https:\/\/gysfm.com.ar\/inicio\/#\/schema\/person\/3abba7593ef2ad19e1be221d54383dc5"},"headline":"Lucila Crexell fue oficializada como embajadora en Canad\u00e1","datePublished":"2026-04-30T19:49:08+00:00","mainEntityOfPage":{"@id":"https:\/\/gysfm.com.ar\/inicio\/lucila-crexell-fue-oficializada-como-embajadora-en-canada\/"},"wordCount":666,"publisher":{"@id":"https:\/\/gysfm.com.ar\/inicio\/#organization"},"image":{"@id":"https:\/\/gysfm.com.ar\/inicio\/lucila-crexell-fue-oficializada-como-embajadora-en-canada\/#primaryimage"},"thumbnailUrl":"https:\/\/gysfm.com.ar\/inicio\/wp-content\/uploads\/2026\/04\/la-exsenadora-neuquina-lucila-crexell-2230940.jpg","articleSection":["NACIONALES"],"inLanguage":"es"},{"@type":"WebPage","@id":"https:\/\/gysfm.com.ar\/inicio\/lucila-crexell-fue-oficializada-como-embajadora-en-canada\/","url":"https:\/\/gysfm.com.ar\/inicio\/lucila-crexell-fue-oficializada-como-embajadora-en-canada\/","name":"Lucila Crexell fue oficializada como embajadora en Canad\u00e1 - GYS NOTICIAS |","isPartOf":{"@id":"https:\/\/gysfm.com.ar\/inicio\/#website"},"primaryImageOfPage":{"@id":"https:\/\/gysfm.com.ar\/inicio\/lucila-crexell-fue-oficializada-como-embajadora-en-canada\/#primaryimage"},"image":{"@id":"https:\/\/gysfm.com.ar\/inicio\/lucila-crexell-fue-oficializada-como-embajadora-en-canada\/#primaryimage"},"thumbnailUrl":"https:\/\/gysfm.com.ar\/inicio\/wp-content\/uploads\/2026\/04\/la-exsenadora-neuquina-lucila-crexell-2230940.jpg","datePublished":"2026-04-30T19:49:08+00:00","breadcrumb":{"@id":"https:\/\/gysfm.com.ar\/inicio\/lucila-crexell-fue-oficializada-como-embajadora-en-canada\/#breadcrumb"},"inLanguage":"es","potentialAction":[{"@type":"ReadAction","target":["https:\/\/gysfm.com.ar\/inicio\/lucila-crexell-fue-oficializada-como-embajadora-en-canada\/"]}]},{"@type":"ImageObject","inLanguage":"es","@id":"https:\/\/gysfm.com.ar\/inicio\/lucila-crexell-fue-oficializada-como-embajadora-en-canada\/#primaryimage","url":"https:\/\/gysfm.com.ar\/inicio\/wp-content\/uploads\/2026\/04\/la-exsenadora-neuquina-lucila-crexell-2230940.jpg","contentUrl":"https:\/\/gysfm.com.ar\/inicio\/wp-content\/uploads\/2026\/04\/la-exsenadora-neuquina-lucila-crexell-2230940.jpg","width":1140,"height":641},{"@type":"BreadcrumbList","@id":"https:\/\/gysfm.com.ar\/inicio\/lucila-crexell-fue-oficializada-como-embajadora-en-canada\/#breadcrumb","itemListElement":[{"@type":"ListItem","position":1,"name":"Portada","item":"https:\/\/gysfm.com.ar\/inicio\/"},{"@type":"ListItem","position":2,"name":"Lucila Crexell fue oficializada como embajadora en Canad\u00e1"}]},{"@type":"WebSite","@id":"https:\/\/gysfm.com.ar\/inicio\/#website","url":"https:\/\/gysfm.com.ar\/inicio\/","name":"GYS NOTICIAS |","description":"DIARIO - RADIO ONLINE SAN JUAN ARGENTINA","publisher":{"@id":"https:\/\/gysfm.com.ar\/inicio\/#organization"},"potentialAction":[{"@type":"SearchAction","target":{"@type":"EntryPoint","urlTemplate":"https:\/\/gysfm.com.ar\/inicio\/?s={search_term_string}"},"query-input":{"@type":"PropertyValueSpecification","valueRequired":true,"valueName":"search_term_string"}}],"inLanguage":"es"},{"@type":"Organization","@id":"https:\/\/gysfm.com.ar\/inicio\/#organization","name":"GYS NOTICIAS |","url":"https:\/\/gysfm.com.ar\/inicio\/","logo":{"@type":"ImageObject","inLanguage":"es","@id":"https:\/\/gysfm.com.ar\/inicio\/#\/schema\/logo\/image\/","url":"https:\/\/gysfm.com.ar\/inicio\/wp-content\/uploads\/2023\/07\/LOGOGYS-OK.png","contentUrl":"https:\/\/gysfm.com.ar\/inicio\/wp-content\/uploads\/2023\/07\/LOGOGYS-OK.png","width":1170,"height":872,"caption":"GYS NOTICIAS |"},"image":{"@id":"https:\/\/gysfm.com.ar\/inicio\/#\/schema\/logo\/image\/"}},{"@type":"Person","@id":"https:\/\/gysfm.com.ar\/inicio\/#\/schema\/person\/3abba7593ef2ad19e1be221d54383dc5","name":"Prensa G&amp;S FM","image":{"@type":"ImageObject","inLanguage":"es","@id":"https:\/\/gysfm.com.ar\/inicio\/#\/schema\/person\/image\/","url":"https:\/\/secure.gravatar.com\/avatar\/096ec78df02049ab018702bb4ccedf659377fa92a26540b5247612077a0dbd29?s=96&d=mm&r=g","contentUrl":"https:\/\/secure.gravatar.com\/avatar\/096ec78df02049ab018702bb4ccedf659377fa92a26540b5247612077a0dbd29?s=96&d=mm&r=g","caption":"Prensa G&amp;S FM"},"sameAs":["https:\/\/gysfm.com.ar\/"],"url":"https:\/\/gysfm.com.ar\/inicio\/author\/lucasm\/"}]}},"_links":{"self":[{"href":"https:\/\/gysfm.com.ar\/inicio\/wp-json\/wp\/v2\/posts\/193939","targetHints":{"allow":["GET"]}}],"collection":[{"href":"https:\/\/gysfm.com.ar\/inicio\/wp-json\/wp\/v2\/posts"}],"about":[{"href":"https:\/\/gysfm.com.ar\/inicio\/wp-json\/wp\/v2\/types\/post"}],"author":[{"embeddable":true,"href":"https:\/\/gysfm.com.ar\/inicio\/wp-json\/wp\/v2\/users\/2"}],"replies":[{"embeddable":true,"href":"https:\/\/gysfm.com.ar\/inicio\/wp-json\/wp\/v2\/comments?post=193939"}],"version-history":[{"count":0,"href":"https:\/\/gysfm.com.ar\/inicio\/wp-json\/wp\/v2\/posts\/193939\/revisions"}],"wp:featuredmedia":[{"embeddable":true,"href":"https:\/\/gysfm.com.ar\/inicio\/wp-json\/wp\/v2\/media\/193940"}],"wp:attachment":[{"href":"https:\/\/gysfm.com.ar\/inicio\/wp-json\/wp\/v2\/media?parent=193939"}],"wp:term":[{"taxonomy":"category","embeddable":true,"href":"https:\/\/gysfm.com.ar\/inicio\/wp-json\/wp\/v2\/categories?post=193939"},{"taxonomy":"post_tag","embeddable":true,"href":"https:\/\/gysfm.com.ar\/inicio\/wp-json\/wp\/v2\/tags?post=193939"}],"curies":[{"name":"wp","href":"https:\/\/api.w.org\/{rel}","templated":true}]}}