{"id":193931,"date":"2026-04-30T16:23:06","date_gmt":"2026-04-30T19:23:06","guid":{"rendered":"https:\/\/gysfm.com.ar\/inicio\/la-inflacion-en-la-eurozona-repunto-al-3-anual-tras-el-aumento-del-costo-de-la-energia\/"},"modified":"2026-04-30T16:23:06","modified_gmt":"2026-04-30T19:23:06","slug":"la-inflacion-en-la-eurozona-repunto-al-3-anual-tras-el-aumento-del-costo-de-la-energia","status":"publish","type":"post","link":"https:\/\/gysfm.com.ar\/inicio\/la-inflacion-en-la-eurozona-repunto-al-3-anual-tras-el-aumento-del-costo-de-la-energia\/","title":{"rendered":"La inflaci\u00f3n en la Eurozona repunt\u00f3 al 3% anual, tras el aumento del costo de la energ\u00eda"},"content":{"rendered":"<p> <br \/>\n<\/p>\n<div>\t\t<!-- { REGION4 --> <\/p>\n<header class=\"news-headline\">\n<h2 class=\"news-headline__article-summary\">\t\t<\/h2>\n<p id=\"p-1777549511796-42659\" class=\"ignore-parser\">La inflaci\u00f3n en la zona euro volvi\u00f3 a acelerarse en abril y alcanz\u00f3 el 3% anual, impulsada principalmente por el fuerte salto de los precios de la energ\u00eda.<\/p>\n<\/header>\n<div class=\"detail-highlighted-multimedia content-protected-false\">\n<figure class=\"detail-highlighted-multimedia__figure\">  <img loading=\"lazy\" decoding=\"async\" src=\"https:\/\/media.ambito.com\/p\/24200c1f2bcc7d2fa7f359bc47e5beb5\/adjuntos\/239\/imagenes\/035\/956\/0035956488\/bcejpg.jpg\" class=\"detail-highlighted-multimedia__figure-img img-fluid\" alt=\"Este dato impacta en el BCE que deber\u00e1 tomar una decisi\u00f3n sobre tasas\" width=\"540\" height=\"405\"\/><figcaption class=\"detail-highlighted-multimedia__figcaption\">  <span class=\"detail-highlighted-multimedia__copyright\">Pixabay<\/span><\/figcaption><\/figure>\n<\/div>\n<article class=\"article-body article-body--first-paragraph content-protected-false\" data-td-script-src=\"https:\/\/www.ambito.com\/td\/modulos\/encuestas\/js\/function-embeds-min-version-1777435597.js\">\n<p id=\"p-1777549530361-27509\">La<strong> inflaci\u00f3n de la zona euro <\/strong> se aceler\u00f3 en abril hasta ubicarse en<strong> 3% anual<\/strong>, por encima de lo esperado, seg\u00fan la estimaci\u00f3n preliminar publicada por Eurostat, la oficina de estad\u00edstica de la Uni\u00f3n Europea (UE), ante el <strong>encarecimiento de la energ\u00eda, cuyo precio se dispar\u00f3 un 10,9%<\/strong> en comparaci\u00f3n con el 5,1% de marzo.<\/p>\n<\/article>\n<section class=\"suscription-false printed-edition\" style=\"display:none\">\n<p> El contenido al que quiere acceder es exclusivo para suscriptores.<\/p>\n<p>  <span> <button type=\"button\" name=\"button\" class=\"subscribe-btn mercadopago-btn\">suscribirse<\/button><\/span>  <span class=\"btns\"><button type=\"button\" name=\"button\" class=\"subscribe-btn reload-login\"> ya estoy suscripto<\/button><\/span>  <\/p>\n<\/section>\n<article class=\"article-body article-body--second-paragraph content-protected-false\">\n<p id=\"p-1777549530361-97174\">Supone el mayor aumento del costo de vida en la regi\u00f3n del euro desde septiembre de 2023. Del resto de los principales componentes, el coste de los <strong>servicios<\/strong> subi\u00f3 un <strong>3%<\/strong>, dos d\u00e9cimas menos,<strong> los alimentos, el alcohol y el tabaco<\/strong> se incrementaron un<strong> 2,5%<\/strong>, una decima m\u00e1s, y los <strong>bienes industriales no energ\u00e9ticos<\/strong> aumentaron su precio un <strong>0,8%<\/strong> tres d\u00e9cimas por encima del mes anterior.<\/p>\n<\/article>\n<section class=\"related-news\">\t\t<span class=\"related-news__title\">Informate m\u00e1s<\/span>\t\t<\/p>\n<div class=\"row row--eq-height\">\n<div class=\"col-12 col-md-6\">\n<article class=\"news-article news-article--landscape-news news-article--landscape-news\">\n<figure class=\"news-article__figure figure\">\n\t\t\t\t\t\t\t\t\t\t\t<img loading=\"lazy\" decoding=\"async\" src=\"https:\/\/media.ambito.com\/p\/ae3f5de2c1e4a19b35fec5ccf1595c40\/adjuntos\/239\/imagenes\/042\/960\/0042960285\/supermercados-consumo-gondolas-precios-inflacion.jpg\" alt=\"La perspectiva de inflaci\u00f3n sigue alta, seg\u00fan la medici\u00f3n de la Di Tella.\" title=\"La perspectiva de inflaci\u00f3n sigue alta, seg\u00fan la medici\u00f3n de la Di Tella.\" width=\"93\" height=\"52\" class=\"news-article__figure-img figure-img img-fluid\"\/>\t\t<\/figure>\n<\/article><\/div>\n<div class=\"col-12 col-md-6\">\n<article class=\"news-article news-article--landscape-news news-article--landscape-news\">\n<figure class=\"news-article__figure figure\">\n\t\t\t\t\t\t\t\t\t\t\t<img loading=\"lazy\" decoding=\"async\" src=\"https:\/\/media.ambito.com\/p\/87863ddbd88ea6095214a8b15812f50c\/adjuntos\/239\/imagenes\/041\/508\/0041508336\/inflacion-supermercados-precios-mayoristas-consumo.jpg\" alt=\"Pese al congelamiento de las naftas, el combustible tiene un arrastre mayor al 10%.\" title=\"Pese al congelamiento de las naftas, el combustible tiene un arrastre mayor al 10%.\" width=\"93\" height=\"52\" class=\"news-article__figure-img figure-img img-fluid\"\/>\t\t<\/figure>\n<\/article><\/div>\n<\/div>\n<\/section>\n<article class=\"article-body article-body--third-paragraph content-protected-false\">\n<p id=\"p-1777549530361-4283\">Por pa\u00edses, Finlandia (2,3%), Malta (2,4%), Pa\u00edses Bajos y Francia (ambos 2,5%) presentaron las tasas de inflaci\u00f3n m\u00e1s bajas. Por el contrario, Bulgaria (6,2%), Croacia (5,4%) y Luxemburgo (5,2%) tuvieron las tasas m\u00e1s elevadas.<\/p>\n<\/article>\n<article class=\"article-body article-body--fourth-paragraph content-protected-false\">\n<p id=\"p-1777549530361-61224\">Mientras tanto, la tasa de<strong> inflaci\u00f3n subyacente<\/strong>, aquella que excluye los precios vol\u00e1tiles de los alimentos y la energ\u00eda, <strong>se desaceler\u00f3 en abril una d\u00e9cima, hasta el 2,2%<\/strong>.<\/p>\n<\/article>\n<article class=\"article-body article-body--fifth-paragraph content-protected-false\">\n<div contenteditable=\"false\" class=\"embed_cont type_imagen\" id=\"6128714-Libre-1384505278_wrap\">\n<p>\/\/ El presidente del BCE, Mario Draghi, dijo que la incertidumbre sobre las perspectivas de inflaci\u00f3n en la zona euro siguen retrocediendo. <span onclick=\"parent.parent.TinyMCETdcuerpo.preview_embed('6128714-Libre-1384505278')\" class=\"embed_colapse less\" id=\"6128714-Libre-1384505278_colapse\"\/>  <span onclick=\"parent.parent.TinyMCETdcuerpo.delete_embed('6128714-Libre-1384505278')\" class=\"embed_delete less\" id=\"6128714-Libre-1384505278_delete\"\/><\/p>\n<div id=\"6128714-Libre-1384505278_content\" class=\"embed_content\"><img decoding=\"async\" src=\"https:\/\/media.ambito.com\/p\/bd2b3e86cda6f06f728378aa272a7bb5\/adjuntos\/239\/imagenes\/029\/694\/0029694055\/el-presidente-del-bce-mario-draghi-dijo-que-la-incertidumbre-las-perspectivas-inflacion-la-zona-euro-siguen-retrocediendo.jpg?0000-00-00-00-00-00\" alt=\"Este dato supone el mayor aumento del costo de vida en la regi\u00f3n del euro desde septiembre de 2023. \" title=\"Este dato supone el mayor aumento del costo de vida en la regi\u00f3n del euro desde septiembre de 2023. \" width=\"1000\" height=\"540\" id=\"6128714-Libre-1384505278_embed\" crossorigin=\"anonymous\" fetchpriority=\"high\" decode=\"async\"\/><\/div>\n<div class=\"embed_wrapper-cont\" id=\"p-1777549597775-72093\">\n<div id=\"6128714-Libre-1384505278_epigrafe\" class=\"embed_epigrafe\">\n<p id=\"p-1777549597775-64294\">Este dato supone el mayor aumento del costo de vida en la regi\u00f3n del euro desde septiembre de 2023.<\/p>\n<\/div><\/div><\/div>\n<\/article>\n<article class=\"article-body article-body--remaining-paragraph content-protected-false\">\n<p id=\"p-1777549530361-4310\"> Seg\u00fan las \u00faltimas <strong>proyecciones macroecon\u00f3micas del Banco Central Europeo (BCE)<\/strong>, la inflaci\u00f3n general promediar\u00e1 el 2,6% en 2026, el 2% en 2027 y el 2,1% en 2028. Sobre la inflaci\u00f3n subyacente, se proyecta un promedio del 2,3% en 2026, del 2,2% en 2027 y del 2,1% en 2028.<\/p>\n<p id=\"p-1777549530361-97721\">\u00abComo era de esperar, el principal responsable fue el alza de los precios de la energ\u00eda. Sin embargo, las presiones deflacionarias en los precios de los bienes tambi\u00e9n parecen estar disminuyendo lentamente\u00bb, comentan los analistas de ING, que creen que, \u00abdado que es probable que los <strong>precios de la energ\u00eda se mantengan elevados en los pr\u00f3ximos meses<\/strong>, tras su descenso a lo largo de 2025, <strong>su contribuci\u00f3n a la inflaci\u00f3n general deber\u00eda aumentar a\u00fan m\u00e1s<\/strong>\u00ab.<\/p>\n<p id=\"p-1777549530361-24480\">Adem\u00e1s, consideran que <strong>los precios de los alimentos \u00abpodr\u00edan experimentar un repunte a finales de este a\u00f1o<\/strong> debido a la escasez de fertilizantes (los precios de los alimentos no procesados ya subieron un 4,7% interanual y esta tendencia podr\u00eda, con cierto retraso, traducirse en una mayor inflaci\u00f3n de los precios de los alimentos procesados). Y, desde luego,<strong> no podemos descartar algunos efectos indirectos derivados de la crisis energ\u00e9tica<\/strong>, ya que las expectativas sobre los precios de venta se han disparado en todos los sectores\u00bb. En su opini\u00f3n, ven probable que la inflaci\u00f3n <strong>aumente gradualmente hasta alcanzar el 4%<\/strong>.<\/p>\n<\/article>\n<p>\t\t\t\t<!-- REGION4 } -->\n\t\t\t\t\t\t<\/div>\n<p><script>\n!function(f,b,e,v,n,t,s)\n{if(f.fbq)return;n=f.fbq=function(){n.callMethod?\nn.callMethod.apply(n,arguments):n.queue.push(arguments)};\nif(!f._fbq)f._fbq=n;n.push=n;n.loaded=!0;n.version='2.0';\nn.queue=[];t=b.createElement(e);t.async=!0;\nt.src=v;s=b.getElementsByTagName(e)[0];\ns.parentNode.insertBefore(t,s)}(window,document,'script',\n'https:\/\/connect.facebook.net\/en_US\/fbevents.js');\nfbq('init', '2047048335588113');\nfbq('track', 'PageView');\n<\/script><br \/>\n<br \/><\/p>\n","protected":false},"excerpt":{"rendered":"<p>La inflaci\u00f3n en la zona euro volvi\u00f3 a acelerarse en abril y alcanz\u00f3 el 3% anual, impulsada principalmente por el fuerte salto de los precios de la energ\u00eda. Pixabay La inflaci\u00f3n de la zona euro se aceler\u00f3 en abril hasta ubicarse en 3% anual, por encima de lo esperado, seg\u00fan la estimaci\u00f3n preliminar publicada por [&hellip;]<\/p>\n","protected":false},"author":1,"featured_media":193932,"comment_status":"closed","ping_status":"closed","sticky":false,"template":"","format":"standard","meta":{"footnotes":""},"categories":[28],"tags":[],"class_list":["post-193931","post","type-post","status-publish","format-standard","has-post-thumbnail","hentry","category-economia"],"yoast_head":"<!-- This site is optimized with the Yoast SEO plugin v24.4 - https:\/\/yoast.com\/wordpress\/plugins\/seo\/ -->\n<title>La inflaci\u00f3n en la Eurozona repunt\u00f3 al 3% anual, tras el aumento del costo de la energ\u00eda - GYS NOTICIAS |<\/title>\n<meta name=\"robots\" content=\"index, follow, max-snippet:-1, max-image-preview:large, max-video-preview:-1\" \/>\n<link rel=\"canonical\" href=\"https:\/\/gysfm.com.ar\/inicio\/la-inflacion-en-la-eurozona-repunto-al-3-anual-tras-el-aumento-del-costo-de-la-energia\/\" \/>\n<meta property=\"og:locale\" content=\"es_ES\" \/>\n<meta property=\"og:type\" content=\"article\" \/>\n<meta property=\"og:title\" content=\"La inflaci\u00f3n en la Eurozona repunt\u00f3 al 3% anual, tras el aumento del costo de la energ\u00eda - GYS NOTICIAS |\" \/>\n<meta property=\"og:description\" content=\"La inflaci\u00f3n en la zona euro volvi\u00f3 a acelerarse en abril y alcanz\u00f3 el 3% anual, impulsada principalmente por el fuerte salto de los precios de la energ\u00eda. Pixabay La inflaci\u00f3n de la zona euro se aceler\u00f3 en abril hasta ubicarse en 3% anual, por encima de lo esperado, seg\u00fan la estimaci\u00f3n preliminar publicada por [&hellip;]\" \/>\n<meta property=\"og:url\" content=\"https:\/\/gysfm.com.ar\/inicio\/la-inflacion-en-la-eurozona-repunto-al-3-anual-tras-el-aumento-del-costo-de-la-energia\/\" \/>\n<meta property=\"og:site_name\" content=\"GYS NOTICIAS |\" \/>\n<meta property=\"article:published_time\" content=\"2026-04-30T19:23:06+00:00\" \/>\n<meta property=\"og:image\" content=\"https:\/\/media.ambito.com\/p\/24200c1f2bcc7d2fa7f359bc47e5beb5\/adjuntos\/239\/imagenes\/035\/956\/0035956488\/bcejpg.jpg\" \/>\n<meta name=\"author\" content=\"admin\" \/>\n<meta name=\"twitter:card\" content=\"summary_large_image\" \/>\n<meta name=\"twitter:label1\" content=\"Escrito por\" \/>\n\t<meta name=\"twitter:data1\" content=\"admin\" \/>\n\t<meta name=\"twitter:label2\" content=\"Tiempo de lectura\" \/>\n\t<meta name=\"twitter:data2\" content=\"3 minutos\" \/>\n<script type=\"application\/ld+json\" class=\"yoast-schema-graph\">{\"@context\":\"https:\/\/schema.org\",\"@graph\":[{\"@type\":\"Article\",\"@id\":\"https:\/\/gysfm.com.ar\/inicio\/la-inflacion-en-la-eurozona-repunto-al-3-anual-tras-el-aumento-del-costo-de-la-energia\/#article\",\"isPartOf\":{\"@id\":\"https:\/\/gysfm.com.ar\/inicio\/la-inflacion-en-la-eurozona-repunto-al-3-anual-tras-el-aumento-del-costo-de-la-energia\/\"},\"author\":{\"name\":\"admin\",\"@id\":\"https:\/\/gysfm.com.ar\/inicio\/#\/schema\/person\/5bedd7ecd35cc35548d89effafa23696\"},\"headline\":\"La inflaci\u00f3n en la Eurozona repunt\u00f3 al 3% anual, tras el aumento del costo de la energ\u00eda\",\"datePublished\":\"2026-04-30T19:23:06+00:00\",\"mainEntityOfPage\":{\"@id\":\"https:\/\/gysfm.com.ar\/inicio\/la-inflacion-en-la-eurozona-repunto-al-3-anual-tras-el-aumento-del-costo-de-la-energia\/\"},\"wordCount\":525,\"publisher\":{\"@id\":\"https:\/\/gysfm.com.ar\/inicio\/#organization\"},\"image\":{\"@id\":\"https:\/\/gysfm.com.ar\/inicio\/la-inflacion-en-la-eurozona-repunto-al-3-anual-tras-el-aumento-del-costo-de-la-energia\/#primaryimage\"},\"thumbnailUrl\":\"https:\/\/gysfm.com.ar\/inicio\/wp-content\/uploads\/2026\/04\/bcejpg.jpg\",\"articleSection\":[\"ECONOMIA\"],\"inLanguage\":\"es\"},{\"@type\":\"WebPage\",\"@id\":\"https:\/\/gysfm.com.ar\/inicio\/la-inflacion-en-la-eurozona-repunto-al-3-anual-tras-el-aumento-del-costo-de-la-energia\/\",\"url\":\"https:\/\/gysfm.com.ar\/inicio\/la-inflacion-en-la-eurozona-repunto-al-3-anual-tras-el-aumento-del-costo-de-la-energia\/\",\"name\":\"La inflaci\u00f3n en la Eurozona repunt\u00f3 al 3% anual, tras el aumento del costo de la energ\u00eda - GYS NOTICIAS |\",\"isPartOf\":{\"@id\":\"https:\/\/gysfm.com.ar\/inicio\/#website\"},\"primaryImageOfPage\":{\"@id\":\"https:\/\/gysfm.com.ar\/inicio\/la-inflacion-en-la-eurozona-repunto-al-3-anual-tras-el-aumento-del-costo-de-la-energia\/#primaryimage\"},\"image\":{\"@id\":\"https:\/\/gysfm.com.ar\/inicio\/la-inflacion-en-la-eurozona-repunto-al-3-anual-tras-el-aumento-del-costo-de-la-energia\/#primaryimage\"},\"thumbnailUrl\":\"https:\/\/gysfm.com.ar\/inicio\/wp-content\/uploads\/2026\/04\/bcejpg.jpg\",\"datePublished\":\"2026-04-30T19:23:06+00:00\",\"breadcrumb\":{\"@id\":\"https:\/\/gysfm.com.ar\/inicio\/la-inflacion-en-la-eurozona-repunto-al-3-anual-tras-el-aumento-del-costo-de-la-energia\/#breadcrumb\"},\"inLanguage\":\"es\",\"potentialAction\":[{\"@type\":\"ReadAction\",\"target\":[\"https:\/\/gysfm.com.ar\/inicio\/la-inflacion-en-la-eurozona-repunto-al-3-anual-tras-el-aumento-del-costo-de-la-energia\/\"]}]},{\"@type\":\"ImageObject\",\"inLanguage\":\"es\",\"@id\":\"https:\/\/gysfm.com.ar\/inicio\/la-inflacion-en-la-eurozona-repunto-al-3-anual-tras-el-aumento-del-costo-de-la-energia\/#primaryimage\",\"url\":\"https:\/\/gysfm.com.ar\/inicio\/wp-content\/uploads\/2026\/04\/bcejpg.jpg\",\"contentUrl\":\"https:\/\/gysfm.com.ar\/inicio\/wp-content\/uploads\/2026\/04\/bcejpg.jpg\",\"width\":1200,\"height\":675},{\"@type\":\"BreadcrumbList\",\"@id\":\"https:\/\/gysfm.com.ar\/inicio\/la-inflacion-en-la-eurozona-repunto-al-3-anual-tras-el-aumento-del-costo-de-la-energia\/#breadcrumb\",\"itemListElement\":[{\"@type\":\"ListItem\",\"position\":1,\"name\":\"Portada\",\"item\":\"https:\/\/gysfm.com.ar\/inicio\/\"},{\"@type\":\"ListItem\",\"position\":2,\"name\":\"La inflaci\u00f3n en la Eurozona repunt\u00f3 al 3% anual, tras el aumento del costo de la energ\u00eda\"}]},{\"@type\":\"WebSite\",\"@id\":\"https:\/\/gysfm.com.ar\/inicio\/#website\",\"url\":\"https:\/\/gysfm.com.ar\/inicio\/\",\"name\":\"GYS NOTICIAS |\",\"description\":\"DIARIO - RADIO ONLINE SAN JUAN ARGENTINA\",\"publisher\":{\"@id\":\"https:\/\/gysfm.com.ar\/inicio\/#organization\"},\"potentialAction\":[{\"@type\":\"SearchAction\",\"target\":{\"@type\":\"EntryPoint\",\"urlTemplate\":\"https:\/\/gysfm.com.ar\/inicio\/?s={search_term_string}\"},\"query-input\":{\"@type\":\"PropertyValueSpecification\",\"valueRequired\":true,\"valueName\":\"search_term_string\"}}],\"inLanguage\":\"es\"},{\"@type\":\"Organization\",\"@id\":\"https:\/\/gysfm.com.ar\/inicio\/#organization\",\"name\":\"GYS NOTICIAS |\",\"url\":\"https:\/\/gysfm.com.ar\/inicio\/\",\"logo\":{\"@type\":\"ImageObject\",\"inLanguage\":\"es\",\"@id\":\"https:\/\/gysfm.com.ar\/inicio\/#\/schema\/logo\/image\/\",\"url\":\"https:\/\/gysfm.com.ar\/inicio\/wp-content\/uploads\/2023\/07\/LOGOGYS-OK.png\",\"contentUrl\":\"https:\/\/gysfm.com.ar\/inicio\/wp-content\/uploads\/2023\/07\/LOGOGYS-OK.png\",\"width\":1170,\"height\":872,\"caption\":\"GYS NOTICIAS |\"},\"image\":{\"@id\":\"https:\/\/gysfm.com.ar\/inicio\/#\/schema\/logo\/image\/\"}},{\"@type\":\"Person\",\"@id\":\"https:\/\/gysfm.com.ar\/inicio\/#\/schema\/person\/5bedd7ecd35cc35548d89effafa23696\",\"name\":\"admin\",\"image\":{\"@type\":\"ImageObject\",\"inLanguage\":\"es\",\"@id\":\"https:\/\/gysfm.com.ar\/inicio\/#\/schema\/person\/image\/\",\"url\":\"https:\/\/secure.gravatar.com\/avatar\/c331d312b5243fb64d5ba28108a447b27c925295129a363082c9ea52c28d32c2?s=96&d=mm&r=g\",\"contentUrl\":\"https:\/\/secure.gravatar.com\/avatar\/c331d312b5243fb64d5ba28108a447b27c925295129a363082c9ea52c28d32c2?s=96&d=mm&r=g\",\"caption\":\"admin\"},\"sameAs\":[\"https:\/\/gysfm.com.ar\/inicio\"],\"url\":\"https:\/\/gysfm.com.ar\/inicio\/author\/admin\/\"}]}<\/script>\n<!-- \/ Yoast SEO plugin. -->","yoast_head_json":{"title":"La inflaci\u00f3n en la Eurozona repunt\u00f3 al 3% anual, tras el aumento del costo de la energ\u00eda - GYS NOTICIAS |","robots":{"index":"index","follow":"follow","max-snippet":"max-snippet:-1","max-image-preview":"max-image-preview:large","max-video-preview":"max-video-preview:-1"},"canonical":"https:\/\/gysfm.com.ar\/inicio\/la-inflacion-en-la-eurozona-repunto-al-3-anual-tras-el-aumento-del-costo-de-la-energia\/","og_locale":"es_ES","og_type":"article","og_title":"La inflaci\u00f3n en la Eurozona repunt\u00f3 al 3% anual, tras el aumento del costo de la energ\u00eda - GYS NOTICIAS |","og_description":"La inflaci\u00f3n en la zona euro volvi\u00f3 a acelerarse en abril y alcanz\u00f3 el 3% anual, impulsada principalmente por el fuerte salto de los precios de la energ\u00eda. Pixabay La inflaci\u00f3n de la zona euro se aceler\u00f3 en abril hasta ubicarse en 3% anual, por encima de lo esperado, seg\u00fan la estimaci\u00f3n preliminar publicada por [&hellip;]","og_url":"https:\/\/gysfm.com.ar\/inicio\/la-inflacion-en-la-eurozona-repunto-al-3-anual-tras-el-aumento-del-costo-de-la-energia\/","og_site_name":"GYS NOTICIAS |","article_published_time":"2026-04-30T19:23:06+00:00","og_image":[{"url":"https:\/\/media.ambito.com\/p\/24200c1f2bcc7d2fa7f359bc47e5beb5\/adjuntos\/239\/imagenes\/035\/956\/0035956488\/bcejpg.jpg","type":"","width":"","height":""}],"author":"admin","twitter_card":"summary_large_image","twitter_misc":{"Escrito por":"admin","Tiempo de lectura":"3 minutos"},"schema":{"@context":"https:\/\/schema.org","@graph":[{"@type":"Article","@id":"https:\/\/gysfm.com.ar\/inicio\/la-inflacion-en-la-eurozona-repunto-al-3-anual-tras-el-aumento-del-costo-de-la-energia\/#article","isPartOf":{"@id":"https:\/\/gysfm.com.ar\/inicio\/la-inflacion-en-la-eurozona-repunto-al-3-anual-tras-el-aumento-del-costo-de-la-energia\/"},"author":{"name":"admin","@id":"https:\/\/gysfm.com.ar\/inicio\/#\/schema\/person\/5bedd7ecd35cc35548d89effafa23696"},"headline":"La inflaci\u00f3n en la Eurozona repunt\u00f3 al 3% anual, tras el aumento del costo de la energ\u00eda","datePublished":"2026-04-30T19:23:06+00:00","mainEntityOfPage":{"@id":"https:\/\/gysfm.com.ar\/inicio\/la-inflacion-en-la-eurozona-repunto-al-3-anual-tras-el-aumento-del-costo-de-la-energia\/"},"wordCount":525,"publisher":{"@id":"https:\/\/gysfm.com.ar\/inicio\/#organization"},"image":{"@id":"https:\/\/gysfm.com.ar\/inicio\/la-inflacion-en-la-eurozona-repunto-al-3-anual-tras-el-aumento-del-costo-de-la-energia\/#primaryimage"},"thumbnailUrl":"https:\/\/gysfm.com.ar\/inicio\/wp-content\/uploads\/2026\/04\/bcejpg.jpg","articleSection":["ECONOMIA"],"inLanguage":"es"},{"@type":"WebPage","@id":"https:\/\/gysfm.com.ar\/inicio\/la-inflacion-en-la-eurozona-repunto-al-3-anual-tras-el-aumento-del-costo-de-la-energia\/","url":"https:\/\/gysfm.com.ar\/inicio\/la-inflacion-en-la-eurozona-repunto-al-3-anual-tras-el-aumento-del-costo-de-la-energia\/","name":"La inflaci\u00f3n en la Eurozona repunt\u00f3 al 3% anual, tras el aumento del costo de la energ\u00eda - GYS NOTICIAS |","isPartOf":{"@id":"https:\/\/gysfm.com.ar\/inicio\/#website"},"primaryImageOfPage":{"@id":"https:\/\/gysfm.com.ar\/inicio\/la-inflacion-en-la-eurozona-repunto-al-3-anual-tras-el-aumento-del-costo-de-la-energia\/#primaryimage"},"image":{"@id":"https:\/\/gysfm.com.ar\/inicio\/la-inflacion-en-la-eurozona-repunto-al-3-anual-tras-el-aumento-del-costo-de-la-energia\/#primaryimage"},"thumbnailUrl":"https:\/\/gysfm.com.ar\/inicio\/wp-content\/uploads\/2026\/04\/bcejpg.jpg","datePublished":"2026-04-30T19:23:06+00:00","breadcrumb":{"@id":"https:\/\/gysfm.com.ar\/inicio\/la-inflacion-en-la-eurozona-repunto-al-3-anual-tras-el-aumento-del-costo-de-la-energia\/#breadcrumb"},"inLanguage":"es","potentialAction":[{"@type":"ReadAction","target":["https:\/\/gysfm.com.ar\/inicio\/la-inflacion-en-la-eurozona-repunto-al-3-anual-tras-el-aumento-del-costo-de-la-energia\/"]}]},{"@type":"ImageObject","inLanguage":"es","@id":"https:\/\/gysfm.com.ar\/inicio\/la-inflacion-en-la-eurozona-repunto-al-3-anual-tras-el-aumento-del-costo-de-la-energia\/#primaryimage","url":"https:\/\/gysfm.com.ar\/inicio\/wp-content\/uploads\/2026\/04\/bcejpg.jpg","contentUrl":"https:\/\/gysfm.com.ar\/inicio\/wp-content\/uploads\/2026\/04\/bcejpg.jpg","width":1200,"height":675},{"@type":"BreadcrumbList","@id":"https:\/\/gysfm.com.ar\/inicio\/la-inflacion-en-la-eurozona-repunto-al-3-anual-tras-el-aumento-del-costo-de-la-energia\/#breadcrumb","itemListElement":[{"@type":"ListItem","position":1,"name":"Portada","item":"https:\/\/gysfm.com.ar\/inicio\/"},{"@type":"ListItem","position":2,"name":"La inflaci\u00f3n en la Eurozona repunt\u00f3 al 3% anual, tras el aumento del costo de la energ\u00eda"}]},{"@type":"WebSite","@id":"https:\/\/gysfm.com.ar\/inicio\/#website","url":"https:\/\/gysfm.com.ar\/inicio\/","name":"GYS NOTICIAS |","description":"DIARIO - RADIO ONLINE SAN JUAN ARGENTINA","publisher":{"@id":"https:\/\/gysfm.com.ar\/inicio\/#organization"},"potentialAction":[{"@type":"SearchAction","target":{"@type":"EntryPoint","urlTemplate":"https:\/\/gysfm.com.ar\/inicio\/?s={search_term_string}"},"query-input":{"@type":"PropertyValueSpecification","valueRequired":true,"valueName":"search_term_string"}}],"inLanguage":"es"},{"@type":"Organization","@id":"https:\/\/gysfm.com.ar\/inicio\/#organization","name":"GYS NOTICIAS |","url":"https:\/\/gysfm.com.ar\/inicio\/","logo":{"@type":"ImageObject","inLanguage":"es","@id":"https:\/\/gysfm.com.ar\/inicio\/#\/schema\/logo\/image\/","url":"https:\/\/gysfm.com.ar\/inicio\/wp-content\/uploads\/2023\/07\/LOGOGYS-OK.png","contentUrl":"https:\/\/gysfm.com.ar\/inicio\/wp-content\/uploads\/2023\/07\/LOGOGYS-OK.png","width":1170,"height":872,"caption":"GYS NOTICIAS |"},"image":{"@id":"https:\/\/gysfm.com.ar\/inicio\/#\/schema\/logo\/image\/"}},{"@type":"Person","@id":"https:\/\/gysfm.com.ar\/inicio\/#\/schema\/person\/5bedd7ecd35cc35548d89effafa23696","name":"admin","image":{"@type":"ImageObject","inLanguage":"es","@id":"https:\/\/gysfm.com.ar\/inicio\/#\/schema\/person\/image\/","url":"https:\/\/secure.gravatar.com\/avatar\/c331d312b5243fb64d5ba28108a447b27c925295129a363082c9ea52c28d32c2?s=96&d=mm&r=g","contentUrl":"https:\/\/secure.gravatar.com\/avatar\/c331d312b5243fb64d5ba28108a447b27c925295129a363082c9ea52c28d32c2?s=96&d=mm&r=g","caption":"admin"},"sameAs":["https:\/\/gysfm.com.ar\/inicio"],"url":"https:\/\/gysfm.com.ar\/inicio\/author\/admin\/"}]}},"_links":{"self":[{"href":"https:\/\/gysfm.com.ar\/inicio\/wp-json\/wp\/v2\/posts\/193931","targetHints":{"allow":["GET"]}}],"collection":[{"href":"https:\/\/gysfm.com.ar\/inicio\/wp-json\/wp\/v2\/posts"}],"about":[{"href":"https:\/\/gysfm.com.ar\/inicio\/wp-json\/wp\/v2\/types\/post"}],"author":[{"embeddable":true,"href":"https:\/\/gysfm.com.ar\/inicio\/wp-json\/wp\/v2\/users\/1"}],"replies":[{"embeddable":true,"href":"https:\/\/gysfm.com.ar\/inicio\/wp-json\/wp\/v2\/comments?post=193931"}],"version-history":[{"count":0,"href":"https:\/\/gysfm.com.ar\/inicio\/wp-json\/wp\/v2\/posts\/193931\/revisions"}],"wp:featuredmedia":[{"embeddable":true,"href":"https:\/\/gysfm.com.ar\/inicio\/wp-json\/wp\/v2\/media\/193932"}],"wp:attachment":[{"href":"https:\/\/gysfm.com.ar\/inicio\/wp-json\/wp\/v2\/media?parent=193931"}],"wp:term":[{"taxonomy":"category","embeddable":true,"href":"https:\/\/gysfm.com.ar\/inicio\/wp-json\/wp\/v2\/categories?post=193931"},{"taxonomy":"post_tag","embeddable":true,"href":"https:\/\/gysfm.com.ar\/inicio\/wp-json\/wp\/v2\/tags?post=193931"}],"curies":[{"name":"wp","href":"https:\/\/api.w.org\/{rel}","templated":true}]}}