{"id":193927,"date":"2026-04-30T16:09:22","date_gmt":"2026-04-30T19:09:22","guid":{"rendered":"https:\/\/gysfm.com.ar\/inicio\/el-chalet-cantoni-abre-inscripciones-para-sus-talleres-y-capacitaciones-de-mayo-diario-d3-noticias\/"},"modified":"2026-04-30T16:09:22","modified_gmt":"2026-04-30T19:09:22","slug":"el-chalet-cantoni-abre-inscripciones-para-sus-talleres-y-capacitaciones-de-mayo-diario-d3-noticias","status":"publish","type":"post","link":"https:\/\/gysfm.com.ar\/inicio\/el-chalet-cantoni-abre-inscripciones-para-sus-talleres-y-capacitaciones-de-mayo-diario-d3-noticias\/","title":{"rendered":"El Chalet Cantoni abre inscripciones para sus talleres y capacitaciones de mayo \u2013 DIARIO D3 NOTICIAS"},"content":{"rendered":"<p> <br \/>\n<\/p>\n<div>\n<p data-start=\"236\" data-end=\"580\">El <span class=\"hover:entity-accent entity-underline inline cursor-pointer align-baseline\"><span class=\"whitespace-normal\">Chalet Cantoni<\/span><\/span> lanz\u00f3 su agenda de talleres para mayo, con una variedad de propuestas culturales y formativas destinadas a distintos p\u00fablicos. Las actividades se desarrollar\u00e1n en su sede de avenida Libertador 3339 Oeste, en Rivadavia, y combinan opciones gratuitas y aranceladas.<\/p>\n<p data-start=\"582\" data-end=\"1060\">Entre las propuestas se destaca el taller \u201cFotograf\u00eda como Instrumento Documental\u201d, que se dictar\u00e1 los jueves 7, 14, 21 y 28 de mayo desde las 17:30. Estar\u00e1 a cargo de <span class=\"hover:entity-accent entity-underline inline cursor-pointer align-baseline\"><span class=\"whitespace-normal\">Martina Lavia<\/span><\/span>, quien guiar\u00e1 a los participantes en pr\u00e1cticas de fotograf\u00eda urbana, composici\u00f3n, edici\u00f3n e impresi\u00f3n. El objetivo es generar un registro documental de la ciudad de San Juan y culminar con una exposici\u00f3n colectiva. La actividad es arancelada y requiere inscripci\u00f3n previa.<\/p>\n<p data-start=\"1062\" data-end=\"1500\">Por otro lado, los mi\u00e9rcoles 6 y 13 de mayo, de 17 a 20, se realizar\u00e1 un taller gratuito de caligraf\u00eda con brushpen, con cupos limitados. La capacitaci\u00f3n estar\u00e1 a cargo de <span class=\"hover:entity-accent entity-underline inline cursor-pointer align-baseline\"><span class=\"whitespace-normal\">Panda<\/span><\/span>, profesional con amplia trayectoria en dise\u00f1o, ilustraci\u00f3n y docencia. La propuesta apunta a revalorizar la escritura manual en la era digital y est\u00e1 dirigida a personas desde los 14 a\u00f1os, sin necesidad de conocimientos previos.<\/p>\n<p data-start=\"1502\" data-end=\"1792\">La programaci\u00f3n se completa con el Workshop de Empleabilidad &amp; Networking, previsto para el 12 de mayo a las 11:30. Este espacio estar\u00e1 enfocado en el desarrollo profesional, abordando herramientas como la elaboraci\u00f3n de CV, el uso de portales de empleo y la construcci\u00f3n de marca personal.<\/p>\n<p data-start=\"1794\" data-end=\"1971\">La capacitaci\u00f3n ser\u00e1 dictada por los licenciados <span class=\"hover:entity-accent entity-underline inline cursor-pointer align-baseline\"><span class=\"whitespace-normal\">Tom\u00e1s Moreno<\/span><\/span> y <span class=\"hover:entity-accent entity-underline inline cursor-pointer align-baseline\"><span class=\"whitespace-normal\">Macarena Moyano<\/span><\/span>, y tendr\u00e1 un costo arancelado con cupos limitados.<\/p>\n<p data-start=\"1973\" data-end=\"2155\" data-is-last-node=\"\" data-is-only-node=\"\">Con esta programaci\u00f3n, el espacio cultural reafirma su propuesta de ofrecer actividades durante todo el a\u00f1o, promoviendo la formaci\u00f3n, la creatividad y el encuentro con la comunidad.<\/p>\n<\/div>\n<p><br \/>\n<br \/><a href=\"https:\/\/diariod3.com\/el-chalet-cantoni-abre-inscripciones-para-sus-talleres-y-capacitaciones-de-mayo\/\">Source link <\/a><\/p>\n","protected":false},"excerpt":{"rendered":"<p>El Chalet Cantoni lanz\u00f3 su agenda de talleres para mayo, con una variedad de propuestas culturales y formativas destinadas a distintos p\u00fablicos. Las actividades se desarrollar\u00e1n en su sede de avenida Libertador 3339 Oeste, en Rivadavia, y combinan opciones gratuitas y aranceladas. Entre las propuestas se destaca el taller \u201cFotograf\u00eda como Instrumento Documental\u201d, que se [&hellip;]<\/p>\n","protected":false},"author":2,"featured_media":193928,"comment_status":"closed","ping_status":"closed","sticky":false,"template":"","format":"standard","meta":{"footnotes":""},"categories":[31],"tags":[],"class_list":["post-193927","post","type-post","status-publish","format-standard","has-post-thumbnail","hentry","category-turismo-y-cultura"],"yoast_head":"<!-- This site is optimized with the Yoast SEO plugin v24.4 - https:\/\/yoast.com\/wordpress\/plugins\/seo\/ -->\n<title>El Chalet Cantoni abre inscripciones para sus talleres y capacitaciones de mayo \u2013 DIARIO D3 NOTICIAS - GYS NOTICIAS |<\/title>\n<meta name=\"robots\" content=\"index, follow, max-snippet:-1, max-image-preview:large, max-video-preview:-1\" \/>\n<link rel=\"canonical\" href=\"https:\/\/gysfm.com.ar\/inicio\/el-chalet-cantoni-abre-inscripciones-para-sus-talleres-y-capacitaciones-de-mayo-diario-d3-noticias\/\" \/>\n<meta property=\"og:locale\" content=\"es_ES\" \/>\n<meta property=\"og:type\" content=\"article\" \/>\n<meta property=\"og:title\" content=\"El Chalet Cantoni abre inscripciones para sus talleres y capacitaciones de mayo \u2013 DIARIO D3 NOTICIAS - GYS NOTICIAS |\" \/>\n<meta property=\"og:description\" content=\"El Chalet Cantoni lanz\u00f3 su agenda de talleres para mayo, con una variedad de propuestas culturales y formativas destinadas a distintos p\u00fablicos. Las actividades se desarrollar\u00e1n en su sede de avenida Libertador 3339 Oeste, en Rivadavia, y combinan opciones gratuitas y aranceladas. Entre las propuestas se destaca el taller \u201cFotograf\u00eda como Instrumento Documental\u201d, que se [&hellip;]\" \/>\n<meta property=\"og:url\" content=\"https:\/\/gysfm.com.ar\/inicio\/el-chalet-cantoni-abre-inscripciones-para-sus-talleres-y-capacitaciones-de-mayo-diario-d3-noticias\/\" \/>\n<meta property=\"og:site_name\" content=\"GYS NOTICIAS |\" \/>\n<meta property=\"article:published_time\" content=\"2026-04-30T19:09:22+00:00\" \/>\n<meta name=\"author\" content=\"Prensa G&amp;S FM\" \/>\n<meta name=\"twitter:card\" content=\"summary_large_image\" \/>\n<meta name=\"twitter:label1\" content=\"Escrito por\" \/>\n\t<meta name=\"twitter:data1\" content=\"Prensa G&amp;S FM\" \/>\n\t<meta name=\"twitter:label2\" content=\"Tiempo de lectura\" \/>\n\t<meta name=\"twitter:data2\" content=\"1 minuto\" \/>\n<script type=\"application\/ld+json\" class=\"yoast-schema-graph\">{\"@context\":\"https:\/\/schema.org\",\"@graph\":[{\"@type\":\"Article\",\"@id\":\"https:\/\/gysfm.com.ar\/inicio\/el-chalet-cantoni-abre-inscripciones-para-sus-talleres-y-capacitaciones-de-mayo-diario-d3-noticias\/#article\",\"isPartOf\":{\"@id\":\"https:\/\/gysfm.com.ar\/inicio\/el-chalet-cantoni-abre-inscripciones-para-sus-talleres-y-capacitaciones-de-mayo-diario-d3-noticias\/\"},\"author\":{\"name\":\"Prensa G&amp;S FM\",\"@id\":\"https:\/\/gysfm.com.ar\/inicio\/#\/schema\/person\/3abba7593ef2ad19e1be221d54383dc5\"},\"headline\":\"El Chalet Cantoni abre inscripciones para sus talleres y capacitaciones de mayo \u2013 DIARIO D3 NOTICIAS\",\"datePublished\":\"2026-04-30T19:09:22+00:00\",\"mainEntityOfPage\":{\"@id\":\"https:\/\/gysfm.com.ar\/inicio\/el-chalet-cantoni-abre-inscripciones-para-sus-talleres-y-capacitaciones-de-mayo-diario-d3-noticias\/\"},\"wordCount\":307,\"publisher\":{\"@id\":\"https:\/\/gysfm.com.ar\/inicio\/#organization\"},\"image\":{\"@id\":\"https:\/\/gysfm.com.ar\/inicio\/el-chalet-cantoni-abre-inscripciones-para-sus-talleres-y-capacitaciones-de-mayo-diario-d3-noticias\/#primaryimage\"},\"thumbnailUrl\":\"https:\/\/gysfm.com.ar\/inicio\/wp-content\/uploads\/2026\/04\/c6b6a67f9397ff11bc63596c0cecabf1_L.jpg\",\"articleSection\":[\"TURISMO Y CULTURA\"],\"inLanguage\":\"es\"},{\"@type\":\"WebPage\",\"@id\":\"https:\/\/gysfm.com.ar\/inicio\/el-chalet-cantoni-abre-inscripciones-para-sus-talleres-y-capacitaciones-de-mayo-diario-d3-noticias\/\",\"url\":\"https:\/\/gysfm.com.ar\/inicio\/el-chalet-cantoni-abre-inscripciones-para-sus-talleres-y-capacitaciones-de-mayo-diario-d3-noticias\/\",\"name\":\"El Chalet Cantoni abre inscripciones para sus talleres y capacitaciones de mayo \u2013 DIARIO D3 NOTICIAS - GYS NOTICIAS |\",\"isPartOf\":{\"@id\":\"https:\/\/gysfm.com.ar\/inicio\/#website\"},\"primaryImageOfPage\":{\"@id\":\"https:\/\/gysfm.com.ar\/inicio\/el-chalet-cantoni-abre-inscripciones-para-sus-talleres-y-capacitaciones-de-mayo-diario-d3-noticias\/#primaryimage\"},\"image\":{\"@id\":\"https:\/\/gysfm.com.ar\/inicio\/el-chalet-cantoni-abre-inscripciones-para-sus-talleres-y-capacitaciones-de-mayo-diario-d3-noticias\/#primaryimage\"},\"thumbnailUrl\":\"https:\/\/gysfm.com.ar\/inicio\/wp-content\/uploads\/2026\/04\/c6b6a67f9397ff11bc63596c0cecabf1_L.jpg\",\"datePublished\":\"2026-04-30T19:09:22+00:00\",\"breadcrumb\":{\"@id\":\"https:\/\/gysfm.com.ar\/inicio\/el-chalet-cantoni-abre-inscripciones-para-sus-talleres-y-capacitaciones-de-mayo-diario-d3-noticias\/#breadcrumb\"},\"inLanguage\":\"es\",\"potentialAction\":[{\"@type\":\"ReadAction\",\"target\":[\"https:\/\/gysfm.com.ar\/inicio\/el-chalet-cantoni-abre-inscripciones-para-sus-talleres-y-capacitaciones-de-mayo-diario-d3-noticias\/\"]}]},{\"@type\":\"ImageObject\",\"inLanguage\":\"es\",\"@id\":\"https:\/\/gysfm.com.ar\/inicio\/el-chalet-cantoni-abre-inscripciones-para-sus-talleres-y-capacitaciones-de-mayo-diario-d3-noticias\/#primaryimage\",\"url\":\"https:\/\/gysfm.com.ar\/inicio\/wp-content\/uploads\/2026\/04\/c6b6a67f9397ff11bc63596c0cecabf1_L.jpg\",\"contentUrl\":\"https:\/\/gysfm.com.ar\/inicio\/wp-content\/uploads\/2026\/04\/c6b6a67f9397ff11bc63596c0cecabf1_L.jpg\",\"width\":782,\"height\":440},{\"@type\":\"BreadcrumbList\",\"@id\":\"https:\/\/gysfm.com.ar\/inicio\/el-chalet-cantoni-abre-inscripciones-para-sus-talleres-y-capacitaciones-de-mayo-diario-d3-noticias\/#breadcrumb\",\"itemListElement\":[{\"@type\":\"ListItem\",\"position\":1,\"name\":\"Portada\",\"item\":\"https:\/\/gysfm.com.ar\/inicio\/\"},{\"@type\":\"ListItem\",\"position\":2,\"name\":\"El Chalet Cantoni abre inscripciones para sus talleres y capacitaciones de mayo \u2013 DIARIO D3 NOTICIAS\"}]},{\"@type\":\"WebSite\",\"@id\":\"https:\/\/gysfm.com.ar\/inicio\/#website\",\"url\":\"https:\/\/gysfm.com.ar\/inicio\/\",\"name\":\"GYS NOTICIAS |\",\"description\":\"DIARIO - RADIO ONLINE SAN JUAN ARGENTINA\",\"publisher\":{\"@id\":\"https:\/\/gysfm.com.ar\/inicio\/#organization\"},\"potentialAction\":[{\"@type\":\"SearchAction\",\"target\":{\"@type\":\"EntryPoint\",\"urlTemplate\":\"https:\/\/gysfm.com.ar\/inicio\/?s={search_term_string}\"},\"query-input\":{\"@type\":\"PropertyValueSpecification\",\"valueRequired\":true,\"valueName\":\"search_term_string\"}}],\"inLanguage\":\"es\"},{\"@type\":\"Organization\",\"@id\":\"https:\/\/gysfm.com.ar\/inicio\/#organization\",\"name\":\"GYS NOTICIAS |\",\"url\":\"https:\/\/gysfm.com.ar\/inicio\/\",\"logo\":{\"@type\":\"ImageObject\",\"inLanguage\":\"es\",\"@id\":\"https:\/\/gysfm.com.ar\/inicio\/#\/schema\/logo\/image\/\",\"url\":\"https:\/\/gysfm.com.ar\/inicio\/wp-content\/uploads\/2023\/07\/LOGOGYS-OK.png\",\"contentUrl\":\"https:\/\/gysfm.com.ar\/inicio\/wp-content\/uploads\/2023\/07\/LOGOGYS-OK.png\",\"width\":1170,\"height\":872,\"caption\":\"GYS NOTICIAS |\"},\"image\":{\"@id\":\"https:\/\/gysfm.com.ar\/inicio\/#\/schema\/logo\/image\/\"}},{\"@type\":\"Person\",\"@id\":\"https:\/\/gysfm.com.ar\/inicio\/#\/schema\/person\/3abba7593ef2ad19e1be221d54383dc5\",\"name\":\"Prensa G&amp;S FM\",\"image\":{\"@type\":\"ImageObject\",\"inLanguage\":\"es\",\"@id\":\"https:\/\/gysfm.com.ar\/inicio\/#\/schema\/person\/image\/\",\"url\":\"https:\/\/secure.gravatar.com\/avatar\/096ec78df02049ab018702bb4ccedf659377fa92a26540b5247612077a0dbd29?s=96&d=mm&r=g\",\"contentUrl\":\"https:\/\/secure.gravatar.com\/avatar\/096ec78df02049ab018702bb4ccedf659377fa92a26540b5247612077a0dbd29?s=96&d=mm&r=g\",\"caption\":\"Prensa G&amp;S FM\"},\"sameAs\":[\"https:\/\/gysfm.com.ar\/\"],\"url\":\"https:\/\/gysfm.com.ar\/inicio\/author\/lucasm\/\"}]}<\/script>\n<!-- \/ Yoast SEO plugin. -->","yoast_head_json":{"title":"El Chalet Cantoni abre inscripciones para sus talleres y capacitaciones de mayo \u2013 DIARIO D3 NOTICIAS - GYS NOTICIAS |","robots":{"index":"index","follow":"follow","max-snippet":"max-snippet:-1","max-image-preview":"max-image-preview:large","max-video-preview":"max-video-preview:-1"},"canonical":"https:\/\/gysfm.com.ar\/inicio\/el-chalet-cantoni-abre-inscripciones-para-sus-talleres-y-capacitaciones-de-mayo-diario-d3-noticias\/","og_locale":"es_ES","og_type":"article","og_title":"El Chalet Cantoni abre inscripciones para sus talleres y capacitaciones de mayo \u2013 DIARIO D3 NOTICIAS - GYS NOTICIAS |","og_description":"El Chalet Cantoni lanz\u00f3 su agenda de talleres para mayo, con una variedad de propuestas culturales y formativas destinadas a distintos p\u00fablicos. Las actividades se desarrollar\u00e1n en su sede de avenida Libertador 3339 Oeste, en Rivadavia, y combinan opciones gratuitas y aranceladas. Entre las propuestas se destaca el taller \u201cFotograf\u00eda como Instrumento Documental\u201d, que se [&hellip;]","og_url":"https:\/\/gysfm.com.ar\/inicio\/el-chalet-cantoni-abre-inscripciones-para-sus-talleres-y-capacitaciones-de-mayo-diario-d3-noticias\/","og_site_name":"GYS NOTICIAS |","article_published_time":"2026-04-30T19:09:22+00:00","author":"Prensa G&amp;S FM","twitter_card":"summary_large_image","twitter_misc":{"Escrito por":"Prensa G&amp;S FM","Tiempo de lectura":"1 minuto"},"schema":{"@context":"https:\/\/schema.org","@graph":[{"@type":"Article","@id":"https:\/\/gysfm.com.ar\/inicio\/el-chalet-cantoni-abre-inscripciones-para-sus-talleres-y-capacitaciones-de-mayo-diario-d3-noticias\/#article","isPartOf":{"@id":"https:\/\/gysfm.com.ar\/inicio\/el-chalet-cantoni-abre-inscripciones-para-sus-talleres-y-capacitaciones-de-mayo-diario-d3-noticias\/"},"author":{"name":"Prensa G&amp;S FM","@id":"https:\/\/gysfm.com.ar\/inicio\/#\/schema\/person\/3abba7593ef2ad19e1be221d54383dc5"},"headline":"El Chalet Cantoni abre inscripciones para sus talleres y capacitaciones de mayo \u2013 DIARIO D3 NOTICIAS","datePublished":"2026-04-30T19:09:22+00:00","mainEntityOfPage":{"@id":"https:\/\/gysfm.com.ar\/inicio\/el-chalet-cantoni-abre-inscripciones-para-sus-talleres-y-capacitaciones-de-mayo-diario-d3-noticias\/"},"wordCount":307,"publisher":{"@id":"https:\/\/gysfm.com.ar\/inicio\/#organization"},"image":{"@id":"https:\/\/gysfm.com.ar\/inicio\/el-chalet-cantoni-abre-inscripciones-para-sus-talleres-y-capacitaciones-de-mayo-diario-d3-noticias\/#primaryimage"},"thumbnailUrl":"https:\/\/gysfm.com.ar\/inicio\/wp-content\/uploads\/2026\/04\/c6b6a67f9397ff11bc63596c0cecabf1_L.jpg","articleSection":["TURISMO Y CULTURA"],"inLanguage":"es"},{"@type":"WebPage","@id":"https:\/\/gysfm.com.ar\/inicio\/el-chalet-cantoni-abre-inscripciones-para-sus-talleres-y-capacitaciones-de-mayo-diario-d3-noticias\/","url":"https:\/\/gysfm.com.ar\/inicio\/el-chalet-cantoni-abre-inscripciones-para-sus-talleres-y-capacitaciones-de-mayo-diario-d3-noticias\/","name":"El Chalet Cantoni abre inscripciones para sus talleres y capacitaciones de mayo \u2013 DIARIO D3 NOTICIAS - GYS NOTICIAS |","isPartOf":{"@id":"https:\/\/gysfm.com.ar\/inicio\/#website"},"primaryImageOfPage":{"@id":"https:\/\/gysfm.com.ar\/inicio\/el-chalet-cantoni-abre-inscripciones-para-sus-talleres-y-capacitaciones-de-mayo-diario-d3-noticias\/#primaryimage"},"image":{"@id":"https:\/\/gysfm.com.ar\/inicio\/el-chalet-cantoni-abre-inscripciones-para-sus-talleres-y-capacitaciones-de-mayo-diario-d3-noticias\/#primaryimage"},"thumbnailUrl":"https:\/\/gysfm.com.ar\/inicio\/wp-content\/uploads\/2026\/04\/c6b6a67f9397ff11bc63596c0cecabf1_L.jpg","datePublished":"2026-04-30T19:09:22+00:00","breadcrumb":{"@id":"https:\/\/gysfm.com.ar\/inicio\/el-chalet-cantoni-abre-inscripciones-para-sus-talleres-y-capacitaciones-de-mayo-diario-d3-noticias\/#breadcrumb"},"inLanguage":"es","potentialAction":[{"@type":"ReadAction","target":["https:\/\/gysfm.com.ar\/inicio\/el-chalet-cantoni-abre-inscripciones-para-sus-talleres-y-capacitaciones-de-mayo-diario-d3-noticias\/"]}]},{"@type":"ImageObject","inLanguage":"es","@id":"https:\/\/gysfm.com.ar\/inicio\/el-chalet-cantoni-abre-inscripciones-para-sus-talleres-y-capacitaciones-de-mayo-diario-d3-noticias\/#primaryimage","url":"https:\/\/gysfm.com.ar\/inicio\/wp-content\/uploads\/2026\/04\/c6b6a67f9397ff11bc63596c0cecabf1_L.jpg","contentUrl":"https:\/\/gysfm.com.ar\/inicio\/wp-content\/uploads\/2026\/04\/c6b6a67f9397ff11bc63596c0cecabf1_L.jpg","width":782,"height":440},{"@type":"BreadcrumbList","@id":"https:\/\/gysfm.com.ar\/inicio\/el-chalet-cantoni-abre-inscripciones-para-sus-talleres-y-capacitaciones-de-mayo-diario-d3-noticias\/#breadcrumb","itemListElement":[{"@type":"ListItem","position":1,"name":"Portada","item":"https:\/\/gysfm.com.ar\/inicio\/"},{"@type":"ListItem","position":2,"name":"El Chalet Cantoni abre inscripciones para sus talleres y capacitaciones de mayo \u2013 DIARIO D3 NOTICIAS"}]},{"@type":"WebSite","@id":"https:\/\/gysfm.com.ar\/inicio\/#website","url":"https:\/\/gysfm.com.ar\/inicio\/","name":"GYS NOTICIAS |","description":"DIARIO - RADIO ONLINE SAN JUAN ARGENTINA","publisher":{"@id":"https:\/\/gysfm.com.ar\/inicio\/#organization"},"potentialAction":[{"@type":"SearchAction","target":{"@type":"EntryPoint","urlTemplate":"https:\/\/gysfm.com.ar\/inicio\/?s={search_term_string}"},"query-input":{"@type":"PropertyValueSpecification","valueRequired":true,"valueName":"search_term_string"}}],"inLanguage":"es"},{"@type":"Organization","@id":"https:\/\/gysfm.com.ar\/inicio\/#organization","name":"GYS NOTICIAS |","url":"https:\/\/gysfm.com.ar\/inicio\/","logo":{"@type":"ImageObject","inLanguage":"es","@id":"https:\/\/gysfm.com.ar\/inicio\/#\/schema\/logo\/image\/","url":"https:\/\/gysfm.com.ar\/inicio\/wp-content\/uploads\/2023\/07\/LOGOGYS-OK.png","contentUrl":"https:\/\/gysfm.com.ar\/inicio\/wp-content\/uploads\/2023\/07\/LOGOGYS-OK.png","width":1170,"height":872,"caption":"GYS NOTICIAS |"},"image":{"@id":"https:\/\/gysfm.com.ar\/inicio\/#\/schema\/logo\/image\/"}},{"@type":"Person","@id":"https:\/\/gysfm.com.ar\/inicio\/#\/schema\/person\/3abba7593ef2ad19e1be221d54383dc5","name":"Prensa G&amp;S FM","image":{"@type":"ImageObject","inLanguage":"es","@id":"https:\/\/gysfm.com.ar\/inicio\/#\/schema\/person\/image\/","url":"https:\/\/secure.gravatar.com\/avatar\/096ec78df02049ab018702bb4ccedf659377fa92a26540b5247612077a0dbd29?s=96&d=mm&r=g","contentUrl":"https:\/\/secure.gravatar.com\/avatar\/096ec78df02049ab018702bb4ccedf659377fa92a26540b5247612077a0dbd29?s=96&d=mm&r=g","caption":"Prensa G&amp;S FM"},"sameAs":["https:\/\/gysfm.com.ar\/"],"url":"https:\/\/gysfm.com.ar\/inicio\/author\/lucasm\/"}]}},"_links":{"self":[{"href":"https:\/\/gysfm.com.ar\/inicio\/wp-json\/wp\/v2\/posts\/193927","targetHints":{"allow":["GET"]}}],"collection":[{"href":"https:\/\/gysfm.com.ar\/inicio\/wp-json\/wp\/v2\/posts"}],"about":[{"href":"https:\/\/gysfm.com.ar\/inicio\/wp-json\/wp\/v2\/types\/post"}],"author":[{"embeddable":true,"href":"https:\/\/gysfm.com.ar\/inicio\/wp-json\/wp\/v2\/users\/2"}],"replies":[{"embeddable":true,"href":"https:\/\/gysfm.com.ar\/inicio\/wp-json\/wp\/v2\/comments?post=193927"}],"version-history":[{"count":0,"href":"https:\/\/gysfm.com.ar\/inicio\/wp-json\/wp\/v2\/posts\/193927\/revisions"}],"wp:featuredmedia":[{"embeddable":true,"href":"https:\/\/gysfm.com.ar\/inicio\/wp-json\/wp\/v2\/media\/193928"}],"wp:attachment":[{"href":"https:\/\/gysfm.com.ar\/inicio\/wp-json\/wp\/v2\/media?parent=193927"}],"wp:term":[{"taxonomy":"category","embeddable":true,"href":"https:\/\/gysfm.com.ar\/inicio\/wp-json\/wp\/v2\/categories?post=193927"},{"taxonomy":"post_tag","embeddable":true,"href":"https:\/\/gysfm.com.ar\/inicio\/wp-json\/wp\/v2\/tags?post=193927"}],"curies":[{"name":"wp","href":"https:\/\/api.w.org\/{rel}","templated":true}]}}