{"id":193925,"date":"2026-04-30T15:47:19","date_gmt":"2026-04-30T18:47:19","guid":{"rendered":"https:\/\/gysfm.com.ar\/inicio\/suben-las-expectativas-de-inflacion-los-hogares-esperan-34-para-los-proximos-12-meses\/"},"modified":"2026-04-30T15:47:19","modified_gmt":"2026-04-30T18:47:19","slug":"suben-las-expectativas-de-inflacion-los-hogares-esperan-34-para-los-proximos-12-meses","status":"publish","type":"post","link":"https:\/\/gysfm.com.ar\/inicio\/suben-las-expectativas-de-inflacion-los-hogares-esperan-34-para-los-proximos-12-meses\/","title":{"rendered":"Suben las expectativas de inflaci\u00f3n: los hogares esperan 34% para los pr\u00f3ximos 12 meses"},"content":{"rendered":"<p><\/p>\n<div id=\"article-content\">\n<p>Las<a target=\"_blank\" href=\"https:\/\/www.perfil.com\/noticias\/economia\/inflacion-y-dolar-cuales-son-las-nuevas-proyecciones-de-las-consultoras-que-releva-el-banco-central-a40.phtml\"> expectativas de inflaci\u00f3n<\/a> volvieron a mostrar una leve suba en abril, en medio de un escenario en el que el Gobierno busca consolidar la desaceleraci\u00f3n de los precios y <a target=\"_blank\" href=\"https:\/\/www.perfil.com\/noticias\/opinion\/el-ancla-fiscal-del-gobierno-esta-bajo-presion-a40.phtml\">sostener el ancla fiscal y monetaria como eje del programa econ\u00f3mico.<\/a><\/p>\n<p>De acuerdo con la <strong>Encuesta de Expectativas de Inflaci\u00f3n<\/strong> del Centro de Investigaci\u00f3n en Finanzas de la<a target=\"_blank\" href=\"https:\/\/www.perfil.com\/noticias\/economia\/la-confianza-en-el-gobierno-de-milei-volvio-a-caer-por-cuarto-mes-consecutivo-segun-la-universidad-di-tella-a40.phtml\"> <strong>Universidad Torcuato Di Tella<\/strong><\/a>, la inflaci\u00f3n esperada promedio para los pr\u00f3ximos 12 meses se ubic\u00f3 en <strong>34% a nivel nacional<\/strong>, lo que implica un aumento de <strong>0,5 puntos porcentuales<\/strong> respecto de marzo, cuando hab\u00eda sido de 33,5%. La mediana, en cambio, se mantuvo sin cambios en <strong>30%<\/strong>.<\/p>\n<p class=\"destacadoNota\"><a target=\"_blank\" href=\"https:\/\/www.perfil.com\/noticias\/economia\/la-confianza-en-el-gobierno-de-javier-milei-se-desplomo-12-y-cayo-por-quinto-mes-consecutivo-a40.phtml\">La confianza en el Gobierno de Javier Milei se desplom\u00f3 12% en abril<\/a><\/p>\n<p>El relevamiento fue realizado por <strong>Poliarqu\u00eda Consultores<\/strong> entre el <strong>6 y el 17 de abril de 2026<\/strong>, sobre una muestra de alrededor de <strong>1.000 casos<\/strong> en grandes centros urbanos del pa\u00eds.<\/p>\n<p>La medici\u00f3n muestra que, a<strong>unque la expectativa anual promedio volvi\u00f3 a subir, el dato de corto plazo tuvo una leve mejora. <\/strong>Para los pr\u00f3ximos 30 d\u00edas, los hogares esperan una inflaci\u00f3n de <strong>3,93% promedio<\/strong>, por debajo del 4% registrado en marzo. La mediana mensual se mantuvo en <strong>3%<\/strong>, sin cambios frente al mes previo.<\/p>\n<p style=\"text-align:center\"><picture><source media=\"(max-width: 440px)\" srcset=\"https:\/\/fotos.perfil.com\/\/2026\/04\/30\/440\/0\/expectativas-de-inflacion-a-12-meses-se-aceleran-en-abril-2026-2230977.jpeg?webp\"\/><source media=\"(max-width: 1019px)\" srcset=\"https:\/\/fotos.perfil.com\/\/2026\/04\/30\/712\/0\/expectativas-de-inflacion-a-12-meses-se-aceleran-en-abril-2026-2230977.jpeg?webp\"\/><img decoding=\"async\" style=\"max-width: 100%; width: 100%;\" alt=\"Expectativas de inflaci\u00f3n a 12 meses se aceleran en abril 2026. \" src=\"https:\/\/fotos.perfil.com\/\/2026\/04\/30\/900\/0\/expectativas-de-inflacion-a-12-meses-se-aceleran-en-abril-2026-2230977.jpeg\" loading=\"lazy\"\/><\/picture><\/p>\n<h2><strong>La expectativa anual volvi\u00f3 a subir<\/strong><\/h2>\n<p>El dato central del informe es que la inflaci\u00f3n esperada para los pr\u00f3ximos 12 meses se ubic\u00f3 en <strong>34% promedio<\/strong>. La cifra marca un repunte mensual moderado, pero confirma que las expectativas de los hogares siguen en niveles elevados, incluso despu\u00e9s del proceso de desinflaci\u00f3n que el Gobierno exhibe como uno de los principales resultados del programa econ\u00f3mico.<\/p>\n<p class=\"destacadoNota\"><a target=\"_blank\" href=\"https:\/\/www.perfil.com\/noticias\/cordoba\/el-combustible-disparo-la-inflacion-en-localidades-del-interior-con-subas-de-hasta-un-25-la-alerta-de-la-fundacion-colsecor.phtml\">El combustible dispar\u00f3 la inflaci\u00f3n en localidades del interior con subas de hasta un 25%: la alerta de la Fundaci\u00f3n Colsecor<\/a><\/p>\n<p>La encuesta de la Di Tella mide qu\u00e9 aumento generalizado de precios esperan los individuos para el pr\u00f3ximo a\u00f1o. En abril, la mediana permaneci\u00f3 en <strong>30%<\/strong>, lo que sugiere que el \u201cencuestado t\u00edpico\u201d no modific\u00f3 su previsi\u00f3n respecto del mes anterior. Sin embargo, el promedio subi\u00f3, lo que indica que hubo cambios en algunas respuestas que empujaron hacia arriba la expectativa agregada.<\/p>\n<p>El informe tambi\u00e9n muestra que el rango intercuartil se mantuvo sin cambios. El percentil 25 se ubic\u00f3 en <strong>20%<\/strong>, la mediana en <strong>30%<\/strong> y el percentil 75 en <strong>50%<\/strong>, con una dispersi\u00f3n de 30 puntos porcentuales. Es decir, la variabilidad de opiniones sobre la inflaci\u00f3n esperada no se ampli\u00f3 respecto de marzo.<\/p>\n<h2><strong>Qu\u00e9 esperan los hogares para los pr\u00f3ximos 30 d\u00edas<\/strong><\/h2>\n<p><strong>En el corto plazo, la se\u00f1al fue algo m\u00e1s favorable. P<\/strong>ara los pr\u00f3ximos 3<strong>0 d\u00edas, <\/strong>la inflaci\u00f3n esperada promedio fue de <strong>3,93%<\/strong>, frente al <strong>4%<\/strong> del mes anterior. La mediana se sostuvo en <strong>3%<\/strong>.<\/p>\n<p><strong>Desde mayo de 2023, la encuesta incorpora una pregunta espec\u00edfica sobre inflaci\u00f3n mensual esperada<\/strong>. Seg\u00fan explic\u00f3 la Di Tella, esta consulta tiene una mayor tasa de respuesta que la medici\u00f3n anual, lo que sugiere que, en contextos de elevada incertidumbre, a los encuestados les resulta m\u00e1s sencillo estimar lo que puede ocurrir en el corto plazo que proyectar el comportamiento de los precios a un a\u00f1o.<\/p>\n<p><strong>Ese dato mensual es especialmente sensible <\/strong>para la coyuntura econ\u00f3mica, porque p<strong>ermite observar c\u00f3mo se forman las expectativas de los hogares en la previa de los datos oficiales de inflaci\u00f3n<\/strong> y en un contexto donde tarifas, combustibles, alimentos y servicios siguen siendo variables clave para el bolsillo.<\/p>\n<h2><strong>CABA y GBA moderan, el Interior sube<\/strong><\/h2>\n<p>Por regiones, el informe mostr\u00f3 comportamientos heterog\u00e9neos. La <strong>Ciudad Aut\u00f3noma de Buenos Aires<\/strong> registr\u00f3 la expectativa de inflaci\u00f3n m\u00e1s alta, con <strong>35,9%<\/strong> promedio para los pr\u00f3ximos 12 meses. Le sigui\u00f3 el <strong>Gran Buenos Aires<\/strong>, con <strong>35,6%<\/strong>, mientras que el <strong>Interior del pa\u00eds<\/strong> se ubic\u00f3 en <strong>33%<\/strong>.<\/p>\n<p style=\"text-align:center\"><picture><source media=\"(max-width: 440px)\" srcset=\"https:\/\/fotos.perfil.com\/\/2026\/04\/28\/440\/0\/indec-2229477.png?webp\"\/><source media=\"(max-width: 1019px)\" srcset=\"https:\/\/fotos.perfil.com\/\/2026\/04\/28\/712\/0\/indec-2229477.png?webp\"\/><img decoding=\"async\" style=\"max-width: 100%; width: 100%;\" alt=\"INDEC\" src=\"https:\/\/fotos.perfil.com\/\/2026\/04\/28\/900\/0\/indec-2229477.png\" loading=\"lazy\"\/><\/picture><\/p>\n<p>Sin embargo, la din\u00e1mica mensual fue distinta seg\u00fan la regi\u00f3n. En CABA, la expectativa baj\u00f3 de <strong>36,1% a 35,9%<\/strong>. En el GBA, descendi\u00f3 de <strong>35,7% a 35,6%<\/strong>. En cambio, en el Interior subi\u00f3 de <strong>32% a 33%<\/strong>, con un incremento de 1 punto porcentual.<\/p>\n<p>De esta manera, aunque CABA y el conurbano bonaerense siguen mostrando niveles de expectativa m\u00e1s altos, el aumento del mes se concentr\u00f3 en el Interior.<\/p>\n<h2><strong>Se achica la brecha por nivel educativo<\/strong><\/h2>\n<p>El informe tambi\u00e9n analiza las expectativas seg\u00fan nivel educativo, utilizado como aproximaci\u00f3n al nivel de ingresos. En los hogares de menor nivel educativo, la inflaci\u00f3n esperada promedio para los pr\u00f3ximos 12 meses baj\u00f3 de <strong>35,2% a 35%<\/strong>. En los hogares de mayor nivel educativo, en cambio, subi\u00f3 de <strong>32,9% a 33,5%<\/strong>.<\/p>\n<p>As\u00ed, la brecha entre ambos grupos se redujo a <strong>1,5 puntos porcentuales<\/strong>, desde los <strong>2,3 puntos<\/strong> registrados en marzo. Pese a esa reducci\u00f3n, los hogares de menor nivel educativo contin\u00faan esperando una inflaci\u00f3n m\u00e1s alta que los de mayor nivel educativo.<\/p>\n<p>La mediana se mantuvo en <strong>30%<\/strong> en ambos segmentos, lo que refuerza la idea de que el cambio principal se observ\u00f3 en el promedio y no en la respuesta t\u00edpica de los encuestados.<\/p>\n<p>lr<\/p>\n<\/p><\/div>\n<p><script>\n                !function(f,b,e,v,n,t,s)\n                {if(f.fbq)return;n=f.fbq=function(){n.callMethod?\n                    n.callMethod.apply(n,arguments):n.queue.push(arguments)};\n                    if(!f._fbq)f._fbq=n;n.push=n;n.loaded=!0;n.version='2.0';\n                    n.queue=[];t=b.createElement(e);t.async=!0;\n                    t.src=v;s=b.getElementsByTagName(e)[0];\n                    s.parentNode.insertBefore(t,s)}(window, document,'script',\n                    'https:\/\/connect.facebook.net\/en_US\/fbevents.js');\n                window.paywallConfig.facebook_pixel=\"1000228364089342\"\n            <\/script><\/p>\n","protected":false},"excerpt":{"rendered":"<p>Las expectativas de inflaci\u00f3n volvieron a mostrar una leve suba en abril, en medio de un escenario en el que el Gobierno busca consolidar la desaceleraci\u00f3n de los precios y sostener el ancla fiscal y monetaria como eje del programa econ\u00f3mico. De acuerdo con la Encuesta de Expectativas de Inflaci\u00f3n del Centro de Investigaci\u00f3n en [&hellip;]<\/p>\n","protected":false},"author":2,"featured_media":193926,"comment_status":"closed","ping_status":"closed","sticky":false,"template":"","format":"standard","meta":{"footnotes":""},"categories":[25],"tags":[],"class_list":["post-193925","post","type-post","status-publish","format-standard","has-post-thumbnail","hentry","category-nacionales"],"yoast_head":"<!-- This site is optimized with the Yoast SEO plugin v24.4 - https:\/\/yoast.com\/wordpress\/plugins\/seo\/ -->\n<title>Suben las expectativas de inflaci\u00f3n: los hogares esperan 34% para los pr\u00f3ximos 12 meses - GYS NOTICIAS |<\/title>\n<meta name=\"robots\" content=\"index, follow, max-snippet:-1, max-image-preview:large, max-video-preview:-1\" \/>\n<link rel=\"canonical\" href=\"https:\/\/gysfm.com.ar\/inicio\/suben-las-expectativas-de-inflacion-los-hogares-esperan-34-para-los-proximos-12-meses\/\" \/>\n<meta property=\"og:locale\" content=\"es_ES\" \/>\n<meta property=\"og:type\" content=\"article\" \/>\n<meta property=\"og:title\" content=\"Suben las expectativas de inflaci\u00f3n: los hogares esperan 34% para los pr\u00f3ximos 12 meses - GYS NOTICIAS |\" \/>\n<meta property=\"og:description\" content=\"Las expectativas de inflaci\u00f3n volvieron a mostrar una leve suba en abril, en medio de un escenario en el que el Gobierno busca consolidar la desaceleraci\u00f3n de los precios y sostener el ancla fiscal y monetaria como eje del programa econ\u00f3mico. De acuerdo con la Encuesta de Expectativas de Inflaci\u00f3n del Centro de Investigaci\u00f3n en [&hellip;]\" \/>\n<meta property=\"og:url\" content=\"https:\/\/gysfm.com.ar\/inicio\/suben-las-expectativas-de-inflacion-los-hogares-esperan-34-para-los-proximos-12-meses\/\" \/>\n<meta property=\"og:site_name\" content=\"GYS NOTICIAS |\" \/>\n<meta property=\"article:published_time\" content=\"2026-04-30T18:47:19+00:00\" \/>\n<meta property=\"og:image\" content=\"https:\/\/fotos.perfil.com\/\/2026\/04\/30\/900\/0\/expectativas-de-inflacion-a-12-meses-se-aceleran-en-abril-2026-2230977.jpeg\" \/>\n<meta name=\"author\" content=\"Prensa G&amp;S FM\" \/>\n<meta name=\"twitter:card\" content=\"summary_large_image\" \/>\n<meta name=\"twitter:label1\" content=\"Escrito por\" \/>\n\t<meta name=\"twitter:data1\" content=\"Prensa G&amp;S FM\" \/>\n\t<meta name=\"twitter:label2\" content=\"Tiempo de lectura\" \/>\n\t<meta name=\"twitter:data2\" content=\"4 minutos\" \/>\n<script type=\"application\/ld+json\" class=\"yoast-schema-graph\">{\"@context\":\"https:\/\/schema.org\",\"@graph\":[{\"@type\":\"Article\",\"@id\":\"https:\/\/gysfm.com.ar\/inicio\/suben-las-expectativas-de-inflacion-los-hogares-esperan-34-para-los-proximos-12-meses\/#article\",\"isPartOf\":{\"@id\":\"https:\/\/gysfm.com.ar\/inicio\/suben-las-expectativas-de-inflacion-los-hogares-esperan-34-para-los-proximos-12-meses\/\"},\"author\":{\"name\":\"Prensa G&amp;S FM\",\"@id\":\"https:\/\/gysfm.com.ar\/inicio\/#\/schema\/person\/3abba7593ef2ad19e1be221d54383dc5\"},\"headline\":\"Suben las expectativas de inflaci\u00f3n: los hogares esperan 34% para los pr\u00f3ximos 12 meses\",\"datePublished\":\"2026-04-30T18:47:19+00:00\",\"mainEntityOfPage\":{\"@id\":\"https:\/\/gysfm.com.ar\/inicio\/suben-las-expectativas-de-inflacion-los-hogares-esperan-34-para-los-proximos-12-meses\/\"},\"wordCount\":842,\"publisher\":{\"@id\":\"https:\/\/gysfm.com.ar\/inicio\/#organization\"},\"image\":{\"@id\":\"https:\/\/gysfm.com.ar\/inicio\/suben-las-expectativas-de-inflacion-los-hogares-esperan-34-para-los-proximos-12-meses\/#primaryimage\"},\"thumbnailUrl\":\"https:\/\/gysfm.com.ar\/inicio\/wp-content\/uploads\/2026\/04\/supermercado-precios-consumo-inflacion-alimentos-11042026-2218690.jpg\",\"articleSection\":[\"NACIONALES\"],\"inLanguage\":\"es\"},{\"@type\":\"WebPage\",\"@id\":\"https:\/\/gysfm.com.ar\/inicio\/suben-las-expectativas-de-inflacion-los-hogares-esperan-34-para-los-proximos-12-meses\/\",\"url\":\"https:\/\/gysfm.com.ar\/inicio\/suben-las-expectativas-de-inflacion-los-hogares-esperan-34-para-los-proximos-12-meses\/\",\"name\":\"Suben las expectativas de inflaci\u00f3n: los hogares esperan 34% para los pr\u00f3ximos 12 meses - GYS NOTICIAS |\",\"isPartOf\":{\"@id\":\"https:\/\/gysfm.com.ar\/inicio\/#website\"},\"primaryImageOfPage\":{\"@id\":\"https:\/\/gysfm.com.ar\/inicio\/suben-las-expectativas-de-inflacion-los-hogares-esperan-34-para-los-proximos-12-meses\/#primaryimage\"},\"image\":{\"@id\":\"https:\/\/gysfm.com.ar\/inicio\/suben-las-expectativas-de-inflacion-los-hogares-esperan-34-para-los-proximos-12-meses\/#primaryimage\"},\"thumbnailUrl\":\"https:\/\/gysfm.com.ar\/inicio\/wp-content\/uploads\/2026\/04\/supermercado-precios-consumo-inflacion-alimentos-11042026-2218690.jpg\",\"datePublished\":\"2026-04-30T18:47:19+00:00\",\"breadcrumb\":{\"@id\":\"https:\/\/gysfm.com.ar\/inicio\/suben-las-expectativas-de-inflacion-los-hogares-esperan-34-para-los-proximos-12-meses\/#breadcrumb\"},\"inLanguage\":\"es\",\"potentialAction\":[{\"@type\":\"ReadAction\",\"target\":[\"https:\/\/gysfm.com.ar\/inicio\/suben-las-expectativas-de-inflacion-los-hogares-esperan-34-para-los-proximos-12-meses\/\"]}]},{\"@type\":\"ImageObject\",\"inLanguage\":\"es\",\"@id\":\"https:\/\/gysfm.com.ar\/inicio\/suben-las-expectativas-de-inflacion-los-hogares-esperan-34-para-los-proximos-12-meses\/#primaryimage\",\"url\":\"https:\/\/gysfm.com.ar\/inicio\/wp-content\/uploads\/2026\/04\/supermercado-precios-consumo-inflacion-alimentos-11042026-2218690.jpg\",\"contentUrl\":\"https:\/\/gysfm.com.ar\/inicio\/wp-content\/uploads\/2026\/04\/supermercado-precios-consumo-inflacion-alimentos-11042026-2218690.jpg\",\"width\":1140,\"height\":641},{\"@type\":\"BreadcrumbList\",\"@id\":\"https:\/\/gysfm.com.ar\/inicio\/suben-las-expectativas-de-inflacion-los-hogares-esperan-34-para-los-proximos-12-meses\/#breadcrumb\",\"itemListElement\":[{\"@type\":\"ListItem\",\"position\":1,\"name\":\"Portada\",\"item\":\"https:\/\/gysfm.com.ar\/inicio\/\"},{\"@type\":\"ListItem\",\"position\":2,\"name\":\"Suben las expectativas de inflaci\u00f3n: los hogares esperan 34% para los pr\u00f3ximos 12 meses\"}]},{\"@type\":\"WebSite\",\"@id\":\"https:\/\/gysfm.com.ar\/inicio\/#website\",\"url\":\"https:\/\/gysfm.com.ar\/inicio\/\",\"name\":\"GYS NOTICIAS |\",\"description\":\"DIARIO - RADIO ONLINE SAN JUAN ARGENTINA\",\"publisher\":{\"@id\":\"https:\/\/gysfm.com.ar\/inicio\/#organization\"},\"potentialAction\":[{\"@type\":\"SearchAction\",\"target\":{\"@type\":\"EntryPoint\",\"urlTemplate\":\"https:\/\/gysfm.com.ar\/inicio\/?s={search_term_string}\"},\"query-input\":{\"@type\":\"PropertyValueSpecification\",\"valueRequired\":true,\"valueName\":\"search_term_string\"}}],\"inLanguage\":\"es\"},{\"@type\":\"Organization\",\"@id\":\"https:\/\/gysfm.com.ar\/inicio\/#organization\",\"name\":\"GYS NOTICIAS |\",\"url\":\"https:\/\/gysfm.com.ar\/inicio\/\",\"logo\":{\"@type\":\"ImageObject\",\"inLanguage\":\"es\",\"@id\":\"https:\/\/gysfm.com.ar\/inicio\/#\/schema\/logo\/image\/\",\"url\":\"https:\/\/gysfm.com.ar\/inicio\/wp-content\/uploads\/2023\/07\/LOGOGYS-OK.png\",\"contentUrl\":\"https:\/\/gysfm.com.ar\/inicio\/wp-content\/uploads\/2023\/07\/LOGOGYS-OK.png\",\"width\":1170,\"height\":872,\"caption\":\"GYS NOTICIAS |\"},\"image\":{\"@id\":\"https:\/\/gysfm.com.ar\/inicio\/#\/schema\/logo\/image\/\"}},{\"@type\":\"Person\",\"@id\":\"https:\/\/gysfm.com.ar\/inicio\/#\/schema\/person\/3abba7593ef2ad19e1be221d54383dc5\",\"name\":\"Prensa G&amp;S FM\",\"image\":{\"@type\":\"ImageObject\",\"inLanguage\":\"es\",\"@id\":\"https:\/\/gysfm.com.ar\/inicio\/#\/schema\/person\/image\/\",\"url\":\"https:\/\/secure.gravatar.com\/avatar\/096ec78df02049ab018702bb4ccedf659377fa92a26540b5247612077a0dbd29?s=96&d=mm&r=g\",\"contentUrl\":\"https:\/\/secure.gravatar.com\/avatar\/096ec78df02049ab018702bb4ccedf659377fa92a26540b5247612077a0dbd29?s=96&d=mm&r=g\",\"caption\":\"Prensa G&amp;S FM\"},\"sameAs\":[\"https:\/\/gysfm.com.ar\/\"],\"url\":\"https:\/\/gysfm.com.ar\/inicio\/author\/lucasm\/\"}]}<\/script>\n<!-- \/ Yoast SEO plugin. -->","yoast_head_json":{"title":"Suben las expectativas de inflaci\u00f3n: los hogares esperan 34% para los pr\u00f3ximos 12 meses - GYS NOTICIAS |","robots":{"index":"index","follow":"follow","max-snippet":"max-snippet:-1","max-image-preview":"max-image-preview:large","max-video-preview":"max-video-preview:-1"},"canonical":"https:\/\/gysfm.com.ar\/inicio\/suben-las-expectativas-de-inflacion-los-hogares-esperan-34-para-los-proximos-12-meses\/","og_locale":"es_ES","og_type":"article","og_title":"Suben las expectativas de inflaci\u00f3n: los hogares esperan 34% para los pr\u00f3ximos 12 meses - GYS NOTICIAS |","og_description":"Las expectativas de inflaci\u00f3n volvieron a mostrar una leve suba en abril, en medio de un escenario en el que el Gobierno busca consolidar la desaceleraci\u00f3n de los precios y sostener el ancla fiscal y monetaria como eje del programa econ\u00f3mico. De acuerdo con la Encuesta de Expectativas de Inflaci\u00f3n del Centro de Investigaci\u00f3n en [&hellip;]","og_url":"https:\/\/gysfm.com.ar\/inicio\/suben-las-expectativas-de-inflacion-los-hogares-esperan-34-para-los-proximos-12-meses\/","og_site_name":"GYS NOTICIAS |","article_published_time":"2026-04-30T18:47:19+00:00","og_image":[{"url":"https:\/\/fotos.perfil.com\/\/2026\/04\/30\/900\/0\/expectativas-de-inflacion-a-12-meses-se-aceleran-en-abril-2026-2230977.jpeg","type":"","width":"","height":""}],"author":"Prensa G&amp;S FM","twitter_card":"summary_large_image","twitter_misc":{"Escrito por":"Prensa G&amp;S FM","Tiempo de lectura":"4 minutos"},"schema":{"@context":"https:\/\/schema.org","@graph":[{"@type":"Article","@id":"https:\/\/gysfm.com.ar\/inicio\/suben-las-expectativas-de-inflacion-los-hogares-esperan-34-para-los-proximos-12-meses\/#article","isPartOf":{"@id":"https:\/\/gysfm.com.ar\/inicio\/suben-las-expectativas-de-inflacion-los-hogares-esperan-34-para-los-proximos-12-meses\/"},"author":{"name":"Prensa G&amp;S FM","@id":"https:\/\/gysfm.com.ar\/inicio\/#\/schema\/person\/3abba7593ef2ad19e1be221d54383dc5"},"headline":"Suben las expectativas de inflaci\u00f3n: los hogares esperan 34% para los pr\u00f3ximos 12 meses","datePublished":"2026-04-30T18:47:19+00:00","mainEntityOfPage":{"@id":"https:\/\/gysfm.com.ar\/inicio\/suben-las-expectativas-de-inflacion-los-hogares-esperan-34-para-los-proximos-12-meses\/"},"wordCount":842,"publisher":{"@id":"https:\/\/gysfm.com.ar\/inicio\/#organization"},"image":{"@id":"https:\/\/gysfm.com.ar\/inicio\/suben-las-expectativas-de-inflacion-los-hogares-esperan-34-para-los-proximos-12-meses\/#primaryimage"},"thumbnailUrl":"https:\/\/gysfm.com.ar\/inicio\/wp-content\/uploads\/2026\/04\/supermercado-precios-consumo-inflacion-alimentos-11042026-2218690.jpg","articleSection":["NACIONALES"],"inLanguage":"es"},{"@type":"WebPage","@id":"https:\/\/gysfm.com.ar\/inicio\/suben-las-expectativas-de-inflacion-los-hogares-esperan-34-para-los-proximos-12-meses\/","url":"https:\/\/gysfm.com.ar\/inicio\/suben-las-expectativas-de-inflacion-los-hogares-esperan-34-para-los-proximos-12-meses\/","name":"Suben las expectativas de inflaci\u00f3n: los hogares esperan 34% para los pr\u00f3ximos 12 meses - GYS NOTICIAS |","isPartOf":{"@id":"https:\/\/gysfm.com.ar\/inicio\/#website"},"primaryImageOfPage":{"@id":"https:\/\/gysfm.com.ar\/inicio\/suben-las-expectativas-de-inflacion-los-hogares-esperan-34-para-los-proximos-12-meses\/#primaryimage"},"image":{"@id":"https:\/\/gysfm.com.ar\/inicio\/suben-las-expectativas-de-inflacion-los-hogares-esperan-34-para-los-proximos-12-meses\/#primaryimage"},"thumbnailUrl":"https:\/\/gysfm.com.ar\/inicio\/wp-content\/uploads\/2026\/04\/supermercado-precios-consumo-inflacion-alimentos-11042026-2218690.jpg","datePublished":"2026-04-30T18:47:19+00:00","breadcrumb":{"@id":"https:\/\/gysfm.com.ar\/inicio\/suben-las-expectativas-de-inflacion-los-hogares-esperan-34-para-los-proximos-12-meses\/#breadcrumb"},"inLanguage":"es","potentialAction":[{"@type":"ReadAction","target":["https:\/\/gysfm.com.ar\/inicio\/suben-las-expectativas-de-inflacion-los-hogares-esperan-34-para-los-proximos-12-meses\/"]}]},{"@type":"ImageObject","inLanguage":"es","@id":"https:\/\/gysfm.com.ar\/inicio\/suben-las-expectativas-de-inflacion-los-hogares-esperan-34-para-los-proximos-12-meses\/#primaryimage","url":"https:\/\/gysfm.com.ar\/inicio\/wp-content\/uploads\/2026\/04\/supermercado-precios-consumo-inflacion-alimentos-11042026-2218690.jpg","contentUrl":"https:\/\/gysfm.com.ar\/inicio\/wp-content\/uploads\/2026\/04\/supermercado-precios-consumo-inflacion-alimentos-11042026-2218690.jpg","width":1140,"height":641},{"@type":"BreadcrumbList","@id":"https:\/\/gysfm.com.ar\/inicio\/suben-las-expectativas-de-inflacion-los-hogares-esperan-34-para-los-proximos-12-meses\/#breadcrumb","itemListElement":[{"@type":"ListItem","position":1,"name":"Portada","item":"https:\/\/gysfm.com.ar\/inicio\/"},{"@type":"ListItem","position":2,"name":"Suben las expectativas de inflaci\u00f3n: los hogares esperan 34% para los pr\u00f3ximos 12 meses"}]},{"@type":"WebSite","@id":"https:\/\/gysfm.com.ar\/inicio\/#website","url":"https:\/\/gysfm.com.ar\/inicio\/","name":"GYS NOTICIAS |","description":"DIARIO - RADIO ONLINE SAN JUAN ARGENTINA","publisher":{"@id":"https:\/\/gysfm.com.ar\/inicio\/#organization"},"potentialAction":[{"@type":"SearchAction","target":{"@type":"EntryPoint","urlTemplate":"https:\/\/gysfm.com.ar\/inicio\/?s={search_term_string}"},"query-input":{"@type":"PropertyValueSpecification","valueRequired":true,"valueName":"search_term_string"}}],"inLanguage":"es"},{"@type":"Organization","@id":"https:\/\/gysfm.com.ar\/inicio\/#organization","name":"GYS NOTICIAS |","url":"https:\/\/gysfm.com.ar\/inicio\/","logo":{"@type":"ImageObject","inLanguage":"es","@id":"https:\/\/gysfm.com.ar\/inicio\/#\/schema\/logo\/image\/","url":"https:\/\/gysfm.com.ar\/inicio\/wp-content\/uploads\/2023\/07\/LOGOGYS-OK.png","contentUrl":"https:\/\/gysfm.com.ar\/inicio\/wp-content\/uploads\/2023\/07\/LOGOGYS-OK.png","width":1170,"height":872,"caption":"GYS NOTICIAS |"},"image":{"@id":"https:\/\/gysfm.com.ar\/inicio\/#\/schema\/logo\/image\/"}},{"@type":"Person","@id":"https:\/\/gysfm.com.ar\/inicio\/#\/schema\/person\/3abba7593ef2ad19e1be221d54383dc5","name":"Prensa G&amp;S FM","image":{"@type":"ImageObject","inLanguage":"es","@id":"https:\/\/gysfm.com.ar\/inicio\/#\/schema\/person\/image\/","url":"https:\/\/secure.gravatar.com\/avatar\/096ec78df02049ab018702bb4ccedf659377fa92a26540b5247612077a0dbd29?s=96&d=mm&r=g","contentUrl":"https:\/\/secure.gravatar.com\/avatar\/096ec78df02049ab018702bb4ccedf659377fa92a26540b5247612077a0dbd29?s=96&d=mm&r=g","caption":"Prensa G&amp;S FM"},"sameAs":["https:\/\/gysfm.com.ar\/"],"url":"https:\/\/gysfm.com.ar\/inicio\/author\/lucasm\/"}]}},"_links":{"self":[{"href":"https:\/\/gysfm.com.ar\/inicio\/wp-json\/wp\/v2\/posts\/193925","targetHints":{"allow":["GET"]}}],"collection":[{"href":"https:\/\/gysfm.com.ar\/inicio\/wp-json\/wp\/v2\/posts"}],"about":[{"href":"https:\/\/gysfm.com.ar\/inicio\/wp-json\/wp\/v2\/types\/post"}],"author":[{"embeddable":true,"href":"https:\/\/gysfm.com.ar\/inicio\/wp-json\/wp\/v2\/users\/2"}],"replies":[{"embeddable":true,"href":"https:\/\/gysfm.com.ar\/inicio\/wp-json\/wp\/v2\/comments?post=193925"}],"version-history":[{"count":0,"href":"https:\/\/gysfm.com.ar\/inicio\/wp-json\/wp\/v2\/posts\/193925\/revisions"}],"wp:featuredmedia":[{"embeddable":true,"href":"https:\/\/gysfm.com.ar\/inicio\/wp-json\/wp\/v2\/media\/193926"}],"wp:attachment":[{"href":"https:\/\/gysfm.com.ar\/inicio\/wp-json\/wp\/v2\/media?parent=193925"}],"wp:term":[{"taxonomy":"category","embeddable":true,"href":"https:\/\/gysfm.com.ar\/inicio\/wp-json\/wp\/v2\/categories?post=193925"},{"taxonomy":"post_tag","embeddable":true,"href":"https:\/\/gysfm.com.ar\/inicio\/wp-json\/wp\/v2\/tags?post=193925"}],"curies":[{"name":"wp","href":"https:\/\/api.w.org\/{rel}","templated":true}]}}