{"id":193922,"date":"2026-04-30T15:33:22","date_gmt":"2026-04-30T18:33:22","guid":{"rendered":"https:\/\/gysfm.com.ar\/inicio\/migracion-a-la-inversa-por-que-cada-vez-mas-estadounidenses-se-mudan-a-irlanda\/"},"modified":"2026-04-30T15:33:23","modified_gmt":"2026-04-30T18:33:23","slug":"migracion-a-la-inversa-por-que-cada-vez-mas-estadounidenses-se-mudan-a-irlanda","status":"publish","type":"post","link":"https:\/\/gysfm.com.ar\/inicio\/migracion-a-la-inversa-por-que-cada-vez-mas-estadounidenses-se-mudan-a-irlanda\/","title":{"rendered":"Migraci\u00f3n a la inversa: por qu\u00e9 cada vez m\u00e1s estadounidenses se mudan a Irlanda"},"content":{"rendered":"<p> <br \/>\n<\/p>\n<div>\n<p class=\"com-paragraph   --s\"><strong>Michael Sable <\/strong>es un comediante y gerente de comunicaciones<strong> estadounidense que se mud\u00f3 de Washington D.C. a Dubl\u00edn <\/strong>en 2016. Sable, quien usa su experiencia como estadounidense residente en la Rep\u00fablica de Irlanda para sus mon\u00f3logos, cuenta que, cuando lleg\u00f3, muchos irlandeses que conoci\u00f3 se sorprendieron de su decisi\u00f3n, pero ahora ya no le dan importancia.<\/p>\n<p class=\"com-paragraph   --s\">\u201cNot\u00e9 que, con el paso de los a\u00f1os, la gente se muestra cada vez menos incr\u00e9dula al saber que un estadounidense se mud\u00f3 a Irlanda\u201d, afirma. Sable es uno de los<strong> muchos que se trasladaron a Irlanda desde Estados Unidos<\/strong>. Los datos m\u00e1s recientes muestran que <strong>la cifra casi se duplic\u00f3 pasando de 4900 a 9600 entre 2024 y 2025<\/strong>, superando el n\u00famero de irlandeses que se dirigen en sentido contrario.<\/p>\n<p class=\"com-paragraph   --s\">Esto coincide con el hecho de que<strong> EE.UU. registr\u00f3 m\u00e1s emigrantes que inmigrantes el a\u00f1o pasado<\/strong>, seg\u00fan un informe del centro de estudios estadounidense <em>Brookings Institution<\/em>. Seg\u00fan el informe, esta es la primera vez que ocurre algo as\u00ed \u201cen al menos medio siglo\u201d.<\/p>\n<p class=\"com-paragraph   --s\">El centro de estudios destac\u00f3 los \u201c<strong>cambios dr\u00e1sticos en la pol\u00edtica migratoria<\/strong>\u201d durante el segundo gobierno del presidente Trump, incluyendo un mayor n\u00famero de deportaciones de trabajadores extranjeros indocumentados y las reformas por parte de la Casa Blanca del programa estadounidense de acogida de refugiados.<\/p>\n<p class=\"com-paragraph   --s\">De otro lado, el <em>Wall Street Journal <\/em>afirma que <strong>cada vez m\u00e1s ciudadanos estadounidenses optan por emigrar al extranjero<\/strong>. El medio calcul\u00f3 que \u201cal menos 180.000 estadounidenses\u201d abandonaron voluntariamente EE.UU. en 2025, cifra que, seg\u00fan el informe, representa un r\u00e9cord hist\u00f3rico.<\/p>\n<p class=\"com-paragraph   --s\">El cambio en el flujo migratorio entre Irlanda y EE.UU. marca un <strong>punto de inflexi\u00f3n<\/strong> en la historia compartida de ambos pa\u00edses, que mantienen lazos profundamente arraigados.<\/p>\n<p class=\"com-paragraph   --s\">Durante siglos, millones de irlandeses emigraron a EE.UU. en busca de trabajo o una vida mejor, lo que convierte a<strong> los irlandeses-estadounidenses en uno de los grupos \u00e9tnicos m\u00e1s numerosos del pa\u00eds<\/strong>. Varios presidentes estadounidenses de ascendencia irlandesa, como <strong>John F. Kennedy <\/strong>y <strong>Joe Biden<\/strong>, visitaron Irlanda m\u00e1s como un regreso a casa que como una misi\u00f3n diplom\u00e1tica.<\/p>\n<p class=\"com-paragraph   --s\">El escritor irland\u00e9s <strong>Colm T\u00f3ib\u00edn<\/strong> explor\u00f3 con frecuencia la relaci\u00f3n entre Irlanda y EE.UU. en su obra, especialmente en sus novelas <em>Brooklyn<\/em> y<em> Long Island<\/em>, que narran la historia de una joven irlandesa que emigra a EE.UU. en la d\u00e9cada de 1950.<\/p>\n<div class=\"content-media\">\n<section role=\"button\" class=\"mod-media   \">\n<figure role=\"button\" tabindex=\"0\" class=\"mod-figure \"><figcaption class=\"mod-figcaption\"><span class=\"com-text --caption --twoxs\">\u00abEn la cultura [irlandesa] estaba arraigado que si hay alg\u00fan problema, vas a Inglaterra; si hay ambici\u00f3n o pasi\u00f3n, vas a Estados Unidos\u00bb, dice Colm T\u00f3ib\u00edn.<\/span><span class=\"com-text --credit --twoxs\">Getty Images<\/span><\/figcaption><\/figure>\n<\/section>\n<\/div>\n<p class=\"com-paragraph   --s\">T\u00f3ib\u00edn, residente en EE.UU., afirma que <strong>la relaci\u00f3n entre ambos pa\u00edses cambi\u00f3<\/strong>. \u201cSe cre\u00f3 el mito de que EE.UU. era un lugar de grandes oportunidades y riqueza\u201d, explica. \u201cEn la cultura irlandesa se arraig\u00f3 la idea de que si hab\u00eda problemas, uno iba a Inglaterra; si hab\u00eda ambici\u00f3n o pasi\u00f3n, uno iba a EE.UU.\u201d, dice.<\/p>\n<p class=\"com-paragraph   --s\">\u201cEl flujo de j\u00f3venes [de Irlanda a EE.UU.] que buscan trabajo simplemente <strong>no se mantuvo<\/strong>. As\u00ed que esto supondr\u00e1 un gran cambio en el futuro, porque ya no habr\u00e1 la misma facilidad para conectar Irlanda con EE.UU.\u201d, a\u00f1ade.<\/p>\n<p class=\"com-paragraph   --s\">Esta tendencia refleja en parte los <strong>cambios pol\u00edticos en ambos pa\u00edses<\/strong>. Adem\u00e1s de convertirse en una econom\u00eda del conocimiento de alta tecnolog\u00eda y orientada a la exportaci\u00f3n, Irlanda experiment\u00f3 una <strong>transformaci\u00f3n social en las \u00faltimas d\u00e9cadas<\/strong>, pasando de ser una sociedad profundamente conservadora a una naci\u00f3n liberal y progresista, tras los <strong>referendos sobre el divorcio, el aborto y el matrimonio homosexual<\/strong>.<\/p>\n<p class=\"com-paragraph   --s\">T\u00f3ib\u00edn, quien fue un destacado defensor del \u201cs\u00ed\u201d en el refer\u00e9ndum irland\u00e9s sobre el matrimonio entre personas del mismo sexo, afirma: \u201cTodos se dieron cuenta de que Irlanda era una sociedad m\u00e1s liberal, cosmopolita y abierta, y que ser\u00eda un buen lugar para vivir\u201d. Por el contrario,<strong> EE.UU. se inclin\u00f3 hacia la derecha pol\u00edtica<\/strong> bajo la presidencia de Trump, quien, desde su regreso al cargo, ha emprendido una importante campa\u00f1a contra la inmigraci\u00f3n ilegal.<\/p>\n<p class=\"com-paragraph   --s\">T\u00f3ib\u00edn retoma la experiencia de los inmigrantes irlandeses-estadounidenses en su \u00faltima colecci\u00f3n de relatos, \u201c<em>Las noticias de Dubl\u00edn<\/em>\u201d. En uno de los cuentos, \u201c<em>Cinco puentes<\/em>\u201d, el protagonista es un inmigrante irland\u00e9s indocumentado que se prepara para abandonar EE.UU. antes de que el <strong>Servicio de Inmigraci\u00f3n y Control de Aduanas de EE.UU. (ICE) lo busque<\/strong>.<\/p>\n<p class=\"com-paragraph   --s\">El n\u00famero de ciudadanos irlandeses deportados de EE.UU. <strong>aument\u00f3 en m\u00e1s del 50% en 2025<\/strong>. Hay muchos irlandeses en EE.UU. que cumplen con todos los requisitos legales: pagan impuestos, tienen casa propia, sus hijos van a la escuela, pero entraron con visa de turista\u00bb, afirma T\u00f3ib\u00edn y remarca: \u201c<strong>Si el ICE los encontrara, los detendr\u00eda. Eso es realmente aterrador<\/strong>\u201d.<\/p>\n<p class=\"com-paragraph   --s\"><strong>Expatsi<\/strong>, una empresa que ayuda a ciudadanos estadounidenses a mudarse al extranjero, inform\u00f3 de un aumento considerable en el tr\u00e1fico de personas durante las horas posteriores a la elecci\u00f3n del presidente Trump en 2024.<\/p>\n<p class=\"com-paragraph   --s\">La cofundadora de Expatsi, Jen Barnett, afirma que las razones que esgrimen los estadounidenses para emigrar son muy diversas. Entre los factores que influyen se encuentran <strong>la situaci\u00f3n pol\u00edtica en EE.UU.<\/strong>, que se mantuvo durante los \u00faltimos 10 a\u00f1os, <strong>el costo de vida y la seguridad<\/strong>. La violencia armada es muy frecuente, afirma.<\/p>\n<div class=\"content-media\">\n<section role=\"button\" class=\"mod-media   \">\n<figure role=\"button\" tabindex=\"0\" class=\"mod-figure \"><figcaption class=\"mod-figcaption\"><span class=\"com-text --caption --twoxs\">Para Kevin Wozniak, la pol\u00edtica fue un factor determinante a la hora de dejar Estados Unidos para ir a Irlanda.<\/span><span class=\"com-text --credit --twoxs\">Kevin Wozniak<\/span><\/figcaption><\/figure>\n<\/section>\n<\/div>\n<p class=\"com-paragraph   --s\">La <strong>pol\u00edtica <\/strong>tambi\u00e9n fue un factor determinante para Kevin Wozniak, un profesor estadounidense residente en Irlanda. \u00c9l y su esposo dejaron Boston en 2023 despu\u00e9s de que \u00e9l consiguiera un puesto en la Universidad de Maynooth, 23 kil\u00f3metros al oeste de Dubl\u00edn.<\/p>\n<p class=\"com-paragraph   --s\">\u201cMi motivaci\u00f3n para buscar oportunidades en el extranjero fueron los profundos temores sobre el rumbo del pa\u00eds en la era de Donald Trump\u201d, explica Wozniak y marca: \u201cIrlanda se liberaliz\u00f3 considerablemente y tom\u00f3 una direcci\u00f3n completamente opuesta a la de EE.UU.\u201d.<\/p>\n<p class=\"com-paragraph   --s\">Natalia Lange, trabajadora de apoyo a migrantes residente en Crosshaven, condado de Cork, se mud\u00f3 all\u00ed desde Michigan con su esposo <strong>tras las elecciones estadounidenses de 2024<\/strong>.<\/p>\n<p class=\"com-paragraph   --s\">Lange, de ascendencia h\u00fangara y con pasaporte de la UE, so\u00f1aba con vivir en Irlanda desde que la visit\u00f3 en un viaje escolar. \u201cPol\u00edticamente, <strong>Irlanda se alinea mucho m\u00e1s con nuestra forma de pensar<\/strong>\u201d, afirma y reflexiona: \u201cEE.UU. tiene la infraestructura para recibir a mucha m\u00e1s gente, pero <strong>es mucho menos acogedor<\/strong>\u201d.<\/p>\n<div class=\"content-media\">\n<section role=\"button\" class=\"mod-media   \">\n<figure role=\"button\" tabindex=\"0\" class=\"mod-figure \"><figcaption class=\"mod-figcaption\"><span class=\"com-text --caption --twoxs\">Irlanda experiment\u00f3 una transformaci\u00f3n social en las \u00faltimas d\u00e9cadas, pasando de ser una sociedad profundamente conservadora a una naci\u00f3n liberal y progresista.<\/span><span class=\"com-text --credit --twoxs\">Alamy<\/span><\/figcaption><\/figure>\n<\/section>\n<\/div>\n<p class=\"com-paragraph   --s\">Lauren Udoh, originaria de Houston, Texas, se mud\u00f3 a Claregalway, en el condado de Galway, en 2021 tras casarse con su esposo irland\u00e9s. Udoh, madre de dos hijos peque\u00f1os, trabaja como asistente ejecutiva y documenta su vida como expatriada en las redes sociales bajo el nombre de usuario <em>TheGalwayGal<\/em>. \u201cUna de las mayores ventajas es la seguridad. <strong>Me siento mucho m\u00e1s segura aqu\u00ed<\/strong>. Con los ni\u00f1os en la escuela, <strong>no hay que preocuparse por tiroteos escolares<\/strong>\u201d, comenta.<\/p>\n<p class=\"com-paragraph   --s\"><strong>La emigraci\u00f3n desde Irlanda disminuy\u00f3<\/strong>: 65.600 personas abandonaron el pa\u00eds el a\u00f1o que finaliz\u00f3 en abril de 2025, lo que supone un <strong>descenso del 6% respecto a 2024<\/strong>, seg\u00fan la Oficina Central de Estad\u00edstica de Irlanda (CSO). Para quienes desean vivir en el extranjero, Australia es el destino m\u00e1s popular.<\/p>\n<p class=\"com-paragraph   --s\">La CSO indic\u00f3 que 13.500 personas emigraron de Irlanda a Australia en el a\u00f1o que finaliz\u00f3 en abril de 2025, <strong>el nivel m\u00e1s alto desde 2013<\/strong>. Esta cifra duplica con creces las 6100 personas que se estima que emigraron de Irlanda a EE.UU., aunque sigue siendo un 22% superior a la del a\u00f1o anterior.<\/p>\n<p class=\"com-paragraph   --s\">Las restricciones en torno a los visados J1, que permiten a los estudiantes universitarios irlandeses trabajar y viajar por EE.UU., llevaron a muchos estudiantes irlandeses a <strong>reconsiderar sus estudios en ese pa\u00eds<\/strong>.<\/p>\n<p class=\"com-paragraph   --s\">Karen McHugh, directora ejecutiva de <em>Safe Home Ireland,<\/em> una organizaci\u00f3n que apoya a los emigrantes nacidos en Irlanda que desean regresar al pa\u00eds, afirma: \u201cSin duda, <strong>hemos notado un aumento en las consultas sobre el regreso [de EE.UU. a Irlanda]<\/strong>\u201d. Australia y Canad\u00e1 son dos de los principales destinos para los irlandeses, debido a la facilidad para obtener un visado.<\/p>\n<p class=\"com-paragraph   --s\">El estudiante irland\u00e9s Jamie McElhinney realiza actualmente pr\u00e1cticas laborales en Portugal como parte de su curso de gesti\u00f3n hotelera. McElhinney, que estudia en el Instituto Tecnol\u00f3gico de Dundalk, afirma que<strong> los controles migratorios actuales le disuaden de buscar pr\u00e1cticas en EE.UU. <\/strong>\u201cPensaba ir a Boston, pero entonces empezaron a surgir las noticias sobre el ICE. Es un factor disuasorio para ir all\u00ed\u201d, comenta.<\/p>\n<p class=\"com-paragraph   --s\">Si bien existen oportunidades en Irlanda, con una tasa de empleo del 74,4%, tambi\u00e9n hay una creciente <strong>crisis de vivienda<\/strong>, con recientes protestas por la escasez de viviendas asequibles. Barnett afirma que la escasez de vivienda es un <strong>problema que preocupa a los estadounidenses<\/strong> a los que su empresa ayuda a reubicarse, y a\u00f1ade: \u201cNo quieren contribuir a la crisis de vivienda, as\u00ed que una de las cosas que les recomendamos es que eviten los centros urbanos\u201d.<\/p>\n<p class=\"com-paragraph   --s\">Sable, cuyos abuelos irlandeses emigraron a EE.UU. en 1939, es uno de los muchos estadounidenses cuyos ancestros les permitieron obtener un pasaporte irland\u00e9s. <strong>Las solicitudes de pasaportes irlandeses en EE.UU. aumentaron un 10% en 2024<\/strong>, seg\u00fan inform\u00f3 el Ministerio de Asuntos Exteriores de Irlanda.<\/p>\n<div class=\"content-media\">\n<section role=\"button\" class=\"mod-media   \">\n<figure role=\"button\" tabindex=\"0\" class=\"mod-figure \"><figcaption class=\"mod-figcaption\"><span class=\"com-text --caption --twoxs\">Michael Sable es uno de los muchos estadounidenses cuyos ancestros les permitieron obtener un pasaporte irland\u00e9s.<\/span><span class=\"com-text --credit --twoxs\">Michael Sable<\/span><\/figcaption><\/figure>\n<\/section>\n<\/div>\n<p class=\"com-paragraph   --s\">Sable ahora considera Irlanda su hogar. \u201cCulturalmente, me identifico mucho m\u00e1s con los irlandeses\u201d, dice y suma: \u201cEs una sociedad muy colectiva, no tan individualista como en EE.UU.\u201d.<\/p>\n<p class=\"com-paragraph   --s\">Bill Hillyard, otro estadounidense con ra\u00edces irlandesas, se mud\u00f3 a Irlanda por el clima m\u00e1s fresco. \u00c9l y su esposa Anne dejaron California tras los <strong>incendios forestales de 2019<\/strong>. \u201cMi esposa dijo que ten\u00edamos que mudarnos a un lugar donde lloviera\u201d. Ahora regentan un pub llamado <em>The Algiers<\/em> en Baltimore, en el condado de Cork.<\/p>\n<p class=\"com-paragraph   --s\">Hillyard dice que ahora intenta mantenerse al margen de los acontecimientos turbulentos en EE.UU. \u201cIntentaba no seguir las noticias porque ahora estoy aqu\u00ed\u201d, dice y cierra:Pero me lo recuerdan a diario, porque todo el mundo me pregunta por Trump y lo que est\u00e1 pasando all\u00ed&#8230; En este momento soy el embajador de West Cork en EE.UU.\u201d.<\/p>\n<p class=\"com-paragraph   --s\"><em>Por Anne Cassidy<\/em><\/p>\n<section class=\"container-center-100 mb-40 border border-bottom border-thin border-neutral-light-700\">\n<hr\/>\n<\/section>\n<\/div>\n<p><script id=\"facebookpixel\" defer=\"\" type=\"text\/javascript\">\n        !function(f,b,e,v,n,t,s)\n        {if(f.fbq)return;n=f.fbq=function(){n.callMethod?\n        n.callMethod.apply(n,arguments):n.queue.push(arguments)};\n        if(!f._fbq)f._fbq=n;n.push=n;n.loaded=!0;n.version='2.0';\n        n.queue=[];t=b.createElement(e);t.async=!0;\n        t.src=v;s=b.getElementsByTagName(e)[0];\n        s.parentNode.insertBefore(t,s)}(window, document,'script',\n        'https:\/\/connect.facebook.net\/en_US\/fbevents.js');\n        fbq('init', '492459597522335');\n        fbq('track', 'PageView');\n    <\/script><br \/>\n<br \/><\/p>\n","protected":false},"excerpt":{"rendered":"<p>Michael Sable es un comediante y gerente de comunicaciones estadounidense que se mud\u00f3 de Washington D.C. a Dubl\u00edn en 2016. Sable, quien usa su experiencia como estadounidense residente en la Rep\u00fablica de Irlanda para sus mon\u00f3logos, cuenta que, cuando lleg\u00f3, muchos irlandeses que conoci\u00f3 se sorprendieron de su decisi\u00f3n, pero ahora ya no le dan [&hellip;]<\/p>\n","protected":false},"author":2,"featured_media":193923,"comment_status":"closed","ping_status":"closed","sticky":false,"template":"","format":"standard","meta":{"footnotes":""},"categories":[26],"tags":[],"class_list":["post-193922","post","type-post","status-publish","format-standard","has-post-thumbnail","hentry","category-internacionales"],"yoast_head":"<!-- This site is optimized with the Yoast SEO plugin v24.4 - https:\/\/yoast.com\/wordpress\/plugins\/seo\/ -->\n<title>Migraci\u00f3n a la inversa: por qu\u00e9 cada vez m\u00e1s estadounidenses se mudan a Irlanda - GYS NOTICIAS |<\/title>\n<meta name=\"robots\" content=\"index, follow, max-snippet:-1, max-image-preview:large, max-video-preview:-1\" \/>\n<link rel=\"canonical\" href=\"https:\/\/gysfm.com.ar\/inicio\/migracion-a-la-inversa-por-que-cada-vez-mas-estadounidenses-se-mudan-a-irlanda\/\" \/>\n<meta property=\"og:locale\" content=\"es_ES\" \/>\n<meta property=\"og:type\" content=\"article\" \/>\n<meta property=\"og:title\" content=\"Migraci\u00f3n a la inversa: por qu\u00e9 cada vez m\u00e1s estadounidenses se mudan a Irlanda - GYS NOTICIAS |\" \/>\n<meta property=\"og:description\" content=\"Michael Sable es un comediante y gerente de comunicaciones estadounidense que se mud\u00f3 de Washington D.C. a Dubl\u00edn en 2016. Sable, quien usa su experiencia como estadounidense residente en la Rep\u00fablica de Irlanda para sus mon\u00f3logos, cuenta que, cuando lleg\u00f3, muchos irlandeses que conoci\u00f3 se sorprendieron de su decisi\u00f3n, pero ahora ya no le dan [&hellip;]\" \/>\n<meta property=\"og:url\" content=\"https:\/\/gysfm.com.ar\/inicio\/migracion-a-la-inversa-por-que-cada-vez-mas-estadounidenses-se-mudan-a-irlanda\/\" \/>\n<meta property=\"og:site_name\" content=\"GYS NOTICIAS |\" \/>\n<meta property=\"article:published_time\" content=\"2026-04-30T18:33:22+00:00\" \/>\n<meta property=\"article:modified_time\" content=\"2026-04-30T18:33:23+00:00\" \/>\n<meta property=\"og:image\" content=\"https:\/\/gysfm.com.ar\/inicio\/wp-content\/uploads\/2026\/04\/lauren-udoh-se-siente-mas-segura-en-irlanda-que-7ZLZTDFDFZHSPAVMCQH326QYMI.jpg\" \/>\n\t<meta property=\"og:image:width\" content=\"1200\" \/>\n\t<meta property=\"og:image:height\" content=\"800\" \/>\n\t<meta property=\"og:image:type\" content=\"image\/jpeg\" \/>\n<meta name=\"author\" content=\"Prensa G&amp;S FM\" \/>\n<meta name=\"twitter:card\" content=\"summary_large_image\" \/>\n<meta name=\"twitter:label1\" content=\"Escrito por\" \/>\n\t<meta name=\"twitter:data1\" content=\"Prensa G&amp;S FM\" \/>\n\t<meta name=\"twitter:label2\" content=\"Tiempo de lectura\" \/>\n\t<meta name=\"twitter:data2\" content=\"9 minutos\" \/>\n<script type=\"application\/ld+json\" class=\"yoast-schema-graph\">{\"@context\":\"https:\/\/schema.org\",\"@graph\":[{\"@type\":\"Article\",\"@id\":\"https:\/\/gysfm.com.ar\/inicio\/migracion-a-la-inversa-por-que-cada-vez-mas-estadounidenses-se-mudan-a-irlanda\/#article\",\"isPartOf\":{\"@id\":\"https:\/\/gysfm.com.ar\/inicio\/migracion-a-la-inversa-por-que-cada-vez-mas-estadounidenses-se-mudan-a-irlanda\/\"},\"author\":{\"name\":\"Prensa G&amp;S FM\",\"@id\":\"https:\/\/gysfm.com.ar\/inicio\/#\/schema\/person\/3abba7593ef2ad19e1be221d54383dc5\"},\"headline\":\"Migraci\u00f3n a la inversa: por qu\u00e9 cada vez m\u00e1s estadounidenses se mudan a Irlanda\",\"datePublished\":\"2026-04-30T18:33:22+00:00\",\"dateModified\":\"2026-04-30T18:33:23+00:00\",\"mainEntityOfPage\":{\"@id\":\"https:\/\/gysfm.com.ar\/inicio\/migracion-a-la-inversa-por-que-cada-vez-mas-estadounidenses-se-mudan-a-irlanda\/\"},\"wordCount\":1808,\"publisher\":{\"@id\":\"https:\/\/gysfm.com.ar\/inicio\/#organization\"},\"image\":{\"@id\":\"https:\/\/gysfm.com.ar\/inicio\/migracion-a-la-inversa-por-que-cada-vez-mas-estadounidenses-se-mudan-a-irlanda\/#primaryimage\"},\"thumbnailUrl\":\"https:\/\/gysfm.com.ar\/inicio\/wp-content\/uploads\/2026\/04\/lauren-udoh-se-siente-mas-segura-en-irlanda-que-7ZLZTDFDFZHSPAVMCQH326QYMI.jpg\",\"articleSection\":[\"INTERNACIONALES\"],\"inLanguage\":\"es\"},{\"@type\":\"WebPage\",\"@id\":\"https:\/\/gysfm.com.ar\/inicio\/migracion-a-la-inversa-por-que-cada-vez-mas-estadounidenses-se-mudan-a-irlanda\/\",\"url\":\"https:\/\/gysfm.com.ar\/inicio\/migracion-a-la-inversa-por-que-cada-vez-mas-estadounidenses-se-mudan-a-irlanda\/\",\"name\":\"Migraci\u00f3n a la inversa: por qu\u00e9 cada vez m\u00e1s estadounidenses se mudan a Irlanda - GYS NOTICIAS |\",\"isPartOf\":{\"@id\":\"https:\/\/gysfm.com.ar\/inicio\/#website\"},\"primaryImageOfPage\":{\"@id\":\"https:\/\/gysfm.com.ar\/inicio\/migracion-a-la-inversa-por-que-cada-vez-mas-estadounidenses-se-mudan-a-irlanda\/#primaryimage\"},\"image\":{\"@id\":\"https:\/\/gysfm.com.ar\/inicio\/migracion-a-la-inversa-por-que-cada-vez-mas-estadounidenses-se-mudan-a-irlanda\/#primaryimage\"},\"thumbnailUrl\":\"https:\/\/gysfm.com.ar\/inicio\/wp-content\/uploads\/2026\/04\/lauren-udoh-se-siente-mas-segura-en-irlanda-que-7ZLZTDFDFZHSPAVMCQH326QYMI.jpg\",\"datePublished\":\"2026-04-30T18:33:22+00:00\",\"dateModified\":\"2026-04-30T18:33:23+00:00\",\"breadcrumb\":{\"@id\":\"https:\/\/gysfm.com.ar\/inicio\/migracion-a-la-inversa-por-que-cada-vez-mas-estadounidenses-se-mudan-a-irlanda\/#breadcrumb\"},\"inLanguage\":\"es\",\"potentialAction\":[{\"@type\":\"ReadAction\",\"target\":[\"https:\/\/gysfm.com.ar\/inicio\/migracion-a-la-inversa-por-que-cada-vez-mas-estadounidenses-se-mudan-a-irlanda\/\"]}]},{\"@type\":\"ImageObject\",\"inLanguage\":\"es\",\"@id\":\"https:\/\/gysfm.com.ar\/inicio\/migracion-a-la-inversa-por-que-cada-vez-mas-estadounidenses-se-mudan-a-irlanda\/#primaryimage\",\"url\":\"https:\/\/gysfm.com.ar\/inicio\/wp-content\/uploads\/2026\/04\/lauren-udoh-se-siente-mas-segura-en-irlanda-que-7ZLZTDFDFZHSPAVMCQH326QYMI.jpg\",\"contentUrl\":\"https:\/\/gysfm.com.ar\/inicio\/wp-content\/uploads\/2026\/04\/lauren-udoh-se-siente-mas-segura-en-irlanda-que-7ZLZTDFDFZHSPAVMCQH326QYMI.jpg\",\"width\":1200,\"height\":800},{\"@type\":\"BreadcrumbList\",\"@id\":\"https:\/\/gysfm.com.ar\/inicio\/migracion-a-la-inversa-por-que-cada-vez-mas-estadounidenses-se-mudan-a-irlanda\/#breadcrumb\",\"itemListElement\":[{\"@type\":\"ListItem\",\"position\":1,\"name\":\"Portada\",\"item\":\"https:\/\/gysfm.com.ar\/inicio\/\"},{\"@type\":\"ListItem\",\"position\":2,\"name\":\"Migraci\u00f3n a la inversa: por qu\u00e9 cada vez m\u00e1s estadounidenses se mudan a Irlanda\"}]},{\"@type\":\"WebSite\",\"@id\":\"https:\/\/gysfm.com.ar\/inicio\/#website\",\"url\":\"https:\/\/gysfm.com.ar\/inicio\/\",\"name\":\"GYS NOTICIAS |\",\"description\":\"DIARIO - RADIO ONLINE SAN JUAN ARGENTINA\",\"publisher\":{\"@id\":\"https:\/\/gysfm.com.ar\/inicio\/#organization\"},\"potentialAction\":[{\"@type\":\"SearchAction\",\"target\":{\"@type\":\"EntryPoint\",\"urlTemplate\":\"https:\/\/gysfm.com.ar\/inicio\/?s={search_term_string}\"},\"query-input\":{\"@type\":\"PropertyValueSpecification\",\"valueRequired\":true,\"valueName\":\"search_term_string\"}}],\"inLanguage\":\"es\"},{\"@type\":\"Organization\",\"@id\":\"https:\/\/gysfm.com.ar\/inicio\/#organization\",\"name\":\"GYS NOTICIAS |\",\"url\":\"https:\/\/gysfm.com.ar\/inicio\/\",\"logo\":{\"@type\":\"ImageObject\",\"inLanguage\":\"es\",\"@id\":\"https:\/\/gysfm.com.ar\/inicio\/#\/schema\/logo\/image\/\",\"url\":\"https:\/\/gysfm.com.ar\/inicio\/wp-content\/uploads\/2023\/07\/LOGOGYS-OK.png\",\"contentUrl\":\"https:\/\/gysfm.com.ar\/inicio\/wp-content\/uploads\/2023\/07\/LOGOGYS-OK.png\",\"width\":1170,\"height\":872,\"caption\":\"GYS NOTICIAS |\"},\"image\":{\"@id\":\"https:\/\/gysfm.com.ar\/inicio\/#\/schema\/logo\/image\/\"}},{\"@type\":\"Person\",\"@id\":\"https:\/\/gysfm.com.ar\/inicio\/#\/schema\/person\/3abba7593ef2ad19e1be221d54383dc5\",\"name\":\"Prensa G&amp;S FM\",\"image\":{\"@type\":\"ImageObject\",\"inLanguage\":\"es\",\"@id\":\"https:\/\/gysfm.com.ar\/inicio\/#\/schema\/person\/image\/\",\"url\":\"https:\/\/secure.gravatar.com\/avatar\/096ec78df02049ab018702bb4ccedf659377fa92a26540b5247612077a0dbd29?s=96&d=mm&r=g\",\"contentUrl\":\"https:\/\/secure.gravatar.com\/avatar\/096ec78df02049ab018702bb4ccedf659377fa92a26540b5247612077a0dbd29?s=96&d=mm&r=g\",\"caption\":\"Prensa G&amp;S FM\"},\"sameAs\":[\"https:\/\/gysfm.com.ar\/\"],\"url\":\"https:\/\/gysfm.com.ar\/inicio\/author\/lucasm\/\"}]}<\/script>\n<!-- \/ Yoast SEO plugin. -->","yoast_head_json":{"title":"Migraci\u00f3n a la inversa: por qu\u00e9 cada vez m\u00e1s estadounidenses se mudan a Irlanda - GYS NOTICIAS |","robots":{"index":"index","follow":"follow","max-snippet":"max-snippet:-1","max-image-preview":"max-image-preview:large","max-video-preview":"max-video-preview:-1"},"canonical":"https:\/\/gysfm.com.ar\/inicio\/migracion-a-la-inversa-por-que-cada-vez-mas-estadounidenses-se-mudan-a-irlanda\/","og_locale":"es_ES","og_type":"article","og_title":"Migraci\u00f3n a la inversa: por qu\u00e9 cada vez m\u00e1s estadounidenses se mudan a Irlanda - GYS NOTICIAS |","og_description":"Michael Sable es un comediante y gerente de comunicaciones estadounidense que se mud\u00f3 de Washington D.C. a Dubl\u00edn en 2016. Sable, quien usa su experiencia como estadounidense residente en la Rep\u00fablica de Irlanda para sus mon\u00f3logos, cuenta que, cuando lleg\u00f3, muchos irlandeses que conoci\u00f3 se sorprendieron de su decisi\u00f3n, pero ahora ya no le dan [&hellip;]","og_url":"https:\/\/gysfm.com.ar\/inicio\/migracion-a-la-inversa-por-que-cada-vez-mas-estadounidenses-se-mudan-a-irlanda\/","og_site_name":"GYS NOTICIAS |","article_published_time":"2026-04-30T18:33:22+00:00","article_modified_time":"2026-04-30T18:33:23+00:00","og_image":[{"width":1200,"height":800,"url":"https:\/\/gysfm.com.ar\/inicio\/wp-content\/uploads\/2026\/04\/lauren-udoh-se-siente-mas-segura-en-irlanda-que-7ZLZTDFDFZHSPAVMCQH326QYMI.jpg","type":"image\/jpeg"}],"author":"Prensa G&amp;S FM","twitter_card":"summary_large_image","twitter_misc":{"Escrito por":"Prensa G&amp;S FM","Tiempo de lectura":"9 minutos"},"schema":{"@context":"https:\/\/schema.org","@graph":[{"@type":"Article","@id":"https:\/\/gysfm.com.ar\/inicio\/migracion-a-la-inversa-por-que-cada-vez-mas-estadounidenses-se-mudan-a-irlanda\/#article","isPartOf":{"@id":"https:\/\/gysfm.com.ar\/inicio\/migracion-a-la-inversa-por-que-cada-vez-mas-estadounidenses-se-mudan-a-irlanda\/"},"author":{"name":"Prensa G&amp;S FM","@id":"https:\/\/gysfm.com.ar\/inicio\/#\/schema\/person\/3abba7593ef2ad19e1be221d54383dc5"},"headline":"Migraci\u00f3n a la inversa: por qu\u00e9 cada vez m\u00e1s estadounidenses se mudan a Irlanda","datePublished":"2026-04-30T18:33:22+00:00","dateModified":"2026-04-30T18:33:23+00:00","mainEntityOfPage":{"@id":"https:\/\/gysfm.com.ar\/inicio\/migracion-a-la-inversa-por-que-cada-vez-mas-estadounidenses-se-mudan-a-irlanda\/"},"wordCount":1808,"publisher":{"@id":"https:\/\/gysfm.com.ar\/inicio\/#organization"},"image":{"@id":"https:\/\/gysfm.com.ar\/inicio\/migracion-a-la-inversa-por-que-cada-vez-mas-estadounidenses-se-mudan-a-irlanda\/#primaryimage"},"thumbnailUrl":"https:\/\/gysfm.com.ar\/inicio\/wp-content\/uploads\/2026\/04\/lauren-udoh-se-siente-mas-segura-en-irlanda-que-7ZLZTDFDFZHSPAVMCQH326QYMI.jpg","articleSection":["INTERNACIONALES"],"inLanguage":"es"},{"@type":"WebPage","@id":"https:\/\/gysfm.com.ar\/inicio\/migracion-a-la-inversa-por-que-cada-vez-mas-estadounidenses-se-mudan-a-irlanda\/","url":"https:\/\/gysfm.com.ar\/inicio\/migracion-a-la-inversa-por-que-cada-vez-mas-estadounidenses-se-mudan-a-irlanda\/","name":"Migraci\u00f3n a la inversa: por qu\u00e9 cada vez m\u00e1s estadounidenses se mudan a Irlanda - GYS NOTICIAS |","isPartOf":{"@id":"https:\/\/gysfm.com.ar\/inicio\/#website"},"primaryImageOfPage":{"@id":"https:\/\/gysfm.com.ar\/inicio\/migracion-a-la-inversa-por-que-cada-vez-mas-estadounidenses-se-mudan-a-irlanda\/#primaryimage"},"image":{"@id":"https:\/\/gysfm.com.ar\/inicio\/migracion-a-la-inversa-por-que-cada-vez-mas-estadounidenses-se-mudan-a-irlanda\/#primaryimage"},"thumbnailUrl":"https:\/\/gysfm.com.ar\/inicio\/wp-content\/uploads\/2026\/04\/lauren-udoh-se-siente-mas-segura-en-irlanda-que-7ZLZTDFDFZHSPAVMCQH326QYMI.jpg","datePublished":"2026-04-30T18:33:22+00:00","dateModified":"2026-04-30T18:33:23+00:00","breadcrumb":{"@id":"https:\/\/gysfm.com.ar\/inicio\/migracion-a-la-inversa-por-que-cada-vez-mas-estadounidenses-se-mudan-a-irlanda\/#breadcrumb"},"inLanguage":"es","potentialAction":[{"@type":"ReadAction","target":["https:\/\/gysfm.com.ar\/inicio\/migracion-a-la-inversa-por-que-cada-vez-mas-estadounidenses-se-mudan-a-irlanda\/"]}]},{"@type":"ImageObject","inLanguage":"es","@id":"https:\/\/gysfm.com.ar\/inicio\/migracion-a-la-inversa-por-que-cada-vez-mas-estadounidenses-se-mudan-a-irlanda\/#primaryimage","url":"https:\/\/gysfm.com.ar\/inicio\/wp-content\/uploads\/2026\/04\/lauren-udoh-se-siente-mas-segura-en-irlanda-que-7ZLZTDFDFZHSPAVMCQH326QYMI.jpg","contentUrl":"https:\/\/gysfm.com.ar\/inicio\/wp-content\/uploads\/2026\/04\/lauren-udoh-se-siente-mas-segura-en-irlanda-que-7ZLZTDFDFZHSPAVMCQH326QYMI.jpg","width":1200,"height":800},{"@type":"BreadcrumbList","@id":"https:\/\/gysfm.com.ar\/inicio\/migracion-a-la-inversa-por-que-cada-vez-mas-estadounidenses-se-mudan-a-irlanda\/#breadcrumb","itemListElement":[{"@type":"ListItem","position":1,"name":"Portada","item":"https:\/\/gysfm.com.ar\/inicio\/"},{"@type":"ListItem","position":2,"name":"Migraci\u00f3n a la inversa: por qu\u00e9 cada vez m\u00e1s estadounidenses se mudan a Irlanda"}]},{"@type":"WebSite","@id":"https:\/\/gysfm.com.ar\/inicio\/#website","url":"https:\/\/gysfm.com.ar\/inicio\/","name":"GYS NOTICIAS |","description":"DIARIO - RADIO ONLINE SAN JUAN ARGENTINA","publisher":{"@id":"https:\/\/gysfm.com.ar\/inicio\/#organization"},"potentialAction":[{"@type":"SearchAction","target":{"@type":"EntryPoint","urlTemplate":"https:\/\/gysfm.com.ar\/inicio\/?s={search_term_string}"},"query-input":{"@type":"PropertyValueSpecification","valueRequired":true,"valueName":"search_term_string"}}],"inLanguage":"es"},{"@type":"Organization","@id":"https:\/\/gysfm.com.ar\/inicio\/#organization","name":"GYS NOTICIAS |","url":"https:\/\/gysfm.com.ar\/inicio\/","logo":{"@type":"ImageObject","inLanguage":"es","@id":"https:\/\/gysfm.com.ar\/inicio\/#\/schema\/logo\/image\/","url":"https:\/\/gysfm.com.ar\/inicio\/wp-content\/uploads\/2023\/07\/LOGOGYS-OK.png","contentUrl":"https:\/\/gysfm.com.ar\/inicio\/wp-content\/uploads\/2023\/07\/LOGOGYS-OK.png","width":1170,"height":872,"caption":"GYS NOTICIAS |"},"image":{"@id":"https:\/\/gysfm.com.ar\/inicio\/#\/schema\/logo\/image\/"}},{"@type":"Person","@id":"https:\/\/gysfm.com.ar\/inicio\/#\/schema\/person\/3abba7593ef2ad19e1be221d54383dc5","name":"Prensa G&amp;S FM","image":{"@type":"ImageObject","inLanguage":"es","@id":"https:\/\/gysfm.com.ar\/inicio\/#\/schema\/person\/image\/","url":"https:\/\/secure.gravatar.com\/avatar\/096ec78df02049ab018702bb4ccedf659377fa92a26540b5247612077a0dbd29?s=96&d=mm&r=g","contentUrl":"https:\/\/secure.gravatar.com\/avatar\/096ec78df02049ab018702bb4ccedf659377fa92a26540b5247612077a0dbd29?s=96&d=mm&r=g","caption":"Prensa G&amp;S FM"},"sameAs":["https:\/\/gysfm.com.ar\/"],"url":"https:\/\/gysfm.com.ar\/inicio\/author\/lucasm\/"}]}},"_links":{"self":[{"href":"https:\/\/gysfm.com.ar\/inicio\/wp-json\/wp\/v2\/posts\/193922","targetHints":{"allow":["GET"]}}],"collection":[{"href":"https:\/\/gysfm.com.ar\/inicio\/wp-json\/wp\/v2\/posts"}],"about":[{"href":"https:\/\/gysfm.com.ar\/inicio\/wp-json\/wp\/v2\/types\/post"}],"author":[{"embeddable":true,"href":"https:\/\/gysfm.com.ar\/inicio\/wp-json\/wp\/v2\/users\/2"}],"replies":[{"embeddable":true,"href":"https:\/\/gysfm.com.ar\/inicio\/wp-json\/wp\/v2\/comments?post=193922"}],"version-history":[{"count":1,"href":"https:\/\/gysfm.com.ar\/inicio\/wp-json\/wp\/v2\/posts\/193922\/revisions"}],"predecessor-version":[{"id":193924,"href":"https:\/\/gysfm.com.ar\/inicio\/wp-json\/wp\/v2\/posts\/193922\/revisions\/193924"}],"wp:featuredmedia":[{"embeddable":true,"href":"https:\/\/gysfm.com.ar\/inicio\/wp-json\/wp\/v2\/media\/193923"}],"wp:attachment":[{"href":"https:\/\/gysfm.com.ar\/inicio\/wp-json\/wp\/v2\/media?parent=193922"}],"wp:term":[{"taxonomy":"category","embeddable":true,"href":"https:\/\/gysfm.com.ar\/inicio\/wp-json\/wp\/v2\/categories?post=193922"},{"taxonomy":"post_tag","embeddable":true,"href":"https:\/\/gysfm.com.ar\/inicio\/wp-json\/wp\/v2\/tags?post=193922"}],"curies":[{"name":"wp","href":"https:\/\/api.w.org\/{rel}","templated":true}]}}