{"id":193906,"date":"2026-04-30T13:43:05","date_gmt":"2026-04-30T16:43:05","guid":{"rendered":"https:\/\/gysfm.com.ar\/inicio\/alerta-en-la-molineria-pese-a-la-cosecha-record-advierten-faltante-de-trigo-para-panificacion\/"},"modified":"2026-04-30T13:43:05","modified_gmt":"2026-04-30T16:43:05","slug":"alerta-en-la-molineria-pese-a-la-cosecha-record-advierten-faltante-de-trigo-para-panificacion","status":"publish","type":"post","link":"https:\/\/gysfm.com.ar\/inicio\/alerta-en-la-molineria-pese-a-la-cosecha-record-advierten-faltante-de-trigo-para-panificacion\/","title":{"rendered":"Alerta en la moliner\u00eda: pese a la cosecha r\u00e9cord, advierten faltante de trigo para panificaci\u00f3n"},"content":{"rendered":"<p><\/p>\n<div id=\"article-content\">\n<p>La campa\u00f1a triguera 2025\/26 en Argentina alcanz\u00f3 cifras hist\u00f3ricas, pero la <a target=\"_blank\" href=\"https:\/\/www.perfil.com\/noticias\/canal-e\/eugenia-muzio-estamos-viendo-numeros-muy-malos-en-los-sectores-que-mas-dinamizan-la-economia.phtml\">industria molinera<\/a> atraviesa una situaci\u00f3n parad\u00f3jica: pese a la cosecha r\u00e9cord, advierte problemas de abastecimiento y escasez de <a target=\"_blank\" href=\"https:\/\/www.perfil.com\/noticias\/canal-e\/reforma-electoral-en-debate-criticas-a-las-paso-financiamiento-y-el-riesgo-de-adelantar-elecciones.phtml\">trigo<\/a> con calidad panadera.<\/p>\n<p>Seg\u00fan datos oficiales, la producci\u00f3n total lleg\u00f3 a 27,9 millones de toneladas, un 50% m\u00e1s que en el ciclo anterior. Sin embargo, este salto productivo no se traduce en una mayor actividad industrial.<\/p>\n<p>Durante el primer cuatrimestre del ciclo comercial, la molienda alcanz\u00f3 1,96 millones de toneladas, apenas un 1% m\u00e1s que en igual per\u00edodo del a\u00f1o pasado.<\/p>\n<h2><strong>Cosecha r\u00e9cord con impacto limitado en la molienda<\/strong><\/h2>\n<p><strong>\u00abEl crecimiento de la molienda est\u00e1 muy lejos de reflejar la magnitud de la cosecha\u00bb<\/strong>, se\u00f1al\u00f3 <strong>Diego Cifarelli<\/strong>, presidente de la <strong>Federaci\u00f3n Argentina de la Industria Molinera (FAIM)<\/strong>.<\/p>\n<p>El dirigente explic\u00f3 que, si bien al inicio de la campa\u00f1a se detectaron problemas de calidad, no se esperaba un escenario de escasez en un contexto de producci\u00f3n r\u00e9cord.<\/p>\n<h2><strong>Exportaciones en alza y menor disponibilidad en el mercado interno<\/strong><\/h2>\n<p>Uno de los factores que explica esta situaci\u00f3n es la fuerte presi\u00f3n exportadora. Al 15 de abril, las exportaciones ya hab\u00edan adquirido 14,47 millones de toneladas de trigo, muy por encima de los 9,66 millones registrados en el mismo per\u00edodo del a\u00f1o anterior.<\/p>\n<p>En contraste, la moliner\u00eda compr\u00f3 2,6 millones de toneladas, pr\u00e1cticamente sin variaci\u00f3n interanual, lo que reduce la disponibilidad de grano en el mercado interno.<\/p>\n<h2><strong>Escasez de trigo panadero y suba de precios<\/strong><\/h2>\n<p>Esta din\u00e1mica obliga a los molinos a competir con precios m\u00e1s altos para acceder a partidas de calidad.<\/p>\n<p><strong>\u00abLa moliner\u00eda suele ofrecer mejores valores porque reconoce el trigo con aptitud panadera, que no abunda en esta campa\u00f1a\u00bb<\/strong>, explic\u00f3 <strong>Cifarelli<\/strong>.<\/p>\n<p>Sin embargo, advirti\u00f3 que ni siquiera pagando por encima del promedio logran asegurar el volumen necesario, lo que profundiza el problema de abastecimiento.<\/p>\n<h2><strong>Problemas de calidad en la producci\u00f3n<\/strong><\/h2>\n<p>El problema no es solo de cantidad, sino tambi\u00e9n de calidad. Los molinos necesitan trigo con caracter\u00edsticas espec\u00edficas para la elaboraci\u00f3n de harina.<\/p>\n<p>Gran parte de la producci\u00f3n actual no cumple con esos est\u00e1ndares, lo que limita a\u00fan m\u00e1s la oferta disponible para la industria.<\/p>\n<h2><strong>Factores econ\u00f3micos que frenan la comercializaci\u00f3n<\/strong><\/h2>\n<p>A este escenario se suman factores econ\u00f3micos que incentivan la retenci\u00f3n del grano por parte de los productores.<\/p>\n<p>Por un lado, la buena liquidez generada por la cosecha r\u00e9cord de ma\u00edz temprano reduce la necesidad de vender trigo de inmediato. Por otro, el encarecimiento de los fertilizantes deteriora el poder de compra del cereal.<\/p>\n<h2><strong>Impacto en la industria y riesgo para la cadena agroindustrial<\/strong><\/h2>\n<p><strong>\u00abConfi\u00e1bamos en una mayor actividad este a\u00f1o, pero a este ritmo de compras no vamos a poder cumplir las expectativas\u00bb<\/strong>, sostuvo <strong>Cifarelli<\/strong>.<\/p>\n<p>El impacto potencial va m\u00e1s all\u00e1 de la moliner\u00eda: una menor actividad industrial implica menos generaci\u00f3n de empleo y menor valor agregado en origen.<\/p>\n<p>As\u00ed, el mercado del trigo enfrenta un desbalance entre producci\u00f3n, calidad y comercializaci\u00f3n, que pone en tensi\u00f3n a toda la cadena y abre interrogantes sobre la disponibilidad futura de harina en el mercado interno.<\/p>\n<\/p><\/div>\n<p><script>\n                !function(f,b,e,v,n,t,s)\n                {if(f.fbq)return;n=f.fbq=function(){n.callMethod?\n                    n.callMethod.apply(n,arguments):n.queue.push(arguments)};\n                    if(!f._fbq)f._fbq=n;n.push=n;n.loaded=!0;n.version='2.0';\n                    n.queue=[];t=b.createElement(e);t.async=!0;\n                    t.src=v;s=b.getElementsByTagName(e)[0];\n                    s.parentNode.insertBefore(t,s)}(window, document,'script',\n                    'https:\/\/connect.facebook.net\/en_US\/fbevents.js');\n                window.paywallConfig.facebook_pixel=\"1000228364089342\"\n            <\/script><\/p>\n","protected":false},"excerpt":{"rendered":"<p>La campa\u00f1a triguera 2025\/26 en Argentina alcanz\u00f3 cifras hist\u00f3ricas, pero la industria molinera atraviesa una situaci\u00f3n parad\u00f3jica: pese a la cosecha r\u00e9cord, advierte problemas de abastecimiento y escasez de trigo con calidad panadera. Seg\u00fan datos oficiales, la producci\u00f3n total lleg\u00f3 a 27,9 millones de toneladas, un 50% m\u00e1s que en el ciclo anterior. Sin embargo, [&hellip;]<\/p>\n","protected":false},"author":2,"featured_media":193907,"comment_status":"closed","ping_status":"closed","sticky":false,"template":"","format":"standard","meta":{"footnotes":""},"categories":[25],"tags":[],"class_list":["post-193906","post","type-post","status-publish","format-standard","has-post-thumbnail","hentry","category-nacionales"],"yoast_head":"<!-- This site is optimized with the Yoast SEO plugin v24.4 - https:\/\/yoast.com\/wordpress\/plugins\/seo\/ -->\n<title>Alerta en la moliner\u00eda: pese a la cosecha r\u00e9cord, advierten faltante de trigo para panificaci\u00f3n - GYS NOTICIAS |<\/title>\n<meta name=\"robots\" content=\"index, follow, max-snippet:-1, max-image-preview:large, max-video-preview:-1\" \/>\n<link rel=\"canonical\" href=\"https:\/\/gysfm.com.ar\/inicio\/alerta-en-la-molineria-pese-a-la-cosecha-record-advierten-faltante-de-trigo-para-panificacion\/\" \/>\n<meta property=\"og:locale\" content=\"es_ES\" \/>\n<meta property=\"og:type\" content=\"article\" \/>\n<meta property=\"og:title\" content=\"Alerta en la moliner\u00eda: pese a la cosecha r\u00e9cord, advierten faltante de trigo para panificaci\u00f3n - GYS NOTICIAS |\" \/>\n<meta property=\"og:description\" content=\"La campa\u00f1a triguera 2025\/26 en Argentina alcanz\u00f3 cifras hist\u00f3ricas, pero la industria molinera atraviesa una situaci\u00f3n parad\u00f3jica: pese a la cosecha r\u00e9cord, advierte problemas de abastecimiento y escasez de trigo con calidad panadera. Seg\u00fan datos oficiales, la producci\u00f3n total lleg\u00f3 a 27,9 millones de toneladas, un 50% m\u00e1s que en el ciclo anterior. Sin embargo, [&hellip;]\" \/>\n<meta property=\"og:url\" content=\"https:\/\/gysfm.com.ar\/inicio\/alerta-en-la-molineria-pese-a-la-cosecha-record-advierten-faltante-de-trigo-para-panificacion\/\" \/>\n<meta property=\"og:site_name\" content=\"GYS NOTICIAS |\" \/>\n<meta property=\"article:published_time\" content=\"2026-04-30T16:43:05+00:00\" \/>\n<meta name=\"author\" content=\"Prensa G&amp;S FM\" \/>\n<meta name=\"twitter:card\" content=\"summary_large_image\" \/>\n<meta name=\"twitter:label1\" content=\"Escrito por\" \/>\n\t<meta name=\"twitter:data1\" content=\"Prensa G&amp;S FM\" \/>\n\t<meta name=\"twitter:label2\" content=\"Tiempo de lectura\" \/>\n\t<meta name=\"twitter:data2\" content=\"3 minutos\" \/>\n<script type=\"application\/ld+json\" class=\"yoast-schema-graph\">{\"@context\":\"https:\/\/schema.org\",\"@graph\":[{\"@type\":\"Article\",\"@id\":\"https:\/\/gysfm.com.ar\/inicio\/alerta-en-la-molineria-pese-a-la-cosecha-record-advierten-faltante-de-trigo-para-panificacion\/#article\",\"isPartOf\":{\"@id\":\"https:\/\/gysfm.com.ar\/inicio\/alerta-en-la-molineria-pese-a-la-cosecha-record-advierten-faltante-de-trigo-para-panificacion\/\"},\"author\":{\"name\":\"Prensa G&amp;S FM\",\"@id\":\"https:\/\/gysfm.com.ar\/inicio\/#\/schema\/person\/3abba7593ef2ad19e1be221d54383dc5\"},\"headline\":\"Alerta en la moliner\u00eda: pese a la cosecha r\u00e9cord, advierten faltante de trigo para panificaci\u00f3n\",\"datePublished\":\"2026-04-30T16:43:05+00:00\",\"mainEntityOfPage\":{\"@id\":\"https:\/\/gysfm.com.ar\/inicio\/alerta-en-la-molineria-pese-a-la-cosecha-record-advierten-faltante-de-trigo-para-panificacion\/\"},\"wordCount\":565,\"publisher\":{\"@id\":\"https:\/\/gysfm.com.ar\/inicio\/#organization\"},\"image\":{\"@id\":\"https:\/\/gysfm.com.ar\/inicio\/alerta-en-la-molineria-pese-a-la-cosecha-record-advierten-faltante-de-trigo-para-panificacion\/#primaryimage\"},\"thumbnailUrl\":\"https:\/\/gysfm.com.ar\/inicio\/wp-content\/uploads\/2026\/04\/trigo-2230554.jpg\",\"articleSection\":[\"NACIONALES\"],\"inLanguage\":\"es\"},{\"@type\":\"WebPage\",\"@id\":\"https:\/\/gysfm.com.ar\/inicio\/alerta-en-la-molineria-pese-a-la-cosecha-record-advierten-faltante-de-trigo-para-panificacion\/\",\"url\":\"https:\/\/gysfm.com.ar\/inicio\/alerta-en-la-molineria-pese-a-la-cosecha-record-advierten-faltante-de-trigo-para-panificacion\/\",\"name\":\"Alerta en la moliner\u00eda: pese a la cosecha r\u00e9cord, advierten faltante de trigo para panificaci\u00f3n - GYS NOTICIAS |\",\"isPartOf\":{\"@id\":\"https:\/\/gysfm.com.ar\/inicio\/#website\"},\"primaryImageOfPage\":{\"@id\":\"https:\/\/gysfm.com.ar\/inicio\/alerta-en-la-molineria-pese-a-la-cosecha-record-advierten-faltante-de-trigo-para-panificacion\/#primaryimage\"},\"image\":{\"@id\":\"https:\/\/gysfm.com.ar\/inicio\/alerta-en-la-molineria-pese-a-la-cosecha-record-advierten-faltante-de-trigo-para-panificacion\/#primaryimage\"},\"thumbnailUrl\":\"https:\/\/gysfm.com.ar\/inicio\/wp-content\/uploads\/2026\/04\/trigo-2230554.jpg\",\"datePublished\":\"2026-04-30T16:43:05+00:00\",\"breadcrumb\":{\"@id\":\"https:\/\/gysfm.com.ar\/inicio\/alerta-en-la-molineria-pese-a-la-cosecha-record-advierten-faltante-de-trigo-para-panificacion\/#breadcrumb\"},\"inLanguage\":\"es\",\"potentialAction\":[{\"@type\":\"ReadAction\",\"target\":[\"https:\/\/gysfm.com.ar\/inicio\/alerta-en-la-molineria-pese-a-la-cosecha-record-advierten-faltante-de-trigo-para-panificacion\/\"]}]},{\"@type\":\"ImageObject\",\"inLanguage\":\"es\",\"@id\":\"https:\/\/gysfm.com.ar\/inicio\/alerta-en-la-molineria-pese-a-la-cosecha-record-advierten-faltante-de-trigo-para-panificacion\/#primaryimage\",\"url\":\"https:\/\/gysfm.com.ar\/inicio\/wp-content\/uploads\/2026\/04\/trigo-2230554.jpg\",\"contentUrl\":\"https:\/\/gysfm.com.ar\/inicio\/wp-content\/uploads\/2026\/04\/trigo-2230554.jpg\",\"width\":1140,\"height\":641},{\"@type\":\"BreadcrumbList\",\"@id\":\"https:\/\/gysfm.com.ar\/inicio\/alerta-en-la-molineria-pese-a-la-cosecha-record-advierten-faltante-de-trigo-para-panificacion\/#breadcrumb\",\"itemListElement\":[{\"@type\":\"ListItem\",\"position\":1,\"name\":\"Portada\",\"item\":\"https:\/\/gysfm.com.ar\/inicio\/\"},{\"@type\":\"ListItem\",\"position\":2,\"name\":\"Alerta en la moliner\u00eda: pese a la cosecha r\u00e9cord, advierten faltante de trigo para panificaci\u00f3n\"}]},{\"@type\":\"WebSite\",\"@id\":\"https:\/\/gysfm.com.ar\/inicio\/#website\",\"url\":\"https:\/\/gysfm.com.ar\/inicio\/\",\"name\":\"GYS NOTICIAS |\",\"description\":\"DIARIO - RADIO ONLINE SAN JUAN ARGENTINA\",\"publisher\":{\"@id\":\"https:\/\/gysfm.com.ar\/inicio\/#organization\"},\"potentialAction\":[{\"@type\":\"SearchAction\",\"target\":{\"@type\":\"EntryPoint\",\"urlTemplate\":\"https:\/\/gysfm.com.ar\/inicio\/?s={search_term_string}\"},\"query-input\":{\"@type\":\"PropertyValueSpecification\",\"valueRequired\":true,\"valueName\":\"search_term_string\"}}],\"inLanguage\":\"es\"},{\"@type\":\"Organization\",\"@id\":\"https:\/\/gysfm.com.ar\/inicio\/#organization\",\"name\":\"GYS NOTICIAS |\",\"url\":\"https:\/\/gysfm.com.ar\/inicio\/\",\"logo\":{\"@type\":\"ImageObject\",\"inLanguage\":\"es\",\"@id\":\"https:\/\/gysfm.com.ar\/inicio\/#\/schema\/logo\/image\/\",\"url\":\"https:\/\/gysfm.com.ar\/inicio\/wp-content\/uploads\/2023\/07\/LOGOGYS-OK.png\",\"contentUrl\":\"https:\/\/gysfm.com.ar\/inicio\/wp-content\/uploads\/2023\/07\/LOGOGYS-OK.png\",\"width\":1170,\"height\":872,\"caption\":\"GYS NOTICIAS |\"},\"image\":{\"@id\":\"https:\/\/gysfm.com.ar\/inicio\/#\/schema\/logo\/image\/\"}},{\"@type\":\"Person\",\"@id\":\"https:\/\/gysfm.com.ar\/inicio\/#\/schema\/person\/3abba7593ef2ad19e1be221d54383dc5\",\"name\":\"Prensa G&amp;S FM\",\"image\":{\"@type\":\"ImageObject\",\"inLanguage\":\"es\",\"@id\":\"https:\/\/gysfm.com.ar\/inicio\/#\/schema\/person\/image\/\",\"url\":\"https:\/\/secure.gravatar.com\/avatar\/096ec78df02049ab018702bb4ccedf659377fa92a26540b5247612077a0dbd29?s=96&d=mm&r=g\",\"contentUrl\":\"https:\/\/secure.gravatar.com\/avatar\/096ec78df02049ab018702bb4ccedf659377fa92a26540b5247612077a0dbd29?s=96&d=mm&r=g\",\"caption\":\"Prensa G&amp;S FM\"},\"sameAs\":[\"https:\/\/gysfm.com.ar\/\"],\"url\":\"https:\/\/gysfm.com.ar\/inicio\/author\/lucasm\/\"}]}<\/script>\n<!-- \/ Yoast SEO plugin. -->","yoast_head_json":{"title":"Alerta en la moliner\u00eda: pese a la cosecha r\u00e9cord, advierten faltante de trigo para panificaci\u00f3n - GYS NOTICIAS |","robots":{"index":"index","follow":"follow","max-snippet":"max-snippet:-1","max-image-preview":"max-image-preview:large","max-video-preview":"max-video-preview:-1"},"canonical":"https:\/\/gysfm.com.ar\/inicio\/alerta-en-la-molineria-pese-a-la-cosecha-record-advierten-faltante-de-trigo-para-panificacion\/","og_locale":"es_ES","og_type":"article","og_title":"Alerta en la moliner\u00eda: pese a la cosecha r\u00e9cord, advierten faltante de trigo para panificaci\u00f3n - GYS NOTICIAS |","og_description":"La campa\u00f1a triguera 2025\/26 en Argentina alcanz\u00f3 cifras hist\u00f3ricas, pero la industria molinera atraviesa una situaci\u00f3n parad\u00f3jica: pese a la cosecha r\u00e9cord, advierte problemas de abastecimiento y escasez de trigo con calidad panadera. Seg\u00fan datos oficiales, la producci\u00f3n total lleg\u00f3 a 27,9 millones de toneladas, un 50% m\u00e1s que en el ciclo anterior. Sin embargo, [&hellip;]","og_url":"https:\/\/gysfm.com.ar\/inicio\/alerta-en-la-molineria-pese-a-la-cosecha-record-advierten-faltante-de-trigo-para-panificacion\/","og_site_name":"GYS NOTICIAS |","article_published_time":"2026-04-30T16:43:05+00:00","author":"Prensa G&amp;S FM","twitter_card":"summary_large_image","twitter_misc":{"Escrito por":"Prensa G&amp;S FM","Tiempo de lectura":"3 minutos"},"schema":{"@context":"https:\/\/schema.org","@graph":[{"@type":"Article","@id":"https:\/\/gysfm.com.ar\/inicio\/alerta-en-la-molineria-pese-a-la-cosecha-record-advierten-faltante-de-trigo-para-panificacion\/#article","isPartOf":{"@id":"https:\/\/gysfm.com.ar\/inicio\/alerta-en-la-molineria-pese-a-la-cosecha-record-advierten-faltante-de-trigo-para-panificacion\/"},"author":{"name":"Prensa G&amp;S FM","@id":"https:\/\/gysfm.com.ar\/inicio\/#\/schema\/person\/3abba7593ef2ad19e1be221d54383dc5"},"headline":"Alerta en la moliner\u00eda: pese a la cosecha r\u00e9cord, advierten faltante de trigo para panificaci\u00f3n","datePublished":"2026-04-30T16:43:05+00:00","mainEntityOfPage":{"@id":"https:\/\/gysfm.com.ar\/inicio\/alerta-en-la-molineria-pese-a-la-cosecha-record-advierten-faltante-de-trigo-para-panificacion\/"},"wordCount":565,"publisher":{"@id":"https:\/\/gysfm.com.ar\/inicio\/#organization"},"image":{"@id":"https:\/\/gysfm.com.ar\/inicio\/alerta-en-la-molineria-pese-a-la-cosecha-record-advierten-faltante-de-trigo-para-panificacion\/#primaryimage"},"thumbnailUrl":"https:\/\/gysfm.com.ar\/inicio\/wp-content\/uploads\/2026\/04\/trigo-2230554.jpg","articleSection":["NACIONALES"],"inLanguage":"es"},{"@type":"WebPage","@id":"https:\/\/gysfm.com.ar\/inicio\/alerta-en-la-molineria-pese-a-la-cosecha-record-advierten-faltante-de-trigo-para-panificacion\/","url":"https:\/\/gysfm.com.ar\/inicio\/alerta-en-la-molineria-pese-a-la-cosecha-record-advierten-faltante-de-trigo-para-panificacion\/","name":"Alerta en la moliner\u00eda: pese a la cosecha r\u00e9cord, advierten faltante de trigo para panificaci\u00f3n - GYS NOTICIAS |","isPartOf":{"@id":"https:\/\/gysfm.com.ar\/inicio\/#website"},"primaryImageOfPage":{"@id":"https:\/\/gysfm.com.ar\/inicio\/alerta-en-la-molineria-pese-a-la-cosecha-record-advierten-faltante-de-trigo-para-panificacion\/#primaryimage"},"image":{"@id":"https:\/\/gysfm.com.ar\/inicio\/alerta-en-la-molineria-pese-a-la-cosecha-record-advierten-faltante-de-trigo-para-panificacion\/#primaryimage"},"thumbnailUrl":"https:\/\/gysfm.com.ar\/inicio\/wp-content\/uploads\/2026\/04\/trigo-2230554.jpg","datePublished":"2026-04-30T16:43:05+00:00","breadcrumb":{"@id":"https:\/\/gysfm.com.ar\/inicio\/alerta-en-la-molineria-pese-a-la-cosecha-record-advierten-faltante-de-trigo-para-panificacion\/#breadcrumb"},"inLanguage":"es","potentialAction":[{"@type":"ReadAction","target":["https:\/\/gysfm.com.ar\/inicio\/alerta-en-la-molineria-pese-a-la-cosecha-record-advierten-faltante-de-trigo-para-panificacion\/"]}]},{"@type":"ImageObject","inLanguage":"es","@id":"https:\/\/gysfm.com.ar\/inicio\/alerta-en-la-molineria-pese-a-la-cosecha-record-advierten-faltante-de-trigo-para-panificacion\/#primaryimage","url":"https:\/\/gysfm.com.ar\/inicio\/wp-content\/uploads\/2026\/04\/trigo-2230554.jpg","contentUrl":"https:\/\/gysfm.com.ar\/inicio\/wp-content\/uploads\/2026\/04\/trigo-2230554.jpg","width":1140,"height":641},{"@type":"BreadcrumbList","@id":"https:\/\/gysfm.com.ar\/inicio\/alerta-en-la-molineria-pese-a-la-cosecha-record-advierten-faltante-de-trigo-para-panificacion\/#breadcrumb","itemListElement":[{"@type":"ListItem","position":1,"name":"Portada","item":"https:\/\/gysfm.com.ar\/inicio\/"},{"@type":"ListItem","position":2,"name":"Alerta en la moliner\u00eda: pese a la cosecha r\u00e9cord, advierten faltante de trigo para panificaci\u00f3n"}]},{"@type":"WebSite","@id":"https:\/\/gysfm.com.ar\/inicio\/#website","url":"https:\/\/gysfm.com.ar\/inicio\/","name":"GYS NOTICIAS |","description":"DIARIO - RADIO ONLINE SAN JUAN ARGENTINA","publisher":{"@id":"https:\/\/gysfm.com.ar\/inicio\/#organization"},"potentialAction":[{"@type":"SearchAction","target":{"@type":"EntryPoint","urlTemplate":"https:\/\/gysfm.com.ar\/inicio\/?s={search_term_string}"},"query-input":{"@type":"PropertyValueSpecification","valueRequired":true,"valueName":"search_term_string"}}],"inLanguage":"es"},{"@type":"Organization","@id":"https:\/\/gysfm.com.ar\/inicio\/#organization","name":"GYS NOTICIAS |","url":"https:\/\/gysfm.com.ar\/inicio\/","logo":{"@type":"ImageObject","inLanguage":"es","@id":"https:\/\/gysfm.com.ar\/inicio\/#\/schema\/logo\/image\/","url":"https:\/\/gysfm.com.ar\/inicio\/wp-content\/uploads\/2023\/07\/LOGOGYS-OK.png","contentUrl":"https:\/\/gysfm.com.ar\/inicio\/wp-content\/uploads\/2023\/07\/LOGOGYS-OK.png","width":1170,"height":872,"caption":"GYS NOTICIAS |"},"image":{"@id":"https:\/\/gysfm.com.ar\/inicio\/#\/schema\/logo\/image\/"}},{"@type":"Person","@id":"https:\/\/gysfm.com.ar\/inicio\/#\/schema\/person\/3abba7593ef2ad19e1be221d54383dc5","name":"Prensa G&amp;S FM","image":{"@type":"ImageObject","inLanguage":"es","@id":"https:\/\/gysfm.com.ar\/inicio\/#\/schema\/person\/image\/","url":"https:\/\/secure.gravatar.com\/avatar\/096ec78df02049ab018702bb4ccedf659377fa92a26540b5247612077a0dbd29?s=96&d=mm&r=g","contentUrl":"https:\/\/secure.gravatar.com\/avatar\/096ec78df02049ab018702bb4ccedf659377fa92a26540b5247612077a0dbd29?s=96&d=mm&r=g","caption":"Prensa G&amp;S FM"},"sameAs":["https:\/\/gysfm.com.ar\/"],"url":"https:\/\/gysfm.com.ar\/inicio\/author\/lucasm\/"}]}},"_links":{"self":[{"href":"https:\/\/gysfm.com.ar\/inicio\/wp-json\/wp\/v2\/posts\/193906","targetHints":{"allow":["GET"]}}],"collection":[{"href":"https:\/\/gysfm.com.ar\/inicio\/wp-json\/wp\/v2\/posts"}],"about":[{"href":"https:\/\/gysfm.com.ar\/inicio\/wp-json\/wp\/v2\/types\/post"}],"author":[{"embeddable":true,"href":"https:\/\/gysfm.com.ar\/inicio\/wp-json\/wp\/v2\/users\/2"}],"replies":[{"embeddable":true,"href":"https:\/\/gysfm.com.ar\/inicio\/wp-json\/wp\/v2\/comments?post=193906"}],"version-history":[{"count":0,"href":"https:\/\/gysfm.com.ar\/inicio\/wp-json\/wp\/v2\/posts\/193906\/revisions"}],"wp:featuredmedia":[{"embeddable":true,"href":"https:\/\/gysfm.com.ar\/inicio\/wp-json\/wp\/v2\/media\/193907"}],"wp:attachment":[{"href":"https:\/\/gysfm.com.ar\/inicio\/wp-json\/wp\/v2\/media?parent=193906"}],"wp:term":[{"taxonomy":"category","embeddable":true,"href":"https:\/\/gysfm.com.ar\/inicio\/wp-json\/wp\/v2\/categories?post=193906"},{"taxonomy":"post_tag","embeddable":true,"href":"https:\/\/gysfm.com.ar\/inicio\/wp-json\/wp\/v2\/tags?post=193906"}],"curies":[{"name":"wp","href":"https:\/\/api.w.org\/{rel}","templated":true}]}}