{"id":193892,"date":"2026-04-30T12:30:19","date_gmt":"2026-04-30T15:30:19","guid":{"rendered":"https:\/\/gysfm.com.ar\/inicio\/el-jefe-del-pentagono-enfrenta-fuertes-cuestionamientos-por-el-manejo-de-la-guerra-de-iran-en-el-congreso\/"},"modified":"2026-04-30T12:30:20","modified_gmt":"2026-04-30T15:30:20","slug":"el-jefe-del-pentagono-enfrenta-fuertes-cuestionamientos-por-el-manejo-de-la-guerra-de-iran-en-el-congreso","status":"publish","type":"post","link":"https:\/\/gysfm.com.ar\/inicio\/el-jefe-del-pentagono-enfrenta-fuertes-cuestionamientos-por-el-manejo-de-la-guerra-de-iran-en-el-congreso\/","title":{"rendered":"El jefe del Pent\u00e1gono enfrenta fuertes cuestionamientos por el manejo de la guerra de Ir\u00e1n en el Congreso"},"content":{"rendered":"<p> <br \/>\n<\/p>\n<div>\n<p class=\"com-paragraph  --capital --s\">WASHINGTON.\u2013 En un clima de escepticismo por parte de la oposici\u00f3n dem\u00f3cratas,<strong> el secretario de Defensa de Estados Unidos, <\/strong><a href=\"https:\/\/www.lanacion.com.ar\/estados-unidos\/pete-hegseth-secretario-de-guerra-de-eeuu-jamas-poseeran-un-arma-nuclear-nid08042026\/\" target=\"_self\" title=\"https:\/\/www.lanacion.com.ar\/estados-unidos\/pete-hegseth-secretario-de-guerra-de-eeuu-jamas-poseeran-un-arma-nuclear-nid08042026\/\" class=\"com-link break-word\" data-mrf-recirculation=\"n_link_parrafo\"><strong>Pete Hegseth<\/strong><\/a><strong>, enfrent\u00f3 por primera vez preguntas de los legisladores<\/strong> por primera vez desde el inicio de la guerra con Ir\u00e1n, una decisi\u00f3n que muchos consideran ha derivado en un costoso e innecesario conflicto librado sin aprobaci\u00f3n del Congreso.<\/p>\n<p class=\"com-paragraph   --s\">Oficialmente, la audiencia de Hegseth ante la <strong>Comisi\u00f3n de Servicios Armados de la C\u00e1mara de Representantes <\/strong>era sobre el pedido del gobierno del presidente norteamericano, <a href=\"https:\/\/www.lanacion.com.ar\/el-mundo\/guerra-de-estados-unidos-e-israel-contra-iran-en-vivo-tension-en-medio-oriente-nid29042026\/\" target=\"_self\" title=\"https:\/\/www.lanacion.com.ar\/el-mundo\/guerra-de-estados-unidos-e-israel-contra-iran-en-vivo-tension-en-medio-oriente-nid29042026\/\" class=\"com-link break-word\" data-mrf-recirculation=\"n_link_parrafo\"><strong>Donald Trump<\/strong><\/a>, de <strong>aumentar un 42% el presupuesto de defensa de Estados Unidos<\/strong>, para elevarlo a <strong>1,5 billones de d\u00f3lares en 2027<\/strong>.<\/p>\n<div class=\"content-media\">\n<section role=\"button\" class=\"mod-media   \">\n<figure role=\"button\" tabindex=\"0\" class=\"mod-figure \"><figcaption class=\"mod-figcaption\"><span class=\"com-text --caption --twoxs\">Hegseth declara ante el Congreso norteamericano, el 29 de abril de 2026, en Washington, Estados Unidos<\/span><span class=\"com-text --credit --twoxs\">KEVIN DIETSCH &#8211; GETTY IMAGES NORTH AMERICA<\/span><\/figcaption><\/figure>\n<\/section>\n<\/div>\n<p class=\"com-paragraph   --s\">No obstante,<strong> los dem\u00f3cratas r\u00e1pidamente centraron la atenci\u00f3n en el aumento desmedido de los costos de la guerra<\/strong>, la merma en las municiones de Estados Unidos y el bombardeo de una escuela que mat\u00f3 a ni\u00f1os. Algunos legisladores tambi\u00e9n podr\u00edan cuestionar la manera en que el presidene Donald Trump est\u00e1 tratando a pa\u00edses aliados y cu\u00e1n preparada estaba la fuerza militar para derribar drones iran\u00edes, algunos de los cuales penetraron defensas y mataron o hirieron a tropas estadounidenses.<\/p>\n<p class=\"com-paragraph   --s\">\u201cUno puede ganar muchas peque\u00f1as batallas y perder la guerra, por eso <strong>uno desde antes no deber\u00eda meterse torpemente en una guerra<\/strong>\u201d, declar\u00f3 el representante Adam Smith de Washington, el principal dem\u00f3crata del comit\u00e9. <\/p>\n<p class=\"com-paragraph   --s\">\u201cComo lo veo, la estrategia parece ser usar tanta violencia, tantas amenazas, tanta coerci\u00f3n como sea posible para doblegar al mundo a nuestra voluntad. Creo que esa es una estrategia muy peligrosa\u201d, agreg\u00f3.<\/p>\n<p class=\"com-paragraph   --s\"><strong>Hegseth respondi\u00f3 con dureza a los dem\u00f3cratas<\/strong> \u2014y a algunos legisladores republicanos\u2014 al decir que sus dudas sobre el conflicto son uno de los mayores problemas que enfrentan las operaciones militares.<\/p>\n<p class=\"com-paragraph   --s\">\u201cEl mayor desaf\u00edo, el mayor adversario al que nos enfrentamos en este momento son<strong> las palabras irresponsables, ineptas y derrotistas de los dem\u00f3cratas del Congreso y de algunos republicanos<\/strong>\u201d, indic\u00f3 Hegseth.<\/p>\n<div class=\"content-media\">\n<section role=\"button\" class=\"mod-media   \">\n<figure role=\"button\" tabindex=\"0\" class=\"mod-figure \"><figcaption class=\"mod-figcaption\"><span class=\"com-text --caption --twoxs\">Hegseth y el presidente del Estado Mayor Conjunto, el general Dan Caine declaran ante el Congreso norteamericano, el 29 de abril de 2026, en Washington, Estados Unidos<\/span><span class=\"com-text --credit --twoxs\">WIN MCNAMEE &#8211; GETTY IMAGES NORTH AMERICA<\/span><\/figcaption><\/figure>\n<\/section>\n<\/div>\n<p class=\"com-paragraph   --s\">El principal funcionario financiero del Pent\u00e1gono dijo a los legisladores que<strong> el costo estimado de la guerra hasta ahora es de 25.000 millones de d\u00f3lares<\/strong>. Jules Hurst III, subsecretario interino de defensa para finanzas, se\u00f1al\u00f3 que la mayor parte de ese dinero se gast\u00f3 en municiones. Los militares tambi\u00e9n han gastado dinero en llevar a cabo las operaciones y reemplazar equipo.<\/p>\n<p class=\"com-paragraph   --s\">Legisladores tanto del Partido Republicano como de la oposici\u00f3n dem\u00f3crata <strong>ya se han mostrado insatisfechos con la informaci\u00f3n sobre la guerra <\/strong>proporcionada por el gobierno en reuniones reservadas.<\/p>\n<p class=\"com-paragraph   --s\">Aunque ahora est\u00e1 en vigor un fr\u00e1gil alto el fuego, <strong>Estados Unidos e Israel iniciaron la guerra el 28 de febrero sin supervisi\u00f3n del Congreso<\/strong>. Los republicanos han frustrado los intentos de los dem\u00f3cratas en la C\u00e1mara y del Senado de aprobar <strong>resoluciones que habr\u00edan exigido a Trump detener el conflicto <\/strong>hasta que el Congreso autorice nuevas acciones.<\/p>\n<p class=\"com-paragraph   --s\">Los republicanos han dicho que, por ahora, <strong>mantendr\u00e1n su confianza en el liderazgo de <\/strong><a href=\"https:\/\/www.lanacion.com.ar\/el-mundo\/trump-lanzo-una-amenaza-a-iran-y-compartio-una-imagen-suya-con-un-fusil-creada-con-ia-nid29042026\/\" target=\"_self\" title=\"https:\/\/www.lanacion.com.ar\/el-mundo\/trump-lanzo-una-amenaza-a-iran-y-compartio-una-imagen-suya-con-un-fusil-creada-con-ia-nid29042026\/\" class=\"com-link break-word\" data-mrf-recirculation=\"n_link_parrafo\"><strong>Trump<\/strong><\/a><strong> en la guerra<\/strong>, citando el programa nuclear de Ir\u00e1n, la posibilidad de que se reanuden las conversaciones y lo mucho que est\u00e1 en juego si se produce una retirada. Aun as\u00ed, <strong>los republicanos est\u00e1n ansiosos por que el conflicto termine<\/strong>, y algunos ya miran a futuras votaciones que podr\u00edan convertirse en una prueba importante para el presidente norteamericano.<\/p>\n<div class=\"content-media\">\n<section role=\"button\" class=\"mod-media   \">\n<figure role=\"button\" tabindex=\"0\" class=\"mod-figure \"><figcaption class=\"mod-figcaption\"><span class=\"com-text --caption --twoxs\">El presidente del Estado Mayor Conjunto, el general Dan Caine, declara ante el Congreso norteamericano, el 29 de abril de 2026, en Washington, Estados Unidos<\/span><span class=\"com-text --credit --twoxs\">KEVIN DIETSCH &#8211; GETTY IMAGES NORTH AMERICA<\/span><\/figcaption><\/figure>\n<\/section>\n<\/div>\n<p class=\"com-paragraph   --s\">El representante republicano Mike Rogers, presidente del Comit\u00e9 de Servicios Armados, abri\u00f3 la audiencia del mi\u00e9rcoles centr\u00e1ndose en el llamado de Trump a aumentar el gasto militar. Se\u00f1al\u00f3 los recientes aumentos del gasto en defensa por parte de China, Rusia e Ir\u00e1n.<\/p>\n<p class=\"com-paragraph   --s\">\u201cNo tenemos suficientes municiones, buques, aeronaves o sistemas aut\u00f3nomos para garantizar el dominio frente a cada adversario\u201d, apunt\u00f3 Rogers. \u201cEllos est\u00e1n gastando m\u00e1s de su PIB en defensa que nosotros\u201d.<\/p>\n<p class=\"com-paragraph   --s\">El cierre por parte de Ir\u00e1n del <a href=\"https:\/\/www.lanacion.com.ar\/el-mundo\/un-yate-de-lujo-de-un-oligarca-ruso-atraveso-el-estrecho-de-ormuz-sin-problemas-pese-al-bloqueo-nid28042026\/\" target=\"_self\" title=\"https:\/\/www.lanacion.com.ar\/el-mundo\/un-yate-de-lujo-de-un-oligarca-ruso-atraveso-el-estrecho-de-ormuz-sin-problemas-pese-al-bloqueo-nid28042026\/\" class=\"com-link break-word\" data-mrf-recirculation=\"n_link_parrafo\"><strong>estrecho de Ormuz<\/strong><\/a>, un corredor mar\u00edtimo vital para el transporte del petr\u00f3leo mundial, ha disparado los precios del combustible y <strong>ha planteado problemas a los republicanos de cara a las elecciones de mitad de mandato<\/strong>. Estados Unidos ha respondido con un bloqueo naval de Ir\u00e1n y ha reforzado a\u00fan m\u00e1s sus fuerzas militares en la regi\u00f3n, <strong>con tres portaaviones en Medio Oriente por primera vez en m\u00e1s de 20 a\u00f1os<\/strong>.<\/p>\n<p class=\"com-paragraph   --s\">Los pa\u00edses en conflicto parecen atrapados en un punto muerto, y es <strong>poco probable que Trump acepte la m\u00e1s reciente oferta de Teher\u00e1n <\/strong>de reabrir el estrecho si Estados Unidos pone fin a la guerra, levanta su bloqueo mar\u00edtimo y pospone las conversaciones nucleares.<\/p>\n<p class=\"com-paragraph   --s\">Hegseth ha evitado responder p\u00fablicamente a preguntas de legisladores sobre la guerra, <strong>aunque \u00e9l y el general Dan Caine han ofrecido sesiones informativas televisadas desde el Pent\u00e1gono<\/strong>. Hegseth usualmente responde a preguntas de periodistas amigos y <strong>cita pasajes de la Biblia para arremeter contra los medios tradicionales<\/strong>.<\/p>\n<p class=\"com-paragraph   --s\"><strong>El secretario de Defensa enfrenta una din\u00e1mica muy distinta el mi\u00e9rcoles<\/strong>, as\u00ed como el jueves, cuando \u00e9l y Caine comparezcan ante el Comit\u00e9 de Servicios Armados del Senado. <strong>Las preguntas de los legisladores podr\u00edan ir incluso m\u00e1s all\u00e1 del presupuesto o la guerra <\/strong>y abordar <a href=\"https:\/\/www.lanacion.com.ar\/estados-unidos\/el-jefe-del-pentagono-echa-al-numero-uno-del-ejercito-en-medio-de-la-guerra-en-iran-nid02042026\/\" target=\"_self\" title=\"https:\/\/www.lanacion.com.ar\/estados-unidos\/el-jefe-del-pentagono-echa-al-numero-uno-del-ejercito-en-medio-de-la-guerra-en-iran-nid02042026\/\" class=\"com-link break-word\" data-mrf-recirculation=\"n_link_parrafo\">la destituci\u00f3n por parte de Hegseth<\/a> de altos mandos militares.<\/p>\n<div class=\"content-media\">\n<section role=\"button\" class=\"mod-media   \">\n<figure role=\"button\" tabindex=\"0\" class=\"mod-figure \"><figcaption class=\"mod-figcaption\"><span class=\"com-text --caption --twoxs\">Hegseth se levanta de la mesa de testigos durante una pausa en su audiencia ante el Congreso norteamericano, el 29 de abril de 2026, en Washington, Estados Unidos<\/span><span class=\"com-text --credit --twoxs\">WIN MCNAMEE &#8211; GETTY IMAGES NORTH AMERICA<\/span><\/figcaption><\/figure>\n<\/section>\n<\/div>\n<p class=\"com-paragraph   --s\">Adem\u00e1s de la salida del secretario de la Marina, <strong>John Phelan<\/strong>, la semana pasada, Hegseth destituy\u00f3 recientemente al oficial uniformado de mayor rango del Ej\u00e9rcito, el general <strong>Randy George<\/strong>, <strong>as\u00ed como a varios otros generales, almirantes y altos responsables de defensa<\/strong>.<\/p>\n<p class=\"com-paragraph   --s\"><strong>\u201cD\u00edganos por qu\u00e9. Usted sabe que estos son cargos importantes. Estamos en postura de guerra con Ir\u00e1n\u201d<\/strong>, manifest\u00f3 el senador de Carolina del Norte <strong>Thom Tillis<\/strong>, un republicano.<\/p>\n<p class=\"com-paragraph   --s\">Tillis, cuyo voto fue crucial para confirmar al secretario de Defensa, a\u00f1adi\u00f3 que la gesti\u00f3n de Hegseth al frente del Pent\u00e1gono <strong>le hab\u00eda hecho replantearse su apoyo<\/strong>.<\/p>\n<div class=\"content-media\">\n<section role=\"button\" class=\"mod-media   \">\n<figure role=\"button\" tabindex=\"0\" class=\"mod-figure \"><figcaption class=\"mod-figcaption\"><span class=\"com-text --caption --twoxs\">Hegseth se retira de su testimonio durante una pausa en su audiencia ante el Congreso norteamericano, el 29 de abril de 2026, en Washington, Estados Unidos<\/span><span class=\"com-text --credit --twoxs\">WIN MCNAMEE &#8211; GETTY IMAGES NORTH AMERICA<\/span><\/figcaption><\/figure>\n<\/section>\n<\/div>\n<p class=\"com-paragraph   --s\">\u201cPuede que sea capaz de arreglarlo, pero, a primera vista, <strong>uno no deber\u00eda despedir a tantos funcionarios de alto nivel, almirantes y generales<\/strong>, tan respetables\u201d, agreg\u00f3 Tillis.<\/p>\n<p class=\"com-paragraph   --s\">El representante <strong>Austin Scott<\/strong>, republicano de Georgia, <strong>conden\u00f3 la destituci\u00f3n de George durante una audiencia <\/strong>del Comit\u00e9 de Servicios Armados de la C\u00e1mara de Representantes la semana pasada, al se\u00f1alar que <strong>\u201calgunos de nosotros no hemos terminado de hacer preguntas sobre eso\u201d<\/strong>.<\/p>\n<p class=\"com-paragraph   --s\">\u201cCreo que el despido del general George <strong>fue un perjuicio extremo para el Ej\u00e9rcito de Estados Unidos<\/strong>\u201d, sostuvo Scott. <strong>\u201cY creo que fue una conducta irresponsable\u201d<\/strong>, agreg\u00f3.<\/p>\n<p class=\"com-paragraph   --s\"><strong>Agencias AP y AFP<\/strong><\/p>\n<section class=\"container-center-100 mb-40 border border-bottom border-thin border-neutral-light-700\">\n<hr\/>\n<\/section>\n<\/div>\n<p><script id=\"facebookpixel\" defer=\"\" type=\"text\/javascript\">\n        !function(f,b,e,v,n,t,s)\n        {if(f.fbq)return;n=f.fbq=function(){n.callMethod?\n        n.callMethod.apply(n,arguments):n.queue.push(arguments)};\n        if(!f._fbq)f._fbq=n;n.push=n;n.loaded=!0;n.version='2.0';\n        n.queue=[];t=b.createElement(e);t.async=!0;\n        t.src=v;s=b.getElementsByTagName(e)[0];\n        s.parentNode.insertBefore(t,s)}(window, document,'script',\n        'https:\/\/connect.facebook.net\/en_US\/fbevents.js');\n        fbq('init', '492459597522335');\n        fbq('track', 'PageView');\n    <\/script><br \/>\n<br \/><\/p>\n","protected":false},"excerpt":{"rendered":"<p>WASHINGTON.\u2013 En un clima de escepticismo por parte de la oposici\u00f3n dem\u00f3cratas, el secretario de Defensa de Estados Unidos, Pete Hegseth, enfrent\u00f3 por primera vez preguntas de los legisladores por primera vez desde el inicio de la guerra con Ir\u00e1n, una decisi\u00f3n que muchos consideran ha derivado en un costoso e innecesario conflicto librado sin [&hellip;]<\/p>\n","protected":false},"author":2,"featured_media":193893,"comment_status":"closed","ping_status":"closed","sticky":false,"template":"","format":"standard","meta":{"footnotes":""},"categories":[26],"tags":[],"class_list":["post-193892","post","type-post","status-publish","format-standard","has-post-thumbnail","hentry","category-internacionales"],"yoast_head":"<!-- This site is optimized with the Yoast SEO plugin v24.4 - https:\/\/yoast.com\/wordpress\/plugins\/seo\/ -->\n<title>El jefe del Pent\u00e1gono enfrenta fuertes cuestionamientos por el manejo de la guerra de Ir\u00e1n en el Congreso - GYS NOTICIAS |<\/title>\n<meta name=\"robots\" content=\"index, follow, max-snippet:-1, max-image-preview:large, max-video-preview:-1\" \/>\n<link rel=\"canonical\" href=\"https:\/\/gysfm.com.ar\/inicio\/el-jefe-del-pentagono-enfrenta-fuertes-cuestionamientos-por-el-manejo-de-la-guerra-de-iran-en-el-congreso\/\" \/>\n<meta property=\"og:locale\" content=\"es_ES\" \/>\n<meta property=\"og:type\" content=\"article\" \/>\n<meta property=\"og:title\" content=\"El jefe del Pent\u00e1gono enfrenta fuertes cuestionamientos por el manejo de la guerra de Ir\u00e1n en el Congreso - GYS NOTICIAS |\" \/>\n<meta property=\"og:description\" content=\"WASHINGTON.\u2013 En un clima de escepticismo por parte de la oposici\u00f3n dem\u00f3cratas, el secretario de Defensa de Estados Unidos, Pete Hegseth, enfrent\u00f3 por primera vez preguntas de los legisladores por primera vez desde el inicio de la guerra con Ir\u00e1n, una decisi\u00f3n que muchos consideran ha derivado en un costoso e innecesario conflicto librado sin [&hellip;]\" \/>\n<meta property=\"og:url\" content=\"https:\/\/gysfm.com.ar\/inicio\/el-jefe-del-pentagono-enfrenta-fuertes-cuestionamientos-por-el-manejo-de-la-guerra-de-iran-en-el-congreso\/\" \/>\n<meta property=\"og:site_name\" content=\"GYS NOTICIAS |\" \/>\n<meta property=\"article:published_time\" content=\"2026-04-30T15:30:19+00:00\" \/>\n<meta property=\"article:modified_time\" content=\"2026-04-30T15:30:20+00:00\" \/>\n<meta property=\"og:image\" content=\"https:\/\/gysfm.com.ar\/inicio\/wp-content\/uploads\/2026\/04\/el-secretario-de-defensa-pete-hegseth-comparece-OQ2WVH2YTZFWBCUPZNLDM5KMGQ.JPG\" \/>\n\t<meta property=\"og:image:width\" content=\"1200\" \/>\n\t<meta property=\"og:image:height\" content=\"800\" \/>\n\t<meta property=\"og:image:type\" content=\"image\/jpeg\" \/>\n<meta name=\"author\" content=\"Prensa G&amp;S FM\" \/>\n<meta name=\"twitter:card\" content=\"summary_large_image\" \/>\n<meta name=\"twitter:label1\" content=\"Escrito por\" \/>\n\t<meta name=\"twitter:data1\" content=\"Prensa G&amp;S FM\" \/>\n\t<meta name=\"twitter:label2\" content=\"Tiempo de lectura\" \/>\n\t<meta name=\"twitter:data2\" content=\"6 minutos\" \/>\n<script type=\"application\/ld+json\" class=\"yoast-schema-graph\">{\"@context\":\"https:\/\/schema.org\",\"@graph\":[{\"@type\":\"Article\",\"@id\":\"https:\/\/gysfm.com.ar\/inicio\/el-jefe-del-pentagono-enfrenta-fuertes-cuestionamientos-por-el-manejo-de-la-guerra-de-iran-en-el-congreso\/#article\",\"isPartOf\":{\"@id\":\"https:\/\/gysfm.com.ar\/inicio\/el-jefe-del-pentagono-enfrenta-fuertes-cuestionamientos-por-el-manejo-de-la-guerra-de-iran-en-el-congreso\/\"},\"author\":{\"name\":\"Prensa G&amp;S FM\",\"@id\":\"https:\/\/gysfm.com.ar\/inicio\/#\/schema\/person\/3abba7593ef2ad19e1be221d54383dc5\"},\"headline\":\"El jefe del Pent\u00e1gono enfrenta fuertes cuestionamientos por el manejo de la guerra de Ir\u00e1n en el Congreso\",\"datePublished\":\"2026-04-30T15:30:19+00:00\",\"dateModified\":\"2026-04-30T15:30:20+00:00\",\"mainEntityOfPage\":{\"@id\":\"https:\/\/gysfm.com.ar\/inicio\/el-jefe-del-pentagono-enfrenta-fuertes-cuestionamientos-por-el-manejo-de-la-guerra-de-iran-en-el-congreso\/\"},\"wordCount\":1266,\"publisher\":{\"@id\":\"https:\/\/gysfm.com.ar\/inicio\/#organization\"},\"image\":{\"@id\":\"https:\/\/gysfm.com.ar\/inicio\/el-jefe-del-pentagono-enfrenta-fuertes-cuestionamientos-por-el-manejo-de-la-guerra-de-iran-en-el-congreso\/#primaryimage\"},\"thumbnailUrl\":\"https:\/\/gysfm.com.ar\/inicio\/wp-content\/uploads\/2026\/04\/el-secretario-de-defensa-pete-hegseth-comparece-OQ2WVH2YTZFWBCUPZNLDM5KMGQ.JPG\",\"articleSection\":[\"INTERNACIONALES\"],\"inLanguage\":\"es\"},{\"@type\":\"WebPage\",\"@id\":\"https:\/\/gysfm.com.ar\/inicio\/el-jefe-del-pentagono-enfrenta-fuertes-cuestionamientos-por-el-manejo-de-la-guerra-de-iran-en-el-congreso\/\",\"url\":\"https:\/\/gysfm.com.ar\/inicio\/el-jefe-del-pentagono-enfrenta-fuertes-cuestionamientos-por-el-manejo-de-la-guerra-de-iran-en-el-congreso\/\",\"name\":\"El jefe del Pent\u00e1gono enfrenta fuertes cuestionamientos por el manejo de la guerra de Ir\u00e1n en el Congreso - GYS NOTICIAS |\",\"isPartOf\":{\"@id\":\"https:\/\/gysfm.com.ar\/inicio\/#website\"},\"primaryImageOfPage\":{\"@id\":\"https:\/\/gysfm.com.ar\/inicio\/el-jefe-del-pentagono-enfrenta-fuertes-cuestionamientos-por-el-manejo-de-la-guerra-de-iran-en-el-congreso\/#primaryimage\"},\"image\":{\"@id\":\"https:\/\/gysfm.com.ar\/inicio\/el-jefe-del-pentagono-enfrenta-fuertes-cuestionamientos-por-el-manejo-de-la-guerra-de-iran-en-el-congreso\/#primaryimage\"},\"thumbnailUrl\":\"https:\/\/gysfm.com.ar\/inicio\/wp-content\/uploads\/2026\/04\/el-secretario-de-defensa-pete-hegseth-comparece-OQ2WVH2YTZFWBCUPZNLDM5KMGQ.JPG\",\"datePublished\":\"2026-04-30T15:30:19+00:00\",\"dateModified\":\"2026-04-30T15:30:20+00:00\",\"breadcrumb\":{\"@id\":\"https:\/\/gysfm.com.ar\/inicio\/el-jefe-del-pentagono-enfrenta-fuertes-cuestionamientos-por-el-manejo-de-la-guerra-de-iran-en-el-congreso\/#breadcrumb\"},\"inLanguage\":\"es\",\"potentialAction\":[{\"@type\":\"ReadAction\",\"target\":[\"https:\/\/gysfm.com.ar\/inicio\/el-jefe-del-pentagono-enfrenta-fuertes-cuestionamientos-por-el-manejo-de-la-guerra-de-iran-en-el-congreso\/\"]}]},{\"@type\":\"ImageObject\",\"inLanguage\":\"es\",\"@id\":\"https:\/\/gysfm.com.ar\/inicio\/el-jefe-del-pentagono-enfrenta-fuertes-cuestionamientos-por-el-manejo-de-la-guerra-de-iran-en-el-congreso\/#primaryimage\",\"url\":\"https:\/\/gysfm.com.ar\/inicio\/wp-content\/uploads\/2026\/04\/el-secretario-de-defensa-pete-hegseth-comparece-OQ2WVH2YTZFWBCUPZNLDM5KMGQ.JPG\",\"contentUrl\":\"https:\/\/gysfm.com.ar\/inicio\/wp-content\/uploads\/2026\/04\/el-secretario-de-defensa-pete-hegseth-comparece-OQ2WVH2YTZFWBCUPZNLDM5KMGQ.JPG\",\"width\":1200,\"height\":800},{\"@type\":\"BreadcrumbList\",\"@id\":\"https:\/\/gysfm.com.ar\/inicio\/el-jefe-del-pentagono-enfrenta-fuertes-cuestionamientos-por-el-manejo-de-la-guerra-de-iran-en-el-congreso\/#breadcrumb\",\"itemListElement\":[{\"@type\":\"ListItem\",\"position\":1,\"name\":\"Portada\",\"item\":\"https:\/\/gysfm.com.ar\/inicio\/\"},{\"@type\":\"ListItem\",\"position\":2,\"name\":\"El jefe del Pent\u00e1gono enfrenta fuertes cuestionamientos por el manejo de la guerra de Ir\u00e1n en el Congreso\"}]},{\"@type\":\"WebSite\",\"@id\":\"https:\/\/gysfm.com.ar\/inicio\/#website\",\"url\":\"https:\/\/gysfm.com.ar\/inicio\/\",\"name\":\"GYS NOTICIAS |\",\"description\":\"DIARIO - RADIO ONLINE SAN JUAN ARGENTINA\",\"publisher\":{\"@id\":\"https:\/\/gysfm.com.ar\/inicio\/#organization\"},\"potentialAction\":[{\"@type\":\"SearchAction\",\"target\":{\"@type\":\"EntryPoint\",\"urlTemplate\":\"https:\/\/gysfm.com.ar\/inicio\/?s={search_term_string}\"},\"query-input\":{\"@type\":\"PropertyValueSpecification\",\"valueRequired\":true,\"valueName\":\"search_term_string\"}}],\"inLanguage\":\"es\"},{\"@type\":\"Organization\",\"@id\":\"https:\/\/gysfm.com.ar\/inicio\/#organization\",\"name\":\"GYS NOTICIAS |\",\"url\":\"https:\/\/gysfm.com.ar\/inicio\/\",\"logo\":{\"@type\":\"ImageObject\",\"inLanguage\":\"es\",\"@id\":\"https:\/\/gysfm.com.ar\/inicio\/#\/schema\/logo\/image\/\",\"url\":\"https:\/\/gysfm.com.ar\/inicio\/wp-content\/uploads\/2023\/07\/LOGOGYS-OK.png\",\"contentUrl\":\"https:\/\/gysfm.com.ar\/inicio\/wp-content\/uploads\/2023\/07\/LOGOGYS-OK.png\",\"width\":1170,\"height\":872,\"caption\":\"GYS NOTICIAS |\"},\"image\":{\"@id\":\"https:\/\/gysfm.com.ar\/inicio\/#\/schema\/logo\/image\/\"}},{\"@type\":\"Person\",\"@id\":\"https:\/\/gysfm.com.ar\/inicio\/#\/schema\/person\/3abba7593ef2ad19e1be221d54383dc5\",\"name\":\"Prensa G&amp;S FM\",\"image\":{\"@type\":\"ImageObject\",\"inLanguage\":\"es\",\"@id\":\"https:\/\/gysfm.com.ar\/inicio\/#\/schema\/person\/image\/\",\"url\":\"https:\/\/secure.gravatar.com\/avatar\/096ec78df02049ab018702bb4ccedf659377fa92a26540b5247612077a0dbd29?s=96&d=mm&r=g\",\"contentUrl\":\"https:\/\/secure.gravatar.com\/avatar\/096ec78df02049ab018702bb4ccedf659377fa92a26540b5247612077a0dbd29?s=96&d=mm&r=g\",\"caption\":\"Prensa G&amp;S FM\"},\"sameAs\":[\"https:\/\/gysfm.com.ar\/\"],\"url\":\"https:\/\/gysfm.com.ar\/inicio\/author\/lucasm\/\"}]}<\/script>\n<!-- \/ Yoast SEO plugin. -->","yoast_head_json":{"title":"El jefe del Pent\u00e1gono enfrenta fuertes cuestionamientos por el manejo de la guerra de Ir\u00e1n en el Congreso - GYS NOTICIAS |","robots":{"index":"index","follow":"follow","max-snippet":"max-snippet:-1","max-image-preview":"max-image-preview:large","max-video-preview":"max-video-preview:-1"},"canonical":"https:\/\/gysfm.com.ar\/inicio\/el-jefe-del-pentagono-enfrenta-fuertes-cuestionamientos-por-el-manejo-de-la-guerra-de-iran-en-el-congreso\/","og_locale":"es_ES","og_type":"article","og_title":"El jefe del Pent\u00e1gono enfrenta fuertes cuestionamientos por el manejo de la guerra de Ir\u00e1n en el Congreso - GYS NOTICIAS |","og_description":"WASHINGTON.\u2013 En un clima de escepticismo por parte de la oposici\u00f3n dem\u00f3cratas, el secretario de Defensa de Estados Unidos, Pete Hegseth, enfrent\u00f3 por primera vez preguntas de los legisladores por primera vez desde el inicio de la guerra con Ir\u00e1n, una decisi\u00f3n que muchos consideran ha derivado en un costoso e innecesario conflicto librado sin [&hellip;]","og_url":"https:\/\/gysfm.com.ar\/inicio\/el-jefe-del-pentagono-enfrenta-fuertes-cuestionamientos-por-el-manejo-de-la-guerra-de-iran-en-el-congreso\/","og_site_name":"GYS NOTICIAS |","article_published_time":"2026-04-30T15:30:19+00:00","article_modified_time":"2026-04-30T15:30:20+00:00","og_image":[{"width":1200,"height":800,"url":"https:\/\/gysfm.com.ar\/inicio\/wp-content\/uploads\/2026\/04\/el-secretario-de-defensa-pete-hegseth-comparece-OQ2WVH2YTZFWBCUPZNLDM5KMGQ.JPG","type":"image\/jpeg"}],"author":"Prensa G&amp;S FM","twitter_card":"summary_large_image","twitter_misc":{"Escrito por":"Prensa G&amp;S FM","Tiempo de lectura":"6 minutos"},"schema":{"@context":"https:\/\/schema.org","@graph":[{"@type":"Article","@id":"https:\/\/gysfm.com.ar\/inicio\/el-jefe-del-pentagono-enfrenta-fuertes-cuestionamientos-por-el-manejo-de-la-guerra-de-iran-en-el-congreso\/#article","isPartOf":{"@id":"https:\/\/gysfm.com.ar\/inicio\/el-jefe-del-pentagono-enfrenta-fuertes-cuestionamientos-por-el-manejo-de-la-guerra-de-iran-en-el-congreso\/"},"author":{"name":"Prensa G&amp;S FM","@id":"https:\/\/gysfm.com.ar\/inicio\/#\/schema\/person\/3abba7593ef2ad19e1be221d54383dc5"},"headline":"El jefe del Pent\u00e1gono enfrenta fuertes cuestionamientos por el manejo de la guerra de Ir\u00e1n en el Congreso","datePublished":"2026-04-30T15:30:19+00:00","dateModified":"2026-04-30T15:30:20+00:00","mainEntityOfPage":{"@id":"https:\/\/gysfm.com.ar\/inicio\/el-jefe-del-pentagono-enfrenta-fuertes-cuestionamientos-por-el-manejo-de-la-guerra-de-iran-en-el-congreso\/"},"wordCount":1266,"publisher":{"@id":"https:\/\/gysfm.com.ar\/inicio\/#organization"},"image":{"@id":"https:\/\/gysfm.com.ar\/inicio\/el-jefe-del-pentagono-enfrenta-fuertes-cuestionamientos-por-el-manejo-de-la-guerra-de-iran-en-el-congreso\/#primaryimage"},"thumbnailUrl":"https:\/\/gysfm.com.ar\/inicio\/wp-content\/uploads\/2026\/04\/el-secretario-de-defensa-pete-hegseth-comparece-OQ2WVH2YTZFWBCUPZNLDM5KMGQ.JPG","articleSection":["INTERNACIONALES"],"inLanguage":"es"},{"@type":"WebPage","@id":"https:\/\/gysfm.com.ar\/inicio\/el-jefe-del-pentagono-enfrenta-fuertes-cuestionamientos-por-el-manejo-de-la-guerra-de-iran-en-el-congreso\/","url":"https:\/\/gysfm.com.ar\/inicio\/el-jefe-del-pentagono-enfrenta-fuertes-cuestionamientos-por-el-manejo-de-la-guerra-de-iran-en-el-congreso\/","name":"El jefe del Pent\u00e1gono enfrenta fuertes cuestionamientos por el manejo de la guerra de Ir\u00e1n en el Congreso - GYS NOTICIAS |","isPartOf":{"@id":"https:\/\/gysfm.com.ar\/inicio\/#website"},"primaryImageOfPage":{"@id":"https:\/\/gysfm.com.ar\/inicio\/el-jefe-del-pentagono-enfrenta-fuertes-cuestionamientos-por-el-manejo-de-la-guerra-de-iran-en-el-congreso\/#primaryimage"},"image":{"@id":"https:\/\/gysfm.com.ar\/inicio\/el-jefe-del-pentagono-enfrenta-fuertes-cuestionamientos-por-el-manejo-de-la-guerra-de-iran-en-el-congreso\/#primaryimage"},"thumbnailUrl":"https:\/\/gysfm.com.ar\/inicio\/wp-content\/uploads\/2026\/04\/el-secretario-de-defensa-pete-hegseth-comparece-OQ2WVH2YTZFWBCUPZNLDM5KMGQ.JPG","datePublished":"2026-04-30T15:30:19+00:00","dateModified":"2026-04-30T15:30:20+00:00","breadcrumb":{"@id":"https:\/\/gysfm.com.ar\/inicio\/el-jefe-del-pentagono-enfrenta-fuertes-cuestionamientos-por-el-manejo-de-la-guerra-de-iran-en-el-congreso\/#breadcrumb"},"inLanguage":"es","potentialAction":[{"@type":"ReadAction","target":["https:\/\/gysfm.com.ar\/inicio\/el-jefe-del-pentagono-enfrenta-fuertes-cuestionamientos-por-el-manejo-de-la-guerra-de-iran-en-el-congreso\/"]}]},{"@type":"ImageObject","inLanguage":"es","@id":"https:\/\/gysfm.com.ar\/inicio\/el-jefe-del-pentagono-enfrenta-fuertes-cuestionamientos-por-el-manejo-de-la-guerra-de-iran-en-el-congreso\/#primaryimage","url":"https:\/\/gysfm.com.ar\/inicio\/wp-content\/uploads\/2026\/04\/el-secretario-de-defensa-pete-hegseth-comparece-OQ2WVH2YTZFWBCUPZNLDM5KMGQ.JPG","contentUrl":"https:\/\/gysfm.com.ar\/inicio\/wp-content\/uploads\/2026\/04\/el-secretario-de-defensa-pete-hegseth-comparece-OQ2WVH2YTZFWBCUPZNLDM5KMGQ.JPG","width":1200,"height":800},{"@type":"BreadcrumbList","@id":"https:\/\/gysfm.com.ar\/inicio\/el-jefe-del-pentagono-enfrenta-fuertes-cuestionamientos-por-el-manejo-de-la-guerra-de-iran-en-el-congreso\/#breadcrumb","itemListElement":[{"@type":"ListItem","position":1,"name":"Portada","item":"https:\/\/gysfm.com.ar\/inicio\/"},{"@type":"ListItem","position":2,"name":"El jefe del Pent\u00e1gono enfrenta fuertes cuestionamientos por el manejo de la guerra de Ir\u00e1n en el Congreso"}]},{"@type":"WebSite","@id":"https:\/\/gysfm.com.ar\/inicio\/#website","url":"https:\/\/gysfm.com.ar\/inicio\/","name":"GYS NOTICIAS |","description":"DIARIO - RADIO ONLINE SAN JUAN ARGENTINA","publisher":{"@id":"https:\/\/gysfm.com.ar\/inicio\/#organization"},"potentialAction":[{"@type":"SearchAction","target":{"@type":"EntryPoint","urlTemplate":"https:\/\/gysfm.com.ar\/inicio\/?s={search_term_string}"},"query-input":{"@type":"PropertyValueSpecification","valueRequired":true,"valueName":"search_term_string"}}],"inLanguage":"es"},{"@type":"Organization","@id":"https:\/\/gysfm.com.ar\/inicio\/#organization","name":"GYS NOTICIAS |","url":"https:\/\/gysfm.com.ar\/inicio\/","logo":{"@type":"ImageObject","inLanguage":"es","@id":"https:\/\/gysfm.com.ar\/inicio\/#\/schema\/logo\/image\/","url":"https:\/\/gysfm.com.ar\/inicio\/wp-content\/uploads\/2023\/07\/LOGOGYS-OK.png","contentUrl":"https:\/\/gysfm.com.ar\/inicio\/wp-content\/uploads\/2023\/07\/LOGOGYS-OK.png","width":1170,"height":872,"caption":"GYS NOTICIAS |"},"image":{"@id":"https:\/\/gysfm.com.ar\/inicio\/#\/schema\/logo\/image\/"}},{"@type":"Person","@id":"https:\/\/gysfm.com.ar\/inicio\/#\/schema\/person\/3abba7593ef2ad19e1be221d54383dc5","name":"Prensa G&amp;S FM","image":{"@type":"ImageObject","inLanguage":"es","@id":"https:\/\/gysfm.com.ar\/inicio\/#\/schema\/person\/image\/","url":"https:\/\/secure.gravatar.com\/avatar\/096ec78df02049ab018702bb4ccedf659377fa92a26540b5247612077a0dbd29?s=96&d=mm&r=g","contentUrl":"https:\/\/secure.gravatar.com\/avatar\/096ec78df02049ab018702bb4ccedf659377fa92a26540b5247612077a0dbd29?s=96&d=mm&r=g","caption":"Prensa G&amp;S FM"},"sameAs":["https:\/\/gysfm.com.ar\/"],"url":"https:\/\/gysfm.com.ar\/inicio\/author\/lucasm\/"}]}},"_links":{"self":[{"href":"https:\/\/gysfm.com.ar\/inicio\/wp-json\/wp\/v2\/posts\/193892","targetHints":{"allow":["GET"]}}],"collection":[{"href":"https:\/\/gysfm.com.ar\/inicio\/wp-json\/wp\/v2\/posts"}],"about":[{"href":"https:\/\/gysfm.com.ar\/inicio\/wp-json\/wp\/v2\/types\/post"}],"author":[{"embeddable":true,"href":"https:\/\/gysfm.com.ar\/inicio\/wp-json\/wp\/v2\/users\/2"}],"replies":[{"embeddable":true,"href":"https:\/\/gysfm.com.ar\/inicio\/wp-json\/wp\/v2\/comments?post=193892"}],"version-history":[{"count":1,"href":"https:\/\/gysfm.com.ar\/inicio\/wp-json\/wp\/v2\/posts\/193892\/revisions"}],"predecessor-version":[{"id":193894,"href":"https:\/\/gysfm.com.ar\/inicio\/wp-json\/wp\/v2\/posts\/193892\/revisions\/193894"}],"wp:featuredmedia":[{"embeddable":true,"href":"https:\/\/gysfm.com.ar\/inicio\/wp-json\/wp\/v2\/media\/193893"}],"wp:attachment":[{"href":"https:\/\/gysfm.com.ar\/inicio\/wp-json\/wp\/v2\/media?parent=193892"}],"wp:term":[{"taxonomy":"category","embeddable":true,"href":"https:\/\/gysfm.com.ar\/inicio\/wp-json\/wp\/v2\/categories?post=193892"},{"taxonomy":"post_tag","embeddable":true,"href":"https:\/\/gysfm.com.ar\/inicio\/wp-json\/wp\/v2\/tags?post=193892"}],"curies":[{"name":"wp","href":"https:\/\/api.w.org\/{rel}","templated":true}]}}