{"id":193890,"date":"2026-04-30T12:19:05","date_gmt":"2026-04-30T15:19:05","guid":{"rendered":"https:\/\/gysfm.com.ar\/inicio\/se-ubico-en-el-39-para-abril\/"},"modified":"2026-04-30T12:19:05","modified_gmt":"2026-04-30T15:19:05","slug":"se-ubico-en-el-39-para-abril","status":"publish","type":"post","link":"https:\/\/gysfm.com.ar\/inicio\/se-ubico-en-el-39-para-abril\/","title":{"rendered":"se ubic\u00f3 en el 3,9% para abril"},"content":{"rendered":"<p> <br \/>\n<\/p>\n<div id=\"\">\n<p id=\"p-1777558785854-91270\">La <strong> inflaci\u00f3n <\/strong> esperada a nivel nacional por la poblaci\u00f3n, para los pr\u00f3ximos treinta d\u00edas, es de 3,93% seg\u00fan el promedio y 3% seg\u00fan la mediana, seg\u00fan public\u00f3 en esta jornada el Centro de Investigaci\u00f3n de Finanzas de la <strong>Universidad Di Tella<\/strong>. Adem\u00e1s, la inflaci\u00f3n esperada a nivel nacional para los pr\u00f3ximos doce meses se ubic\u00f3 en 34% seg\u00fan el promedio y en 30% seg\u00fan la mediana.<\/p>\n<\/div>\n<div id=\"\">\n<p id=\"p-1777559382732-10375\">Seg\u00fan especificaron del informe la medici\u00f3n mensual,<strong> \u00aben comparaci\u00f3n con marzo (4% y 3%, respectivamente), se observa una disminuci\u00f3n en el promedio, mientras que la mediana se mantuvo sin cambios\u00bb<\/strong>. En cuanto a la anual, \u00abimplica un aumento de 0,5 puntos porcentuales respecto al mes anterior (33,5%). La mediana se ubic\u00f3 en 30%, sin cambios respecto al mes previo\u00bb.<\/p>\n<\/div>\n<div id=\"\">\n<div contenteditable=\"false\" class=\"embed_cont type_imagen\" id=\"8218320-Libre-49826534_wrap\" style=\"opacity:1;height:auto;\">\n<p>image <span onclick=\"parent.parent.TinyMCETdcuerpo.preview_embed('8218320-Libre-49826534')\" class=\"embed_colapse less\" id=\"8218320-Libre-49826534_colapse\"\/>  <span onclick=\"parent.parent.TinyMCETdcuerpo.delete_embed('8218320-Libre-49826534')\" class=\"embed_delete less\" id=\"8218320-Libre-49826534_delete\"\/><\/p>\n<div id=\"8218320-Libre-49826534_content\" class=\"embed_content\"><img decoding=\"async\" src=\"https:\/\/media.ambito.com\/p\/f3f195cebf00dcc26ffad3e006052c97\/adjuntos\/239\/imagenes\/043\/338\/0043338790\/730x0\/smart\/image.png\" alt=\"\" title=\"\" width=\"730\" height=\"undefined\" id=\"8218320-Libre-49826534_embed\"\/><\/div><\/div>\n<h2 id=\"p-1777559424873-26091\">C\u00f3mo es la inflaci\u00f3n esperada, seg\u00fan las regiones y nivel educativo<\/h2>\n<p id=\"p-1777558811258-43633\">En abril,<strong> las expectativas de inflaci\u00f3n mostraron disminuciones en la Ciudad Aut\u00f3noma de Buenos Aires y el Gran Buenos Aires, y un aumento en el Interior.<\/strong> En el Interior el promedio pas\u00f3 de 32% a 33% (+1,0 p.p.), mientras que en el Gran Buenos Aires disminuy\u00f3 de 35,7% a 35,6% (\u22120,1 p.p.) y en la Ciudad Aut\u00f3noma de Buenos Aires de 36,1% a 35,9% (\u22120,2 p.p.).<\/p>\n<p id=\"p-1777558853734-84772\">En abril, la diferencia entre hogares seg\u00fan nivel educativo \u2014utilizado como aproximaci\u00f3n al nivel de ingresos\u2014 se ubic\u00f3 en 1,5 puntos porcentuales, y se redujo la brecha respecto de marzo, cuando hab\u00eda sido de 2,3 p.p.<\/p>\n<p id=\"p-1777558853735-83604\">En los hogares de mayores ingresos,<strong> la expectativa promedio para los pr\u00f3ximos 12 meses aument\u00f3 de 32,9% a 33,5%, mientras que en los hogares de menores ingresos disminuy\u00f3 de 35,2% a 35%. <\/strong>De esta manera, las expectativas en los hogares de menor nivel educativo se mantienen por encima de las del segmento de mayor nivel educativo, pero la brecha se reduce respecto del mes anterior.<\/p>\n<\/p><\/div>\n<p><script>\n!function(f,b,e,v,n,t,s)\n{if(f.fbq)return;n=f.fbq=function(){n.callMethod?\nn.callMethod.apply(n,arguments):n.queue.push(arguments)};\nif(!f._fbq)f._fbq=n;n.push=n;n.loaded=!0;n.version='2.0';\nn.queue=[];t=b.createElement(e);t.async=!0;\nt.src=v;s=b.getElementsByTagName(e)[0];\ns.parentNode.insertBefore(t,s)}(window,document,'script',\n'https:\/\/connect.facebook.net\/en_US\/fbevents.js');\nfbq('init', '2047048335588113');\nfbq('track', 'PageView');\n<\/script><br \/>\n<br \/><\/p>\n","protected":false},"excerpt":{"rendered":"<p>La inflaci\u00f3n esperada a nivel nacional por la poblaci\u00f3n, para los pr\u00f3ximos treinta d\u00edas, es de 3,93% seg\u00fan el promedio y 3% seg\u00fan la mediana, seg\u00fan public\u00f3 en esta jornada el Centro de Investigaci\u00f3n de Finanzas de la Universidad Di Tella. Adem\u00e1s, la inflaci\u00f3n esperada a nivel nacional para los pr\u00f3ximos doce meses se ubic\u00f3 [&hellip;]<\/p>\n","protected":false},"author":1,"featured_media":170554,"comment_status":"closed","ping_status":"closed","sticky":false,"template":"","format":"standard","meta":{"footnotes":""},"categories":[28],"tags":[],"class_list":["post-193890","post","type-post","status-publish","format-standard","has-post-thumbnail","hentry","category-economia"],"yoast_head":"<!-- This site is optimized with the Yoast SEO plugin v24.4 - https:\/\/yoast.com\/wordpress\/plugins\/seo\/ -->\n<title>se ubic\u00f3 en el 3,9% para abril - GYS NOTICIAS |<\/title>\n<meta name=\"robots\" content=\"index, follow, max-snippet:-1, max-image-preview:large, max-video-preview:-1\" \/>\n<link rel=\"canonical\" href=\"https:\/\/gysfm.com.ar\/inicio\/se-ubico-en-el-39-para-abril\/\" \/>\n<meta property=\"og:locale\" content=\"es_ES\" \/>\n<meta property=\"og:type\" content=\"article\" \/>\n<meta property=\"og:title\" content=\"se ubic\u00f3 en el 3,9% para abril - GYS NOTICIAS |\" \/>\n<meta property=\"og:description\" content=\"La inflaci\u00f3n esperada a nivel nacional por la poblaci\u00f3n, para los pr\u00f3ximos treinta d\u00edas, es de 3,93% seg\u00fan el promedio y 3% seg\u00fan la mediana, seg\u00fan public\u00f3 en esta jornada el Centro de Investigaci\u00f3n de Finanzas de la Universidad Di Tella. Adem\u00e1s, la inflaci\u00f3n esperada a nivel nacional para los pr\u00f3ximos doce meses se ubic\u00f3 [&hellip;]\" \/>\n<meta property=\"og:url\" content=\"https:\/\/gysfm.com.ar\/inicio\/se-ubico-en-el-39-para-abril\/\" \/>\n<meta property=\"og:site_name\" content=\"GYS NOTICIAS |\" \/>\n<meta property=\"article:published_time\" content=\"2026-04-30T15:19:05+00:00\" \/>\n<meta property=\"og:image\" content=\"https:\/\/media.ambito.com\/p\/f3f195cebf00dcc26ffad3e006052c97\/adjuntos\/239\/imagenes\/043\/338\/0043338790\/730x0\/smart\/image.png\" \/>\n<meta name=\"author\" content=\"admin\" \/>\n<meta name=\"twitter:card\" content=\"summary_large_image\" \/>\n<meta name=\"twitter:label1\" content=\"Escrito por\" \/>\n\t<meta name=\"twitter:data1\" content=\"admin\" \/>\n\t<meta name=\"twitter:label2\" content=\"Tiempo de lectura\" \/>\n\t<meta name=\"twitter:data2\" content=\"2 minutos\" \/>\n<script type=\"application\/ld+json\" class=\"yoast-schema-graph\">{\"@context\":\"https:\/\/schema.org\",\"@graph\":[{\"@type\":\"Article\",\"@id\":\"https:\/\/gysfm.com.ar\/inicio\/se-ubico-en-el-39-para-abril\/#article\",\"isPartOf\":{\"@id\":\"https:\/\/gysfm.com.ar\/inicio\/se-ubico-en-el-39-para-abril\/\"},\"author\":{\"name\":\"admin\",\"@id\":\"https:\/\/gysfm.com.ar\/inicio\/#\/schema\/person\/5bedd7ecd35cc35548d89effafa23696\"},\"headline\":\"se ubic\u00f3 en el 3,9% para abril\",\"datePublished\":\"2026-04-30T15:19:05+00:00\",\"mainEntityOfPage\":{\"@id\":\"https:\/\/gysfm.com.ar\/inicio\/se-ubico-en-el-39-para-abril\/\"},\"wordCount\":318,\"publisher\":{\"@id\":\"https:\/\/gysfm.com.ar\/inicio\/#organization\"},\"image\":{\"@id\":\"https:\/\/gysfm.com.ar\/inicio\/se-ubico-en-el-39-para-abril\/#primaryimage\"},\"thumbnailUrl\":\"https:\/\/gysfm.com.ar\/inicio\/wp-content\/uploads\/2025\/12\/supermercados-consumo-gondolas-precios-inflacion.jpg\",\"articleSection\":[\"ECONOMIA\"],\"inLanguage\":\"es\"},{\"@type\":\"WebPage\",\"@id\":\"https:\/\/gysfm.com.ar\/inicio\/se-ubico-en-el-39-para-abril\/\",\"url\":\"https:\/\/gysfm.com.ar\/inicio\/se-ubico-en-el-39-para-abril\/\",\"name\":\"se ubic\u00f3 en el 3,9% para abril - GYS NOTICIAS |\",\"isPartOf\":{\"@id\":\"https:\/\/gysfm.com.ar\/inicio\/#website\"},\"primaryImageOfPage\":{\"@id\":\"https:\/\/gysfm.com.ar\/inicio\/se-ubico-en-el-39-para-abril\/#primaryimage\"},\"image\":{\"@id\":\"https:\/\/gysfm.com.ar\/inicio\/se-ubico-en-el-39-para-abril\/#primaryimage\"},\"thumbnailUrl\":\"https:\/\/gysfm.com.ar\/inicio\/wp-content\/uploads\/2025\/12\/supermercados-consumo-gondolas-precios-inflacion.jpg\",\"datePublished\":\"2026-04-30T15:19:05+00:00\",\"breadcrumb\":{\"@id\":\"https:\/\/gysfm.com.ar\/inicio\/se-ubico-en-el-39-para-abril\/#breadcrumb\"},\"inLanguage\":\"es\",\"potentialAction\":[{\"@type\":\"ReadAction\",\"target\":[\"https:\/\/gysfm.com.ar\/inicio\/se-ubico-en-el-39-para-abril\/\"]}]},{\"@type\":\"ImageObject\",\"inLanguage\":\"es\",\"@id\":\"https:\/\/gysfm.com.ar\/inicio\/se-ubico-en-el-39-para-abril\/#primaryimage\",\"url\":\"https:\/\/gysfm.com.ar\/inicio\/wp-content\/uploads\/2025\/12\/supermercados-consumo-gondolas-precios-inflacion.jpg\",\"contentUrl\":\"https:\/\/gysfm.com.ar\/inicio\/wp-content\/uploads\/2025\/12\/supermercados-consumo-gondolas-precios-inflacion.jpg\",\"width\":1200,\"height\":675},{\"@type\":\"BreadcrumbList\",\"@id\":\"https:\/\/gysfm.com.ar\/inicio\/se-ubico-en-el-39-para-abril\/#breadcrumb\",\"itemListElement\":[{\"@type\":\"ListItem\",\"position\":1,\"name\":\"Portada\",\"item\":\"https:\/\/gysfm.com.ar\/inicio\/\"},{\"@type\":\"ListItem\",\"position\":2,\"name\":\"se ubic\u00f3 en el 3,9% para abril\"}]},{\"@type\":\"WebSite\",\"@id\":\"https:\/\/gysfm.com.ar\/inicio\/#website\",\"url\":\"https:\/\/gysfm.com.ar\/inicio\/\",\"name\":\"GYS NOTICIAS |\",\"description\":\"DIARIO - RADIO ONLINE SAN JUAN ARGENTINA\",\"publisher\":{\"@id\":\"https:\/\/gysfm.com.ar\/inicio\/#organization\"},\"potentialAction\":[{\"@type\":\"SearchAction\",\"target\":{\"@type\":\"EntryPoint\",\"urlTemplate\":\"https:\/\/gysfm.com.ar\/inicio\/?s={search_term_string}\"},\"query-input\":{\"@type\":\"PropertyValueSpecification\",\"valueRequired\":true,\"valueName\":\"search_term_string\"}}],\"inLanguage\":\"es\"},{\"@type\":\"Organization\",\"@id\":\"https:\/\/gysfm.com.ar\/inicio\/#organization\",\"name\":\"GYS NOTICIAS |\",\"url\":\"https:\/\/gysfm.com.ar\/inicio\/\",\"logo\":{\"@type\":\"ImageObject\",\"inLanguage\":\"es\",\"@id\":\"https:\/\/gysfm.com.ar\/inicio\/#\/schema\/logo\/image\/\",\"url\":\"https:\/\/gysfm.com.ar\/inicio\/wp-content\/uploads\/2023\/07\/LOGOGYS-OK.png\",\"contentUrl\":\"https:\/\/gysfm.com.ar\/inicio\/wp-content\/uploads\/2023\/07\/LOGOGYS-OK.png\",\"width\":1170,\"height\":872,\"caption\":\"GYS NOTICIAS |\"},\"image\":{\"@id\":\"https:\/\/gysfm.com.ar\/inicio\/#\/schema\/logo\/image\/\"}},{\"@type\":\"Person\",\"@id\":\"https:\/\/gysfm.com.ar\/inicio\/#\/schema\/person\/5bedd7ecd35cc35548d89effafa23696\",\"name\":\"admin\",\"image\":{\"@type\":\"ImageObject\",\"inLanguage\":\"es\",\"@id\":\"https:\/\/gysfm.com.ar\/inicio\/#\/schema\/person\/image\/\",\"url\":\"https:\/\/secure.gravatar.com\/avatar\/c331d312b5243fb64d5ba28108a447b27c925295129a363082c9ea52c28d32c2?s=96&d=mm&r=g\",\"contentUrl\":\"https:\/\/secure.gravatar.com\/avatar\/c331d312b5243fb64d5ba28108a447b27c925295129a363082c9ea52c28d32c2?s=96&d=mm&r=g\",\"caption\":\"admin\"},\"sameAs\":[\"https:\/\/gysfm.com.ar\/inicio\"],\"url\":\"https:\/\/gysfm.com.ar\/inicio\/author\/admin\/\"}]}<\/script>\n<!-- \/ Yoast SEO plugin. -->","yoast_head_json":{"title":"se ubic\u00f3 en el 3,9% para abril - GYS NOTICIAS |","robots":{"index":"index","follow":"follow","max-snippet":"max-snippet:-1","max-image-preview":"max-image-preview:large","max-video-preview":"max-video-preview:-1"},"canonical":"https:\/\/gysfm.com.ar\/inicio\/se-ubico-en-el-39-para-abril\/","og_locale":"es_ES","og_type":"article","og_title":"se ubic\u00f3 en el 3,9% para abril - GYS NOTICIAS |","og_description":"La inflaci\u00f3n esperada a nivel nacional por la poblaci\u00f3n, para los pr\u00f3ximos treinta d\u00edas, es de 3,93% seg\u00fan el promedio y 3% seg\u00fan la mediana, seg\u00fan public\u00f3 en esta jornada el Centro de Investigaci\u00f3n de Finanzas de la Universidad Di Tella. Adem\u00e1s, la inflaci\u00f3n esperada a nivel nacional para los pr\u00f3ximos doce meses se ubic\u00f3 [&hellip;]","og_url":"https:\/\/gysfm.com.ar\/inicio\/se-ubico-en-el-39-para-abril\/","og_site_name":"GYS NOTICIAS |","article_published_time":"2026-04-30T15:19:05+00:00","og_image":[{"url":"https:\/\/media.ambito.com\/p\/f3f195cebf00dcc26ffad3e006052c97\/adjuntos\/239\/imagenes\/043\/338\/0043338790\/730x0\/smart\/image.png","type":"","width":"","height":""}],"author":"admin","twitter_card":"summary_large_image","twitter_misc":{"Escrito por":"admin","Tiempo de lectura":"2 minutos"},"schema":{"@context":"https:\/\/schema.org","@graph":[{"@type":"Article","@id":"https:\/\/gysfm.com.ar\/inicio\/se-ubico-en-el-39-para-abril\/#article","isPartOf":{"@id":"https:\/\/gysfm.com.ar\/inicio\/se-ubico-en-el-39-para-abril\/"},"author":{"name":"admin","@id":"https:\/\/gysfm.com.ar\/inicio\/#\/schema\/person\/5bedd7ecd35cc35548d89effafa23696"},"headline":"se ubic\u00f3 en el 3,9% para abril","datePublished":"2026-04-30T15:19:05+00:00","mainEntityOfPage":{"@id":"https:\/\/gysfm.com.ar\/inicio\/se-ubico-en-el-39-para-abril\/"},"wordCount":318,"publisher":{"@id":"https:\/\/gysfm.com.ar\/inicio\/#organization"},"image":{"@id":"https:\/\/gysfm.com.ar\/inicio\/se-ubico-en-el-39-para-abril\/#primaryimage"},"thumbnailUrl":"https:\/\/gysfm.com.ar\/inicio\/wp-content\/uploads\/2025\/12\/supermercados-consumo-gondolas-precios-inflacion.jpg","articleSection":["ECONOMIA"],"inLanguage":"es"},{"@type":"WebPage","@id":"https:\/\/gysfm.com.ar\/inicio\/se-ubico-en-el-39-para-abril\/","url":"https:\/\/gysfm.com.ar\/inicio\/se-ubico-en-el-39-para-abril\/","name":"se ubic\u00f3 en el 3,9% para abril - GYS NOTICIAS |","isPartOf":{"@id":"https:\/\/gysfm.com.ar\/inicio\/#website"},"primaryImageOfPage":{"@id":"https:\/\/gysfm.com.ar\/inicio\/se-ubico-en-el-39-para-abril\/#primaryimage"},"image":{"@id":"https:\/\/gysfm.com.ar\/inicio\/se-ubico-en-el-39-para-abril\/#primaryimage"},"thumbnailUrl":"https:\/\/gysfm.com.ar\/inicio\/wp-content\/uploads\/2025\/12\/supermercados-consumo-gondolas-precios-inflacion.jpg","datePublished":"2026-04-30T15:19:05+00:00","breadcrumb":{"@id":"https:\/\/gysfm.com.ar\/inicio\/se-ubico-en-el-39-para-abril\/#breadcrumb"},"inLanguage":"es","potentialAction":[{"@type":"ReadAction","target":["https:\/\/gysfm.com.ar\/inicio\/se-ubico-en-el-39-para-abril\/"]}]},{"@type":"ImageObject","inLanguage":"es","@id":"https:\/\/gysfm.com.ar\/inicio\/se-ubico-en-el-39-para-abril\/#primaryimage","url":"https:\/\/gysfm.com.ar\/inicio\/wp-content\/uploads\/2025\/12\/supermercados-consumo-gondolas-precios-inflacion.jpg","contentUrl":"https:\/\/gysfm.com.ar\/inicio\/wp-content\/uploads\/2025\/12\/supermercados-consumo-gondolas-precios-inflacion.jpg","width":1200,"height":675},{"@type":"BreadcrumbList","@id":"https:\/\/gysfm.com.ar\/inicio\/se-ubico-en-el-39-para-abril\/#breadcrumb","itemListElement":[{"@type":"ListItem","position":1,"name":"Portada","item":"https:\/\/gysfm.com.ar\/inicio\/"},{"@type":"ListItem","position":2,"name":"se ubic\u00f3 en el 3,9% para abril"}]},{"@type":"WebSite","@id":"https:\/\/gysfm.com.ar\/inicio\/#website","url":"https:\/\/gysfm.com.ar\/inicio\/","name":"GYS NOTICIAS |","description":"DIARIO - RADIO ONLINE SAN JUAN ARGENTINA","publisher":{"@id":"https:\/\/gysfm.com.ar\/inicio\/#organization"},"potentialAction":[{"@type":"SearchAction","target":{"@type":"EntryPoint","urlTemplate":"https:\/\/gysfm.com.ar\/inicio\/?s={search_term_string}"},"query-input":{"@type":"PropertyValueSpecification","valueRequired":true,"valueName":"search_term_string"}}],"inLanguage":"es"},{"@type":"Organization","@id":"https:\/\/gysfm.com.ar\/inicio\/#organization","name":"GYS NOTICIAS |","url":"https:\/\/gysfm.com.ar\/inicio\/","logo":{"@type":"ImageObject","inLanguage":"es","@id":"https:\/\/gysfm.com.ar\/inicio\/#\/schema\/logo\/image\/","url":"https:\/\/gysfm.com.ar\/inicio\/wp-content\/uploads\/2023\/07\/LOGOGYS-OK.png","contentUrl":"https:\/\/gysfm.com.ar\/inicio\/wp-content\/uploads\/2023\/07\/LOGOGYS-OK.png","width":1170,"height":872,"caption":"GYS NOTICIAS |"},"image":{"@id":"https:\/\/gysfm.com.ar\/inicio\/#\/schema\/logo\/image\/"}},{"@type":"Person","@id":"https:\/\/gysfm.com.ar\/inicio\/#\/schema\/person\/5bedd7ecd35cc35548d89effafa23696","name":"admin","image":{"@type":"ImageObject","inLanguage":"es","@id":"https:\/\/gysfm.com.ar\/inicio\/#\/schema\/person\/image\/","url":"https:\/\/secure.gravatar.com\/avatar\/c331d312b5243fb64d5ba28108a447b27c925295129a363082c9ea52c28d32c2?s=96&d=mm&r=g","contentUrl":"https:\/\/secure.gravatar.com\/avatar\/c331d312b5243fb64d5ba28108a447b27c925295129a363082c9ea52c28d32c2?s=96&d=mm&r=g","caption":"admin"},"sameAs":["https:\/\/gysfm.com.ar\/inicio"],"url":"https:\/\/gysfm.com.ar\/inicio\/author\/admin\/"}]}},"_links":{"self":[{"href":"https:\/\/gysfm.com.ar\/inicio\/wp-json\/wp\/v2\/posts\/193890","targetHints":{"allow":["GET"]}}],"collection":[{"href":"https:\/\/gysfm.com.ar\/inicio\/wp-json\/wp\/v2\/posts"}],"about":[{"href":"https:\/\/gysfm.com.ar\/inicio\/wp-json\/wp\/v2\/types\/post"}],"author":[{"embeddable":true,"href":"https:\/\/gysfm.com.ar\/inicio\/wp-json\/wp\/v2\/users\/1"}],"replies":[{"embeddable":true,"href":"https:\/\/gysfm.com.ar\/inicio\/wp-json\/wp\/v2\/comments?post=193890"}],"version-history":[{"count":0,"href":"https:\/\/gysfm.com.ar\/inicio\/wp-json\/wp\/v2\/posts\/193890\/revisions"}],"wp:featuredmedia":[{"embeddable":true,"href":"https:\/\/gysfm.com.ar\/inicio\/wp-json\/wp\/v2\/media\/170554"}],"wp:attachment":[{"href":"https:\/\/gysfm.com.ar\/inicio\/wp-json\/wp\/v2\/media?parent=193890"}],"wp:term":[{"taxonomy":"category","embeddable":true,"href":"https:\/\/gysfm.com.ar\/inicio\/wp-json\/wp\/v2\/categories?post=193890"},{"taxonomy":"post_tag","embeddable":true,"href":"https:\/\/gysfm.com.ar\/inicio\/wp-json\/wp\/v2\/tags?post=193890"}],"curies":[{"name":"wp","href":"https:\/\/api.w.org\/{rel}","templated":true}]}}