{"id":193886,"date":"2026-04-30T11:39:05","date_gmt":"2026-04-30T14:39:05","guid":{"rendered":"https:\/\/gysfm.com.ar\/inicio\/milei-doubles-pay-for-cabinet-ministers-via-presidential-decree\/"},"modified":"2026-04-30T11:39:05","modified_gmt":"2026-04-30T14:39:05","slug":"milei-doubles-pay-for-cabinet-ministers-via-presidential-decree","status":"publish","type":"post","link":"https:\/\/gysfm.com.ar\/inicio\/milei-doubles-pay-for-cabinet-ministers-via-presidential-decree\/","title":{"rendered":"Milei doubles pay for Cabinet ministers via presidential decree"},"content":{"rendered":"<p><\/p>\n<div id=\"news-body\" style=\"overflow-x: hidden;\">\n<p>Cabinet Chief Manuel Adorni and his fellow Cabinet ministers are now picking up a gross monthly paycheque of 7,272,091 pesos (around US$5,210), thanks to a decree signed by President Javier Milei.<\/p>\n<p>The data emerges from an government report, which Perfil accessed via a request filed under Law 27,275 (Access to Public Information), which details that this sum consists of a basic salary of 3,300,233 pesos and a complement of 3,971,858 pesos due to the responsibility of the post.<\/p>\n<p>The document, elaborated by the government\u2019s Direcci\u00f3n Nacional de Sistemas y Estad\u00edsticas de Empleo P\u00fablico y Pol\u00edtica Salarial pay board, makes it clear that this pay scale covers the Cabinet chief, all ministers and the senior government authorities across various positions (Decrees 838\/94, 1716\/92 and 140\/07), i.e. secretaries, undersecretaries and officials of equivalent rank.\u00a0<\/p>\n<p>The updating of salaries was the direct consequence of Decree 931\/2025, signed by President Javier Milei on the last day of last year, which transferred to the government helm the increases agreed in the state collective bargaining of 2024 and 2025.\u00a0<\/p>\n<p>President Milei and his Vice-President Victoria Villarruel are excluded from this norm with their salaries still frozen.<\/p>\n<p>Prior to that decision, the salaries of senior officials, including Adorni, remained at the levels fixed under Decree 235\/2024, frozen with reference to December 2023. Up until last January, Adorni and the other ministers earned 3.5 million pesos. The application of these accumulated increases implied a significant recovery which, measured in nominal terms, has doubled the earnings of the political helm in little more than a year.<\/p>\n<p>The pay hike arrives with Adorni and his personal finances under intense court and media pressure. The first focus of this conflict was registered last February 15 when the evolution of his assets was publicly questioned. From that point different lines of investigation have been opened up, covering the acquisition of property, inconsistencies between his declared earnings and spending (including credit cards) and possible conflicts of interest derived from his state role.<\/p>\n<p>Among the most relevant files is one case linked to the use of official funds for travel, in particular his recent trip to New York, together with his wife Betina Angeletti, who travelled at least one leg of the journey on the presidential plane. The file was finally shelved last week by federal judge Daniel Rafecas after the intervention of prosecutor Ramiro Gonz\u00e1lez, concluding that there were not sufficient elements to sustain a criminal indictment.\u00a0<\/p>\n<p>Nevertheless, other cases continue in a stage of preliminary investigation in different federal courtrooms with requests for information on his property cross-checked against tax data and measures geared to reconstruct the evolution of his assets.<\/p>\n<p>\u00a0<\/p>\n<p><strong>Contrast<\/strong><\/p>\n<p>The evolution of the salaries of senior officials contrasts with the dynamics of the wider economy.\u00a0<\/p>\n<p>The purchasing power of Argentina\u2019s minimum wage workers diminished 39 percent between November 2023 and last March according to the \u201cPanorama of formal wage employment and its remuneration\u201d report of the Instituto Interdisciplinario de Econom\u00eda Pol\u00edtica (IIEP) of the University of Buenos Aires Economics Faculty. Nevertheless, those adjustments remained below the annual inflation rate.<\/p>\n<p>Both public employees and pensioners suffered a marked loss of purchasing power. The estimates coincide with state workers registering falls in real terms of some 30 percent (according to a report of ATE state workers union) while pensions lost out by around 20 percentage points against the rise of prices. The INDEC national statistics bureau further informed that last year formal wages lost over two percent of their real purchasing power against inflation.<\/p>\n<p>Last year the minimum pension lost around 4.6 percent of its purchasing power to inflation, owing to the accompanying bonus of 70,000 pesos being frozen. In contrast, pensions above the minimum remained stable with a marginal improvement of 0.4 percent in what was practically a draw with inflation.<\/p>\n<p>The difference with the earnings of the political helm lies in their incomes being automatically updated with accumulated collective bargaining, a mechanism which other sectors cannot replicate with equal efficacy.<\/p>\n<section class=\"row noticias-relacionadas\">\n<p><h6>related news<\/h6>\n<\/p>\n<\/section>\n<p>\t\t\t\t\t\t\t\t<!-- e-planning v3 - Comienzo espacio _ articulo _ teads --><\/p>\n<p><noscript><a href=\"https:\/\/ads.us.e-planning.net\/ei\/3\/212f2\/articulo\/teads?it=i&amp;rnd=$RANDOM\" target=\"_blank\"><img loading=\"lazy\" decoding=\"async\" width=\"1\" height=\"1\" alt=\"e-planning ad\" src=\"https:\/\/ads.us.e-planning.net\/eb\/3\/212f2\/articulo\/teads?o=i&amp;rnd=$RANDOM\" border=\"0\"\/><\/a><\/noscript><br \/>\n<!-- e-planning v3 - Fin espacio _ articulo _ teads --><\/p><\/div>\n<p><script>(function(d, s, id) {\n\t\tvar js, fjs = d.getElementsByTagName(s)[0];\n\t\tif (d.getElementById(id)) return;\n\t\tjs = d.createElement(s); js.id = id;\n\t\tjs.src=\"https:\/\/connect.facebook.net\/es_LA\/sdk.js#xfbml=1&version=v3.1\";\n\t\tfjs.parentNode.insertBefore(js, fjs);\n\t}(document, 'script', 'facebook-jssdk'));<\/script><\/p>\n","protected":false},"excerpt":{"rendered":"<p>Cabinet Chief Manuel Adorni and his fellow Cabinet ministers are now picking up a gross monthly paycheque of 7,272,091 pesos (around US$5,210), thanks to a decree signed by President Javier Milei. The data emerges from an government report, which Perfil accessed via a request filed under Law 27,275 (Access to Public Information), which details that [&hellip;]<\/p>\n","protected":false},"author":2,"featured_media":193887,"comment_status":"closed","ping_status":"closed","sticky":false,"template":"","format":"standard","meta":{"footnotes":""},"categories":[25],"tags":[],"class_list":["post-193886","post","type-post","status-publish","format-standard","has-post-thumbnail","hentry","category-nacionales"],"yoast_head":"<!-- This site is optimized with the Yoast SEO plugin v24.4 - https:\/\/yoast.com\/wordpress\/plugins\/seo\/ -->\n<title>Milei doubles pay for Cabinet ministers via presidential decree - GYS NOTICIAS |<\/title>\n<meta name=\"robots\" content=\"index, follow, max-snippet:-1, max-image-preview:large, max-video-preview:-1\" \/>\n<link rel=\"canonical\" href=\"https:\/\/gysfm.com.ar\/inicio\/milei-doubles-pay-for-cabinet-ministers-via-presidential-decree\/\" \/>\n<meta property=\"og:locale\" content=\"es_ES\" \/>\n<meta property=\"og:type\" content=\"article\" \/>\n<meta property=\"og:title\" content=\"Milei doubles pay for Cabinet ministers via presidential decree - GYS NOTICIAS |\" \/>\n<meta property=\"og:description\" content=\"Cabinet Chief Manuel Adorni and his fellow Cabinet ministers are now picking up a gross monthly paycheque of 7,272,091 pesos (around US$5,210), thanks to a decree signed by President Javier Milei. The data emerges from an government report, which Perfil accessed via a request filed under Law 27,275 (Access to Public Information), which details that [&hellip;]\" \/>\n<meta property=\"og:url\" content=\"https:\/\/gysfm.com.ar\/inicio\/milei-doubles-pay-for-cabinet-ministers-via-presidential-decree\/\" \/>\n<meta property=\"og:site_name\" content=\"GYS NOTICIAS |\" \/>\n<meta property=\"article:published_time\" content=\"2026-04-30T14:39:05+00:00\" \/>\n<meta property=\"og:image\" content=\"https:\/\/ads.us.e-planning.net\/eb\/3\/212f2\/articulo\/teads?o=i&amp;rnd=$RANDOM\" \/>\n<meta name=\"author\" content=\"Prensa G&amp;S FM\" \/>\n<meta name=\"twitter:card\" content=\"summary_large_image\" \/>\n<meta name=\"twitter:label1\" content=\"Escrito por\" \/>\n\t<meta name=\"twitter:data1\" content=\"Prensa G&amp;S FM\" \/>\n\t<meta name=\"twitter:label2\" content=\"Tiempo de lectura\" \/>\n\t<meta name=\"twitter:data2\" content=\"3 minutos\" \/>\n<script type=\"application\/ld+json\" class=\"yoast-schema-graph\">{\"@context\":\"https:\/\/schema.org\",\"@graph\":[{\"@type\":\"Article\",\"@id\":\"https:\/\/gysfm.com.ar\/inicio\/milei-doubles-pay-for-cabinet-ministers-via-presidential-decree\/#article\",\"isPartOf\":{\"@id\":\"https:\/\/gysfm.com.ar\/inicio\/milei-doubles-pay-for-cabinet-ministers-via-presidential-decree\/\"},\"author\":{\"name\":\"Prensa G&amp;S FM\",\"@id\":\"https:\/\/gysfm.com.ar\/inicio\/#\/schema\/person\/3abba7593ef2ad19e1be221d54383dc5\"},\"headline\":\"Milei doubles pay for Cabinet ministers via presidential decree\",\"datePublished\":\"2026-04-30T14:39:05+00:00\",\"mainEntityOfPage\":{\"@id\":\"https:\/\/gysfm.com.ar\/inicio\/milei-doubles-pay-for-cabinet-ministers-via-presidential-decree\/\"},\"wordCount\":661,\"publisher\":{\"@id\":\"https:\/\/gysfm.com.ar\/inicio\/#organization\"},\"image\":{\"@id\":\"https:\/\/gysfm.com.ar\/inicio\/milei-doubles-pay-for-cabinet-ministers-via-presidential-decree\/#primaryimage\"},\"thumbnailUrl\":\"https:\/\/gysfm.com.ar\/inicio\/wp-content\/uploads\/2026\/04\/president-javier-milei-and-his-cabinet-2229355.jpg\",\"articleSection\":[\"NACIONALES\"],\"inLanguage\":\"es\"},{\"@type\":\"WebPage\",\"@id\":\"https:\/\/gysfm.com.ar\/inicio\/milei-doubles-pay-for-cabinet-ministers-via-presidential-decree\/\",\"url\":\"https:\/\/gysfm.com.ar\/inicio\/milei-doubles-pay-for-cabinet-ministers-via-presidential-decree\/\",\"name\":\"Milei doubles pay for Cabinet ministers via presidential decree - GYS NOTICIAS |\",\"isPartOf\":{\"@id\":\"https:\/\/gysfm.com.ar\/inicio\/#website\"},\"primaryImageOfPage\":{\"@id\":\"https:\/\/gysfm.com.ar\/inicio\/milei-doubles-pay-for-cabinet-ministers-via-presidential-decree\/#primaryimage\"},\"image\":{\"@id\":\"https:\/\/gysfm.com.ar\/inicio\/milei-doubles-pay-for-cabinet-ministers-via-presidential-decree\/#primaryimage\"},\"thumbnailUrl\":\"https:\/\/gysfm.com.ar\/inicio\/wp-content\/uploads\/2026\/04\/president-javier-milei-and-his-cabinet-2229355.jpg\",\"datePublished\":\"2026-04-30T14:39:05+00:00\",\"breadcrumb\":{\"@id\":\"https:\/\/gysfm.com.ar\/inicio\/milei-doubles-pay-for-cabinet-ministers-via-presidential-decree\/#breadcrumb\"},\"inLanguage\":\"es\",\"potentialAction\":[{\"@type\":\"ReadAction\",\"target\":[\"https:\/\/gysfm.com.ar\/inicio\/milei-doubles-pay-for-cabinet-ministers-via-presidential-decree\/\"]}]},{\"@type\":\"ImageObject\",\"inLanguage\":\"es\",\"@id\":\"https:\/\/gysfm.com.ar\/inicio\/milei-doubles-pay-for-cabinet-ministers-via-presidential-decree\/#primaryimage\",\"url\":\"https:\/\/gysfm.com.ar\/inicio\/wp-content\/uploads\/2026\/04\/president-javier-milei-and-his-cabinet-2229355.jpg\",\"contentUrl\":\"https:\/\/gysfm.com.ar\/inicio\/wp-content\/uploads\/2026\/04\/president-javier-milei-and-his-cabinet-2229355.jpg\",\"width\":1140,\"height\":641},{\"@type\":\"BreadcrumbList\",\"@id\":\"https:\/\/gysfm.com.ar\/inicio\/milei-doubles-pay-for-cabinet-ministers-via-presidential-decree\/#breadcrumb\",\"itemListElement\":[{\"@type\":\"ListItem\",\"position\":1,\"name\":\"Portada\",\"item\":\"https:\/\/gysfm.com.ar\/inicio\/\"},{\"@type\":\"ListItem\",\"position\":2,\"name\":\"Milei doubles pay for Cabinet ministers via presidential decree\"}]},{\"@type\":\"WebSite\",\"@id\":\"https:\/\/gysfm.com.ar\/inicio\/#website\",\"url\":\"https:\/\/gysfm.com.ar\/inicio\/\",\"name\":\"GYS NOTICIAS |\",\"description\":\"DIARIO - RADIO ONLINE SAN JUAN ARGENTINA\",\"publisher\":{\"@id\":\"https:\/\/gysfm.com.ar\/inicio\/#organization\"},\"potentialAction\":[{\"@type\":\"SearchAction\",\"target\":{\"@type\":\"EntryPoint\",\"urlTemplate\":\"https:\/\/gysfm.com.ar\/inicio\/?s={search_term_string}\"},\"query-input\":{\"@type\":\"PropertyValueSpecification\",\"valueRequired\":true,\"valueName\":\"search_term_string\"}}],\"inLanguage\":\"es\"},{\"@type\":\"Organization\",\"@id\":\"https:\/\/gysfm.com.ar\/inicio\/#organization\",\"name\":\"GYS NOTICIAS |\",\"url\":\"https:\/\/gysfm.com.ar\/inicio\/\",\"logo\":{\"@type\":\"ImageObject\",\"inLanguage\":\"es\",\"@id\":\"https:\/\/gysfm.com.ar\/inicio\/#\/schema\/logo\/image\/\",\"url\":\"https:\/\/gysfm.com.ar\/inicio\/wp-content\/uploads\/2023\/07\/LOGOGYS-OK.png\",\"contentUrl\":\"https:\/\/gysfm.com.ar\/inicio\/wp-content\/uploads\/2023\/07\/LOGOGYS-OK.png\",\"width\":1170,\"height\":872,\"caption\":\"GYS NOTICIAS |\"},\"image\":{\"@id\":\"https:\/\/gysfm.com.ar\/inicio\/#\/schema\/logo\/image\/\"}},{\"@type\":\"Person\",\"@id\":\"https:\/\/gysfm.com.ar\/inicio\/#\/schema\/person\/3abba7593ef2ad19e1be221d54383dc5\",\"name\":\"Prensa G&amp;S FM\",\"image\":{\"@type\":\"ImageObject\",\"inLanguage\":\"es\",\"@id\":\"https:\/\/gysfm.com.ar\/inicio\/#\/schema\/person\/image\/\",\"url\":\"https:\/\/secure.gravatar.com\/avatar\/096ec78df02049ab018702bb4ccedf659377fa92a26540b5247612077a0dbd29?s=96&d=mm&r=g\",\"contentUrl\":\"https:\/\/secure.gravatar.com\/avatar\/096ec78df02049ab018702bb4ccedf659377fa92a26540b5247612077a0dbd29?s=96&d=mm&r=g\",\"caption\":\"Prensa G&amp;S FM\"},\"sameAs\":[\"https:\/\/gysfm.com.ar\/\"],\"url\":\"https:\/\/gysfm.com.ar\/inicio\/author\/lucasm\/\"}]}<\/script>\n<!-- \/ Yoast SEO plugin. -->","yoast_head_json":{"title":"Milei doubles pay for Cabinet ministers via presidential decree - GYS NOTICIAS |","robots":{"index":"index","follow":"follow","max-snippet":"max-snippet:-1","max-image-preview":"max-image-preview:large","max-video-preview":"max-video-preview:-1"},"canonical":"https:\/\/gysfm.com.ar\/inicio\/milei-doubles-pay-for-cabinet-ministers-via-presidential-decree\/","og_locale":"es_ES","og_type":"article","og_title":"Milei doubles pay for Cabinet ministers via presidential decree - GYS NOTICIAS |","og_description":"Cabinet Chief Manuel Adorni and his fellow Cabinet ministers are now picking up a gross monthly paycheque of 7,272,091 pesos (around US$5,210), thanks to a decree signed by President Javier Milei. The data emerges from an government report, which Perfil accessed via a request filed under Law 27,275 (Access to Public Information), which details that [&hellip;]","og_url":"https:\/\/gysfm.com.ar\/inicio\/milei-doubles-pay-for-cabinet-ministers-via-presidential-decree\/","og_site_name":"GYS NOTICIAS |","article_published_time":"2026-04-30T14:39:05+00:00","og_image":[{"url":"https:\/\/ads.us.e-planning.net\/eb\/3\/212f2\/articulo\/teads?o=i&amp;rnd=$RANDOM","type":"","width":"","height":""}],"author":"Prensa G&amp;S FM","twitter_card":"summary_large_image","twitter_misc":{"Escrito por":"Prensa G&amp;S FM","Tiempo de lectura":"3 minutos"},"schema":{"@context":"https:\/\/schema.org","@graph":[{"@type":"Article","@id":"https:\/\/gysfm.com.ar\/inicio\/milei-doubles-pay-for-cabinet-ministers-via-presidential-decree\/#article","isPartOf":{"@id":"https:\/\/gysfm.com.ar\/inicio\/milei-doubles-pay-for-cabinet-ministers-via-presidential-decree\/"},"author":{"name":"Prensa G&amp;S FM","@id":"https:\/\/gysfm.com.ar\/inicio\/#\/schema\/person\/3abba7593ef2ad19e1be221d54383dc5"},"headline":"Milei doubles pay for Cabinet ministers via presidential decree","datePublished":"2026-04-30T14:39:05+00:00","mainEntityOfPage":{"@id":"https:\/\/gysfm.com.ar\/inicio\/milei-doubles-pay-for-cabinet-ministers-via-presidential-decree\/"},"wordCount":661,"publisher":{"@id":"https:\/\/gysfm.com.ar\/inicio\/#organization"},"image":{"@id":"https:\/\/gysfm.com.ar\/inicio\/milei-doubles-pay-for-cabinet-ministers-via-presidential-decree\/#primaryimage"},"thumbnailUrl":"https:\/\/gysfm.com.ar\/inicio\/wp-content\/uploads\/2026\/04\/president-javier-milei-and-his-cabinet-2229355.jpg","articleSection":["NACIONALES"],"inLanguage":"es"},{"@type":"WebPage","@id":"https:\/\/gysfm.com.ar\/inicio\/milei-doubles-pay-for-cabinet-ministers-via-presidential-decree\/","url":"https:\/\/gysfm.com.ar\/inicio\/milei-doubles-pay-for-cabinet-ministers-via-presidential-decree\/","name":"Milei doubles pay for Cabinet ministers via presidential decree - GYS NOTICIAS |","isPartOf":{"@id":"https:\/\/gysfm.com.ar\/inicio\/#website"},"primaryImageOfPage":{"@id":"https:\/\/gysfm.com.ar\/inicio\/milei-doubles-pay-for-cabinet-ministers-via-presidential-decree\/#primaryimage"},"image":{"@id":"https:\/\/gysfm.com.ar\/inicio\/milei-doubles-pay-for-cabinet-ministers-via-presidential-decree\/#primaryimage"},"thumbnailUrl":"https:\/\/gysfm.com.ar\/inicio\/wp-content\/uploads\/2026\/04\/president-javier-milei-and-his-cabinet-2229355.jpg","datePublished":"2026-04-30T14:39:05+00:00","breadcrumb":{"@id":"https:\/\/gysfm.com.ar\/inicio\/milei-doubles-pay-for-cabinet-ministers-via-presidential-decree\/#breadcrumb"},"inLanguage":"es","potentialAction":[{"@type":"ReadAction","target":["https:\/\/gysfm.com.ar\/inicio\/milei-doubles-pay-for-cabinet-ministers-via-presidential-decree\/"]}]},{"@type":"ImageObject","inLanguage":"es","@id":"https:\/\/gysfm.com.ar\/inicio\/milei-doubles-pay-for-cabinet-ministers-via-presidential-decree\/#primaryimage","url":"https:\/\/gysfm.com.ar\/inicio\/wp-content\/uploads\/2026\/04\/president-javier-milei-and-his-cabinet-2229355.jpg","contentUrl":"https:\/\/gysfm.com.ar\/inicio\/wp-content\/uploads\/2026\/04\/president-javier-milei-and-his-cabinet-2229355.jpg","width":1140,"height":641},{"@type":"BreadcrumbList","@id":"https:\/\/gysfm.com.ar\/inicio\/milei-doubles-pay-for-cabinet-ministers-via-presidential-decree\/#breadcrumb","itemListElement":[{"@type":"ListItem","position":1,"name":"Portada","item":"https:\/\/gysfm.com.ar\/inicio\/"},{"@type":"ListItem","position":2,"name":"Milei doubles pay for Cabinet ministers via presidential decree"}]},{"@type":"WebSite","@id":"https:\/\/gysfm.com.ar\/inicio\/#website","url":"https:\/\/gysfm.com.ar\/inicio\/","name":"GYS NOTICIAS |","description":"DIARIO - RADIO ONLINE SAN JUAN ARGENTINA","publisher":{"@id":"https:\/\/gysfm.com.ar\/inicio\/#organization"},"potentialAction":[{"@type":"SearchAction","target":{"@type":"EntryPoint","urlTemplate":"https:\/\/gysfm.com.ar\/inicio\/?s={search_term_string}"},"query-input":{"@type":"PropertyValueSpecification","valueRequired":true,"valueName":"search_term_string"}}],"inLanguage":"es"},{"@type":"Organization","@id":"https:\/\/gysfm.com.ar\/inicio\/#organization","name":"GYS NOTICIAS |","url":"https:\/\/gysfm.com.ar\/inicio\/","logo":{"@type":"ImageObject","inLanguage":"es","@id":"https:\/\/gysfm.com.ar\/inicio\/#\/schema\/logo\/image\/","url":"https:\/\/gysfm.com.ar\/inicio\/wp-content\/uploads\/2023\/07\/LOGOGYS-OK.png","contentUrl":"https:\/\/gysfm.com.ar\/inicio\/wp-content\/uploads\/2023\/07\/LOGOGYS-OK.png","width":1170,"height":872,"caption":"GYS NOTICIAS |"},"image":{"@id":"https:\/\/gysfm.com.ar\/inicio\/#\/schema\/logo\/image\/"}},{"@type":"Person","@id":"https:\/\/gysfm.com.ar\/inicio\/#\/schema\/person\/3abba7593ef2ad19e1be221d54383dc5","name":"Prensa G&amp;S FM","image":{"@type":"ImageObject","inLanguage":"es","@id":"https:\/\/gysfm.com.ar\/inicio\/#\/schema\/person\/image\/","url":"https:\/\/secure.gravatar.com\/avatar\/096ec78df02049ab018702bb4ccedf659377fa92a26540b5247612077a0dbd29?s=96&d=mm&r=g","contentUrl":"https:\/\/secure.gravatar.com\/avatar\/096ec78df02049ab018702bb4ccedf659377fa92a26540b5247612077a0dbd29?s=96&d=mm&r=g","caption":"Prensa G&amp;S FM"},"sameAs":["https:\/\/gysfm.com.ar\/"],"url":"https:\/\/gysfm.com.ar\/inicio\/author\/lucasm\/"}]}},"_links":{"self":[{"href":"https:\/\/gysfm.com.ar\/inicio\/wp-json\/wp\/v2\/posts\/193886","targetHints":{"allow":["GET"]}}],"collection":[{"href":"https:\/\/gysfm.com.ar\/inicio\/wp-json\/wp\/v2\/posts"}],"about":[{"href":"https:\/\/gysfm.com.ar\/inicio\/wp-json\/wp\/v2\/types\/post"}],"author":[{"embeddable":true,"href":"https:\/\/gysfm.com.ar\/inicio\/wp-json\/wp\/v2\/users\/2"}],"replies":[{"embeddable":true,"href":"https:\/\/gysfm.com.ar\/inicio\/wp-json\/wp\/v2\/comments?post=193886"}],"version-history":[{"count":0,"href":"https:\/\/gysfm.com.ar\/inicio\/wp-json\/wp\/v2\/posts\/193886\/revisions"}],"wp:featuredmedia":[{"embeddable":true,"href":"https:\/\/gysfm.com.ar\/inicio\/wp-json\/wp\/v2\/media\/193887"}],"wp:attachment":[{"href":"https:\/\/gysfm.com.ar\/inicio\/wp-json\/wp\/v2\/media?parent=193886"}],"wp:term":[{"taxonomy":"category","embeddable":true,"href":"https:\/\/gysfm.com.ar\/inicio\/wp-json\/wp\/v2\/categories?post=193886"},{"taxonomy":"post_tag","embeddable":true,"href":"https:\/\/gysfm.com.ar\/inicio\/wp-json\/wp\/v2\/tags?post=193886"}],"curies":[{"name":"wp","href":"https:\/\/api.w.org\/{rel}","templated":true}]}}